{"id":1200,"date":"2020-04-25T16:30:51","date_gmt":"2020-04-25T19:30:51","guid":{"rendered":"http:\/\/radames.manosso.nom.br\/ambiental\/?p=1200"},"modified":"2025-10-07T15:01:59","modified_gmt":"2025-10-07T18:01:59","slug":"ecologico-e","status":"publish","type":"post","link":"https:\/\/radames.manosso.nom.br\/ambiental\/comportamento\/ecologico-e\/","title":{"rendered":"Ecol\u00f3gico \u00e9 &#8230;"},"content":{"rendered":"\n<p>Algumas ideias ecol\u00f3gicas poderosas.<\/p>\n\n\n\n<h2 class=\"wp-block-heading\">Comprar na banca e trocar no sebo<\/h2>\n\n\n\n<p>Certa vez meu filho Ot\u00e1vio me perguntou se eu conhecia um sebo, pois ouviu dizer que l\u00e1 encontraria mang\u00e1s por um precinho bom. Satisfeito pensei: Esse garoto est\u00e1 me saindo melhor que a encomenda. Fomos ao sebo e descobrimos que eles fazem trocas 2 por 1. Voc\u00ea leva duas revistas lidas e volta com uma que ainda n\u00e3o leu. Propus ent\u00e3o um probleminha bibliomatem\u00e1tico para o Ot\u00e1vio.<br> O sebo faz trocas na propor\u00e7\u00e3o 2 por 1. Otavinho tem 100 gibis lidos. Quantos gibis poder\u00e1 ler se frequentar o sebo?<br> Frequentar o sebo \u00e9 uma a\u00e7\u00e3o ecol\u00f3gica. Voc\u00ea l\u00ea mais gastando menos e permite que um bem cultural seja usado por mais pessoas. A ind\u00fastria da cultura n\u00e3o sai prejudicada porque o sebo depende da publica\u00e7\u00e3o de livros novos para girar o seu neg\u00f3cio. O leitor consciente frequenta tanto a livraria como o sebo. Na livraria ele vai buscar o livro novo que passar\u00e1 adiante no sebo depois que a obra cumpriu sua fun\u00e7\u00e3o que \u00e9 fertilizar a cabe\u00e7a do leitor.<\/p>\n\n\n\n<p>Repare que h\u00e1 uma diferen\u00e7a fundamental de comportamento entre o leitor que coloca o livro na estante e o que vai ao sebo fazer trocas. O primeiro fica com um estoque de livros sempre \u00e0 m\u00e3o, mas ler\u00e1 menos com seu dimdim. O que vai ao sebo n\u00e3o ter\u00e1 estoque de livros em casa, mas poder\u00e1 ler bem mais com o mesmo investimento. E a\u00ed vem a pergunta: o que \u00e9 melhor? Livros na estante ou livros na cabe\u00e7a? Quem n\u00e3o tem problema com dinheiro vai dizer que prefere o bem \u2018virgem\u2019 na estante e, talvez, na cabe\u00e7a. Quem se preocupa com o meio ambiente e n\u00e3o v\u00ea problema em ler um livro que j\u00e1 passou por outra m\u00e3o n\u00e3o vai se deixar seduzir pelo milenar e gen\u00e9tico impulso da acumula\u00e7\u00e3o. Ali\u00e1s, o passo seguinte dessa escalada ecol\u00f3gica \u00e9 aderir \u00e0 leitura on-line.<\/p>\n\n\n\n<p>Resolu\u00e7\u00e3o do problema bibliomatem\u00e1tico<\/p>\n\n\n\n<ul class=\"wp-block-list\">\n<li>Voc\u00ea vai ao sebo com 100 gibis e volta com 50.<\/li>\n\n\n\n<li>Vai ao sebo com 50 e retorna com 25 gibis.<\/li>\n\n\n\n<li>Vai ao sebo com 24 e retorna com 12.<\/li>\n\n\n\n<li>Vai com 12 e volta com 6.<\/li>\n\n\n\n<li>Vai com seis e volta com 3.<\/li>\n\n\n\n<li>Vai com 4 e volta com 2.<\/li>\n\n\n\n<li>Vai com 2 e volta com 1.<\/li>\n<\/ul>\n\n\n\n<p> Conclus\u00e3o: no final das idas e vindas voc\u00ea ter\u00e1 lido 199 gibis e ainda ter\u00e1 um na m\u00e3o.<\/p>\n\n\n\n<h2 class=\"wp-block-heading\">Demolir viadutos<\/h2>\n\n\n\n<p>A Prefeitura de S\u00e3o Paulo decidiu demolir o viaduto Di\u00e1rio Popular de 540 m localizado na regi\u00e3o central de S\u00e3o Paulo. O viaduto vai ao ch\u00e3o porque outras obras absorveram o fluxo de ve\u00edculos que passava por ele transformando-o em um Belo Ant\u00f4nio. A prefeitura considera que a \u00e1rea no entorno do viaduto vai se valorizar com a sua demoli\u00e7\u00e3o. No seu lugar ser\u00e1 implantado um parque.<\/p>\n\n\n\n<p>A not\u00edcia boa \u00e9 que um viaduto vai desaparecer, a ruim \u00e9 que ele ser\u00e1 desativado porque obras de maior porte absorveram a sua fun\u00e7\u00e3o. Recursos foram gastos para ergue-lo e mais recursos ser\u00e3o consumidos para destru\u00ed-lo enquanto o problema do tr\u00e2nsito em S\u00e3o Paulo continua.<\/p>\n\n\n\n<p>Quem dera muitos viadutos fossem ao ch\u00e3o por falta de uso. Ouso dizer que o dia mais ecol\u00f3gico de S\u00e3o Paulo vai acontecer quando o Minhoc\u00e3o com seus 3 km de extens\u00e3o for dinamitado. Mas para isso acontecer \u00e9 preciso torn\u00e1-lo in\u00fatil. Conseguiremos fazer isso? Chegar\u00e1 o dia em que n\u00e3o precisaremos mais de viadutos? No lugar de viadutos, parques, no lugar do asfalto, grama. Esse \u00e9 o novo progresso.<\/p>\n\n\n\n<figure class=\"wp-block-image size-large\"><img data-recalc-dims=\"1\" loading=\"lazy\" decoding=\"async\" width=\"480\" height=\"360\" src=\"https:\/\/i0.wp.com\/radames.manosso.nom.br\/ambiental\/files\/viaduto-diario-popular.jpg?resize=480%2C360&#038;ssl=1\" alt=\"\" class=\"wp-image-492\" srcset=\"https:\/\/i0.wp.com\/radames.manosso.nom.br\/ambiental\/files\/viaduto-diario-popular.jpg?w=480&amp;ssl=1 480w, https:\/\/i0.wp.com\/radames.manosso.nom.br\/ambiental\/files\/viaduto-diario-popular.jpg?resize=300%2C225&amp;ssl=1 300w, https:\/\/i0.wp.com\/radames.manosso.nom.br\/ambiental\/files\/viaduto-diario-popular.jpg?resize=150%2C112&amp;ssl=1 150w\" sizes=\"auto, (max-width: 480px) 100vw, 480px\" \/><\/figure>\n\n\n\n<h2 class=\"wp-block-heading\">Padronizar<\/h2>\n\n\n\n<p>O carregador do meu notebook foi para o espa\u00e7o e eu sai atr\u00e1s de um novo. A primeira pergunta que lhe fazem antes de vender esse acess\u00f3rio \u00e9: Qual \u00e9 a marca e modelo do seu notebook? Como assim? \u00c9 um simples carregador. Pois \u00e9, mas a voltagem de sa\u00edda pode ser 12, 14, 16, 19, 20, 22 ou 24V e cada notebook exige um plug diferente. Durante minha pesquisa, fiquei sabendo que existem os carregadores universais. Eles vem com um seletor para ajuste da voltagem de sa\u00edda, al\u00e9m de um pente de plugs intercamb\u00e1veis. Com sorte, seu notebook vai se enquadrar em uma das combina\u00e7\u00f5es poss\u00edveis do carregador universal.<\/p>\n\n\n\n<p>O carregador universal \u00e9 um aparelho mais complexo do que os modelos espec\u00edficos e, pela l\u00f3gica, deveria custar mais caro. Na pr\u00e1tica, o pre\u00e7o do carregador universal \u00e9 um ter\u00e7o do cobrado por carregadores dedicados. \u00c9 a lei da oferta e da procura em a\u00e7\u00e3o, obviamente. Apesar de mais complexo, o carregador universal tem maior rota\u00e7\u00e3o de estoque, menos varia\u00e7\u00f5es na linha de montagem, etc. S\u00f3 isso j\u00e1 bastaria para provar que o carregador universal \u00e9 mais ecol\u00f3gico que os dedicados, mas pensando al\u00e9m, o ideal mesmo seria a padroniza\u00e7\u00e3o. Por que os fabricantes n\u00e3o pode produzir todos os notebooks com a mesma voltagem ou, pelo menos, com o mesmo plug?<\/p>\n\n\n\n<p>A padroniza\u00e7\u00e3o dos carregadores j\u00e1 foi conseguida na ind\u00fastria de celulares. As pessoas podem trocar de celular e continuar usando o mesmo carregador. Isso evita o descarte de milhares de toneladas de carregadores que s\u00e3o jogados fora em boas condi\u00e7\u00f5es de uso. Fica a\u00ed o exemplo para a ind\u00fastria da Inform\u00e1tica. Em muitos casos, a intercambiabilidade de pe\u00e7as j\u00e1 foi alcan\u00e7ada. Os estabilizadores de tens\u00e3o para computadores dektop, por exemplo, s\u00e3o universais h\u00e1 muito tempo. Voc\u00ea compra um estabilizador de tens\u00e3o pela pot\u00eancia e n\u00e3o para uma marca espec\u00edfica de computador.<\/p>\n\n\n\n<p>O carregador universal de notebook de hoje bem que poderia ser substitu\u00eddo por um carregador realmente universal. Uma s\u00f3 tens\u00e3o de sa\u00edda e um s\u00f3 tipo de plug. Esse carregador seria mais barato do que todos os modelos fabricados hoje em dia gra\u00e7as aos ganhos de escala. Pensando bem, n\u00e3o \u00e9 s\u00f3 o carregador que poderia ser padronizado. Ele apenas alimenta a bateria e essa \u00e9 a parte de maior impacto ambiental de um notebook. Qualquer iniciativa que aumente a vida \u00fatil da bateria \u00e9 muito bem-vinda para o meio ambiente.<\/p>\n\n\n\n<figure class=\"wp-block-image size-large\"><img data-recalc-dims=\"1\" loading=\"lazy\" decoding=\"async\" width=\"500\" height=\"527\" src=\"https:\/\/i0.wp.com\/radames.manosso.nom.br\/ambiental\/files\/carregador-notebook-universal.jpg?resize=500%2C527&#038;ssl=1\" alt=\"\" class=\"wp-image-636\" srcset=\"https:\/\/i0.wp.com\/radames.manosso.nom.br\/ambiental\/files\/carregador-notebook-universal.jpg?w=500&amp;ssl=1 500w, https:\/\/i0.wp.com\/radames.manosso.nom.br\/ambiental\/files\/carregador-notebook-universal.jpg?resize=284%2C300&amp;ssl=1 284w, https:\/\/i0.wp.com\/radames.manosso.nom.br\/ambiental\/files\/carregador-notebook-universal.jpg?resize=142%2C150&amp;ssl=1 142w\" sizes=\"auto, (max-width: 500px) 100vw, 500px\" \/><\/figure>\n\n\n\n<h2 class=\"wp-block-heading\">Doar<\/h2>\n\n\n\n<p>Muitas pessoas exageram no consumo durante o Natal, mas tamb\u00e9m \u00e9 nessa \u00e9poca que ficamos mais propensos \u00e0 generosidade, o que \u00e9 bom para o meio ambiente. A dica ecol\u00f3gica natalina \u00e9 doar na mesma propor\u00e7\u00e3o que consumir. Doar \u00e9 fraterno e ajuda o meio ambiente de v\u00e1rias formas. A doa\u00e7\u00e3o amplia a vida \u00fatil de bens, evita o descarte antecipado e a armazenagem por longos per\u00edodos de coisas que poderiam ser \u00fateis nas m\u00e3os das pessoas certas. Para que a doa\u00e7\u00e3o seja realmente ecol\u00f3gica, por\u00e9m, \u00e9 preciso levar em conta algumas boas pr\u00e1ticas, tais como:<\/p>\n\n\n\n<p><strong>Vida \u00fatil<\/strong>. O bem doado deve estar em boas condi\u00e7\u00f5es de uso e com uma razo\u00e1vel vida \u00fatil pela frente. N\u00e3o adianta doar o que j\u00e1 era. Nesse caso, envie voc\u00ea mesmo o bem para a reciclagem ou o restaure antes de doar. Siga o exemplo das pessoas que consertam voluntariamente brinquedos velhos doados para que tragam alegria a quem os recebe em vez de frustra\u00e7\u00e3o.<\/p>\n\n\n\n<p><strong>Baixa efici\u00eancia<\/strong>. Uma geladeira velha e mal conservada provavelmente tem consumo alto de energia. Quem receber esse aparelho vai gastar muito na conta de luz e pensando no meio ambiente seria melhor tirar definitivamente o trambolho de circula\u00e7\u00e3o.<\/p>\n\n\n\n<p><strong>Transfer\u00eancia de mico<\/strong>. A ind\u00fastria est\u00e1 sempre produzindo bens de utilidade duvidosa. Obviamente, bens desse tipo n\u00e3o deveriam ser adquiridos, mas se voc\u00ea embarcou nessa furada antes de do\u00e1-los, confira se o presente vai ser \u00fatil ao presenteado, caso contr\u00e1rio, voc\u00ea est\u00e1 apenas passando o mico adiante.<\/p>\n\n\n\n<p>Se voc\u00ea preferir, pode vender o que j\u00e1 n\u00e3o tem utilidade na sua vida em vez de doar. De qualquer maneira o meio ambiente ser\u00e1 beneficiado e voc\u00ea vai ajudar algu\u00e9m, que comprar\u00e1 o bem por um valor baixo. S\u00f3 n\u00e3o seja avaro, pois \u00e9 tempo de Natal.<\/p>\n\n\n\n<h2 class=\"wp-block-heading\">Aparelho multifuncional<\/h2>\n\n\n\n<p>Comprar um aparelho com tr\u00eas fun\u00e7\u00f5es \u00e9 mais ecol\u00f3gico do que comprar tr\u00eas aparelhos mono fun\u00e7\u00e3o. Menos mat\u00e9ria prima \u00e9 utilizada, menos energia \u00e9 gasta na fabrica\u00e7\u00e3o, menos embalagens, menos espa\u00e7o para guard\u00e1-los, etc. Geralmente, o aparelho multifuncional \u00e9 mais barato do que o conjunto de aparelhos mono funcionais que ele substitui. Por isso, seja ecol\u00f3gico e economize dinheiro. O aparelho multifuncional s\u00f3 deixa de ser interessantes se voc\u00ea for um usu\u00e1rio avan\u00e7ado dos recursos que ele traz.  Se voc\u00ea tira fotos profissionais \u00e9 claro que n\u00e3o vai ficar satisfeito com a c\u00e2mera de um celular. Mas se voc\u00ea utiliza os recursos do aparelho em n\u00edvel b\u00e1sico, n\u00e3o tem problema. Quando for \u00e0s compras, pense em alguns desses dispositivos multifuncionais:<\/p>\n\n\n\n<p><strong>Home theather.<\/strong> Amplifica o som e toca r\u00e1dio, CD, DVD, MP3, al\u00e9m de se conectar com v\u00e1rios aparelhos como TV, computador ou toca discos.<\/p>\n\n\n\n<p><strong>Impressora multifuncional<\/strong>. \u00c9 impressora, scanner e copiadora. Integrada ao computador, tamb\u00e9m pode ajudar no envio de fax.<\/p>\n\n\n\n<p><strong>Multi processador de alimentos<\/strong>. \u00c9 liquidificador, batedeira, espremedor de frutas e ainda pica e rala.<\/p>\n\n\n\n<p><strong>Smartphone<\/strong>. Al\u00e9m de telefone m\u00f3vel, t\u00eam c\u00e2mera, r\u00e1dio, MP3 player, rel\u00f3gio, d\u00e1 acesso \u00e0 Internet, funciona como computador simples e alguns t\u00eam at\u00e9 GPS.<\/p>\n\n\n\n<p>Para finalizar, lembre do aparelho mega hiper multi funcional chamado computador. Algu\u00e9m j\u00e1 conseguiu listar quantas coisas o computador substitui?<\/p>\n\n\n\n<h2 class=\"wp-block-heading\">Trocar asfalto por grama<\/h2>\n\n\n\n<p>Faz muito tempo que se fala em metr\u00f4 para Curitiba. A cada campanha eleitoral, os candidatos se revezam em promessas sobre a cria\u00e7\u00e3o do metr\u00f4 curitibano. N\u00e3o sei se o metr\u00f4 vai sair um dia ou n\u00e3o, mas o que me chamou a aten\u00e7\u00e3o no \u00faltimo projeto para o metr\u00f4 \u00e9 a grama. Vou explicar: O transporte coletivo de alta capacidade em Curitiba \u00e9 feito em vias exclusivas, aqui chamadas de canaletas do \u00f4nibus expresso. A principal delas corta a cidade de norte a sul. A proposta da atual administra\u00e7\u00e3o \u00e9 construir o metr\u00f4 embaixo dessas vias exclusivas e, dessa forma, a canaleta pode ser desativada. No seu lugar, ser\u00e3o constru\u00eddos jardins e \u00e1reas de conv\u00edvio. <\/p>\n\n\n\n<p>\u00c9 o asfalto cedendo lugar ao verde. As \u00e1reas cortadas pelas canaletas ficar\u00e3o mais agrad\u00e1veis, menos ruidosas, mais valorizadas. Na l\u00f3gica desenvolvimentista, asfalto \u00e9 sagrado, traz status para a cidade e deve aumentar sempre. Nessa escola urbanista, parece sacril\u00e9gio propor a substitui\u00e7\u00e3o de uma rua asfaltada por um jardim. Felizmente, o desenvolvimentismo fara\u00f4nico est\u00e1 cedendo terreno a uma vis\u00e3o mais arejada sobre a qualidade de vida urbana. Espero que nos pr\u00f3ximos anos Curitiba volte a assumir a vanguarda no urbanismo brasileiro e que muito asfalto seja trocado por grama.<\/p>\n\n\n\n<figure class=\"wp-block-image size-large\"><img data-recalc-dims=\"1\" loading=\"lazy\" decoding=\"async\" width=\"328\" height=\"282\" src=\"https:\/\/i0.wp.com\/radames.manosso.nom.br\/ambiental\/files\/metro-curitibano.jpg?resize=328%2C282&#038;ssl=1\" alt=\"\" class=\"wp-image-366\" srcset=\"https:\/\/i0.wp.com\/radames.manosso.nom.br\/ambiental\/files\/metro-curitibano.jpg?w=328&amp;ssl=1 328w, https:\/\/i0.wp.com\/radames.manosso.nom.br\/ambiental\/files\/metro-curitibano.jpg?resize=300%2C257&amp;ssl=1 300w, https:\/\/i0.wp.com\/radames.manosso.nom.br\/ambiental\/files\/metro-curitibano.jpg?resize=150%2C128&amp;ssl=1 150w\" sizes=\"auto, (max-width: 328px) 100vw, 328px\" \/><\/figure>\n\n\n\n<h2 class=\"wp-block-heading\">Plantar esp\u00e9cies nativas<\/h2>\n\n\n\n<p>Eu circulava pelo final da rua Sete de Setembro em Curitiba,\nquando observei uns ara\u00e7\u00e1s ca\u00eddos no ch\u00e3o. Pensei comigo: caraca, n\u00e3o como\nara\u00e7\u00e1 desde quando era crian\u00e7a. Eram ara\u00e7\u00e1s vermelhos de um ara\u00e7azeiro plantado\npela prefeitura. H\u00e1 muitos ara\u00e7azeiros nesse trecho da avenida. Eles est\u00e3o\nainda em forma\u00e7\u00e3o, mas j\u00e1 produzem frutos. Fui me informar e soube que se trata\nde um projeto da prefeitura para a substitui\u00e7\u00e3o gradativa das esp\u00e9cies ex\u00f3ticas\npor plantas nativas da regi\u00e3o.<\/p>\n\n\n\n<p>Desde 2007, os propriet\u00e1rios curitibanos podem derrubar em\nseus terrenos uma \u00e1rvore de esp\u00e9cie ex\u00f3tica como pinus e eucalipto desde que\ncompensem a a\u00e7\u00e3o plantando pelo menos cinco mudas de esp\u00e9cies nativas como\nara\u00e7azeiro, guabirova ou arauc\u00e1ria. Eu li algumas cr\u00edticas ao projeto com as\nquais n\u00e3o concordo. Uma delas alertava sobre o perigo de uma repentina poda\ngeral das \u00e1rvores na cidade. Bem, eu entendi que a substitui\u00e7\u00e3o deve ser\ngradativa. Outra cr\u00edtica mencionava a dificuldade de se definir o que \u00e9 uma\nesp\u00e9cie ex\u00f3tica em meio urbano. Para mim, a ideia \u00e9 bem clara: valorizar as\nesp\u00e9cies nativas pelo benef\u00edcio ambiental que isso representa. As esp\u00e9cies\nnativas s\u00e3o adaptadas ao local e favorecem a prote\u00e7\u00e3o da fauna, entre outras\nvantagens.<\/p>\n\n\n\n<p>Para minha felicidade, esse ano o ara\u00e7azeiro l\u00e1 de casa deu sua primeira safra. Um segundo ara\u00e7azeiro plantado por minha filha no ano passado tamb\u00e9m cresce vi\u00e7oso no quintal, indiferente aos rabugentos cr\u00edticos das esp\u00e9cies nativas.<\/p>\n\n\n\n<figure class=\"wp-block-image size-large\"><img data-recalc-dims=\"1\" loading=\"lazy\" decoding=\"async\" width=\"450\" height=\"300\" src=\"https:\/\/i0.wp.com\/radames.manosso.nom.br\/ambiental\/files\/araca-vermelho.jpg?resize=450%2C300&#038;ssl=1\" alt=\"\" class=\"wp-image-341\" srcset=\"https:\/\/i0.wp.com\/radames.manosso.nom.br\/ambiental\/files\/araca-vermelho.jpg?w=450&amp;ssl=1 450w, https:\/\/i0.wp.com\/radames.manosso.nom.br\/ambiental\/files\/araca-vermelho.jpg?resize=300%2C200&amp;ssl=1 300w, https:\/\/i0.wp.com\/radames.manosso.nom.br\/ambiental\/files\/araca-vermelho.jpg?resize=150%2C100&amp;ssl=1 150w\" sizes=\"auto, (max-width: 450px) 100vw, 450px\" \/><\/figure>\n\n\n\n<h2 class=\"wp-block-heading\">Viver como nossos av\u00f3s<\/h2>\n\n\n\n<p>Costumo dizer que ecol\u00f3gico \u00e9 agir como nossos av\u00f3s. Esses dias, uma colega de trabalho me lan\u00e7ou uma provoca\u00e7\u00e3o bem humorada:<\/p>\n\n\n\n<p>\u2014 Voc\u00ea quer dizer que devo sair por a\u00ed derrubando pinheiros?<\/p>\n\n\n\n<p>De fato, o questionamento dela faz sentido e, por isso, vou esclarecer o que quero dizer quando defendo o estilo de vida de nossos av\u00f3s.<\/p>\n\n\n\n<figure class=\"wp-block-image\"><a href=\"https:\/\/i0.wp.com\/radames.manosso.nom.br\/ambiental\/files\/casa-colonial1.jpg\"><img loading=\"lazy\" decoding=\"async\" width=\"500\" height=\"328\" src=\"https:\/\/i0.wp.com\/radames.manosso.nom.br\/ambiental\/files\/casa-colonial1.jpg?resize=500%2C328\" alt=\"\" class=\"wp-image-543\" srcset=\"https:\/\/i0.wp.com\/radames.manosso.nom.br\/ambiental\/files\/casa-colonial1.jpg?w=500&amp;ssl=1 500w, https:\/\/i0.wp.com\/radames.manosso.nom.br\/ambiental\/files\/casa-colonial1.jpg?resize=300%2C196&amp;ssl=1 300w, https:\/\/i0.wp.com\/radames.manosso.nom.br\/ambiental\/files\/casa-colonial1.jpg?resize=150%2C98&amp;ssl=1 150w\" sizes=\"auto, (max-width: 500px) 100vw, 500px\" \/><\/a><\/figure>\n\n\n\n<p>Meus av\u00f3s paternos, Napole\u00e3o e Judite, levaram uma vida simples, saud\u00e1vel e em contato com a natureza. Eram pessoas com um padr\u00e3o de vida razo\u00e1vel para a \u00e9poca em que viveram, mas eles tinham uma casa com poucos bens se compararmos com o padr\u00e3o t\u00edpico das casas de hoje. O consumo de energia el\u00e9trica dos meus av\u00f3s era menor que o das fam\u00edlias de hoje, pois naquela \u00e9poca nem se falava em televisor, freezer, ar condicionado, m\u00e1quina de lavar e outras comodidades modernas. Na cozinha, usava-se lenha em vez de GLP; autom\u00f3vel naquela \u00e9poca era um luxo; longas viagens de turismo eram impens\u00e1veis e quase n\u00e3o se usava embalagens descart\u00e1veis. No cotidiano de meus av\u00f3s havia poucos deslocamentos e eles praticamente n\u00e3o consumiam produtos processados industrialmente. Bem, esses s\u00e3o alguns aspectos ambientalmente positivos da vida de meus av\u00f3s,&nbsp; mas agora vamos \u00e0 outra parte da hist\u00f3ria.<\/p>\n\n\n\n<p>Meu av\u00f4 Napole\u00e3o durante um per\u00edodo da sua vida teve uma serraria. O casal p\u00f4s no mundo sete filhos, o que nem era muito para a \u00e9poca, mas essa prole certamente contribuiu para a explos\u00e3o populacional do s\u00e9culo XX. N\u00e3o faria sentido eu culpar meu av\u00f4 por ter derrubado muitos pinheiros, nem minha av\u00f3 por parir tantos filhos. Eles seguiam a cultura da \u00e9poca e eu n\u00e3o estaria aqui escrevendo posts se eles tivessem agido de outra forma. Outra coisa: na \u00e9poca dos meus av\u00f3s havia poucos carros, mas os modelos que circulavam naquele tempo consumiam o dobro do combust\u00edvel se comparados com os carros de hoje. Os aparelhos el\u00e9tricos que come\u00e7aram a se popularizar na \u00e9poca da vov\u00f3 n\u00e3o tinham metade da efici\u00eancia energ\u00e9tica dos eletrodom\u00e9sticos de hoje.<ins><\/ins><\/p>\n\n\n\n<p>Como se v\u00ea nesses poucos exemplos, nossos av\u00f3s eram mais ecol\u00f3gicos do que n\u00f3s em muitos aspectos, mas n\u00e3o em todos. Ao longo dos anos houve ganhos na produtividade econ\u00f4mica, evolu\u00edmos em tecnologia e melhoramos em consci\u00eancia ambiental, mas por outro lado, a popula\u00e7\u00e3o cresceu e adquirimos h\u00e1bitos de consumo mais poluidores. No balan\u00e7o geral, o impacto ambiental humano hoje \u00e9 muito maior hoje do que no tempo de nossos av\u00f3s. Por isso, quando se mirar no exemplo de seus av\u00f3s, fa\u00e7a uma assimila\u00e7\u00e3o seletiva do estilo de vida dos velhinhos.<\/p>\n\n\n\n<h3 class=\"wp-block-heading\">Ambientalismo de resultados<\/h3>\n\n\n\n<ul class=\"wp-block-list\">\n<li><a href=\"https:\/\/radames.manosso.nom.br\/ambiental\/comportamento\/principios-de-ambientalismo-de-resultados\/\">Princ\u00edpios de ambientalismo de resultados<\/a><\/li>\n\n\n\n<li><a href=\"https:\/\/radames.manosso.nom.br\/ambiental\/comportamento\/atitudes-ambientais-eficientes\/\">Atitudes ambientais eficientes<\/a><\/li>\n\n\n\n<li><a href=\"https:\/\/radames.manosso.nom.br\/ambiental\/comportamento\/os-cinco-niveis-da-consciencia-ambiental\/\">Os cinco n\u00edveis da consci\u00eancia ambiental<\/a><\/li>\n\n\n\n<li><a href=\"https:\/\/radames.manosso.nom.br\/ambiental\/comportamento\/ser-ecologico-ou-nao-eis-a-questa\">Ser ecol\u00f3gico ou n\u00e3o, eis a quest\u00e3o<\/a><\/li>\n\n\n\n<li><a href=\"https:\/\/radames.manosso.nom.br\/ambiental\/consumo\/mitos-ambientais\/\">Mitos ambientais<\/a><\/li>\n\n\n\n<li><a href=\"https:\/\/radames.manosso.nom.br\/ambiental\/comportamento\/ecologico-e\/\">Ecol\u00f3gico \u00e9 &#8230;<\/a><\/li>\n\n\n\n<li><a href=\"https:\/\/radames.manosso.nom.br\/ambiental\/ideias\/profissoes-de-futuro-verde\/\">Profiss\u00f5es de futuro verde<\/a><\/li>\n\n\n\n<li><a href=\"https:\/\/radames.manosso.nom.br\/ambiental\/energia\/qual-e-a-energia-mais-perigosa-petroleo-carvao-gas-ou-nuclear\/\">Qual \u00e9 a energia mais perigosa: petr\u00f3leo, carv\u00e3o, g\u00e1s ou nuclear?<\/a><\/li>\n\n\n\n<li><a href=\"https:\/\/radames.manosso.nom.br\/ambiental\/ideias\/antropoceno-o-periodo-em-que-o-homem-estragou-o-planeta\/\">Antropoceno: 10.000 anos de geoengenharia planet\u00e1ria<\/a><\/li>\n\n\n\n<li><a href=\"https:\/\/radames.manosso.nom.br\/ambiental\/transporte\/impacto-ambiental-do-transporte-de-pessoas\/\">Impacto ambiental do transporte de pessoas<\/a><\/li>\n\n\n\n<li><a href=\"https:\/\/radames.manosso.nom.br\/ambiental\/urbano\/adensamento-urbano\/\">Adensamento urbano<\/a><\/li>\n\n\n\n<li><a href=\"https:\/\/radames.manosso.nom.br\/ambiental\/para-comecar\/credito-ambiental\/\">Cr\u00e9dito ambiental<\/a><\/li>\n<\/ul>\n","protected":false},"excerpt":{"rendered":"<p>Algumas ideias ecol\u00f3gicas poderosas. Comprar na banca e trocar no sebo Certa vez meu filho Ot\u00e1vio me perguntou se eu conhecia um sebo, pois ouviu dizer que l\u00e1 encontraria mang\u00e1s por um precinho bom. Satisfeito pensei: Esse garoto est\u00e1 me saindo melhor que a encomenda. Fomos ao sebo e descobrimos que eles fazem trocas 2 &hellip; <a href=\"https:\/\/radames.manosso.nom.br\/ambiental\/comportamento\/ecologico-e\/\" class=\"more-link\">Continue lendo <span class=\"screen-reader-text\">Ecol\u00f3gico \u00e9 &#8230;<\/span> <span class=\"meta-nav\">&rarr;<\/span><\/a><\/p>\n","protected":false},"author":1,"featured_media":0,"comment_status":"open","ping_status":"closed","sticky":false,"template":"","format":"standard","meta":{"jetpack_post_was_ever_published":false,"_jetpack_newsletter_access":"","_jetpack_dont_email_post_to_subs":false,"_jetpack_newsletter_tier_id":0,"_jetpack_memberships_contains_paywalled_content":false,"_jetpack_memberships_contains_paid_content":false,"footnotes":""},"categories":[86],"tags":[95,76],"class_list":["post-1200","post","type-post","status-publish","format-standard","hentry","category-comportamento","tag-meio-ambiente","tag-populacao"],"jetpack_featured_media_url":"","jetpack_sharing_enabled":true,"jetpack_shortlink":"https:\/\/wp.me\/p13UHu-jm","jetpack-related-posts":[{"id":356,"url":"https:\/\/radames.manosso.nom.br\/ambiental\/comportamento\/os-cinco-niveis-da-consciencia-ambiental\/","url_meta":{"origin":1200,"position":0},"title":"Os cinco n\u00edveis da consci\u00eancia ambiental","author":"Radam\u00e9s","date":false,"format":false,"excerpt":"O que \u00e9 consci\u00eancia ecol\u00f3gica? Muita gente vai dizer que \u00e9 jogar o lixo na lata do lixo. Est\u00e1 certo! Come\u00e7a por a\u00ed mesmo, mas n\u00e3o vamos nos iludir que salvaremos o mundo simplesmente praticando lixo ao cesto. A conscientiza\u00e7\u00e3o ambiental \u00e9 uma escada e a maioria das pessoas ainda\u2026","rel":"","context":"Em &quot;Comportamento&quot;","block_context":{"text":"Comportamento","link":"https:\/\/radames.manosso.nom.br\/ambiental\/category\/comportamento\/"},"img":{"alt_text":"","src":"https:\/\/i0.wp.com\/radames.manosso.nom.br\/ambiental\/files\/escadaria.jpg?resize=350%2C200&ssl=1","width":350,"height":200},"classes":[]},{"id":86,"url":"https:\/\/radames.manosso.nom.br\/ambiental\/habitacao\/casa-ecologica\/","url_meta":{"origin":1200,"position":1},"title":"Casa ecol\u00f3gica","author":"Radam\u00e9s","date":false,"format":false,"excerpt":"N\u00e3o existe a casa absolutamente ecol\u00f3gica. O que pode existir \u00e9 uma casa com impacto ambiental bem menor que o das casas tradicionais. Portanto, o conceito de moradia ecol\u00f3gica \u00e9 relativo e est\u00e1 em constante evolu\u00e7\u00e3o. \u00c9 prov\u00e1vel que no futuro a consci\u00eancia ecol\u00f3gica aumente, as t\u00e9cnicas melhorem e surjam\u2026","rel":"","context":"Em &quot;Habita\u00e7\u00e3o&quot;","block_context":{"text":"Habita\u00e7\u00e3o","link":"https:\/\/radames.manosso.nom.br\/ambiental\/category\/habitacao\/"},"img":{"alt_text":"casa com telhado verde","src":"https:\/\/i0.wp.com\/radames.manosso.nom.br\/ambiental\/files\/casa-telhado-verde-e1492044191629.jpg?resize=350%2C200&ssl=1","width":350,"height":200},"classes":[]},{"id":1854,"url":"https:\/\/radames.manosso.nom.br\/ambiental\/comportamento\/ser-ecologico-ou-nao-eis-a-questao\/","url_meta":{"origin":1200,"position":2},"title":"Ser ecol\u00f3gico ou n\u00e3o, eis a quest\u00e3o","author":"Radam\u00e9s","date":false,"format":false,"excerpt":"Nesta postagem vamos discutir algumas situa\u00e7\u00f5es em que a dimens\u00e3o ecol\u00f3gica colide com outras dimens\u00f5es da vida. Qual deve prevalecer nesses casos? Inova\u00e7\u00e3o x padroniza\u00e7\u00e3o Os principais fabricantes de aparelhos celulares fecharam acordo em 2009 para adotar carregadores de bateria universais a partir de 2012. A ideia \u00e9 permitir que\u2026","rel":"","context":"Em &quot;Comportamento&quot;","block_context":{"text":"Comportamento","link":"https:\/\/radames.manosso.nom.br\/ambiental\/category\/comportamento\/"},"img":{"alt_text":"","src":"https:\/\/i0.wp.com\/radames.manosso.nom.br\/ambiental\/files\/acessorios-celular.jpg?resize=350%2C200&ssl=1","width":350,"height":200},"classes":[]},{"id":698,"url":"https:\/\/radames.manosso.nom.br\/ambiental\/consumo\/bombril-e-ecologico\/","url_meta":{"origin":1200,"position":3},"title":"Bombril \u00e9 ecol\u00f3gico?","author":"Radam\u00e9s","date":false,"format":false,"excerpt":"No passado, eu vi na TV uma campanha publicit\u00e1ria em que faziam uma compara\u00e7\u00e3o ambiental entre a esponja de a\u00e7o Bombril e as esponjas sint\u00e9ticas. O milenar garoto propaganda Carlos Moreno alertava que o Bombril \u00e9 ecol\u00f3gico, ao contr\u00e1rio das esponjas sint\u00e9ticas que, al\u00e9m de n\u00e3o serem biodegrad\u00e1veis, acumulam bact\u00e9rias.\u2026","rel":"","context":"Em &quot;Consumo&quot;","block_context":{"text":"Consumo","link":"https:\/\/radames.manosso.nom.br\/ambiental\/category\/consumo\/"},"img":{"alt_text":"","src":"https:\/\/i0.wp.com\/radames.manosso.nom.br\/ambiental\/files\/bucha.jpg?resize=350%2C200&ssl=1","width":350,"height":200},"classes":[]},{"id":883,"url":"https:\/\/radames.manosso.nom.br\/ambiental\/habitacao\/os-sistemas-da-casa-ecologica\/","url_meta":{"origin":1200,"position":4},"title":"Os sistemas da casa ecol\u00f3gica","author":"Radam\u00e9s","date":false,"format":false,"excerpt":"Quando falamos de casa ecol\u00f3gica temos que considerar tamb\u00e9m outros tipos de moradia como apartamentos, lofts e condom\u00ednios. Todos\u00a0esses tipos de constru\u00e7\u00e3o podem ser chamados ecol\u00f3gicos\u00a0desde que tenham em comum o baixo impacto ambiental. Para simplificar, aqui vamos levar em conta apenas a casa uni familiar constru\u00edda em condi\u00e7\u00f5es ideais\u2026","rel":"","context":"Em &quot;Habita\u00e7\u00e3o&quot;","block_context":{"text":"Habita\u00e7\u00e3o","link":"https:\/\/radames.manosso.nom.br\/ambiental\/category\/habitacao\/"},"img":{"alt_text":"","src":"https:\/\/i0.wp.com\/radames.manosso.nom.br\/ambiental\/files\/eco-casa.jpg?resize=350%2C200&ssl=1","width":350,"height":200},"classes":[]},{"id":886,"url":"https:\/\/radames.manosso.nom.br\/ambiental\/habitacao\/mitos-sobre-casas-ecologicas\/","url_meta":{"origin":1200,"position":5},"title":"Mitos sobre casas ecol\u00f3gicas","author":"Radam\u00e9s","date":false,"format":false,"excerpt":"Antes de construir casas ecol\u00f3gicas precisamos demolir alguns\u00a0mitos sobre\u00a0esse tipo de constru\u00e7\u00e3o se quisermos rumar para a sociedade sustent\u00e1vel. Casas? Para come\u00e7ar, a casa ecol\u00f3gica n\u00e3o precisa ser uma casa. Pode ser um apartamento, talvez um loft, um sobrado, ou quem sabe, um flat. N\u00e3o \u00e9 o tipo da constru\u00e7\u00e3o\u2026","rel":"","context":"Em &quot;Habita\u00e7\u00e3o&quot;","block_context":{"text":"Habita\u00e7\u00e3o","link":"https:\/\/radames.manosso.nom.br\/ambiental\/category\/habitacao\/"},"img":{"alt_text":"","src":"https:\/\/i0.wp.com\/radames.manosso.nom.br\/ambiental\/files\/casa-ecologica.jpg?resize=350%2C200&ssl=1","width":350,"height":200},"classes":[]}],"_links":{"self":[{"href":"https:\/\/radames.manosso.nom.br\/ambiental\/wp-json\/wp\/v2\/posts\/1200","targetHints":{"allow":["GET"]}}],"collection":[{"href":"https:\/\/radames.manosso.nom.br\/ambiental\/wp-json\/wp\/v2\/posts"}],"about":[{"href":"https:\/\/radames.manosso.nom.br\/ambiental\/wp-json\/wp\/v2\/types\/post"}],"author":[{"embeddable":true,"href":"https:\/\/radames.manosso.nom.br\/ambiental\/wp-json\/wp\/v2\/users\/1"}],"replies":[{"embeddable":true,"href":"https:\/\/radames.manosso.nom.br\/ambiental\/wp-json\/wp\/v2\/comments?post=1200"}],"version-history":[{"count":13,"href":"https:\/\/radames.manosso.nom.br\/ambiental\/wp-json\/wp\/v2\/posts\/1200\/revisions"}],"predecessor-version":[{"id":1880,"href":"https:\/\/radames.manosso.nom.br\/ambiental\/wp-json\/wp\/v2\/posts\/1200\/revisions\/1880"}],"wp:attachment":[{"href":"https:\/\/radames.manosso.nom.br\/ambiental\/wp-json\/wp\/v2\/media?parent=1200"}],"wp:term":[{"taxonomy":"category","embeddable":true,"href":"https:\/\/radames.manosso.nom.br\/ambiental\/wp-json\/wp\/v2\/categories?post=1200"},{"taxonomy":"post_tag","embeddable":true,"href":"https:\/\/radames.manosso.nom.br\/ambiental\/wp-json\/wp\/v2\/tags?post=1200"}],"curies":[{"name":"wp","href":"https:\/\/api.w.org\/{rel}","templated":true}]}}