{"id":17,"date":"2010-09-07T13:20:25","date_gmt":"2010-09-07T16:20:25","guid":{"rendered":"http:\/\/radames.manosso.nom.br\/ambiental\/?p=17"},"modified":"2021-01-18T19:22:22","modified_gmt":"2021-01-18T22:22:22","slug":"credito-ambiental","status":"publish","type":"post","link":"https:\/\/radames.manosso.nom.br\/ambiental\/para-comecar\/credito-ambiental\/","title":{"rendered":"Cr\u00e9dito ambiental"},"content":{"rendered":"\n<p>O protocolo de Kyoto introduziu o conceito de cr\u00e9dito de carbono. Os pa\u00edses que assinaram o protocolo t\u00eam o compromisso de reduzir as emiss\u00f5es de gases que aumentam o aquecimento global. Eles podem fazer isso tomando iniciativas dentro de suas fronteiras ou em outros pa\u00edses. Quando um pa\u00eds ou empresa custeia um projeto em outro pa\u00eds que reduz o efeito estufa, o investidor ganha cr\u00e9ditos de carbono. <\/p>\n\n\n\n<p>Os cr\u00e9ditos de carbono funcionam como moeda no protocolo de Kyoto. Indicam que o pa\u00eds est\u00e1 cumprindo suas metas pela redu\u00e7\u00e3o do aquecimento global. O nome cr\u00e9dito de carbono remete \u00e0 ideia de que estamos retirando carbono da atmosfera. O aumento dos gases que cont\u00e9m esse elemento na atmosfera \u00e9 a principal causa do aquecimento global.<\/p>\n\n\n\n<figure class=\"wp-block-image\"><a href=\"https:\/\/i0.wp.com\/radames.manosso.nom.br\/ambiental\/files\/sustentabilidade.jpg?ssl=1\"><img data-recalc-dims=\"1\" loading=\"lazy\" decoding=\"async\" width=\"270\" height=\"350\" src=\"https:\/\/i0.wp.com\/radames.manosso.nom.br\/ambiental\/files\/sustentabilidade.jpg?resize=270%2C350&#038;ssl=1\" alt=\"\" class=\"wp-image-517\" title=\"sustentabilidade\" srcset=\"https:\/\/i0.wp.com\/radames.manosso.nom.br\/ambiental\/files\/sustentabilidade.jpg?w=270&amp;ssl=1 270w, https:\/\/i0.wp.com\/radames.manosso.nom.br\/ambiental\/files\/sustentabilidade.jpg?resize=231%2C300&amp;ssl=1 231w, https:\/\/i0.wp.com\/radames.manosso.nom.br\/ambiental\/files\/sustentabilidade.jpg?resize=115%2C150&amp;ssl=1 115w\" sizes=\"auto, (max-width: 270px) 100vw, 270px\" \/><\/a><\/figure>\n\n\n\n<!--more-->\n\n\n\n<h3 class=\"wp-block-heading\">O que \u00e9 cr\u00e9dito ambiental<\/h3>\n\n\n\n<p>O cr\u00e9dito ambiental \u00e9 uma extens\u00e3o do conceito de cr\u00e9dito de carbono. Cr\u00e9dito ambiental \u00e9 a medida de toda redu\u00e7\u00e3o comprovada da agress\u00e3o ao meio ambiente. Por exemplo, quem reduz a produ\u00e7\u00e3o de lixo em sua resid\u00eancia, tem um cr\u00e9dito ambiental medido em quilogramas de lixo que deixaram de ser gerados e que n\u00e3o v\u00e3o sobrecarregar os aterros. Uma empresa que reduz sua produ\u00e7\u00e3o de efluente l\u00edquido lan\u00e7ado no rio, ter\u00e1 um cr\u00e9dito ambiental medido em metros c\u00fabicos de efluente n\u00e3o lan\u00e7ado. <\/p>\n\n\n\n<p>Enfim, existem muitas formas de contabilizar as a\u00e7\u00f5es positivas em favor do ambiente. O ideal \u00e9 conseguir mensurar essas a\u00e7\u00f5es de forma bem clara. Fulano economizou 1000 litros de combust\u00edvel no ano porque trocou a caminhonete por um carro de passeio de baixo consumo. A tradu\u00e7\u00e3o das a\u00e7\u00f5es positivas ao ambiente em n\u00fameros \u00e9 muito interessante porque incentiva as pessoas a buscarem sempre melhores resultados. <\/p>\n\n\n\n<p>Da mesma forma, temos o d\u00e9bito ambiental que mede o efeito de a\u00e7\u00f5es negativas ao meio ambiente. Quando uma empresa aumenta suas emiss\u00e3o de poluentes, seu d\u00e9bito ambiental tamb\u00e9m aumenta.<\/p>\n\n\n\n<p>Por fim, podemos pensar em balan\u00e7o ambiental. Uma empresa pode fazer o seu balan\u00e7o ambiental que seria a medi\u00e7\u00e3o de todo o impacto ambiental gerado por ela. N\u00e3o \u00e9 um c\u00e1lculo f\u00e1cil. N\u00e3o existe ainda uma m\u00e9trica adequada para isso. Da mesma forma, um indiv\u00edduo pode se propor a fazer seu balan\u00e7o ambiental de pessoa f\u00edsica. Para isso, deve contabilizar todo o impacto ambiental pelo qual \u00e9 respons\u00e1vel. N\u00e3o \u00e9 tarefa f\u00e1cil. <\/p>\n\n\n\n<p>Alguns c\u00e1lculos s\u00e3o mais imediatos e basta responder a perguntas como: quantos litros de combust\u00edvel consumo no ano? Quantos quilogramas de lixo eu gero? Quantos metros c\u00fabicos de \u00e1gua eu utilizo anualmente? O c\u00e1lculo fica mais dif\u00edcil quando tentamos analisar os h\u00e1bitos de consumo. N\u00e3o \u00e9 muito simples dizer quanto o consumo de determinado produto representa em termos de d\u00e9bito ambiental sem analisar toda sua cadeia produtiva. De qualquer forma, \u00e9 uma pr\u00e1tica saud\u00e1vel calcular o cr\u00e9dito ambiental que mudan\u00e7as positivas de h\u00e1bito podem trazer.<\/p>\n\n\n\n<h3 class=\"wp-block-heading\">Ambientalismo de resultados<\/h3>\n\n\n\n<ul class=\"wp-block-list\">\n<li><a href=\"https:\/\/radames.manosso.nom.br\/ambiental\/comportamento\/principios-de-ambientalismo-de-resultados\/\">Princ\u00edpios de ambientalismo de resultados<\/a><\/li>\n\n\n\n<li><a href=\"https:\/\/radames.manosso.nom.br\/ambiental\/comportamento\/atitudes-ambientais-eficientes\/\">Atitudes ambientais eficientes<\/a><\/li>\n\n\n\n<li><a href=\"https:\/\/radames.manosso.nom.br\/ambiental\/comportamento\/os-cinco-niveis-da-consciencia-ambiental\/\">Os cinco n\u00edveis da consci\u00eancia ambiental<\/a><\/li>\n\n\n\n<li><a href=\"https:\/\/radames.manosso.nom.br\/ambiental\/comportamento\/ser-ecologico-ou-nao-eis-a-questa\">Ser ecol\u00f3gico ou n\u00e3o, eis a quest\u00e3o<\/a><\/li>\n\n\n\n<li><a href=\"https:\/\/radames.manosso.nom.br\/ambiental\/consumo\/mitos-ambientais\/\">Mitos ambientais<\/a><\/li>\n\n\n\n<li><a href=\"https:\/\/radames.manosso.nom.br\/ambiental\/comportamento\/ecologico-e\/\">Ecol\u00f3gico \u00e9 &#8230;<\/a><\/li>\n\n\n\n<li><a href=\"https:\/\/radames.manosso.nom.br\/ambiental\/ideias\/profissoes-de-futuro-verde\/\">Profiss\u00f5es de futuro verde<\/a><\/li>\n\n\n\n<li><a href=\"https:\/\/radames.manosso.nom.br\/ambiental\/energia\/qual-e-a-energia-mais-perigosa-petroleo-carvao-gas-ou-nuclear\/\">Qual \u00e9 a energia mais perigosa: petr\u00f3leo, carv\u00e3o, g\u00e1s ou nuclear?<\/a><\/li>\n\n\n\n<li><a href=\"https:\/\/radames.manosso.nom.br\/ambiental\/ideias\/antropoceno-o-periodo-em-que-o-homem-estragou-o-planeta\/\">Antropoceno: 10.000 anos de geoengenharia planet\u00e1ria<\/a><\/li>\n\n\n\n<li><a href=\"https:\/\/radames.manosso.nom.br\/ambiental\/transporte\/impacto-ambiental-do-transporte-de-pessoas\/\">Impacto ambiental do transporte de pessoas<\/a><\/li>\n\n\n\n<li><a href=\"https:\/\/radames.manosso.nom.br\/ambiental\/urbano\/adensamento-urbano\/\">Adensamento urbano<\/a><\/li>\n\n\n\n<li><a href=\"https:\/\/radames.manosso.nom.br\/ambiental\/para-comecar\/credito-ambiental\/\">Cr\u00e9dito ambiental<\/a><\/li>\n<\/ul>\n","protected":false},"excerpt":{"rendered":"<p>O protocolo de Kyoto introduziu o conceito de cr\u00e9dito de carbono. Os pa\u00edses que assinaram o protocolo t\u00eam o compromisso de reduzir as emiss\u00f5es de gases que aumentam o aquecimento global. Eles podem fazer isso tomando iniciativas dentro de suas fronteiras ou em outros pa\u00edses. Quando um pa\u00eds ou empresa custeia um projeto em outro &hellip; <a href=\"https:\/\/radames.manosso.nom.br\/ambiental\/para-comecar\/credito-ambiental\/\" class=\"more-link\">Continue lendo <span class=\"screen-reader-text\">Cr\u00e9dito ambiental<\/span> <span class=\"meta-nav\">&rarr;<\/span><\/a><\/p>\n","protected":false},"author":1,"featured_media":0,"comment_status":"open","ping_status":"open","sticky":false,"template":"","format":"standard","meta":{"jetpack_post_was_ever_published":false,"_jetpack_newsletter_access":"","_jetpack_dont_email_post_to_subs":false,"_jetpack_newsletter_tier_id":0,"_jetpack_memberships_contains_paywalled_content":false,"_jetpack_memberships_contains_paid_content":false,"footnotes":""},"categories":[3],"tags":[10,13],"class_list":["post-17","post","type-post","status-publish","format-standard","hentry","category-para-comecar","tag-consciencia-ambiental","tag-credito-ambiental"],"jetpack_featured_media_url":"","jetpack_sharing_enabled":true,"jetpack_shortlink":"https:\/\/wp.me\/p13UHu-h","jetpack-related-posts":[{"id":102,"url":"https:\/\/radames.manosso.nom.br\/ambiental\/transporte\/impacto-ambiental-do-transporte-de-pessoas\/","url_meta":{"origin":17,"position":0},"title":"Impacto ambiental do transporte de pessoas","author":"Radam\u00e9s","date":false,"format":false,"excerpt":"Vivemos em uma sociedade de movimenta\u00e7\u00e3o cont\u00ednua. Circulamos muito e se formos analisar por que fazemos isso chegaremos a uma conclus\u00e3o simples: nos movimentamos demais porque o transporte \u00e9 barato. Vivemos uma ilus\u00e3o de fartura em transportes que est\u00e1 nos levando a um colapso de recursos naturais. A paisagem urbana\u2026","rel":"","context":"Em &quot;Transporte&quot;","block_context":{"text":"Transporte","link":"https:\/\/radames.manosso.nom.br\/ambiental\/category\/transporte\/"},"img":{"alt_text":"","src":"https:\/\/i0.wp.com\/radames.manosso.nom.br\/ambiental\/files\/transito-em-curitiba.jpg?resize=350%2C200&ssl=1","width":350,"height":200,"srcset":"https:\/\/i0.wp.com\/radames.manosso.nom.br\/ambiental\/files\/transito-em-curitiba.jpg?resize=350%2C200&ssl=1 1x, https:\/\/i0.wp.com\/radames.manosso.nom.br\/ambiental\/files\/transito-em-curitiba.jpg?resize=525%2C300&ssl=1 1.5x"},"classes":[]},{"id":762,"url":"https:\/\/radames.manosso.nom.br\/ambiental\/ideias\/antropoceno-o-periodo-em-que-o-homem-estragou-o-planeta\/","url_meta":{"origin":17,"position":1},"title":"Antropoceno: 10.000 anos de geoengenharia planet\u00e1ria","author":"Radam\u00e9s","date":false,"format":false,"excerpt":"Antropoceno seria o per\u00edodo em que as caracter\u00edsticas geol\u00f3gicas do nosso planeta passaram a sofrer altera\u00e7\u00f5es significativas por conta da a\u00e7\u00e3o humana. N\u00e3o se trata de um per\u00edodo geol\u00f3gico oficial; a ideia de cria-lo partiu do Pr\u00eamio Nobel de Qu\u00edmica Paul Crutzen em 2000, embora outros cientistas j\u00e1 tivessem feito\u2026","rel":"","context":"Em &quot;Ideias&quot;","block_context":{"text":"Ideias","link":"https:\/\/radames.manosso.nom.br\/ambiental\/category\/ideias\/"},"img":{"alt_text":"","src":"https:\/\/i0.wp.com\/radames.manosso.nom.br\/ambiental\/files\/eras-geologicas.jpg?resize=350%2C200&ssl=1","width":350,"height":200},"classes":[]},{"id":95,"url":"https:\/\/radames.manosso.nom.br\/ambiental\/transporte\/etanol-alcool-combustivel\/","url_meta":{"origin":17,"position":2},"title":"Etanol &#8211; \u00e1lcool combust\u00edvel","author":"Radam\u00e9s","date":false,"format":false,"excerpt":"O Brasil come\u00e7ou a produzir \u00e1lcool combust\u00edvel em escala industrial ainda na d\u00e9cada de 1970. No in\u00edcio do Pro\u00e1lcool (Programa Nacional do \u00c1lcool), a id\u00e9ia era diminuir\u00a0 a depend\u00eancia do pa\u00eds em rela\u00e7\u00e3o ao petr\u00f3leo, que tinha sofrido uma forte alta de pre\u00e7os na \u00e9poca. Desde ent\u00e3o, o Brasil mant\u00e9m\u2026","rel":"","context":"Em &quot;Transporte&quot;","block_context":{"text":"Transporte","link":"https:\/\/radames.manosso.nom.br\/ambiental\/category\/transporte\/"},"img":{"alt_text":"","src":"https:\/\/i0.wp.com\/radames.manosso.nom.br\/ambiental\/files\/carro-flex.jpg?resize=350%2C200&ssl=1","width":350,"height":200},"classes":[]},{"id":32,"url":"https:\/\/radames.manosso.nom.br\/ambiental\/consumo\/impacto-ambiental-de-embalagens\/","url_meta":{"origin":17,"position":3},"title":"Impacto ambiental de embalagens","author":"Radam\u00e9s","date":false,"format":false,"excerpt":"N\u00e3o \u00e9 f\u00e1cil dizer se um tipo de embalagem tem mais impacto ambiental do que outro porque s\u00e3o diferentes os materiais, as t\u00e9cnicas de produ\u00e7\u00e3o, as possibilidades de reciclagem, a velocidade de decomposi\u00e7\u00e3o, etc. Apesar da dificuldade, vamos tentar estabelecer uma escala de impacto ambiental para embalagens. Para isso, vamos\u2026","rel":"","context":"Em &quot;Consumo&quot;","block_context":{"text":"Consumo","link":"https:\/\/radames.manosso.nom.br\/ambiental\/category\/consumo\/"},"img":{"alt_text":"","src":"https:\/\/i0.wp.com\/radames.manosso.nom.br\/ambiental\/files\/latinhas-aluminio.jpg?resize=350%2C200&ssl=1","width":350,"height":200},"classes":[]},{"id":278,"url":"https:\/\/radames.manosso.nom.br\/ambiental\/ideias\/carro-preto-e-ruim-para-o-meio-ambiente\/","url_meta":{"origin":17,"position":4},"title":"Carro preto \u00e9 ruim para o meio ambiente?","author":"Radam\u00e9s","date":false,"format":false,"excerpt":"O estado americano da Calif\u00f3rnia tem fama de estar na vanguarda da legisla\u00e7\u00e3o ambiental. Parab\u00e9ns ao exterminador de emiss\u00f5es e governador Arnold Schwarzenegger. Recentemente, por\u00e9m, os legisladores californianos lan\u00e7aram uma proposta no m\u00ednimo pol\u00eamica. A assembleia da Calif\u00f3rnia quer aprovar uma lei que imp\u00f5e limite m\u00ednimo para a refletividade da\u2026","rel":"","context":"Em &quot;Ideias&quot;","block_context":{"text":"Ideias","link":"https:\/\/radames.manosso.nom.br\/ambiental\/category\/ideias\/"},"img":{"alt_text":"","src":"https:\/\/i0.wp.com\/radames.manosso.nom.br\/ambiental\/files\/batmovel.jpg?resize=350%2C200&ssl=1","width":350,"height":200},"classes":[]},{"id":414,"url":"https:\/\/radames.manosso.nom.br\/ambiental\/consumo\/geladeiras-gratis-para-reduzir-o-aquecimento-global\/","url_meta":{"origin":17,"position":5},"title":"Geladeiras gr\u00e1tis para reduzir o aquecimento global","author":"Radam\u00e9s","date":false,"format":false,"excerpt":"Uma geladeira velha e ineficiente chega a consumir o dobro da energia el\u00e9trica gasta por um modelo novo de mesma capacidade e classifica\u00e7\u00e3o A pelo Inmetro. Nas casas de pessoas de baixa renda \u00e9 comum encontrar modelos antigos com efici\u00eancia baixa por conta do desgaste e da tecnologia ultrapassada. Diante\u2026","rel":"","context":"Em &quot;Consumo&quot;","block_context":{"text":"Consumo","link":"https:\/\/radames.manosso.nom.br\/ambiental\/category\/consumo\/"},"img":{"alt_text":"","src":"https:\/\/i0.wp.com\/radames.manosso.nom.br\/ambiental\/files\/geladeira-velha.jpg?resize=350%2C200","width":350,"height":200},"classes":[]}],"_links":{"self":[{"href":"https:\/\/radames.manosso.nom.br\/ambiental\/wp-json\/wp\/v2\/posts\/17","targetHints":{"allow":["GET"]}}],"collection":[{"href":"https:\/\/radames.manosso.nom.br\/ambiental\/wp-json\/wp\/v2\/posts"}],"about":[{"href":"https:\/\/radames.manosso.nom.br\/ambiental\/wp-json\/wp\/v2\/types\/post"}],"author":[{"embeddable":true,"href":"https:\/\/radames.manosso.nom.br\/ambiental\/wp-json\/wp\/v2\/users\/1"}],"replies":[{"embeddable":true,"href":"https:\/\/radames.manosso.nom.br\/ambiental\/wp-json\/wp\/v2\/comments?post=17"}],"version-history":[{"count":5,"href":"https:\/\/radames.manosso.nom.br\/ambiental\/wp-json\/wp\/v2\/posts\/17\/revisions"}],"predecessor-version":[{"id":1668,"href":"https:\/\/radames.manosso.nom.br\/ambiental\/wp-json\/wp\/v2\/posts\/17\/revisions\/1668"}],"wp:attachment":[{"href":"https:\/\/radames.manosso.nom.br\/ambiental\/wp-json\/wp\/v2\/media?parent=17"}],"wp:term":[{"taxonomy":"category","embeddable":true,"href":"https:\/\/radames.manosso.nom.br\/ambiental\/wp-json\/wp\/v2\/categories?post=17"},{"taxonomy":"post_tag","embeddable":true,"href":"https:\/\/radames.manosso.nom.br\/ambiental\/wp-json\/wp\/v2\/tags?post=17"}],"curies":[{"name":"wp","href":"https:\/\/api.w.org\/{rel}","templated":true}]}}