{"id":356,"date":"2010-09-25T16:03:00","date_gmt":"2010-09-25T19:03:00","guid":{"rendered":"http:\/\/radames.manosso.nom.br\/ambiental\/?p=356"},"modified":"2025-10-09T12:01:35","modified_gmt":"2025-10-09T15:01:35","slug":"os-cinco-niveis-da-consciencia-ambiental","status":"publish","type":"post","link":"https:\/\/radames.manosso.nom.br\/ambiental\/comportamento\/os-cinco-niveis-da-consciencia-ambiental\/","title":{"rendered":"Os cinco n\u00edveis da consci\u00eancia ambiental"},"content":{"rendered":"\n<p>O que \u00e9 consci\u00eancia ecol\u00f3gica? Muita gente vai dizer que \u00e9 jogar o lixo na lata do lixo. Est\u00e1 certo! Come\u00e7a por a\u00ed mesmo, mas n\u00e3o vamos nos iludir que salvaremos o mundo simplesmente praticando lixo ao cesto. A conscientiza\u00e7\u00e3o ambiental \u00e9 uma escada e a maioria das pessoas ainda est\u00e1 nos primeiros degraus. Para simplificar, vamos supor que essa escada se divide em tr\u00eas lances: b\u00e1sico, m\u00e9dio e avan\u00e7ado. Al\u00e9m disso, h\u00e1 dois degraus de aliena\u00e7\u00e3o.<\/p>\n\n\n\n<figure class=\"wp-block-image\"><a href=\"https:\/\/i0.wp.com\/radames.manosso.nom.br\/ambiental\/files\/escadaria.jpg?ssl=1\"><img data-recalc-dims=\"1\" loading=\"lazy\" decoding=\"async\" width=\"400\" height=\"533\" src=\"https:\/\/i0.wp.com\/radames.manosso.nom.br\/ambiental\/files\/escadaria.jpg?resize=400%2C533&#038;ssl=1\" alt=\"\" class=\"wp-image-357\" srcset=\"https:\/\/i0.wp.com\/radames.manosso.nom.br\/ambiental\/files\/escadaria.jpg?w=400&amp;ssl=1 400w, https:\/\/i0.wp.com\/radames.manosso.nom.br\/ambiental\/files\/escadaria.jpg?resize=225%2C300&amp;ssl=1 225w, https:\/\/i0.wp.com\/radames.manosso.nom.br\/ambiental\/files\/escadaria.jpg?resize=112%2C150&amp;ssl=1 112w\" sizes=\"auto, (max-width: 400px) 100vw, 400px\" \/><\/a><\/figure>\n\n\n\n<!--more-->\n\n\n\n<ul class=\"wp-block-list\"><li> <strong>Ecos\u00eanior<\/strong>. O acesso \u00e0 elite dos ecologistas seniores (avan\u00e7ados) ainda \u00e9 reservado a alguns idealistas que n\u00e3o ligam para a opini\u00e3o da maioria. O ecologista avan\u00e7ado \u00e9 verde como o Hulk e chega a ser visto como um ser ex\u00f3tico que abra\u00e7a um estilo de vida radical. O impacto ambiental do ecologista s\u00eanior tende para o limite m\u00ednimo que se pode alcan\u00e7ado em nossa realidade tecnol\u00f3gica e social. <\/li><li> <strong>Ecopleno<\/strong>. Para entrar no time dos ecologistas plenos (de n\u00edvel m\u00e9dio) o comprometimento tem que ser consider\u00e1vel. Voc\u00ea ter\u00e1 que mudar h\u00e1bitos, gastar dinheiro e se envolver. O impacto ambiental nesse n\u00edvel \u00e9 bem reduzido se comparado a um cidad\u00e3o sem preocupa\u00e7\u00f5es ambientais. <\/li><li><strong>Ecojunior<\/strong>. Para se tornar um ecologista j\u00fanior (b\u00e1sico) n\u00e3o \u00e9 preciso comprometimento alto, basta praticar algumas a\u00e7\u00f5es simples no dia-a-dia que geram bons resultados ambientais. <\/li><li><strong>Alienado b\u00e1sico<\/strong>. Sujeito que n\u00e3o tem forma\u00e7\u00e3o ambiental e comete erros b\u00e1sicos de preserva\u00e7\u00e3o.<\/li><li><strong>Consumista de alto impacto<\/strong>. O predador ambiental em sua plenitude.<\/li><\/ul>\n\n\n\n<h2 class=\"wp-block-heading\">Ecologista j\u00fanior<\/h2>\n\n\n\n<p>Para ser um ecologista j\u00fanior n\u00e3o \u00e9 preciso muito esfor\u00e7o ou comprometimento. Se voc\u00ea ainda n\u00e3o entrou na onda verde, comece pelas coisas simples e f\u00e1ceis: seja um ecologista j\u00fanior. Ningu\u00e9m vai cham\u00e1-lo de ecochato e as a\u00e7\u00f5es b\u00e1sicas que voc\u00ea vai por em pr\u00e1tica ser\u00e3o suficientes para reduzir seu impacto ambiental. Veja algumas coisas que um ecologista j\u00fanior faz:<\/p>\n\n\n\n<figure class=\"wp-block-image\"><a href=\"https:\/\/i0.wp.com\/radames.manosso.nom.br\/ambiental\/files\/sacola-ecologica.jpg\"><img loading=\"lazy\" decoding=\"async\" width=\"320\" height=\"500\" src=\"https:\/\/i0.wp.com\/radames.manosso.nom.br\/ambiental\/files\/sacola-ecologica.jpg?resize=320%2C500\" alt=\"\" class=\"wp-image-256\" srcset=\"https:\/\/i0.wp.com\/radames.manosso.nom.br\/ambiental\/files\/sacola-ecologica.jpg?w=320&amp;ssl=1 320w, https:\/\/i0.wp.com\/radames.manosso.nom.br\/ambiental\/files\/sacola-ecologica.jpg?resize=192%2C300&amp;ssl=1 192w, https:\/\/i0.wp.com\/radames.manosso.nom.br\/ambiental\/files\/sacola-ecologica.jpg?resize=96%2C150&amp;ssl=1 96w\" sizes=\"auto, (max-width: 320px) 100vw, 320px\" \/><\/a><\/figure>\n\n\n\n<ul class=\"wp-block-list\"><li><strong>N\u00e3o jogar lixo no ambiente<\/strong>. Lugar de lixo \u00e9 na lixeira, obviamente. E depois de passar por ela, o lixo deve chegar a um destino adequado.<\/li><li><strong>Respeitar a fauna<\/strong>, principalmente a selvagem. Nada de criar lagartos em gaiola, frequentar rinhas de galo ou ca\u00e7ar capivara.<\/li><li><strong>Separar o lixo<\/strong>&nbsp;em recicl\u00e1vel e n\u00e3o recicl\u00e1vel. A separa\u00e7\u00e3o b\u00e1sica do lixo \u00e9 o primeiro degrau da consci\u00eancia sobre os res\u00edduos s\u00f3lidos.<\/li><li><strong>Evitar as sacolas descart\u00e1veis<\/strong>. Consiga sacolas retorn\u00e1veis. Algumas s\u00e3o charmosas e transadas.<\/li><li><strong>Evitar produtos descart\u00e1veis<\/strong>&nbsp;como copos e talheres de pl\u00e1stico. Talvez voc\u00ea tenha que mudar de lanchonete, mas sendo pelo ambiente vale o esfor\u00e7o.<\/li><li><strong>Usar l\u00e2mpadas de baixo impacto ambiental<\/strong>. Trocar as l\u00e2mpadas pelas LED \u00e9 dinheiro no bolso.<\/li><li><strong>Economizar \u00e1gua pot\u00e1vel<\/strong>. O ecojunior n\u00e3o desperdi\u00e7a \u00e1gua tratada. \u00c9 bom para o ambiente e para o bolso.<\/li><li><strong>Economizar energia el\u00e9trica<\/strong>. Menos consumo de eletricidade, menos contas a pagar no final do m\u00eas e menos CO2 na atmosfera.<\/li><li><strong>Acompanhar as quest\u00f5es ambientais<\/strong>&nbsp;na m\u00eddia e procurar conhecer o assunto. O ecojunior quer aprender sempre mais sobre meio ambiente.<\/li><\/ul>\n\n\n\n<h2 class=\"wp-block-heading\">Ecologista pleno<\/h2>\n\n\n\n<p>Ser um ecologista pleno n\u00e3o \u00e9 simples. A sociedade ainda n\u00e3o reconhece, nem valoriza esse tipo de comportamento. Voc\u00ea vai assumir essa postura por sua conta e risco. \u00c9 claro que com o tempo, as pessoas v\u00e3o imit\u00e1-lo e a\u00ed voc\u00ea poder\u00e1 dizer que foi um pioneiro. Para ser um ecologista pleno (de n\u00edvel m\u00e9dio) voc\u00ea precisar\u00e1 mudar h\u00e1bitos e fazer alguns investimentos. O resultado alcan\u00e7ado em termos ambientais \u00e9 \u00f3timo. O impacto ambiental de um ecologista pleno pode ficar abaixo da metade do que o de um alienado ambiental de classe m\u00e9dia. Veja algumas coisas que o ecologista pleno faz. Lembre-se que ele incorpora tamb\u00e9m todos os h\u00e1bitos saud\u00e1veis que um ecologista Junior cultiva.<\/p>\n\n\n\n<figure class=\"wp-block-image\"><a href=\"https:\/\/i0.wp.com\/radames.manosso.nom.br\/ambiental\/files\/lixeiras-para-reciclaveis.jpg\"><img loading=\"lazy\" decoding=\"async\" width=\"320\" height=\"240\" src=\"https:\/\/i0.wp.com\/radames.manosso.nom.br\/ambiental\/files\/lixeiras-para-reciclaveis.jpg?resize=320%2C240\" alt=\"\" class=\"wp-image-444\" srcset=\"https:\/\/i0.wp.com\/radames.manosso.nom.br\/ambiental\/files\/lixeiras-para-reciclaveis.jpg?w=320&amp;ssl=1 320w, https:\/\/i0.wp.com\/radames.manosso.nom.br\/ambiental\/files\/lixeiras-para-reciclaveis.jpg?resize=300%2C225&amp;ssl=1 300w, https:\/\/i0.wp.com\/radames.manosso.nom.br\/ambiental\/files\/lixeiras-para-reciclaveis.jpg?resize=150%2C112&amp;ssl=1 150w\" sizes=\"auto, (max-width: 320px) 100vw, 320px\" \/><\/a><\/figure>\n\n\n\n<ul class=\"wp-block-list\"><li><strong>Separar o lixo em categorias segundo as melhores pr\u00e1ticas<\/strong>. O ecologista pleno cuida do seu lixo com carinho, faz a reciclagem acontecer e se sente respons\u00e1vel pelos res\u00edduos que gera.<\/li><li><strong>Compostagem do lixo org\u00e2nico<\/strong>. Quando mora em casa, o ecopleno faz a compostagem do seu lixo org\u00e2nico.<\/li><li><strong>Aquecimento solar da \u00e1gua pot\u00e1vel<\/strong>. Em sua casa, o ecologista pleno tem um sistema de aquecimento solar para \u00e1gua. Custa dinheiro, mas traz economia na conta de luz.<\/li><li><strong>Capta\u00e7\u00e3o da \u00e1gua de chuva<\/strong>. Em casa ou no condom\u00ednio, a capta\u00e7\u00e3o de \u00e1gua da chuva economiza \u00e1gua tratada e alivia o sistema de \u00e1guas pluviais p\u00fablico.<\/li><li><strong>Tratamento b\u00e1sico de \u00e1guas residuais<\/strong>. Em algumas cidades esse tratamento j\u00e1 \u00e9 obrigat\u00f3rio em condom\u00ednios, mas o ecopleno trata sua \u00e1gua residual mesmo sem ter a obriga\u00e7\u00e3o legal de fazer isso.<\/li><li><strong>Fontes alternativas de energia<\/strong>. O ecopleno usa fontes alternativas como o forno a lenha. A lenha deve ter origem sustent\u00e1vel, obviamente.<\/li><li><strong>M\u00f3veis e utens\u00edlios ecol\u00f3gicos<\/strong>. Na casa do ecopleno, os bens tem sempre algum diferencial para o ambiente. Os m\u00f3veis s\u00e3o de fibra sustent\u00e1vel, algod\u00e3o, etc.<\/li><li><strong>Prefer\u00eancia pelo transporte<\/strong>&nbsp;<strong>coletivo<\/strong>. Mesmo quando disp\u00f5e de ve\u00edculo pr\u00f3prio, o ecologista m\u00e9dio d\u00e1 prefer\u00eancia ao transporte coletivo ou, ent\u00e3o, pedala na magrela.<\/li><li><strong>Alimentos org\u00e2nicos<\/strong>. O ecologista pleno d\u00e1 prefer\u00eancia aos alimentos org\u00e2nicos, mesmo sabendo que s\u00e3o mais caros e que ele est\u00e1 custeando o fortalecimento da nova agricultura.<\/li><li><strong>Internet para resolver problemas<\/strong>. O ecologista prefere a Internet para pagamentos banc\u00e1rios, fazer compras, ler not\u00edcias, etc.<\/li><li><strong>Produtos de baixo impacto<\/strong>. O ecologista analisa os produtos que compra e d\u00e1 prefer\u00eancia aos que t\u00eam menor impacto ambiental.<\/li><li><strong>Valoriza a flora local<\/strong>. Ao plantar uma \u00e1rvore, o ecologista m\u00e9dio escolhe uma esp\u00e9cie nativa da sua regi\u00e3o.<\/li><\/ul>\n\n\n\n<h2 class=\"wp-block-heading\">Ecologista s\u00eanior<\/h2>\n\n\n\n<p>Existem poucos ecologistas avan\u00e7ados (seniores) pelo mundo afora. S\u00e3o pessoas que levam a s\u00e9rio a quest\u00e3o ambiental, a ponto de adotarem um padr\u00e3o de vida que a maioria ainda considera radical. Talvez no futuro, o modo de vida de um ecologista s\u00eanior seja considerado comum, mas isso veremos. Ele incorpora os h\u00e1bitos do ecojunior e do ecopleno, mas al\u00e9m disso, adota posturas mais avan\u00e7adas como:<\/p>\n\n\n\n<figure class=\"wp-block-image\"><a href=\"https:\/\/i2.wp.com\/radames.manosso.nom.br\/ambiental\/files\/celulas-fotovoltaicas.jpg\"><img loading=\"lazy\" decoding=\"async\" width=\"480\" height=\"320\" src=\"https:\/\/i2.wp.com\/radames.manosso.nom.br\/ambiental\/files\/celulas-fotovoltaicas.jpg?resize=480%2C320\" alt=\"\" class=\"wp-image-362\" srcset=\"https:\/\/i0.wp.com\/radames.manosso.nom.br\/ambiental\/files\/celulas-fotovoltaicas.jpg?w=480&amp;ssl=1 480w, https:\/\/i0.wp.com\/radames.manosso.nom.br\/ambiental\/files\/celulas-fotovoltaicas.jpg?resize=300%2C200&amp;ssl=1 300w, https:\/\/i0.wp.com\/radames.manosso.nom.br\/ambiental\/files\/celulas-fotovoltaicas.jpg?resize=150%2C100&amp;ssl=1 150w\" sizes=\"auto, (max-width: 480px) 100vw, 480px\" \/><\/a><\/figure>\n\n\n\n<ul class=\"wp-block-list\"><li><strong>Energia el\u00e9trica gerada com c\u00e9lulas fotovoltaicas<\/strong>. Essa \u00e9 uma tecnologia promissora que poucos utilizam porque \u00e9 pouco difundida, mas o ecosenior est\u00e1 antenado com as tecnologias ambientais de ponta.<\/li><li><strong>Casa constru\u00edda nos rigores da moradia ecol\u00f3gica<\/strong>. Uma casa realmente ecol\u00f3gica \u00e9 uma raridade, mas o ecologista s\u00eanior faz o que pode para ter uma.<\/li><li><strong>Gerenciamento digital da casa<\/strong>. Uma casa ecol\u00f3gica deve ser tecnol\u00f3gica, pois a automa\u00e7\u00e3o pode ajudar no gerenciamento dos recursos dom\u00e9sticos.<\/li><li><strong>Trabalha em casa<\/strong>. O ecosenior se preocupa em reduzir ao m\u00e1ximo seus deslocamentos para economizar recursos. \u00c9 capaz de fazer op\u00e7\u00f5es profissionais que reduzam deslocamentos como trabalhar em casa.<\/li><li><strong>Captar e tratar a \u00e1gua pot\u00e1vel que consome<\/strong>. O ecologista avan\u00e7ado supre suas necessidades de \u00e1gua sem precisar da infraestrutura p\u00fablica.<\/li><li><strong>Tratamento completo da \u00e1gua residual<\/strong>. Nada de liberar res\u00edduos l\u00edquidos sem tratamento no ambiente. O ecologista s\u00eanior trata seus res\u00edduos de forma completa.<\/li><li><strong>N\u00e3o usar carro<\/strong>. Se alguns d\u00e3o prefer\u00eancia ao transporte p\u00fablico, o ecosenior simplesmente dispensa o carro particular.<\/li><li><strong>N\u00e3o acumular bens inativos<\/strong>. A casa do ecosenior \u00e9 espartana em bens. O que n\u00e3o \u00e9 usado, \u00e9 passado adiante.<\/li><li><strong>N\u00e3o consumir produtos de alto impacto ambiental<\/strong>. N\u00e3o se trata apenas de dar prefer\u00eancia aos produtos de baixo impacto, mas de boicotar produtos de alto impacto, mesmo que isso cause transtornos na rotina di\u00e1ria.<\/li><li><strong>At\u00e9 dois filhos por mulher<\/strong>. A superpopula\u00e7\u00e3o \u00e9 um dos maiores desafios ambientais e, por isso, o ecosenior opta por n\u00e3o contribuir com o aumento populacional.<\/li><li><strong>Milit\u00e2ncia ambiental<\/strong>. Nosso amigo ecologista avan\u00e7ado \u00e9 militante da causa ecol\u00f3gica, ativamente ou como contribuinte de organiza\u00e7\u00f5es ambientalistas.<\/li><\/ul>\n\n\n\n<h2 class=\"wp-block-heading\">Alienado b\u00e1sico<\/h2>\n\n\n\n<p>A maior parte da popula\u00e7\u00e3o se enquadra no tipo alienado b\u00e1sico. Apesar de n\u00e3o fazer nada pelo meio ambiente o alienado b\u00e1sico tem impacto ambiental m\u00e9dio porque seu padr\u00e3o de vida \u00e9 modesto. O problema est\u00e1 na quantidade de pessoas que fazem parte desse grupo. Bilh\u00f5es de alienados b\u00e1sicos pelo mundo afora s\u00e3o um grande problema para o planeta. Quando penso nesse tipo me vem \u00e0 cabe\u00e7a a minha fam\u00edlia h\u00e1 30 anos atr\u00e1s. Naquela \u00e9poca, eu vivia com meus pais e irm\u00e3o em uma casa modesta. N\u00f3s n\u00e3o t\u00ednhamos carro, praticamente n\u00e3o viaj\u00e1vamos e todos se deslocavam de \u00f4nibus. Curitiba ainda n\u00e3o tinha coleta seletiva de lixo, refrigerante era vendido em garrafa retorn\u00e1vel e s\u00f3 aparecia na mesa em finais de semana. A discuss\u00e3o sobre meio ambiente estava s\u00f3 come\u00e7ando e n\u00e3o se falava em efeito estufa ou buraco na camada de oz\u00f4nio. Esse estilo de vida, passado para mim, ainda \u00e9 atual para muita gente. Para conhecer melhor o alienado b\u00e1sico, veja algumas de suas caracter\u00edsticas.<\/p>\n\n\n\n<figure class=\"wp-block-image\"><a href=\"https:\/\/i0.wp.com\/radames.manosso.nom.br\/ambiental\/files\/copos-e-pratos-descartaveis.jpg\"><img loading=\"lazy\" decoding=\"async\" width=\"365\" height=\"267\" src=\"https:\/\/i0.wp.com\/radames.manosso.nom.br\/ambiental\/files\/copos-e-pratos-descartaveis.jpg?resize=365%2C267\" alt=\"\" class=\"wp-image-291\" srcset=\"https:\/\/i0.wp.com\/radames.manosso.nom.br\/ambiental\/files\/copos-e-pratos-descartaveis.jpg?w=365&amp;ssl=1 365w, https:\/\/i0.wp.com\/radames.manosso.nom.br\/ambiental\/files\/copos-e-pratos-descartaveis.jpg?resize=300%2C219&amp;ssl=1 300w, https:\/\/i0.wp.com\/radames.manosso.nom.br\/ambiental\/files\/copos-e-pratos-descartaveis.jpg?resize=150%2C109&amp;ssl=1 150w\" sizes=\"auto, (max-width: 365px) 100vw, 365px\" \/><\/a><\/figure>\n\n\n\n<ul class=\"wp-block-list\"><li><strong>Desinforma\u00e7\u00e3o ambiental<\/strong>. O alienado b\u00e1sico n\u00e3o entende de quest\u00f5es ambientais e n\u00e3o parece muito interessado em se informar sobre o assunto.<\/li><li><strong>N\u00e3o separar o lixo<\/strong>. No m\u00e1ximo, o alienado b\u00e1sico joga o lixo na lixeira, mas nem olha se o que est\u00e1 jogando fora poderia ser reciclado.<\/li><li><strong>Consumidor de descart\u00e1veis<\/strong>. O alienado b\u00e1sico consome copos descart\u00e1veis sem remorso e acha legal receber talheres de pl\u00e1stico embalados individualmente na lanchonete.<\/li><li><strong>N\u00e3o valorizar produtos ambientalmente corretos<\/strong>. Nosso amigo alienado b\u00e1sico n\u00e3o observa se os produtos que consome apresentam alguma vantagem para o ambiente.<\/li><li><strong>Produtos qu\u00edmicos agressivos<\/strong>. Na casa do alienado b\u00e1sico encontramos uma variedade de produtos qu\u00edmicos agressivos ao meio ambiente como herbicidas, inseticidas e produtos de limpeza pesada.<\/li><li><strong>Padr\u00e3o de vida modesto<\/strong>. O que salva o alienado b\u00e1sico \u00e9 o seu padr\u00e3o de vida simples. Ele economiza \u00e1gua, g\u00e1s e eletricidade dentro das possibilidades que a sua moradia n\u00e3o ecol\u00f3gica permite. Seu apetite de consumo \u00e9 freado pelas limita\u00e7\u00f5es do or\u00e7amento.<\/li><\/ul>\n\n\n\n<h2 class=\"wp-block-heading\">Consumista de alto impacto<\/h2>\n\n\n\n<p>O consumista de alto impacto est\u00e1 no topo da cadeia predat\u00f3ria do meio ambiente. Ele \u00e9 minoria na popula\u00e7\u00e3o, mas o estrago que causa \u00e9 muito alto. Por que esse grupo \u00e9 minorit\u00e1rio? Impacto ambiental alto est\u00e1 associado com renda alta. Geralmente, o consumista de alto impacto \u00e9 um cara da grana. A boa situa\u00e7\u00e3o econ\u00f4mica lhe permite consumir muito, al\u00e9m de influenciar negativamente as pessoas \u00e0 sua volta. Em alguns casos, ele tem poder de decis\u00e3o na sociedade e o utiliza em preju\u00edzo do ambiente. Podemos dizer que esse tipo acumula os v\u00edcios de seu primo pobre (o alienado b\u00e1sico), al\u00e9m de apresentar v\u00edcios mais pesados como:<\/p>\n\n\n\n<figure class=\"wp-block-image\"><a href=\"https:\/\/i1.wp.com\/radames.manosso.nom.br\/ambiental\/files\/consumismo.jpg\"><img loading=\"lazy\" decoding=\"async\" width=\"455\" height=\"341\" src=\"https:\/\/i1.wp.com\/radames.manosso.nom.br\/ambiental\/files\/consumismo.jpg?resize=455%2C341\" alt=\"\" class=\"wp-image-407\" srcset=\"https:\/\/i0.wp.com\/radames.manosso.nom.br\/ambiental\/files\/consumismo.jpg?w=455&amp;ssl=1 455w, https:\/\/i0.wp.com\/radames.manosso.nom.br\/ambiental\/files\/consumismo.jpg?resize=300%2C224&amp;ssl=1 300w, https:\/\/i0.wp.com\/radames.manosso.nom.br\/ambiental\/files\/consumismo.jpg?resize=150%2C112&amp;ssl=1 150w\" sizes=\"auto, (max-width: 455px) 100vw, 455px\" \/><\/a><\/figure>\n\n\n\n<ul class=\"wp-block-list\"><li><strong>Milit\u00e2ncia antiecol\u00f3gica<\/strong>. Em muitos casos, esse predador ambiental se coloca contra as causas ecol\u00f3gicas, chama os ambientalistas de frutinhas e por a\u00ed vai.<\/li><li><strong>Longos deslocamentos<\/strong>. O consumista faz longas movimenta\u00e7\u00f5es motorizadas sem crit\u00e9rio. N\u00e3o pensa duas vezes antes de cruzar a cidade para comprar uma futilidade. Faz viagens pessoais longas com frequ\u00eancia e n\u00e3o planeja seus deslocamentos para economizar tempo e combust\u00edvel.<\/li><li><strong>Hiper consumo<\/strong>. A casa do sujeito \u00e9 maior do que ele precisa. O motor do seu carro \u00e9 mais potente do que ele precisa. O guarda-roupa dele tem mais roupa do que ele precisa. Enfim, ele tem um monte de coisas que n\u00e3o precisa.<\/li><li><strong>Ao infinito e al\u00e9m<\/strong>. Esse consumista nato acredita que progresso \u00e9 crescer sempre e o v\u00ea o futuro com mais carros nas ruas, mais shoppings e mais ar condicionado. Para ele, subir na vida \u00e9 consumir mais. \u00c9 o tipo que acha que devia haver voos regulares para turismo na Lua.<\/li><\/ul>\n\n\n\n<h3 class=\"wp-block-heading\">Ambientalismo de resultados<\/h3>\n\n\n\n<ul class=\"wp-block-list\">\n<li><a href=\"https:\/\/radames.manosso.nom.br\/ambiental\/comportamento\/principios-de-ambientalismo-de-resultados\/\">Princ\u00edpios de ambientalismo de resultados<\/a><\/li>\n\n\n\n<li><a href=\"https:\/\/radames.manosso.nom.br\/ambiental\/comportamento\/atitudes-ambientais-eficientes\/\">Atitudes ambientais eficientes<\/a><\/li>\n\n\n\n<li><a href=\"https:\/\/radames.manosso.nom.br\/ambiental\/comportamento\/os-cinco-niveis-da-consciencia-ambiental\/\">Os cinco n\u00edveis da consci\u00eancia ambiental<\/a><\/li>\n\n\n\n<li><a href=\"https:\/\/radames.manosso.nom.br\/ambiental\/comportamento\/ser-ecologico-ou-nao-eis-a-questa\">Ser ecol\u00f3gico ou n\u00e3o, eis a quest\u00e3o<\/a><\/li>\n\n\n\n<li><a href=\"https:\/\/radames.manosso.nom.br\/ambiental\/consumo\/mitos-ambientais\/\">Mitos ambientais<\/a><\/li>\n\n\n\n<li><a href=\"https:\/\/radames.manosso.nom.br\/ambiental\/comportamento\/ecologico-e\/\">Ecol\u00f3gico \u00e9 &#8230;<\/a><\/li>\n\n\n\n<li><a href=\"https:\/\/radames.manosso.nom.br\/ambiental\/ideias\/profissoes-de-futuro-verde\/\">Profiss\u00f5es de futuro verde<\/a><\/li>\n\n\n\n<li><a href=\"https:\/\/radames.manosso.nom.br\/ambiental\/energia\/qual-e-a-energia-mais-perigosa-petroleo-carvao-gas-ou-nuclear\/\">Qual \u00e9 a energia mais perigosa: petr\u00f3leo, carv\u00e3o, g\u00e1s ou nuclear?<\/a><\/li>\n\n\n\n<li><a href=\"https:\/\/radames.manosso.nom.br\/ambiental\/ideias\/antropoceno-o-periodo-em-que-o-homem-estragou-o-planeta\/\">Antropoceno: 10.000 anos de geoengenharia planet\u00e1ria<\/a><\/li>\n\n\n\n<li><a href=\"https:\/\/radames.manosso.nom.br\/ambiental\/transporte\/impacto-ambiental-do-transporte-de-pessoas\/\">Impacto ambiental do transporte de pessoas<\/a><\/li>\n\n\n\n<li><a href=\"https:\/\/radames.manosso.nom.br\/ambiental\/urbano\/adensamento-urbano\/\">Adensamento urbano<\/a><\/li>\n\n\n\n<li><a href=\"https:\/\/radames.manosso.nom.br\/ambiental\/para-comecar\/credito-ambiental\/\">Cr\u00e9dito ambiental<\/a><\/li>\n<\/ul>\n","protected":false},"excerpt":{"rendered":"<p>O que \u00e9 consci\u00eancia ecol\u00f3gica? Muita gente vai dizer que \u00e9 jogar o lixo na lata do lixo. Est\u00e1 certo! Come\u00e7a por a\u00ed mesmo, mas n\u00e3o vamos nos iludir que salvaremos o mundo simplesmente praticando lixo ao cesto. A conscientiza\u00e7\u00e3o ambiental \u00e9 uma escada e a maioria das pessoas ainda est\u00e1 nos primeiros degraus. Para &hellip; <a href=\"https:\/\/radames.manosso.nom.br\/ambiental\/comportamento\/os-cinco-niveis-da-consciencia-ambiental\/\" class=\"more-link\">Continue lendo <span class=\"screen-reader-text\">Os cinco n\u00edveis da consci\u00eancia ambiental<\/span> <span class=\"meta-nav\">&rarr;<\/span><\/a><\/p>\n","protected":false},"author":1,"featured_media":0,"comment_status":"open","ping_status":"open","sticky":false,"template":"","format":"standard","meta":{"jetpack_post_was_ever_published":false,"_jetpack_newsletter_access":"","_jetpack_dont_email_post_to_subs":false,"_jetpack_newsletter_tier_id":0,"_jetpack_memberships_contains_paywalled_content":false,"_jetpack_memberships_contains_paid_content":false,"footnotes":""},"categories":[86],"tags":[10,80],"class_list":["post-356","post","type-post","status-publish","format-standard","hentry","category-comportamento","tag-consciencia-ambiental","tag-tipos-ecologicos"],"jetpack_featured_media_url":"","jetpack_sharing_enabled":true,"jetpack_shortlink":"https:\/\/wp.me\/p13UHu-5K","jetpack-related-posts":[{"id":86,"url":"https:\/\/radames.manosso.nom.br\/ambiental\/habitacao\/casa-ecologica\/","url_meta":{"origin":356,"position":0},"title":"Casa ecol\u00f3gica","author":"Radam\u00e9s","date":false,"format":false,"excerpt":"N\u00e3o existe a casa absolutamente ecol\u00f3gica. O que pode existir \u00e9 uma casa com impacto ambiental bem menor que o das casas tradicionais. Portanto, o conceito de moradia ecol\u00f3gica \u00e9 relativo e est\u00e1 em constante evolu\u00e7\u00e3o. \u00c9 prov\u00e1vel que no futuro a consci\u00eancia ecol\u00f3gica aumente, as t\u00e9cnicas melhorem e surjam\u2026","rel":"","context":"Em &quot;Habita\u00e7\u00e3o&quot;","block_context":{"text":"Habita\u00e7\u00e3o","link":"https:\/\/radames.manosso.nom.br\/ambiental\/category\/habitacao\/"},"img":{"alt_text":"casa com telhado verde","src":"https:\/\/i0.wp.com\/radames.manosso.nom.br\/ambiental\/files\/casa-telhado-verde-e1492044191629.jpg?resize=350%2C200&ssl=1","width":350,"height":200},"classes":[]},{"id":886,"url":"https:\/\/radames.manosso.nom.br\/ambiental\/habitacao\/mitos-sobre-casas-ecologicas\/","url_meta":{"origin":356,"position":1},"title":"Mitos sobre casas ecol\u00f3gicas","author":"Radam\u00e9s","date":false,"format":false,"excerpt":"Antes de construir casas ecol\u00f3gicas precisamos demolir alguns\u00a0mitos sobre\u00a0esse tipo de constru\u00e7\u00e3o se quisermos rumar para a sociedade sustent\u00e1vel. Casas? Para come\u00e7ar, a casa ecol\u00f3gica n\u00e3o precisa ser uma casa. Pode ser um apartamento, talvez um loft, um sobrado, ou quem sabe, um flat. N\u00e3o \u00e9 o tipo da constru\u00e7\u00e3o\u2026","rel":"","context":"Em &quot;Habita\u00e7\u00e3o&quot;","block_context":{"text":"Habita\u00e7\u00e3o","link":"https:\/\/radames.manosso.nom.br\/ambiental\/category\/habitacao\/"},"img":{"alt_text":"","src":"https:\/\/i0.wp.com\/radames.manosso.nom.br\/ambiental\/files\/casa-ecologica.jpg?resize=350%2C200&ssl=1","width":350,"height":200},"classes":[]},{"id":698,"url":"https:\/\/radames.manosso.nom.br\/ambiental\/consumo\/bombril-e-ecologico\/","url_meta":{"origin":356,"position":2},"title":"Bombril \u00e9 ecol\u00f3gico?","author":"Radam\u00e9s","date":false,"format":false,"excerpt":"No passado, eu vi na TV uma campanha publicit\u00e1ria em que faziam uma compara\u00e7\u00e3o ambiental entre a esponja de a\u00e7o Bombril e as esponjas sint\u00e9ticas. O milenar garoto propaganda Carlos Moreno alertava que o Bombril \u00e9 ecol\u00f3gico, ao contr\u00e1rio das esponjas sint\u00e9ticas que, al\u00e9m de n\u00e3o serem biodegrad\u00e1veis, acumulam bact\u00e9rias.\u2026","rel":"","context":"Em &quot;Consumo&quot;","block_context":{"text":"Consumo","link":"https:\/\/radames.manosso.nom.br\/ambiental\/category\/consumo\/"},"img":{"alt_text":"","src":"https:\/\/i0.wp.com\/radames.manosso.nom.br\/ambiental\/files\/bucha.jpg?resize=350%2C200&ssl=1","width":350,"height":200},"classes":[]},{"id":32,"url":"https:\/\/radames.manosso.nom.br\/ambiental\/consumo\/impacto-ambiental-de-embalagens\/","url_meta":{"origin":356,"position":3},"title":"Impacto ambiental de embalagens","author":"Radam\u00e9s","date":false,"format":false,"excerpt":"N\u00e3o \u00e9 f\u00e1cil dizer se um tipo de embalagem tem mais impacto ambiental do que outro porque s\u00e3o diferentes os materiais, as t\u00e9cnicas de produ\u00e7\u00e3o, as possibilidades de reciclagem, a velocidade de decomposi\u00e7\u00e3o, etc. Apesar da dificuldade, vamos tentar estabelecer uma escala de impacto ambiental para embalagens. Para isso, vamos\u2026","rel":"","context":"Em &quot;Consumo&quot;","block_context":{"text":"Consumo","link":"https:\/\/radames.manosso.nom.br\/ambiental\/category\/consumo\/"},"img":{"alt_text":"","src":"https:\/\/i0.wp.com\/radames.manosso.nom.br\/ambiental\/files\/latinhas-aluminio.jpg?resize=350%2C200&ssl=1","width":350,"height":200},"classes":[]},{"id":1854,"url":"https:\/\/radames.manosso.nom.br\/ambiental\/comportamento\/ser-ecologico-ou-nao-eis-a-questao\/","url_meta":{"origin":356,"position":4},"title":"Ser ecol\u00f3gico ou n\u00e3o, eis a quest\u00e3o","author":"Radam\u00e9s","date":false,"format":false,"excerpt":"Nesta postagem vamos discutir algumas situa\u00e7\u00f5es em que a dimens\u00e3o ecol\u00f3gica colide com outras dimens\u00f5es da vida. Qual deve prevalecer nesses casos? Inova\u00e7\u00e3o x padroniza\u00e7\u00e3o Os principais fabricantes de aparelhos celulares fecharam acordo em 2009 para adotar carregadores de bateria universais a partir de 2012. A ideia \u00e9 permitir que\u2026","rel":"","context":"Em &quot;Comportamento&quot;","block_context":{"text":"Comportamento","link":"https:\/\/radames.manosso.nom.br\/ambiental\/category\/comportamento\/"},"img":{"alt_text":"","src":"https:\/\/i0.wp.com\/radames.manosso.nom.br\/ambiental\/files\/acessorios-celular.jpg?resize=350%2C200&ssl=1","width":350,"height":200},"classes":[]},{"id":17,"url":"https:\/\/radames.manosso.nom.br\/ambiental\/para-comecar\/credito-ambiental\/","url_meta":{"origin":356,"position":5},"title":"Cr\u00e9dito ambiental","author":"Radam\u00e9s","date":false,"format":false,"excerpt":"O protocolo de Kyoto introduziu o conceito de cr\u00e9dito de carbono. Os pa\u00edses que assinaram o protocolo t\u00eam o compromisso de reduzir as emiss\u00f5es de gases que aumentam o aquecimento global. Eles podem fazer isso tomando iniciativas dentro de suas fronteiras ou em outros pa\u00edses. Quando um pa\u00eds ou empresa\u2026","rel":"","context":"Em &quot;Para come\u00e7ar&quot;","block_context":{"text":"Para come\u00e7ar","link":"https:\/\/radames.manosso.nom.br\/ambiental\/category\/para-comecar\/"},"img":{"alt_text":"","src":"https:\/\/i0.wp.com\/radames.manosso.nom.br\/ambiental\/files\/sustentabilidade.jpg?resize=350%2C200","width":350,"height":200},"classes":[]}],"_links":{"self":[{"href":"https:\/\/radames.manosso.nom.br\/ambiental\/wp-json\/wp\/v2\/posts\/356","targetHints":{"allow":["GET"]}}],"collection":[{"href":"https:\/\/radames.manosso.nom.br\/ambiental\/wp-json\/wp\/v2\/posts"}],"about":[{"href":"https:\/\/radames.manosso.nom.br\/ambiental\/wp-json\/wp\/v2\/types\/post"}],"author":[{"embeddable":true,"href":"https:\/\/radames.manosso.nom.br\/ambiental\/wp-json\/wp\/v2\/users\/1"}],"replies":[{"embeddable":true,"href":"https:\/\/radames.manosso.nom.br\/ambiental\/wp-json\/wp\/v2\/comments?post=356"}],"version-history":[{"count":9,"href":"https:\/\/radames.manosso.nom.br\/ambiental\/wp-json\/wp\/v2\/posts\/356\/revisions"}],"predecessor-version":[{"id":1653,"href":"https:\/\/radames.manosso.nom.br\/ambiental\/wp-json\/wp\/v2\/posts\/356\/revisions\/1653"}],"wp:attachment":[{"href":"https:\/\/radames.manosso.nom.br\/ambiental\/wp-json\/wp\/v2\/media?parent=356"}],"wp:term":[{"taxonomy":"category","embeddable":true,"href":"https:\/\/radames.manosso.nom.br\/ambiental\/wp-json\/wp\/v2\/categories?post=356"},{"taxonomy":"post_tag","embeddable":true,"href":"https:\/\/radames.manosso.nom.br\/ambiental\/wp-json\/wp\/v2\/tags?post=356"}],"curies":[{"name":"wp","href":"https:\/\/api.w.org\/{rel}","templated":true}]}}