{"id":42,"date":"2010-09-07T23:42:29","date_gmt":"2010-09-08T02:42:29","guid":{"rendered":"http:\/\/radames.manosso.nom.br\/ambiental\/?p=42"},"modified":"2021-01-18T17:30:57","modified_gmt":"2021-01-18T20:30:57","slug":"captacao-de-agua-da-chuva","status":"publish","type":"post","link":"https:\/\/radames.manosso.nom.br\/ambiental\/agua\/captacao-de-agua-da-chuva\/","title":{"rendered":"Capta\u00e7\u00e3o de \u00e1gua da chuva"},"content":{"rendered":"\n<p>A \u00e1gua da chuva \u00e9 destilada e cai sem cobrar impostos. Recolher essa \u00e1gua que vem do c\u00e9u e aproveit\u00e1-la \u00e9 uma tend\u00eancia forte na busca de solu\u00e7\u00f5es para economizar \u00e1gua pot\u00e1vel. A id\u00e9ia \u00e9 n\u00e3o perder a \u00e1gua da chuva que cai no telhado. Se ela n\u00e3o for captada, vai acabar se infiltrando na terra, ou ent\u00e3o, pode ir para o sistema de \u00e1guas pluviais urbano. Se esse sistema estiver sobrecarregado, a \u00e1gua n\u00e3o captada vai aumentar o caos dos alagamentos.<\/p>\n\n\n\n<p>A \u00e1gua de chuva captada nos telhados n\u00e3o \u00e9 pot\u00e1vel porque entra em contato com impurezas por onde passa. No entanto, \u00e9 boa para v\u00e1rios usos como descarga de vasos sanit\u00e1rios; lavagem de carros e cal\u00e7adas ou irriga\u00e7\u00e3o de jardim. Em alguns casos, pode ser usada na lavagem de roupas.<\/p>\n\n\n\n<h3 class=\"wp-block-heading\">Sistema de capta\u00e7\u00e3o de \u00e1gua pluvial<\/h3>\n\n\n\n<figure class=\"wp-block-image size-large\"><a href=\"https:\/\/i0.wp.com\/radames.manosso.nom.br\/ambiental\/files\/captacao-agua-chuva-casa.jpg?ssl=1\"><img data-recalc-dims=\"1\" loading=\"lazy\" decoding=\"async\" width=\"500\" height=\"375\" src=\"https:\/\/i0.wp.com\/radames.manosso.nom.br\/ambiental\/files\/captacao-de-agua-da-chuva.jpg?resize=500%2C375&#038;ssl=1\" alt=\"Capta\u00e7\u00e3o de \u00e1gua da chuva\" class=\"wp-image-1452\" title=\"Casa com capta\u00e7\u00e3o de \u00e1gua da chuva\" srcset=\"https:\/\/i0.wp.com\/radames.manosso.nom.br\/ambiental\/files\/captacao-de-agua-da-chuva.jpg?w=500&amp;ssl=1 500w, https:\/\/i0.wp.com\/radames.manosso.nom.br\/ambiental\/files\/captacao-de-agua-da-chuva.jpg?resize=300%2C225&amp;ssl=1 300w\" sizes=\"auto, (max-width: 500px) 100vw, 500px\" \/><\/a><\/figure>\n\n\n\n<!--more-->\n\n\n\n<p>Na ilustra\u00e7\u00e3o, temos um esquema de como fazer capta\u00e7\u00e3o de \u00e1gua da chuva. Veja os elementos desse sistema:<\/p>\n\n\n\n<ul class=\"wp-block-list\"><li><strong>Calhas e dutos<\/strong>. A chuva cai nos telhados, \u00e9 recolhida pelas calhas e conduzida at\u00e9 o filtro.<\/li><li><strong>Filtros<\/strong>. Descartam o primeiro fluxo contaminado no in\u00edcio da chuva e removem sujeiras como folhas e insetos.<\/li><li><strong>Cisterna<\/strong>. Pode ser instalada no ch\u00e3o ou enterrada e deve ter volume suficiente para armazenar uma boa quantidade de \u00e1gua.<\/li><li><strong>Bomba<\/strong>: pode ser submersa ou bomba aspirante. Ela envia a \u00e1gua da cisterna para a caixa d&#8217;\u00e1gua elevada. <\/li><li><strong>Caixa d&#8217;\u00e1gua elevada<\/strong>. \u00c9 instalada em local alto para depois servir os pontos de consumo por gravidade.<\/li><li><strong>Tubula\u00e7\u00e3o de distribui\u00e7\u00e3o<\/strong>. A \u00e1gua da chuva \u00e9 distribu\u00edda para o vaso sanit\u00e1rio, a irriga\u00e7\u00e3o do jardim, o tanque de lavar roupa e a m\u00e1quina de lavar.<\/li><\/ul>\n\n\n\n<p>A capta\u00e7\u00e3o de \u00e1gua da chuva pode ser aplicada em resid\u00eancias, condom\u00ednios, pr\u00e9dios comerciais e industriais. Seu custo ainda \u00e9 alto, mas vai se pagando aos poucos com a economia na conta de \u00e1gua. O consumo de \u00e1gua tratada em uma resid\u00eancia pode cair a menos da metade com a instala\u00e7\u00e3o de um sistema de capta\u00e7\u00e3o de \u00e1gua.<\/p>\n\n\n\n<h3 class=\"wp-block-heading\">Cisterna no piso ou enterrada?<\/h3>\n\n\n\n<p>A escolha da cisterna depende de quanto voc\u00ea est\u00e1 disposto a investir. Ela faz o armazenamento principal da \u00e1gua de chuva. Para evitar custos com escava\u00e7\u00e3o existem cisternas para instalar direto no piso. Elas tem menor capacidade, mas ocupam pouco espa\u00e7o, n\u00e3o requerem obras no terreno.<\/p>\n\n\n\n<figure class=\"wp-block-image size-large\"><img data-recalc-dims=\"1\" loading=\"lazy\" decoding=\"async\" width=\"600\" height=\"395\" src=\"https:\/\/i0.wp.com\/radames.manosso.nom.br\/ambiental\/files\/Cisternas_Modulares.jpg?resize=600%2C395&#038;ssl=1\" alt=\"cisternas modulares\" class=\"wp-image-1454\" srcset=\"https:\/\/i0.wp.com\/radames.manosso.nom.br\/ambiental\/files\/Cisternas_Modulares.jpg?w=600&amp;ssl=1 600w, https:\/\/i0.wp.com\/radames.manosso.nom.br\/ambiental\/files\/Cisternas_Modulares.jpg?resize=300%2C198&amp;ssl=1 300w\" sizes=\"auto, (max-width: 600px) 100vw, 600px\" \/><\/figure>\n\n\n\n<p>A cisterna enterrada \u00e9 a solu\u00e7\u00e3o para quem quer aproveitar toda a \u00e1gua que cai no telhado. Elas tem volume maior e sendo enterradas n\u00e3o ocupam espa\u00e7o. Nesse caso \u00e9 preciso cuidado com a seguran\u00e7a. Mantenha o acesso \u00e0 cisterna bem fechado no cadeado para evitar acidentes com crian\u00e7as e animais.<\/p>\n\n\n\n<figure class=\"wp-block-image size-large\"><img data-recalc-dims=\"1\" loading=\"lazy\" decoding=\"async\" width=\"500\" height=\"293\" src=\"https:\/\/i0.wp.com\/radames.manosso.nom.br\/ambiental\/files\/cisterna-enterrada.jpg?resize=500%2C293&#038;ssl=1\" alt=\"\" class=\"wp-image-1456\" srcset=\"https:\/\/i0.wp.com\/radames.manosso.nom.br\/ambiental\/files\/cisterna-enterrada.jpg?w=500&amp;ssl=1 500w, https:\/\/i0.wp.com\/radames.manosso.nom.br\/ambiental\/files\/cisterna-enterrada.jpg?resize=300%2C176&amp;ssl=1 300w\" sizes=\"auto, (max-width: 500px) 100vw, 500px\" \/><\/figure>\n\n\n\n<p>Vamos dar um exemplo de dimensionamento do volume da cisterna. Digamos que voc\u00ea quer captar toda a \u00e1gua que vem do telhado e que seu telhado tem uma \u00e1rea de 100 m2. Uma chuva m\u00e9dia em sua regi\u00e3o costuma ter 30 mm de precipita\u00e7\u00e3o.<\/p>\n\n\n\n<p>V = 100 m2 x (30 mm\/1000) = 3 m3<\/p>\n\n\n\n<p>Uma cisterna de 3 m3 teria capacidade para recolher toda a \u00e1gua do seu telhado durante uma chuva m\u00e9dia. <\/p>\n\n\n\n<h3 class=\"wp-block-heading\">Filtragem da \u00e1gua da chuva<\/h3>\n\n\n\n<p>A \u00e1gua da chuva \u00e9 destilada e pura, mas no caminho que percorre pode recolher poeira, sujeiras do telhado, folhas, etc. Para resolver esse problema existem os filtros que se coloca antes da cisterna. Um bom filtro deve ter as seguintes caracter\u00edsticas:<\/p>\n\n\n\n<ul class=\"wp-block-list\"><li>Separar e descartar o fluxo inicial de \u00e1gua que \u00e9 o mais sujo.<\/li><li>Peneirar folhas e sujeiras maiores.<\/li><li>Impedir a entrada de insetos na cisterna.<\/li><li>Permitir a clora\u00e7\u00e3o da \u00e1gua da cisterna.<\/li><\/ul>\n\n\n\n<figure class=\"wp-block-image size-large\"><img data-recalc-dims=\"1\" loading=\"lazy\" decoding=\"async\" width=\"250\" height=\"250\" src=\"https:\/\/i0.wp.com\/radames.manosso.nom.br\/ambiental\/files\/filtro-para-agua-da-chuva.jpg?resize=250%2C250&#038;ssl=1\" alt=\"filtro para \u00e1gua da chuva\" class=\"wp-image-1458\" srcset=\"https:\/\/i0.wp.com\/radames.manosso.nom.br\/ambiental\/files\/filtro-para-agua-da-chuva.jpg?w=250&amp;ssl=1 250w, https:\/\/i0.wp.com\/radames.manosso.nom.br\/ambiental\/files\/filtro-para-agua-da-chuva.jpg?resize=150%2C150&amp;ssl=1 150w\" sizes=\"auto, (max-width: 250px) 100vw, 250px\" \/><\/figure>\n\n\n\n<h3 class=\"wp-block-heading\">Onde usar \u00e1gua da chuva<\/h3>\n\n\n\n<p>A \u00e1gua pluvial n\u00e3o \u00e9 pot\u00e1vel, mas pode ser usada de v\u00e1rias formas como:<\/p>\n\n\n\n<ul class=\"wp-block-list\"><li>Irriga\u00e7\u00e3o de jardim e quintal.<\/li><li>Descarga de vasos sanit\u00e1rios.<\/li><li>Lavagem de pisos, autom\u00f3veis, etc.<\/li><li>Lavagem de roupa.<\/li><\/ul>\n\n\n\n<h3 class=\"wp-block-heading\">Vantagens para o meio ambiente<\/h3>\n\n\n\n<p>A capta\u00e7\u00e3o de \u00e1gua pluvial traz v\u00e1rias vantagens para o ambiente. Primeiramente, reduz o consumo de \u00e1gua pot\u00e1vel, que custa caro e agride o meio ambiente com a cria\u00e7\u00e3o de represas, consumo de produtos qu\u00edmicos, etc. <\/p>\n\n\n\n<p>Em segundo lugar, a capta\u00e7\u00e3o de \u00e1gua da chuva reduz o fluxo de \u00e1gua que corre para o sistema de \u00e1guas pluviais durante as chuvas. Isso pode aliviar os transtornos com alagamentos pois a \u00e1gua ser\u00e1 liberada aos poucos nos dias seguintes \u00e0 chuva. O sistema de capta\u00e7\u00e3o consome pouca energia e a maioria de seus componentes pode ser fabricada com pl\u00e1stico reciclado.<\/p>\n\n\n\n<p>Com o tempo, \u00e9 prov\u00e1vel que o poder p\u00fablico crie mecanismos para estimular a capta\u00e7\u00e3o de \u00e1gua de chuva na \u00e1rea urbana. O ideal seria que os propriet\u00e1rios de terrenos fossem respons\u00e1veis pela capta\u00e7\u00e3o de toda a chuva que cai sobre as \u00e1reas constru\u00eddas no seu terreno, incluindo a\u00ed cal\u00e7amento e pavimenta\u00e7\u00e3o. Essa medida teria a vantagem adicional de estimular a amplia\u00e7\u00e3o da \u00e1rea de infiltra\u00e7\u00e3o na \u00e1rea urbana.<\/p>\n\n\n\n<h3 class=\"wp-block-heading\">Como viver de \u00e1gua da chuva<\/h3>\n\n\n\n<p>A capta\u00e7\u00e3o de \u00e1gua da chuva para consumo residencial est\u00e1 come\u00e7ando a se popularizar e a maioria dos projetos tem por objetivo substituir parcialmente a \u00e1gua fornecida pela concession\u00e1ria. Ainda s\u00e3o raras propostas mais radicais como a de viver apenas com \u00e1gua da chuva. A ideia pode parecer estranha para quem imagina a \u00e1gua como um l\u00edquido farto que brota daquele cano que vem da rua. Quem vive no s\u00edtio sabe que a \u00e1gua tamb\u00e9m pode vir do fundo da terra ou da mina ao p\u00e9 da serra. Em meio urbano, por\u00e9m, a chuva \u00e9 a op\u00e7\u00e3o pr\u00f3xima menos polu\u00edda que o cidad\u00e3o disp\u00f5e para atender as necessidades da casa ecol\u00f3gica.<\/p>\n\n\n\n<figure class=\"wp-block-image\"><img loading=\"lazy\" decoding=\"async\" width=\"450\" height=\"338\" src=\"https:\/\/i0.wp.com\/radames.manosso.nom.br\/ambiental\/files\/telhado-chuva-e1492044053257.jpg?resize=450%2C338\" alt=\"telhado chuva\" class=\"wp-image-772\" title=\"telhado chuva\"\/><\/figure>\n\n\n\n<p>Para conceber uma casa aut\u00f4noma em \u00e1gua \u00e9 preciso considerar o seguinte:<\/p>\n\n\n\n<p><strong>Capta\u00e7\u00e3o<\/strong>. \u00c9 poss\u00edvel abastecer uma casa apenas com \u00e1gua de chuva desde que S\u00e3o Pedro ajude e v\u00e1rias provid\u00eancias sejam tomadas pelos moradores. Vamos fazer algumas contas de padeiro: a Unesco estima que o consumo m\u00ednimo de \u00e1gua gira em torno de 110 litros por pessoa por dia, mas vamos considerar uma cota mais folgada de 200 litros\/pessoa\/dia, logo, uma casa com 4 pessoas consumiria 24.000 litros por m\u00eas. Se a casa contar com um bom projeto de reuso o consumo pode cair pela metade, afinal \u00e9 poss\u00edvel lavar pisos, regar plantas e dar descarga com \u00e1gua reutilizada. Nessas condi\u00e7\u00f5es, a fam\u00edlia precisa captar 12.000 litros de chuva por m\u00eas. Vamos imaginar que a m\u00e9dia de chuva na regi\u00e3o fica em torno de 100 mm por m\u00eas, um valor normal para muitas regi\u00f5es brasileiras. Para esse n\u00edvel de precipita\u00e7\u00e3o, a casa teria que contar com uma \u00e1rea de coleta de 120 m2, valor compat\u00edvel com a \u00e1rea de telhado das resid\u00eancias de classe m\u00e9dia.<\/p>\n\n\n\n<p><strong>Tratamento<\/strong>. Depois de coletar a \u00e1gua da chuva ser\u00e1 preciso armazen\u00e1-la e trat\u00e1-la. Quanto mais uniforme for a distribui\u00e7\u00e3o das chuvas, menor pode ser a cisterna, mas \u00e9 preciso encontrar um meio termo entre seguran\u00e7a contra falta de \u00e1gua e custo da armazenagem. De qualquer maneira, ser\u00e1 dif\u00edcil fugir de um estoque m\u00ednimo de 4.000 litros, distribu\u00eddo entre cisterna e caixas elevadas. \u00c1gua da chuva na teoria \u00e9 pur\u00edssima, mas a polui\u00e7\u00e3o das cidades e a sujeira dos telhados exigem um tratamento b\u00e1sico para deix\u00e1-la em condi\u00e7\u00f5es de uso residencial. <\/p>\n\n\n\n<p>Se a ideia for substituir integralmente o consumo de \u00e1gua da rua, ent\u00e3o uma parte da \u00e1gua pluvial ter\u00e1 que passar por tratamento adicional que a torne pot\u00e1vel. Esses tratamentos podem ser feitos de v\u00e1rias formas. Uma solu\u00e7\u00e3o t\u00edpica envolve o descarte do primeiro fluxo de \u00e1gua, peneiramento, filtragem com areia e carv\u00e3o e desinfec\u00e7\u00e3o final com hipoclorito. Um problema de quem trata a pr\u00f3pria \u00e1gua em casa est\u00e1 na necessidade de acompanhar a qualidade e o bom funcionamento do fluxo. Isso toma tempo e requer algum conhecimento t\u00e9cnico, mas como \u00e9 pelo bem do meio ambiente, vale o esfor\u00e7o, n\u00e9?<\/p>\n\n\n\n<p><strong>Potabilidade<\/strong>. A \u00e1gua da chuva \u00e9 destilada e muito pura enquanto se forma l\u00e1 no c\u00e9u, mas fica impregnada de algumas impurezas no caminho que percorre at\u00e9 chegar na caixa d\u2019\u00e1gua. Para garantir a potabilidade da \u00e1gua da chuva \u00e9 preciso filtr\u00e1-la e desinfet\u00e1-la. Alguns especialistas v\u00e3o dizer que mesmo tratada a \u00e1gua de chuva n\u00e3o \u00e9 ideal para beber, pois n\u00e3o \u00e9 fluoretada e n\u00e3o cont\u00e9m os sais minerais presentes na \u00e1gua das companhias de saneamento. Realmente, ser\u00e1 preciso compensar essa car\u00eancia de outras formas. A \u00e1gua fluoretada previne a c\u00e1rie dent\u00e1ria, mas existem outras maneiras de cuidar dos dentes e um dentista pode dar dicas a respeito. Para quem \u00e9 exigente com o paladar e com as qualidades nutricionais da \u00e1gua que bebe, existe a op\u00e7\u00e3o do gal\u00e3o retorn\u00e1vel de \u00e1gua mineral. A \u00e1gua mineral engarrafada \u00e9 um pouco menos ecol\u00f3gica, mas pode simplificar a vida dos ecol\u00f3gicos moradores.<\/p>\n\n\n\n<p><strong>Volta ao passado<\/strong>. Usar a \u00e1gua da chuva para consumo familiar \u00e9 uma pr\u00e1tica antiga que remonta ao tempo dos castelos medievais. Pois \u00e9, mais uma vez fica demonstrado que a atitude ecol\u00f3gica costuma ser uma volta ao passado.<\/p>\n\n\n\n<p>     <\/p>\n\n\n\n<h3 class=\"wp-block-heading\">Eco-tecno-casa<\/h3>\n\n\n\n<ul class=\"wp-block-list\"><li><a href=\"https:\/\/radames.manosso.nom.br\/ambiental\/habitacao\/mitos-sobre-casas-ecologicas\/\">Mitos sobre casas ecol\u00f3gicas<\/a><\/li><li><a href=\"https:\/\/radames.manosso.nom.br\/ambiental\/habitacao\/os-sistemas-da-casa-ecologica\/\">Os sistemas da casa ecol\u00f3gica<\/a><\/li><li><a href=\"https:\/\/radames.manosso.nom.br\/ambiental\/residuos\/a-casa-sem-esgoto\/\">A casa que n\u00e3o gera esgoto<\/a><\/li><li><a href=\"https:\/\/radames.manosso.nom.br\/ambiental\/consumo\/casa-autonoma-e-um-sonho-ecologico-possivel\/\">Casa aut\u00f4noma \u00e9 um sonho ecol\u00f3gico poss\u00edvel?<\/a><\/li><li><a href=\"https:\/\/radames.manosso.nom.br\/ambiental\/ideias\/como-reaproveitar-a-agua-da-lavadora-sem-levar-banho\/\">Como reaproveitar a \u00e1gua da lavadora sem levar banho<\/a><\/li><li><a href=\"https:\/\/radames.manosso.nom.br\/ambiental\/residuos\/esgoto-domestico\/\">Esgoto dom\u00e9stico<\/a><\/li><li><a href=\"https:\/\/radames.manosso.nom.br\/ambiental\/habitacao\/casa-ecologica\/\">Casa ecol\u00f3gica<\/a><\/li><li><a href=\"https:\/\/radames.manosso.nom.br\/ambiental\/agua\/captacao-de-agua-da-chuva\/\">Capta\u00e7\u00e3o de \u00e1gua da chuva<\/a><\/li><\/ul>\n","protected":false},"excerpt":{"rendered":"<p>A \u00e1gua da chuva \u00e9 destilada e cai sem cobrar impostos. Recolher essa \u00e1gua que vem do c\u00e9u e aproveit\u00e1-la \u00e9 uma tend\u00eancia forte na busca de solu\u00e7\u00f5es para economizar \u00e1gua pot\u00e1vel. A id\u00e9ia \u00e9 n\u00e3o perder a \u00e1gua da chuva que cai no telhado. Se ela n\u00e3o for captada, vai acabar se infiltrando na &hellip; <a href=\"https:\/\/radames.manosso.nom.br\/ambiental\/agua\/captacao-de-agua-da-chuva\/\" class=\"more-link\">Continue lendo <span class=\"screen-reader-text\">Capta\u00e7\u00e3o de \u00e1gua da chuva<\/span> <span class=\"meta-nav\">&rarr;<\/span><\/a><\/p>\n","protected":false},"author":1,"featured_media":0,"comment_status":"open","ping_status":"open","sticky":false,"template":"","format":"standard","meta":{"jetpack_post_was_ever_published":false,"_jetpack_newsletter_access":"","_jetpack_dont_email_post_to_subs":false,"_jetpack_newsletter_tier_id":0,"_jetpack_memberships_contains_paywalled_content":false,"_jetpack_memberships_contains_paid_content":false,"footnotes":""},"categories":[4],"tags":[22,24,23,15],"class_list":["post-42","post","type-post","status-publish","format-standard","hentry","category-agua","tag-agua-2","tag-agua-pluvial","tag-captacao","tag-consumo-2"],"jetpack_featured_media_url":"","jetpack_sharing_enabled":true,"jetpack_shortlink":"https:\/\/wp.me\/p13UHu-G","jetpack-related-posts":[{"id":883,"url":"https:\/\/radames.manosso.nom.br\/ambiental\/habitacao\/os-sistemas-da-casa-ecologica\/","url_meta":{"origin":42,"position":0},"title":"Os sistemas da casa ecol\u00f3gica","author":"Radam\u00e9s","date":false,"format":false,"excerpt":"Quando falamos de casa ecol\u00f3gica temos que considerar tamb\u00e9m outros tipos de moradia como apartamentos, lofts e condom\u00ednios. Todos\u00a0esses tipos de constru\u00e7\u00e3o podem ser chamados ecol\u00f3gicos\u00a0desde que tenham em comum o baixo impacto ambiental. Para simplificar, aqui vamos levar em conta apenas a casa uni familiar constru\u00edda em condi\u00e7\u00f5es ideais\u2026","rel":"","context":"Em &quot;Habita\u00e7\u00e3o&quot;","block_context":{"text":"Habita\u00e7\u00e3o","link":"https:\/\/radames.manosso.nom.br\/ambiental\/category\/habitacao\/"},"img":{"alt_text":"","src":"https:\/\/i0.wp.com\/radames.manosso.nom.br\/ambiental\/files\/eco-casa.jpg?resize=350%2C200&ssl=1","width":350,"height":200},"classes":[]},{"id":794,"url":"https:\/\/radames.manosso.nom.br\/ambiental\/residuos\/a-casa-sem-esgoto\/","url_meta":{"origin":42,"position":1},"title":"A casa que n\u00e3o gera esgoto","author":"Radam\u00e9s","date":false,"format":false,"excerpt":"Imagine uma casa que n\u00e3o gera efluente l\u00edquido, o popular esgoto. Em vez de efluente, o \u00fanico l\u00edquido que sai da casa \u00e9 \u00e1gua com um n\u00edvel de pureza que n\u00e3o traz riscos para o ambiente nem para a sa\u00fade das pessoas. Para realizar essa fa\u00e7anha em uma casa comum\u2026","rel":"","context":"Em &quot;Res\u00edduos&quot;","block_context":{"text":"Res\u00edduos","link":"https:\/\/radames.manosso.nom.br\/ambiental\/category\/residuos\/"},"img":{"alt_text":"","src":"https:\/\/i0.wp.com\/radames.manosso.nom.br\/ambiental\/files\/aguape.jpg?resize=350%2C200&ssl=1","width":350,"height":200},"classes":[]},{"id":263,"url":"https:\/\/radames.manosso.nom.br\/ambiental\/ideias\/como-reaproveitar-a-agua-da-lavadora-sem-levar-banho\/","url_meta":{"origin":42,"position":2},"title":"Como reaproveitar a \u00e1gua da lavadora sem levar banho","author":"Radam\u00e9s","date":false,"format":false,"excerpt":"A \u00e1gua que sai da m\u00e1quina de lavar pode ser usada para lavar pisos, carro e outras coisas lav\u00e1veis com \u00e1gua de segunda m\u00e3o. A ideia \u00e9 ecol\u00f3gica, mas quem j\u00e1 tentou coloc\u00e1-la em pr\u00e1tica sabe que d\u00e1 trabalho porque a maioria das m\u00e1quinas de lavar n\u00e3o foi pensada para\u2026","rel":"","context":"Em &quot;Ideias&quot;","block_context":{"text":"Ideias","link":"https:\/\/radames.manosso.nom.br\/ambiental\/category\/ideias\/"},"img":{"alt_text":"","src":"https:\/\/i0.wp.com\/radames.manosso.nom.br\/ambiental\/files\/cisterna-vertical-150-litros-ambientacao-para-maquina-de-lavar.web_.jpg?resize=350%2C200&ssl=1","width":350,"height":200},"classes":[]},{"id":86,"url":"https:\/\/radames.manosso.nom.br\/ambiental\/habitacao\/casa-ecologica\/","url_meta":{"origin":42,"position":3},"title":"Casa ecol\u00f3gica","author":"Radam\u00e9s","date":false,"format":false,"excerpt":"N\u00e3o existe a casa absolutamente ecol\u00f3gica. O que pode existir \u00e9 uma casa com impacto ambiental bem menor que o das casas tradicionais. Portanto, o conceito de moradia ecol\u00f3gica \u00e9 relativo e est\u00e1 em constante evolu\u00e7\u00e3o. \u00c9 prov\u00e1vel que no futuro a consci\u00eancia ecol\u00f3gica aumente, as t\u00e9cnicas melhorem e surjam\u2026","rel":"","context":"Em &quot;Habita\u00e7\u00e3o&quot;","block_context":{"text":"Habita\u00e7\u00e3o","link":"https:\/\/radames.manosso.nom.br\/ambiental\/category\/habitacao\/"},"img":{"alt_text":"casa com telhado verde","src":"https:\/\/i0.wp.com\/radames.manosso.nom.br\/ambiental\/files\/casa-telhado-verde-e1492044191629.jpg?resize=350%2C200&ssl=1","width":350,"height":200},"classes":[]},{"id":1764,"url":"https:\/\/radames.manosso.nom.br\/ambiental\/comportamento\/atitudes-ambientais-eficientes\/","url_meta":{"origin":42,"position":4},"title":"Atitudes ambientais eficientes","author":"Radam\u00e9s","date":false,"format":false,"excerpt":"Iniciativas ambientais que voc\u00ea pode p\u00f4r em pr\u00e1tica na esfera privada da vida, sem depender de governo, leis, ONGs, regula\u00e7\u00f5es etc. Navegue pelas \u00e1reas: Consumo. P\u00f3s consumo. Comportamento. Moradia. Consumo Bens de qualidade Na era dos bens descart\u00e1veis a atitude ambiental \u00e9 investir em bens dur\u00e1veis de qualidade, eficientes e\u2026","rel":"","context":"Em &quot;Comportamento&quot;","block_context":{"text":"Comportamento","link":"https:\/\/radames.manosso.nom.br\/ambiental\/category\/comportamento\/"},"img":{"alt_text":"\u00f4nibus","src":"https:\/\/i0.wp.com\/radames.manosso.nom.br\/ambiental\/files\/onibus.jpg?resize=350%2C200&ssl=1","width":350,"height":200,"srcset":"https:\/\/i0.wp.com\/radames.manosso.nom.br\/ambiental\/files\/onibus.jpg?resize=350%2C200&ssl=1 1x, https:\/\/i0.wp.com\/radames.manosso.nom.br\/ambiental\/files\/onibus.jpg?resize=525%2C300&ssl=1 1.5x, https:\/\/i0.wp.com\/radames.manosso.nom.br\/ambiental\/files\/onibus.jpg?resize=700%2C400&ssl=1 2x"},"classes":[]},{"id":767,"url":"https:\/\/radames.manosso.nom.br\/ambiental\/consumo\/casa-autonoma-e-um-sonho-ecologico-possivel\/","url_meta":{"origin":42,"position":5},"title":"Casa aut\u00f4noma \u00e9 um sonho ecol\u00f3gico poss\u00edvel?","author":"Radam\u00e9s","date":false,"format":false,"excerpt":"Viver em uma casa ecol\u00f3gica \u00e9 o sonho de muita gente, mas o que define a casa ecol\u00f3gica? A condi\u00e7\u00e3o essencial \u00e9 que ela gere um impacto ambiental bem menor do que as casas \u201cnormais\u201d. Quanto menor? \u00c9 dif\u00edcil dizer, pois n\u00e3o existe padr\u00e3o para esse c\u00e1lculo. Na minha escala\u2026","rel":"","context":"Em &quot;Consumo&quot;","block_context":{"text":"Consumo","link":"https:\/\/radames.manosso.nom.br\/ambiental\/category\/consumo\/"},"img":{"alt_text":"","src":"https:\/\/i0.wp.com\/radames.manosso.nom.br\/ambiental\/files\/energia-solar-painel-celulas-fotovoltaicas.jpg?resize=350%2C200","width":350,"height":200},"classes":[]}],"_links":{"self":[{"href":"https:\/\/radames.manosso.nom.br\/ambiental\/wp-json\/wp\/v2\/posts\/42","targetHints":{"allow":["GET"]}}],"collection":[{"href":"https:\/\/radames.manosso.nom.br\/ambiental\/wp-json\/wp\/v2\/posts"}],"about":[{"href":"https:\/\/radames.manosso.nom.br\/ambiental\/wp-json\/wp\/v2\/types\/post"}],"author":[{"embeddable":true,"href":"https:\/\/radames.manosso.nom.br\/ambiental\/wp-json\/wp\/v2\/users\/1"}],"replies":[{"embeddable":true,"href":"https:\/\/radames.manosso.nom.br\/ambiental\/wp-json\/wp\/v2\/comments?post=42"}],"version-history":[{"count":9,"href":"https:\/\/radames.manosso.nom.br\/ambiental\/wp-json\/wp\/v2\/posts\/42\/revisions"}],"predecessor-version":[{"id":1633,"href":"https:\/\/radames.manosso.nom.br\/ambiental\/wp-json\/wp\/v2\/posts\/42\/revisions\/1633"}],"wp:attachment":[{"href":"https:\/\/radames.manosso.nom.br\/ambiental\/wp-json\/wp\/v2\/media?parent=42"}],"wp:term":[{"taxonomy":"category","embeddable":true,"href":"https:\/\/radames.manosso.nom.br\/ambiental\/wp-json\/wp\/v2\/categories?post=42"},{"taxonomy":"post_tag","embeddable":true,"href":"https:\/\/radames.manosso.nom.br\/ambiental\/wp-json\/wp\/v2\/tags?post=42"}],"curies":[{"name":"wp","href":"https:\/\/api.w.org\/{rel}","templated":true}]}}