{"id":701,"date":"2010-09-30T10:05:22","date_gmt":"2010-09-30T13:05:22","guid":{"rendered":"http:\/\/radames.manosso.nom.br\/ambiental\/?p=701"},"modified":"2021-01-18T17:35:13","modified_gmt":"2021-01-18T20:35:13","slug":"o-fim-da-palavra-lixo","status":"publish","type":"post","link":"https:\/\/radames.manosso.nom.br\/ambiental\/residuos\/o-fim-da-palavra-lixo\/","title":{"rendered":"O fim da palavra lixo"},"content":{"rendered":"\n<p>N\u00e3o \u00e9 o fim do lixo, mas pelo menos na lei federal dos res\u00edduos s\u00f3lidos n\u00e3o se usa mais a palavra <em>lixo<\/em>. Sancionada em 02\/08\/2010, a Pol\u00edtica Nacional de Res\u00edduos S\u00f3lidos cont\u00e9m in\u00fameros avan\u00e7os em sintonia com o novo&nbsp;pensamento ambiental. Mudan\u00e7as culturais v\u00eam acompanhadas de mudan\u00e7as no vocabul\u00e1rio e isso \u00e9 vis\u00edvel na nova lei que vai trazer novas express\u00f5es para o&nbsp;nosso cotidiano.<\/p>\n\n\n\n<figure class=\"wp-block-image\"><a href=\"https:\/\/i0.wp.com\/radames.manosso.nom.br\/ambiental\/files\/lixao.jpg?ssl=1\"><img data-recalc-dims=\"1\" loading=\"lazy\" decoding=\"async\" width=\"484\" height=\"349\" src=\"https:\/\/i0.wp.com\/radames.manosso.nom.br\/ambiental\/files\/lixao.jpg?resize=484%2C349&#038;ssl=1\" alt=\"\" class=\"wp-image-702\" title=\"Lix\u00e3o\" srcset=\"https:\/\/i0.wp.com\/radames.manosso.nom.br\/ambiental\/files\/lixao.jpg?w=484&amp;ssl=1 484w, https:\/\/i0.wp.com\/radames.manosso.nom.br\/ambiental\/files\/lixao.jpg?resize=300%2C216&amp;ssl=1 300w, https:\/\/i0.wp.com\/radames.manosso.nom.br\/ambiental\/files\/lixao.jpg?resize=150%2C108&amp;ssl=1 150w\" sizes=\"auto, (max-width: 484px) 100vw, 484px\" \/><\/a><\/figure>\n\n\n\n<!--more-->\n\n\n\n<h3 class=\"wp-block-heading\">Lixo, n\u00e3o. Res\u00edduo s\u00f3lido<\/h3>\n\n\n\n<p>A palavra <em>lixo<\/em> embute uma vis\u00e3o ultrapassada de civiliza\u00e7\u00e3o. Segundo o Aur\u00e9lio, lixo \u00e9 \u201c<em>tudo o que n\u00e3o presta e se joga fora<\/em>\u201c. Lixo \u00e9 uma coisa que n\u00e3o serve para nada, que precisa ser despachada o mais r\u00e1pido poss\u00edvel para longe dos nossos olhos e narizes. Na natureza, felizmente, vigoram as leis da conserva\u00e7\u00e3o da energia e da mat\u00e9ria. <\/p>\n\n\n\n<p>O que chamamos de lixo n\u00e3o vai desaparecer em um passe de m\u00e1gica depois de ser lan\u00e7ado por a\u00ed, vai se transformar e a nossa parte \u00e9 trabalhar para que se transforme em novos bens e n\u00e3o em problemas ambientais. Ao substituir a palavra <em>lixo<\/em> pela express\u00e3o <em>res\u00edduo s\u00f3lido<\/em>, a nova lei estabelece um novo paradigma. <\/p>\n\n\n\n<p>Res\u00edduo s\u00f3lido \u00e9 algo que pode ser reusado, reciclado,&nbsp;tratado. Res\u00edduo s\u00f3lido \u00e9 algo complexo que tem valor econ\u00f4mico e todas as pessoas que&nbsp;participam do seu ciclo de vida s\u00e3o respons\u00e1veis por ele. Estamos falando das empresas, do poder p\u00fablico e do consumidor.<\/p>\n\n\n\n<h3 class=\"wp-block-heading\">Log\u00edstica reversa<\/h3>\n\n\n\n<p>Outra express\u00e3o que a nova lei apresenta \u00e9 <em>log\u00edstica reversa<\/em>. As empresas passam a ser respons\u00e1veis pela coleta das embalagens e produtos que produziram depois que esses bens chegarem ao fim de seu ciclo de vida \u00fatil. Na pr\u00e1tica, o que vai acontecer s\u00e3o situa\u00e7\u00f5es como esta: O cliente compra uma geladeira, a transportadora entrega a geladeira na casa do cliente e leva de volta a embalagem para ser reusada ou reciclada pelo fabricante. <\/p>\n\n\n\n<p>Outro exemplo: O cliente compra um celular e quando esse aparelho estragar ou ficar obsoleto, o dono&nbsp;ser\u00e1 respons\u00e1vel por lev\u00e1-lo at\u00e9 uma loja onde deve encontrar uma caixa de coleta para esse tipo de res\u00edduo. O lojista deve entregar os aparelhos descartados para o fabricante que&nbsp;deve reciclar os res\u00edduos segundo as melhores pr\u00e1ticas dispon\u00edveis. A log\u00edstica reversa se aplica especialmente a bens como: embalagens de agrot\u00f3xicos, pneus, l\u00e2mpadas, pilhas, baterias e \u00f3leos lubrificantes.<\/p>\n\n\n\n<p>Outras express\u00f5es de cunho ambientalista est\u00e3o presentes na nova lei:&nbsp;coleta multi-seletiva; ciclo de vida de produto; destina\u00e7\u00e3o final; fluxo de res\u00edduos s\u00f3lidos; res\u00edduos urbano, industrial, rural, de servi\u00e7os de sa\u00fade, especiais; plano de gest\u00e3o integrada de res\u00edduos s\u00f3lidos.<\/p>\n\n\n\n<p>Tor\u00e7o para que a nova lei n\u00e3o fique apenas no \u00e2mbito das palavras e\u00a0 tomara que a palavra <em>lix\u00e3o<\/em> se torne uma express\u00e3o em desuso, citada nos livros de Hist\u00f3ria como uma trag\u00e9dia ambiental e social do passado.<\/p>\n\n\n\n<h3 class=\"wp-block-heading\">Res\u00edduos<\/h3>\n\n\n\n<ul class=\"wp-block-list\"><li><a href=\"https:\/\/radames.manosso.nom.br\/ambiental\/residuos\/por-que-algumas-pessoas-nao-reciclam\/\">Por que algumas pessoas n\u00e3o reciclam?<\/a><\/li><li><a href=\"https:\/\/radames.manosso.nom.br\/ambiental\/residuos\/quantos-tipos-de-residuos-geramos-em-casa\/\">Quantos tipos de res\u00edduos geramos em casa<\/a><\/li><li><a href=\"https:\/\/radames.manosso.nom.br\/ambiental\/residuos\/o-fim-da-palavra-lixo\/\">O fim da palavra lixo<\/a><\/li><li><a href=\"https:\/\/radames.manosso.nom.br\/ambiental\/residuos\/lixo-que-vale-ouro\/\">Lixo que vale ouro<\/a><\/li><li><a href=\"https:\/\/radames.manosso.nom.br\/ambiental\/ideias\/quanto-vale-um-quilo-de-coco-de-cachorro\/\">Quanto vale um kg de coc\u00f4 de cachorro?<\/a><\/li><li><a href=\"https:\/\/radames.manosso.nom.br\/ambiental\/residuos\/coleta-seletiva-do-lixo\/\">Coleta seletiva do lixo<\/a><\/li><li><a href=\"https:\/\/radames.manosso.nom.br\/ambiental\/residuos\/lixo-organico\/\">Lixo org\u00e2nico \u2013 o que \u00e9 e como tratar<\/a><\/li><li><a href=\"https:\/\/radames.manosso.nom.br\/ambiental\/residuos\/reciclavel-e-nao-reciclavel\/\">Recicl\u00e1vel e n\u00e3o recicl\u00e1vel<\/a><\/li><li><a href=\"https:\/\/radames.manosso.nom.br\/ambiental\/residuos\/mitos-sobre-reciclagem\/\">Mitos sobre reciclagem<\/a><\/li><li><a href=\"https:\/\/radames.manosso.nom.br\/ambiental\/consumo\/impacto-ambiental-de-embalagens\/\">Impacto ambiental de embalagens<\/a><\/li><\/ul>\n","protected":false},"excerpt":{"rendered":"<p>N\u00e3o \u00e9 o fim do lixo, mas pelo menos na lei federal dos res\u00edduos s\u00f3lidos n\u00e3o se usa mais a palavra lixo. Sancionada em 02\/08\/2010, a Pol\u00edtica Nacional de Res\u00edduos S\u00f3lidos cont\u00e9m in\u00fameros avan\u00e7os em sintonia com o novo&nbsp;pensamento ambiental. Mudan\u00e7as culturais v\u00eam acompanhadas de mudan\u00e7as no vocabul\u00e1rio e isso \u00e9 vis\u00edvel na nova lei &hellip; <a href=\"https:\/\/radames.manosso.nom.br\/ambiental\/residuos\/o-fim-da-palavra-lixo\/\" class=\"more-link\">Continue lendo <span class=\"screen-reader-text\">O fim da palavra lixo<\/span> <span class=\"meta-nav\">&rarr;<\/span><\/a><\/p>\n","protected":false},"author":1,"featured_media":0,"comment_status":"open","ping_status":"open","sticky":false,"template":"","format":"standard","meta":{"jetpack_post_was_ever_published":false,"_jetpack_newsletter_access":"","_jetpack_dont_email_post_to_subs":false,"_jetpack_newsletter_tier_id":0,"_jetpack_memberships_contains_paywalled_content":false,"_jetpack_memberships_contains_paid_content":false,"footnotes":""},"categories":[8],"tags":[44,50,46],"class_list":["post-701","post","type-post","status-publish","format-standard","hentry","category-residuos","tag-lixo","tag-reciclagem","tag-tratamento-de-residuos"],"jetpack_featured_media_url":"","jetpack_sharing_enabled":true,"jetpack_shortlink":"https:\/\/wp.me\/p13UHu-bj","jetpack-related-posts":[{"id":131,"url":"https:\/\/radames.manosso.nom.br\/ambiental\/residuos\/lixo-organico\/","url_meta":{"origin":701,"position":0},"title":"Lixo org\u00e2nico &#8211; o que \u00e9 e como tratar","author":"Radam\u00e9s","date":false,"format":false,"excerpt":"Durante muitos s\u00e9culos, o lixo produzido pelo homem foi basicamente org\u00e2nico. Faz pouco tempo que a produ\u00e7\u00e3o de lixo se ampliou e outros tipos de res\u00edduos come\u00e7aram a abarrotar as lixeiras. O pl\u00e1stico, por exemplo, s\u00f3 come\u00e7ou a ser produzido em escala industrial em meados do s\u00e9culo XX. As estat\u00edsticas\u2026","rel":"","context":"Em &quot;Res\u00edduos&quot;","block_context":{"text":"Res\u00edduos","link":"https:\/\/radames.manosso.nom.br\/ambiental\/category\/residuos\/"},"img":{"alt_text":"","src":"https:\/\/i0.wp.com\/radames.manosso.nom.br\/ambiental\/files\/lixo-organico.jpg?resize=350%2C200&ssl=1","width":350,"height":200},"classes":[]},{"id":460,"url":"https:\/\/radames.manosso.nom.br\/ambiental\/residuos\/lixo-que-vale-ouro\/","url_meta":{"origin":701,"position":1},"title":"Lixo que vale ouro","author":"Radam\u00e9s","date":false,"format":false,"excerpt":"A fabrica\u00e7\u00e3o de aparelhos eletr\u00f4nicos utiliza uma variedade impressionante de materiais, muitos deles de alto valor comercial. Em uma tonelada de celulares velhos encontramos 340 g de ouro, 3,5 kg de prata, 140 gramas de pal\u00e1dio (mais valioso do que ouro) e 130 kg de cobre. Se esses metais forem\u2026","rel":"","context":"Em &quot;Res\u00edduos&quot;","block_context":{"text":"Res\u00edduos","link":"https:\/\/radames.manosso.nom.br\/ambiental\/category\/residuos\/"},"img":{"alt_text":"reciclagem de celulares","src":"https:\/\/i0.wp.com\/radames.manosso.nom.br\/ambiental\/files\/reciclagem-de-celulares-e1492044379229.jpg?resize=350%2C200","width":350,"height":200},"classes":[]},{"id":147,"url":"https:\/\/radames.manosso.nom.br\/ambiental\/residuos\/coleta-seletiva-do-lixo\/","url_meta":{"origin":701,"position":2},"title":"Coleta seletiva do lixo","author":"Radam\u00e9s","date":false,"format":false,"excerpt":"\"Leve o lixo para fora!\" Voc\u00ea j\u00e1 ouviu esta frase muitas vezes, n\u00e3o \u00e9 mesmo? Mas onde fica esse lugar chamado fora? Para muita gente, pode ser em qualquer lugar desde que bem longe dos olhos e do nariz. Sob o aspecto ambiental, por\u00e9m, o lugar fora onde se joga\u2026","rel":"","context":"Em &quot;Res\u00edduos&quot;","block_context":{"text":"Res\u00edduos","link":"https:\/\/radames.manosso.nom.br\/ambiental\/category\/residuos\/"},"img":{"alt_text":"","src":"https:\/\/i0.wp.com\/radames.manosso.nom.br\/ambiental\/files\/reciclavel-nao-reciclavel.png?resize=350%2C200&ssl=1","width":350,"height":200},"classes":[]},{"id":218,"url":"https:\/\/radames.manosso.nom.br\/ambiental\/ideias\/quanto-vale-um-quilo-de-coco-de-cachorro\/","url_meta":{"origin":701,"position":3},"title":"Quanto vale um quilo de coc\u00f4 de cachorro?","author":"Radam\u00e9s","date":false,"format":false,"excerpt":"Uma vez por semana percorro o quintal com uma p\u00e1 e um balde nas m\u00e3os recolhendo a produ\u00e7\u00e3o dos moradores caninos da casa. Nessa hora eu penso: ah, se isso valesse dinheiro.\u00a0Vai valer um dia. Riam os que ainda acreditam na sociedade do consumo predat\u00f3rio. Lixo \u00e9 o nome que\u2026","rel":"","context":"Em &quot;Ideias&quot;","block_context":{"text":"Ideias","link":"https:\/\/radames.manosso.nom.br\/ambiental\/category\/ideias\/"},"img":{"alt_text":"","src":"https:\/\/i0.wp.com\/radames.manosso.nom.br\/ambiental\/files\/baluzao-labrador.jpg?resize=350%2C200&ssl=1","width":350,"height":200},"classes":[]},{"id":713,"url":"https:\/\/radames.manosso.nom.br\/ambiental\/residuos\/quantos-tipos-de-residuos-geramos-em-casa\/","url_meta":{"origin":701,"position":4},"title":"Quantos tipos de res\u00edduos geramos em casa","author":"Radam\u00e9s","date":false,"format":false,"excerpt":"\u00c9 mais f\u00e1cil fazer um parto em um fusquinha em movimento do que destinar corretamente nossos res\u00edduos. Esses dias, percorri minha casa procurando\u00a0 os tipos de res\u00edduo que poderiam sair dali um dia. N\u00e3o sou um desocupado prestes a pirar, pode crer. Na verdade, eu queria escrever um post sobre\u2026","rel":"","context":"Em &quot;Res\u00edduos&quot;","block_context":{"text":"Res\u00edduos","link":"https:\/\/radames.manosso.nom.br\/ambiental\/category\/residuos\/"},"img":{"alt_text":"","src":"https:\/\/i0.wp.com\/radames.manosso.nom.br\/ambiental\/files\/seis-lixeiras-e1603302442601.jpg?resize=350%2C200&ssl=1","width":350,"height":200,"srcset":"https:\/\/i0.wp.com\/radames.manosso.nom.br\/ambiental\/files\/seis-lixeiras-e1603302442601.jpg?resize=350%2C200&ssl=1 1x, https:\/\/i0.wp.com\/radames.manosso.nom.br\/ambiental\/files\/seis-lixeiras-e1603302442601.jpg?resize=525%2C300&ssl=1 1.5x"},"classes":[]},{"id":752,"url":"https:\/\/radames.manosso.nom.br\/ambiental\/residuos\/por-que-algumas-pessoas-nao-reciclam\/","url_meta":{"origin":701,"position":5},"title":"Por que algumas pessoas n\u00e3o reciclam","author":"Radam\u00e9s","date":false,"format":false,"excerpt":"O blog\u00a0Care2 relacionou 5 motivos que explicam porque algumas pessoas n\u00e3o participam do esfor\u00e7o coletivo pela reciclagem de res\u00edduos. Essas raz\u00f5es podem ser contestadas, poder\u00edamos dizer que se tratam de desculpas de b\u00eabado, mas seria melhor lev\u00e1-las em conta se quisermos ampliar a reciclagem de res\u00edduos. N\u00e3o adianta apenas ignor\u00e1-las,\u2026","rel":"","context":"Em &quot;Res\u00edduos&quot;","block_context":{"text":"Res\u00edduos","link":"https:\/\/radames.manosso.nom.br\/ambiental\/category\/residuos\/"},"img":{"alt_text":"","src":"https:\/\/i0.wp.com\/radames.manosso.nom.br\/ambiental\/files\/lixeiras-de-coleta-seletiva1.jpg?resize=350%2C200","width":350,"height":200},"classes":[]}],"_links":{"self":[{"href":"https:\/\/radames.manosso.nom.br\/ambiental\/wp-json\/wp\/v2\/posts\/701","targetHints":{"allow":["GET"]}}],"collection":[{"href":"https:\/\/radames.manosso.nom.br\/ambiental\/wp-json\/wp\/v2\/posts"}],"about":[{"href":"https:\/\/radames.manosso.nom.br\/ambiental\/wp-json\/wp\/v2\/types\/post"}],"author":[{"embeddable":true,"href":"https:\/\/radames.manosso.nom.br\/ambiental\/wp-json\/wp\/v2\/users\/1"}],"replies":[{"embeddable":true,"href":"https:\/\/radames.manosso.nom.br\/ambiental\/wp-json\/wp\/v2\/comments?post=701"}],"version-history":[{"count":3,"href":"https:\/\/radames.manosso.nom.br\/ambiental\/wp-json\/wp\/v2\/posts\/701\/revisions"}],"predecessor-version":[{"id":1636,"href":"https:\/\/radames.manosso.nom.br\/ambiental\/wp-json\/wp\/v2\/posts\/701\/revisions\/1636"}],"wp:attachment":[{"href":"https:\/\/radames.manosso.nom.br\/ambiental\/wp-json\/wp\/v2\/media?parent=701"}],"wp:term":[{"taxonomy":"category","embeddable":true,"href":"https:\/\/radames.manosso.nom.br\/ambiental\/wp-json\/wp\/v2\/categories?post=701"},{"taxonomy":"post_tag","embeddable":true,"href":"https:\/\/radames.manosso.nom.br\/ambiental\/wp-json\/wp\/v2\/tags?post=701"}],"curies":[{"name":"wp","href":"https:\/\/api.w.org\/{rel}","templated":true}]}}