{"id":803,"date":"2012-10-14T12:16:54","date_gmt":"2012-10-14T15:16:54","guid":{"rendered":"http:\/\/radames.manosso.nom.br\/ambiental\/?p=803"},"modified":"2021-01-18T19:14:40","modified_gmt":"2021-01-18T22:14:40","slug":"qual-e-a-energia-mais-perigosa-petroleo-carvao-gas-ou-nuclear","status":"publish","type":"post","link":"https:\/\/radames.manosso.nom.br\/ambiental\/energia\/qual-e-a-energia-mais-perigosa-petroleo-carvao-gas-ou-nuclear\/","title":{"rendered":"Qual \u00e9 a energia mais perigosa: petr\u00f3leo, carv\u00e3o, g\u00e1s ou nuclear?"},"content":{"rendered":"\n<p>Quando recebemos as not\u00edcias sobre o desastre nuclear de Fukushima ficamos assustados com os riscos que a energia nuclear apresenta. Um acidente nuclear \u00e9 sempre uma amea\u00e7a de grandes propor\u00e7\u00f5es ao ser humano e ao meio ambiente. O desfecho do acidente de Fukushima ainda \u00e9 incerto, mas felizmente seu balan\u00e7o final deve ser menos tr\u00e1gico que o de Chernobyl, de longe, o pior acidente nuclear da hist\u00f3ria. <\/p>\n\n\n\n<p>Diante das not\u00edcias ruins que vieram de Fukushima somos tentados a perguntar: n\u00e3o seria melhor fechar de vez as usinas nucleares? Que bom se a resposta fosse simples, mas antes de responde-la \u00e9 bom pensar na pergunta que vem logo em seguida: que fonte de energia seria usada para substituir a nuclear? A matriz energ\u00e9tica mundial ainda \u00e9 dependente dos combust\u00edveis f\u00f3sseis e n\u00e3o seria exagero afirmar que o fechamento de uma usina nuclear hoje implicaria na constru\u00e7\u00e3o de outra do tipo termoel\u00e9trica movida a \u00f3leo, g\u00e1s ou carv\u00e3o. <\/p>\n\n\n\n<figure class=\"wp-block-image size-large\"><a href=\"https:\/\/i0.wp.com\/radames.manosso.nom.br\/ambiental\/files\/acidente-plataforma-petroleo.jpg?ssl=1\"><img data-recalc-dims=\"1\" loading=\"lazy\" decoding=\"async\" width=\"400\" height=\"218\" src=\"https:\/\/i0.wp.com\/radames.manosso.nom.br\/ambiental\/files\/acidente-plataforma-petroleo.jpg?resize=400%2C218&#038;ssl=1\" alt=\"\" class=\"wp-image-804\" srcset=\"https:\/\/i0.wp.com\/radames.manosso.nom.br\/ambiental\/files\/acidente-plataforma-petroleo.jpg?w=400&amp;ssl=1 400w, https:\/\/i0.wp.com\/radames.manosso.nom.br\/ambiental\/files\/acidente-plataforma-petroleo.jpg?resize=300%2C163&amp;ssl=1 300w, https:\/\/i0.wp.com\/radames.manosso.nom.br\/ambiental\/files\/acidente-plataforma-petroleo.jpg?resize=150%2C81&amp;ssl=1 150w\" sizes=\"auto, (max-width: 400px) 100vw, 400px\" \/><\/a><\/figure>\n\n\n\n<!--more-->\n\n\n\n<h3 class=\"wp-block-heading\">Fontes renov\u00e1veis limpas?<\/h3>\n\n\n\n<p>\u00c9 claro que o ideal seria substituir a energia nuclear e dos combust\u00edveis f\u00f3sseis por fontes mais limpas como a solar, e\u00f3lica ou de biomassa, mas enquanto esse sonho n\u00e3o se adapta \u00e0 realidade dos n\u00fameros temos que fazer escolhas dif\u00edceis: energia nuclear ou combust\u00edveis f\u00f3sseis? Qual \u00e9 a fonte menos perigosa? Qual delas prejudica menos o meio ambiente? Para ajudar na argumenta\u00e7\u00e3o sugiro uma visita aos artigos da Wikipedia que tratam de acidentes nas ind\u00fastrias da energia.<\/p>\n\n\n\n<p> <a href=\"http:\/\/en.wikipedia.org\/wiki\/Nuclear_and_radiation_accidents\">Acidentes nucleares<\/a><br><a href=\"http:\/\/en.wikipedia.org\/wiki\/Largest_oil_spills#Largest_oil_spills\">Acidentes com petr\u00f3leo<\/a><br><a href=\"http:\/\/en.wikipedia.org\/wiki\/Category:Mining_disasters\">Acidentes com carv\u00e3o<\/a><\/p>\n\n\n\n<p>Os acidentes listados acima mostram que as principais fontes de energia da atualidade apresentam grandes riscos ao homem e ao meio ambiente. Analisando os n\u00fameros friamente vamos perceber que a ind\u00fastria dos combust\u00edveis f\u00f3sseis tamb\u00e9m \u00e9 letal e causa danos enormes ao meio ambiente. <\/p>\n\n\n\n<h3 class=\"wp-block-heading\">Decis\u00f5es dif\u00edceis<\/h3>\n\n\n\n<p>Comparando n\u00fameros chegaremos \u00e0 conclus\u00e3o que a energia nuclear \u00e9 mais segura. Est\u00e1 certo que o porte da ind\u00fastria dos combust\u00edveis f\u00f3sseis \u00e9 muito maior e que os requisitos de seguran\u00e7a da ind\u00fastria nuclear s\u00e3o mais severos. Analisando n\u00fameros em vez de manchetes nos precavemos contra percep\u00e7\u00f5es enganosas. Acidentes nucleares geram como\u00e7\u00e3o mundial, mas s\u00e3o raros e de menor impacto quando comparados com o elevado n\u00famero de acidentes menos noticiados da ind\u00fastria dos combust\u00edveis f\u00f3sseis.<\/p>\n\n\n\n<p>O impacto das usinas nucleares tamb\u00e9m poderia ser comparado com o de fontes supostamente mais brandas como as usinas hidrel\u00e9tricas. O desastre de Chernobyl condenou a \u00e1rea em um raio de 30 km em torno da usina. S\u00e3o aproximadamente 2.700 km2 impr\u00f3prios \u00e0 ocupa\u00e7\u00e3o humana por tempo indeterminado. At\u00e9 agora esse \u00e9 o \u00fanico caso representativo de \u00e1rea sob isolamento nuclear. <\/p>\n\n\n\n<p>Apenas a usina de Sobradinho no Brasil inundou uma \u00e1rea de 4.214 km2. Veja que h\u00e1 diferen\u00e7a entre \u00e1reas potencialmente sob risco em torno de usinas nucleares e \u00e1reas efetivamente alagadas para a instala\u00e7\u00e3o de usinas hidrel\u00e9tricas.<\/p>\n\n\n\n<p>N\u00e3o pensem que sou um entusiasta das usinas nucleares. Pessoalmente, eu gostaria que fosse poss\u00edvel substitu\u00ed-las por fontes limpas, mas \u00e9 preciso manter o p\u00e9 no ch\u00e3o enquanto essas fontes do futuro n\u00e3o chegam. Infelizmente, n\u00e3o chegamos ao tempo de escolher entre a fonte boa e a \u00f3tima. Por enquanto, nos resta optar entre a ruim e a menos pior.<\/p>\n\n\n\n<h3 class=\"wp-block-heading\">Ambientalismo de resultados<\/h3>\n\n\n\n<ul class=\"wp-block-list\">\n<li><a href=\"https:\/\/radames.manosso.nom.br\/ambiental\/comportamento\/principios-de-ambientalismo-de-resultados\/\">Princ\u00edpios de ambientalismo de resultados<\/a><\/li>\n\n\n\n<li><a href=\"https:\/\/radames.manosso.nom.br\/ambiental\/comportamento\/atitudes-ambientais-eficientes\/\">Atitudes ambientais eficientes<\/a><\/li>\n\n\n\n<li><a href=\"https:\/\/radames.manosso.nom.br\/ambiental\/comportamento\/os-cinco-niveis-da-consciencia-ambiental\/\">Os cinco n\u00edveis da consci\u00eancia ambiental<\/a><\/li>\n\n\n\n<li><a href=\"https:\/\/radames.manosso.nom.br\/ambiental\/comportamento\/ser-ecologico-ou-nao-eis-a-questa\">Ser ecol\u00f3gico ou n\u00e3o, eis a quest\u00e3o<\/a><\/li>\n\n\n\n<li><a href=\"https:\/\/radames.manosso.nom.br\/ambiental\/consumo\/mitos-ambientais\/\">Mitos ambientais<\/a><\/li>\n\n\n\n<li><a href=\"https:\/\/radames.manosso.nom.br\/ambiental\/comportamento\/ecologico-e\/\">Ecol\u00f3gico \u00e9 &#8230;<\/a><\/li>\n\n\n\n<li><a href=\"https:\/\/radames.manosso.nom.br\/ambiental\/ideias\/profissoes-de-futuro-verde\/\">Profiss\u00f5es de futuro verde<\/a><\/li>\n\n\n\n<li><a href=\"https:\/\/radames.manosso.nom.br\/ambiental\/energia\/qual-e-a-energia-mais-perigosa-petroleo-carvao-gas-ou-nuclear\/\">Qual \u00e9 a energia mais perigosa: petr\u00f3leo, carv\u00e3o, g\u00e1s ou nuclear?<\/a><\/li>\n\n\n\n<li><a href=\"https:\/\/radames.manosso.nom.br\/ambiental\/ideias\/antropoceno-o-periodo-em-que-o-homem-estragou-o-planeta\/\">Antropoceno: 10.000 anos de geoengenharia planet\u00e1ria<\/a><\/li>\n\n\n\n<li><a href=\"https:\/\/radames.manosso.nom.br\/ambiental\/transporte\/impacto-ambiental-do-transporte-de-pessoas\/\">Impacto ambiental do transporte de pessoas<\/a><\/li>\n\n\n\n<li><a href=\"https:\/\/radames.manosso.nom.br\/ambiental\/urbano\/adensamento-urbano\/\">Adensamento urbano<\/a><\/li>\n\n\n\n<li><a href=\"https:\/\/radames.manosso.nom.br\/ambiental\/para-comecar\/credito-ambiental\/\">Cr\u00e9dito ambiental<\/a><\/li>\n<\/ul>\n","protected":false},"excerpt":{"rendered":"<p>Quando recebemos as not\u00edcias sobre o desastre nuclear de Fukushima ficamos assustados com os riscos que a energia nuclear apresenta. Um acidente nuclear \u00e9 sempre uma amea\u00e7a de grandes propor\u00e7\u00f5es ao ser humano e ao meio ambiente. O desfecho do acidente de Fukushima ainda \u00e9 incerto, mas felizmente seu balan\u00e7o final deve ser menos tr\u00e1gico &hellip; <a href=\"https:\/\/radames.manosso.nom.br\/ambiental\/energia\/qual-e-a-energia-mais-perigosa-petroleo-carvao-gas-ou-nuclear\/\" class=\"more-link\">Continue lendo <span class=\"screen-reader-text\">Qual \u00e9 a energia mais perigosa: petr\u00f3leo, carv\u00e3o, g\u00e1s ou nuclear?<\/span> <span class=\"meta-nav\">&rarr;<\/span><\/a><\/p>\n","protected":false},"author":1,"featured_media":0,"comment_status":"open","ping_status":"closed","sticky":false,"template":"","format":"standard","meta":{"jetpack_post_was_ever_published":false,"_jetpack_newsletter_access":"","_jetpack_dont_email_post_to_subs":false,"_jetpack_newsletter_tier_id":0,"_jetpack_memberships_contains_paywalled_content":false,"_jetpack_memberships_contains_paid_content":false,"footnotes":""},"categories":[5],"tags":[103,27,150,101,17,65,100],"class_list":["post-803","post","type-post","status-publish","format-standard","hentry","category-energia","tag-carvao","tag-consumo-de-energia","tag-energia","tag-energia-nuclear","tag-impacto-ambiental","tag-petroleo","tag-usina"],"jetpack_featured_media_url":"","jetpack_sharing_enabled":true,"jetpack_shortlink":"https:\/\/wp.me\/p13UHu-cX","jetpack-related-posts":[{"id":872,"url":"https:\/\/radames.manosso.nom.br\/ambiental\/ideias\/profissoes-de-futuro-verde\/","url_meta":{"origin":803,"position":0},"title":"Profiss\u00f5es de futuro verde","author":"Radam\u00e9s","date":false,"format":false,"excerpt":"O futuro \u00e9 verde e se n\u00e3o for provavelmente estaremos ausentes nessa nova etapa da Hist\u00f3ria. N\u00e3o estamos mais falando de ambiental ismo idealista e, sim, de economia verde, de uma nova realidade em que precisamos enfrentar os desafios da superpopula\u00e7\u00e3o e do esgotamento dos recursos naturais. Nesse cen\u00e1rio verde\u00a0novas\u2026","rel":"","context":"Em &quot;Ideias&quot;","block_context":{"text":"Ideias","link":"https:\/\/radames.manosso.nom.br\/ambiental\/category\/ideias\/"},"img":{"alt_text":"","src":"https:\/\/i0.wp.com\/radames.manosso.nom.br\/ambiental\/files\/economia-verde.jpg?resize=350%2C200&ssl=1","width":350,"height":200},"classes":[]},{"id":17,"url":"https:\/\/radames.manosso.nom.br\/ambiental\/para-comecar\/credito-ambiental\/","url_meta":{"origin":803,"position":1},"title":"Cr\u00e9dito ambiental","author":"Radam\u00e9s","date":false,"format":false,"excerpt":"O protocolo de Kyoto introduziu o conceito de cr\u00e9dito de carbono. Os pa\u00edses que assinaram o protocolo t\u00eam o compromisso de reduzir as emiss\u00f5es de gases que aumentam o aquecimento global. Eles podem fazer isso tomando iniciativas dentro de suas fronteiras ou em outros pa\u00edses. Quando um pa\u00eds ou empresa\u2026","rel":"","context":"Em &quot;Para come\u00e7ar&quot;","block_context":{"text":"Para come\u00e7ar","link":"https:\/\/radames.manosso.nom.br\/ambiental\/category\/para-comecar\/"},"img":{"alt_text":"","src":"https:\/\/i0.wp.com\/radames.manosso.nom.br\/ambiental\/files\/sustentabilidade.jpg?resize=350%2C200","width":350,"height":200},"classes":[]},{"id":102,"url":"https:\/\/radames.manosso.nom.br\/ambiental\/transporte\/impacto-ambiental-do-transporte-de-pessoas\/","url_meta":{"origin":803,"position":2},"title":"Impacto ambiental do transporte de pessoas","author":"Radam\u00e9s","date":false,"format":false,"excerpt":"Vivemos em uma sociedade de movimenta\u00e7\u00e3o cont\u00ednua. Circulamos muito e se formos analisar por que fazemos isso chegaremos a uma conclus\u00e3o simples: nos movimentamos demais porque o transporte \u00e9 barato. Vivemos uma ilus\u00e3o de fartura em transportes que est\u00e1 nos levando a um colapso de recursos naturais. A paisagem urbana\u2026","rel":"","context":"Em &quot;Transporte&quot;","block_context":{"text":"Transporte","link":"https:\/\/radames.manosso.nom.br\/ambiental\/category\/transporte\/"},"img":{"alt_text":"","src":"https:\/\/i0.wp.com\/radames.manosso.nom.br\/ambiental\/files\/transito-em-curitiba.jpg?resize=350%2C200&ssl=1","width":350,"height":200,"srcset":"https:\/\/i0.wp.com\/radames.manosso.nom.br\/ambiental\/files\/transito-em-curitiba.jpg?resize=350%2C200&ssl=1 1x, https:\/\/i0.wp.com\/radames.manosso.nom.br\/ambiental\/files\/transito-em-curitiba.jpg?resize=525%2C300&ssl=1 1.5x"},"classes":[]},{"id":95,"url":"https:\/\/radames.manosso.nom.br\/ambiental\/transporte\/etanol-alcool-combustivel\/","url_meta":{"origin":803,"position":3},"title":"Etanol &#8211; \u00e1lcool combust\u00edvel","author":"Radam\u00e9s","date":false,"format":false,"excerpt":"O Brasil come\u00e7ou a produzir \u00e1lcool combust\u00edvel em escala industrial ainda na d\u00e9cada de 1970. No in\u00edcio do Pro\u00e1lcool (Programa Nacional do \u00c1lcool), a id\u00e9ia era diminuir\u00a0 a depend\u00eancia do pa\u00eds em rela\u00e7\u00e3o ao petr\u00f3leo, que tinha sofrido uma forte alta de pre\u00e7os na \u00e9poca. Desde ent\u00e3o, o Brasil mant\u00e9m\u2026","rel":"","context":"Em &quot;Transporte&quot;","block_context":{"text":"Transporte","link":"https:\/\/radames.manosso.nom.br\/ambiental\/category\/transporte\/"},"img":{"alt_text":"","src":"https:\/\/i0.wp.com\/radames.manosso.nom.br\/ambiental\/files\/carro-flex.jpg?resize=350%2C200&ssl=1","width":350,"height":200},"classes":[]},{"id":91,"url":"https:\/\/radames.manosso.nom.br\/ambiental\/urbano\/adensamento-urbano\/","url_meta":{"origin":803,"position":4},"title":"Adensamento urbano","author":"Radam\u00e9s","date":false,"format":false,"excerpt":"Muitas solu\u00e7\u00f5es ambientais est\u00e3o ligadas ao urbanismo. Embora urbanismo seja em primeiro lugar uma quest\u00e3o pol\u00edtica\u00a0 e as solu\u00e7\u00f5es urbanas sejam coletivas vamos falar um pouco sobre ele aqui para orientar algumas decis\u00f5es do cidad\u00e3o individualmente ecol\u00f3gico. Boas pr\u00e1ticas Percorrendo uma cidade encontramos realidades bem diferentes. Em certas \u00e1reas urbanas\u2026","rel":"","context":"Em &quot;Urbanismo&quot;","block_context":{"text":"Urbanismo","link":"https:\/\/radames.manosso.nom.br\/ambiental\/category\/urbano\/"},"img":{"alt_text":"rua arborizada","src":"https:\/\/i0.wp.com\/radames.manosso.nom.br\/ambiental\/files\/rua-arborizada.jpeg?resize=350%2C200&ssl=1","width":350,"height":200},"classes":[]},{"id":414,"url":"https:\/\/radames.manosso.nom.br\/ambiental\/consumo\/geladeiras-gratis-para-reduzir-o-aquecimento-global\/","url_meta":{"origin":803,"position":5},"title":"Geladeiras gr\u00e1tis para reduzir o aquecimento global","author":"Radam\u00e9s","date":false,"format":false,"excerpt":"Uma geladeira velha e ineficiente chega a consumir o dobro da energia el\u00e9trica gasta por um modelo novo de mesma capacidade e classifica\u00e7\u00e3o A pelo Inmetro. Nas casas de pessoas de baixa renda \u00e9 comum encontrar modelos antigos com efici\u00eancia baixa por conta do desgaste e da tecnologia ultrapassada. Diante\u2026","rel":"","context":"Em &quot;Consumo&quot;","block_context":{"text":"Consumo","link":"https:\/\/radames.manosso.nom.br\/ambiental\/category\/consumo\/"},"img":{"alt_text":"","src":"https:\/\/i0.wp.com\/radames.manosso.nom.br\/ambiental\/files\/geladeira-velha.jpg?resize=350%2C200","width":350,"height":200},"classes":[]}],"_links":{"self":[{"href":"https:\/\/radames.manosso.nom.br\/ambiental\/wp-json\/wp\/v2\/posts\/803","targetHints":{"allow":["GET"]}}],"collection":[{"href":"https:\/\/radames.manosso.nom.br\/ambiental\/wp-json\/wp\/v2\/posts"}],"about":[{"href":"https:\/\/radames.manosso.nom.br\/ambiental\/wp-json\/wp\/v2\/types\/post"}],"author":[{"embeddable":true,"href":"https:\/\/radames.manosso.nom.br\/ambiental\/wp-json\/wp\/v2\/users\/1"}],"replies":[{"embeddable":true,"href":"https:\/\/radames.manosso.nom.br\/ambiental\/wp-json\/wp\/v2\/comments?post=803"}],"version-history":[{"count":7,"href":"https:\/\/radames.manosso.nom.br\/ambiental\/wp-json\/wp\/v2\/posts\/803\/revisions"}],"predecessor-version":[{"id":1661,"href":"https:\/\/radames.manosso.nom.br\/ambiental\/wp-json\/wp\/v2\/posts\/803\/revisions\/1661"}],"wp:attachment":[{"href":"https:\/\/radames.manosso.nom.br\/ambiental\/wp-json\/wp\/v2\/media?parent=803"}],"wp:term":[{"taxonomy":"category","embeddable":true,"href":"https:\/\/radames.manosso.nom.br\/ambiental\/wp-json\/wp\/v2\/categories?post=803"},{"taxonomy":"post_tag","embeddable":true,"href":"https:\/\/radames.manosso.nom.br\/ambiental\/wp-json\/wp\/v2\/tags?post=803"}],"curies":[{"name":"wp","href":"https:\/\/api.w.org\/{rel}","templated":true}]}}