{"id":813,"date":"2012-10-14T12:29:46","date_gmt":"2012-10-14T15:29:46","guid":{"rendered":"http:\/\/radames.manosso.nom.br\/ambiental\/?p=813"},"modified":"2021-01-18T17:06:16","modified_gmt":"2021-01-18T20:06:16","slug":"seja-ecologico-desligue-seu-computador","status":"publish","type":"post","link":"https:\/\/radames.manosso.nom.br\/ambiental\/consumo\/seja-ecologico-desligue-seu-computador\/","title":{"rendered":"Seja ecol\u00f3gico, desligue seu computador"},"content":{"rendered":"\n<p>N\u00e3o precisa desligar o computador agora. Pode ler este post com calma, mas pense em quanto tempo voc\u00ea mant\u00e9m seu computador ligado diariamente. Em dias \u00fateis, eu passo mais de dez horas por dia diante de um&nbsp;computador. Ele \u00e9 minha ferramenta de trabalho e de lazer e o consumo de energia com esse uso intenso n\u00e3o pode ser ignorado. <\/p>\n\n\n\n<figure class=\"wp-block-image\"><a href=\"https:\/\/i0.wp.com\/radames.manosso.nom.br\/ambiental\/files\/power-off.png?ssl=1\"><img data-recalc-dims=\"1\" loading=\"lazy\" decoding=\"async\" width=\"300\" height=\"300\" src=\"https:\/\/i0.wp.com\/radames.manosso.nom.br\/ambiental\/files\/power-off.png?resize=300%2C300&#038;ssl=1\" alt=\"\" class=\"wp-image-814\" title=\"power-off\" srcset=\"https:\/\/i0.wp.com\/radames.manosso.nom.br\/ambiental\/files\/power-off.png?w=300&amp;ssl=1 300w, https:\/\/i0.wp.com\/radames.manosso.nom.br\/ambiental\/files\/power-off.png?resize=150%2C150&amp;ssl=1 150w, https:\/\/i0.wp.com\/radames.manosso.nom.br\/ambiental\/files\/power-off.png?resize=64%2C64&amp;ssl=1 64w\" sizes=\"auto, (max-width: 300px) 100vw, 300px\" \/><\/a><\/figure>\n\n\n\n<!--more-->\n\n\n\n<p>Adotando as melhores pr\u00e1ticas d\u00e1 para reduzir muito o consumo do computador; pena que poucos prestem aten\u00e7\u00e3o a esta quest\u00e3o a come\u00e7ar pela ind\u00fastria que raramente divulga o consumo de seus aparelhos ou mostra preocupa\u00e7\u00e3o em torn\u00e1-los mais eficientes. Consultando as tabelas do Energy Star encontramos diferen\u00e7as enormes de efici\u00eancia energ\u00e9tica entre aparelhos&nbsp; <\/p>\n\n\n\n<p>Um computador pode consumir o triplo do que outro de configura\u00e7\u00e3o similar. Os usu\u00e1rios tamb\u00e9m n\u00e3o prestam muita aten\u00e7\u00e3o no consumo de seus computadores como se fosse algo desprez\u00edvel. J\u00e1 vi gente sair de f\u00e9rias deixando o computador ligado no escrit\u00f3rio. Para ser mais convincente no que estou dizendo,&nbsp;vamos \u00e0s dicas e aos n\u00fameros.<\/p>\n\n\n\n<h3 class=\"wp-block-heading\">Desligar ou manter ligado direto? <\/h3>\n\n\n\n<p>Os t\u00e9cnicos n\u00e3o chegam a um acordo se&nbsp;\u00e9 melhor desligar o computador no final do expediente ou deix\u00e1-lo ligado direto. Uns dizem que o liga desliga reduz a vida \u00fatil do equipamento, outros que o funcionamento cont\u00ednuo tamb\u00e9m prejudica a m\u00e1quina. Nosso foco neste post, entretanto, \u00e9 a quest\u00e3o ambiental e a regra \u00e9 clara: quanto menos energia o computador consumir, melhor para o meio ambiente, por isso prefira desligar o aparelho sempre que deixar de us\u00e1-lo por per\u00edodos mais longos.<\/p>\n\n\n\n<h3 class=\"wp-block-heading\">Suspender, hibernar, desligar? <\/h3>\n\n\n\n<p>O modo&nbsp;<em>suspender<\/em>, tamb\u00e9m conhecido como <em>stand-by<\/em>,&nbsp;<em>em espera, sleep<\/em> ou&nbsp;<em>dormir<\/em> \u00e9 uma boa maneira de economizar energia quando o computador&nbsp;ficar sem uso por per\u00edodos curtos.&nbsp;Em um computador bem projetado o modo suspenso&nbsp;consome&nbsp;menos de 10% da energia&nbsp;utilizada em&nbsp;uso normal e basta um toque para a m\u00e1quina voltar ao trabalho. A hiberna\u00e7\u00e3o \u00e9 uma forma de desligar o computador que restaura a \u00e1rea de trabalho exatamente como foi deixada antes da hiberna\u00e7\u00e3o. Em termos de consumo de energia, hibernar equivale a desligar. Hiberna\u00e7\u00e3o&nbsp;ou desligamento s\u00e3o recomendados sempre que o computador ficar sem uso por per\u00edodos mais longos.<\/p>\n\n\n\n<h3 class=\"wp-block-heading\">Monitor<\/h3>\n\n\n\n<p>O monitor \u00e9 o perif\u00e9rico que consome mais energia e quanto maior a \u00e1rea da tela maior ser\u00e1 o consumo. Telas pequenas como as dos netbooks e tablets s\u00e3o mais econ\u00f4micas. A tecnologia do monitor tamb\u00e9m conta. Desligar o monitor quando n\u00e3o estiver usando tamb\u00e9m \u00e9 uma op\u00e7\u00e3o de economia.<\/p>\n\n\n\n<h3 class=\"wp-block-heading\">Desktop, nobebook ou tablet? <\/h3>\n\n\n\n<p>Os computadores de mesa (desktop) s\u00e3o vil\u00f5es do consumo, podem gastar cinco vezes mais do que um aparelho pequeno como os netbooks ou tablets. \u00c9 bom pensar em qual \u00e9 a sua real necessidade. Talvez um aparelho pequeno resolva seu problema.<\/p>\n\n\n\n<h3 class=\"wp-block-heading\"><strong>Prote\u00e7\u00e3o de tela, papel de parede preto?<\/strong> <\/h3>\n\n\n\n<p>A prote\u00e7\u00e3o de tela n\u00e3o economiza energia, mas a tela preta consome menos energia do que a branca. O Google oferece uma vers\u00e3o black de sua p\u00e1gina inicial para os internautas&nbsp;mais ecol\u00f3gicos.<\/p>\n\n\n\n<p>Veja na tabela o comparativo entre v\u00e1rios cen\u00e1rios de uso do computador.<\/p>\n\n\n\n<figure class=\"wp-block-table is-style-stripes\"><table><tbody><tr><td><strong>Cen\u00e1rio de uso<\/strong><\/td><td><strong>Consumo mensal (KWh)<\/strong><\/td><\/tr><tr><td><strong>Computador desktop<\/strong> e 2 monitores 19\u201d ligados 24h sem suspens\u00e3o.<\/td><td>129<\/td><\/tr><tr><td><strong>Computador desktop<\/strong>, 1 monitor 19\u201d com suspens\u00e3o no final do expediente.<\/td><td>41<\/td><\/tr><tr><td><strong>Computador desktop<\/strong>, 1 monitor 19\u201d, suspens\u00e3o em per\u00edodos curtos e hiberna\u00e7\u00e3o no final do expediente.<\/td><td>37<\/td><\/tr><tr><td><strong>Notebook 14\u201d<\/strong> ligado 24 horas sem suspens\u00e3o.<\/td><td>29<\/td><\/tr><tr><td><strong>Notebook 14\u201d<\/strong> com suspens\u00e3o no final do expediente.<\/td><td>14<\/td><\/tr><tr><td><strong>Notebook 14\u201d<\/strong> com suspens\u00e3o em per\u00edodos curtos e desligamento no final do expediente.<\/td><td>12<\/td><\/tr><tr><td><strong>Tablet 10\u201d<\/strong> com suspens\u00e3o autom\u00e1tica.<\/td><td>6<\/td><\/tr><\/tbody><\/table><\/figure>\n\n\n\n<p>At\u00e9 aqui falamos das vantagens t\u00e9cnicas de desligar mais o computador, mas que tal deslig\u00e1-lo para fazer uma caminhada no parque? Ta\u00ed uma forma de ajudar o meio ambiente e desfrutar a natureza.<\/p>\n\n\n\n<h3 class=\"wp-block-heading\">Eco-consumo<\/h3>\n\n\n\n<ul class=\"wp-block-list\">\n<li><a href=\"https:\/\/radames.manosso.nom.br\/ambiental\/consumo\/os-televisores-mais-economicos-do-brasil\/\">Os televisores mais econ\u00f4micos do Brasil<\/a><\/li>\n\n\n\n<li><a href=\"https:\/\/radames.manosso.nom.br\/ambiental\/comportamento\/as-lavadoras-de-roupa-mais-economicas-do-brasil\/\">As lavadoras de roupa mais econ\u00f4micas do Brasil<\/a><\/li>\n\n\n\n<li><a href=\"https:\/\/radames.manosso.nom.br\/ambiental\/consumo\/a-maquina-de-lavar-para-o-consumidor-ecologico\/\">A m\u00e1quina de lavar para o consumidor ecol\u00f3gico<\/a><\/li>\n\n\n\n<li><a href=\"https:\/\/radames.manosso.nom.br\/ambiental\/consumo\/os-refrigeradores-mais-economicos-do-brasil-2011\/\">Os refrigeradores mais econ\u00f4micos do Brasil<\/a><\/li>\n\n\n\n<li><a href=\"https:\/\/radames.manosso.nom.br\/ambiental\/consumo\/seja-ecologico-desligue-seu-computador\/\">Seja ecol\u00f3gico, desligue seu computador<\/a><\/li>\n\n\n\n<li><a href=\"https:\/\/radames.manosso.nom.br\/ambiental\/consumo\/a-evolucao-e-o-retrocesso-dos-refrigeradores\/\">A evolu\u00e7\u00e3o e o retrocesso dos refrigeradores<\/a><\/li>\n\n\n\n<li><a href=\"https:\/\/radames.manosso.nom.br\/ambiental\/consumo\/bombril-e-ecologico\/\">Bombril \u00e9 ecol\u00f3gico?<\/a><\/li>\n\n\n\n<li><a href=\"https:\/\/radames.manosso.nom.br\/ambiental\/consumo\/geladeiras-gratis-para-reduzir-o-aquecimento-global\/\">Geladeiras gr\u00e1tis para reduzir o aquecimento global<\/a><\/li>\n\n\n\n<li><a href=\"https:\/\/radames.manosso.nom.br\/ambiental\/transporte\/os-carros-mails-economicos-do-brasil-2010\/\">Os carros mais econ\u00f4micos do Brasil<\/a><\/li>\n\n\n\n<li><a href=\"https:\/\/radames.manosso.nom.br\/ambiental\/ideias\/carro-preto-e-ruim-para-o-meio-ambiente\/\">Carro preto \u00e9 ruim para o meio ambiente?<\/a><\/li>\n\n\n\n<li><a href=\"https:\/\/radames.manosso.nom.br\/ambiental\/residuos\/papel-higienico-um-assunto-enrolado\/\">Papel higi\u00eanico: um assunto enrolado<\/a><\/li>\n\n\n\n<li><a href=\"https:\/\/radames.manosso.nom.br\/ambiental\/energia\/viloes-do-consumo-de-energia-eletrica-em-casa\/\">Vil\u00f5es do consumo de energia el\u00e9trica em casa<\/a><\/li>\n\n\n\n<li><a href=\"https:\/\/radames.manosso.nom.br\/ambiental\/transporte\/etanol-alcool-combustivel\/\">Etanol &#8211; \u00e1lcool combust\u00edvel<\/a><\/li>\n\n\n\n<li><a href=\"https:\/\/radames.manosso.nom.br\/ambiental\/energia\/iluminacao-e-lampadas\/\">Economize com ilumina\u00e7\u00e3o e l\u00e2mpadas<\/a><\/li>\n\n\n\n<li><a href=\"https:\/\/radames.manosso.nom.br\/ambiental\/comportamento\/menos-comodo-porem-ecologico-economico-e-saudavel\/\">Menos c\u00f4modo, por\u00e9m ecol\u00f3gico, econ\u00f4mico e saud\u00e1vel<\/a><\/li>\n<\/ul>\n","protected":false},"excerpt":{"rendered":"<p>N\u00e3o precisa desligar o computador agora. Pode ler este post com calma, mas pense em quanto tempo voc\u00ea mant\u00e9m seu computador ligado diariamente. Em dias \u00fateis, eu passo mais de dez horas por dia diante de um&nbsp;computador. Ele \u00e9 minha ferramenta de trabalho e de lazer e o consumo de energia com esse uso intenso &hellip; <a href=\"https:\/\/radames.manosso.nom.br\/ambiental\/consumo\/seja-ecologico-desligue-seu-computador\/\" class=\"more-link\">Continue lendo <span class=\"screen-reader-text\">Seja ecol\u00f3gico, desligue seu computador<\/span> <span class=\"meta-nav\">&rarr;<\/span><\/a><\/p>\n","protected":false},"author":1,"featured_media":0,"comment_status":"open","ping_status":"closed","sticky":false,"template":"","format":"standard","meta":{"jetpack_post_was_ever_published":false,"_jetpack_newsletter_access":"","_jetpack_dont_email_post_to_subs":false,"_jetpack_newsletter_tier_id":0,"_jetpack_memberships_contains_paywalled_content":false,"_jetpack_memberships_contains_paid_content":false,"footnotes":""},"categories":[6],"tags":[73,27,26,150,25],"class_list":["post-813","post","type-post","status-publish","format-standard","hentry","category-consumo","tag-artefatos","tag-consumo-de-energia","tag-eletrodomesticos","tag-energia","tag-melhores-praticas"],"jetpack_featured_media_url":"","jetpack_sharing_enabled":true,"jetpack_shortlink":"https:\/\/wp.me\/p13UHu-d7","jetpack-related-posts":[{"id":897,"url":"https:\/\/radames.manosso.nom.br\/ambiental\/consumo\/a-maquina-de-lavar-para-o-consumidor-ecologico\/","url_meta":{"origin":813,"position":0},"title":"A m\u00e1quina de lavar para o consumidor ecol\u00f3gico","author":"Radam\u00e9s","date":false,"format":false,"excerpt":"Existem lavadoras de roupa para todos os gostos e bolsos \u00e0 venda no Brasil. Quem quiser fazer uma boa compra deve lembrar que o pre\u00e7o do aparelho \u00e9 apenas um dos itens a considerar na hora de fechar neg\u00f3cio. A m\u00e1quina de lavar consome energia el\u00e9trica e \u00e1gua e o\u2026","rel":"","context":"Em &quot;Consumo&quot;","block_context":{"text":"Consumo","link":"https:\/\/radames.manosso.nom.br\/ambiental\/category\/consumo\/"},"img":{"alt_text":"","src":"https:\/\/i0.wp.com\/radames.manosso.nom.br\/ambiental\/files\/lavadora-de-roupas-abertura-frontal.jpg?resize=350%2C200&ssl=1","width":350,"height":200},"classes":[]},{"id":720,"url":"https:\/\/radames.manosso.nom.br\/ambiental\/consumo\/a-evolucao-e-o-retrocesso-dos-refrigeradores\/","url_meta":{"origin":813,"position":1},"title":"A evolu\u00e7\u00e3o e o retrocesso dos refrigeradores","author":"Radam\u00e9s","date":false,"format":false,"excerpt":"Eu estava remexendo em documentos antigos quando encontrei o manual de uma velha geladeira Prosd\u00f3cimo comprada h\u00e1 quase vinte anos. No manual estava colada a etiqueta do Inmetro que naquela \u00e9poca j\u00e1 avaliava a efici\u00eancia energ\u00e9tica das geladeiras. 37,5 kWh\/m\u00eas era o consumo registrado para esse refrigerador de uma porta\u2026","rel":"","context":"Em &quot;Consumo&quot;","block_context":{"text":"Consumo","link":"https:\/\/radames.manosso.nom.br\/ambiental\/category\/consumo\/"},"img":{"alt_text":"","src":"https:\/\/i0.wp.com\/radames.manosso.nom.br\/ambiental\/files\/geladeira-electrolux-degelo-autolimpante.jpg?resize=350%2C200","width":350,"height":200},"classes":[]},{"id":210,"url":"https:\/\/radames.manosso.nom.br\/ambiental\/energia\/viloes-do-consumo-de-energia-eletrica-em-casa\/","url_meta":{"origin":813,"position":2},"title":"Vil\u00f5es do consumo de energia el\u00e9trica em casa","author":"Radam\u00e9s","date":false,"format":false,"excerpt":"Economizar energia el\u00e9trica \u00e9 bom para o bolso e para o meio ambiente. O problema \u00e9 que as resid\u00eancias de hoje est\u00e3o repletas de aparelhos el\u00e9tricos, mesmo as mais modestas. Saber quais s\u00e3o os vil\u00f5es do consumo n\u00e3o \u00e9 muito simples. Existem aparelhos de consumo alto, mas que s\u00e3o pouco\u2026","rel":"","context":"Em &quot;Energia&quot;","block_context":{"text":"Energia","link":"https:\/\/radames.manosso.nom.br\/ambiental\/category\/energia\/"},"img":{"alt_text":"","src":"https:\/\/i0.wp.com\/radames.manosso.nom.br\/ambiental\/files\/casa-media.jpg?resize=350%2C200&ssl=1","width":350,"height":200,"srcset":"https:\/\/i0.wp.com\/radames.manosso.nom.br\/ambiental\/files\/casa-media.jpg?resize=350%2C200&ssl=1 1x, https:\/\/i0.wp.com\/radames.manosso.nom.br\/ambiental\/files\/casa-media.jpg?resize=525%2C300&ssl=1 1.5x"},"classes":[]},{"id":278,"url":"https:\/\/radames.manosso.nom.br\/ambiental\/ideias\/carro-preto-e-ruim-para-o-meio-ambiente\/","url_meta":{"origin":813,"position":3},"title":"Carro preto \u00e9 ruim para o meio ambiente?","author":"Radam\u00e9s","date":false,"format":false,"excerpt":"O estado americano da Calif\u00f3rnia tem fama de estar na vanguarda da legisla\u00e7\u00e3o ambiental. Parab\u00e9ns ao exterminador de emiss\u00f5es e governador Arnold Schwarzenegger. Recentemente, por\u00e9m, os legisladores californianos lan\u00e7aram uma proposta no m\u00ednimo pol\u00eamica. A assembleia da Calif\u00f3rnia quer aprovar uma lei que imp\u00f5e limite m\u00ednimo para a refletividade da\u2026","rel":"","context":"Em &quot;Ideias&quot;","block_context":{"text":"Ideias","link":"https:\/\/radames.manosso.nom.br\/ambiental\/category\/ideias\/"},"img":{"alt_text":"","src":"https:\/\/i0.wp.com\/radames.manosso.nom.br\/ambiental\/files\/batmovel.jpg?resize=350%2C200&ssl=1","width":350,"height":200},"classes":[]},{"id":414,"url":"https:\/\/radames.manosso.nom.br\/ambiental\/consumo\/geladeiras-gratis-para-reduzir-o-aquecimento-global\/","url_meta":{"origin":813,"position":4},"title":"Geladeiras gr\u00e1tis para reduzir o aquecimento global","author":"Radam\u00e9s","date":false,"format":false,"excerpt":"Uma geladeira velha e ineficiente chega a consumir o dobro da energia el\u00e9trica gasta por um modelo novo de mesma capacidade e classifica\u00e7\u00e3o A pelo Inmetro. Nas casas de pessoas de baixa renda \u00e9 comum encontrar modelos antigos com efici\u00eancia baixa por conta do desgaste e da tecnologia ultrapassada. Diante\u2026","rel":"","context":"Em &quot;Consumo&quot;","block_context":{"text":"Consumo","link":"https:\/\/radames.manosso.nom.br\/ambiental\/category\/consumo\/"},"img":{"alt_text":"","src":"https:\/\/i0.wp.com\/radames.manosso.nom.br\/ambiental\/files\/geladeira-velha.jpg?resize=350%2C200","width":350,"height":200},"classes":[]},{"id":698,"url":"https:\/\/radames.manosso.nom.br\/ambiental\/consumo\/bombril-e-ecologico\/","url_meta":{"origin":813,"position":5},"title":"Bombril \u00e9 ecol\u00f3gico?","author":"Radam\u00e9s","date":false,"format":false,"excerpt":"No passado, eu vi na TV uma campanha publicit\u00e1ria em que faziam uma compara\u00e7\u00e3o ambiental entre a esponja de a\u00e7o Bombril e as esponjas sint\u00e9ticas. O milenar garoto propaganda Carlos Moreno alertava que o Bombril \u00e9 ecol\u00f3gico, ao contr\u00e1rio das esponjas sint\u00e9ticas que, al\u00e9m de n\u00e3o serem biodegrad\u00e1veis, acumulam bact\u00e9rias.\u2026","rel":"","context":"Em &quot;Consumo&quot;","block_context":{"text":"Consumo","link":"https:\/\/radames.manosso.nom.br\/ambiental\/category\/consumo\/"},"img":{"alt_text":"","src":"https:\/\/i0.wp.com\/radames.manosso.nom.br\/ambiental\/files\/bucha.jpg?resize=350%2C200&ssl=1","width":350,"height":200},"classes":[]}],"_links":{"self":[{"href":"https:\/\/radames.manosso.nom.br\/ambiental\/wp-json\/wp\/v2\/posts\/813","targetHints":{"allow":["GET"]}}],"collection":[{"href":"https:\/\/radames.manosso.nom.br\/ambiental\/wp-json\/wp\/v2\/posts"}],"about":[{"href":"https:\/\/radames.manosso.nom.br\/ambiental\/wp-json\/wp\/v2\/types\/post"}],"author":[{"embeddable":true,"href":"https:\/\/radames.manosso.nom.br\/ambiental\/wp-json\/wp\/v2\/users\/1"}],"replies":[{"embeddable":true,"href":"https:\/\/radames.manosso.nom.br\/ambiental\/wp-json\/wp\/v2\/comments?post=813"}],"version-history":[{"count":5,"href":"https:\/\/radames.manosso.nom.br\/ambiental\/wp-json\/wp\/v2\/posts\/813\/revisions"}],"predecessor-version":[{"id":1613,"href":"https:\/\/radames.manosso.nom.br\/ambiental\/wp-json\/wp\/v2\/posts\/813\/revisions\/1613"}],"wp:attachment":[{"href":"https:\/\/radames.manosso.nom.br\/ambiental\/wp-json\/wp\/v2\/media?parent=813"}],"wp:term":[{"taxonomy":"category","embeddable":true,"href":"https:\/\/radames.manosso.nom.br\/ambiental\/wp-json\/wp\/v2\/categories?post=813"},{"taxonomy":"post_tag","embeddable":true,"href":"https:\/\/radames.manosso.nom.br\/ambiental\/wp-json\/wp\/v2\/tags?post=813"}],"curies":[{"name":"wp","href":"https:\/\/api.w.org\/{rel}","templated":true}]}}