{"id":823,"date":"2012-10-29T11:20:52","date_gmt":"2012-10-29T13:20:52","guid":{"rendered":"http:\/\/radames.manosso.nom.br\/ambiental\/?p=823"},"modified":"2021-01-18T17:05:24","modified_gmt":"2021-01-18T20:05:24","slug":"os-refrigeradores-mais-economicos-do-brasil-2011","status":"publish","type":"post","link":"https:\/\/radames.manosso.nom.br\/ambiental\/consumo\/os-refrigeradores-mais-economicos-do-brasil-2011\/","title":{"rendered":"Os refrigeradores mais econ\u00f4micos do Brasil"},"content":{"rendered":"\n<p>O Inmetro divulgou seu relat\u00f3rio 2020 do programa nacional de etiquetagem para refrigeradores. As planilhas trazem 284 modelos e os mais econ\u00f4micos est\u00e3o nas tabelas abaixo.  As tabelas est\u00e3o divididas em quatro categorias: refrigeradores tradicionais, refrigradores frost-free, combinados e combinados frost-free. Para cada categoria apresentamos os cinco modelos mais econ\u00f4micos em consumo de energia el\u00e9trica.<\/p>\n\n\n\n<p>A oferta de modelos indica que o mercado caminha na dire\u00e7\u00e3o de volumes de refrigera\u00e7\u00e3o e consumo de energia cada vez maiores. O maior volume de refrigera\u00e7\u00e3o dispon\u00edvel no mercado dom\u00e9stico \u00e9 de 765 litros e 61 modelos ultrapassam 500 litros de volume refrigerado total. Quem precisa de todo esse volume refrigerado? Pessoas que carneiam porco em casa, talvez.<\/p>\n\n\n\n<figure class=\"wp-block-image size-medium\"><img data-recalc-dims=\"1\" loading=\"lazy\" decoding=\"async\" width=\"228\" height=\"300\" src=\"https:\/\/i0.wp.com\/radames.manosso.nom.br\/ambiental\/files\/gorenje.jpg?resize=228%2C300&#038;ssl=1\" alt=\"\" class=\"wp-image-1293\" srcset=\"https:\/\/i0.wp.com\/radames.manosso.nom.br\/ambiental\/files\/gorenje.jpg?resize=228%2C300&amp;ssl=1 228w, https:\/\/i0.wp.com\/radames.manosso.nom.br\/ambiental\/files\/gorenje.jpg?w=760&amp;ssl=1 760w\" sizes=\"auto, (max-width: 228px) 100vw, 228px\" \/><\/figure>\n\n\n\n<!--more-->\n\n\n\n<h2 class=\"wp-block-heading\">Refrigeradores mais econ\u00f4micos 2020<\/h2>\n\n\n\n<p>Baixe a planilha completa gr\u00e1tis com 284 modelos.<\/p>\n\n\n\n<figure class=\"wp-block-image size-medium is-resized\"><a href=\"http:\/\/radames.manosso.nom.br\/download\/eficiencia-de-refrigeradores-2020-inmetro\/\"><img data-recalc-dims=\"1\" decoding=\"async\" src=\"https:\/\/i0.wp.com\/radames.manosso.nom.br\/ambiental\/files\/Download-Button.png?w=200&#038;ssl=1\" alt=\"\" class=\"wp-image-1022\" \/><\/a><\/figure>\n\n\n\n<div class=\"wp-block-group\"><div class=\"wp-block-group__inner-container is-layout-flow wp-block-group-is-layout-flow\">\n<hr class=\"wp-block-separator\"\/>\n\n\n\n<p>Veja tamb\u00e9m os posts da mesma s\u00e9rie:<\/p>\n\n\n\n<ul class=\"wp-block-list\"><li><a href=\"https:\/\/radames.manosso.nom.br\/ambiental\/transporte\/os-carros-mails-economicos-do-brasil-2010\/\">Carros mais econ\u00f4micos<\/a><\/li><li><a href=\"https:\/\/radames.manosso.nom.br\/ambiental\/comportamento\/as-lavadoras-de-roupa-mais-economicas-do-brasil\/\">Lavadoras mais econ\u00f4micas<\/a><\/li><li><a href=\"https:\/\/radames.manosso.nom.br\/ambiental\/consumo\/os-refrigeradores-mais-economicos-do-brasil-2011\/\">Refrigeradores mais econ\u00f4micos<\/a><\/li><li><a href=\"https:\/\/radames.manosso.nom.br\/ambiental\/consumo\/os-televisores-mais-economicos-do-brasil\/\">Televisores mais econ\u00f4micos<\/a><\/li><li><a href=\"https:\/\/radames.manosso.nom.br\/ambiental\/energia\/iluminacao-e-lampadas\/\">Economize com ilumina\u00e7\u00e3o e l\u00e2mpadas<\/a><\/li><\/ul>\n<\/div><\/div>\n\n\n\n<hr class=\"wp-block-separator\"\/>\n\n\n\n<h3 class=\"wp-block-heading\">Refrigeradores<\/h3>\n\n\n\n<p>Esta \u00e9 a categoria da geladeira tradicional das nossas m\u00e3es e av\u00f3s. Uma porta sem sistema frost-free. <\/p>\n\n\n\n<figure class=\"wp-block-table\"><table><tbody><tr><td><strong>Marca<\/strong><\/td><td><strong>Modelo<\/strong><\/td><td><strong>Volume total <\/strong><br><strong>litros<\/strong><\/td><td>C<strong>onsumo <br>KWh\/m\u00eas<\/strong><\/td><\/tr><tr><td>ELECTROLUX<\/td><td>RE 35<\/td><td>262<\/td><td>19,5<\/td><\/tr><tr><td>ESMALTEC<\/td><td>ROC35<\/td><td>259<\/td><td>21,9<\/td><\/tr><tr><td>ELECTROLUX<\/td><td>RE 26<br>RE 28<br>RE 28A<br>RE 31<\/td><td>240<\/td><td>23,3<\/td><\/tr><tr><td>CONSUL<\/td><td>CRC28F<br>CRP28C <br>CRC28Z<\/td><td>239<\/td><td>23,4<\/td><\/tr><tr><td>CONTINENTAL<\/td><td>RUCT270<\/td><td>252<\/td><td>23,7<\/td><\/tr><\/tbody><\/table><\/figure>\n\n\n\n<h3 class=\"wp-block-heading\">Refrigeradores frost-free<\/h3>\n\n\n\n<p>S\u00e3o refrigeradores de uma porta com sistema frost-free que reduz a necessidade de fazer degelo peri\u00f3dico do aparelho. <\/p>\n\n\n\n<figure class=\"wp-block-table\"><table><tbody><tr><td><strong>Marca<\/strong><\/td><td><strong>Modelo<\/strong><\/td><td><strong>Volume total <\/strong><br><strong>litros<\/strong><\/td><td>C<strong>onsumo <br>KWh\/m\u00eas<\/strong><\/td><\/tr><tr><td>SUB-ZERO<\/td><td>ICBID-30RP<\/td><td>138<\/td><td>10,6<\/td><\/tr><tr><td>GORENJE<\/td><td>R6192FX<\/td><td>368<\/td><td>19,0<\/td><\/tr><tr><td>SAMSUNG<\/td><td>RR35H6610<\/td><td>348<\/td><td>20,0<\/td><\/tr><tr><td>LIEBHERR<\/td><td>RB 1410<\/td><td>358<\/td><td>22,2<\/td><\/tr><tr><td>SAMSUNG<\/td><td>RR82W<\/td><td>348<\/td><td>23,7<\/td><\/tr><\/tbody><\/table><\/figure>\n\n\n\n<h3 class=\"wp-block-heading\">Combinados<\/h3>\n\n\n\n<p>Refrigeradores com mais de uma porta em com freezer acessado por porta pr\u00f3pria.<\/p>\n\n\n\n<figure class=\"wp-block-table\"><table><tbody><tr><td><strong>Marca<\/strong><\/td><td><strong>Modelo<\/strong><\/td><td class=\"has-text-align-center\" data-align=\"center\"><strong>Volume total<br>litros<\/strong><\/td><td><strong>Consumo KWh\/m\u00eas<\/strong><\/td><\/tr><tr><td>GORENJE<\/td><td>ORB152O<br>ORB152RD<br>ORB152BL<\/td><td class=\"has-text-align-center\" data-align=\"center\">254<\/td><td>17,4<\/td><\/tr><tr><td>PHILCO<\/td><td>PH89 <\/td><td class=\"has-text-align-center\" data-align=\"center\">86<\/td><td>22,5<\/td><\/tr><tr><td>GORENJE<\/td><td>NRK6192UX<br>NRK6192UX-L<br>NRKORA62W-L<br>NRKORA62W<br>NRKORA62E-L<br>NRKORA62E<br>ONRK192R<br>ONRK192BK<br>ONRK192C<br>NRK612ST<br>NRK612ST-L<\/td><td class=\"has-text-align-center\" data-align=\"center\">307<\/td><td>25,4<\/td><\/tr><tr><td>GORENJE<\/td><td>RF60309OCO<br>RF60309OC<br>RF60309OCH<\/td><td class=\"has-text-align-center\" data-align=\"center\">294<\/td><td>29,4<\/td><\/tr><tr><td>SMEG<\/td><td>FAB28<\/td><td class=\"has-text-align-center\" data-align=\"center\">268<\/td><td>30,9<\/td><\/tr><\/tbody><\/table><\/figure>\n\n\n\n<h3 class=\"wp-block-heading\">Combinados frost-free<\/h3>\n\n\n\n<p>Equipamentos com mais de uma porta, freezer e refrigera\u00e7\u00e3o com sistema frost-free.<\/p>\n\n\n\n<figure class=\"wp-block-table\"><table><tbody><tr><td><strong>Marca<\/strong><\/td><td><strong>Modelo<\/strong><\/td><td><strong>Volume total<br>litros<\/strong><\/td><td><strong>Consumo<br> KWh\/m\u00eas<\/strong><\/td><\/tr><tr><td>LG<\/td><td>GC-L207BSKV<br>GC-P207BSKV<br>GC-L207BVQV<\/td><td>498<\/td><td>53,2<\/td><\/tr><tr><td>LG<\/td><td>GC-L217BSKV<br>GC-P217BSKV<br>GC-L217BVQV<\/td><td>498<\/td><td>53,2<\/td><\/tr><tr><td>VIKING<\/td><td>VCSF136<br>VCSF136D<br>DDSF136<br>DDSF136D<\/td><td>487<\/td><td>57,9<\/td><\/tr><tr><td>LG<\/td><td>GR-P246CSP<\/td><td>617<\/td><td>59,7<\/td><\/tr><tr><td>LG<\/td><td>GC-J237JSP1<\/td><td>600<\/td><td>60,0<\/td><\/tr><\/tbody><\/table><\/figure>\n\n\n\n<h3 class=\"wp-block-heading\">Eco-consumo<\/h3>\n\n\n\n<ul class=\"wp-block-list\">\n<li><a href=\"https:\/\/radames.manosso.nom.br\/ambiental\/consumo\/os-televisores-mais-economicos-do-brasil\/\">Os televisores mais econ\u00f4micos do Brasil<\/a><\/li>\n\n\n\n<li><a href=\"https:\/\/radames.manosso.nom.br\/ambiental\/comportamento\/as-lavadoras-de-roupa-mais-economicas-do-brasil\/\">As lavadoras de roupa mais econ\u00f4micas do Brasil<\/a><\/li>\n\n\n\n<li><a href=\"https:\/\/radames.manosso.nom.br\/ambiental\/consumo\/a-maquina-de-lavar-para-o-consumidor-ecologico\/\">A m\u00e1quina de lavar para o consumidor ecol\u00f3gico<\/a><\/li>\n\n\n\n<li><a href=\"https:\/\/radames.manosso.nom.br\/ambiental\/consumo\/os-refrigeradores-mais-economicos-do-brasil-2011\/\">Os refrigeradores mais econ\u00f4micos do Brasil<\/a><\/li>\n\n\n\n<li><a href=\"https:\/\/radames.manosso.nom.br\/ambiental\/consumo\/seja-ecologico-desligue-seu-computador\/\">Seja ecol\u00f3gico, desligue seu computador<\/a><\/li>\n\n\n\n<li><a href=\"https:\/\/radames.manosso.nom.br\/ambiental\/consumo\/a-evolucao-e-o-retrocesso-dos-refrigeradores\/\">A evolu\u00e7\u00e3o e o retrocesso dos refrigeradores<\/a><\/li>\n\n\n\n<li><a href=\"https:\/\/radames.manosso.nom.br\/ambiental\/consumo\/bombril-e-ecologico\/\">Bombril \u00e9 ecol\u00f3gico?<\/a><\/li>\n\n\n\n<li><a href=\"https:\/\/radames.manosso.nom.br\/ambiental\/consumo\/geladeiras-gratis-para-reduzir-o-aquecimento-global\/\">Geladeiras gr\u00e1tis para reduzir o aquecimento global<\/a><\/li>\n\n\n\n<li><a href=\"https:\/\/radames.manosso.nom.br\/ambiental\/transporte\/os-carros-mails-economicos-do-brasil-2010\/\">Os carros mais econ\u00f4micos do Brasil<\/a><\/li>\n\n\n\n<li><a href=\"https:\/\/radames.manosso.nom.br\/ambiental\/ideias\/carro-preto-e-ruim-para-o-meio-ambiente\/\">Carro preto \u00e9 ruim para o meio ambiente?<\/a><\/li>\n\n\n\n<li><a href=\"https:\/\/radames.manosso.nom.br\/ambiental\/residuos\/papel-higienico-um-assunto-enrolado\/\">Papel higi\u00eanico: um assunto enrolado<\/a><\/li>\n\n\n\n<li><a href=\"https:\/\/radames.manosso.nom.br\/ambiental\/energia\/viloes-do-consumo-de-energia-eletrica-em-casa\/\">Vil\u00f5es do consumo de energia el\u00e9trica em casa<\/a><\/li>\n\n\n\n<li><a href=\"https:\/\/radames.manosso.nom.br\/ambiental\/transporte\/etanol-alcool-combustivel\/\">Etanol &#8211; \u00e1lcool combust\u00edvel<\/a><\/li>\n\n\n\n<li><a href=\"https:\/\/radames.manosso.nom.br\/ambiental\/energia\/iluminacao-e-lampadas\/\">Economize com ilumina\u00e7\u00e3o e l\u00e2mpadas<\/a><\/li>\n\n\n\n<li><a href=\"https:\/\/radames.manosso.nom.br\/ambiental\/comportamento\/menos-comodo-porem-ecologico-economico-e-saudavel\/\">Menos c\u00f4modo, por\u00e9m ecol\u00f3gico, econ\u00f4mico e saud\u00e1vel<\/a><\/li>\n<\/ul>\n","protected":false},"excerpt":{"rendered":"<p>O Inmetro divulgou seu relat\u00f3rio 2020 do programa nacional de etiquetagem para refrigeradores. As planilhas trazem 284 modelos e os mais econ\u00f4micos est\u00e3o nas tabelas abaixo. As tabelas est\u00e3o divididas em quatro categorias: refrigeradores tradicionais, refrigradores frost-free, combinados e combinados frost-free. Para cada categoria apresentamos os cinco modelos mais econ\u00f4micos em consumo de energia el\u00e9trica. &hellip; <a href=\"https:\/\/radames.manosso.nom.br\/ambiental\/consumo\/os-refrigeradores-mais-economicos-do-brasil-2011\/\" class=\"more-link\">Continue lendo <span class=\"screen-reader-text\">Os refrigeradores mais econ\u00f4micos do Brasil<\/span> <span class=\"meta-nav\">&rarr;<\/span><\/a><\/p>\n","protected":false},"author":1,"featured_media":0,"comment_status":"open","ping_status":"closed","sticky":false,"template":"","format":"standard","meta":{"jetpack_post_was_ever_published":false,"_jetpack_newsletter_access":"","_jetpack_dont_email_post_to_subs":false,"_jetpack_newsletter_tier_id":0,"_jetpack_memberships_contains_paywalled_content":false,"_jetpack_memberships_contains_paid_content":false,"footnotes":""},"categories":[6],"tags":[73,15,27,26,106,104,105],"class_list":["post-823","post","type-post","status-publish","format-standard","hentry","category-consumo","tag-artefatos","tag-consumo-2","tag-consumo-de-energia","tag-eletrodomesticos","tag-geladeira","tag-refrigeracao","tag-refrigerador"],"jetpack_featured_media_url":"","jetpack_sharing_enabled":true,"jetpack_shortlink":"https:\/\/wp.me\/p13UHu-dh","jetpack-related-posts":[{"id":720,"url":"https:\/\/radames.manosso.nom.br\/ambiental\/consumo\/a-evolucao-e-o-retrocesso-dos-refrigeradores\/","url_meta":{"origin":823,"position":0},"title":"A evolu\u00e7\u00e3o e o retrocesso dos refrigeradores","author":"Radam\u00e9s","date":false,"format":false,"excerpt":"Eu estava remexendo em documentos antigos quando encontrei o manual de uma velha geladeira Prosd\u00f3cimo comprada h\u00e1 quase vinte anos. No manual estava colada a etiqueta do Inmetro que naquela \u00e9poca j\u00e1 avaliava a efici\u00eancia energ\u00e9tica das geladeiras. 37,5 kWh\/m\u00eas era o consumo registrado para esse refrigerador de uma porta\u2026","rel":"","context":"Em &quot;Consumo&quot;","block_context":{"text":"Consumo","link":"https:\/\/radames.manosso.nom.br\/ambiental\/category\/consumo\/"},"img":{"alt_text":"","src":"https:\/\/i0.wp.com\/radames.manosso.nom.br\/ambiental\/files\/geladeira-electrolux-degelo-autolimpante.jpg?resize=350%2C200","width":350,"height":200},"classes":[]},{"id":414,"url":"https:\/\/radames.manosso.nom.br\/ambiental\/consumo\/geladeiras-gratis-para-reduzir-o-aquecimento-global\/","url_meta":{"origin":823,"position":1},"title":"Geladeiras gr\u00e1tis para reduzir o aquecimento global","author":"Radam\u00e9s","date":false,"format":false,"excerpt":"Uma geladeira velha e ineficiente chega a consumir o dobro da energia el\u00e9trica gasta por um modelo novo de mesma capacidade e classifica\u00e7\u00e3o A pelo Inmetro. Nas casas de pessoas de baixa renda \u00e9 comum encontrar modelos antigos com efici\u00eancia baixa por conta do desgaste e da tecnologia ultrapassada. Diante\u2026","rel":"","context":"Em &quot;Consumo&quot;","block_context":{"text":"Consumo","link":"https:\/\/radames.manosso.nom.br\/ambiental\/category\/consumo\/"},"img":{"alt_text":"","src":"https:\/\/i0.wp.com\/radames.manosso.nom.br\/ambiental\/files\/geladeira-velha.jpg?resize=350%2C200","width":350,"height":200},"classes":[]},{"id":698,"url":"https:\/\/radames.manosso.nom.br\/ambiental\/consumo\/bombril-e-ecologico\/","url_meta":{"origin":823,"position":2},"title":"Bombril \u00e9 ecol\u00f3gico?","author":"Radam\u00e9s","date":false,"format":false,"excerpt":"No passado, eu vi na TV uma campanha publicit\u00e1ria em que faziam uma compara\u00e7\u00e3o ambiental entre a esponja de a\u00e7o Bombril e as esponjas sint\u00e9ticas. O milenar garoto propaganda Carlos Moreno alertava que o Bombril \u00e9 ecol\u00f3gico, ao contr\u00e1rio das esponjas sint\u00e9ticas que, al\u00e9m de n\u00e3o serem biodegrad\u00e1veis, acumulam bact\u00e9rias.\u2026","rel":"","context":"Em &quot;Consumo&quot;","block_context":{"text":"Consumo","link":"https:\/\/radames.manosso.nom.br\/ambiental\/category\/consumo\/"},"img":{"alt_text":"","src":"https:\/\/i0.wp.com\/radames.manosso.nom.br\/ambiental\/files\/bucha.jpg?resize=350%2C200&ssl=1","width":350,"height":200},"classes":[]},{"id":901,"url":"https:\/\/radames.manosso.nom.br\/ambiental\/comportamento\/as-lavadoras-de-roupa-mais-economicas-do-brasil\/","url_meta":{"origin":823,"position":3},"title":"As lavadoras de roupa mais econ\u00f4micas do Brasil","author":"Radam\u00e9s","date":false,"format":false,"excerpt":"O Inmetro (Instituto Nacional de Metrologia) tem um programa de etiquetagem espec\u00edfico para m\u00e1quinas de lavar roupa de uso residencial. Trata-se de uma boa iniciativa que ajuda o consumidor a fazer uma escolha consciente, pois as m\u00e1quinas vem de f\u00e1brica com uma etiqueta do Inmetro que informa dados sobre sua\u2026","rel":"","context":"Em &quot;Comportamento&quot;","block_context":{"text":"Comportamento","link":"https:\/\/radames.manosso.nom.br\/ambiental\/category\/comportamento\/"},"img":{"alt_text":"","src":"https:\/\/i0.wp.com\/radames.manosso.nom.br\/ambiental\/files\/alliance-lavadora.jpg?resize=350%2C200","width":350,"height":200},"classes":[]},{"id":740,"url":"https:\/\/radames.manosso.nom.br\/ambiental\/comportamento\/menos-comodo-porem-ecologico-economico-e-saudavel\/","url_meta":{"origin":823,"position":4},"title":"Menos c\u00f4modo, por\u00e9m ecol\u00f3gico, econ\u00f4mico e saud\u00e1vel","author":"Radam\u00e9s","date":false,"format":false,"excerpt":"Existe uma regra sobre atitudes ecol\u00f3gicas que se verifica em quase todas as situa\u00e7\u00f5es: O que \u00e9 mais ecol\u00f3gico, tamb\u00e9m \u00e9 mais econ\u00f4mico e mais saud\u00e1vel. O pre\u00e7o que temos que pagar por essas vantagens \u00e9 alguma perda de comodidade, item de menor peso diante dos valores em jogo na\u2026","rel":"","context":"Em &quot;Comportamento&quot;","block_context":{"text":"Comportamento","link":"https:\/\/radames.manosso.nom.br\/ambiental\/category\/comportamento\/"},"img":{"alt_text":"","src":"https:\/\/i0.wp.com\/radames.manosso.nom.br\/ambiental\/files\/cortador-de-grama-manual-tramontina.jpg?resize=350%2C200&ssl=1","width":350,"height":200},"classes":[]},{"id":76,"url":"https:\/\/radames.manosso.nom.br\/ambiental\/energia\/iluminacao-e-lampadas\/","url_meta":{"origin":823,"position":5},"title":"Economize com ilumina\u00e7\u00e3o e l\u00e2mpadas","author":"Radam\u00e9s","date":false,"format":false,"excerpt":"A ilumina\u00e7\u00e3o dom\u00e9stica \u00e9 respons\u00e1vel por uma parcela importante do gasto com energia na casa. No Brasil, a fonte de energia mais usada para ilumina\u00e7\u00e3o \u00e9 a el\u00e9trica. Economizando com ilumina\u00e7\u00e3o voc\u00ea gasta menos e ajuda o meio ambiente porque a gera\u00e7\u00e3o de energia el\u00e9trica tem impacto ambiental. Veja algumas\u2026","rel":"","context":"Em &quot;Energia&quot;","block_context":{"text":"Energia","link":"https:\/\/radames.manosso.nom.br\/ambiental\/category\/energia\/"},"img":{"alt_text":"","src":"https:\/\/i0.wp.com\/radames.manosso.nom.br\/ambiental\/files\/tiposdelampadas.jpg?resize=350%2C200&ssl=1","width":350,"height":200,"srcset":"https:\/\/i0.wp.com\/radames.manosso.nom.br\/ambiental\/files\/tiposdelampadas.jpg?resize=350%2C200&ssl=1 1x, https:\/\/i0.wp.com\/radames.manosso.nom.br\/ambiental\/files\/tiposdelampadas.jpg?resize=525%2C300&ssl=1 1.5x"},"classes":[]}],"_links":{"self":[{"href":"https:\/\/radames.manosso.nom.br\/ambiental\/wp-json\/wp\/v2\/posts\/823","targetHints":{"allow":["GET"]}}],"collection":[{"href":"https:\/\/radames.manosso.nom.br\/ambiental\/wp-json\/wp\/v2\/posts"}],"about":[{"href":"https:\/\/radames.manosso.nom.br\/ambiental\/wp-json\/wp\/v2\/types\/post"}],"author":[{"embeddable":true,"href":"https:\/\/radames.manosso.nom.br\/ambiental\/wp-json\/wp\/v2\/users\/1"}],"replies":[{"embeddable":true,"href":"https:\/\/radames.manosso.nom.br\/ambiental\/wp-json\/wp\/v2\/comments?post=823"}],"version-history":[{"count":6,"href":"https:\/\/radames.manosso.nom.br\/ambiental\/wp-json\/wp\/v2\/posts\/823\/revisions"}],"predecessor-version":[{"id":1612,"href":"https:\/\/radames.manosso.nom.br\/ambiental\/wp-json\/wp\/v2\/posts\/823\/revisions\/1612"}],"wp:attachment":[{"href":"https:\/\/radames.manosso.nom.br\/ambiental\/wp-json\/wp\/v2\/media?parent=823"}],"wp:term":[{"taxonomy":"category","embeddable":true,"href":"https:\/\/radames.manosso.nom.br\/ambiental\/wp-json\/wp\/v2\/categories?post=823"},{"taxonomy":"post_tag","embeddable":true,"href":"https:\/\/radames.manosso.nom.br\/ambiental\/wp-json\/wp\/v2\/tags?post=823"}],"curies":[{"name":"wp","href":"https:\/\/api.w.org\/{rel}","templated":true}]}}