{"id":883,"date":"2012-12-31T16:33:53","date_gmt":"2012-12-31T18:33:53","guid":{"rendered":"http:\/\/radames.manosso.nom.br\/ambiental\/?p=883"},"modified":"2021-01-18T18:00:46","modified_gmt":"2021-01-18T21:00:46","slug":"os-sistemas-da-casa-ecologica","status":"publish","type":"post","link":"https:\/\/radames.manosso.nom.br\/ambiental\/habitacao\/os-sistemas-da-casa-ecologica\/","title":{"rendered":"Os sistemas da casa ecol\u00f3gica"},"content":{"rendered":"\n<p>Quando falamos de casa ecol\u00f3gica temos que considerar tamb\u00e9m outros tipos de moradia como apartamentos, lofts e condom\u00ednios. Todos&nbsp;esses tipos de constru\u00e7\u00e3o podem ser chamados ecol\u00f3gicos&nbsp;desde que tenham em comum o baixo impacto ambiental. Para simplificar, aqui vamos levar em conta apenas a casa uni familiar constru\u00edda em condi\u00e7\u00f5es ideais que permitam a instala\u00e7\u00e3o dos sistemas mais promissores para a redu\u00e7\u00e3o do impacto ambiental.<\/p>\n\n\n\n<p>Uma casa ecol\u00f3gica \u00e9 mais complexa do que uma casa convencional similar, pois&nbsp;tem mais sistemas que se integram entre si exigindo tecnologia mais avan\u00e7ada tanto para instal\u00e1-los como para mant\u00ea-los. Certamente, a casa ecol\u00f3gica \u00e9 mais tecnol\u00f3gica do que a convencional. Vejamos os principais sistemas de uma casa ecol\u00f3gica modelo.<\/p>\n\n\n\n<figure class=\"wp-block-image\"><a href=\"https:\/\/i0.wp.com\/radames.manosso.nom.br\/ambiental\/files\/eco-casa.jpg?ssl=1\"><img data-recalc-dims=\"1\" loading=\"lazy\" decoding=\"async\" width=\"500\" height=\"296\" src=\"https:\/\/i0.wp.com\/radames.manosso.nom.br\/ambiental\/files\/eco-casa.jpg?resize=500%2C296&#038;ssl=1\" alt=\"\" class=\"wp-image-884\" title=\"eco-casa\" srcset=\"https:\/\/i0.wp.com\/radames.manosso.nom.br\/ambiental\/files\/eco-casa.jpg?w=500&amp;ssl=1 500w, https:\/\/i0.wp.com\/radames.manosso.nom.br\/ambiental\/files\/eco-casa.jpg?resize=300%2C177&amp;ssl=1 300w, https:\/\/i0.wp.com\/radames.manosso.nom.br\/ambiental\/files\/eco-casa.jpg?resize=150%2C88&amp;ssl=1 150w\" sizes=\"auto, (max-width: 500px) 100vw, 500px\" \/><\/a><\/figure>\n\n\n\n<!--more-->\n\n\n\n<p><a href=\"http:\/\/radamesm.files.wordpress.com\/2011\/12\/eco-casa.jpg\"><\/a><\/p>\n\n\n\n<h2 class=\"wp-block-heading\">\u00c1gua<\/h2>\n\n\n\n<p>A casa&nbsp;convencional conta apenas com o sistema de \u00e1gua pot\u00e1vel que atende a todas as necessidades dom\u00e9sticas, inclusive aquelas que n\u00e3o precisam de \u00e1gua com n\u00edvel pot\u00e1vel de pureza. Na casa ecol\u00f3gica deve existir um sistema de aproveitamento de&nbsp;\u00e1gua pluvial, que serve para v\u00e1rios usos como irriga\u00e7\u00e3o e&nbsp;lavagem. <\/p>\n\n\n\n<p>Al\u00e9m disso, a casa ecol\u00f3gica pode contar com um sistema de \u00e1gua reaproveitada que permite o segundo uso da \u00e1gua antes de envi\u00e1-la para os sistemas de tratamento de efluente l\u00edquido. Resumindo: na casa ecol\u00f3gica h\u00e1 tr\u00eas sistemas de \u00e1gua:<\/p>\n\n\n\n<p><strong>Pot\u00e1vel + pluvial + reaproveitada<\/strong>.<\/p>\n\n\n\n<h2 class=\"wp-block-heading\">Efluente<\/h2>\n\n\n\n<p>Na casa convencional, o sistema de esgoto \u00e9 \u00fanico, mas na casa ecol\u00f3gica h\u00e1 dois circuitos de \u00e1guas residuais: o cinza e o negro. O circuito cinza coleta as \u00e1guas residuais com pouca carga org\u00e2nica e que podem ser facilmente tratadas visando o reuso. <\/p>\n\n\n\n<p>O circuito negro de \u00e1guas residuais recebe a carga org\u00e2nica mais pesada e envolve um tratamento mais completo para que o efluente final esteja em condi\u00e7\u00f5es de ser lan\u00e7ado ao ambiente sem riscos. Na casa ecol\u00f3gica, portanto, s\u00e3o dois os sistemas de efluentes:<\/p>\n\n\n\n<p><strong>Circuito cinza + circuito negro<\/strong>.<\/p>\n\n\n\n<h2 class=\"wp-block-heading\">Aquecimento de \u00e1gua<\/h2>\n\n\n\n<p>A \u00e1gua quente usada na casa convencional normalmente \u00e9 produzida com queima de g\u00e1s GLP ou com energia el\u00e9trica. Na casa ecol\u00f3gica, por\u00e9m, s\u00e3o usados sistemas adicionais como o aquecimento solar de \u00e1gua. O aquecimento com queima de&nbsp;biomassa como a lenha tamb\u00e9m deve ser considerado. S\u00e3o tr\u00eas os sistemas de aquecimento:<\/p>\n\n\n\n<p><strong>GLP + solar + biomassa<\/strong>.<\/p>\n\n\n\n<h2 class=\"wp-block-heading\">Eletricidade<\/h2>\n\n\n\n<p>A energia el\u00e9trica chega na casa convencional a partir da rede el\u00e9trica da concession\u00e1ria. Na casa ecol\u00f3gica esse sistema pode ser complementado ou substitu\u00eddo por sistemas de gera\u00e7\u00e3o pelo vento ou pela transforma\u00e7\u00e3o da energia solar. Podemos ter tr\u00eas sistemas de gera\u00e7\u00e3o de energia el\u00e9trica:<\/p>\n\n\n\n<p><strong>Concession\u00e1ria + e\u00f3lica + fotovoltaica<\/strong>.<\/p>\n\n\n\n<h2 class=\"wp-block-heading\">Res\u00edduos s\u00f3lidos<\/h2>\n\n\n\n<p>Em uma casa convencional costumamos encontrar dois tipos de res\u00edduos s\u00f3lidos: os recicl\u00e1veis e os n\u00e3o recicl\u00e1veis. Na casa ecol\u00f3gica, os res\u00edduos s\u00e3o separados de forma mais completa. Podemos ter um sistema para tratar o material org\u00e2nico por compostagem; os res\u00edduos recicl\u00e1veis s\u00e3o separados e preparados para a reciclagem e os res\u00edduos especiais como \u00f3leo, baterias, rem\u00e9dios, eletr\u00f4nicos, etc. s\u00e3o destinados corretamente. A quantidade de res\u00edduo n\u00e3o recicl\u00e1vel \u00e9 bem pequena na casa ecol\u00f3gica. Os sistemas s\u00e3o:<\/p>\n\n\n\n<p><strong>Org\u00e2nico + recicl\u00e1veis +&nbsp;especiais&nbsp;+ n\u00e3o recicl\u00e1veis.<\/strong><\/p>\n\n\n\n<h2 class=\"wp-block-heading\">L\u00f3gico<\/h2>\n\n\n\n<p>A casa ecol\u00f3gica \u00e9 tecnol\u00f3gica e precisa de um sistema de gerenciamento que otimiza o consumo de recursos. Na casa convencional podemos encontrar sistemas de automa\u00e7\u00e3o, mas eles funcionam desarticulados. O gerenciamento avan\u00e7ado permite que a casa opere com maior efici\u00eancia. L\u00e2mpadas n\u00e3o s\u00e3o acesas sem necessidade e quando s\u00e3o acesas t\u00eam a intensidade regulada para as necessidades do ambiente. O conforto t\u00e9rmico \u00e9 garantido pela boa ventila\u00e7\u00e3o que \u00e9 monitorada, a comunica\u00e7\u00e3o e o entretenimento tamb\u00e9m fazem parte do sistema. O sistema l\u00f3gico da casa ecol\u00f3gica abrange:<\/p>\n\n\n\n<p><strong>Entretenimento + seguran\u00e7a + comunica\u00e7\u00e3o + conforto + monitoramento.<\/strong><\/p>\n\n\n\n<p>Encontrar uma casa ecol\u00f3gica com todos os sistemas citados aqui&nbsp;\u00e9 dif\u00edcil, trata-se de um conceito que vai demorar a se incorporar&nbsp;aos padr\u00f5es de constru\u00e7\u00e3o. S\u00f3 n\u00e3o podemos esperar muito para consolidar esses novos paradigmas, pois o planeta est\u00e1 impaciente.<\/p>\n\n\n\n<p>     <\/p>\n\n\n\n<h3 class=\"wp-block-heading\">Eco-tecno-casa<\/h3>\n\n\n\n<ul class=\"wp-block-list\"><li><a href=\"https:\/\/radames.manosso.nom.br\/ambiental\/habitacao\/mitos-sobre-casas-ecologicas\/\">Mitos sobre casas ecol\u00f3gicas<\/a><\/li><li><a href=\"https:\/\/radames.manosso.nom.br\/ambiental\/habitacao\/os-sistemas-da-casa-ecologica\/\">Os sistemas da casa ecol\u00f3gica<\/a><\/li><li><a href=\"https:\/\/radames.manosso.nom.br\/ambiental\/residuos\/a-casa-sem-esgoto\/\">A casa que n\u00e3o gera esgoto<\/a><\/li><li><a href=\"https:\/\/radames.manosso.nom.br\/ambiental\/consumo\/casa-autonoma-e-um-sonho-ecologico-possivel\/\">Casa aut\u00f4noma \u00e9 um sonho ecol\u00f3gico poss\u00edvel?<\/a><\/li><li><a href=\"https:\/\/radames.manosso.nom.br\/ambiental\/ideias\/como-reaproveitar-a-agua-da-lavadora-sem-levar-banho\/\">Como reaproveitar a \u00e1gua da lavadora sem levar banho<\/a><\/li><li><a href=\"https:\/\/radames.manosso.nom.br\/ambiental\/residuos\/esgoto-domestico\/\">Esgoto dom\u00e9stico<\/a><\/li><li><a href=\"https:\/\/radames.manosso.nom.br\/ambiental\/habitacao\/casa-ecologica\/\">Casa ecol\u00f3gica<\/a><\/li><li><a href=\"https:\/\/radames.manosso.nom.br\/ambiental\/agua\/captacao-de-agua-da-chuva\/\">Capta\u00e7\u00e3o de \u00e1gua da chuva<\/a><\/li><\/ul>\n","protected":false},"excerpt":{"rendered":"<p>Quando falamos de casa ecol\u00f3gica temos que considerar tamb\u00e9m outros tipos de moradia como apartamentos, lofts e condom\u00ednios. Todos&nbsp;esses tipos de constru\u00e7\u00e3o podem ser chamados ecol\u00f3gicos&nbsp;desde que tenham em comum o baixo impacto ambiental. Para simplificar, aqui vamos levar em conta apenas a casa uni familiar constru\u00edda em condi\u00e7\u00f5es ideais que permitam a instala\u00e7\u00e3o dos &hellip; <a href=\"https:\/\/radames.manosso.nom.br\/ambiental\/habitacao\/os-sistemas-da-casa-ecologica\/\" class=\"more-link\">Continue lendo <span class=\"screen-reader-text\">Os sistemas da casa ecol\u00f3gica<\/span> <span class=\"meta-nav\">&rarr;<\/span><\/a><\/p>\n","protected":false},"author":1,"featured_media":0,"comment_status":"open","ping_status":"closed","sticky":false,"template":"","format":"standard","meta":{"jetpack_post_was_ever_published":false,"_jetpack_newsletter_access":"","_jetpack_dont_email_post_to_subs":false,"_jetpack_newsletter_tier_id":0,"_jetpack_memberships_contains_paywalled_content":false,"_jetpack_memberships_contains_paid_content":false,"footnotes":""},"categories":[7],"tags":[131,28,31,130],"class_list":["post-883","post","type-post","status-publish","format-standard","hentry","category-habitacao","tag-boas-praticas","tag-casa","tag-casa-ecologica","tag-sistemas"],"jetpack_featured_media_url":"","jetpack_sharing_enabled":true,"jetpack_shortlink":"https:\/\/wp.me\/p13UHu-ef","jetpack-related-posts":[{"id":886,"url":"https:\/\/radames.manosso.nom.br\/ambiental\/habitacao\/mitos-sobre-casas-ecologicas\/","url_meta":{"origin":883,"position":0},"title":"Mitos sobre casas ecol\u00f3gicas","author":"Radam\u00e9s","date":false,"format":false,"excerpt":"Antes de construir casas ecol\u00f3gicas precisamos demolir alguns\u00a0mitos sobre\u00a0esse tipo de constru\u00e7\u00e3o se quisermos rumar para a sociedade sustent\u00e1vel. Casas? Para come\u00e7ar, a casa ecol\u00f3gica n\u00e3o precisa ser uma casa. Pode ser um apartamento, talvez um loft, um sobrado, ou quem sabe, um flat. N\u00e3o \u00e9 o tipo da constru\u00e7\u00e3o\u2026","rel":"","context":"Em &quot;Habita\u00e7\u00e3o&quot;","block_context":{"text":"Habita\u00e7\u00e3o","link":"https:\/\/radames.manosso.nom.br\/ambiental\/category\/habitacao\/"},"img":{"alt_text":"","src":"https:\/\/i0.wp.com\/radames.manosso.nom.br\/ambiental\/files\/casa-ecologica.jpg?resize=350%2C200&ssl=1","width":350,"height":200},"classes":[]},{"id":86,"url":"https:\/\/radames.manosso.nom.br\/ambiental\/habitacao\/casa-ecologica\/","url_meta":{"origin":883,"position":1},"title":"Casa ecol\u00f3gica","author":"Radam\u00e9s","date":false,"format":false,"excerpt":"N\u00e3o existe a casa absolutamente ecol\u00f3gica. O que pode existir \u00e9 uma casa com impacto ambiental bem menor que o das casas tradicionais. Portanto, o conceito de moradia ecol\u00f3gica \u00e9 relativo e est\u00e1 em constante evolu\u00e7\u00e3o. \u00c9 prov\u00e1vel que no futuro a consci\u00eancia ecol\u00f3gica aumente, as t\u00e9cnicas melhorem e surjam\u2026","rel":"","context":"Em &quot;Habita\u00e7\u00e3o&quot;","block_context":{"text":"Habita\u00e7\u00e3o","link":"https:\/\/radames.manosso.nom.br\/ambiental\/category\/habitacao\/"},"img":{"alt_text":"casa com telhado verde","src":"https:\/\/i0.wp.com\/radames.manosso.nom.br\/ambiental\/files\/casa-telhado-verde-e1492044191629.jpg?resize=350%2C200&ssl=1","width":350,"height":200},"classes":[]},{"id":356,"url":"https:\/\/radames.manosso.nom.br\/ambiental\/comportamento\/os-cinco-niveis-da-consciencia-ambiental\/","url_meta":{"origin":883,"position":2},"title":"Os cinco n\u00edveis da consci\u00eancia ambiental","author":"Radam\u00e9s","date":false,"format":false,"excerpt":"O que \u00e9 consci\u00eancia ecol\u00f3gica? Muita gente vai dizer que \u00e9 jogar o lixo na lata do lixo. Est\u00e1 certo! Come\u00e7a por a\u00ed mesmo, mas n\u00e3o vamos nos iludir que salvaremos o mundo simplesmente praticando lixo ao cesto. A conscientiza\u00e7\u00e3o ambiental \u00e9 uma escada e a maioria das pessoas ainda\u2026","rel":"","context":"Em &quot;Comportamento&quot;","block_context":{"text":"Comportamento","link":"https:\/\/radames.manosso.nom.br\/ambiental\/category\/comportamento\/"},"img":{"alt_text":"","src":"https:\/\/i0.wp.com\/radames.manosso.nom.br\/ambiental\/files\/escadaria.jpg?resize=350%2C200&ssl=1","width":350,"height":200},"classes":[]},{"id":767,"url":"https:\/\/radames.manosso.nom.br\/ambiental\/consumo\/casa-autonoma-e-um-sonho-ecologico-possivel\/","url_meta":{"origin":883,"position":3},"title":"Casa aut\u00f4noma \u00e9 um sonho ecol\u00f3gico poss\u00edvel?","author":"Radam\u00e9s","date":false,"format":false,"excerpt":"Viver em uma casa ecol\u00f3gica \u00e9 o sonho de muita gente, mas o que define a casa ecol\u00f3gica? A condi\u00e7\u00e3o essencial \u00e9 que ela gere um impacto ambiental bem menor do que as casas \u201cnormais\u201d. Quanto menor? \u00c9 dif\u00edcil dizer, pois n\u00e3o existe padr\u00e3o para esse c\u00e1lculo. Na minha escala\u2026","rel":"","context":"Em &quot;Consumo&quot;","block_context":{"text":"Consumo","link":"https:\/\/radames.manosso.nom.br\/ambiental\/category\/consumo\/"},"img":{"alt_text":"","src":"https:\/\/i0.wp.com\/radames.manosso.nom.br\/ambiental\/files\/energia-solar-painel-celulas-fotovoltaicas.jpg?resize=350%2C200","width":350,"height":200},"classes":[]},{"id":872,"url":"https:\/\/radames.manosso.nom.br\/ambiental\/ideias\/profissoes-de-futuro-verde\/","url_meta":{"origin":883,"position":4},"title":"Profiss\u00f5es de futuro verde","author":"Radam\u00e9s","date":false,"format":false,"excerpt":"O futuro \u00e9 verde e se n\u00e3o for provavelmente estaremos ausentes nessa nova etapa da Hist\u00f3ria. N\u00e3o estamos mais falando de ambiental ismo idealista e, sim, de economia verde, de uma nova realidade em que precisamos enfrentar os desafios da superpopula\u00e7\u00e3o e do esgotamento dos recursos naturais. Nesse cen\u00e1rio verde\u00a0novas\u2026","rel":"","context":"Em &quot;Ideias&quot;","block_context":{"text":"Ideias","link":"https:\/\/radames.manosso.nom.br\/ambiental\/category\/ideias\/"},"img":{"alt_text":"","src":"https:\/\/i0.wp.com\/radames.manosso.nom.br\/ambiental\/files\/economia-verde.jpg?resize=350%2C200&ssl=1","width":350,"height":200},"classes":[]},{"id":698,"url":"https:\/\/radames.manosso.nom.br\/ambiental\/consumo\/bombril-e-ecologico\/","url_meta":{"origin":883,"position":5},"title":"Bombril \u00e9 ecol\u00f3gico?","author":"Radam\u00e9s","date":false,"format":false,"excerpt":"No passado, eu vi na TV uma campanha publicit\u00e1ria em que faziam uma compara\u00e7\u00e3o ambiental entre a esponja de a\u00e7o Bombril e as esponjas sint\u00e9ticas. O milenar garoto propaganda Carlos Moreno alertava que o Bombril \u00e9 ecol\u00f3gico, ao contr\u00e1rio das esponjas sint\u00e9ticas que, al\u00e9m de n\u00e3o serem biodegrad\u00e1veis, acumulam bact\u00e9rias.\u2026","rel":"","context":"Em &quot;Consumo&quot;","block_context":{"text":"Consumo","link":"https:\/\/radames.manosso.nom.br\/ambiental\/category\/consumo\/"},"img":{"alt_text":"","src":"https:\/\/i0.wp.com\/radames.manosso.nom.br\/ambiental\/files\/bucha.jpg?resize=350%2C200&ssl=1","width":350,"height":200},"classes":[]}],"_links":{"self":[{"href":"https:\/\/radames.manosso.nom.br\/ambiental\/wp-json\/wp\/v2\/posts\/883","targetHints":{"allow":["GET"]}}],"collection":[{"href":"https:\/\/radames.manosso.nom.br\/ambiental\/wp-json\/wp\/v2\/posts"}],"about":[{"href":"https:\/\/radames.manosso.nom.br\/ambiental\/wp-json\/wp\/v2\/types\/post"}],"author":[{"embeddable":true,"href":"https:\/\/radames.manosso.nom.br\/ambiental\/wp-json\/wp\/v2\/users\/1"}],"replies":[{"embeddable":true,"href":"https:\/\/radames.manosso.nom.br\/ambiental\/wp-json\/wp\/v2\/comments?post=883"}],"version-history":[{"count":4,"href":"https:\/\/radames.manosso.nom.br\/ambiental\/wp-json\/wp\/v2\/posts\/883\/revisions"}],"predecessor-version":[{"id":1648,"href":"https:\/\/radames.manosso.nom.br\/ambiental\/wp-json\/wp\/v2\/posts\/883\/revisions\/1648"}],"wp:attachment":[{"href":"https:\/\/radames.manosso.nom.br\/ambiental\/wp-json\/wp\/v2\/media?parent=883"}],"wp:term":[{"taxonomy":"category","embeddable":true,"href":"https:\/\/radames.manosso.nom.br\/ambiental\/wp-json\/wp\/v2\/categories?post=883"},{"taxonomy":"post_tag","embeddable":true,"href":"https:\/\/radames.manosso.nom.br\/ambiental\/wp-json\/wp\/v2\/tags?post=883"}],"curies":[{"name":"wp","href":"https:\/\/api.w.org\/{rel}","templated":true}]}}