{"id":901,"date":"2012-12-31T16:50:45","date_gmt":"2012-12-31T18:50:45","guid":{"rendered":"http:\/\/radames.manosso.nom.br\/ambiental\/?p=901"},"modified":"2021-01-18T17:03:43","modified_gmt":"2021-01-18T20:03:43","slug":"as-lavadoras-de-roupa-mais-economicas-do-brasil","status":"publish","type":"post","link":"https:\/\/radames.manosso.nom.br\/ambiental\/comportamento\/as-lavadoras-de-roupa-mais-economicas-do-brasil\/","title":{"rendered":"As lavadoras de roupa mais econ\u00f4micas do Brasil"},"content":{"rendered":"\n<p>O Inmetro (Instituto Nacional de Metrologia) tem um programa de etiquetagem espec\u00edfico para m\u00e1quinas de lavar roupa de uso residencial. Trata-se de uma boa iniciativa que ajuda o consumidor a fazer uma escolha consciente, pois as m\u00e1quinas vem de f\u00e1brica com uma etiqueta do Inmetro que informa dados sobre sua efici\u00eancia. Como o programa do Inmetro divide os aparelhos em categorias e analisa v\u00e1rias caracter\u00edsticas das m\u00e1quinas, no final, fica dif\u00edcil dizer qual \u00e9 a mais econ\u00f4mica. Ent\u00e3o vamos partir das tabelas do Inmetro para determinar quais m\u00e1quinas realmente economizam recursos independente de seu tipo, tamanho ou funcionalidades.<\/p>\n\n\n\n<figure class=\"wp-block-image size-large\"><img data-recalc-dims=\"1\" loading=\"lazy\" decoding=\"async\" width=\"241\" height=\"320\" src=\"https:\/\/i0.wp.com\/radames.manosso.nom.br\/ambiental\/files\/alliance-lavadora.jpg?resize=241%2C320&#038;ssl=1\" alt=\"\" class=\"wp-image-1287\" srcset=\"https:\/\/i0.wp.com\/radames.manosso.nom.br\/ambiental\/files\/alliance-lavadora.jpg?w=241&amp;ssl=1 241w, https:\/\/i0.wp.com\/radames.manosso.nom.br\/ambiental\/files\/alliance-lavadora.jpg?resize=226%2C300&amp;ssl=1 226w\" sizes=\"auto, (max-width: 241px) 100vw, 241px\" \/><\/figure>\n\n\n\n<!--more-->\n\n\n\n<p>Uma m\u00e1quina de lavar consome eletricidade e \u00e1gua, dois recursos preciosos e, por isso, fizemos a compara\u00e7\u00e3o calculando quanta energia el\u00e9trica e \u00e1gua fria uma m\u00e1quina consome para lavar 1.000 kg de roupa. O valor da energia foi considerado em R$ 0,80 por kWh e o da \u00e1gua em R$ 14,00 por metro c\u00fabico, lembrando que a \u00e1gua consumida na lavagem vira efluente l\u00edquido para ser tratado na rede de esgoto. Vejas os 20 modelos mais eficientes em 2020.<\/p>\n\n\n\n<h3 class=\"wp-block-heading\">Modelos mais eficientes em 2020<\/h3>\n\n\n\n<figure class=\"wp-block-table\"><table><tbody><tr><td><strong>Categoria<\/strong><\/td><td><strong>Fabricante<\/strong><\/td><td><strong>Modelo<\/strong><\/td><td class=\"has-text-align-center\" data-align=\"center\"><strong>Tens\u00e3o V<\/strong><\/td><td><strong>Carga kg<\/strong><\/td><td><strong>R$ por 1000kg<\/strong><\/td><\/tr><tr><td>Frontload<\/td><td>ALLIANCE<\/td><td>LAUNDRY SYSTEMS SPEED QUEEN, AFNE9BSP543DW04, AFNE9BSP545DW04,   AFNE9BSP543DN04, AFNE9BSP545DN04, PROFESSIONAL FRONT LOAD WASHER 10.5 kg,   BRANCA e INOX<\/td><td class=\"has-text-align-center\" data-align=\"center\">220<\/td><td>10,5<\/td><td>74,93<\/td><\/tr><tr><td>Frontload<\/td><td>ALLIANCE<\/td><td>LAUNDRY SYSTEMS ALLIANCE AFNE9BSP543DW04, AFNE9BSP543DN04, AFNE9BSP543DW04   White e AFNE9BSP543DN04 Stainless Steel<\/td><td class=\"has-text-align-center\" data-align=\"center\">220<\/td><td>10,5<\/td><td>74,93<\/td><\/tr><tr><td>Frontload<\/td><td>ALLIANCE<\/td><td>LAUNDRY SYSTEMS SPEED QUEEN AFNE9BSP123DW04, AFNE9BSP125DW04,   AFNE9BSP123DN04, AFNE9BSP125DN04, PROFESSIONAL FRONT LOAD WASHER BRANCA  e INOX<\/td><td class=\"has-text-align-center\" data-align=\"center\">127<\/td><td>10,5<\/td><td>76,34<\/td><\/tr><tr><td>Frontload<\/td><td>ALLIANCE<\/td><td>LAUNDRY SYSTEMS ALLIANCE AFNE9BSP123DW04, AFNE9BSP123DN04, AFNE9BSP123DW04  White e AFNE9BSP123DN04 Stainless Steel<\/td><td class=\"has-text-align-center\" data-align=\"center\">127<\/td><td>10,5<\/td><td>76,34<\/td><\/tr><tr><td>Topload<\/td><td>Whirlpool<\/td><td>CONSUL CWE13ABANA Consul 13 kg Maxi Economia<\/td><td class=\"has-text-align-center\" data-align=\"center\">127<\/td><td>13<\/td><td>117,08<\/td><\/tr><tr><td>Topload<\/td><td>Whirlpool<\/td><td>CONSUL CWE13ABBNA Consul 13 kg Maxi Economia<\/td><td class=\"has-text-align-center\" data-align=\"center\">220<\/td><td>13<\/td><td>117,08<\/td><\/tr><tr><td>Topload<\/td><td>ALLIANCE<\/td><td>SPEED QUEEN AWNE9RSN545DW01 e AWN63RSN545DW01<\/td><td class=\"has-text-align-center\" data-align=\"center\">220<\/td><td>10,5<\/td><td>122,42<\/td><\/tr><tr><td>Topload<\/td><td>ALLIANCE<\/td><td>SPEED QUEEN AWNE9RSN125DW01 e AWN63RSN125DW01<\/td><td class=\"has-text-align-center\" data-align=\"center\">127<\/td><td>10,5<\/td><td>123,50<\/td><\/tr><tr><td>Topload<\/td><td>Panasonic<\/td><td>PANASONIC NA-F140B6WA<\/td><td class=\"has-text-align-center\" data-align=\"center\">127<\/td><td>14<\/td><td>130,34<\/td><\/tr><tr><td>Topload<\/td><td>Panasonic<\/td><td>PANASONIC NA-F140B6WB<\/td><td class=\"has-text-align-center\" data-align=\"center\">220<\/td><td>14<\/td><td>130,34<\/td><\/tr><tr><td>Topload<\/td><td>Panasonic<\/td><td>PANASONIC NA-F140B5WA<\/td><td class=\"has-text-align-center\" data-align=\"center\">127<\/td><td>14<\/td><td>130,66<\/td><\/tr><tr><td>Topload<\/td><td>Panasonic<\/td><td>PANASONIC NA-F140B5WB<\/td><td class=\"has-text-align-center\" data-align=\"center\">220<\/td><td>14<\/td><td>130,66<\/td><\/tr><tr><td>Topload<\/td><td>Panasonic<\/td><td>PANASONIC NA-F120B5GA<\/td><td class=\"has-text-align-center\" data-align=\"center\">127<\/td><td>12<\/td><td>130,80<\/td><\/tr><tr><td>Topload<\/td><td>Panasonic<\/td><td>PANASONIC NA-F120B5GB<\/td><td class=\"has-text-align-center\" data-align=\"center\">220<\/td><td>12<\/td><td>130,80<\/td><\/tr><tr><td>Topload<\/td><td>Panasonic<\/td><td>PANASONIC NA-F170P6TA<\/td><td class=\"has-text-align-center\" data-align=\"center\">127<\/td><td>17<\/td><td>134,22<\/td><\/tr><tr><td>Topload<\/td><td>Panasonic<\/td><td>PANASONIC NA-F170P6TB<\/td><td class=\"has-text-align-center\" data-align=\"center\">220<\/td><td>17<\/td><td>134,22<\/td><\/tr><tr><td>Frontload<\/td><td>ELECTROLUX<\/td><td>ELECTROLUX 20111RBA106 LFE11<\/td><td class=\"has-text-align-center\" data-align=\"center\">127<\/td><td>11<\/td><td>134,62<\/td><\/tr><tr><td>Frontload<\/td><td>ELECTROLUX<\/td><td>ELECTROLUX 20111RBA206 LFE11<\/td><td class=\"has-text-align-center\" data-align=\"center\">220<\/td><td>11<\/td><td>134,62<\/td><\/tr><tr><td>Topload<\/td><td>Panasonic<\/td><td>PANASONIC NA-F160B6WA<\/td><td class=\"has-text-align-center\" data-align=\"center\">127<\/td><td>16<\/td><td>134,35<\/td><\/tr><tr><td>Topload<\/td><td>Panasonic<\/td><td>PANASONIC NA-F160B6WB<\/td><td class=\"has-text-align-center\" data-align=\"center\">220<\/td><td>16<\/td><td>134,35<\/td><\/tr><\/tbody><\/table><\/figure>\n\n\n\n<h3 class=\"wp-block-heading\">Baixe a planilha completa gr\u00e1tis<\/h3>\n\n\n\n<p>Veja todos todos os 282 modelos na planilha completa.<\/p>\n\n\n\n<figure class=\"wp-block-image size-medium is-resized\"><a href=\"http:\/\/radames.manosso.nom.br\/download\/planilha-inmetro-de-eficiencia-de-lavadoras-2020\/\"><img data-recalc-dims=\"1\" decoding=\"async\" src=\"https:\/\/i0.wp.com\/radames.manosso.nom.br\/ambiental\/files\/Download-Button.png?w=200&#038;ssl=1\" alt=\"\" class=\"wp-image-1022\" \/><\/a><\/figure>\n\n\n\n<div class=\"wp-block-group\"><div class=\"wp-block-group__inner-container is-layout-flow wp-block-group-is-layout-flow\">\n<hr class=\"wp-block-separator\"\/>\n\n\n\n<p>Veja tamb\u00e9m os posts da mesma s\u00e9rie:<\/p>\n\n\n\n<ul class=\"wp-block-list\"><li><a href=\"https:\/\/radames.manosso.nom.br\/ambiental\/transporte\/os-carros-mails-economicos-do-brasil-2010\/\">Carros mais econ\u00f4micos<\/a><\/li><li><a href=\"https:\/\/radames.manosso.nom.br\/ambiental\/comportamento\/as-lavadoras-de-roupa-mais-economicas-do-brasil\/\">Lavadoras mais econ\u00f4micas<\/a><\/li><li><a href=\"https:\/\/radames.manosso.nom.br\/ambiental\/consumo\/os-refrigeradores-mais-economicos-do-brasil-2011\/\">Refrigeradores mais econ\u00f4micos<\/a><\/li><li><a href=\"https:\/\/radames.manosso.nom.br\/ambiental\/consumo\/os-televisores-mais-economicos-do-brasil\/\">Televisores mais econ\u00f4micos<\/a><\/li><li><a href=\"https:\/\/radames.manosso.nom.br\/ambiental\/energia\/iluminacao-e-lampadas\/\">Economize com ilumina\u00e7\u00e3o e l\u00e2mpadas<\/a><\/li><\/ul>\n<\/div><\/div>\n\n\n\n<hr class=\"wp-block-separator\"\/>\n\n\n\n<p>As diferen\u00e7as entre modelos \u00e9 enorme. Para lavar 1000 kg de roupa no modelo campe\u00e3o de economia, o consumidor gastaria apenas R$75,00 com \u00e1gua fria e eletricidade. Utilizando modelos ineficientes a conta subiria para mais R$ 650,00. Ao longo da vida \u00fatil do aparelho, o consumidor pode economizar mais de R$ 5.000,00 em insumos dependendo da escolha que fizer na hora da compra. Na pr\u00e1tica, levar uma m\u00e1quina ineficiente para casa equivale a pagar dobrado de forma impercept\u00edvel, em pequenas parcelas mensais.<\/p>\n\n\n\n<p>Analisando os dados, vemos que o tipo da lavadora influencia em seu desempenho. As m\u00e1quinas autom\u00e1ticas de abertura frontal s\u00e3o as mais eficientes. Infelizmente, no Brasil esse tipo n\u00e3o \u00e9 muito popular e os modelos desse tipo costumam ser mais caros do que as equivalentes de abertura superior. As m\u00e1quinas semi-autom\u00e1ticas s\u00e3o baratas e t\u00eam apelo popular, mas sua efici\u00eancia, na m\u00e9dia, \u00e9 sofr\u00edvel. O governo deveria pensar seriamente em incentivar o abandono dos modelos semi-autom\u00e1ticos que al\u00e9m de ineficientes oferecem pouca comodidade.<\/p>\n\n\n\n<h3 class=\"wp-block-heading\">Eco-consumo<\/h3>\n\n\n\n<ul class=\"wp-block-list\">\n<li><a href=\"https:\/\/radames.manosso.nom.br\/ambiental\/consumo\/os-televisores-mais-economicos-do-brasil\/\">Os televisores mais econ\u00f4micos do Brasil<\/a><\/li>\n\n\n\n<li><a href=\"https:\/\/radames.manosso.nom.br\/ambiental\/comportamento\/as-lavadoras-de-roupa-mais-economicas-do-brasil\/\">As lavadoras de roupa mais econ\u00f4micas do Brasil<\/a><\/li>\n\n\n\n<li><a href=\"https:\/\/radames.manosso.nom.br\/ambiental\/consumo\/a-maquina-de-lavar-para-o-consumidor-ecologico\/\">A m\u00e1quina de lavar para o consumidor ecol\u00f3gico<\/a><\/li>\n\n\n\n<li><a href=\"https:\/\/radames.manosso.nom.br\/ambiental\/consumo\/os-refrigeradores-mais-economicos-do-brasil-2011\/\">Os refrigeradores mais econ\u00f4micos do Brasil<\/a><\/li>\n\n\n\n<li><a href=\"https:\/\/radames.manosso.nom.br\/ambiental\/consumo\/seja-ecologico-desligue-seu-computador\/\">Seja ecol\u00f3gico, desligue seu computador<\/a><\/li>\n\n\n\n<li><a href=\"https:\/\/radames.manosso.nom.br\/ambiental\/consumo\/a-evolucao-e-o-retrocesso-dos-refrigeradores\/\">A evolu\u00e7\u00e3o e o retrocesso dos refrigeradores<\/a><\/li>\n\n\n\n<li><a href=\"https:\/\/radames.manosso.nom.br\/ambiental\/consumo\/bombril-e-ecologico\/\">Bombril \u00e9 ecol\u00f3gico?<\/a><\/li>\n\n\n\n<li><a href=\"https:\/\/radames.manosso.nom.br\/ambiental\/consumo\/geladeiras-gratis-para-reduzir-o-aquecimento-global\/\">Geladeiras gr\u00e1tis para reduzir o aquecimento global<\/a><\/li>\n\n\n\n<li><a href=\"https:\/\/radames.manosso.nom.br\/ambiental\/transporte\/os-carros-mails-economicos-do-brasil-2010\/\">Os carros mais econ\u00f4micos do Brasil<\/a><\/li>\n\n\n\n<li><a href=\"https:\/\/radames.manosso.nom.br\/ambiental\/ideias\/carro-preto-e-ruim-para-o-meio-ambiente\/\">Carro preto \u00e9 ruim para o meio ambiente?<\/a><\/li>\n\n\n\n<li><a href=\"https:\/\/radames.manosso.nom.br\/ambiental\/residuos\/papel-higienico-um-assunto-enrolado\/\">Papel higi\u00eanico: um assunto enrolado<\/a><\/li>\n\n\n\n<li><a href=\"https:\/\/radames.manosso.nom.br\/ambiental\/energia\/viloes-do-consumo-de-energia-eletrica-em-casa\/\">Vil\u00f5es do consumo de energia el\u00e9trica em casa<\/a><\/li>\n\n\n\n<li><a href=\"https:\/\/radames.manosso.nom.br\/ambiental\/transporte\/etanol-alcool-combustivel\/\">Etanol &#8211; \u00e1lcool combust\u00edvel<\/a><\/li>\n\n\n\n<li><a href=\"https:\/\/radames.manosso.nom.br\/ambiental\/energia\/iluminacao-e-lampadas\/\">Economize com ilumina\u00e7\u00e3o e l\u00e2mpadas<\/a><\/li>\n\n\n\n<li><a href=\"https:\/\/radames.manosso.nom.br\/ambiental\/comportamento\/menos-comodo-porem-ecologico-economico-e-saudavel\/\">Menos c\u00f4modo, por\u00e9m ecol\u00f3gico, econ\u00f4mico e saud\u00e1vel<\/a><\/li>\n<\/ul>\n","protected":false},"excerpt":{"rendered":"<p>O Inmetro (Instituto Nacional de Metrologia) tem um programa de etiquetagem espec\u00edfico para m\u00e1quinas de lavar roupa de uso residencial. Trata-se de uma boa iniciativa que ajuda o consumidor a fazer uma escolha consciente, pois as m\u00e1quinas vem de f\u00e1brica com uma etiqueta do Inmetro que informa dados sobre sua efici\u00eancia. Como o programa do &hellip; <a href=\"https:\/\/radames.manosso.nom.br\/ambiental\/comportamento\/as-lavadoras-de-roupa-mais-economicas-do-brasil\/\" class=\"more-link\">Continue lendo <span class=\"screen-reader-text\">As lavadoras de roupa mais econ\u00f4micas do Brasil<\/span> <span class=\"meta-nav\">&rarr;<\/span><\/a><\/p>\n","protected":false},"author":1,"featured_media":0,"comment_status":"open","ping_status":"closed","sticky":false,"template":"","format":"standard","meta":{"jetpack_post_was_ever_published":false,"_jetpack_newsletter_access":"","_jetpack_dont_email_post_to_subs":false,"_jetpack_newsletter_tier_id":0,"_jetpack_memberships_contains_paywalled_content":false,"_jetpack_memberships_contains_paid_content":false,"footnotes":""},"categories":[86],"tags":[15,158,150,134,135],"class_list":["post-901","post","type-post","status-publish","format-standard","hentry","category-comportamento","tag-consumo-2","tag-eletrodomestico","tag-energia","tag-lavadora","tag-maquina-de-lavar"],"jetpack_featured_media_url":"","jetpack_sharing_enabled":true,"jetpack_shortlink":"https:\/\/wp.me\/p13UHu-ex","jetpack-related-posts":[{"id":897,"url":"https:\/\/radames.manosso.nom.br\/ambiental\/consumo\/a-maquina-de-lavar-para-o-consumidor-ecologico\/","url_meta":{"origin":901,"position":0},"title":"A m\u00e1quina de lavar para o consumidor ecol\u00f3gico","author":"Radam\u00e9s","date":false,"format":false,"excerpt":"Existem lavadoras de roupa para todos os gostos e bolsos \u00e0 venda no Brasil. Quem quiser fazer uma boa compra deve lembrar que o pre\u00e7o do aparelho \u00e9 apenas um dos itens a considerar na hora de fechar neg\u00f3cio. A m\u00e1quina de lavar consome energia el\u00e9trica e \u00e1gua e o\u2026","rel":"","context":"Em &quot;Consumo&quot;","block_context":{"text":"Consumo","link":"https:\/\/radames.manosso.nom.br\/ambiental\/category\/consumo\/"},"img":{"alt_text":"","src":"https:\/\/i0.wp.com\/radames.manosso.nom.br\/ambiental\/files\/lavadora-de-roupas-abertura-frontal.jpg?resize=350%2C200&ssl=1","width":350,"height":200},"classes":[]},{"id":720,"url":"https:\/\/radames.manosso.nom.br\/ambiental\/consumo\/a-evolucao-e-o-retrocesso-dos-refrigeradores\/","url_meta":{"origin":901,"position":1},"title":"A evolu\u00e7\u00e3o e o retrocesso dos refrigeradores","author":"Radam\u00e9s","date":false,"format":false,"excerpt":"Eu estava remexendo em documentos antigos quando encontrei o manual de uma velha geladeira Prosd\u00f3cimo comprada h\u00e1 quase vinte anos. No manual estava colada a etiqueta do Inmetro que naquela \u00e9poca j\u00e1 avaliava a efici\u00eancia energ\u00e9tica das geladeiras. 37,5 kWh\/m\u00eas era o consumo registrado para esse refrigerador de uma porta\u2026","rel":"","context":"Em &quot;Consumo&quot;","block_context":{"text":"Consumo","link":"https:\/\/radames.manosso.nom.br\/ambiental\/category\/consumo\/"},"img":{"alt_text":"","src":"https:\/\/i0.wp.com\/radames.manosso.nom.br\/ambiental\/files\/geladeira-electrolux-degelo-autolimpante.jpg?resize=350%2C200","width":350,"height":200},"classes":[]},{"id":263,"url":"https:\/\/radames.manosso.nom.br\/ambiental\/ideias\/como-reaproveitar-a-agua-da-lavadora-sem-levar-banho\/","url_meta":{"origin":901,"position":2},"title":"Como reaproveitar a \u00e1gua da lavadora sem levar banho","author":"Radam\u00e9s","date":false,"format":false,"excerpt":"A \u00e1gua que sai da m\u00e1quina de lavar pode ser usada para lavar pisos, carro e outras coisas lav\u00e1veis com \u00e1gua de segunda m\u00e3o. A ideia \u00e9 ecol\u00f3gica, mas quem j\u00e1 tentou coloc\u00e1-la em pr\u00e1tica sabe que d\u00e1 trabalho porque a maioria das m\u00e1quinas de lavar n\u00e3o foi pensada para\u2026","rel":"","context":"Em &quot;Ideias&quot;","block_context":{"text":"Ideias","link":"https:\/\/radames.manosso.nom.br\/ambiental\/category\/ideias\/"},"img":{"alt_text":"","src":"https:\/\/i0.wp.com\/radames.manosso.nom.br\/ambiental\/files\/cisterna-vertical-150-litros-ambientacao-para-maquina-de-lavar.web_.jpg?resize=350%2C200&ssl=1","width":350,"height":200},"classes":[]},{"id":823,"url":"https:\/\/radames.manosso.nom.br\/ambiental\/consumo\/os-refrigeradores-mais-economicos-do-brasil-2011\/","url_meta":{"origin":901,"position":3},"title":"Os refrigeradores mais econ\u00f4micos do Brasil","author":"Radam\u00e9s","date":false,"format":false,"excerpt":"O Inmetro divulgou seu relat\u00f3rio 2020 do programa nacional de etiquetagem para refrigeradores. As planilhas trazem 284 modelos e os mais econ\u00f4micos est\u00e3o nas tabelas abaixo. As tabelas est\u00e3o divididas em quatro categorias: refrigeradores tradicionais, refrigradores frost-free, combinados e combinados frost-free. Para cada categoria apresentamos os cinco modelos mais econ\u00f4micos\u2026","rel":"","context":"Em &quot;Consumo&quot;","block_context":{"text":"Consumo","link":"https:\/\/radames.manosso.nom.br\/ambiental\/category\/consumo\/"},"img":{"alt_text":"","src":"https:\/\/i0.wp.com\/radames.manosso.nom.br\/ambiental\/files\/gorenje.jpg?resize=350%2C200&ssl=1","width":350,"height":200,"srcset":"https:\/\/i0.wp.com\/radames.manosso.nom.br\/ambiental\/files\/gorenje.jpg?resize=350%2C200&ssl=1 1x, https:\/\/i0.wp.com\/radames.manosso.nom.br\/ambiental\/files\/gorenje.jpg?resize=525%2C300&ssl=1 1.5x, https:\/\/i0.wp.com\/radames.manosso.nom.br\/ambiental\/files\/gorenje.jpg?resize=700%2C400&ssl=1 2x"},"classes":[]},{"id":414,"url":"https:\/\/radames.manosso.nom.br\/ambiental\/consumo\/geladeiras-gratis-para-reduzir-o-aquecimento-global\/","url_meta":{"origin":901,"position":4},"title":"Geladeiras gr\u00e1tis para reduzir o aquecimento global","author":"Radam\u00e9s","date":false,"format":false,"excerpt":"Uma geladeira velha e ineficiente chega a consumir o dobro da energia el\u00e9trica gasta por um modelo novo de mesma capacidade e classifica\u00e7\u00e3o A pelo Inmetro. Nas casas de pessoas de baixa renda \u00e9 comum encontrar modelos antigos com efici\u00eancia baixa por conta do desgaste e da tecnologia ultrapassada. Diante\u2026","rel":"","context":"Em &quot;Consumo&quot;","block_context":{"text":"Consumo","link":"https:\/\/radames.manosso.nom.br\/ambiental\/category\/consumo\/"},"img":{"alt_text":"","src":"https:\/\/i0.wp.com\/radames.manosso.nom.br\/ambiental\/files\/geladeira-velha.jpg?resize=350%2C200","width":350,"height":200},"classes":[]},{"id":321,"url":"https:\/\/radames.manosso.nom.br\/ambiental\/transporte\/os-carros-mails-economicos-do-brasil-2010\/","url_meta":{"origin":901,"position":5},"title":"Os carros mais econ\u00f4micos do Brasil","author":"Radam\u00e9s","date":false,"format":false,"excerpt":"Conhe\u00e7a os carros mais econ\u00f4micos comercializados no Brasil segundo o Inmetro em v\u00e1rios anos. Estamos falando de economia de energia. Como h\u00e1 v\u00e1rios tipos de combust\u00edvel (diesel, etanol, eletricidade, gasolina) o Inmetro tem adotado mais recentemente a medida MJ\/km (Mega Joule por quil\u00f4metro) que permite fazer compara\u00e7\u00f5es entre combust\u00edveis diferentes.\u2026","rel":"","context":"Em &quot;Transporte&quot;","block_context":{"text":"Transporte","link":"https:\/\/radames.manosso.nom.br\/ambiental\/category\/transporte\/"},"img":{"alt_text":"twizy","src":"https:\/\/i0.wp.com\/radames.manosso.nom.br\/ambiental\/files\/twizy.jpg?resize=350%2C200&ssl=1","width":350,"height":200,"srcset":"https:\/\/i0.wp.com\/radames.manosso.nom.br\/ambiental\/files\/twizy.jpg?resize=350%2C200&ssl=1 1x, https:\/\/i0.wp.com\/radames.manosso.nom.br\/ambiental\/files\/twizy.jpg?resize=525%2C300&ssl=1 1.5x"},"classes":[]}],"_links":{"self":[{"href":"https:\/\/radames.manosso.nom.br\/ambiental\/wp-json\/wp\/v2\/posts\/901","targetHints":{"allow":["GET"]}}],"collection":[{"href":"https:\/\/radames.manosso.nom.br\/ambiental\/wp-json\/wp\/v2\/posts"}],"about":[{"href":"https:\/\/radames.manosso.nom.br\/ambiental\/wp-json\/wp\/v2\/types\/post"}],"author":[{"embeddable":true,"href":"https:\/\/radames.manosso.nom.br\/ambiental\/wp-json\/wp\/v2\/users\/1"}],"replies":[{"embeddable":true,"href":"https:\/\/radames.manosso.nom.br\/ambiental\/wp-json\/wp\/v2\/comments?post=901"}],"version-history":[{"count":8,"href":"https:\/\/radames.manosso.nom.br\/ambiental\/wp-json\/wp\/v2\/posts\/901\/revisions"}],"predecessor-version":[{"id":1610,"href":"https:\/\/radames.manosso.nom.br\/ambiental\/wp-json\/wp\/v2\/posts\/901\/revisions\/1610"}],"wp:attachment":[{"href":"https:\/\/radames.manosso.nom.br\/ambiental\/wp-json\/wp\/v2\/media?parent=901"}],"wp:term":[{"taxonomy":"category","embeddable":true,"href":"https:\/\/radames.manosso.nom.br\/ambiental\/wp-json\/wp\/v2\/categories?post=901"},{"taxonomy":"post_tag","embeddable":true,"href":"https:\/\/radames.manosso.nom.br\/ambiental\/wp-json\/wp\/v2\/tags?post=901"}],"curies":[{"name":"wp","href":"https:\/\/api.w.org\/{rel}","templated":true}]}}