{"id":91,"date":"2010-09-09T20:23:37","date_gmt":"2010-09-09T23:23:37","guid":{"rendered":"http:\/\/radames.manosso.nom.br\/ambiental\/?p=91"},"modified":"2021-01-18T19:21:28","modified_gmt":"2021-01-18T22:21:28","slug":"adensamento-urbano","status":"publish","type":"post","link":"https:\/\/radames.manosso.nom.br\/ambiental\/urbano\/adensamento-urbano\/","title":{"rendered":"Adensamento urbano"},"content":{"rendered":"\n<p>Muitas solu\u00e7\u00f5es ambientais est\u00e3o ligadas ao urbanismo. Embora urbanismo seja em primeiro lugar uma quest\u00e3o pol\u00edtica&nbsp; e as solu\u00e7\u00f5es urbanas sejam coletivas vamos falar um pouco sobre ele aqui para orientar algumas decis\u00f5es do cidad\u00e3o individualmente ecol\u00f3gico. <\/p>\n\n\n\n<h3 class=\"wp-block-heading\">Boas pr\u00e1ticas<\/h3>\n\n\n\n<p>Percorrendo uma cidade encontramos realidades bem diferentes. Em certas \u00e1reas urbanas vemos \u00e1rvores nas ruas, grama nas \u00e1reas de passagem, al\u00e9m de casas com jardim e quintal. Os recuos entre constru\u00e7\u00f5es s\u00e3o mais amplos e elas n\u00e3o se grudam umas \u00e0s outras. Em alguns condom\u00ednios de apartamentos tamb\u00e9m encontramos ampla \u00e1rea livre e verde abundante. <\/p>\n\n\n\n<p>\u00c1reas residenciais com essas caracter\u00edsticas, al\u00e9m de propiciarem uma qualidade de vida melhor aos moradores, tamb\u00e9m t\u00eam algumas vantagens ambientais.&nbsp; A presen\u00e7a do verde tem efeito positivo no efeito estufa, afinal os vegetais sequestram o carbono atmosf\u00e9rico. \u00c1reas gramadas, jardins e quintais permitem a infiltra\u00e7\u00e3o da \u00e1gua da chuva e isso \u00e9 \u00f3timo para a circula\u00e7\u00e3o subterr\u00e2nea das \u00e1guas. Constru\u00e7\u00f5es com bons recuos, ou seja, com espa\u00e7o livre em volta, podem receber ventila\u00e7\u00e3o e ilumina\u00e7\u00e3o naturais e assim se tornam mais econ\u00f4micas.<\/p>\n\n\n\n<figure class=\"wp-block-image size-large\"><img data-recalc-dims=\"1\" loading=\"lazy\" decoding=\"async\" width=\"500\" height=\"313\" src=\"https:\/\/i0.wp.com\/radames.manosso.nom.br\/ambiental\/files\/rua-arborizada.jpeg?resize=500%2C313&#038;ssl=1\" alt=\"rua arborizada\" class=\"wp-image-1487\" srcset=\"https:\/\/i0.wp.com\/radames.manosso.nom.br\/ambiental\/files\/rua-arborizada.jpeg?w=500&amp;ssl=1 500w, https:\/\/i0.wp.com\/radames.manosso.nom.br\/ambiental\/files\/rua-arborizada.jpeg?resize=300%2C188&amp;ssl=1 300w\" sizes=\"auto, (max-width: 500px) 100vw, 500px\" \/><\/figure>\n\n\n\n<!--more-->\n\n\n\n<h3 class=\"wp-block-heading\">M\u00e1s pr\u00e1ticas<\/h3>\n\n\n\n<p>Da mesma forma, nas cidades tamb\u00e9m podemos encontrar \u00e1reas com alta ocupa\u00e7\u00e3o do solo. As edifica\u00e7\u00f5es ficam encostadas umas \u00e0s outras e ocupam quase toda a \u00e1rea do terreno. As ruas s\u00e3o asfaltadas, as cal\u00e7adas cobrem toda a \u00e1rea de circula\u00e7\u00e3o e praticamente n\u00e3o h\u00e1 verde. O adensamento urbano tem a vantagem de concentrar a popula\u00e7\u00e3o em \u00e1rea menor, o que resulta em economia de infra-estrutura urbana, menos deslocamentos, etc. Por outro lado, quando o concreto ocupa o lugar do verde perde-se a \u00e1rea de infiltra\u00e7\u00e3o da \u00e1gua de chuva. As temperaturas nessas \u00e1reas passam a lembrar clima de deserto: escaldantes durante o dia e frias durante a noite. A impermeabiliza\u00e7\u00e3o do solo favorece as inunda\u00e7\u00f5es e enxurradas.<\/p>\n\n\n\n<h3 class=\"wp-block-heading\">Cen\u00e1rios de adensamento urbano<\/h3>\n\n\n\n<p>O adensamento urbano deve ser uma meta urban\u00edstica, mas conciliando com outras necessidades para termos a uni\u00e3o da qualidade de vida com a redu\u00e7\u00e3o dos impactos ambientais. A seguir vamos ver alguns cen\u00e1rios de adensamento comentados.<\/p>\n\n\n\n<h4 class=\"wp-block-heading\">Baixa densidade populacional e baixa ocupa\u00e7\u00e3o do solo<\/h4>\n\n\n\n<figure class=\"wp-block-image\"><a href=\"https:\/\/i0.wp.com\/radames.manosso.nom.br\/ambiental\/files\/condominiocuritiba1.jpg?ssl=1\"><img data-recalc-dims=\"1\" loading=\"lazy\" decoding=\"async\" width=\"604\" height=\"505\" src=\"https:\/\/i0.wp.com\/radames.manosso.nom.br\/ambiental\/files\/condominiocuritiba1.jpg?resize=604%2C505&#038;ssl=1\" alt=\"\" class=\"wp-image-108\" title=\"Condom\u00ednio Curitiba\" srcset=\"https:\/\/i0.wp.com\/radames.manosso.nom.br\/ambiental\/files\/condominiocuritiba1.jpg?w=743&amp;ssl=1 743w, https:\/\/i0.wp.com\/radames.manosso.nom.br\/ambiental\/files\/condominiocuritiba1.jpg?resize=300%2C250&amp;ssl=1 300w, https:\/\/i0.wp.com\/radames.manosso.nom.br\/ambiental\/files\/condominiocuritiba1.jpg?resize=150%2C125&amp;ssl=1 150w\" sizes=\"auto, (max-width: 604px) 100vw, 604px\" \/><\/a><figcaption>Condom\u00ednio horizontal, Curitiba.<\/figcaption><\/figure>\n\n\n\n<p>Nesse caos temos qualidade de vida, mas com baixa densidade urbana. N\u00e3o \u00e9 a condi\u00e7\u00e3o mais equilibrada.<\/p>\n\n\n\n<h4 class=\"wp-block-heading\">M\u00e9dia densidade populacional e alta ocupa\u00e7\u00e3o do solo<\/h4>\n\n\n\n<figure class=\"wp-block-image\"><a href=\"https:\/\/i0.wp.com\/radames.manosso.nom.br\/ambiental\/files\/saopaulojardins1.jpg?ssl=1\"><img data-recalc-dims=\"1\" loading=\"lazy\" decoding=\"async\" width=\"604\" height=\"506\" src=\"https:\/\/i0.wp.com\/radames.manosso.nom.br\/ambiental\/files\/saopaulojardins1.jpg?resize=604%2C506&#038;ssl=1\" alt=\"\" class=\"wp-image-110\" title=\"S\u00e3o Paulo Jardins\" srcset=\"https:\/\/i0.wp.com\/radames.manosso.nom.br\/ambiental\/files\/saopaulojardins1.jpg?w=742&amp;ssl=1 742w, https:\/\/i0.wp.com\/radames.manosso.nom.br\/ambiental\/files\/saopaulojardins1.jpg?resize=300%2C251&amp;ssl=1 300w, https:\/\/i0.wp.com\/radames.manosso.nom.br\/ambiental\/files\/saopaulojardins1.jpg?resize=150%2C125&amp;ssl=1 150w\" sizes=\"auto, (max-width: 604px) 100vw, 604px\" \/><\/a><figcaption>Jardins, S\u00e3o Paulo.<\/figcaption><\/figure>\n\n\n\n<p>Aqui temos uma razo\u00e1vel qualidade de vida, mas um mau aproveitamento do solo.<\/p>\n\n\n\n<h4 class=\"wp-block-heading\">Alta densidade populacional e alta ocupa\u00e7\u00e3o do solo<\/h4>\n\n\n\n<figure class=\"wp-block-image\"><a href=\"https:\/\/i0.wp.com\/radames.manosso.nom.br\/ambiental\/files\/saopaulozonasul1.jpg?ssl=1\"><img data-recalc-dims=\"1\" loading=\"lazy\" decoding=\"async\" width=\"604\" height=\"506\" src=\"https:\/\/i0.wp.com\/radames.manosso.nom.br\/ambiental\/files\/saopaulozonasul1.jpg?resize=604%2C506&#038;ssl=1\" alt=\"\" class=\"wp-image-109\" title=\"S\u00e3o Paulo zona sul\" srcset=\"https:\/\/i0.wp.com\/radames.manosso.nom.br\/ambiental\/files\/saopaulozonasul1.jpg?w=741&amp;ssl=1 741w, https:\/\/i0.wp.com\/radames.manosso.nom.br\/ambiental\/files\/saopaulozonasul1.jpg?resize=300%2C251&amp;ssl=1 300w, https:\/\/i0.wp.com\/radames.manosso.nom.br\/ambiental\/files\/saopaulozonasul1.jpg?resize=150%2C125&amp;ssl=1 150w\" sizes=\"auto, (max-width: 604px) 100vw, 604px\" \/><\/a><figcaption>Zona Sul, S\u00e3o Paulo.<\/figcaption><\/figure>\n\n\n\n<p>Neste cen\u00e1rio \u00e9 alcan\u00e7ado o maior adensamento urbano poss\u00edvel, mas a qualidade de vida cai consideravemente.<\/p>\n\n\n\n<h4 class=\"wp-block-heading\">M\u00e9dia densidade populacional e m\u00e9dia ocupa\u00e7\u00e3o do solo<\/h4>\n\n\n\n<figure class=\"wp-block-image\"><a href=\"https:\/\/i0.wp.com\/radames.manosso.nom.br\/ambiental\/files\/superquadra1.jpg?ssl=1\"><img data-recalc-dims=\"1\" loading=\"lazy\" decoding=\"async\" width=\"604\" height=\"504\" src=\"https:\/\/i0.wp.com\/radames.manosso.nom.br\/ambiental\/files\/superquadra1.jpg?resize=604%2C504&#038;ssl=1\" alt=\"\" class=\"wp-image-111\" title=\"Super quadra Bras\u00edlia\" srcset=\"https:\/\/i0.wp.com\/radames.manosso.nom.br\/ambiental\/files\/superquadra1.jpg?w=743&amp;ssl=1 743w, https:\/\/i0.wp.com\/radames.manosso.nom.br\/ambiental\/files\/superquadra1.jpg?resize=300%2C250&amp;ssl=1 300w, https:\/\/i0.wp.com\/radames.manosso.nom.br\/ambiental\/files\/superquadra1.jpg?resize=150%2C125&amp;ssl=1 150w\" sizes=\"auto, (max-width: 604px) 100vw, 604px\" \/><\/a><figcaption>Super quadra, Bras\u00edlia.<\/figcaption><\/figure>\n\n\n\n<p>Uma solu\u00e7\u00e3o intermedi\u00e1ria que contempla qualidade de vida com adensamento urbano.<\/p>\n\n\n\n<h3 class=\"wp-block-heading\">Ponto de equil\u00edbrio<\/h3>\n\n\n\n<p>Do ponto de vista ambiental, em \u00e1reas urbanas \u00e9 interessante uma densidade populacional alta, ou seja, mais pessoas habitando \u00e1reas menores. Ao mesmo tempo, \u00e9 preciso manter uma baixa ocupa\u00e7\u00e3o do solo com a \u00e1rea verde predominando sobre a \u00e1rea constru\u00edda. Conciliar essas duas necessidades n\u00e3o \u00e9 f\u00e1cil. Geralmente densidade populacional maior \u00e9 acompanhada de alta ocupa\u00e7\u00e3o do solo.<\/p>\n\n\n\n<p>Solu\u00e7\u00f5es que equilibram maior densidade populacional com menor ocupa\u00e7\u00e3o do solo existem, embora ainda n\u00e3o sejam comuns. Bras\u00edlia nos oferece um modelo interessante nesse sentido. As chamadas super quadras brasilienses mant\u00e9m uma rela\u00e7\u00e3o boa entre \u00e1rea verde e \u00e1rea constru\u00edda. O c\u00f3digo de urbanismo restringe a \u00e1rea constru\u00edda predial a 15% da \u00e1rea total da quadra e a ocupa\u00e7\u00e3o se d\u00e1 com pr\u00e9dios de apartamentos de at\u00e9 6 andares. Esses pr\u00e9dios acomodam mais moradores do que na ocupa\u00e7\u00e3o por casas. Nesse caso, temos uma rela\u00e7\u00e3o amistosa entre \u00e1reas livres e constru\u00eddas combinada com uma densidade populacional m\u00e9dia.<\/p>\n\n\n\n<p>O planejamento rigoroso de Bras\u00edlia n\u00e3o \u00e9 encontrado em outras cidades brasileiras em fun\u00e7\u00e3o do processo hist\u00f3rico particular da capital federal, mas existem pelo Brasil projetos que tamb\u00e9m conciliam maior densidade populacional com manuten\u00e7\u00e3o do verde. S\u00e3o exemplo os condom\u00ednios verticais constru\u00eddos em terrenos amplos. Esses projetos, embora pontuais, talvez n\u00e3o sigam um modelo ideal; geralmente atendem \u00e0 demanda de fam\u00edlias de alta renda; mas demonstram preocupa\u00e7\u00e3o ambiental e com a qualidade de vida.<\/p>\n\n\n\n<p>Fonte de imagens: Google Earth<\/p>\n\n\n\n<h3 class=\"wp-block-heading\">Ambientalismo de resultados<\/h3>\n\n\n\n<ul class=\"wp-block-list\">\n<li><a href=\"https:\/\/radames.manosso.nom.br\/ambiental\/comportamento\/principios-de-ambientalismo-de-resultados\/\">Princ\u00edpios de ambientalismo de resultados<\/a><\/li>\n\n\n\n<li><a href=\"https:\/\/radames.manosso.nom.br\/ambiental\/comportamento\/atitudes-ambientais-eficientes\/\">Atitudes ambientais eficientes<\/a><\/li>\n\n\n\n<li><a href=\"https:\/\/radames.manosso.nom.br\/ambiental\/comportamento\/os-cinco-niveis-da-consciencia-ambiental\/\">Os cinco n\u00edveis da consci\u00eancia ambiental<\/a><\/li>\n\n\n\n<li><a href=\"https:\/\/radames.manosso.nom.br\/ambiental\/comportamento\/ser-ecologico-ou-nao-eis-a-questa\">Ser ecol\u00f3gico ou n\u00e3o, eis a quest\u00e3o<\/a><\/li>\n\n\n\n<li><a href=\"https:\/\/radames.manosso.nom.br\/ambiental\/consumo\/mitos-ambientais\/\">Mitos ambientais<\/a><\/li>\n\n\n\n<li><a href=\"https:\/\/radames.manosso.nom.br\/ambiental\/comportamento\/ecologico-e\/\">Ecol\u00f3gico \u00e9 &#8230;<\/a><\/li>\n\n\n\n<li><a href=\"https:\/\/radames.manosso.nom.br\/ambiental\/ideias\/profissoes-de-futuro-verde\/\">Profiss\u00f5es de futuro verde<\/a><\/li>\n\n\n\n<li><a href=\"https:\/\/radames.manosso.nom.br\/ambiental\/energia\/qual-e-a-energia-mais-perigosa-petroleo-carvao-gas-ou-nuclear\/\">Qual \u00e9 a energia mais perigosa: petr\u00f3leo, carv\u00e3o, g\u00e1s ou nuclear?<\/a><\/li>\n\n\n\n<li><a href=\"https:\/\/radames.manosso.nom.br\/ambiental\/ideias\/antropoceno-o-periodo-em-que-o-homem-estragou-o-planeta\/\">Antropoceno: 10.000 anos de geoengenharia planet\u00e1ria<\/a><\/li>\n\n\n\n<li><a href=\"https:\/\/radames.manosso.nom.br\/ambiental\/transporte\/impacto-ambiental-do-transporte-de-pessoas\/\">Impacto ambiental do transporte de pessoas<\/a><\/li>\n\n\n\n<li><a href=\"https:\/\/radames.manosso.nom.br\/ambiental\/urbano\/adensamento-urbano\/\">Adensamento urbano<\/a><\/li>\n\n\n\n<li><a href=\"https:\/\/radames.manosso.nom.br\/ambiental\/para-comecar\/credito-ambiental\/\">Cr\u00e9dito ambiental<\/a><\/li>\n<\/ul>\n","protected":false},"excerpt":{"rendered":"<p>Muitas solu\u00e7\u00f5es ambientais est\u00e3o ligadas ao urbanismo. Embora urbanismo seja em primeiro lugar uma quest\u00e3o pol\u00edtica&nbsp; e as solu\u00e7\u00f5es urbanas sejam coletivas vamos falar um pouco sobre ele aqui para orientar algumas decis\u00f5es do cidad\u00e3o individualmente ecol\u00f3gico. Boas pr\u00e1ticas Percorrendo uma cidade encontramos realidades bem diferentes. Em certas \u00e1reas urbanas vemos \u00e1rvores nas ruas, grama &hellip; <a href=\"https:\/\/radames.manosso.nom.br\/ambiental\/urbano\/adensamento-urbano\/\" class=\"more-link\">Continue lendo <span class=\"screen-reader-text\">Adensamento urbano<\/span> <span class=\"meta-nav\">&rarr;<\/span><\/a><\/p>\n","protected":false},"author":1,"featured_media":0,"comment_status":"open","ping_status":"open","sticky":false,"template":"","format":"standard","meta":{"jetpack_post_was_ever_published":false,"_jetpack_newsletter_access":"","_jetpack_dont_email_post_to_subs":false,"_jetpack_newsletter_tier_id":0,"_jetpack_memberships_contains_paywalled_content":false,"_jetpack_memberships_contains_paid_content":false,"footnotes":""},"categories":[85],"tags":[37,39,38],"class_list":["post-91","post","type-post","status-publish","format-standard","hentry","category-urbano","tag-adensamento-urbano","tag-cidade","tag-urbanismo"],"jetpack_featured_media_url":"","jetpack_sharing_enabled":true,"jetpack_shortlink":"https:\/\/wp.me\/p13UHu-1t","jetpack-related-posts":[{"id":1224,"url":"https:\/\/radames.manosso.nom.br\/ambiental\/consumo\/mitos-ambientais\/","url_meta":{"origin":91,"position":0},"title":"Mitos ambientais","author":"Radam\u00e9s","date":false,"format":false,"excerpt":"Consci\u00eancia ambiental \u00e9 importante, mas \u00e9 preciso cuidado para n\u00e3o cair em vis\u00f5es distorcidas sobre o assunto. Na sequ\u00eancia, alguns casos que precisam de aten\u00e7\u00e3o. Morar na ch\u00e1cara Morar na ch\u00e1cara \u00e9 o sonho de muita gente. Uma propriedade ampla com muito verde longe da agita\u00e7\u00e3o urbana; uma casa r\u00fastica,\u2026","rel":"","context":"Em &quot;Consumo&quot;","block_context":{"text":"Consumo","link":"https:\/\/radames.manosso.nom.br\/ambiental\/category\/consumo\/"},"img":{"alt_text":"","src":"https:\/\/i0.wp.com\/radames.manosso.nom.br\/ambiental\/files\/chacara.jpg?resize=350%2C200&ssl=1","width":350,"height":200},"classes":[]},{"id":86,"url":"https:\/\/radames.manosso.nom.br\/ambiental\/habitacao\/casa-ecologica\/","url_meta":{"origin":91,"position":1},"title":"Casa ecol\u00f3gica","author":"Radam\u00e9s","date":false,"format":false,"excerpt":"N\u00e3o existe a casa absolutamente ecol\u00f3gica. O que pode existir \u00e9 uma casa com impacto ambiental bem menor que o das casas tradicionais. Portanto, o conceito de moradia ecol\u00f3gica \u00e9 relativo e est\u00e1 em constante evolu\u00e7\u00e3o. \u00c9 prov\u00e1vel que no futuro a consci\u00eancia ecol\u00f3gica aumente, as t\u00e9cnicas melhorem e surjam\u2026","rel":"","context":"Em &quot;Habita\u00e7\u00e3o&quot;","block_context":{"text":"Habita\u00e7\u00e3o","link":"https:\/\/radames.manosso.nom.br\/ambiental\/category\/habitacao\/"},"img":{"alt_text":"casa com telhado verde","src":"https:\/\/i0.wp.com\/radames.manosso.nom.br\/ambiental\/files\/casa-telhado-verde-e1492044191629.jpg?resize=350%2C200&ssl=1","width":350,"height":200},"classes":[]},{"id":872,"url":"https:\/\/radames.manosso.nom.br\/ambiental\/ideias\/profissoes-de-futuro-verde\/","url_meta":{"origin":91,"position":2},"title":"Profiss\u00f5es de futuro verde","author":"Radam\u00e9s","date":false,"format":false,"excerpt":"O futuro \u00e9 verde e se n\u00e3o for provavelmente estaremos ausentes nessa nova etapa da Hist\u00f3ria. N\u00e3o estamos mais falando de ambiental ismo idealista e, sim, de economia verde, de uma nova realidade em que precisamos enfrentar os desafios da superpopula\u00e7\u00e3o e do esgotamento dos recursos naturais. Nesse cen\u00e1rio verde\u00a0novas\u2026","rel":"","context":"Em &quot;Ideias&quot;","block_context":{"text":"Ideias","link":"https:\/\/radames.manosso.nom.br\/ambiental\/category\/ideias\/"},"img":{"alt_text":"","src":"https:\/\/i0.wp.com\/radames.manosso.nom.br\/ambiental\/files\/economia-verde.jpg?resize=350%2C200&ssl=1","width":350,"height":200},"classes":[]},{"id":102,"url":"https:\/\/radames.manosso.nom.br\/ambiental\/transporte\/impacto-ambiental-do-transporte-de-pessoas\/","url_meta":{"origin":91,"position":3},"title":"Impacto ambiental do transporte de pessoas","author":"Radam\u00e9s","date":false,"format":false,"excerpt":"Vivemos em uma sociedade de movimenta\u00e7\u00e3o cont\u00ednua. Circulamos muito e se formos analisar por que fazemos isso chegaremos a uma conclus\u00e3o simples: nos movimentamos demais porque o transporte \u00e9 barato. Vivemos uma ilus\u00e3o de fartura em transportes que est\u00e1 nos levando a um colapso de recursos naturais. A paisagem urbana\u2026","rel":"","context":"Em &quot;Transporte&quot;","block_context":{"text":"Transporte","link":"https:\/\/radames.manosso.nom.br\/ambiental\/category\/transporte\/"},"img":{"alt_text":"","src":"https:\/\/i0.wp.com\/radames.manosso.nom.br\/ambiental\/files\/transito-em-curitiba.jpg?resize=350%2C200&ssl=1","width":350,"height":200,"srcset":"https:\/\/i0.wp.com\/radames.manosso.nom.br\/ambiental\/files\/transito-em-curitiba.jpg?resize=350%2C200&ssl=1 1x, https:\/\/i0.wp.com\/radames.manosso.nom.br\/ambiental\/files\/transito-em-curitiba.jpg?resize=525%2C300&ssl=1 1.5x"},"classes":[]},{"id":17,"url":"https:\/\/radames.manosso.nom.br\/ambiental\/para-comecar\/credito-ambiental\/","url_meta":{"origin":91,"position":4},"title":"Cr\u00e9dito ambiental","author":"Radam\u00e9s","date":false,"format":false,"excerpt":"O protocolo de Kyoto introduziu o conceito de cr\u00e9dito de carbono. Os pa\u00edses que assinaram o protocolo t\u00eam o compromisso de reduzir as emiss\u00f5es de gases que aumentam o aquecimento global. Eles podem fazer isso tomando iniciativas dentro de suas fronteiras ou em outros pa\u00edses. Quando um pa\u00eds ou empresa\u2026","rel":"","context":"Em &quot;Para come\u00e7ar&quot;","block_context":{"text":"Para come\u00e7ar","link":"https:\/\/radames.manosso.nom.br\/ambiental\/category\/para-comecar\/"},"img":{"alt_text":"","src":"https:\/\/i0.wp.com\/radames.manosso.nom.br\/ambiental\/files\/sustentabilidade.jpg?resize=350%2C200","width":350,"height":200},"classes":[]},{"id":803,"url":"https:\/\/radames.manosso.nom.br\/ambiental\/energia\/qual-e-a-energia-mais-perigosa-petroleo-carvao-gas-ou-nuclear\/","url_meta":{"origin":91,"position":5},"title":"Qual \u00e9 a energia mais perigosa: petr\u00f3leo, carv\u00e3o, g\u00e1s ou nuclear?","author":"Radam\u00e9s","date":false,"format":false,"excerpt":"Quando recebemos as not\u00edcias sobre o desastre nuclear de Fukushima ficamos assustados com os riscos que a energia nuclear apresenta. Um acidente nuclear \u00e9 sempre uma amea\u00e7a de grandes propor\u00e7\u00f5es ao ser humano e ao meio ambiente. O desfecho do acidente de Fukushima ainda \u00e9 incerto, mas felizmente seu balan\u00e7o\u2026","rel":"","context":"Em &quot;Energia&quot;","block_context":{"text":"Energia","link":"https:\/\/radames.manosso.nom.br\/ambiental\/category\/energia\/"},"img":{"alt_text":"","src":"https:\/\/i0.wp.com\/radames.manosso.nom.br\/ambiental\/files\/acidente-plataforma-petroleo.jpg?resize=350%2C200&ssl=1","width":350,"height":200},"classes":[]}],"_links":{"self":[{"href":"https:\/\/radames.manosso.nom.br\/ambiental\/wp-json\/wp\/v2\/posts\/91","targetHints":{"allow":["GET"]}}],"collection":[{"href":"https:\/\/radames.manosso.nom.br\/ambiental\/wp-json\/wp\/v2\/posts"}],"about":[{"href":"https:\/\/radames.manosso.nom.br\/ambiental\/wp-json\/wp\/v2\/types\/post"}],"author":[{"embeddable":true,"href":"https:\/\/radames.manosso.nom.br\/ambiental\/wp-json\/wp\/v2\/users\/1"}],"replies":[{"embeddable":true,"href":"https:\/\/radames.manosso.nom.br\/ambiental\/wp-json\/wp\/v2\/comments?post=91"}],"version-history":[{"count":10,"href":"https:\/\/radames.manosso.nom.br\/ambiental\/wp-json\/wp\/v2\/posts\/91\/revisions"}],"predecessor-version":[{"id":1667,"href":"https:\/\/radames.manosso.nom.br\/ambiental\/wp-json\/wp\/v2\/posts\/91\/revisions\/1667"}],"wp:attachment":[{"href":"https:\/\/radames.manosso.nom.br\/ambiental\/wp-json\/wp\/v2\/media?parent=91"}],"wp:term":[{"taxonomy":"category","embeddable":true,"href":"https:\/\/radames.manosso.nom.br\/ambiental\/wp-json\/wp\/v2\/categories?post=91"},{"taxonomy":"post_tag","embeddable":true,"href":"https:\/\/radames.manosso.nom.br\/ambiental\/wp-json\/wp\/v2\/tags?post=91"}],"curies":[{"name":"wp","href":"https:\/\/api.w.org\/{rel}","templated":true}]}}