{"id":1519,"date":"2016-12-03T12:58:40","date_gmt":"2016-12-03T15:58:40","guid":{"rendered":"http:\/\/radames.manosso.nom.br\/bitabit\/?p=1519"},"modified":"2017-04-12T17:58:05","modified_gmt":"2017-04-12T20:58:05","slug":"equilibrio-de-branco-no-lightroom","status":"publish","type":"post","link":"https:\/\/radames.manosso.nom.br\/bitabit\/fotografia\/equilibrio-de-branco-no-lightroom\/","title":{"rendered":"Equil\u00edbrio de branco no Lightroom"},"content":{"rendered":"<p>O equil\u00edbrio de branco \u00e9 um dos primeiros ajustes que precisamos fazer ao editar uma foto. O ajuste de branco corrige as cores da foto para compensar a cor da fonte de luz que iluminava a cena. O Lightroom oferece v\u00e1rias op\u00e7\u00f5es para fazer o ajuste de branco.<\/p>\n<p>Para entender\u00a0os conceitos te\u00f3ricos sobre EB e como ajust\u00e1-lo no Lightroom \u00e9 s\u00f3 assistir ao v\u00eddeo.<\/p>\n<p><iframe loading=\"lazy\" src=\"https:\/\/www.youtube.com\/embed\/a_UK6NSlf-k?rel=0\" width=\"560\" height=\"315\" frameborder=\"0\" allowfullscreen=\"allowfullscreen\"><\/iframe><\/p>\n<p><!--more--><\/p>\n<p>Uma imagem de fim de tarde que precisava de ajustes de equil\u00edbrio de branco.<\/p>\n<p><img data-recalc-dims=\"1\" loading=\"lazy\" decoding=\"async\" class=\"alignnone wp-image-1837 size-full\" title=\"equil\u00edbrio de branco no Lightroom\" src=\"https:\/\/i0.wp.com\/radames.manosso.nom.br\/bitabit\/files\/equilibrio-de-branco-3-e1492010926956.jpg?resize=500%2C261&#038;ssl=1\" alt=\"equil\u00edbrio de branco no Lightroom\" width=\"500\" height=\"261\" \/><\/p>\n<p>&nbsp;<\/p>\n","protected":false},"excerpt":{"rendered":"<p>O equil\u00edbrio de branco \u00e9 um dos primeiros ajustes que precisamos fazer ao editar uma foto. O ajuste de branco corrige as cores da foto para compensar a cor da fonte de luz que iluminava a cena. O Lightroom oferece v\u00e1rias op\u00e7\u00f5es para fazer o ajuste de branco. Para entender\u00a0os conceitos te\u00f3ricos sobre EB e &hellip; <a href=\"https:\/\/radames.manosso.nom.br\/bitabit\/fotografia\/equilibrio-de-branco-no-lightroom\/\" class=\"more-link\">Continue lendo<span class=\"screen-reader-text\"> &#8220;Equil\u00edbrio de branco no Lightroom&#8221;<\/span><\/a><\/p>\n","protected":false},"author":1,"featured_media":0,"comment_status":"open","ping_status":"closed","sticky":false,"template":"","format":"standard","meta":{"jetpack_post_was_ever_published":false,"_jetpack_newsletter_access":"","_jetpack_dont_email_post_to_subs":true,"_jetpack_newsletter_tier_id":0,"_jetpack_memberships_contains_paywalled_content":false,"_jetpack_memberships_contains_paid_content":false,"footnotes":""},"categories":[210],"tags":[221,222,214,220,155,211,223],"class_list":["post-1519","post","type-post","status-publish","format-standard","hentry","category-fotografia","tag-balanco-de-branco","tag-eb","tag-edicao-de-fotos","tag-equilibrio-de-branco","tag-fotografia","tag-lightroom","tag-tecnica-fotografica"],"jetpack_featured_media_url":"","jetpack_sharing_enabled":true,"jetpack_shortlink":"https:\/\/wp.me\/p14lZV-ov","jetpack-related-posts":[{"id":1596,"url":"https:\/\/radames.manosso.nom.br\/bitabit\/fotografia\/tira-teima-raw-x-jpeg\/","url_meta":{"origin":1519,"position":0},"title":"Tira-teima: RAW x JPEG","author":"Radam\u00e9s","date":false,"format":false,"excerpt":"Fotografar em RAW ou JPEG? Essa pergunta s\u00f3 faz sentido se voc\u00ea tem uma c\u00e2mera que oferece as duas op\u00e7\u00f5es de arquivo de imagem. Geralmente, essas m\u00e1quinas s\u00e3o mais sofisticadas e, por consequ\u00eancia, mais caras. Se voc\u00ea \u00e9 um feliz propriet\u00e1rio desse tipo de equipamento j\u00e1 deve ter refletido sobre\u2026","rel":"","context":"Em &quot;Fotografia&quot;","block_context":{"text":"Fotografia","link":"https:\/\/radames.manosso.nom.br\/bitabit\/category\/fotografia\/"},"img":{"alt_text":"raw-jpeg-1","src":"https:\/\/i0.wp.com\/radames.manosso.nom.br\/bitabit\/files\/raw-jpeg-1.jpg?resize=350%2C200","width":350,"height":200,"srcset":"https:\/\/i0.wp.com\/radames.manosso.nom.br\/bitabit\/files\/raw-jpeg-1.jpg?resize=350%2C200 1x, https:\/\/i0.wp.com\/radames.manosso.nom.br\/bitabit\/files\/raw-jpeg-1.jpg?resize=525%2C300 1.5x"},"classes":[]},{"id":1517,"url":"https:\/\/radames.manosso.nom.br\/bitabit\/fotografia\/o-modelo-hsl-de-cores-no-lightroom\/","url_meta":{"origin":1519,"position":1},"title":"O Modelo HSL de cores no Lightroom","author":"Radam\u00e9s","date":false,"format":false,"excerpt":"O Lightroom faz o gerenciamento de cores das fotos usando o modelo HSL de descri\u00e7\u00e3o de cores. Voc\u00ea pode editar separadamente o matiz, a satura\u00e7\u00e3o e a lumin\u00e2ncia de cada intervalo de cores da foto. Entenda melhor como isso acontece no Lightroom assistindo ao v\u00eddeo. No modelo HSL qualquer cor\u2026","rel":"","context":"Em &quot;Fotografia&quot;","block_context":{"text":"Fotografia","link":"https:\/\/radames.manosso.nom.br\/bitabit\/category\/fotografia\/"},"img":{"alt_text":"","src":"https:\/\/i0.wp.com\/radames.manosso.nom.br\/bitabit\/files\/hsl-picker2.png?resize=350%2C200","width":350,"height":200},"classes":[]},{"id":1370,"url":"https:\/\/radames.manosso.nom.br\/bitabit\/planilhas\/calcule-o-ponto-de-equilibrio-de-um-negocio-no-excel\/","url_meta":{"origin":1519,"position":2},"title":"Calcule o ponto de equil\u00edbrio de um neg\u00f3cio no Excel","author":"Radam\u00e9s","date":false,"format":false,"excerpt":"Ponto de equil\u00edbrio de neg\u00f3cio \u00e9 o faturamento necess\u00e1rio para que um neg\u00f3cio se torne lucrativo. Toda empresa tem custos fixos e custos vari\u00e1veis. Os custos fixos s\u00e3o aqueles que acontecem independente de a empresa realizar vendas. J\u00e1 os vari\u00e1veis s\u00e3o aqueles que ocorrem quando a empresa est\u00e1 em movimento,\u2026","rel":"","context":"Em &quot;planilhas&quot;","block_context":{"text":"planilhas","link":"https:\/\/radames.manosso.nom.br\/bitabit\/category\/planilhas\/"},"img":{"alt_text":"","src":"https:\/\/i0.wp.com\/radames.manosso.nom.br\/bitabit\/files\/ponto-de-equil%C3%ADbrio-3.jpg?resize=350%2C200","width":350,"height":200,"srcset":"https:\/\/i0.wp.com\/radames.manosso.nom.br\/bitabit\/files\/ponto-de-equil%C3%ADbrio-3.jpg?resize=350%2C200 1x, https:\/\/i0.wp.com\/radames.manosso.nom.br\/bitabit\/files\/ponto-de-equil%C3%ADbrio-3.jpg?resize=525%2C300 1.5x, https:\/\/i0.wp.com\/radames.manosso.nom.br\/bitabit\/files\/ponto-de-equil%C3%ADbrio-3.jpg?resize=700%2C400 2x"},"classes":[]},{"id":2128,"url":"https:\/\/radames.manosso.nom.br\/bitabit\/planilhas\/tabela-periodica-interativa-em-excel\/","url_meta":{"origin":1519,"position":3},"title":"Tabela peri\u00f3dica interativa em Excel","author":"Radam\u00e9s","date":false,"format":false,"excerpt":"Esta planilha traz uma tabela peri\u00f3dica interativa dos elementos qu\u00edmicos. Com\u00a0ela \u00e9 poss\u00edvel exibir dados selecionados em um\u00a0menu com 66 op\u00e7\u00f5es diferentes. Tamb\u00e9m \u00e9 poss\u00edvel classificar os elementos por v\u00e1rios crit\u00e9rios usando cores. S\u00e3o op\u00e7\u00f5es de classifica\u00e7\u00e3o como: S\u00e9ries qu\u00edmicas. Metais. Configura\u00e7\u00e3o eletr\u00f4nica. \u00daltimo subn\u00edvel da eletrosfera. Origem natural ou\u2026","rel":"","context":"Em &quot;planilhas&quot;","block_context":{"text":"planilhas","link":"https:\/\/radames.manosso.nom.br\/bitabit\/category\/planilhas\/"},"img":{"alt_text":"Tabela peri\u00f3dica com s\u00e9ries qu\u00edmicas","src":"https:\/\/i0.wp.com\/radames.manosso.nom.br\/bitabit\/files\/tabela-periodica-series-quimicas-1024x602.jpg?resize=350%2C200","width":350,"height":200,"srcset":"https:\/\/i0.wp.com\/radames.manosso.nom.br\/bitabit\/files\/tabela-periodica-series-quimicas-1024x602.jpg?resize=350%2C200 1x, https:\/\/i0.wp.com\/radames.manosso.nom.br\/bitabit\/files\/tabela-periodica-series-quimicas-1024x602.jpg?resize=525%2C300 1.5x"},"classes":[]},{"id":2549,"url":"https:\/\/radames.manosso.nom.br\/bitabit\/planilhas\/controle-financeiro-pessoal-em-excel-agendamentos-e-investimentos\/","url_meta":{"origin":1519,"position":4},"title":"Controle financeiro pessoal em Excel &#8211; agendamentos e investimentos","author":"Radam\u00e9s","date":false,"format":false,"excerpt":"Controle suas finan\u00e7as pessoais e familiares com esta planilha registrando suas despesas, receitas e investimentos. Crie planos de contas, agende lan\u00e7amentos peri\u00f3dicos, analise os dados em gr\u00e1ficos e economize tempo. Vers\u00e3o free Baixe a vers\u00e3o gr\u00e1tis clicando no link abaixo. Vers\u00e3o premium Adquira sua vers\u00e3o premium. Clique no link e\u2026","rel":"","context":"Em &quot;planilhas&quot;","block_context":{"text":"planilhas","link":"https:\/\/radames.manosso.nom.br\/bitabit\/category\/planilhas\/"},"img":{"alt_text":"","src":"https:\/\/i0.wp.com\/radames.manosso.nom.br\/bitabit\/files\/controle-financeiro-2.jpg?resize=350%2C200&ssl=1","width":350,"height":200,"srcset":"https:\/\/i0.wp.com\/radames.manosso.nom.br\/bitabit\/files\/controle-financeiro-2.jpg?resize=350%2C200&ssl=1 1x, https:\/\/i0.wp.com\/radames.manosso.nom.br\/bitabit\/files\/controle-financeiro-2.jpg?resize=525%2C300&ssl=1 1.5x"},"classes":[]},{"id":57,"url":"https:\/\/radames.manosso.nom.br\/bitabit\/basico\/imagens-vetoriais-e-bitmaps\/","url_meta":{"origin":1519,"position":5},"title":"Imagens vetoriais e bitmaps","author":"Radam\u00e9s","date":false,"format":false,"excerpt":"No computador, as imagens s\u00e3o gravadas em arquivos que guardam as informa\u00e7\u00f5es atrav\u00e9s de processos sofisticados e engenhosos. De forma simplificada, podemos dizer que toda imagem, dentro do computador, \u00e9 reduzida a n\u00fameros. H\u00e1 diversas maneiras de armazenar uma imagem, mas para quem trabalha com computa\u00e7\u00e3o gr\u00e1fica, \u00e9 importante distinguir\u2026","rel":"","context":"Em &quot;B\u00e1sico&quot;","block_context":{"text":"B\u00e1sico","link":"https:\/\/radames.manosso.nom.br\/bitabit\/category\/basico\/"},"img":{"alt_text":"","src":"https:\/\/i0.wp.com\/radames.manosso.nom.br\/bitabit\/files\/detalhe-bitmap.jpg?resize=350%2C200&ssl=1","width":350,"height":200,"srcset":"https:\/\/i0.wp.com\/radames.manosso.nom.br\/bitabit\/files\/detalhe-bitmap.jpg?resize=350%2C200&ssl=1 1x, https:\/\/i0.wp.com\/radames.manosso.nom.br\/bitabit\/files\/detalhe-bitmap.jpg?resize=525%2C300&ssl=1 1.5x"},"classes":[]}],"_links":{"self":[{"href":"https:\/\/radames.manosso.nom.br\/bitabit\/wp-json\/wp\/v2\/posts\/1519","targetHints":{"allow":["GET"]}}],"collection":[{"href":"https:\/\/radames.manosso.nom.br\/bitabit\/wp-json\/wp\/v2\/posts"}],"about":[{"href":"https:\/\/radames.manosso.nom.br\/bitabit\/wp-json\/wp\/v2\/types\/post"}],"author":[{"embeddable":true,"href":"https:\/\/radames.manosso.nom.br\/bitabit\/wp-json\/wp\/v2\/users\/1"}],"replies":[{"embeddable":true,"href":"https:\/\/radames.manosso.nom.br\/bitabit\/wp-json\/wp\/v2\/comments?post=1519"}],"version-history":[{"count":5,"href":"https:\/\/radames.manosso.nom.br\/bitabit\/wp-json\/wp\/v2\/posts\/1519\/revisions"}],"predecessor-version":[{"id":2051,"href":"https:\/\/radames.manosso.nom.br\/bitabit\/wp-json\/wp\/v2\/posts\/1519\/revisions\/2051"}],"wp:attachment":[{"href":"https:\/\/radames.manosso.nom.br\/bitabit\/wp-json\/wp\/v2\/media?parent=1519"}],"wp:term":[{"taxonomy":"category","embeddable":true,"href":"https:\/\/radames.manosso.nom.br\/bitabit\/wp-json\/wp\/v2\/categories?post=1519"},{"taxonomy":"post_tag","embeddable":true,"href":"https:\/\/radames.manosso.nom.br\/bitabit\/wp-json\/wp\/v2\/tags?post=1519"}],"curies":[{"name":"wp","href":"https:\/\/api.w.org\/{rel}","templated":true}]}}