{"id":2080,"date":"2017-05-04T16:31:28","date_gmt":"2017-05-04T19:31:28","guid":{"rendered":"http:\/\/radames.manosso.nom.br\/bitabit\/?p=2080"},"modified":"2019-03-29T16:51:36","modified_gmt":"2019-03-29T19:51:36","slug":"calendario-permanente-em-excel","status":"publish","type":"post","link":"https:\/\/radames.manosso.nom.br\/bitabit\/planilhas\/calendario-permanente-em-excel\/","title":{"rendered":"Calend\u00e1rio permanente em Excel"},"content":{"rendered":"<p>Este calend\u00e1rio vai de 1900 a 2100\u00a0e traz feriados, fases da lua, datas comemorativas, esta\u00e7\u00f5es do ano, hor\u00e1rio de ver\u00e3o e algumas coisas mais. Baixe a planilha gratuitamente no link abaixo.<\/p>\n<div class='w3eden'><!-- WPDM Link Template: Default Template -->\n\n<div class=\"link-template-default card mb-2\">\n    <div class=\"card-body\">\n        <div class=\"media\">\n            <div class=\"mr-3 img-48\"><img decoding=\"async\" class=\"wpdm_icon\" alt=\"\u00edcone\" src=\"https:\/\/radames.manosso.nom.br\/bitabit\/wp-content\/plugins\/download-manager\/assets\/file-type-icons\/xlsx.svg\" \/><\/div>\n            <div class=\"media-body\">\n                <h3 class=\"package-title\"><a href='https:\/\/radames.manosso.nom.br\/bitabit\/download\/calendario-perpetuo\/'>Calend\u00e1rio perp\u00e9tuo<\/a><\/h3>\n                <div class=\"text-muted text-small\"><i class=\"fas fa-copy\"><\/i> 1  arquivo(s) <i class=\"fas fa-hdd ml-3\"><\/i> 509.18 KB<\/div>\n            <\/div>\n            <div class=\"ml-3\">\n                <a class='wpdm-download-link download-on-click btn btn-primary ' rel='nofollow' href='#' data-downloadurl=\"https:\/\/radames.manosso.nom.br\/bitabit\/download\/calendario-perpetuo\/?wpdmdl=2084&refresh=69ef9d472555e1777311047\">Download<\/a>\n            <\/div>\n        <\/div>\n    <\/div>\n<\/div>\n\n<\/div>\n<p><!--more--><\/p>\n<h2>Calend\u00e1rio quase perp\u00e9tuo<\/h2>\n<p>O per\u00edodo de abrang\u00eancia do calend\u00e1rio \u00e9 de 1900 at\u00e9 2100. O ano inicial foi escolhido porque no Excel a data mais antiga \u00e9 01-01-1900, que corresponde \u00e0 data 1 da planilha. Para recuar at\u00e9 datas anteriores seria preciso desenvolver uma l\u00f3gica pr\u00f3pria levando em conta os anos bissextos e alguns complicadores. Um desses detalhes \u00e9 o fato do Excel considerar erroneamente 1900 como ano bissexto. Al\u00e9m disso, vale lembrar que em 1582 houve a troca do calend\u00e1rio Juliano (da antiguidade) para o gregoriano (atual). \u00a0Datas anteriores a 1582 precisariam ser calculadas pelas regras do calend\u00e1rio Juliano.<\/p>\n<p>O ano\u00a0de 2100 como limite superior do calend\u00e1rio foi escolhido para abranger todo o s\u00e9culo XXI, o que \u00e9 suficiente para os interesses pr\u00e1ticos dos usu\u00e1rios. Embora o Excel possa trabalhar com datas at\u00e9 o ano 9999, n\u00e3o seria produtivo ir al\u00e9m de 2100. N\u00e3o se sabe se num futuro distante os feriados e datas comemorativas ser\u00e3o os mesmos de hoje. Al\u00e9m disso, seria preciso ampliar as listas de fases da lua e esta\u00e7\u00f5es do ano deixando a planilha mais pesada. E, por fim, o calend\u00e1rio gregoriano vai precisar de uma revis\u00e3o l\u00e1 pelo ano 4000 por conta de uma pequena diferen\u00e7a em rela\u00e7\u00e3o ao ano solar que est\u00e1 se acumulando lentamente.<\/p>\n<p>Assista ao v\u00eddeo para saber como a planilha funciona e foi criada.<\/p>\n<div class=\"jetpack-video-wrapper\"><iframe loading=\"lazy\" title=\"Calend\u00e1rio permanente em Excel\" width=\"840\" height=\"473\" src=\"https:\/\/www.youtube.com\/embed\/3YtUk7_rUpU?feature=oembed\" frameborder=\"0\" allow=\"accelerometer; autoplay; clipboard-write; encrypted-media; gyroscope; picture-in-picture\" allowfullscreen><\/iframe><\/div>\n<h2>Datas fixas e m\u00f3veis<\/h2>\n<p>Um dos desafios para fazer um calend\u00e1rio permanente est\u00e1 na defini\u00e7\u00e3o das datas relevantes ano a ano. Algumas s\u00e3o fixas e simples de calcular como o feriado de Tiradentes (21 de abril) e o Dia do Trabalho (01 de maio). \u00a0As datas m\u00f3veis d\u00e3o um pouco mais de trabalho. Cada uma delas requer um c\u00e1lculo espec\u00edfico. Veja alguns exemplos:<\/p>\n<ul>\n<li>Dia das m\u00e3es: segundo domingo de maio.<\/li>\n<li>Dia dos pais: segundo domingo de agosto.<\/li>\n<li>Black Friday: quarta sexta-feira de novembro.<\/li>\n<li>In\u00edcio do hor\u00e1rio de ver\u00e3o: terceiro domingo de outubro.<\/li>\n<li>Final do hor\u00e1rio de ver\u00e3o: terceiro domingo de fevereiro prolongado em\u00a0uma semana se cair no domingo de Carnaval.<\/li>\n<li>P\u00e1scoa: Domingo seguinte \u00e0 primeira lua cheia do outono.<\/li>\n<li>Carnaval: 47 dias antes da P\u00e1scoa.<\/li>\n<li>Corpus Christi: 60 dias ap\u00f3s a P\u00e1scoa.<\/li>\n<li>In\u00edcio de esta\u00e7\u00f5es: definidos pelas tabelas astron\u00f4micas.<\/li>\n<li>Fases da lua: definidas pelas tabelas astron\u00f4micas.<\/li>\n<\/ul>\n<p><img data-recalc-dims=\"1\" loading=\"lazy\" decoding=\"async\" class=\"alignnone size-full wp-image-2087\" src=\"https:\/\/i0.wp.com\/radames.manosso.nom.br\/bitabit\/files\/calendario-perpetuo-low.jpg?resize=500%2C454&#038;ssl=1\" alt=\"\" width=\"500\" height=\"454\" srcset=\"https:\/\/i0.wp.com\/radames.manosso.nom.br\/bitabit\/files\/calendario-perpetuo-low.jpg?w=500&amp;ssl=1 500w, https:\/\/i0.wp.com\/radames.manosso.nom.br\/bitabit\/files\/calendario-perpetuo-low.jpg?resize=300%2C272&amp;ssl=1 300w\" sizes=\"auto, (max-width: 500px) 85vw, 500px\" \/><\/p>\n<h2>Fun\u00e7\u00f5es do Excel<\/h2>\n<p>A planilha com o calend\u00e1rio perp\u00e9tuo foi desenvolvida utilizando os seguintes recursos do Excel:<\/p>\n<ul>\n<li>Formata\u00e7\u00e3o condicional com f\u00f3rmulas.<\/li>\n<li>Fun\u00e7\u00e3o ANO.<\/li>\n<li>Fun\u00e7\u00e3o CORRESP.<\/li>\n<li>Fun\u00e7\u00e3o DATA.<\/li>\n<li>Fun\u00e7\u00e3o DIA.<\/li>\n<li>Fun\u00e7\u00e3o DIA.DA.SEMANA.<\/li>\n<li>Fun\u00e7\u00e3o E.<\/li>\n<li>Fun\u00e7\u00e3o HOJE.<\/li>\n<li>Fun\u00e7\u00e3o \u00cdNDICE.<\/li>\n<li>Fun\u00e7\u00e3o M\u00caS.<\/li>\n<li>Fun\u00e7\u00e3o PROCV.<\/li>\n<li>Fun\u00e7\u00e3o SE.<\/li>\n<li>Fun\u00e7\u00e3o SEERRO.<\/li>\n<li>Fun\u00e7\u00e3o VERDADEIRO\/FALSO.<\/li>\n<li>F\u00f3rmulas matriciais.<\/li>\n<li>F\u00f3rmulas nomeadas.<\/li>\n<li>Operador &amp;.<\/li>\n<li>Tabelas.<\/li>\n<li>Valida\u00e7\u00e3o de dados por lista.<\/li>\n<\/ul>\n","protected":false},"excerpt":{"rendered":"<p>Este calend\u00e1rio vai de 1900 a 2100\u00a0e traz feriados, fases da lua, datas comemorativas, esta\u00e7\u00f5es do ano, hor\u00e1rio de ver\u00e3o e algumas coisas mais. Baixe a planilha gratuitamente no link abaixo.<\/p>\n","protected":false},"author":1,"featured_media":0,"comment_status":"open","ping_status":"closed","sticky":false,"template":"","format":"standard","meta":{"jetpack_post_was_ever_published":false,"_jetpack_newsletter_access":"","_jetpack_dont_email_post_to_subs":false,"_jetpack_newsletter_tier_id":0,"_jetpack_memberships_contains_paywalled_content":false,"_jetpack_memberships_contains_paid_content":false,"footnotes":""},"categories":[184],"tags":[316,318,317,206,322,320,185,243,255,319,323,321,193],"class_list":["post-2080","post","type-post","status-publish","format-standard","hentry","category-planilhas","tag-calendario","tag-calendario-permanente","tag-calendario-perpetuo","tag-curso-de-excel","tag-datas-comemorativas","tag-estacoes-do-ano","tag-excel","tag-excel-para-a-vida","tag-fases-da-lua","tag-feriados","tag-funcoes-de-data","tag-horario-de-verao","tag-planilhas"],"jetpack_featured_media_url":"","jetpack_sharing_enabled":true,"jetpack_shortlink":"https:\/\/wp.me\/p14lZV-xy","jetpack-related-posts":[{"id":2111,"url":"https:\/\/radames.manosso.nom.br\/bitabit\/planilhas\/conversao-de-data-em-numero-serial-no-excel\/","url_meta":{"origin":2080,"position":0},"title":"Convers\u00e3o de data em n\u00famero serial no Excel","author":"Radam\u00e9s","date":false,"format":false,"excerpt":"Converta\u00a0qualquer data em um n\u00famero de s\u00e9rie no Excel com um m\u00e9todo que alcan\u00e7a datas anteriores ao ano de 1900. Baixe a planilha para mais detalhes. Assista ao v\u00eddeo para entender a l\u00f3gica usada para a convers\u00e3o. Como o Excel armazena datas O Excel guarda datas na mem\u00f3ria na forma\u2026","rel":"","context":"Em &quot;planilhas&quot;","block_context":{"text":"planilhas","link":"https:\/\/radames.manosso.nom.br\/bitabit\/category\/planilhas\/"},"img":{"alt_text":"Convers\u00e3o de data em serial","src":"https:\/\/i0.wp.com\/radames.manosso.nom.br\/bitabit\/files\/data-em-serial.jpg?resize=350%2C200","width":350,"height":200,"srcset":"https:\/\/i0.wp.com\/radames.manosso.nom.br\/bitabit\/files\/data-em-serial.jpg?resize=350%2C200 1x, https:\/\/i0.wp.com\/radames.manosso.nom.br\/bitabit\/files\/data-em-serial.jpg?resize=525%2C300 1.5x"},"classes":[]},{"id":2119,"url":"https:\/\/radames.manosso.nom.br\/bitabit\/planilhas\/identifique-o-dia-da-semana-de-uma-data-no-excel\/","url_meta":{"origin":2080,"position":1},"title":"Identifique o dia da semana de uma data no Excel","author":"Radam\u00e9s","date":false,"format":false,"excerpt":"Veja como identificar o dia da semana associado a uma data no Excel usando um caminho alternativo que dispensa a fun\u00e7\u00e3o DIA .DA.SEMANA. Para entender melhor baixe a planilha: Assista ao v\u00eddeo e veja o passo a passo do m\u00e9todo. Usando uma data de refer\u00eancia Para associar uma data ao\u2026","rel":"","context":"Em &quot;planilhas&quot;","block_context":{"text":"planilhas","link":"https:\/\/radames.manosso.nom.br\/bitabit\/category\/planilhas\/"},"img":{"alt_text":"C\u00e1lculo de dia da semana no Excel","src":"https:\/\/i0.wp.com\/radames.manosso.nom.br\/bitabit\/files\/dia-da-semana.jpg?resize=350%2C200","width":350,"height":200,"srcset":"https:\/\/i0.wp.com\/radames.manosso.nom.br\/bitabit\/files\/dia-da-semana.jpg?resize=350%2C200 1x, https:\/\/i0.wp.com\/radames.manosso.nom.br\/bitabit\/files\/dia-da-semana.jpg?resize=525%2C300 1.5x, https:\/\/i0.wp.com\/radames.manosso.nom.br\/bitabit\/files\/dia-da-semana.jpg?resize=700%2C400 2x"},"classes":[]},{"id":2092,"url":"https:\/\/radames.manosso.nom.br\/bitabit\/planilhas\/como-identificar-anos-bissextos-no-excel\/","url_meta":{"origin":2080,"position":2},"title":"Como identificar anos bissextos no Excel","author":"Radam\u00e9s","date":false,"format":false,"excerpt":"Identificar anos bissexto \u00e9 uma necessidade em v\u00e1rios c\u00e1lculos envolvendo planilhas. Saiba como fazer isso\u00a0baixando a planilha a seguir: Assista ao v\u00eddeo e veja o m\u00e9todo utilizado: Calend\u00e1rio gregoriano As regras que usamos hoje em dia para definir os anos bissextos, aqueles com 366 dias, foram\u00a0adotadas em 1582, ano em\u2026","rel":"","context":"Em &quot;planilhas&quot;","block_context":{"text":"planilhas","link":"https:\/\/radames.manosso.nom.br\/bitabit\/category\/planilhas\/"},"img":{"alt_text":"anos bissextos com final 00","src":"https:\/\/i0.wp.com\/radames.manosso.nom.br\/bitabit\/files\/anos-bissextos.jpg?resize=350%2C200","width":350,"height":200,"srcset":"https:\/\/i0.wp.com\/radames.manosso.nom.br\/bitabit\/files\/anos-bissextos.jpg?resize=350%2C200 1x, https:\/\/i0.wp.com\/radames.manosso.nom.br\/bitabit\/files\/anos-bissextos.jpg?resize=525%2C300 1.5x, https:\/\/i0.wp.com\/radames.manosso.nom.br\/bitabit\/files\/anos-bissextos.jpg?resize=700%2C400 2x"},"classes":[]},{"id":1640,"url":"https:\/\/radames.manosso.nom.br\/bitabit\/planilhas\/calendario-de-fases-da-lua-em-excel\/","url_meta":{"origin":2080,"position":3},"title":"Calend\u00e1rio de fases da lua em Excel","author":"Radam\u00e9s","date":false,"format":false,"excerpt":"Quem quiser saber a fase da lua em qualquer dia \u00e9 s\u00f3 baixar a planilha. Essa calculadora abrange o per\u00edodo 2017-2020. Assim voc\u00ea n\u00e3o fica mais na d\u00favida se vai dar peixe na pescaria ou se est\u00e1 favor\u00e1vel para cortar o cabelo. Baixe a vers\u00e3o edit\u00e1vel gr\u00e1tis na \u00e1rea de\u2026","rel":"","context":"Em &quot;planilhas&quot;","block_context":{"text":"planilhas","link":"https:\/\/radames.manosso.nom.br\/bitabit\/category\/planilhas\/"},"img":{"alt_text":"calculadora fases da lua em Excel","src":"https:\/\/i0.wp.com\/radames.manosso.nom.br\/bitabit\/files\/Screenshot_20170106-152430-e1492011859563.png?resize=350%2C200","width":350,"height":200},"classes":[]},{"id":2103,"url":"https:\/\/radames.manosso.nom.br\/bitabit\/planilhas\/defina-o-seculo-de-um-ano-no-excel\/","url_meta":{"origin":2080,"position":4},"title":"Defina o s\u00e9culo de um ano no Excel","author":"Radam\u00e9s","date":false,"format":false,"excerpt":"Veja como identificar o s\u00e9culo a que um ano pertence no Excel. Baixe a planilha a seguir: Assista ao v\u00eddeo e entenda a l\u00f3gica para definir s\u00e9culos em planilhas. Como definir o s\u00e9culo de um ano qualquer Uma maneira simples de definir o s\u00e9culo de um ano \u00e9 pensar no\u2026","rel":"","context":"Em &quot;planilhas&quot;","block_context":{"text":"planilhas","link":"https:\/\/radames.manosso.nom.br\/bitabit\/category\/planilhas\/"},"img":{"alt_text":"C\u00e1lculo com s\u00e9culos no Excel","src":"https:\/\/i0.wp.com\/radames.manosso.nom.br\/bitabit\/files\/seculos.jpg?resize=350%2C200","width":350,"height":200},"classes":[]},{"id":2869,"url":"https:\/\/radames.manosso.nom.br\/bitabit\/planilhas\/arvore-genealogica-em-excel\/","url_meta":{"origin":2080,"position":5},"title":"\u00c1rvore geneal\u00f3gica em Excel","author":"Radam\u00e9s","date":false,"format":false,"excerpt":"Cadastre as informa\u00e7\u00f5es de seus familiares e deixe por conta do Excel a montagem da \u00e1rvore geneal\u00f3gica da fam\u00edlia. Baixe a vers\u00e3o gr\u00e1tis. Se preferir, baixe a vers\u00e3o desprotegida gr\u00e1tis na \u00e1rea de usu\u00e1rios cadastrados. Adquira a vers\u00e3o premium Com a vers\u00e3o premium voc\u00ea pode: Gerar gr\u00e1fico ascendente.Gerar gr\u00e1fico descendente.Gerar\u2026","rel":"","context":"Em &quot;planilhas&quot;","block_context":{"text":"planilhas","link":"https:\/\/radames.manosso.nom.br\/bitabit\/category\/planilhas\/"},"img":{"alt_text":"\u00e1rvore geneal\u00f3gica","src":"https:\/\/i0.wp.com\/radames.manosso.nom.br\/bitabit\/files\/arvore-genealogica-1.jpg?resize=350%2C200&ssl=1","width":350,"height":200,"srcset":"https:\/\/i0.wp.com\/radames.manosso.nom.br\/bitabit\/files\/arvore-genealogica-1.jpg?resize=350%2C200&ssl=1 1x, https:\/\/i0.wp.com\/radames.manosso.nom.br\/bitabit\/files\/arvore-genealogica-1.jpg?resize=525%2C300&ssl=1 1.5x"},"classes":[]}],"_links":{"self":[{"href":"https:\/\/radames.manosso.nom.br\/bitabit\/wp-json\/wp\/v2\/posts\/2080","targetHints":{"allow":["GET"]}}],"collection":[{"href":"https:\/\/radames.manosso.nom.br\/bitabit\/wp-json\/wp\/v2\/posts"}],"about":[{"href":"https:\/\/radames.manosso.nom.br\/bitabit\/wp-json\/wp\/v2\/types\/post"}],"author":[{"embeddable":true,"href":"https:\/\/radames.manosso.nom.br\/bitabit\/wp-json\/wp\/v2\/users\/1"}],"replies":[{"embeddable":true,"href":"https:\/\/radames.manosso.nom.br\/bitabit\/wp-json\/wp\/v2\/comments?post=2080"}],"version-history":[{"count":1,"href":"https:\/\/radames.manosso.nom.br\/bitabit\/wp-json\/wp\/v2\/posts\/2080\/revisions"}],"predecessor-version":[{"id":2801,"href":"https:\/\/radames.manosso.nom.br\/bitabit\/wp-json\/wp\/v2\/posts\/2080\/revisions\/2801"}],"wp:attachment":[{"href":"https:\/\/radames.manosso.nom.br\/bitabit\/wp-json\/wp\/v2\/media?parent=2080"}],"wp:term":[{"taxonomy":"category","embeddable":true,"href":"https:\/\/radames.manosso.nom.br\/bitabit\/wp-json\/wp\/v2\/categories?post=2080"},{"taxonomy":"post_tag","embeddable":true,"href":"https:\/\/radames.manosso.nom.br\/bitabit\/wp-json\/wp\/v2\/tags?post=2080"}],"curies":[{"name":"wp","href":"https:\/\/api.w.org\/{rel}","templated":true}]}}