{"id":1157,"date":"2011-05-28T01:26:13","date_gmt":"2011-05-28T04:26:13","guid":{"rendered":"http:\/\/radames.manosso.nom.br\/arquitetura\/?p=223"},"modified":"2021-01-20T14:59:24","modified_gmt":"2021-01-20T17:59:24","slug":"ponte-jk","status":"publish","type":"post","link":"https:\/\/radames.manosso.nom.br\/critica\/arquitetura\/ponte-jk\/","title":{"rendered":"Ponte JK"},"content":{"rendered":"\n<p>Pontes nos levam \u00e0 ideia de supera\u00e7\u00e3o. Do ponto de vista da arquitetura nos encantamos com a supera\u00e7\u00e3o de obst\u00e1culos naturais, tecnol\u00f3gicos e est\u00e9ticos. Gostamos de pontes que vencem grandes v\u00e3os, que se assentam sobre terreno in\u00f3spito, que se projetam\u00a0a grandes alturas\u00a0e que v\u00e3o at\u00e9 os limites da t\u00e9cnica. Melhor ainda se\u00a0al\u00e9m de tudo, se destacarem pela beleza. <\/p>\n\n\n\n<p>\u00c9 o caso da Ponte JK (Juscelino Kubitschek) em Bras\u00edlia. Com 1.200 metros de extens\u00e3o, v\u00e3os\u00a0livres com at\u00e9 240 metros a pista dessa ponte p\u00eansil parece flutuar sobre o lago Parano\u00e1. Seus tr\u00eas arcos de a\u00e7o sugerem os saltos em trajet\u00f3ria parab\u00f3lica de uma pedra arremessada contra a linha da \u00e1gua.<\/p>\n\n\n\n<figure class=\"wp-block-image\"><img data-recalc-dims=\"1\" decoding=\"async\" src=\"https:\/\/i0.wp.com\/radames.manosso.nom.br\/critica\/files\/ponte-jk-0.jpg?w=604&#038;ssl=1\" alt=\"Ponte JK em Bras\u00edlia\" class=\"wp-image-234\"\/><\/figure>\n\n\n\n<p>O posicionamento dos arcos transversais \u00e0 pista e alternados entre si perturbam o olhar de quem espera a simetria mon\u00f3tona. Quem cruza a&nbsp;ponte em cada ponto da travessia se defronta com uma perspectiva inusitada. Um projeto com as caracter\u00edsticas da Ponte JK, com toda sua complexidade s\u00f3 foi poss\u00edvel, provavelmente, gra\u00e7as ao c\u00e1lculo estrutural auxiliado por computador. \u00c9 a inform\u00e1tica dando asas para a imagina\u00e7\u00e3o dos arquitetos. A ponte n\u00e3o \u00e9 a maior do mundo, nem tem o maior v\u00e3o ou a maior altura, mas \u00e9 forte concorrente ao t\u00edtulo de mais bela.<\/p>\n\n\n\n<!--more-->\n\n\n\n<p><strong>Imagens no Flickr<\/strong><\/p>\n\n\n\n<figure class=\"wp-block-image\"><a href=\"http:\/\/www.flickr.com\/photos\/radamesm\/galleries\/72157626493697802\/\"><img data-recalc-dims=\"1\" decoding=\"async\" data-attachment-id=\"226\" data-permalink=\"https:\/\/radames.manosso.nom.br\/critica\/filmes\/o-diabo-veste-prada\/attachment\/filme-o-diabo-veste-prada-2\/\" data-orig-file=\"https:\/\/i0.wp.com\/radames.manosso.nom.br\/critica\/files\/filme-o-diabo-veste-prada-2.jpg?fit=360%2C247&amp;ssl=1\" data-orig-size=\"360,247\" data-comments-opened=\"1\" data-image-meta=\"{&quot;aperture&quot;:&quot;0&quot;,&quot;credit&quot;:&quot;&quot;,&quot;camera&quot;:&quot;&quot;,&quot;caption&quot;:&quot;&quot;,&quot;created_timestamp&quot;:&quot;0&quot;,&quot;copyright&quot;:&quot;&quot;,&quot;focal_length&quot;:&quot;0&quot;,&quot;iso&quot;:&quot;0&quot;,&quot;shutter_speed&quot;:&quot;0&quot;,&quot;title&quot;:&quot;&quot;}\" data-image-title=\"Cena do filme o Diabo veste Prada\" data-image-description=\"\" data-image-caption=\"\" data-large-file=\"https:\/\/i0.wp.com\/radames.manosso.nom.br\/critica\/files\/filme-o-diabo-veste-prada-2.jpg?fit=360%2C247&amp;ssl=1\" src=\"https:\/\/i0.wp.com\/radames.manosso.nom.br\/critica\/files\/ponte-jk-flickr.jpg?w=604&#038;ssl=1\" alt=\"\" class=\"wp-image-226\"\/><\/a><\/figure>\n\n\n\n<h2 class=\"wp-block-heading\">Informa\u00e7\u00f5es<\/h2>\n\n\n\n<p><em>Ponte Juscelino Kubitschek<br>Bras\u00edlia, DF, Brasil<br>Projeto de Alexandre Chan<br>Inaugurada em 2002<\/em><\/p>\n\n\n\n<h2 class=\"wp-block-heading\">Imagens do Wikimedia Commons<\/h2>\n\n\n\n<div class=\"wp-block-jetpack-tiled-gallery aligncenter is-style-rectangular\"><div class=\"tiled-gallery__gallery\"><div class=\"tiled-gallery__row\"><div class=\"tiled-gallery__col\" style=\"flex-basis:39.530881039979946%\"><figure class=\"tiled-gallery__item\"><img decoding=\"async\" data-attachment-id=\"1131\" data-permalink=\"https:\/\/radames.manosso.nom.br\/critica\/arquitetura\/ponte-jk\/attachment\/ponte-jk-9\/\" data-orig-file=\"https:\/\/i0.wp.com\/radames.manosso.nom.br\/critica\/files\/ponte-jk-9.jpg?fit=800%2C572&amp;ssl=1\" data-orig-size=\"800,572\" data-comments-opened=\"1\" data-image-meta=\"{&quot;aperture&quot;:&quot;0&quot;,&quot;credit&quot;:&quot;&quot;,&quot;camera&quot;:&quot;&quot;,&quot;caption&quot;:&quot;&quot;,&quot;created_timestamp&quot;:&quot;0&quot;,&quot;copyright&quot;:&quot;&quot;,&quot;focal_length&quot;:&quot;0&quot;,&quot;iso&quot;:&quot;0&quot;,&quot;shutter_speed&quot;:&quot;0&quot;,&quot;title&quot;:&quot;&quot;,&quot;orientation&quot;:&quot;0&quot;}\" data-image-title=\"Ponte JK\" data-image-description=\"\" data-image-caption=\"\" data-large-file=\"https:\/\/i0.wp.com\/radames.manosso.nom.br\/critica\/files\/ponte-jk-9.jpg?fit=604%2C432&amp;ssl=1\" data-attachment-id=\"1131\" data-permalink=\"https:\/\/radames.manosso.nom.br\/critica\/arquitetura\/ponte-jk\/attachment\/ponte-jk-9\/\" data-orig-file=\"https:\/\/i0.wp.com\/radames.manosso.nom.br\/critica\/files\/ponte-jk-9.jpg?fit=800%2C572&amp;ssl=1\" data-orig-size=\"800,572\" data-comments-opened=\"1\" data-image-meta=\"{&quot;aperture&quot;:&quot;0&quot;,&quot;credit&quot;:&quot;&quot;,&quot;camera&quot;:&quot;&quot;,&quot;caption&quot;:&quot;&quot;,&quot;created_timestamp&quot;:&quot;0&quot;,&quot;copyright&quot;:&quot;&quot;,&quot;focal_length&quot;:&quot;0&quot;,&quot;iso&quot;:&quot;0&quot;,&quot;shutter_speed&quot;:&quot;0&quot;,&quot;title&quot;:&quot;&quot;,&quot;orientation&quot;:&quot;0&quot;}\" data-image-title=\"Ponte JK\" data-image-description=\"\" data-image-caption=\"\" data-large-file=\"https:\/\/i0.wp.com\/radames.manosso.nom.br\/critica\/files\/ponte-jk-9.jpg?fit=604%2C432&amp;ssl=1\" role=\"button\" tabindex=\"0\" aria-label=\"Abrir imagem 1 de 9 em tela cheia\"srcset=\"https:\/\/i2.wp.com\/radames.manosso.nom.br\/critica\/files\/ponte-jk-9.jpg?strip=info&#038;w=600 600w,https:\/\/i2.wp.com\/radames.manosso.nom.br\/critica\/files\/ponte-jk-9.jpg?strip=info&#038;w=800 800w\" alt=\"Ponte JK\" data-height=\"572\" data-id=\"1131\" data-link=\"https:\/\/radames.manosso.nom.br\/critica\/arquitetura\/ponte-jk\/attachment\/ponte-jk-9\/\" data-url=\"https:\/\/radames.manosso.nom.br\/critica\/files\/ponte-jk-9.jpg\" data-width=\"800\" src=\"https:\/\/i2.wp.com\/radames.manosso.nom.br\/critica\/files\/ponte-jk-9.jpg\" layout=\"responsive\"\/><\/figure><\/div><div class=\"tiled-gallery__col\" style=\"flex-basis:60.46911896002006%\"><figure class=\"tiled-gallery__item\"><img decoding=\"async\" data-attachment-id=\"1130\" data-permalink=\"https:\/\/radames.manosso.nom.br\/critica\/arquitetura\/ponte-jk\/attachment\/ponte-jk-8\/\" data-orig-file=\"https:\/\/i0.wp.com\/radames.manosso.nom.br\/critica\/files\/ponte-jk-8.jpg?fit=800%2C373&amp;ssl=1\" data-orig-size=\"800,373\" data-comments-opened=\"1\" data-image-meta=\"{&quot;aperture&quot;:&quot;0&quot;,&quot;credit&quot;:&quot;&quot;,&quot;camera&quot;:&quot;&quot;,&quot;caption&quot;:&quot;&quot;,&quot;created_timestamp&quot;:&quot;0&quot;,&quot;copyright&quot;:&quot;&quot;,&quot;focal_length&quot;:&quot;0&quot;,&quot;iso&quot;:&quot;0&quot;,&quot;shutter_speed&quot;:&quot;0&quot;,&quot;title&quot;:&quot;&quot;,&quot;orientation&quot;:&quot;0&quot;}\" data-image-title=\"Ponte JK\" data-image-description=\"\" data-image-caption=\"\" data-large-file=\"https:\/\/i0.wp.com\/radames.manosso.nom.br\/critica\/files\/ponte-jk-8.jpg?fit=604%2C282&amp;ssl=1\" data-attachment-id=\"1130\" data-permalink=\"https:\/\/radames.manosso.nom.br\/critica\/arquitetura\/ponte-jk\/attachment\/ponte-jk-8\/\" data-orig-file=\"https:\/\/i0.wp.com\/radames.manosso.nom.br\/critica\/files\/ponte-jk-8.jpg?fit=800%2C373&amp;ssl=1\" data-orig-size=\"800,373\" data-comments-opened=\"1\" data-image-meta=\"{&quot;aperture&quot;:&quot;0&quot;,&quot;credit&quot;:&quot;&quot;,&quot;camera&quot;:&quot;&quot;,&quot;caption&quot;:&quot;&quot;,&quot;created_timestamp&quot;:&quot;0&quot;,&quot;copyright&quot;:&quot;&quot;,&quot;focal_length&quot;:&quot;0&quot;,&quot;iso&quot;:&quot;0&quot;,&quot;shutter_speed&quot;:&quot;0&quot;,&quot;title&quot;:&quot;&quot;,&quot;orientation&quot;:&quot;0&quot;}\" data-image-title=\"Ponte JK\" data-image-description=\"\" data-image-caption=\"\" data-large-file=\"https:\/\/i0.wp.com\/radames.manosso.nom.br\/critica\/files\/ponte-jk-8.jpg?fit=604%2C282&amp;ssl=1\" role=\"button\" tabindex=\"0\" aria-label=\"Abrir imagem 2 de 9 em tela cheia\"srcset=\"https:\/\/i1.wp.com\/radames.manosso.nom.br\/critica\/files\/ponte-jk-8.jpg?strip=info&#038;w=600 600w,https:\/\/i1.wp.com\/radames.manosso.nom.br\/critica\/files\/ponte-jk-8.jpg?strip=info&#038;w=800 800w\" alt=\"Ponte JK\" data-height=\"373\" data-id=\"1130\" data-link=\"https:\/\/radames.manosso.nom.br\/critica\/arquitetura\/ponte-jk\/attachment\/ponte-jk-8\/\" data-url=\"https:\/\/radames.manosso.nom.br\/critica\/files\/ponte-jk-8.jpg\" data-width=\"800\" src=\"https:\/\/i1.wp.com\/radames.manosso.nom.br\/critica\/files\/ponte-jk-8.jpg\" layout=\"responsive\"\/><\/figure><\/div><\/div><div class=\"tiled-gallery__row\"><div class=\"tiled-gallery__col\" style=\"flex-basis:50%\"><figure class=\"tiled-gallery__item\"><img decoding=\"async\" data-attachment-id=\"1129\" data-permalink=\"https:\/\/radames.manosso.nom.br\/critica\/arquitetura\/ponte-jk\/attachment\/ponte-jk-7\/\" data-orig-file=\"https:\/\/i0.wp.com\/radames.manosso.nom.br\/critica\/files\/ponte-jk-7.jpg?fit=796%2C600&amp;ssl=1\" data-orig-size=\"796,600\" data-comments-opened=\"1\" data-image-meta=\"{&quot;aperture&quot;:&quot;0&quot;,&quot;credit&quot;:&quot;&quot;,&quot;camera&quot;:&quot;&quot;,&quot;caption&quot;:&quot;&quot;,&quot;created_timestamp&quot;:&quot;0&quot;,&quot;copyright&quot;:&quot;&quot;,&quot;focal_length&quot;:&quot;0&quot;,&quot;iso&quot;:&quot;0&quot;,&quot;shutter_speed&quot;:&quot;0&quot;,&quot;title&quot;:&quot;&quot;,&quot;orientation&quot;:&quot;0&quot;}\" data-image-title=\"Ponte JK\" data-image-description=\"\" data-image-caption=\"\" data-large-file=\"https:\/\/i0.wp.com\/radames.manosso.nom.br\/critica\/files\/ponte-jk-7.jpg?fit=604%2C455&amp;ssl=1\" data-attachment-id=\"1129\" data-permalink=\"https:\/\/radames.manosso.nom.br\/critica\/arquitetura\/ponte-jk\/attachment\/ponte-jk-7\/\" data-orig-file=\"https:\/\/i0.wp.com\/radames.manosso.nom.br\/critica\/files\/ponte-jk-7.jpg?fit=796%2C600&amp;ssl=1\" data-orig-size=\"796,600\" data-comments-opened=\"1\" data-image-meta=\"{&quot;aperture&quot;:&quot;0&quot;,&quot;credit&quot;:&quot;&quot;,&quot;camera&quot;:&quot;&quot;,&quot;caption&quot;:&quot;&quot;,&quot;created_timestamp&quot;:&quot;0&quot;,&quot;copyright&quot;:&quot;&quot;,&quot;focal_length&quot;:&quot;0&quot;,&quot;iso&quot;:&quot;0&quot;,&quot;shutter_speed&quot;:&quot;0&quot;,&quot;title&quot;:&quot;&quot;,&quot;orientation&quot;:&quot;0&quot;}\" data-image-title=\"Ponte JK\" data-image-description=\"\" data-image-caption=\"\" data-large-file=\"https:\/\/i0.wp.com\/radames.manosso.nom.br\/critica\/files\/ponte-jk-7.jpg?fit=604%2C455&amp;ssl=1\" role=\"button\" tabindex=\"0\" aria-label=\"Abrir imagem 3 de 9 em tela cheia\"srcset=\"https:\/\/i2.wp.com\/radames.manosso.nom.br\/critica\/files\/ponte-jk-7.jpg?strip=info&#038;w=600 600w,https:\/\/i2.wp.com\/radames.manosso.nom.br\/critica\/files\/ponte-jk-7.jpg?strip=info&#038;w=796 796w\" alt=\"Ponte JK\" data-height=\"600\" data-id=\"1129\" data-link=\"https:\/\/radames.manosso.nom.br\/critica\/arquitetura\/ponte-jk\/attachment\/ponte-jk-7\/\" data-url=\"https:\/\/radames.manosso.nom.br\/critica\/files\/ponte-jk-7.jpg\" data-width=\"796\" src=\"https:\/\/i2.wp.com\/radames.manosso.nom.br\/critica\/files\/ponte-jk-7.jpg\" layout=\"responsive\"\/><\/figure><\/div><div class=\"tiled-gallery__col\" style=\"flex-basis:50%\"><figure class=\"tiled-gallery__item\"><img decoding=\"async\" data-attachment-id=\"1128\" data-permalink=\"https:\/\/radames.manosso.nom.br\/critica\/arquitetura\/ponte-jk\/attachment\/ponte-jk-6\/\" data-orig-file=\"https:\/\/i0.wp.com\/radames.manosso.nom.br\/critica\/files\/ponte-jk-6.jpg?fit=796%2C600&amp;ssl=1\" data-orig-size=\"796,600\" data-comments-opened=\"1\" data-image-meta=\"{&quot;aperture&quot;:&quot;0&quot;,&quot;credit&quot;:&quot;&quot;,&quot;camera&quot;:&quot;&quot;,&quot;caption&quot;:&quot;&quot;,&quot;created_timestamp&quot;:&quot;0&quot;,&quot;copyright&quot;:&quot;&quot;,&quot;focal_length&quot;:&quot;0&quot;,&quot;iso&quot;:&quot;0&quot;,&quot;shutter_speed&quot;:&quot;0&quot;,&quot;title&quot;:&quot;&quot;,&quot;orientation&quot;:&quot;0&quot;}\" data-image-title=\"Ponte JK\" data-image-description=\"\" data-image-caption=\"\" data-large-file=\"https:\/\/i0.wp.com\/radames.manosso.nom.br\/critica\/files\/ponte-jk-6.jpg?fit=604%2C455&amp;ssl=1\" data-attachment-id=\"1128\" data-permalink=\"https:\/\/radames.manosso.nom.br\/critica\/arquitetura\/ponte-jk\/attachment\/ponte-jk-6\/\" data-orig-file=\"https:\/\/i0.wp.com\/radames.manosso.nom.br\/critica\/files\/ponte-jk-6.jpg?fit=796%2C600&amp;ssl=1\" data-orig-size=\"796,600\" data-comments-opened=\"1\" data-image-meta=\"{&quot;aperture&quot;:&quot;0&quot;,&quot;credit&quot;:&quot;&quot;,&quot;camera&quot;:&quot;&quot;,&quot;caption&quot;:&quot;&quot;,&quot;created_timestamp&quot;:&quot;0&quot;,&quot;copyright&quot;:&quot;&quot;,&quot;focal_length&quot;:&quot;0&quot;,&quot;iso&quot;:&quot;0&quot;,&quot;shutter_speed&quot;:&quot;0&quot;,&quot;title&quot;:&quot;&quot;,&quot;orientation&quot;:&quot;0&quot;}\" data-image-title=\"Ponte JK\" data-image-description=\"\" data-image-caption=\"\" data-large-file=\"https:\/\/i0.wp.com\/radames.manosso.nom.br\/critica\/files\/ponte-jk-6.jpg?fit=604%2C455&amp;ssl=1\" role=\"button\" tabindex=\"0\" aria-label=\"Abrir imagem 4 de 9 em tela cheia\"srcset=\"https:\/\/i2.wp.com\/radames.manosso.nom.br\/critica\/files\/ponte-jk-6.jpg?strip=info&#038;w=600 600w,https:\/\/i2.wp.com\/radames.manosso.nom.br\/critica\/files\/ponte-jk-6.jpg?strip=info&#038;w=796 796w\" alt=\"Ponte JK\" data-height=\"600\" data-id=\"1128\" data-link=\"https:\/\/radames.manosso.nom.br\/critica\/arquitetura\/ponte-jk\/attachment\/ponte-jk-6\/\" data-url=\"https:\/\/radames.manosso.nom.br\/critica\/files\/ponte-jk-6.jpg\" data-width=\"796\" src=\"https:\/\/i2.wp.com\/radames.manosso.nom.br\/critica\/files\/ponte-jk-6.jpg\" layout=\"responsive\"\/><\/figure><\/div><\/div><div class=\"tiled-gallery__row\"><div class=\"tiled-gallery__col\" style=\"flex-basis:100%\"><figure class=\"tiled-gallery__item\"><img decoding=\"async\" data-attachment-id=\"1127\" data-permalink=\"https:\/\/radames.manosso.nom.br\/critica\/arquitetura\/ponte-jk\/attachment\/ponte-jk-5\/\" data-orig-file=\"https:\/\/i0.wp.com\/radames.manosso.nom.br\/critica\/files\/ponte-jk-5.jpg?fit=800%2C335&amp;ssl=1\" data-orig-size=\"800,335\" data-comments-opened=\"1\" data-image-meta=\"{&quot;aperture&quot;:&quot;0&quot;,&quot;credit&quot;:&quot;&quot;,&quot;camera&quot;:&quot;&quot;,&quot;caption&quot;:&quot;&quot;,&quot;created_timestamp&quot;:&quot;0&quot;,&quot;copyright&quot;:&quot;&quot;,&quot;focal_length&quot;:&quot;0&quot;,&quot;iso&quot;:&quot;0&quot;,&quot;shutter_speed&quot;:&quot;0&quot;,&quot;title&quot;:&quot;&quot;,&quot;orientation&quot;:&quot;0&quot;}\" data-image-title=\"Ponte JK\" data-image-description=\"\" data-image-caption=\"\" data-large-file=\"https:\/\/i0.wp.com\/radames.manosso.nom.br\/critica\/files\/ponte-jk-5.jpg?fit=604%2C253&amp;ssl=1\" data-attachment-id=\"1127\" data-permalink=\"https:\/\/radames.manosso.nom.br\/critica\/arquitetura\/ponte-jk\/attachment\/ponte-jk-5\/\" data-orig-file=\"https:\/\/i0.wp.com\/radames.manosso.nom.br\/critica\/files\/ponte-jk-5.jpg?fit=800%2C335&amp;ssl=1\" data-orig-size=\"800,335\" data-comments-opened=\"1\" data-image-meta=\"{&quot;aperture&quot;:&quot;0&quot;,&quot;credit&quot;:&quot;&quot;,&quot;camera&quot;:&quot;&quot;,&quot;caption&quot;:&quot;&quot;,&quot;created_timestamp&quot;:&quot;0&quot;,&quot;copyright&quot;:&quot;&quot;,&quot;focal_length&quot;:&quot;0&quot;,&quot;iso&quot;:&quot;0&quot;,&quot;shutter_speed&quot;:&quot;0&quot;,&quot;title&quot;:&quot;&quot;,&quot;orientation&quot;:&quot;0&quot;}\" data-image-title=\"Ponte JK\" data-image-description=\"\" data-image-caption=\"\" data-large-file=\"https:\/\/i0.wp.com\/radames.manosso.nom.br\/critica\/files\/ponte-jk-5.jpg?fit=604%2C253&amp;ssl=1\" role=\"button\" tabindex=\"0\" aria-label=\"Abrir imagem 5 de 9 em tela cheia\"srcset=\"https:\/\/i1.wp.com\/radames.manosso.nom.br\/critica\/files\/ponte-jk-5.jpg?strip=info&#038;w=600 600w,https:\/\/i1.wp.com\/radames.manosso.nom.br\/critica\/files\/ponte-jk-5.jpg?strip=info&#038;w=800 800w\" alt=\"Ponte JK\" data-height=\"335\" data-id=\"1127\" data-link=\"https:\/\/radames.manosso.nom.br\/critica\/arquitetura\/ponte-jk\/attachment\/ponte-jk-5\/\" data-url=\"https:\/\/radames.manosso.nom.br\/critica\/files\/ponte-jk-5.jpg\" data-width=\"800\" src=\"https:\/\/i1.wp.com\/radames.manosso.nom.br\/critica\/files\/ponte-jk-5.jpg\" layout=\"responsive\"\/><\/figure><\/div><\/div><div class=\"tiled-gallery__row\"><div class=\"tiled-gallery__col\" style=\"flex-basis:65.64982233882853%\"><figure class=\"tiled-gallery__item\"><img decoding=\"async\" data-attachment-id=\"1126\" data-permalink=\"https:\/\/radames.manosso.nom.br\/critica\/arquitetura\/ponte-jk\/attachment\/ponte-jk-4\/\" data-orig-file=\"https:\/\/i0.wp.com\/radames.manosso.nom.br\/critica\/files\/ponte-jk-4.jpg?fit=800%2C597&amp;ssl=1\" data-orig-size=\"800,597\" data-comments-opened=\"1\" data-image-meta=\"{&quot;aperture&quot;:&quot;0&quot;,&quot;credit&quot;:&quot;&quot;,&quot;camera&quot;:&quot;&quot;,&quot;caption&quot;:&quot;&quot;,&quot;created_timestamp&quot;:&quot;0&quot;,&quot;copyright&quot;:&quot;&quot;,&quot;focal_length&quot;:&quot;0&quot;,&quot;iso&quot;:&quot;0&quot;,&quot;shutter_speed&quot;:&quot;0&quot;,&quot;title&quot;:&quot;&quot;,&quot;orientation&quot;:&quot;0&quot;}\" data-image-title=\"Ponte JK\" data-image-description=\"\" data-image-caption=\"\" data-large-file=\"https:\/\/i0.wp.com\/radames.manosso.nom.br\/critica\/files\/ponte-jk-4.jpg?fit=604%2C451&amp;ssl=1\" data-attachment-id=\"1126\" data-permalink=\"https:\/\/radames.manosso.nom.br\/critica\/arquitetura\/ponte-jk\/attachment\/ponte-jk-4\/\" data-orig-file=\"https:\/\/i0.wp.com\/radames.manosso.nom.br\/critica\/files\/ponte-jk-4.jpg?fit=800%2C597&amp;ssl=1\" data-orig-size=\"800,597\" data-comments-opened=\"1\" data-image-meta=\"{&quot;aperture&quot;:&quot;0&quot;,&quot;credit&quot;:&quot;&quot;,&quot;camera&quot;:&quot;&quot;,&quot;caption&quot;:&quot;&quot;,&quot;created_timestamp&quot;:&quot;0&quot;,&quot;copyright&quot;:&quot;&quot;,&quot;focal_length&quot;:&quot;0&quot;,&quot;iso&quot;:&quot;0&quot;,&quot;shutter_speed&quot;:&quot;0&quot;,&quot;title&quot;:&quot;&quot;,&quot;orientation&quot;:&quot;0&quot;}\" data-image-title=\"Ponte JK\" data-image-description=\"\" data-image-caption=\"\" data-large-file=\"https:\/\/i0.wp.com\/radames.manosso.nom.br\/critica\/files\/ponte-jk-4.jpg?fit=604%2C451&amp;ssl=1\" role=\"button\" tabindex=\"0\" aria-label=\"Abrir imagem 6 de 9 em tela cheia\"srcset=\"https:\/\/i0.wp.com\/radames.manosso.nom.br\/critica\/files\/ponte-jk-4.jpg?strip=info&#038;w=600 600w,https:\/\/i0.wp.com\/radames.manosso.nom.br\/critica\/files\/ponte-jk-4.jpg?strip=info&#038;w=800 800w\" alt=\"Ponte JK\" data-height=\"597\" data-id=\"1126\" data-link=\"https:\/\/radames.manosso.nom.br\/critica\/arquitetura\/ponte-jk\/attachment\/ponte-jk-4\/\" data-url=\"https:\/\/radames.manosso.nom.br\/critica\/files\/ponte-jk-4.jpg\" data-width=\"800\" src=\"https:\/\/i0.wp.com\/radames.manosso.nom.br\/critica\/files\/ponte-jk-4.jpg\" layout=\"responsive\"\/><\/figure><\/div><div class=\"tiled-gallery__col\" style=\"flex-basis:34.35017766117148%\"><figure class=\"tiled-gallery__item\"><img decoding=\"async\" data-attachment-id=\"1125\" data-permalink=\"https:\/\/radames.manosso.nom.br\/critica\/arquitetura\/ponte-jk\/attachment\/ponte-jk-3\/\" data-orig-file=\"https:\/\/i0.wp.com\/radames.manosso.nom.br\/critica\/files\/ponte-jk-3.jpg?fit=800%2C600&amp;ssl=1\" data-orig-size=\"800,600\" data-comments-opened=\"1\" data-image-meta=\"{&quot;aperture&quot;:&quot;0&quot;,&quot;credit&quot;:&quot;&quot;,&quot;camera&quot;:&quot;&quot;,&quot;caption&quot;:&quot;&quot;,&quot;created_timestamp&quot;:&quot;0&quot;,&quot;copyright&quot;:&quot;&quot;,&quot;focal_length&quot;:&quot;0&quot;,&quot;iso&quot;:&quot;0&quot;,&quot;shutter_speed&quot;:&quot;0&quot;,&quot;title&quot;:&quot;&quot;,&quot;orientation&quot;:&quot;0&quot;}\" data-image-title=\"Ponte JK\" data-image-description=\"\" data-image-caption=\"\" data-large-file=\"https:\/\/i0.wp.com\/radames.manosso.nom.br\/critica\/files\/ponte-jk-3.jpg?fit=604%2C453&amp;ssl=1\" data-attachment-id=\"1125\" data-permalink=\"https:\/\/radames.manosso.nom.br\/critica\/arquitetura\/ponte-jk\/attachment\/ponte-jk-3\/\" data-orig-file=\"https:\/\/i0.wp.com\/radames.manosso.nom.br\/critica\/files\/ponte-jk-3.jpg?fit=800%2C600&amp;ssl=1\" data-orig-size=\"800,600\" data-comments-opened=\"1\" data-image-meta=\"{&quot;aperture&quot;:&quot;0&quot;,&quot;credit&quot;:&quot;&quot;,&quot;camera&quot;:&quot;&quot;,&quot;caption&quot;:&quot;&quot;,&quot;created_timestamp&quot;:&quot;0&quot;,&quot;copyright&quot;:&quot;&quot;,&quot;focal_length&quot;:&quot;0&quot;,&quot;iso&quot;:&quot;0&quot;,&quot;shutter_speed&quot;:&quot;0&quot;,&quot;title&quot;:&quot;&quot;,&quot;orientation&quot;:&quot;0&quot;}\" data-image-title=\"Ponte JK\" data-image-description=\"\" data-image-caption=\"\" data-large-file=\"https:\/\/i0.wp.com\/radames.manosso.nom.br\/critica\/files\/ponte-jk-3.jpg?fit=604%2C453&amp;ssl=1\" role=\"button\" tabindex=\"0\" aria-label=\"Abrir imagem 7 de 9 em tela cheia\"srcset=\"https:\/\/i2.wp.com\/radames.manosso.nom.br\/critica\/files\/ponte-jk-3.jpg?strip=info&#038;w=600 600w,https:\/\/i2.wp.com\/radames.manosso.nom.br\/critica\/files\/ponte-jk-3.jpg?strip=info&#038;w=800 800w\" alt=\"Ponte JK\" data-height=\"600\" data-id=\"1125\" data-link=\"https:\/\/radames.manosso.nom.br\/critica\/arquitetura\/ponte-jk\/attachment\/ponte-jk-3\/\" data-url=\"https:\/\/radames.manosso.nom.br\/critica\/files\/ponte-jk-3.jpg\" data-width=\"800\" src=\"https:\/\/i2.wp.com\/radames.manosso.nom.br\/critica\/files\/ponte-jk-3.jpg\" layout=\"responsive\"\/><\/figure><figure class=\"tiled-gallery__item\"><img decoding=\"async\" data-attachment-id=\"466\" data-permalink=\"https:\/\/radames.manosso.nom.br\/critica\/arquitetura\/ponte-jk\/attachment\/ponte-jk-2\/\" data-orig-file=\"https:\/\/i0.wp.com\/radames.manosso.nom.br\/critica\/files\/ponte-jk-2.jpg?fit=800%2C533&amp;ssl=1\" data-orig-size=\"800,533\" data-comments-opened=\"1\" data-image-meta=\"{&quot;aperture&quot;:&quot;0&quot;,&quot;credit&quot;:&quot;&quot;,&quot;camera&quot;:&quot;&quot;,&quot;caption&quot;:&quot;&quot;,&quot;created_timestamp&quot;:&quot;0&quot;,&quot;copyright&quot;:&quot;&quot;,&quot;focal_length&quot;:&quot;0&quot;,&quot;iso&quot;:&quot;0&quot;,&quot;shutter_speed&quot;:&quot;0&quot;,&quot;title&quot;:&quot;&quot;,&quot;orientation&quot;:&quot;0&quot;}\" data-image-title=\"Ponte JK\" data-image-description=\"\" data-image-caption=\"\" data-large-file=\"https:\/\/i0.wp.com\/radames.manosso.nom.br\/critica\/files\/ponte-jk-2.jpg?fit=604%2C402&amp;ssl=1\" data-attachment-id=\"466\" data-permalink=\"https:\/\/radames.manosso.nom.br\/critica\/arquitetura\/ponte-jk\/attachment\/ponte-jk-2\/\" data-orig-file=\"https:\/\/i0.wp.com\/radames.manosso.nom.br\/critica\/files\/ponte-jk-2.jpg?fit=800%2C533&amp;ssl=1\" data-orig-size=\"800,533\" data-comments-opened=\"1\" data-image-meta=\"{&quot;aperture&quot;:&quot;0&quot;,&quot;credit&quot;:&quot;&quot;,&quot;camera&quot;:&quot;&quot;,&quot;caption&quot;:&quot;&quot;,&quot;created_timestamp&quot;:&quot;0&quot;,&quot;copyright&quot;:&quot;&quot;,&quot;focal_length&quot;:&quot;0&quot;,&quot;iso&quot;:&quot;0&quot;,&quot;shutter_speed&quot;:&quot;0&quot;,&quot;title&quot;:&quot;&quot;,&quot;orientation&quot;:&quot;0&quot;}\" data-image-title=\"Ponte JK\" data-image-description=\"\" data-image-caption=\"\" data-large-file=\"https:\/\/i0.wp.com\/radames.manosso.nom.br\/critica\/files\/ponte-jk-2.jpg?fit=604%2C402&amp;ssl=1\" role=\"button\" tabindex=\"0\" aria-label=\"Abrir imagem 8 de 9 em tela cheia\"srcset=\"https:\/\/i0.wp.com\/radames.manosso.nom.br\/critica\/files\/ponte-jk-2.jpg?strip=info&#038;w=600 600w,https:\/\/i0.wp.com\/radames.manosso.nom.br\/critica\/files\/ponte-jk-2.jpg?strip=info&#038;w=800 800w\" alt=\"Ponte JK\" data-height=\"533\" data-id=\"466\" data-link=\"https:\/\/radames.manosso.nom.br\/critica\/arquitetura\/ponte-jk\/attachment\/ponte-jk-2\/\" data-url=\"https:\/\/radames.manosso.nom.br\/critica\/files\/ponte-jk-2.jpg\" data-width=\"800\" src=\"https:\/\/i0.wp.com\/radames.manosso.nom.br\/critica\/files\/ponte-jk-2.jpg\" layout=\"responsive\"\/><\/figure><\/div><\/div><div class=\"tiled-gallery__row\"><div class=\"tiled-gallery__col\" style=\"flex-basis:100%\"><figure class=\"tiled-gallery__item\"><img decoding=\"async\" data-attachment-id=\"1124\" data-permalink=\"https:\/\/radames.manosso.nom.br\/critica\/arquitetura\/ponte-jk\/attachment\/ponte-jk-1\/\" data-orig-file=\"https:\/\/i0.wp.com\/radames.manosso.nom.br\/critica\/files\/ponte-jk-1.jpg?fit=800%2C600&amp;ssl=1\" data-orig-size=\"800,600\" data-comments-opened=\"1\" data-image-meta=\"{&quot;aperture&quot;:&quot;0&quot;,&quot;credit&quot;:&quot;&quot;,&quot;camera&quot;:&quot;&quot;,&quot;caption&quot;:&quot;&quot;,&quot;created_timestamp&quot;:&quot;0&quot;,&quot;copyright&quot;:&quot;&quot;,&quot;focal_length&quot;:&quot;0&quot;,&quot;iso&quot;:&quot;0&quot;,&quot;shutter_speed&quot;:&quot;0&quot;,&quot;title&quot;:&quot;&quot;,&quot;orientation&quot;:&quot;0&quot;}\" data-image-title=\"Ponte JK\" data-image-description=\"\" data-image-caption=\"\" data-large-file=\"https:\/\/i0.wp.com\/radames.manosso.nom.br\/critica\/files\/ponte-jk-1.jpg?fit=604%2C453&amp;ssl=1\" data-attachment-id=\"1124\" data-permalink=\"https:\/\/radames.manosso.nom.br\/critica\/arquitetura\/ponte-jk\/attachment\/ponte-jk-1\/\" data-orig-file=\"https:\/\/i0.wp.com\/radames.manosso.nom.br\/critica\/files\/ponte-jk-1.jpg?fit=800%2C600&amp;ssl=1\" data-orig-size=\"800,600\" data-comments-opened=\"1\" data-image-meta=\"{&quot;aperture&quot;:&quot;0&quot;,&quot;credit&quot;:&quot;&quot;,&quot;camera&quot;:&quot;&quot;,&quot;caption&quot;:&quot;&quot;,&quot;created_timestamp&quot;:&quot;0&quot;,&quot;copyright&quot;:&quot;&quot;,&quot;focal_length&quot;:&quot;0&quot;,&quot;iso&quot;:&quot;0&quot;,&quot;shutter_speed&quot;:&quot;0&quot;,&quot;title&quot;:&quot;&quot;,&quot;orientation&quot;:&quot;0&quot;}\" data-image-title=\"Ponte JK\" data-image-description=\"\" data-image-caption=\"\" data-large-file=\"https:\/\/i0.wp.com\/radames.manosso.nom.br\/critica\/files\/ponte-jk-1.jpg?fit=604%2C453&amp;ssl=1\" role=\"button\" tabindex=\"0\" aria-label=\"Abrir imagem 9 de 9 em tela cheia\"srcset=\"https:\/\/i0.wp.com\/radames.manosso.nom.br\/critica\/files\/ponte-jk-1.jpg?strip=info&#038;w=600 600w,https:\/\/i0.wp.com\/radames.manosso.nom.br\/critica\/files\/ponte-jk-1.jpg?strip=info&#038;w=800 800w\" alt=\"Ponte JK\" data-height=\"600\" data-id=\"1124\" data-link=\"https:\/\/radames.manosso.nom.br\/critica\/arquitetura\/ponte-jk\/attachment\/ponte-jk-1\/\" data-url=\"https:\/\/radames.manosso.nom.br\/critica\/files\/ponte-jk-1.jpg\" data-width=\"800\" src=\"https:\/\/i0.wp.com\/radames.manosso.nom.br\/critica\/files\/ponte-jk-1.jpg\" layout=\"responsive\"\/><\/figure><\/div><\/div><\/div><\/div>\n\n\n\n<h3 class=\"wp-block-heading\">Arquitetura<\/h3>\n\n\n\n<ul class=\"wp-block-list\"><li><a href=\"https:\/\/radames.manosso.nom.br\/critica\/arquitetura\/museu-guggenheim-bilbao\/\">Museu Guggenheim Bilbao<\/a><\/li><li><a href=\"https:\/\/radames.manosso.nom.br\/critica\/arquitetura\/cidade-das-artes-e-das-ciencias-de-valencia\/\">Cidade das artes e das ci\u00eancias de Val\u00eancia<\/a><\/li><li><a href=\"https:\/\/radames.manosso.nom.br\/critica\/arquitetura\/ponte-jk\/\">Ponte JK<\/a><\/li><li><a href=\"https:\/\/radames.manosso.nom.br\/critica\/arquitetura\/casa-das-canoas\/\">Casa das Canoas<\/a><\/li><li><a href=\"https:\/\/radames.manosso.nom.br\/critica\/arquitetura\/casa-farnsworth\/\">Casa Farnsworth<\/a><\/li><li><a href=\"https:\/\/radames.manosso.nom.br\/critica\/arquitetura\/catedral-de-sao-basilio\/\">Catedral de S\u00e3o Bas\u00edlio<\/a><\/li><li><a href=\"https:\/\/radames.manosso.nom.br\/critica\/arquitetura\/casa-de-vidro\/\">Casa de vidro<\/a><\/li><li><a href=\"https:\/\/radames.manosso.nom.br\/critica\/arquitetura\/catedral-de-brasilia\/\">Catedral de Bras\u00edlia<\/a><\/li><li><a href=\"https:\/\/radames.manosso.nom.br\/critica\/arquitetura\/taj-mahal\/\">Taj Mahal<\/a><\/li><li><a href=\"https:\/\/radames.manosso.nom.br\/critica\/arquitetura\/casa-da-cascata\/\">Casa da cascata<\/a><\/li><\/ul>\n","protected":false},"excerpt":{"rendered":"<p>Pontes nos levam \u00e0 ideia de supera\u00e7\u00e3o. Do ponto de vista da arquitetura nos encantamos com a supera\u00e7\u00e3o de obst\u00e1culos naturais, tecnol\u00f3gicos e est\u00e9ticos. Gostamos de pontes que vencem grandes v\u00e3os, que se assentam sobre terreno in\u00f3spito, que se projetam\u00a0a grandes alturas\u00a0e que v\u00e3o at\u00e9 os limites da t\u00e9cnica. Melhor ainda se\u00a0al\u00e9m de tudo, se &hellip; <a href=\"https:\/\/radames.manosso.nom.br\/critica\/arquitetura\/ponte-jk\/\" class=\"more-link\">Continue lendo <span class=\"screen-reader-text\">Ponte JK<\/span> <span class=\"meta-nav\">&rarr;<\/span><\/a><\/p>\n","protected":false},"author":1,"featured_media":0,"comment_status":"open","ping_status":"closed","sticky":false,"template":"","format":"standard","meta":{"jetpack_post_was_ever_published":false,"_jetpack_newsletter_access":"","_jetpack_dont_email_post_to_subs":false,"_jetpack_newsletter_tier_id":0,"_jetpack_memberships_contains_paywalled_content":false,"_jetpack_memberships_contains_paid_content":false,"footnotes":"","jetpack_publicize_message":"","jetpack_publicize_feature_enabled":true,"jetpack_social_post_already_shared":true,"jetpack_social_options":{"image_generator_settings":{"template":"highway","default_image_id":0,"font":"","enabled":false},"version":2}},"categories":[180],"tags":[138,45,141,145,165,175],"class_list":["post-1157","post","type-post","status-publish","format-standard","hentry","category-arquitetura","tag-aco","tag-brasil","tag-brasilia","tag-concreto-armado","tag-ponte","tag-seculo-xxi"],"jetpack_publicize_connections":[],"jetpack_featured_media_url":"","jetpack_sharing_enabled":true,"jetpack_shortlink":"https:\/\/wp.me\/p14lZD-iF","jetpack-related-posts":[{"id":4,"url":"https:\/\/radames.manosso.nom.br\/critica\/arquitetura\/casa-da-cascata\/","url_meta":{"origin":1157,"position":0},"title":"Casa da cascata","author":"Radam\u00e9s","date":false,"format":false,"excerpt":"","rel":"","context":"Em &quot;Arquitetura&quot;","block_context":{"text":"Arquitetura","link":"https:\/\/radames.manosso.nom.br\/critica\/category\/arquitetura\/"},"img":{"alt_text":"","src":"https:\/\/i0.wp.com\/radames.manosso.nom.br\/critica\/files\/falling-water-interior-5.jpg?resize=350%2C200&ssl=1","width":350,"height":200,"srcset":"https:\/\/i0.wp.com\/radames.manosso.nom.br\/critica\/files\/falling-water-interior-5.jpg?resize=350%2C200&ssl=1 1x, https:\/\/i0.wp.com\/radames.manosso.nom.br\/critica\/files\/falling-water-interior-5.jpg?resize=525%2C300&ssl=1 1.5x, https:\/\/i0.wp.com\/radames.manosso.nom.br\/critica\/files\/falling-water-interior-5.jpg?resize=700%2C400&ssl=1 2x"},"classes":[]},{"id":1156,"url":"https:\/\/radames.manosso.nom.br\/critica\/arquitetura\/casa-das-canoas\/","url_meta":{"origin":1157,"position":1},"title":"Casa das canoas","author":"Radam\u00e9s","date":false,"format":false,"excerpt":"","rel":"","context":"Em &quot;Arquitetura&quot;","block_context":{"text":"Arquitetura","link":"https:\/\/radames.manosso.nom.br\/critica\/category\/arquitetura\/"},"img":{"alt_text":"","src":"https:\/\/i0.wp.com\/radames.manosso.nom.br\/critica\/files\/filme-os-infiltrados-2.jpg?resize=350%2C200&ssl=1","width":350,"height":200},"classes":[]},{"id":1150,"url":"https:\/\/radames.manosso.nom.br\/critica\/arquitetura\/catedral-de-brasilia\/","url_meta":{"origin":1157,"position":2},"title":"Catedral de Bras\u00edlia","author":"Radam\u00e9s","date":false,"format":false,"excerpt":"","rel":"","context":"Em &quot;Arquitetura&quot;","block_context":{"text":"Arquitetura","link":"https:\/\/radames.manosso.nom.br\/critica\/category\/arquitetura\/"},"img":{"alt_text":"Catedral de Bras\u00edlia","src":"https:\/\/i0.wp.com\/radames.manosso.nom.br\/critica\/files\/catedral-de-brasilia-5.jpg?resize=350%2C200&ssl=1","width":350,"height":200,"srcset":"https:\/\/i0.wp.com\/radames.manosso.nom.br\/critica\/files\/catedral-de-brasilia-5.jpg?resize=350%2C200&ssl=1 1x, https:\/\/i0.wp.com\/radames.manosso.nom.br\/critica\/files\/catedral-de-brasilia-5.jpg?resize=525%2C300&ssl=1 1.5x"},"classes":[]},{"id":1154,"url":"https:\/\/radames.manosso.nom.br\/critica\/arquitetura\/catedral-de-sao-basilio\/","url_meta":{"origin":1157,"position":3},"title":"Catedral de S\u00e3o Bas\u00edlio","author":"Radam\u00e9s","date":false,"format":false,"excerpt":"","rel":"","context":"Em &quot;Arquitetura&quot;","block_context":{"text":"Arquitetura","link":"https:\/\/radames.manosso.nom.br\/critica\/category\/arquitetura\/"},"img":{"alt_text":"Catedral de S\u00e3o Bas\u00edlio","src":"https:\/\/i0.wp.com\/radames.manosso.nom.br\/critica\/files\/catedral-de-sao-basilio-12-1.jpg?resize=350%2C200&ssl=1","width":350,"height":200},"classes":[]},{"id":1155,"url":"https:\/\/radames.manosso.nom.br\/critica\/arquitetura\/casa-farnsworth\/","url_meta":{"origin":1157,"position":4},"title":"Casa Farnsworth","author":"Radam\u00e9s","date":false,"format":false,"excerpt":"","rel":"","context":"Em &quot;Arquitetura&quot;","block_context":{"text":"Arquitetura","link":"https:\/\/radames.manosso.nom.br\/critica\/category\/arquitetura\/"},"img":{"alt_text":"Casa Farnsworth","src":"https:\/\/i0.wp.com\/radames.manosso.nom.br\/critica\/files\/farnsworth-house-7.jpg?resize=350%2C200&ssl=1","width":350,"height":200,"srcset":"https:\/\/i0.wp.com\/radames.manosso.nom.br\/critica\/files\/farnsworth-house-7.jpg?resize=350%2C200&ssl=1 1x, https:\/\/i0.wp.com\/radames.manosso.nom.br\/critica\/files\/farnsworth-house-7.jpg?resize=525%2C300&ssl=1 1.5x, https:\/\/i0.wp.com\/radames.manosso.nom.br\/critica\/files\/farnsworth-house-7.jpg?resize=700%2C400&ssl=1 2x"},"classes":[]},{"id":1153,"url":"https:\/\/radames.manosso.nom.br\/critica\/arquitetura\/casa-de-vidro\/","url_meta":{"origin":1157,"position":5},"title":"Casa de vidro","author":"Radam\u00e9s","date":false,"format":false,"excerpt":"","rel":"","context":"Em &quot;Arquitetura&quot;","block_context":{"text":"Arquitetura","link":"https:\/\/radames.manosso.nom.br\/critica\/category\/arquitetura\/"},"img":{"alt_text":"","src":"https:\/\/i0.wp.com\/radames.manosso.nom.br\/critica\/files\/casa-de-vidro-5.jpg?resize=350%2C200","width":350,"height":200,"srcset":"https:\/\/i0.wp.com\/radames.manosso.nom.br\/critica\/files\/casa-de-vidro-5.jpg?resize=350%2C200 1x, https:\/\/i0.wp.com\/radames.manosso.nom.br\/critica\/files\/casa-de-vidro-5.jpg?resize=525%2C300 1.5x, https:\/\/i0.wp.com\/radames.manosso.nom.br\/critica\/files\/casa-de-vidro-5.jpg?resize=700%2C400 2x"},"classes":[]}],"_links":{"self":[{"href":"https:\/\/radames.manosso.nom.br\/critica\/wp-json\/wp\/v2\/posts\/1157","targetHints":{"allow":["GET"]}}],"collection":[{"href":"https:\/\/radames.manosso.nom.br\/critica\/wp-json\/wp\/v2\/posts"}],"about":[{"href":"https:\/\/radames.manosso.nom.br\/critica\/wp-json\/wp\/v2\/types\/post"}],"author":[{"embeddable":true,"href":"https:\/\/radames.manosso.nom.br\/critica\/wp-json\/wp\/v2\/users\/1"}],"replies":[{"embeddable":true,"href":"https:\/\/radames.manosso.nom.br\/critica\/wp-json\/wp\/v2\/comments?post=1157"}],"version-history":[{"count":3,"href":"https:\/\/radames.manosso.nom.br\/critica\/wp-json\/wp\/v2\/posts\/1157\/revisions"}],"predecessor-version":[{"id":1474,"href":"https:\/\/radames.manosso.nom.br\/critica\/wp-json\/wp\/v2\/posts\/1157\/revisions\/1474"}],"wp:attachment":[{"href":"https:\/\/radames.manosso.nom.br\/critica\/wp-json\/wp\/v2\/media?parent=1157"}],"wp:term":[{"taxonomy":"category","embeddable":true,"href":"https:\/\/radames.manosso.nom.br\/critica\/wp-json\/wp\/v2\/categories?post=1157"},{"taxonomy":"post_tag","embeddable":true,"href":"https:\/\/radames.manosso.nom.br\/critica\/wp-json\/wp\/v2\/tags?post=1157"}],"curies":[{"name":"wp","href":"https:\/\/api.w.org\/{rel}","templated":true}]}}