{"id":161,"date":"2010-09-12T12:24:36","date_gmt":"2010-09-12T15:24:36","guid":{"rendered":"http:\/\/radames.manosso.nom.br\/critica\/?p=161"},"modified":"2021-03-14T20:32:21","modified_gmt":"2021-03-14T23:32:21","slug":"tropa-de-elite","status":"publish","type":"post","link":"https:\/\/radames.manosso.nom.br\/critica\/filmes\/tropa-de-elite\/","title":{"rendered":"Cr\u00edtica | Tropa de elite"},"content":{"rendered":"\n<h2 class=\"wp-block-heading\">Faca na caveira, nada na carteira<\/h2>\n\n\n\n<figure class=\"wp-block-image\"><a href=\"https:\/\/i0.wp.com\/radames.manosso.nom.br\/critica\/files\/filme-tropa-de-elite-logo.jpg?ssl=1\"><img data-recalc-dims=\"1\" loading=\"lazy\" decoding=\"async\" width=\"223\" height=\"139\" data-attachment-id=\"162\" data-permalink=\"https:\/\/radames.manosso.nom.br\/critica\/filmes\/tropa-de-elite\/attachment\/filme-tropa-de-elite-logo\/\" data-orig-file=\"https:\/\/i0.wp.com\/radames.manosso.nom.br\/critica\/files\/filme-tropa-de-elite-logo.jpg?fit=223%2C139&amp;ssl=1\" data-orig-size=\"223,139\" data-comments-opened=\"1\" data-image-meta=\"{&quot;aperture&quot;:&quot;0&quot;,&quot;credit&quot;:&quot;&quot;,&quot;camera&quot;:&quot;&quot;,&quot;caption&quot;:&quot;&quot;,&quot;created_timestamp&quot;:&quot;0&quot;,&quot;copyright&quot;:&quot;&quot;,&quot;focal_length&quot;:&quot;0&quot;,&quot;iso&quot;:&quot;0&quot;,&quot;shutter_speed&quot;:&quot;0&quot;,&quot;title&quot;:&quot;&quot;}\" data-image-title=\"Logo do filme Tropa de elite\" data-image-description=\"\" data-image-caption=\"\" data-large-file=\"https:\/\/i0.wp.com\/radames.manosso.nom.br\/critica\/files\/filme-tropa-de-elite-logo.jpg?fit=223%2C139&amp;ssl=1\" src=\"https:\/\/i0.wp.com\/radames.manosso.nom.br\/critica\/files\/filme-tropa-de-elite-logo.jpg?resize=223%2C139&#038;ssl=1\" alt=\"\" class=\"wp-image-162\" title=\"Logo do filme Tropa de elite\" srcset=\"https:\/\/i0.wp.com\/radames.manosso.nom.br\/critica\/files\/filme-tropa-de-elite-logo.jpg?w=223&amp;ssl=1 223w, https:\/\/i0.wp.com\/radames.manosso.nom.br\/critica\/files\/filme-tropa-de-elite-logo.jpg?resize=150%2C93&amp;ssl=1 150w\" sizes=\"auto, (max-width: 223px) 100vw, 223px\" \/><\/a><\/figure>\n\n\n\n<p><em>Dire\u00e7\u00e3o de Jos\u00e9 Padilha<br>2007 : Brasil : 89 min<br>Com Wagner Moura (Capit\u00e3o Nascimento),<br>Andr\u00e9 Ramiro (Aspirante Andr\u00e9),<br>Caio Junqueira (Aspirante Neto),<br>Milhem Cortaz (Capit\u00e3o F\u00e1bio),<br>F\u00e1bio Lago (Baiano) e<br>Fernanda Machado (Maria) .<\/em><\/p>\n\n\n\n<p>N\u00e3o tem lado bom nessa hist\u00f3ria em que o bandido \u00e9 bandido, a pol\u00edcia militar tem corrup\u00e7\u00e3o no DNA, os favelados colaboram com o crime, a classe m\u00e9dia financia o tr\u00e1fico e a tropa de elite faz justi\u00e7a a bala. Nessa terra de ningu\u00e9m, cada um desempenha o papel que\u00a0lhe cabe criando o equil\u00edbrio din\u00e2mico da viol\u00eancia.<\/p>\n\n\n\n<h3 class=\"wp-block-heading\">Pela perspectiva da pol\u00edcia<\/h3>\n\n\n\n<p>Capit\u00e3o Nascimento lidera um grupo do BOPE (Batalh\u00e3o de Opera\u00e7\u00f5es Policiais Especiais) na cidade do Rio de Janeiro. Com seus homens, ele realiza miss\u00f5es de alto risco com enfrentamento direto a traficantes em condi\u00e7\u00f5es t\u00edpicas de guerrilha urbana. Nascimento est\u00e1 na fun\u00e7\u00e3o h\u00e1&nbsp;dez anos e quer deixar o cargo porque vai ser pai e n\u00e3o ag\u00fcenta mais a press\u00e3o do trabalho. Para isso, precisa encontrar um substituto \u00e0 altura. O filme conta a hist\u00f3ria da forma\u00e7\u00e3o desse novo guerreiro.<\/p>\n\n\n\n<figure class=\"wp-block-image\"><a href=\"https:\/\/i0.wp.com\/radames.manosso.nom.br\/critica\/files\/filme-tropa-de-elite-3.jpg?ssl=1\"><img data-recalc-dims=\"1\" decoding=\"async\" data-attachment-id=\"165\" data-permalink=\"https:\/\/radames.manosso.nom.br\/critica\/filmes\/tropa-de-elite\/attachment\/filme-tropa-de-elite-3\/\" data-orig-file=\"https:\/\/i0.wp.com\/radames.manosso.nom.br\/critica\/files\/filme-tropa-de-elite-3-e1284320692452.jpg?fit=263%2C263&amp;ssl=1\" data-orig-size=\"263,263\" data-comments-opened=\"1\" data-image-meta=\"{&quot;aperture&quot;:&quot;0&quot;,&quot;credit&quot;:&quot;&quot;,&quot;camera&quot;:&quot;&quot;,&quot;caption&quot;:&quot;&quot;,&quot;created_timestamp&quot;:&quot;0&quot;,&quot;copyright&quot;:&quot;&quot;,&quot;focal_length&quot;:&quot;0&quot;,&quot;iso&quot;:&quot;0&quot;,&quot;shutter_speed&quot;:&quot;0&quot;,&quot;title&quot;:&quot;&quot;}\" data-image-title=\"Filme Tropa de elite\" data-image-description=\"\" data-image-caption=\"\" data-large-file=\"https:\/\/i0.wp.com\/radames.manosso.nom.br\/critica\/files\/filme-tropa-de-elite-3-e1284320692452.jpg?fit=263%2C263&amp;ssl=1\" src=\"https:\/\/i0.wp.com\/radames.manosso.nom.br\/critica\/files\/filme-tropa-de-elite-3.jpg?w=604&#038;ssl=1\" alt=\"\" class=\"wp-image-165\" title=\"Filme Tropa de elite\"\/><\/a><\/figure>\n\n\n\n<!--more-->\n\n\n\n<p>Vis\u00e3o fascista? Bandido bom \u00e9 bandido morto? Tortura faz parte da guerra? Seria ing\u00eanuo pensar que a vis\u00e3o do\u00a0narrador e personagem principal \u00e9 a vis\u00e3o do diretor. O capit\u00e3o Nascimento se considera acima da lei e, para ele,\u00a0a\u00a0justi\u00e7a instant\u00e2nea que pratica \u00e9 natural como beber \u00e1gua. No entanto, o filme n\u00e3o\u00a0traz uma\u00a0aprova\u00e7\u00e3o impl\u00edcita dessa justi\u00e7a feita pelos intoc\u00e1veis do BOPE. <\/p>\n\n\n\n<p>Sim, Tropa de Elite conta a hist\u00f3ria de soldados que lembram Rambo, tem tiro e palavr\u00e3o\u00a0para todo lado, mas \u00e9 um filme complexo que deixa um res\u00edduo de reflex\u00e3o no\u00a0espectador\u00a0depois que cessa o tiroteio. N\u00e3o adianta implicar com o filme porque ele mostra algumas pessoas de um jeito que voc\u00ea n\u00e3o gostaria que mostrasse. H\u00e1 ind\u00edcios razo\u00e1veis para crer que o retrato tem fundo de verdade e a verdade d\u00f3i.<\/p>\n\n\n\n<h3 class=\"wp-block-heading\">Conflito de classes sociais<\/h3>\n\n\n\n<p>Tropa de Elite n\u00e3o se aprofunda no perfil dos bandidos. \u00c9 um filme em que marginais s\u00e3o aquelas coisas que caem quando levam tiros. E se levaram tiro \u00e9 porque mereciam. A pol\u00edcia militar, especialmente seus oficiais,\u00a0\u00e9 vista como uma corja de corruptos buf\u00f5es. O capit\u00e3o e cafet\u00e3o F\u00e1bio faz a gente\u00a0rir com suas trapalhadas e rolos intermin\u00e1veis. A juventude de classe m\u00e9dia alta \u00e9 retratada como ing\u00eanua e hedonista; inocentes \u00fateis que papagaiam um discurso intelectualizado sobre a pobreza e a viol\u00eancia.<\/p>\n\n\n\n<p>\u00a0\u00c9 c\u00f4mico v\u00ea-los\u00a0discutindo filosofia da Justi\u00e7a enquanto puxam um baseado. Os moradores da favela aparecem como pessoas manipuladas por traficantes e pelo\u00a0poder p\u00fablico. Certamente, nenhum dos grupos retratado pode ser reduzido ao recorte limitado de um filme de duas horas. Mas vamos ser sinceros: o filme chega perto com seu jeit\u00e3o sum\u00e1rio de retratar as classes sociais.<\/p>\n\n\n\n<figure class=\"wp-block-image\"><a href=\"https:\/\/i0.wp.com\/radames.manosso.nom.br\/critica\/files\/filme-tropa-de-elite-2.jpg?ssl=1\"><img data-recalc-dims=\"1\" loading=\"lazy\" decoding=\"async\" width=\"255\" height=\"464\" data-attachment-id=\"164\" data-permalink=\"https:\/\/radames.manosso.nom.br\/critica\/filmes\/tropa-de-elite\/attachment\/filme-tropa-de-elite-2\/\" data-orig-file=\"https:\/\/i0.wp.com\/radames.manosso.nom.br\/critica\/files\/filme-tropa-de-elite-2.jpg?fit=255%2C464&amp;ssl=1\" data-orig-size=\"255,464\" data-comments-opened=\"1\" data-image-meta=\"{&quot;aperture&quot;:&quot;0&quot;,&quot;credit&quot;:&quot;&quot;,&quot;camera&quot;:&quot;&quot;,&quot;caption&quot;:&quot;&quot;,&quot;created_timestamp&quot;:&quot;0&quot;,&quot;copyright&quot;:&quot;&quot;,&quot;focal_length&quot;:&quot;0&quot;,&quot;iso&quot;:&quot;0&quot;,&quot;shutter_speed&quot;:&quot;0&quot;,&quot;title&quot;:&quot;&quot;}\" data-image-title=\"Filme Tropa de elite\" data-image-description=\"\" data-image-caption=\"\" data-large-file=\"https:\/\/i0.wp.com\/radames.manosso.nom.br\/critica\/files\/filme-tropa-de-elite-2.jpg?fit=255%2C464&amp;ssl=1\" src=\"https:\/\/i0.wp.com\/radames.manosso.nom.br\/critica\/files\/filme-tropa-de-elite-2.jpg?resize=255%2C464&#038;ssl=1\" alt=\"\" class=\"wp-image-164\" title=\"Filme Tropa de elite\" srcset=\"https:\/\/i0.wp.com\/radames.manosso.nom.br\/critica\/files\/filme-tropa-de-elite-2.jpg?w=255&amp;ssl=1 255w, https:\/\/i0.wp.com\/radames.manosso.nom.br\/critica\/files\/filme-tropa-de-elite-2.jpg?resize=82%2C150&amp;ssl=1 82w\" sizes=\"auto, (max-width: 255px) 100vw, 255px\" \/><\/a><\/figure>\n\n\n\n<p>O cinema j\u00e1 produziu muitos filmes que retratam soldados de elite, mas geralmente s\u00e3o vis\u00f5es glamourisadas do guerreiro. Tropa de Elite mostra soldados de elite em um contexto pouco cavalheiresco. Eles s\u00e3o dur\u00f5es, corajosos, altamente treinados e habilidosos, correm risco de vida diariamente, suas convic\u00e7\u00f5es s\u00e3o s\u00f3lidas, sua dedica\u00e7\u00e3o \u00e9 inquestion\u00e1vel.\u00a0Essas virtudes raras acabam gerando efeitos colaterais. Soldados de elite s\u00e3o arrogantes, ignoram e desprezam a vis\u00e3o do cidad\u00e3o m\u00e9dio, se consideram especiais e investidos de uma miss\u00e3o sagrada e t\u00eam dificuldades para dosar\u00a0os meios proporcionalmente aos fins. Aos poucos s\u00e3o tragados pela viol\u00eancia em que vivem em um processo de gradativa desumaniza\u00e7\u00e3o.<\/p>\n\n\n\n<h3 class=\"wp-block-heading\">Obsess\u00e3o pela morte<\/h3>\n\n\n\n<p>Com toda a sua densidade, Tropa de Elite \u00e9 capaz de arrancar elogios entusiasmados dos f\u00e3s de Chuck Norris. Um caso raro de filme cheio de adrenalina e cr\u00edtica. A edi\u00e7\u00e3o de som primorosa nos coloca no meio do tiroteio. A c\u00e2mera nervosa, que em alguns momentos fica salpicada de sangue, nos transforma em testemunhas oculares da guerra urbana. O enredo flui consistente e a tens\u00e3o s\u00f3 aumenta.<\/p>\n\n\n\n<p>Ao longo da a\u00e7\u00e3o, a morte vai colhendo&nbsp;v\u00edtimas em todos os grupos: favelados, policiais, bandidos, classe m\u00e9dia e, por fim, na tropa de elite. A morte \u00e9 uma obsess\u00e3o para o BOPE. N\u00e3o por acaso, o s\u00edmbolo do grupo \u00e9 uma caveira transpassada por uma faca.<\/p>\n\n\n\n<p>O filme termina com um rito de passagem. O guerreiro experiente&nbsp;entrega a arma ao aspirante para o batismo de sangue. Durante todo o filme tentei descobrir o que o diretor pensava sobre a tropa de elite. Por que raz\u00e3o ele cortou as cenas de execu\u00e7\u00f5es praticadas pelo BOPE no instante do disparo? Posso estar enganado, mas \u00e9 significativo o filme terminar com uma escopeta apontada para a cara do espectador.<\/p>\n\n\n\n<figure class=\"wp-block-image\"><a href=\"https:\/\/i0.wp.com\/radames.manosso.nom.br\/critica\/files\/filme-tropa-de-elite-1.jpg?ssl=1\"><img data-recalc-dims=\"1\" loading=\"lazy\" decoding=\"async\" width=\"260\" height=\"418\" data-attachment-id=\"163\" data-permalink=\"https:\/\/radames.manosso.nom.br\/critica\/filmes\/tropa-de-elite\/attachment\/filme-tropa-de-elite-1\/\" data-orig-file=\"https:\/\/i0.wp.com\/radames.manosso.nom.br\/critica\/files\/filme-tropa-de-elite-1.jpg?fit=260%2C418&amp;ssl=1\" data-orig-size=\"260,418\" data-comments-opened=\"1\" data-image-meta=\"{&quot;aperture&quot;:&quot;0&quot;,&quot;credit&quot;:&quot;&quot;,&quot;camera&quot;:&quot;&quot;,&quot;caption&quot;:&quot;&quot;,&quot;created_timestamp&quot;:&quot;0&quot;,&quot;copyright&quot;:&quot;&quot;,&quot;focal_length&quot;:&quot;0&quot;,&quot;iso&quot;:&quot;0&quot;,&quot;shutter_speed&quot;:&quot;0&quot;,&quot;title&quot;:&quot;&quot;}\" data-image-title=\"Filme Tropa de elite\" data-image-description=\"\" data-image-caption=\"\" data-large-file=\"https:\/\/i0.wp.com\/radames.manosso.nom.br\/critica\/files\/filme-tropa-de-elite-1.jpg?fit=260%2C418&amp;ssl=1\" src=\"https:\/\/i0.wp.com\/radames.manosso.nom.br\/critica\/files\/filme-tropa-de-elite-1.jpg?resize=260%2C418&#038;ssl=1\" alt=\"\" class=\"wp-image-163\" title=\"Filme Tropa de elite\" srcset=\"https:\/\/i0.wp.com\/radames.manosso.nom.br\/critica\/files\/filme-tropa-de-elite-1.jpg?w=260&amp;ssl=1 260w, https:\/\/i0.wp.com\/radames.manosso.nom.br\/critica\/files\/filme-tropa-de-elite-1.jpg?resize=186%2C300&amp;ssl=1 186w, https:\/\/i0.wp.com\/radames.manosso.nom.br\/critica\/files\/filme-tropa-de-elite-1.jpg?resize=93%2C150&amp;ssl=1 93w\" sizes=\"auto, (max-width: 260px) 100vw, 260px\" \/><\/a><\/figure>\n\n\n\n<h3 class=\"wp-block-heading\">Filmes<\/h3>\n\n\n\n<ul class=\"wp-block-list\"><li><a href=\"https:\/\/radames.manosso.nom.br\/critica\/filmes\/007-operacao-skyfall\/\">007 Opera\u00e7\u00e3o Skyfall<\/a><\/li><li><a href=\"https:\/\/radames.manosso.nom.br\/critica\/filmes\/12-homens-e-uma-sentenca\/\">12 homens e uma senten\u00e7a<\/a><\/li><li><a href=\"https:\/\/radames.manosso.nom.br\/critica\/filmes\/21-gramas\/\">21 gramas<\/a><\/li><li><a href=\"https:\/\/radames.manosso.nom.br\/critica\/filmes\/aconteceu-naquela-noite\/\">Aconteceu naquela noite<\/a><\/li><li><a href=\"https:\/\/radames.manosso.nom.br\/critica\/filmes\/a-culpa-e-do-fidel\/\">A culpa \u00e9 do Fidel<\/a><\/li><li><a href=\"https:\/\/radames.manosso.nom.br\/critica\/filmes\/adaptacao\/\">Adapta\u00e7\u00e3o<\/a><\/li><li><a href=\"https:\/\/radames.manosso.nom.br\/critica\/filmes\/adeus-lenin\/\">Adeus, Lenin!<\/a><\/li><li><a href=\"https:\/\/radames.manosso.nom.br\/critica\/filmes\/adivinhe-quem-vem-para-jantar\/\">Adivinhe quem vem para jantar<\/a><\/li><li><a href=\"https:\/\/radames.manosso.nom.br\/critica\/filmes\/alien-o-oitavo-passageiro\/\">Alien o oitavo passageiro<\/a><\/li><li><a href=\"https:\/\/radames.manosso.nom.br\/critica\/filmes\/a-malvada\/\">A malvada<\/a><\/li><li><a href=\"https:\/\/radames.manosso.nom.br\/critica\/filmes\/a-mulher-faz-o-homem\/\">A mulher faz o homem<\/a><\/li><li><a href=\"https:\/\/radames.manosso.nom.br\/critica\/filmes\/anatomia-de-um-crime\/\">Anatomia de um crime<\/a><\/li><li><a href=\"https:\/\/radames.manosso.nom.br\/critica\/filmes\/apocalypto\/\">Apocalypto<\/a><\/li><li><a href=\"https:\/\/radames.manosso.nom.br\/critica\/filmes\/a-queda-as-ultimas-horas-de-hitler\/\">A queda &#8211; as \u00faltimas horas de Hitler<\/a><\/li><li><a href=\"https:\/\/radames.manosso.nom.br\/critica\/filmes\/a-rede-social\/\">A rede social<\/a><\/li><li><a href=\"https:\/\/radames.manosso.nom.br\/critica\/filmes\/colateral\/\">Colateral<\/a><\/li><li><a href=\"https:\/\/radames.manosso.nom.br\/critica\/filmes\/como-era-verde-meu-vale\/\">Como era verde meu vale<\/a><\/li><li><a href=\"https:\/\/radames.manosso.nom.br\/critica\/filmes\/crepusculo-dos-deuses\/\">Crep\u00fasculo dos deuses<\/a><\/li><li><a href=\"https:\/\/radames.manosso.nom.br\/critica\/filmes\/distrito-9\/\">Distrito 9<\/a><\/li><li><a href=\"https:\/\/radames.manosso.nom.br\/critica\/filmes\/fahrenheit-451\/\">Fahrenheit 451<\/a><\/li><li><a href=\"https:\/\/radames.manosso.nom.br\/critica\/filmes\/gran-torino\/\">Gran Torino<\/a><\/li><li><a href=\"https:\/\/radames.manosso.nom.br\/critica\/filmes\/marty\/\">Marty<\/a><\/li><li><a href=\"https:\/\/radames.manosso.nom.br\/critica\/filmes\/o-diabo-veste-prada\/\">O diabo veste Prada<\/a><\/li><li><a href=\"https:\/\/radames.manosso.nom.br\/critica\/filmes\/o-segredo-de-seus-olhos\/\">O segredo de seus olhos<\/a><\/li><li><a href=\"https:\/\/radames.manosso.nom.br\/critica\/filmes\/os-infiltrados\/\">Os infiltrados<\/a><\/li><li><a href=\"https:\/\/radames.manosso.nom.br\/critica\/filmes\/os-sete-samurais\/\">Os sete samurais<\/a><\/li><li><a href=\"https:\/\/radames.manosso.nom.br\/critica\/filmes\/o-tesouro-de-sierra-madre\/\">O tesouro de Sierra Madre<\/a><\/li><li><a href=\"https:\/\/radames.manosso.nom.br\/critica\/filmes\/perfume-a-historia-de-um-assassino\/\">Perfume &#8211; a hist\u00f3ria de um assassino<\/a><\/li><li><a href=\"https:\/\/radames.manosso.nom.br\/critica\/filmes\/sete-homens-e-um-destino\/\">Sete homens e um destino<\/a><\/li><li><a href=\"https:\/\/radames.manosso.nom.br\/critica\/filmes\/sete-noivas-para-sete-irmaos\/\">Sete noivas para sete irm\u00e3os<\/a><\/li><li><a href=\"https:\/\/radames.manosso.nom.br\/critica\/filmes\/seven\/\">Seven<\/a><\/li><li><a href=\"https:\/\/radames.manosso.nom.br\/critica\/filmes\/sin-city\/\">Sin City<\/a><\/li><li><a href=\"https:\/\/radames.manosso.nom.br\/critica\/filmes\/tropa-de-elite\/\">Tropa de elite<\/a><\/li><li><a href=\"https:\/\/radames.manosso.nom.br\/critica\/filmes\/um-ato-de-liberdade\/\">Um ato de liberdade<\/a><\/li><li><a href=\"https:\/\/radames.manosso.nom.br\/critica\/filmes\/underground-mentiras-de-guerra\/\">Underground &#8211; mentiras de guerra<\/a><\/li><li><a href=\"https:\/\/radames.manosso.nom.br\/critica\/filmes\/vidas-amargas\/\">Vidas amargas<\/a><\/li><li><a href=\"https:\/\/radames.manosso.nom.br\/critica\/filmes\/z\/\">Z<\/a><\/li><li><a href=\"https:\/\/radames.manosso.nom.br\/critica\/filmes\/a-bolha\/\">A bolha<\/a><\/li><li><a href=\"https:\/\/radames.manosso.nom.br\/critica\/filmes\/matadores-de-velhinha\/\">Matadores de velhinha<\/a><\/li><li><a href=\"https:\/\/radames.manosso.nom.br\/critica\/filmes\/o-albergue\/\">O albergue<\/a><\/li><li><a href=\"https:\/\/radames.manosso.nom.br\/critica\/filmes\/os-doze-condenados\/\">Os doze condenados<\/a><\/li><li><a href=\"https:\/\/radames.manosso.nom.br\/critica\/filmes\/o-vampiro-da-noite\/\">O vampiro da noite<\/a><\/li><li><a href=\"https:\/\/radames.manosso.nom.br\/critica\/filmes\/scaramouche\/\">Scaramouche<\/a><\/li><li><a href=\"https:\/\/radames.manosso.nom.br\/critica\/filmes\/v-de-vinganca\/\">V de vingan\u00e7a<\/a><\/li><\/ul>\n","protected":false},"excerpt":{"rendered":"<p>Faca na caveira, nada na carteira Dire\u00e7\u00e3o de Jos\u00e9 Padilha2007 : Brasil : 89 minCom Wagner Moura (Capit\u00e3o Nascimento),Andr\u00e9 Ramiro (Aspirante Andr\u00e9),Caio Junqueira (Aspirante Neto),Milhem Cortaz (Capit\u00e3o F\u00e1bio),F\u00e1bio Lago (Baiano) eFernanda Machado (Maria) . N\u00e3o tem lado bom nessa hist\u00f3ria em que o bandido \u00e9 bandido, a pol\u00edcia militar tem corrup\u00e7\u00e3o no DNA, os favelados &hellip; <a href=\"https:\/\/radames.manosso.nom.br\/critica\/filmes\/tropa-de-elite\/\" class=\"more-link\">Continue lendo <span class=\"screen-reader-text\">Cr\u00edtica | Tropa de elite<\/span> <span class=\"meta-nav\">&rarr;<\/span><\/a><\/p>\n","protected":false},"author":1,"featured_media":0,"comment_status":"open","ping_status":"closed","sticky":false,"template":"","format":"standard","meta":{"jetpack_post_was_ever_published":false,"_jetpack_newsletter_access":"","_jetpack_dont_email_post_to_subs":false,"_jetpack_newsletter_tier_id":0,"_jetpack_memberships_contains_paywalled_content":false,"_jetpack_memberships_contains_paid_content":false,"footnotes":"","jetpack_publicize_message":"","jetpack_publicize_feature_enabled":true,"jetpack_social_post_already_shared":false,"jetpack_social_options":{"image_generator_settings":{"template":"highway","default_image_id":0,"font":"","enabled":false},"version":2}},"categories":[4],"tags":[15,46,45,29,40],"class_list":["post-161","post","type-post","status-publish","format-standard","hentry","category-filmes","tag-256-filmes","tag-acao","tag-brasil","tag-decada-2000","tag-policial"],"jetpack_publicize_connections":[],"jetpack_featured_media_url":"","jetpack_sharing_enabled":true,"jetpack_shortlink":"https:\/\/wp.me\/p14lZD-2B","jetpack-related-posts":[{"id":106,"url":"https:\/\/radames.manosso.nom.br\/critica\/filmes\/scaramouche\/","url_meta":{"origin":161,"position":0},"title":"Cr\u00edtica | Scaramouche","author":"Radam\u00e9s","date":false,"format":false,"excerpt":"Luz, capa, espada ScaramoucheDire\u00e7\u00e3o de George Sidney1952 : EUA :\u00a0115 minCom Stewart Granger (Andre Moreau),Eleanor Parker (Lenore),Janete Leigh (Aline) eMel Ferrer (Marqu\u00eas de Maynes) Ainda lembro da experi\u00eancia fant\u00e1stica que foi assistir Scaramouche pela primeira vez h\u00e1 muitos anos atr\u00e1s quando eu ainda era adolescente. Talvez a adolesc\u00eancia seja a\u2026","rel":"","context":"Em &quot;Filmes&quot;","block_context":{"text":"Filmes","link":"https:\/\/radames.manosso.nom.br\/critica\/category\/filmes\/"},"img":{"alt_text":"","src":"https:\/\/i0.wp.com\/radames.manosso.nom.br\/critica\/files\/filme-scaramouche-capa.jpg?resize=350%2C200","width":350,"height":200},"classes":[]},{"id":185,"url":"https:\/\/radames.manosso.nom.br\/critica\/filmes\/sete-homens-e-um-destino\/","url_meta":{"origin":161,"position":1},"title":"Cr\u00edtica | Sete homens e um destino","author":"Radam\u00e9s","date":false,"format":false,"excerpt":"Mercen\u00e1rios em busca de reden\u00e7\u00e3o The magnificent sevenDire\u00e7\u00e3o de John Sturges1960 : EUA :\u00a0126 minCom\u00a0Yul Brinner (Cris Adams),Eli Wallach (Calvera),Steve McQueen (Vin),Charles Bronson (O'Reilly) eJames Coburn (Britt).M\u00fasica de Elmer Bernstein No oeste lend\u00e1rio, o homem defendia seu espa\u00e7o com sua coragem e uma arma. A lei e a ordem ainda\u2026","rel":"","context":"Em &quot;Filmes&quot;","block_context":{"text":"Filmes","link":"https:\/\/radames.manosso.nom.br\/critica\/category\/filmes\/"},"img":{"alt_text":"","src":"https:\/\/i0.wp.com\/radames.manosso.nom.br\/critica\/files\/filme-sete-homens-e-um-destino.jpg?resize=350%2C200&ssl=1","width":350,"height":200},"classes":[]},{"id":321,"url":"https:\/\/radames.manosso.nom.br\/critica\/filmes\/aconteceu-naquela-noite\/","url_meta":{"origin":161,"position":2},"title":"Cr\u00edtica | Aconteceu naquela noite","author":"Radam\u00e9s","date":false,"format":false,"excerpt":"Opostos separados pela Muralha de Jeric\u00f3 It happened one nightDire\u00e7\u00e3o de Frank Capra1934 : EUA :\u00a0 100 min : branco e pretoCom\u00a0Clark Gable (Peter Warren) eClaudette Colbert (Ellie Andrews) H\u00e1 dois tipos de opostos: os que se repelem e os que se atraem. Nessa com\u00e9dia rom\u00e2ntica eterna, no in\u00edcio pensamos\u2026","rel":"","context":"Em &quot;Filmes&quot;","block_context":{"text":"Filmes","link":"https:\/\/radames.manosso.nom.br\/critica\/category\/filmes\/"},"img":{"alt_text":"","src":"https:\/\/i0.wp.com\/radames.manosso.nom.br\/critica\/files\/filme-aconteceu-naquela-noite.jpg?resize=350%2C200&ssl=1","width":350,"height":200},"classes":[]},{"id":327,"url":"https:\/\/radames.manosso.nom.br\/critica\/filmes\/a-queda-as-ultimas-horas-de-hitler\/","url_meta":{"origin":161,"position":3},"title":"Cr\u00edtica | A queda \u2013 as \u00faltimas horas de Hitler","author":"Radam\u00e9s","date":false,"format":false,"excerpt":"Alem\u00e3es ajustam contas com o passado Der UntergangDire\u00e7\u00e3o de Oliver Hirschbiegel2004 : Alemanha : 156 minSite oficial: www.downfallthefilm.comCom Bruno Ganz (Adolf Hitler),Alexandra Maria Lara (Traudl Junge) eCorinna Harfouch (Magda Goebbels) O risco era alto: Um filme alem\u00e3o sobre o fim do Terceiro Reich. Bastava errar a m\u00e3o e os idealizadores\u2026","rel":"","context":"Em &quot;Filmes&quot;","block_context":{"text":"Filmes","link":"https:\/\/radames.manosso.nom.br\/critica\/category\/filmes\/"},"img":{"alt_text":"","src":"https:\/\/i0.wp.com\/radames.manosso.nom.br\/critica\/files\/filme-a-queda.jpg?resize=350%2C200&ssl=1","width":350,"height":200},"classes":[]},{"id":310,"url":"https:\/\/radames.manosso.nom.br\/critica\/filmes\/adivinhe-quem-vem-para-jantar\/","url_meta":{"origin":161,"position":4},"title":"Cr\u00edtica | Adivinhe quem vem para jantar","author":"Radam\u00e9s","date":false,"format":false,"excerpt":"Racismo na mesa do jantar Guess who's coming to dinnerDire\u00e7\u00e3o de Stanley Kramer1967 : EUA :\u00a0 103 minCom\u00a0 Spencer Tracy (Matt Drayton) ,Sidney Poitier (John Prentice)Katharine Hepburn (Christina Drayton)e Katharine Houghton (Joanna Drayton) \u00c9 impressionante como esse filme suave consegue falar sobre racismo de forma t\u00e3o contundente. N\u00e3o sei onde\u2026","rel":"","context":"Em &quot;Filmes&quot;","block_context":{"text":"Filmes","link":"https:\/\/radames.manosso.nom.br\/critica\/category\/filmes\/"},"img":{"alt_text":"","src":"https:\/\/i0.wp.com\/radames.manosso.nom.br\/critica\/files\/filme-adivinhe-quem-vem-para-jantar.jpg?resize=350%2C200&ssl=1","width":350,"height":200},"classes":[]},{"id":126,"url":"https:\/\/radames.manosso.nom.br\/critica\/filmes\/matadores-de-velhinha\/","url_meta":{"origin":161,"position":5},"title":"Cr\u00edtica | Matadores de velhinha","author":"Radam\u00e9s","date":false,"format":false,"excerpt":"O roubo do s\u00e9culo The ladykillersDire\u00e7\u00e3o de Joel e Ethan Coen2004 : EUA :\u00a0 104 minCom\u00a0Tom Hanks (G.H. Dorr) eIrma P. Hall (Marva Munson) O bom Deus age por caminhos misteriosos, diria\u00a0a senhora\u00a0Marva (Irma P. Hall), a decidida velhinha que se v\u00ea \u00e0s voltas com perigosos trambiqueiros. Eles querem p\u00f4r\u2026","rel":"","context":"Em &quot;Filmes&quot;","block_context":{"text":"Filmes","link":"https:\/\/radames.manosso.nom.br\/critica\/category\/filmes\/"},"img":{"alt_text":"","src":"https:\/\/i0.wp.com\/radames.manosso.nom.br\/critica\/files\/filme-matadores-de-velhinha.jpg?resize=350%2C200&ssl=1","width":350,"height":200},"classes":[]}],"_links":{"self":[{"href":"https:\/\/radames.manosso.nom.br\/critica\/wp-json\/wp\/v2\/posts\/161","targetHints":{"allow":["GET"]}}],"collection":[{"href":"https:\/\/radames.manosso.nom.br\/critica\/wp-json\/wp\/v2\/posts"}],"about":[{"href":"https:\/\/radames.manosso.nom.br\/critica\/wp-json\/wp\/v2\/types\/post"}],"author":[{"embeddable":true,"href":"https:\/\/radames.manosso.nom.br\/critica\/wp-json\/wp\/v2\/users\/1"}],"replies":[{"embeddable":true,"href":"https:\/\/radames.manosso.nom.br\/critica\/wp-json\/wp\/v2\/comments?post=161"}],"version-history":[{"count":5,"href":"https:\/\/radames.manosso.nom.br\/critica\/wp-json\/wp\/v2\/posts\/161\/revisions"}],"predecessor-version":[{"id":1628,"href":"https:\/\/radames.manosso.nom.br\/critica\/wp-json\/wp\/v2\/posts\/161\/revisions\/1628"}],"wp:attachment":[{"href":"https:\/\/radames.manosso.nom.br\/critica\/wp-json\/wp\/v2\/media?parent=161"}],"wp:term":[{"taxonomy":"category","embeddable":true,"href":"https:\/\/radames.manosso.nom.br\/critica\/wp-json\/wp\/v2\/categories?post=161"},{"taxonomy":"post_tag","embeddable":true,"href":"https:\/\/radames.manosso.nom.br\/critica\/wp-json\/wp\/v2\/tags?post=161"}],"curies":[{"name":"wp","href":"https:\/\/api.w.org\/{rel}","templated":true}]}}