{"id":223,"date":"2010-09-12T17:00:38","date_gmt":"2010-09-12T20:00:38","guid":{"rendered":"http:\/\/radames.manosso.nom.br\/critica\/?p=223"},"modified":"2021-03-14T16:56:28","modified_gmt":"2021-03-14T19:56:28","slug":"o-diabo-veste-prada","status":"publish","type":"post","link":"https:\/\/radames.manosso.nom.br\/critica\/filmes\/o-diabo-veste-prada\/","title":{"rendered":"Cr\u00edtica | O diabo veste Prada"},"content":{"rendered":"\n<h2 class=\"wp-block-heading\">A sofisticada sedu\u00e7\u00e3o do diabo<\/h2>\n\n\n\n<figure class=\"wp-block-image\"><a href=\"https:\/\/i0.wp.com\/radames.manosso.nom.br\/critica\/files\/filme-o-diabo-veste-prada-capa.jpg?ssl=1\"><img data-recalc-dims=\"1\" loading=\"lazy\" decoding=\"async\" width=\"115\" height=\"165\" data-attachment-id=\"224\" data-permalink=\"https:\/\/radames.manosso.nom.br\/critica\/filmes\/o-diabo-veste-prada\/attachment\/filme-o-diabo-veste-prada-capa\/\" data-orig-file=\"https:\/\/i0.wp.com\/radames.manosso.nom.br\/critica\/files\/filme-o-diabo-veste-prada-capa.jpg?fit=115%2C165&amp;ssl=1\" data-orig-size=\"115,165\" data-comments-opened=\"1\" data-image-meta=\"{&quot;aperture&quot;:&quot;0&quot;,&quot;credit&quot;:&quot;&quot;,&quot;camera&quot;:&quot;&quot;,&quot;caption&quot;:&quot;&quot;,&quot;created_timestamp&quot;:&quot;0&quot;,&quot;copyright&quot;:&quot;&quot;,&quot;focal_length&quot;:&quot;0&quot;,&quot;iso&quot;:&quot;0&quot;,&quot;shutter_speed&quot;:&quot;0&quot;,&quot;title&quot;:&quot;&quot;}\" data-image-title=\"Capa do filme O diabo veste Prada\" data-image-description=\"\" data-image-caption=\"\" data-large-file=\"https:\/\/i0.wp.com\/radames.manosso.nom.br\/critica\/files\/filme-o-diabo-veste-prada-capa.jpg?fit=115%2C165&amp;ssl=1\" src=\"https:\/\/i0.wp.com\/radames.manosso.nom.br\/critica\/files\/filme-o-diabo-veste-prada-capa.jpg?resize=115%2C165&#038;ssl=1\" alt=\"\" class=\"wp-image-224\" title=\"Capa do filme O diabo veste Prada\" srcset=\"https:\/\/i0.wp.com\/radames.manosso.nom.br\/critica\/files\/filme-o-diabo-veste-prada-capa.jpg?w=115&amp;ssl=1 115w, https:\/\/i0.wp.com\/radames.manosso.nom.br\/critica\/files\/filme-o-diabo-veste-prada-capa.jpg?resize=104%2C150&amp;ssl=1 104w\" sizes=\"auto, (max-width: 115px) 100vw, 115px\" \/><\/a><\/figure>\n\n\n\n<p><em>The devil wears Prada<br>Dire\u00e7\u00e3o de David Frankel<br>2006 : EUA :&nbsp;109 min<br>Com&nbsp;Meryl Streep (Miranda Priestly),<br>Anne Hathaway (Andy Sachs) e<br>Stanley Tucci (Nigel)<br>Site oficial: <a href=\"http:\/\/www.devilwearspradamovie.com\/\"> www.devilwearspradamovie.com<\/a><\/em><\/p>\n\n\n\n<p>O diabo tem suas armas para atrais as almas: sofistica\u00e7\u00e3o, glamour, poder e grifes car\u00edssimas. Andy (Anne Hathaway), nossa hero\u00edna, ter\u00e1 que lutar muito contra o ass\u00e9dio das for\u00e7as do mal. Ela \u00e9 uma jovem rec\u00e9m-formada em jornalismo buscando seu lugar no mundo profissional. Efici\u00eancia e dedica\u00e7\u00e3o n\u00e3o lhe faltam, mas essas qualidades acabam sendo \u00fateis aos interesses do Mal. <\/p>\n\n\n\n<h3 class=\"wp-block-heading\">Cr\u00edtica ao workaholic<\/h3>\n\n\n\n<p>O diabo, ou melhor: a diaba,\u00a0nesse caso \u00e9\u00a0a lend\u00e1ria\u00a0executiva do jornalismo de moda Miranda Priestly. Essa diaba (Meryl Streep) nunca desce do salto e cumpre \u00e0 risca o seu papel na sociedade. \u00c9 uma executiva ultra eficiente e\u00a0vision\u00e1ria que d\u00e1 as cartas no\u00a0inici\u00e1tico universo da alta moda.\u00a0Bem, esse \u00e9 o lado light de sua figura.\u00a0Completam o perfil\u00a0da diva o mau humor 24 por 7, o perfeccionismo a qualquer pre\u00e7o e a convic\u00e7\u00e3o de que todos a sua volta est\u00e3o em um n\u00edvel \u00ednfimo de compet\u00eancia e relev\u00e2ncia.<\/p>\n\n\n\n<p><a href=\"https:\/\/i0.wp.com\/radames.manosso.nom.br\/critica\/files\/filme-o-diabo-veste-prada-1.jpg?ssl=1\"><img data-recalc-dims=\"1\" loading=\"lazy\" decoding=\"async\" data-attachment-id=\"225\" data-permalink=\"https:\/\/radames.manosso.nom.br\/critica\/filmes\/o-diabo-veste-prada\/attachment\/filme-o-diabo-veste-prada-1\/\" data-orig-file=\"https:\/\/i0.wp.com\/radames.manosso.nom.br\/critica\/files\/filme-o-diabo-veste-prada-1.jpg?fit=360%2C245&amp;ssl=1\" data-orig-size=\"360,245\" data-comments-opened=\"1\" data-image-meta=\"{&quot;aperture&quot;:&quot;0&quot;,&quot;credit&quot;:&quot;&quot;,&quot;camera&quot;:&quot;&quot;,&quot;caption&quot;:&quot;&quot;,&quot;created_timestamp&quot;:&quot;0&quot;,&quot;copyright&quot;:&quot;&quot;,&quot;focal_length&quot;:&quot;0&quot;,&quot;iso&quot;:&quot;0&quot;,&quot;shutter_speed&quot;:&quot;0&quot;,&quot;title&quot;:&quot;&quot;}\" data-image-title=\"Cena do filme O diabo veste Prada\" data-image-description=\"\" data-image-caption=\"\" data-large-file=\"https:\/\/i0.wp.com\/radames.manosso.nom.br\/critica\/files\/filme-o-diabo-veste-prada-1.jpg?fit=360%2C245&amp;ssl=1\" title=\"Cena do filme O diabo veste Prada\" width=\"360\" height=\"245\" class=\"alignnone size-full wp-image-225\" src=\"https:\/\/i0.wp.com\/radames.manosso.nom.br\/critica\/files\/filme-o-diabo-veste-prada-1.jpg?resize=360%2C245&#038;ssl=1\" alt=\"\" srcset=\"https:\/\/i0.wp.com\/radames.manosso.nom.br\/critica\/files\/filme-o-diabo-veste-prada-1.jpg?w=360&amp;ssl=1 360w, https:\/\/i0.wp.com\/radames.manosso.nom.br\/critica\/files\/filme-o-diabo-veste-prada-1.jpg?resize=300%2C204&amp;ssl=1 300w, https:\/\/i0.wp.com\/radames.manosso.nom.br\/critica\/files\/filme-o-diabo-veste-prada-1.jpg?resize=150%2C102&amp;ssl=1 150w\" sizes=\"auto, (max-width: 360px) 100vw, 360px\" \/><\/a><wp-block data-block=\"core\/more\"><a href=\"..\/files\/filme-o-diabo-veste-prada-1.jpg\"><br><\/a>Andy consegue o emprego de segunda assistente de Miranda em parte pelo acaso, mas principalmente por ser diferente das\u00a0jovens que ocuparam o cargo anteriormente. Na editora de Miranda todos repetem o mesmo mantra: &#8220;Um milh\u00e3o de garotas dariam a vida pela sua vaga, minha cara Andy.&#8221; Andy, por\u00e9m, sequer sabia quem era a poderosa Melissa antes de chegar para a entrevista. Depois de conquistar a vaga,<\/p>\n\n\n\n<p> Andy, que sonha trabalhar no jornalismo &#8216;s\u00e9rio&#8217;, inicia um processo de r\u00e1pida transforma\u00e7\u00e3o. Ela come\u00e7a a entender de moda, a ficar mais sofisticada e gra\u00e7as \u00e0s cobran\u00e7as desumanas da chefe rapidamente se transforma em uma m\u00e1quina de trabalhar. Uma transforma\u00e7\u00e3o para o bem ou para o mal?<\/p>\n\n\n\n<p>Esse \u00e9 um filme sobre o universo do trabalho. Al\u00e9m de ser uma com\u00e9dia deliciosa, podemos refletir sobre os limites da servid\u00e3o aos interesses da carreira. Para ser reconhecido e chegar ao topo h\u00e1 um pre\u00e7o alto a pagar. Talvez seja preciso puxar o tapete de alguns concorrentes ou deixar o namorado esperando. <\/p>\n\n\n\n<h3 class=\"wp-block-heading\">Mercado da mega hiper compet\u00eancia<\/h3>\n\n\n\n<p>Em sua busca pela mega hiper compet\u00eancia Andy se transforma. A sua vida simples come\u00e7a a se perder no passado, os velhos amigos v\u00e3o se afastando. Evolu\u00e7\u00e3o ou corrup\u00e7\u00e3o? Uma hora Andy ter\u00e1 que decidir o que deseja para si. Levar a s\u00e9rio a futilidade da alta moda? Futilidade? Mas como se \u00e9 um neg\u00f3cio que movimenta milh\u00f5es? E o que seria o trabalho &#8216;s\u00e9rio&#8217; que Andy cultua?<\/p>\n\n\n\n<p>No fundo, Andy projeta na chefe sua imagem amanh\u00e3 e Miranda v\u00ea na assistente a si mesma ontem. Talvez Miranda tenha escolhido Andy por causa de um desejo secreto: o de fazer com que pessoas normais e inteligentes respeitem o mundo fashion, tido por muitos como fr\u00edvolo e afetado. Um filme para rir dos chefes carrascos. Miranda \u00e9 o retrato escarrado de alguns que est\u00e3o por a\u00ed infernizando a vida dos seus funcion\u00e1rios. Tudo em nome da efici\u00eancia p\u00f3s-moderna, claro.<\/p>\n\n\n\n<figure class=\"wp-block-image\"><a href=\"https:\/\/i0.wp.com\/radames.manosso.nom.br\/critica\/files\/filme-o-diabo-veste-prada-2.jpg?ssl=1\"><img data-recalc-dims=\"1\" loading=\"lazy\" decoding=\"async\" width=\"360\" height=\"247\" data-attachment-id=\"226\" data-permalink=\"https:\/\/radames.manosso.nom.br\/critica\/filmes\/o-diabo-veste-prada\/attachment\/filme-o-diabo-veste-prada-2\/\" data-orig-file=\"https:\/\/i0.wp.com\/radames.manosso.nom.br\/critica\/files\/filme-o-diabo-veste-prada-2.jpg?fit=360%2C247&amp;ssl=1\" data-orig-size=\"360,247\" data-comments-opened=\"1\" data-image-meta=\"{&quot;aperture&quot;:&quot;0&quot;,&quot;credit&quot;:&quot;&quot;,&quot;camera&quot;:&quot;&quot;,&quot;caption&quot;:&quot;&quot;,&quot;created_timestamp&quot;:&quot;0&quot;,&quot;copyright&quot;:&quot;&quot;,&quot;focal_length&quot;:&quot;0&quot;,&quot;iso&quot;:&quot;0&quot;,&quot;shutter_speed&quot;:&quot;0&quot;,&quot;title&quot;:&quot;&quot;}\" data-image-title=\"Cena do filme o Diabo veste Prada\" data-image-description=\"\" data-image-caption=\"\" data-large-file=\"https:\/\/i0.wp.com\/radames.manosso.nom.br\/critica\/files\/filme-o-diabo-veste-prada-2.jpg?fit=360%2C247&amp;ssl=1\" src=\"https:\/\/i0.wp.com\/radames.manosso.nom.br\/critica\/files\/filme-o-diabo-veste-prada-2.jpg?resize=360%2C247&#038;ssl=1\" alt=\"\" class=\"wp-image-226\" title=\"Cena do filme o Diabo veste Prada\" srcset=\"https:\/\/i0.wp.com\/radames.manosso.nom.br\/critica\/files\/filme-o-diabo-veste-prada-2.jpg?w=360&amp;ssl=1 360w, https:\/\/i0.wp.com\/radames.manosso.nom.br\/critica\/files\/filme-o-diabo-veste-prada-2.jpg?resize=300%2C205&amp;ssl=1 300w, https:\/\/i0.wp.com\/radames.manosso.nom.br\/critica\/files\/filme-o-diabo-veste-prada-2.jpg?resize=150%2C102&amp;ssl=1 150w\" sizes=\"auto, (max-width: 360px) 100vw, 360px\" \/><\/a><\/figure>\n\n\n\n<h3 class=\"wp-block-heading\">Marcante<\/h3>\n\n\n\n<ul class=\"wp-block-list\"><li>Os mort\u00edferos olhares de desprezo de Miranda. Capazes de reduzir qualquer um ao p\u00f3 da insignific\u00e2ncia.<\/li><li>Miranda, personagem inesquec\u00edvel gra\u00e7as \u00e0 atua\u00e7\u00e3o de Meryl Streep que \u00e9 \u00f3tima quando \u00e9 m\u00e1. A personagem se torna ainda mais divertida quando lembramos que foi inspirado em Anna Wintour, editora chefe da revista Vogue de Nova York.<\/li><\/ul>\n\n\n\n<h3 class=\"wp-block-heading\">Filmes<\/h3>\n\n\n\n<ul class=\"wp-block-list\"><li><a href=\"https:\/\/radames.manosso.nom.br\/critica\/filmes\/007-operacao-skyfall\/\">007 Opera\u00e7\u00e3o Skyfall<\/a><\/li><li><a href=\"https:\/\/radames.manosso.nom.br\/critica\/filmes\/12-homens-e-uma-sentenca\/\">12 homens e uma senten\u00e7a<\/a><\/li><li><a href=\"https:\/\/radames.manosso.nom.br\/critica\/filmes\/21-gramas\/\">21 gramas<\/a><\/li><li><a href=\"https:\/\/radames.manosso.nom.br\/critica\/filmes\/aconteceu-naquela-noite\/\">Aconteceu naquela noite<\/a><\/li><li><a href=\"https:\/\/radames.manosso.nom.br\/critica\/filmes\/a-culpa-e-do-fidel\/\">A culpa \u00e9 do Fidel<\/a><\/li><li><a href=\"https:\/\/radames.manosso.nom.br\/critica\/filmes\/adaptacao\/\">Adapta\u00e7\u00e3o<\/a><\/li><li><a href=\"https:\/\/radames.manosso.nom.br\/critica\/filmes\/adeus-lenin\/\">Adeus, Lenin!<\/a><\/li><li><a href=\"https:\/\/radames.manosso.nom.br\/critica\/filmes\/adivinhe-quem-vem-para-jantar\/\">Adivinhe quem vem para jantar<\/a><\/li><li><a href=\"https:\/\/radames.manosso.nom.br\/critica\/filmes\/alien-o-oitavo-passageiro\/\">Alien o oitavo passageiro<\/a><\/li><li><a href=\"https:\/\/radames.manosso.nom.br\/critica\/filmes\/a-malvada\/\">A malvada<\/a><\/li><li><a href=\"https:\/\/radames.manosso.nom.br\/critica\/filmes\/a-mulher-faz-o-homem\/\">A mulher faz o homem<\/a><\/li><li><a href=\"https:\/\/radames.manosso.nom.br\/critica\/filmes\/anatomia-de-um-crime\/\">Anatomia de um crime<\/a><\/li><li><a href=\"https:\/\/radames.manosso.nom.br\/critica\/filmes\/apocalypto\/\">Apocalypto<\/a><\/li><li><a href=\"https:\/\/radames.manosso.nom.br\/critica\/filmes\/a-queda-as-ultimas-horas-de-hitler\/\">A queda &#8211; as \u00faltimas horas de Hitler<\/a><\/li><li><a href=\"https:\/\/radames.manosso.nom.br\/critica\/filmes\/a-rede-social\/\">A rede social<\/a><\/li><li><a href=\"https:\/\/radames.manosso.nom.br\/critica\/filmes\/colateral\/\">Colateral<\/a><\/li><li><a href=\"https:\/\/radames.manosso.nom.br\/critica\/filmes\/como-era-verde-meu-vale\/\">Como era verde meu vale<\/a><\/li><li><a href=\"https:\/\/radames.manosso.nom.br\/critica\/filmes\/crepusculo-dos-deuses\/\">Crep\u00fasculo dos deuses<\/a><\/li><li><a href=\"https:\/\/radames.manosso.nom.br\/critica\/filmes\/distrito-9\/\">Distrito 9<\/a><\/li><li><a href=\"https:\/\/radames.manosso.nom.br\/critica\/filmes\/fahrenheit-451\/\">Fahrenheit 451<\/a><\/li><li><a href=\"https:\/\/radames.manosso.nom.br\/critica\/filmes\/gran-torino\/\">Gran Torino<\/a><\/li><li><a href=\"https:\/\/radames.manosso.nom.br\/critica\/filmes\/marty\/\">Marty<\/a><\/li><li><a href=\"https:\/\/radames.manosso.nom.br\/critica\/filmes\/o-diabo-veste-prada\/\">O diabo veste Prada<\/a><\/li><li><a href=\"https:\/\/radames.manosso.nom.br\/critica\/filmes\/o-segredo-de-seus-olhos\/\">O segredo de seus olhos<\/a><\/li><li><a href=\"https:\/\/radames.manosso.nom.br\/critica\/filmes\/os-infiltrados\/\">Os infiltrados<\/a><\/li><li><a href=\"https:\/\/radames.manosso.nom.br\/critica\/filmes\/os-sete-samurais\/\">Os sete samurais<\/a><\/li><li><a href=\"https:\/\/radames.manosso.nom.br\/critica\/filmes\/o-tesouro-de-sierra-madre\/\">O tesouro de Sierra Madre<\/a><\/li><li><a href=\"https:\/\/radames.manosso.nom.br\/critica\/filmes\/perfume-a-historia-de-um-assassino\/\">Perfume &#8211; a hist\u00f3ria de um assassino<\/a><\/li><li><a href=\"https:\/\/radames.manosso.nom.br\/critica\/filmes\/sete-homens-e-um-destino\/\">Sete homens e um destino<\/a><\/li><li><a href=\"https:\/\/radames.manosso.nom.br\/critica\/filmes\/sete-noivas-para-sete-irmaos\/\">Sete noivas para sete irm\u00e3os<\/a><\/li><li><a href=\"https:\/\/radames.manosso.nom.br\/critica\/filmes\/seven\/\">Seven<\/a><\/li><li><a href=\"https:\/\/radames.manosso.nom.br\/critica\/filmes\/sin-city\/\">Sin City<\/a><\/li><li><a href=\"https:\/\/radames.manosso.nom.br\/critica\/filmes\/tropa-de-elite\/\">Tropa de elite<\/a><\/li><li><a href=\"https:\/\/radames.manosso.nom.br\/critica\/filmes\/um-ato-de-liberdade\/\">Um ato de liberdade<\/a><\/li><li><a href=\"https:\/\/radames.manosso.nom.br\/critica\/filmes\/underground-mentiras-de-guerra\/\">Underground &#8211; mentiras de guerra<\/a><\/li><li><a href=\"https:\/\/radames.manosso.nom.br\/critica\/filmes\/vidas-amargas\/\">Vidas amargas<\/a><\/li><li><a href=\"https:\/\/radames.manosso.nom.br\/critica\/filmes\/z\/\">Z<\/a><\/li><li><a href=\"https:\/\/radames.manosso.nom.br\/critica\/filmes\/a-bolha\/\">A bolha<\/a><\/li><li><a href=\"https:\/\/radames.manosso.nom.br\/critica\/filmes\/matadores-de-velhinha\/\">Matadores de velhinha<\/a><\/li><li><a href=\"https:\/\/radames.manosso.nom.br\/critica\/filmes\/o-albergue\/\">O albergue<\/a><\/li><li><a href=\"https:\/\/radames.manosso.nom.br\/critica\/filmes\/os-doze-condenados\/\">Os doze condenados<\/a><\/li><li><a href=\"https:\/\/radames.manosso.nom.br\/critica\/filmes\/o-vampiro-da-noite\/\">O vampiro da noite<\/a><\/li><li><a href=\"https:\/\/radames.manosso.nom.br\/critica\/filmes\/scaramouche\/\">Scaramouche<\/a><\/li><li><a href=\"https:\/\/radames.manosso.nom.br\/critica\/filmes\/v-de-vinganca\/\">V de vingan\u00e7a<\/a><\/li><\/ul>\n","protected":false},"excerpt":{"rendered":"<p>A sofisticada sedu\u00e7\u00e3o do diabo The devil wears PradaDire\u00e7\u00e3o de David Frankel2006 : EUA :&nbsp;109 minCom&nbsp;Meryl Streep (Miranda Priestly),Anne Hathaway (Andy Sachs) eStanley Tucci (Nigel)Site oficial: www.devilwearspradamovie.com O diabo tem suas armas para atrais as almas: sofistica\u00e7\u00e3o, glamour, poder e grifes car\u00edssimas. Andy (Anne Hathaway), nossa hero\u00edna, ter\u00e1 que lutar muito contra o ass\u00e9dio das &hellip; <a href=\"https:\/\/radames.manosso.nom.br\/critica\/filmes\/o-diabo-veste-prada\/\" class=\"more-link\">Continue lendo <span class=\"screen-reader-text\">Cr\u00edtica | O diabo veste Prada<\/span> <span class=\"meta-nav\">&rarr;<\/span><\/a><\/p>\n","protected":false},"author":1,"featured_media":0,"comment_status":"open","ping_status":"closed","sticky":false,"template":"","format":"standard","meta":{"jetpack_post_was_ever_published":false,"_jetpack_newsletter_access":"","_jetpack_dont_email_post_to_subs":false,"_jetpack_newsletter_tier_id":0,"_jetpack_memberships_contains_paywalled_content":false,"_jetpack_memberships_contains_paid_content":false,"footnotes":"","jetpack_publicize_message":"","jetpack_publicize_feature_enabled":true,"jetpack_social_post_already_shared":false,"jetpack_social_options":{"image_generator_settings":{"template":"highway","default_image_id":0,"font":"","enabled":false},"version":2}},"categories":[4],"tags":[15,39,29,32,66],"class_list":["post-223","post","type-post","status-publish","format-standard","hentry","category-filmes","tag-256-filmes","tag-comedia","tag-decada-2000","tag-eua","tag-formacao"],"jetpack_publicize_connections":[],"jetpack_featured_media_url":"","jetpack_sharing_enabled":true,"jetpack_shortlink":"https:\/\/wp.me\/p14lZD-3B","jetpack-related-posts":[{"id":470,"url":"https:\/\/radames.manosso.nom.br\/critica\/filmes\/a-culpa-e-do-fidel\/","url_meta":{"origin":223,"position":0},"title":"Cr\u00edtica | A culpa \u00e9 do Fidel","author":"Radam\u00e9s","date":false,"format":false,"excerpt":"Educa\u00e7\u00e3o prafrentex La Faute \u00e0 FidelDire\u00e7\u00e3o de Julie GavrasFran\u00e7a : 2006 : 99 minCom Nina Kervel-Bay (Anna),Julie Depardieu (Marie) eStefano Acccorsi (Fernando) Embora o filme mostre v\u00e1rios \u201ccomunistas barbudos comedores de criancinhas\u201d e alguns \u201crica\u00e7os porcos imperialistas\u201d prefiro v\u00ea-lo como uma obra sobre educa\u00e7\u00e3o e n\u00e3o sobre pol\u00edtica. Exemplos sobre\u2026","rel":"","context":"Em &quot;Filmes&quot;","block_context":{"text":"Filmes","link":"https:\/\/radames.manosso.nom.br\/critica\/category\/filmes\/"},"img":{"alt_text":"","src":"https:\/\/i0.wp.com\/radames.manosso.nom.br\/critica\/files\/filme-a-culpa-e-do-fidel-1.jpg?resize=350%2C200&ssl=1","width":350,"height":200},"classes":[]},{"id":339,"url":"https:\/\/radames.manosso.nom.br\/critica\/filmes\/a-malvada\/","url_meta":{"origin":223,"position":1},"title":"Cr\u00edtica | A malvada","author":"Radam\u00e9s","date":false,"format":false,"excerpt":"Uma estrela cai, outra estrela sobe All about EveDire\u00e7\u00e3o de Joseph Mankiewicz1950 : EUA :\u00a0138 min : preto e brancoCom Bette Davis\u00a0(Margo)Anne Baxter (Norma Desmonds) eGeorge Sanders (Addison) O t\u00edtulo em portugu\u00eas n\u00e3o caiu muito bem, at\u00e9 porque \u00e9 poss\u00edvel identificar mais de uma malvada no filme. Malvadas? Talvez sim,\u2026","rel":"","context":"Em &quot;Filmes&quot;","block_context":{"text":"Filmes","link":"https:\/\/radames.manosso.nom.br\/critica\/category\/filmes\/"},"img":{"alt_text":"","src":"https:\/\/i0.wp.com\/radames.manosso.nom.br\/critica\/files\/filme-a-malvada.jpg?resize=350%2C200&ssl=1","width":350,"height":200},"classes":[]},{"id":266,"url":"https:\/\/radames.manosso.nom.br\/critica\/filmes\/como-era-verde-meu-vale\/","url_meta":{"origin":223,"position":2},"title":"Cr\u00edtica | Como era verde meu vale","author":"Radam\u00e9s","date":false,"format":false,"excerpt":"Para\u00edso perdido How green was my valleyDire\u00e7\u00e3o de John Ford1941 : EUA :\u00a0118 min : branco e pretoCom Walter Pidgeon (Mr. Gruffydd),Maureen O'hara (Angharad),Roddy McDowall (Huw Morgan),Donald Crisp\u00a0 (Gwilym Morgan) eAnna Lee (Bronwyn Morgan) O filme come\u00e7a com Huw Morgan, narrador e personagem, se preparando para deixar o vale em\u2026","rel":"","context":"Em &quot;Filmes&quot;","block_context":{"text":"Filmes","link":"https:\/\/radames.manosso.nom.br\/critica\/category\/filmes\/"},"img":{"alt_text":"","src":"https:\/\/i0.wp.com\/radames.manosso.nom.br\/critica\/files\/filme-como-era-verde-meu-vale-1.jpg?resize=350%2C200&ssl=1","width":350,"height":200},"classes":[]},{"id":120,"url":"https:\/\/radames.manosso.nom.br\/critica\/filmes\/o-albergue\/","url_meta":{"origin":223,"position":3},"title":"Cr\u00edtica | O albergue","author":"Radam\u00e9s","date":false,"format":false,"excerpt":"Doentio, maldito e cult HostelDire\u00e7\u00e3o de Eli Roth2005 : EUA : 95 minCom Jay Hernandez eBarbara Nadeljakova. Esse filme j\u00e1 entrou na lista dos mais violentos de todos os tempos e tem boas chances de encabe\u00e7\u00e1-la. \u00c9 claro que existe viol\u00eancia e viol\u00eancia. As pessoas de bom senso repelem apenas\u2026","rel":"","context":"Em &quot;Filmes&quot;","block_context":{"text":"Filmes","link":"https:\/\/radames.manosso.nom.br\/critica\/category\/filmes\/"},"img":{"alt_text":"","src":"https:\/\/i0.wp.com\/radames.manosso.nom.br\/critica\/files\/filme-o-albergue.jpg?resize=350%2C200&ssl=1","width":350,"height":200},"classes":[]},{"id":310,"url":"https:\/\/radames.manosso.nom.br\/critica\/filmes\/adivinhe-quem-vem-para-jantar\/","url_meta":{"origin":223,"position":4},"title":"Cr\u00edtica | Adivinhe quem vem para jantar","author":"Radam\u00e9s","date":false,"format":false,"excerpt":"Racismo na mesa do jantar Guess who's coming to dinnerDire\u00e7\u00e3o de Stanley Kramer1967 : EUA :\u00a0 103 minCom\u00a0 Spencer Tracy (Matt Drayton) ,Sidney Poitier (John Prentice)Katharine Hepburn (Christina Drayton)e Katharine Houghton (Joanna Drayton) \u00c9 impressionante como esse filme suave consegue falar sobre racismo de forma t\u00e3o contundente. N\u00e3o sei onde\u2026","rel":"","context":"Em &quot;Filmes&quot;","block_context":{"text":"Filmes","link":"https:\/\/radames.manosso.nom.br\/critica\/category\/filmes\/"},"img":{"alt_text":"","src":"https:\/\/i0.wp.com\/radames.manosso.nom.br\/critica\/files\/filme-adivinhe-quem-vem-para-jantar.jpg?resize=350%2C200&ssl=1","width":350,"height":200},"classes":[]},{"id":305,"url":"https:\/\/radames.manosso.nom.br\/critica\/filmes\/alien-o-oitavo-passageiro\/","url_meta":{"origin":223,"position":5},"title":"Cr\u00edtica | Alien o oitavo passageiro","author":"Radam\u00e9s","date":false,"format":false,"excerpt":"Futuro primitivo Alien Dire\u00e7\u00e3o de Ridley Scott 1979 : EUA :\u00a0 116 min Com\u00a0Tom Skerrett (Dallas) Sigourney Weaver (Ripley), Ian Holm (Ash) e John Hurt(Kane) Site oficial: www.alien-movies.com H\u00e1 milhares de anos, os contadores de hist\u00f3rias reuniam os membros da tribo \u00e0 noite em volta da fogueira e falavam sobre\u2026","rel":"","context":"Em &quot;Filmes&quot;","block_context":{"text":"Filmes","link":"https:\/\/radames.manosso.nom.br\/critica\/category\/filmes\/"},"img":{"alt_text":"","src":"https:\/\/i0.wp.com\/radames.manosso.nom.br\/critica\/files\/filme-alien-1.jpg?resize=350%2C200&ssl=1","width":350,"height":200},"classes":[]}],"_links":{"self":[{"href":"https:\/\/radames.manosso.nom.br\/critica\/wp-json\/wp\/v2\/posts\/223","targetHints":{"allow":["GET"]}}],"collection":[{"href":"https:\/\/radames.manosso.nom.br\/critica\/wp-json\/wp\/v2\/posts"}],"about":[{"href":"https:\/\/radames.manosso.nom.br\/critica\/wp-json\/wp\/v2\/types\/post"}],"author":[{"embeddable":true,"href":"https:\/\/radames.manosso.nom.br\/critica\/wp-json\/wp\/v2\/users\/1"}],"replies":[{"embeddable":true,"href":"https:\/\/radames.manosso.nom.br\/critica\/wp-json\/wp\/v2\/comments?post=223"}],"version-history":[{"count":6,"href":"https:\/\/radames.manosso.nom.br\/critica\/wp-json\/wp\/v2\/posts\/223\/revisions"}],"predecessor-version":[{"id":1608,"href":"https:\/\/radames.manosso.nom.br\/critica\/wp-json\/wp\/v2\/posts\/223\/revisions\/1608"}],"wp:attachment":[{"href":"https:\/\/radames.manosso.nom.br\/critica\/wp-json\/wp\/v2\/media?parent=223"}],"wp:term":[{"taxonomy":"category","embeddable":true,"href":"https:\/\/radames.manosso.nom.br\/critica\/wp-json\/wp\/v2\/categories?post=223"},{"taxonomy":"post_tag","embeddable":true,"href":"https:\/\/radames.manosso.nom.br\/critica\/wp-json\/wp\/v2\/tags?post=223"}],"curies":[{"name":"wp","href":"https:\/\/api.w.org\/{rel}","templated":true}]}}