{"id":290,"date":"2010-09-12T18:42:57","date_gmt":"2010-09-12T21:42:57","guid":{"rendered":"http:\/\/radames.manosso.nom.br\/critica\/?p=290"},"modified":"2021-03-12T18:23:00","modified_gmt":"2021-03-12T21:23:00","slug":"apocalypto","status":"publish","type":"post","link":"https:\/\/radames.manosso.nom.br\/critica\/filmes\/apocalypto\/","title":{"rendered":"Cr\u00edtica | Apocalypto"},"content":{"rendered":"\n<h2 class=\"wp-block-heading\">Ca\u00e7ada implac\u00e1vel ao bom selvagem<\/h2>\n\n\n\n<figure class=\"wp-block-image\"><a href=\"https:\/\/i0.wp.com\/radames.manosso.nom.br\/critica\/files\/filme-apocalypto-capa.jpg?ssl=1\"><img data-recalc-dims=\"1\" loading=\"lazy\" decoding=\"async\" width=\"111\" height=\"165\" data-attachment-id=\"291\" data-permalink=\"https:\/\/radames.manosso.nom.br\/critica\/filmes\/apocalypto\/attachment\/filme-apocalypto-capa\/\" data-orig-file=\"https:\/\/i0.wp.com\/radames.manosso.nom.br\/critica\/files\/filme-apocalypto-capa.jpg?fit=111%2C165&amp;ssl=1\" data-orig-size=\"111,165\" data-comments-opened=\"1\" data-image-meta=\"{&quot;aperture&quot;:&quot;0&quot;,&quot;credit&quot;:&quot;&quot;,&quot;camera&quot;:&quot;&quot;,&quot;caption&quot;:&quot;&quot;,&quot;created_timestamp&quot;:&quot;0&quot;,&quot;copyright&quot;:&quot;&quot;,&quot;focal_length&quot;:&quot;0&quot;,&quot;iso&quot;:&quot;0&quot;,&quot;shutter_speed&quot;:&quot;0&quot;,&quot;title&quot;:&quot;&quot;}\" data-image-title=\"Capa do filme Apocalypto\" data-image-description=\"\" data-image-caption=\"\" data-large-file=\"https:\/\/i0.wp.com\/radames.manosso.nom.br\/critica\/files\/filme-apocalypto-capa.jpg?fit=111%2C165&amp;ssl=1\" src=\"https:\/\/i0.wp.com\/radames.manosso.nom.br\/critica\/files\/filme-apocalypto-capa.jpg?resize=111%2C165&#038;ssl=1\" alt=\"\" class=\"wp-image-291\" title=\"Capa do filme Apocalypto\" srcset=\"https:\/\/i0.wp.com\/radames.manosso.nom.br\/critica\/files\/filme-apocalypto-capa.jpg?w=111&amp;ssl=1 111w, https:\/\/i0.wp.com\/radames.manosso.nom.br\/critica\/files\/filme-apocalypto-capa.jpg?resize=100%2C150&amp;ssl=1 100w\" sizes=\"auto, (max-width: 111px) 100vw, 111px\" \/><\/a><\/figure>\n\n\n\n<p><em>Dire\u00e7\u00e3o de Mel                  Gibson<br>\n2006 : EUA : 139 min<br>\nCom Ruddy Youngblood (Pata de Jaguar) e<br>\nDalia Hernandez (Seven).<br>\nSite oficial: <a href=\"http:\/\/www.apocalypto.com\/\"> www.apocalypto.com<\/a><\/em><\/p>\n\n\n\n<p>O filme \u00e9 sobre ca\u00e7adas e j\u00e1 na primeira tomada um grupo de \u00edndios ca\u00e7adores acua uma anta para a armadilha mortal. Depois de abater a presa, o l\u00edder da ca\u00e7ada arranca o cora\u00e7\u00e3o do animal. Esse \u00e9 o primeiro cora\u00e7\u00e3o arrancado durante o filme.<\/p>\n\n\n\n<figure class=\"wp-block-image\"><a href=\"https:\/\/i0.wp.com\/radames.manosso.nom.br\/critica\/files\/filme-apocalypto-1.jpg?ssl=1\"><img data-recalc-dims=\"1\" loading=\"lazy\" decoding=\"async\" width=\"360\" height=\"240\" data-attachment-id=\"292\" data-permalink=\"https:\/\/radames.manosso.nom.br\/critica\/filmes\/apocalypto\/attachment\/filme-apocalypto-1\/\" data-orig-file=\"https:\/\/i0.wp.com\/radames.manosso.nom.br\/critica\/files\/filme-apocalypto-1.jpg?fit=360%2C240&amp;ssl=1\" data-orig-size=\"360,240\" data-comments-opened=\"1\" data-image-meta=\"{&quot;aperture&quot;:&quot;0&quot;,&quot;credit&quot;:&quot;&quot;,&quot;camera&quot;:&quot;&quot;,&quot;caption&quot;:&quot;&quot;,&quot;created_timestamp&quot;:&quot;0&quot;,&quot;copyright&quot;:&quot;&quot;,&quot;focal_length&quot;:&quot;0&quot;,&quot;iso&quot;:&quot;0&quot;,&quot;shutter_speed&quot;:&quot;0&quot;,&quot;title&quot;:&quot;&quot;}\" data-image-title=\"Cena do filme Apocalypto\" data-image-description=\"\" data-image-caption=\"\" data-large-file=\"https:\/\/i0.wp.com\/radames.manosso.nom.br\/critica\/files\/filme-apocalypto-1.jpg?fit=360%2C240&amp;ssl=1\" src=\"https:\/\/i0.wp.com\/radames.manosso.nom.br\/critica\/files\/filme-apocalypto-1.jpg?resize=360%2C240&#038;ssl=1\" alt=\"\" class=\"wp-image-292\" title=\"Cena do filme Apocalypto\" srcset=\"https:\/\/i0.wp.com\/radames.manosso.nom.br\/critica\/files\/filme-apocalypto-1.jpg?w=360&amp;ssl=1 360w, https:\/\/i0.wp.com\/radames.manosso.nom.br\/critica\/files\/filme-apocalypto-1.jpg?resize=300%2C200&amp;ssl=1 300w, https:\/\/i0.wp.com\/radames.manosso.nom.br\/critica\/files\/filme-apocalypto-1.jpg?resize=150%2C100&amp;ssl=1 150w\" sizes=\"auto, (max-width: 360px) 100vw, 360px\" \/><\/a><\/figure>\n\n\n\n<!--more-->\n\n\n\n<h3 class=\"wp-block-heading\">As tr\u00eas partes<\/h3>\n\n\n\n<p>Pata de Jaguar \u00e9 o jovem ca\u00e7ador de uma tribo das selvas mexicanas que v\u00ea o seu mundo desmoronar quando sua aldeia \u00e9 atacada por maias ca\u00e7adores de cabe\u00e7as. Os agressores maias querem mulheres \u00edndias para escravizar e homens para sacrificar em rituais ao deus Sol. As crian\u00e7as n\u00e3o interessam e s\u00e3o simplesmente abandonadas no meio da mata. <\/p>\n\n\n\n<p>A aventura de Pata de Jaguar \u00e9 para salvar sua fam\u00edlia da brutalidade a que s\u00e3o submetidos. Para isso, ele ter\u00e1 que enfrentar situa\u00e7\u00f5es inimagin\u00e1veis para um homem urbano. O filme se divide em tr\u00eas momentos distintos. Na primeira parte, que \u00e9 descontra\u00edda temos um retrato da vida cotidiana da tribo de Pata de Jaguar. <\/p>\n\n\n\n<p>Na segunda parte, o foco est\u00e1 na crueldade com que os prisioneiros dos maias eram capturados e levados ao sacrif\u00edcio. Na \u00faltima parte, temos a fuga espetacular e a reden\u00e7\u00e3o do her\u00f3i que se transforma quando regressa ao seu habitat. No seu terreno, Pata do Jaguar \u00e9 senhor. Sua \u00e9 a terra e l\u00e1 ele levar\u00e1 a cabo a sua vingan\u00e7a.<\/p>\n\n\n\n<h3 class=\"wp-block-heading\">A proposta<\/h3>\n\n\n\n<p>Esse filme de Mel Gibson surpreende em v\u00e1rios aspectos. O elenco tem o bi\u00f3tipo do povo maia e \u00e9 todo de estreantes ou amadores. Os di\u00e1logos s\u00e3o em maia, a exuber\u00e2ncia das loca\u00e7\u00f5es, dos cen\u00e1rios e figurinos \u00e9 incr\u00edvel e o tema \u00e9 para l\u00e1 de pol\u00eamico. Os her\u00f3is do filme s\u00e3o \u00edndios que costumamos chamar de primitivos e os vil\u00f5es s\u00e3o um grupo de carniceiros pertencentes a uma civiliza\u00e7\u00e3o cultuada nos livros de hist\u00f3ria como evolu\u00edda e refinada. Como entretenimento, n\u00e3o h\u00e1 o que reclamar. A hist\u00f3ria \u00e9 repleta de a\u00e7\u00e3o e emo\u00e7\u00e3o e a ca\u00e7ada final \u00e9 uma das melhores do cinema.<\/p>\n\n\n\n<p>Apocalypto come\u00e7a com uma ca\u00e7ada. \u00cdndios em um est\u00e1gio simples de organiza\u00e7\u00e3o social ca\u00e7am uma anta para fazer um banquete na aldeia. Logo depois, esses mesmos \u00edndios s\u00e3o ca\u00e7ados como animais por maias que pertencem a uma sociedade com organiza\u00e7\u00e3o mais avan\u00e7ada. O filme termina com os navios espanh\u00f3is aportando nas praias americanas. Uma sociedade europeia mais estruturada chega ao Novo Mundo para tratar os maias como animais. <\/p>\n\n\n\n<h3 class=\"wp-block-heading\">Fidelidade hist\u00f3rica<\/h3>\n\n\n\n<p>Antrop\u00f3logos acusaram Mel Gibson de cometer v\u00e1rios erros hist\u00f3ricos no filme. A chegada dos espanh\u00f3is \u00e0 Am\u00e9rica, por exemplo, ocorreu s\u00e9culos depois do per\u00edodo em que havia sacrif\u00edcios humanos entre os maias. Dizem que o filme faz uma mistura de estilos arquitet\u00f4nicos que n\u00e3o coexistiram e que os dados positivos da cultura maia n\u00e3o foram valorizados. A cr\u00edtica mais s\u00e9ria, por\u00e9m, \u00e9 a de que n\u00e3o existem provas de que os maias praticassem sacrif\u00edcios humanos na escala que \u00e9 mostrada no filme. <\/p>\n\n\n\n<p>Obras de arte narrativas seguem regras para intensificar a dramaticidade e, por isso, algumas licen\u00e7as hist\u00f3ricas s\u00e3o justificadas em nome da expressividade. Ent\u00e3o, fa\u00e7amos um esfor\u00e7o para perdoar o j\u00e1 conhecido apetite de Mel Gibson por sangue. Seria necess\u00e1rio um painel mais abrangente da sociedade maia, sim, mas filmes t\u00eam apenas duas horas para acontecer. Mel Gibson fez um filme com foco definido que \u00e9 violento, sim, mas que mant\u00e9m a unidade da trama restrita ao essencial do que se prop\u00f5e.<\/p>\n\n\n\n<figure class=\"wp-block-image\"><a href=\"https:\/\/i0.wp.com\/radames.manosso.nom.br\/critica\/files\/filme-apocalypto-2.jpg?ssl=1\"><img data-recalc-dims=\"1\" loading=\"lazy\" decoding=\"async\" width=\"360\" height=\"240\" data-attachment-id=\"293\" data-permalink=\"https:\/\/radames.manosso.nom.br\/critica\/filmes\/apocalypto\/attachment\/filme-apocalypto-2\/\" data-orig-file=\"https:\/\/i0.wp.com\/radames.manosso.nom.br\/critica\/files\/filme-apocalypto-2.jpg?fit=360%2C240&amp;ssl=1\" data-orig-size=\"360,240\" data-comments-opened=\"1\" data-image-meta=\"{&quot;aperture&quot;:&quot;0&quot;,&quot;credit&quot;:&quot;&quot;,&quot;camera&quot;:&quot;&quot;,&quot;caption&quot;:&quot;&quot;,&quot;created_timestamp&quot;:&quot;0&quot;,&quot;copyright&quot;:&quot;&quot;,&quot;focal_length&quot;:&quot;0&quot;,&quot;iso&quot;:&quot;0&quot;,&quot;shutter_speed&quot;:&quot;0&quot;,&quot;title&quot;:&quot;&quot;}\" data-image-title=\"Cena do filme Apocalypto\" data-image-description=\"\" data-image-caption=\"\" data-large-file=\"https:\/\/i0.wp.com\/radames.manosso.nom.br\/critica\/files\/filme-apocalypto-2.jpg?fit=360%2C240&amp;ssl=1\" src=\"https:\/\/i0.wp.com\/radames.manosso.nom.br\/critica\/files\/filme-apocalypto-2.jpg?resize=360%2C240&#038;ssl=1\" alt=\"\" class=\"wp-image-293\" title=\"Cena do filme Apocalypto\" srcset=\"https:\/\/i0.wp.com\/radames.manosso.nom.br\/critica\/files\/filme-apocalypto-2.jpg?w=360&amp;ssl=1 360w, https:\/\/i0.wp.com\/radames.manosso.nom.br\/critica\/files\/filme-apocalypto-2.jpg?resize=300%2C200&amp;ssl=1 300w, https:\/\/i0.wp.com\/radames.manosso.nom.br\/critica\/files\/filme-apocalypto-2.jpg?resize=150%2C100&amp;ssl=1 150w\" sizes=\"auto, (max-width: 360px) 100vw, 360px\" \/><\/a><\/figure>\n\n\n\n<h3 class=\"wp-block-heading\">Sem bons selvagens<\/h3>\n\n\n\n<p>O que o filme mostra bem \u00e9 que a preda\u00e7\u00e3o desenfreada e a brutalidade est\u00e3o na hist\u00f3ria humana desde seus est\u00e1gios iniciais. O desenvolvimento de estruturas sociais mais complexas n\u00e3o trouxe historicamente um conv\u00edvio harmonioso com o meio ambiente nem com as culturas perif\u00e9ricas. Fazendo a inevit\u00e1vel compara\u00e7\u00e3o com as guerras contempor\u00e2neas chegaremos \u00e0 conclus\u00e3o que pouca coisa mudou desde os maias. Ainda \u00e9 h\u00e1bito cometer atrocidades com outros povos, principalmente se tiverem menos recursos que o agressor. <\/p>\n\n\n\n<p>E os \u00edndios? Os poucos \u00edndios que restam no mundo continuam sendo v\u00edtimas das civiliza\u00e7\u00f5es que se intitulam mais evolu\u00eddas. Apocalypto \u00e9 um filme sobre os est\u00e1gios iniciais da vida social que muita gente imagina como paradis\u00edacos, mas que tamb\u00e9m s\u00e3o marcados pela brutalidade humana. Enfim, n\u00e3o h\u00e1 bons selvagens, h\u00e1 apenas homens.<\/p>\n\n\n\n<h3 class=\"wp-block-heading\">Filmes<\/h3>\n\n\n\n<ul class=\"wp-block-list\"><li><a href=\"https:\/\/radames.manosso.nom.br\/critica\/filmes\/007-operacao-skyfall\/\">007 Opera\u00e7\u00e3o Skyfall<\/a><\/li><li><a href=\"https:\/\/radames.manosso.nom.br\/critica\/filmes\/12-homens-e-uma-sentenca\/\">12 homens e uma senten\u00e7a<\/a><\/li><li><a href=\"https:\/\/radames.manosso.nom.br\/critica\/filmes\/21-gramas\/\">21 gramas<\/a><\/li><li><a href=\"https:\/\/radames.manosso.nom.br\/critica\/filmes\/aconteceu-naquela-noite\/\">Aconteceu naquela noite<\/a><\/li><li><a href=\"https:\/\/radames.manosso.nom.br\/critica\/filmes\/a-culpa-e-do-fidel\/\">A culpa \u00e9 do Fidel<\/a><\/li><li><a href=\"https:\/\/radames.manosso.nom.br\/critica\/filmes\/adaptacao\/\">Adapta\u00e7\u00e3o<\/a><\/li><li><a href=\"https:\/\/radames.manosso.nom.br\/critica\/filmes\/adeus-lenin\/\">Adeus, Lenin!<\/a><\/li><li><a href=\"https:\/\/radames.manosso.nom.br\/critica\/filmes\/adivinhe-quem-vem-para-jantar\/\">Adivinhe quem vem para jantar<\/a><\/li><li><a href=\"https:\/\/radames.manosso.nom.br\/critica\/filmes\/alien-o-oitavo-passageiro\/\">Alien o oitavo passageiro<\/a><\/li><li><a href=\"https:\/\/radames.manosso.nom.br\/critica\/filmes\/a-malvada\/\">A malvada<\/a><\/li><li><a href=\"https:\/\/radames.manosso.nom.br\/critica\/filmes\/a-mulher-faz-o-homem\/\">A mulher faz o homem<\/a><\/li><li><a href=\"https:\/\/radames.manosso.nom.br\/critica\/filmes\/anatomia-de-um-crime\/\">Anatomia de um crime<\/a><\/li><li><a href=\"https:\/\/radames.manosso.nom.br\/critica\/filmes\/apocalypto\/\">Apocalypto<\/a><\/li><li><a href=\"https:\/\/radames.manosso.nom.br\/critica\/filmes\/a-queda-as-ultimas-horas-de-hitler\/\">A queda &#8211; as \u00faltimas horas de Hitler<\/a><\/li><li><a href=\"https:\/\/radames.manosso.nom.br\/critica\/filmes\/a-rede-social\/\">A rede social<\/a><\/li><li><a href=\"https:\/\/radames.manosso.nom.br\/critica\/filmes\/colateral\/\">Colateral<\/a><\/li><li><a href=\"https:\/\/radames.manosso.nom.br\/critica\/filmes\/como-era-verde-meu-vale\/\">Como era verde meu vale<\/a><\/li><li><a href=\"https:\/\/radames.manosso.nom.br\/critica\/filmes\/crepusculo-dos-deuses\/\">Crep\u00fasculo dos deuses<\/a><\/li><li><a href=\"https:\/\/radames.manosso.nom.br\/critica\/filmes\/distrito-9\/\">Distrito 9<\/a><\/li><li><a href=\"https:\/\/radames.manosso.nom.br\/critica\/filmes\/fahrenheit-451\/\">Fahrenheit 451<\/a><\/li><li><a href=\"https:\/\/radames.manosso.nom.br\/critica\/filmes\/gran-torino\/\">Gran Torino<\/a><\/li><li><a href=\"https:\/\/radames.manosso.nom.br\/critica\/filmes\/marty\/\">Marty<\/a><\/li><li><a href=\"https:\/\/radames.manosso.nom.br\/critica\/filmes\/o-diabo-veste-prada\/\">O diabo veste Prada<\/a><\/li><li><a href=\"https:\/\/radames.manosso.nom.br\/critica\/filmes\/o-segredo-de-seus-olhos\/\">O segredo de seus olhos<\/a><\/li><li><a href=\"https:\/\/radames.manosso.nom.br\/critica\/filmes\/os-infiltrados\/\">Os infiltrados<\/a><\/li><li><a href=\"https:\/\/radames.manosso.nom.br\/critica\/filmes\/os-sete-samurais\/\">Os sete samurais<\/a><\/li><li><a href=\"https:\/\/radames.manosso.nom.br\/critica\/filmes\/o-tesouro-de-sierra-madre\/\">O tesouro de Sierra Madre<\/a><\/li><li><a href=\"https:\/\/radames.manosso.nom.br\/critica\/filmes\/perfume-a-historia-de-um-assassino\/\">Perfume &#8211; a hist\u00f3ria de um assassino<\/a><\/li><li><a href=\"https:\/\/radames.manosso.nom.br\/critica\/filmes\/sete-homens-e-um-destino\/\">Sete homens e um destino<\/a><\/li><li><a href=\"https:\/\/radames.manosso.nom.br\/critica\/filmes\/sete-noivas-para-sete-irmaos\/\">Sete noivas para sete irm\u00e3os<\/a><\/li><li><a href=\"https:\/\/radames.manosso.nom.br\/critica\/filmes\/seven\/\">Seven<\/a><\/li><li><a href=\"https:\/\/radames.manosso.nom.br\/critica\/filmes\/sin-city\/\">Sin City<\/a><\/li><li><a href=\"https:\/\/radames.manosso.nom.br\/critica\/filmes\/tropa-de-elite\/\">Tropa de elite<\/a><\/li><li><a href=\"https:\/\/radames.manosso.nom.br\/critica\/filmes\/um-ato-de-liberdade\/\">Um ato de liberdade<\/a><\/li><li><a href=\"https:\/\/radames.manosso.nom.br\/critica\/filmes\/underground-mentiras-de-guerra\/\">Underground &#8211; mentiras de guerra<\/a><\/li><li><a href=\"https:\/\/radames.manosso.nom.br\/critica\/filmes\/vidas-amargas\/\">Vidas amargas<\/a><\/li><li><a href=\"https:\/\/radames.manosso.nom.br\/critica\/filmes\/z\/\">Z<\/a><\/li><li><a href=\"https:\/\/radames.manosso.nom.br\/critica\/filmes\/a-bolha\/\">A bolha<\/a><\/li><li><a href=\"https:\/\/radames.manosso.nom.br\/critica\/filmes\/matadores-de-velhinha\/\">Matadores de velhinha<\/a><\/li><li><a href=\"https:\/\/radames.manosso.nom.br\/critica\/filmes\/o-albergue\/\">O albergue<\/a><\/li><li><a href=\"https:\/\/radames.manosso.nom.br\/critica\/filmes\/os-doze-condenados\/\">Os doze condenados<\/a><\/li><li><a href=\"https:\/\/radames.manosso.nom.br\/critica\/filmes\/o-vampiro-da-noite\/\">O vampiro da noite<\/a><\/li><li><a href=\"https:\/\/radames.manosso.nom.br\/critica\/filmes\/scaramouche\/\">Scaramouche<\/a><\/li><li><a href=\"https:\/\/radames.manosso.nom.br\/critica\/filmes\/v-de-vinganca\/\">V de vingan\u00e7a<\/a><\/li><\/ul>\n","protected":false},"excerpt":{"rendered":"<p>Ca\u00e7ada implac\u00e1vel ao bom selvagem Dire\u00e7\u00e3o de Mel Gibson 2006 : EUA : 139 min Com Ruddy Youngblood (Pata de Jaguar) e Dalia Hernandez (Seven). Site oficial: www.apocalypto.com O filme \u00e9 sobre ca\u00e7adas e j\u00e1 na primeira tomada um grupo de \u00edndios ca\u00e7adores acua uma anta para a armadilha mortal. Depois de abater a presa, &hellip; <a href=\"https:\/\/radames.manosso.nom.br\/critica\/filmes\/apocalypto\/\" class=\"more-link\">Continue lendo <span class=\"screen-reader-text\">Cr\u00edtica | Apocalypto<\/span> <span class=\"meta-nav\">&rarr;<\/span><\/a><\/p>\n","protected":false},"author":1,"featured_media":0,"comment_status":"open","ping_status":"closed","sticky":false,"template":"","format":"standard","meta":{"jetpack_post_was_ever_published":false,"_jetpack_newsletter_access":"","_jetpack_dont_email_post_to_subs":false,"_jetpack_newsletter_tier_id":0,"_jetpack_memberships_contains_paywalled_content":false,"_jetpack_memberships_contains_paid_content":false,"footnotes":"","jetpack_publicize_message":"","jetpack_publicize_feature_enabled":true,"jetpack_social_post_already_shared":false,"jetpack_social_options":{"image_generator_settings":{"template":"highway","default_image_id":0,"font":"","enabled":false},"version":2}},"categories":[4],"tags":[15,23,29,22,32],"class_list":["post-290","post","type-post","status-publish","format-standard","hentry","category-filmes","tag-256-filmes","tag-aventura","tag-decada-2000","tag-drama","tag-eua"],"jetpack_publicize_connections":[],"jetpack_featured_media_url":"","jetpack_sharing_enabled":true,"jetpack_shortlink":"https:\/\/wp.me\/p14lZD-4G","jetpack-related-posts":[{"id":231,"url":"https:\/\/radames.manosso.nom.br\/critica\/filmes\/marty\/","url_meta":{"origin":290,"position":0},"title":"Cr\u00edtica | Marty","author":"Radam\u00e9s","date":false,"format":false,"excerpt":"T\u00edmido, desajeitado, feio e ... ador\u00e1vel MartyDire\u00e7\u00e3o de Delbert Man1955 : EUA : 91 min : branco e pretoCom\u00a0Ernest Borgnine (Marty Piletti),Batsy Blair (Clara Snyder) eEsther Minciotti (Sra. Piletti) Provinciano? Sim, \u00e9 um filme sobre pessoas simples de ideais simples, provincianas enfim. Resta saber se a mensagem do filme \u00e9\u2026","rel":"","context":"Em &quot;Filmes&quot;","block_context":{"text":"Filmes","link":"https:\/\/radames.manosso.nom.br\/critica\/category\/filmes\/"},"img":{"alt_text":"","src":"https:\/\/i0.wp.com\/radames.manosso.nom.br\/critica\/files\/filme-marty.jpg?resize=350%2C200&ssl=1","width":350,"height":200},"classes":[]},{"id":134,"url":"https:\/\/radames.manosso.nom.br\/critica\/filmes\/a-bolha\/","url_meta":{"origin":290,"position":1},"title":"Cr\u00edtica | A bolha","author":"Radam\u00e9s","date":false,"format":false,"excerpt":"Gosmenta, asquerosa, trash e cult The blobDire\u00e7\u00e3o de Irvin S. Yeaworth Jr.1958 : EUA :\u00a086 minCom Steve McQueen (Steve) eAneta Corsaut (Jane)Tema de abertura de Burt Bacharach Ela veio do espa\u00e7o dentro de um meteorito e est\u00e1 crescendo sem parar gra\u00e7as a uma dieta rica em prote\u00edna humana. Nada parece\u2026","rel":"","context":"Em &quot;Filmes&quot;","block_context":{"text":"Filmes","link":"https:\/\/radames.manosso.nom.br\/critica\/category\/filmes\/"},"img":{"alt_text":"","src":"https:\/\/i0.wp.com\/radames.manosso.nom.br\/critica\/files\/filme-a-bolha-capa.jpg?resize=350%2C200","width":350,"height":200},"classes":[]},{"id":111,"url":"https:\/\/radames.manosso.nom.br\/critica\/filmes\/o-vampiro-da-noite\/","url_meta":{"origin":290,"position":2},"title":"Cr\u00edtica | O vampiro da noite","author":"Radam\u00e9s","date":false,"format":false,"excerpt":"O cl\u00e1ssico B sobre o pr\u00edncipe das trevas Horror of DraculaDire\u00e7\u00e3o de Terence Fisher1958 : Inglaterra : 82 minCom Peter Cushing (Van Helsing) eChristopher Lee (Dr\u00e1cula) Quase morri de medo ao ver esse filme pela primeira vez. Era uma noite fria de inverno e alguns galhos,\u00a0agitados pelo vento,\u00a0batiam contra a\u2026","rel":"","context":"Em &quot;Filmes&quot;","block_context":{"text":"Filmes","link":"https:\/\/radames.manosso.nom.br\/critica\/category\/filmes\/"},"img":{"alt_text":"","src":"https:\/\/i0.wp.com\/radames.manosso.nom.br\/critica\/files\/filme-o-vampiro-da-noite-capa.jpg?resize=350%2C200","width":350,"height":200},"classes":[]},{"id":206,"url":"https:\/\/radames.manosso.nom.br\/critica\/filmes\/os-infiltrados\/","url_meta":{"origin":290,"position":3},"title":"Cr\u00edtica | Os infiltrados","author":"Radam\u00e9s","date":false,"format":false,"excerpt":"Quando o mau \u00e9 bom e o bom \u00e9 mau The departedDire\u00e7\u00e3o de Martin Scorsese2006 : EUA :\u00a0 149 minCom Leonardo DiCaprio (Billy Costigan),Matt Damon (Colin Sullivan),Jack Nicholson (Frank Costello) eVera Farmiga (Madeleine)Site oficial: thedeparted.warnerbros.com Os infiltrados parte de um enredo engenhoso: o policial Billy Costigan (DiCaprio) se infiltra na\u2026","rel":"","context":"Em &quot;Filmes&quot;","block_context":{"text":"Filmes","link":"https:\/\/radames.manosso.nom.br\/critica\/category\/filmes\/"},"img":{"alt_text":"","src":"https:\/\/i0.wp.com\/radames.manosso.nom.br\/critica\/files\/filme-os-infiltrados-1.jpg?resize=350%2C200&ssl=1","width":350,"height":200},"classes":[]},{"id":345,"url":"https:\/\/radames.manosso.nom.br\/critica\/filmes\/21-gramas\/","url_meta":{"origin":290,"position":4},"title":"Cr\u00edtica | 21 gramas","author":"Radam\u00e9s","date":false,"format":false,"excerpt":"Sensibilidade em estado puro 21 gramsDire\u00e7\u00e3o de Alejandro Gonzalez-I\u00f1\u00e1rritu2003 : EUA :\u00a0125 minCom\u00a0Sean Penn (Paul),Benicio Del Toro (Jack) eNaomi Watts (Christina)Site oficial: www.21-grams.com Morte como tema S\u00e3o muitos os filmes que t\u00eam a morte como tema. Em alguns, ela \u00e9 consequ\u00eancia da guerra, em outros, da gan\u00e2ncia do ser humano.\u2026","rel":"","context":"Em &quot;Filmes&quot;","block_context":{"text":"Filmes","link":"https:\/\/radames.manosso.nom.br\/critica\/category\/filmes\/"},"img":{"alt_text":"","src":"https:\/\/i0.wp.com\/radames.manosso.nom.br\/critica\/files\/filme-21-gramas.jpg?resize=350%2C200&ssl=1","width":350,"height":200},"classes":[]},{"id":91,"url":"https:\/\/radames.manosso.nom.br\/critica\/filmes\/v-de-vinganca\/","url_meta":{"origin":290,"position":5},"title":"Cr\u00edtica | V de vingan\u00e7a","author":"Radam\u00e9s","date":false,"format":false,"excerpt":"A de anarquia, T de terror V for VendettaDire\u00e7\u00e3o de James McTeigue2006 : Alemanha\/EUA : 132 minCom Natalie Portman (Evey),Hugo Weaving (V),Stephen Rhea (Finch) eJohn Hurt (Sutler) V de Vingan\u00e7a \u00e9 praticamente um manual da a\u00e7\u00e3o pol\u00edtica n\u00e3o convencional, se \u00e9 que me entendem, aquela que se faz com explosivos\u2026","rel":"","context":"Em &quot;Filmes&quot;","block_context":{"text":"Filmes","link":"https:\/\/radames.manosso.nom.br\/critica\/category\/filmes\/"},"img":{"alt_text":"","src":"https:\/\/i0.wp.com\/radames.manosso.nom.br\/critica\/files\/filme-v-de-vinganca.jpg?resize=350%2C200&ssl=1","width":350,"height":200},"classes":[]}],"_links":{"self":[{"href":"https:\/\/radames.manosso.nom.br\/critica\/wp-json\/wp\/v2\/posts\/290","targetHints":{"allow":["GET"]}}],"collection":[{"href":"https:\/\/radames.manosso.nom.br\/critica\/wp-json\/wp\/v2\/posts"}],"about":[{"href":"https:\/\/radames.manosso.nom.br\/critica\/wp-json\/wp\/v2\/types\/post"}],"author":[{"embeddable":true,"href":"https:\/\/radames.manosso.nom.br\/critica\/wp-json\/wp\/v2\/users\/1"}],"replies":[{"embeddable":true,"href":"https:\/\/radames.manosso.nom.br\/critica\/wp-json\/wp\/v2\/comments?post=290"}],"version-history":[{"count":8,"href":"https:\/\/radames.manosso.nom.br\/critica\/wp-json\/wp\/v2\/posts\/290\/revisions"}],"predecessor-version":[{"id":1587,"href":"https:\/\/radames.manosso.nom.br\/critica\/wp-json\/wp\/v2\/posts\/290\/revisions\/1587"}],"wp:attachment":[{"href":"https:\/\/radames.manosso.nom.br\/critica\/wp-json\/wp\/v2\/media?parent=290"}],"wp:term":[{"taxonomy":"category","embeddable":true,"href":"https:\/\/radames.manosso.nom.br\/critica\/wp-json\/wp\/v2\/categories?post=290"},{"taxonomy":"post_tag","embeddable":true,"href":"https:\/\/radames.manosso.nom.br\/critica\/wp-json\/wp\/v2\/tags?post=290"}],"curies":[{"name":"wp","href":"https:\/\/api.w.org\/{rel}","templated":true}]}}