{"id":327,"date":"2010-09-12T21:29:16","date_gmt":"2010-09-13T00:29:16","guid":{"rendered":"http:\/\/radames.manosso.nom.br\/critica\/?p=327"},"modified":"2021-03-12T18:28:42","modified_gmt":"2021-03-12T21:28:42","slug":"a-queda-as-ultimas-horas-de-hitler","status":"publish","type":"post","link":"https:\/\/radames.manosso.nom.br\/critica\/filmes\/a-queda-as-ultimas-horas-de-hitler\/","title":{"rendered":"Cr\u00edtica | A queda \u2013 as \u00faltimas horas de Hitler"},"content":{"rendered":"\n<h2 class=\"wp-block-heading\">Alem\u00e3es ajustam contas com o passado<\/h2>\n\n\n\n<figure class=\"wp-block-image\"><a href=\"https:\/\/i0.wp.com\/radames.manosso.nom.br\/critica\/files\/filme-a-queda-capa.jpg?ssl=1\"><img data-recalc-dims=\"1\" loading=\"lazy\" decoding=\"async\" width=\"110\" height=\"165\" data-attachment-id=\"328\" data-permalink=\"https:\/\/radames.manosso.nom.br\/critica\/filmes\/a-queda-as-ultimas-horas-de-hitler\/attachment\/filme-a-queda-capa\/\" data-orig-file=\"https:\/\/i0.wp.com\/radames.manosso.nom.br\/critica\/files\/filme-a-queda-capa.jpg?fit=110%2C165&amp;ssl=1\" data-orig-size=\"110,165\" data-comments-opened=\"1\" data-image-meta=\"{&quot;aperture&quot;:&quot;0&quot;,&quot;credit&quot;:&quot;&quot;,&quot;camera&quot;:&quot;&quot;,&quot;caption&quot;:&quot;&quot;,&quot;created_timestamp&quot;:&quot;0&quot;,&quot;copyright&quot;:&quot;&quot;,&quot;focal_length&quot;:&quot;0&quot;,&quot;iso&quot;:&quot;0&quot;,&quot;shutter_speed&quot;:&quot;0&quot;,&quot;title&quot;:&quot;&quot;}\" data-image-title=\"Capa do filme A queda &#8211; as \u00faltimas horas de Hitler\" data-image-description=\"\" data-image-caption=\"\" data-large-file=\"https:\/\/i0.wp.com\/radames.manosso.nom.br\/critica\/files\/filme-a-queda-capa.jpg?fit=110%2C165&amp;ssl=1\" src=\"https:\/\/i0.wp.com\/radames.manosso.nom.br\/critica\/files\/filme-a-queda-capa.jpg?resize=110%2C165&#038;ssl=1\" alt=\"\" class=\"wp-image-328\" title=\"Capa do filme A queda - as \u00faltimas horas de Hitler\" srcset=\"https:\/\/i0.wp.com\/radames.manosso.nom.br\/critica\/files\/filme-a-queda-capa.jpg?w=110&amp;ssl=1 110w, https:\/\/i0.wp.com\/radames.manosso.nom.br\/critica\/files\/filme-a-queda-capa.jpg?resize=100%2C150&amp;ssl=1 100w\" sizes=\"auto, (max-width: 110px) 100vw, 110px\" \/><\/a><\/figure>\n\n\n\n<p><em>Der Untergang<br>Dire\u00e7\u00e3o de Oliver Hirschbiegel<br>2004 : Alemanha : 156 min<br>Site oficial: <a href=\"http:\/\/www.downfallthefilm.com\/\" target=\"_blank\" rel=\"noopener noreferrer\"> www.downfallthefilm.com<\/a><br>Com Bruno Ganz (Adolf Hitler),<br>Alexandra Maria Lara (Traudl Junge) e<br>Corinna Harfouch (Magda Goebbels)<\/em><\/p>\n\n\n\n<p>O risco era alto: Um filme alem\u00e3o sobre o fim do Terceiro Reich. Bastava errar a m\u00e3o e os idealizadores seriam acusados de desrespeitar a mem\u00f3ria dos milh\u00f5es de mortos da Segunda Guerra. Mas o filme deu certo e, com equil\u00edbrio e sensibilidade, ajudou os alem\u00e3es a acertarem contas com seu passado. <\/p>\n\n\n\n<h3 class=\"wp-block-heading\">Hitler visto de perto<\/h3>\n\n\n\n<p>Algumas pessoas ficaram incomodadas por verem um Hitler humano. Realmente, a atua\u00e7\u00e3o de Bruno Ganz nos coloca diante de um Hitler perturbado, que delira comandando tropas imagin\u00e1rias, que n\u00e3o sente compaix\u00e3o pelo destino dos alem\u00e3es, mas que reserva algumas palavras ternas para colaboradores pr\u00f3ximos. N\u00e3o vejo como poderia ser diferente. Em um filme denso n\u00e3o se tem escolha sen\u00e3o mostrar o personagem principal como ser humano, mesmo que o ser humano em quest\u00e3o seja Adolf Hitler.<\/p>\n\n\n\n<figure class=\"wp-block-image\"><a href=\"https:\/\/i0.wp.com\/radames.manosso.nom.br\/critica\/files\/filme-a-queda.jpg?ssl=1\"><img data-recalc-dims=\"1\" loading=\"lazy\" decoding=\"async\" width=\"452\" height=\"300\" data-attachment-id=\"329\" data-permalink=\"https:\/\/radames.manosso.nom.br\/critica\/filmes\/a-queda-as-ultimas-horas-de-hitler\/attachment\/filme-a-queda\/\" data-orig-file=\"https:\/\/i0.wp.com\/radames.manosso.nom.br\/critica\/files\/filme-a-queda.jpg?fit=452%2C300&amp;ssl=1\" data-orig-size=\"452,300\" data-comments-opened=\"1\" data-image-meta=\"{&quot;aperture&quot;:&quot;0&quot;,&quot;credit&quot;:&quot;&quot;,&quot;camera&quot;:&quot;&quot;,&quot;caption&quot;:&quot;&quot;,&quot;created_timestamp&quot;:&quot;0&quot;,&quot;copyright&quot;:&quot;&quot;,&quot;focal_length&quot;:&quot;0&quot;,&quot;iso&quot;:&quot;0&quot;,&quot;shutter_speed&quot;:&quot;0&quot;,&quot;title&quot;:&quot;&quot;}\" data-image-title=\"Cena do filme A queda &#8211; as \u00faltimas horas de Hitler\" data-image-description=\"\" data-image-caption=\"\" data-large-file=\"https:\/\/i0.wp.com\/radames.manosso.nom.br\/critica\/files\/filme-a-queda.jpg?fit=452%2C300&amp;ssl=1\" src=\"https:\/\/i0.wp.com\/radames.manosso.nom.br\/critica\/files\/filme-a-queda.jpg?resize=452%2C300&#038;ssl=1\" alt=\"\" class=\"wp-image-329\" title=\"Cena do filme A queda - as \u00faltimas horas de Hitler\" srcset=\"https:\/\/i0.wp.com\/radames.manosso.nom.br\/critica\/files\/filme-a-queda.jpg?w=452&amp;ssl=1 452w, https:\/\/i0.wp.com\/radames.manosso.nom.br\/critica\/files\/filme-a-queda.jpg?resize=300%2C199&amp;ssl=1 300w, https:\/\/i0.wp.com\/radames.manosso.nom.br\/critica\/files\/filme-a-queda.jpg?resize=150%2C99&amp;ssl=1 150w\" sizes=\"auto, (max-width: 452px) 100vw, 452px\" \/><\/a><\/figure>\n\n\n\n<!--more-->\n\n\n\n<h3 class=\"wp-block-heading\">Filme claustrof\u00f3bico<\/h3>\n\n\n\n<p>Quem assistir que n\u00e3o espere suavidade. O filme \u00e9 tr\u00e1gico, claustrof\u00f3bico e tenso do in\u00edcio ao fim. Nas ruas de Berlim, a guerra corre selvagem, fan\u00e1ticos da Juventude Hitlerista morrem em v\u00e3o. No interior do bunker, entre festas e bebedeiras dos seus colaboradores pr\u00f3ximos, Hitler insiste na resist\u00eancia at\u00e9 o \u00faltimo homem, revoltado com o fracasso do povo alem\u00e3o.<\/p>\n\n\n\n<p>O que se passou exatamente no bunker de Hitler nos \u00faltimos dias de abril de 1945 permanecer\u00e1 para sempre como mist\u00e9rio. Mas o roteiro do filme se baseia em depoimentos de pessoas que estiveram l\u00e1, como os de Traudl Junge, secret\u00e1ria de Hitler, o que leva a crer que <em>A Queda<\/em> se aproxima bastante dos fatos. Est\u00e1 certo que esses fatos chegam aos nossos olhos pelas lentes de Oliver Hirschbiegel. <\/p>\n\n\n\n<p>\u00c9 ele quem nos mostra alguns como fan\u00e1ticos, outros como meros instrumentos. \u00c9 ele quem enfatiza o rigoroso profissionalismo do ex\u00e9rcito alem\u00e3o. Mas ele teve a coragem de assumir os riscos desses posicionamentos necess\u00e1rios, respaldado em registros hist\u00f3ricos e na sua sensibilidade art\u00edstica. Creio que acertou nas cores e tons. Filme fundamental sobre fatos hist\u00f3ricos fundamentais.<\/p>\n\n\n\n<h3 class=\"wp-block-heading\">Marcante<\/h3>\n\n\n\n<ul class=\"wp-block-list\"><li>Alem\u00e3es fazendo um filme rigorosamente hist\u00f3rico sobre Hitler.<\/li><li>A performance de Bruno Ganz como o descontrolado f\u00fchrer.<\/li><li>O acesso de f\u00faria do ditador quando toma conhecimento da trai\u00e7\u00e3o de Himmler, entre todos, seu mais fiel seguidor.<\/li><\/ul>\n\n\n\n<h3 class=\"wp-block-heading\">Filmes<\/h3>\n\n\n\n<ul class=\"wp-block-list\"><li><a href=\"https:\/\/radames.manosso.nom.br\/critica\/filmes\/007-operacao-skyfall\/\">007 Opera\u00e7\u00e3o Skyfall<\/a><\/li><li><a href=\"https:\/\/radames.manosso.nom.br\/critica\/filmes\/12-homens-e-uma-sentenca\/\">12 homens e uma senten\u00e7a<\/a><\/li><li><a href=\"https:\/\/radames.manosso.nom.br\/critica\/filmes\/21-gramas\/\">21 gramas<\/a><\/li><li><a href=\"https:\/\/radames.manosso.nom.br\/critica\/filmes\/aconteceu-naquela-noite\/\">Aconteceu naquela noite<\/a><\/li><li><a href=\"https:\/\/radames.manosso.nom.br\/critica\/filmes\/a-culpa-e-do-fidel\/\">A culpa \u00e9 do Fidel<\/a><\/li><li><a href=\"https:\/\/radames.manosso.nom.br\/critica\/filmes\/adaptacao\/\">Adapta\u00e7\u00e3o<\/a><\/li><li><a href=\"https:\/\/radames.manosso.nom.br\/critica\/filmes\/adeus-lenin\/\">Adeus, Lenin!<\/a><\/li><li><a href=\"https:\/\/radames.manosso.nom.br\/critica\/filmes\/adivinhe-quem-vem-para-jantar\/\">Adivinhe quem vem para jantar<\/a><\/li><li><a href=\"https:\/\/radames.manosso.nom.br\/critica\/filmes\/alien-o-oitavo-passageiro\/\">Alien o oitavo passageiro<\/a><\/li><li><a href=\"https:\/\/radames.manosso.nom.br\/critica\/filmes\/a-malvada\/\">A malvada<\/a><\/li><li><a href=\"https:\/\/radames.manosso.nom.br\/critica\/filmes\/a-mulher-faz-o-homem\/\">A mulher faz o homem<\/a><\/li><li><a href=\"https:\/\/radames.manosso.nom.br\/critica\/filmes\/anatomia-de-um-crime\/\">Anatomia de um crime<\/a><\/li><li><a href=\"https:\/\/radames.manosso.nom.br\/critica\/filmes\/apocalypto\/\">Apocalypto<\/a><\/li><li><a href=\"https:\/\/radames.manosso.nom.br\/critica\/filmes\/a-queda-as-ultimas-horas-de-hitler\/\">A queda &#8211; as \u00faltimas horas de Hitler<\/a><\/li><li><a href=\"https:\/\/radames.manosso.nom.br\/critica\/filmes\/a-rede-social\/\">A rede social<\/a><\/li><li><a href=\"https:\/\/radames.manosso.nom.br\/critica\/filmes\/colateral\/\">Colateral<\/a><\/li><li><a href=\"https:\/\/radames.manosso.nom.br\/critica\/filmes\/como-era-verde-meu-vale\/\">Como era verde meu vale<\/a><\/li><li><a href=\"https:\/\/radames.manosso.nom.br\/critica\/filmes\/crepusculo-dos-deuses\/\">Crep\u00fasculo dos deuses<\/a><\/li><li><a href=\"https:\/\/radames.manosso.nom.br\/critica\/filmes\/distrito-9\/\">Distrito 9<\/a><\/li><li><a href=\"https:\/\/radames.manosso.nom.br\/critica\/filmes\/fahrenheit-451\/\">Fahrenheit 451<\/a><\/li><li><a href=\"https:\/\/radames.manosso.nom.br\/critica\/filmes\/gran-torino\/\">Gran Torino<\/a><\/li><li><a href=\"https:\/\/radames.manosso.nom.br\/critica\/filmes\/marty\/\">Marty<\/a><\/li><li><a href=\"https:\/\/radames.manosso.nom.br\/critica\/filmes\/o-diabo-veste-prada\/\">O diabo veste Prada<\/a><\/li><li><a href=\"https:\/\/radames.manosso.nom.br\/critica\/filmes\/o-segredo-de-seus-olhos\/\">O segredo de seus olhos<\/a><\/li><li><a href=\"https:\/\/radames.manosso.nom.br\/critica\/filmes\/os-infiltrados\/\">Os infiltrados<\/a><\/li><li><a href=\"https:\/\/radames.manosso.nom.br\/critica\/filmes\/os-sete-samurais\/\">Os sete samurais<\/a><\/li><li><a href=\"https:\/\/radames.manosso.nom.br\/critica\/filmes\/o-tesouro-de-sierra-madre\/\">O tesouro de Sierra Madre<\/a><\/li><li><a href=\"https:\/\/radames.manosso.nom.br\/critica\/filmes\/perfume-a-historia-de-um-assassino\/\">Perfume &#8211; a hist\u00f3ria de um assassino<\/a><\/li><li><a href=\"https:\/\/radames.manosso.nom.br\/critica\/filmes\/sete-homens-e-um-destino\/\">Sete homens e um destino<\/a><\/li><li><a href=\"https:\/\/radames.manosso.nom.br\/critica\/filmes\/sete-noivas-para-sete-irmaos\/\">Sete noivas para sete irm\u00e3os<\/a><\/li><li><a href=\"https:\/\/radames.manosso.nom.br\/critica\/filmes\/seven\/\">Seven<\/a><\/li><li><a href=\"https:\/\/radames.manosso.nom.br\/critica\/filmes\/sin-city\/\">Sin City<\/a><\/li><li><a href=\"https:\/\/radames.manosso.nom.br\/critica\/filmes\/tropa-de-elite\/\">Tropa de elite<\/a><\/li><li><a href=\"https:\/\/radames.manosso.nom.br\/critica\/filmes\/um-ato-de-liberdade\/\">Um ato de liberdade<\/a><\/li><li><a href=\"https:\/\/radames.manosso.nom.br\/critica\/filmes\/underground-mentiras-de-guerra\/\">Underground &#8211; mentiras de guerra<\/a><\/li><li><a href=\"https:\/\/radames.manosso.nom.br\/critica\/filmes\/vidas-amargas\/\">Vidas amargas<\/a><\/li><li><a href=\"https:\/\/radames.manosso.nom.br\/critica\/filmes\/z\/\">Z<\/a><\/li><li><a href=\"https:\/\/radames.manosso.nom.br\/critica\/filmes\/a-bolha\/\">A bolha<\/a><\/li><li><a href=\"https:\/\/radames.manosso.nom.br\/critica\/filmes\/matadores-de-velhinha\/\">Matadores de velhinha<\/a><\/li><li><a href=\"https:\/\/radames.manosso.nom.br\/critica\/filmes\/o-albergue\/\">O albergue<\/a><\/li><li><a href=\"https:\/\/radames.manosso.nom.br\/critica\/filmes\/os-doze-condenados\/\">Os doze condenados<\/a><\/li><li><a href=\"https:\/\/radames.manosso.nom.br\/critica\/filmes\/o-vampiro-da-noite\/\">O vampiro da noite<\/a><\/li><li><a href=\"https:\/\/radames.manosso.nom.br\/critica\/filmes\/scaramouche\/\">Scaramouche<\/a><\/li><li><a href=\"https:\/\/radames.manosso.nom.br\/critica\/filmes\/v-de-vinganca\/\">V de vingan\u00e7a<\/a><\/li><\/ul>\n","protected":false},"excerpt":{"rendered":"<p>Alem\u00e3es ajustam contas com o passado Der UntergangDire\u00e7\u00e3o de Oliver Hirschbiegel2004 : Alemanha : 156 minSite oficial: www.downfallthefilm.comCom Bruno Ganz (Adolf Hitler),Alexandra Maria Lara (Traudl Junge) eCorinna Harfouch (Magda Goebbels) O risco era alto: Um filme alem\u00e3o sobre o fim do Terceiro Reich. Bastava errar a m\u00e3o e os idealizadores seriam acusados de desrespeitar a &hellip; <a href=\"https:\/\/radames.manosso.nom.br\/critica\/filmes\/a-queda-as-ultimas-horas-de-hitler\/\" class=\"more-link\">Continue lendo <span class=\"screen-reader-text\">Cr\u00edtica | A queda \u2013 as \u00faltimas horas de Hitler<\/span> <span class=\"meta-nav\">&rarr;<\/span><\/a><\/p>\n","protected":false},"author":1,"featured_media":0,"comment_status":"open","ping_status":"closed","sticky":false,"template":"","format":"standard","meta":{"jetpack_post_was_ever_published":false,"_jetpack_newsletter_access":"","_jetpack_dont_email_post_to_subs":false,"_jetpack_newsletter_tier_id":0,"_jetpack_memberships_contains_paywalled_content":false,"_jetpack_memberships_contains_paid_content":false,"footnotes":"","jetpack_publicize_message":"","jetpack_publicize_feature_enabled":true,"jetpack_social_post_already_shared":false,"jetpack_social_options":{"image_generator_settings":{"template":"highway","default_image_id":0,"font":"","enabled":false},"version":2}},"categories":[4],"tags":[15,27,29,37,57],"class_list":["post-327","post","type-post","status-publish","format-standard","hentry","category-filmes","tag-256-filmes","tag-alemanha","tag-decada-2000","tag-guerra","tag-historia"],"jetpack_publicize_connections":[],"jetpack_featured_media_url":"","jetpack_sharing_enabled":true,"jetpack_shortlink":"https:\/\/wp.me\/p14lZD-5h","jetpack-related-posts":[{"id":316,"url":"https:\/\/radames.manosso.nom.br\/critica\/filmes\/adeus-lenin\/","url_meta":{"origin":327,"position":0},"title":"Cr\u00edtica | Adeus, Lenin!","author":"Radam\u00e9s","date":false,"format":false,"excerpt":"A segunda queda do muro de Berlim Good bye, Lenin!Dire\u00e7\u00e3o de Wolfgang Becker2003 : Alemanha :\u00a0118 minCom Daniel Br\u00fchl (Alexander) eKatrin Sass (Christine)Site oficial: www.good-bye-lenin.de Sempre esperamos que a arte exorcize os dem\u00f4nios da Hist\u00f3ria. A queda do muro de Berlim foi um trauma para muita gente. N\u00e3o que as\u2026","rel":"","context":"Em &quot;Filmes&quot;","block_context":{"text":"Filmes","link":"https:\/\/radames.manosso.nom.br\/critica\/category\/filmes\/"},"img":{"alt_text":"","src":"https:\/\/i0.wp.com\/radames.manosso.nom.br\/critica\/files\/filme-adeus-lenin.jpg?resize=350%2C200&ssl=1","width":350,"height":200},"classes":[]},{"id":439,"url":"https:\/\/radames.manosso.nom.br\/critica\/filmes\/um-ato-de-liberdade\/","url_meta":{"origin":327,"position":1},"title":"Cr\u00edtica | Um ato de liberdade","author":"Radam\u00e9s","date":false,"format":false,"excerpt":"O \u00eaxodo DefianceDire\u00e7\u00e3o de Edward Zwick2008 : EUA : 137 minCom Daniel Craig (Tuvia) eLev Schreiber (Zus) Quando Mois\u00e9s liderou seu povo na fuga do Egito em busca da Terra Prometida foi preciso cruzar o Mar Vermelho. Segundo a B\u00edblia, a travessia s\u00f3 foi poss\u00edvel gra\u00e7as \u00e0 interven\u00e7\u00e3o divina. Guardadas\u2026","rel":"","context":"Em &quot;Filmes&quot;","block_context":{"text":"Filmes","link":"https:\/\/radames.manosso.nom.br\/critica\/category\/filmes\/"},"img":{"alt_text":"","src":"https:\/\/i0.wp.com\/radames.manosso.nom.br\/critica\/files\/filme-um-ato-de-liberdade.jpg?resize=350%2C200&ssl=1","width":350,"height":200,"srcset":"https:\/\/i0.wp.com\/radames.manosso.nom.br\/critica\/files\/filme-um-ato-de-liberdade.jpg?resize=350%2C200&ssl=1 1x, https:\/\/i0.wp.com\/radames.manosso.nom.br\/critica\/files\/filme-um-ato-de-liberdade.jpg?resize=525%2C300&ssl=1 1.5x"},"classes":[]},{"id":111,"url":"https:\/\/radames.manosso.nom.br\/critica\/filmes\/o-vampiro-da-noite\/","url_meta":{"origin":327,"position":2},"title":"Cr\u00edtica | O vampiro da noite","author":"Radam\u00e9s","date":false,"format":false,"excerpt":"O cl\u00e1ssico B sobre o pr\u00edncipe das trevas Horror of DraculaDire\u00e7\u00e3o de Terence Fisher1958 : Inglaterra : 82 minCom Peter Cushing (Van Helsing) eChristopher Lee (Dr\u00e1cula) Quase morri de medo ao ver esse filme pela primeira vez. Era uma noite fria de inverno e alguns galhos,\u00a0agitados pelo vento,\u00a0batiam contra a\u2026","rel":"","context":"Em &quot;Filmes&quot;","block_context":{"text":"Filmes","link":"https:\/\/radames.manosso.nom.br\/critica\/category\/filmes\/"},"img":{"alt_text":"","src":"https:\/\/i0.wp.com\/radames.manosso.nom.br\/critica\/files\/filme-o-vampiro-da-noite-capa.jpg?resize=350%2C200","width":350,"height":200},"classes":[]},{"id":155,"url":"https:\/\/radames.manosso.nom.br\/critica\/filmes\/underground-mentiras-de-guerra\/","url_meta":{"origin":327,"position":3},"title":"Cr\u00edtica | Underground \u2013 mentiras de guerra","author":"Radam\u00e9s","date":false,"format":false,"excerpt":"O bom e o mau comunista UndergroundDire\u00e7\u00e3o de Emir Kusturica1995 : Fran\u00e7a\/Iugosl\u00e1via :\u00a0 194 minCom\u00a0Miki Manoljovic (Marko),Lasar Rostowski (Crni) eMirjana Jokovki (Natalija). A capa do DVD de Underground nos mostra uma imagem de extraordin\u00e1ria for\u00e7a: uma bela loira dan\u00e7a excitada em volta do canh\u00e3o de um tanque de guerra. O\u2026","rel":"","context":"Em &quot;Filmes&quot;","block_context":{"text":"Filmes","link":"https:\/\/radames.manosso.nom.br\/critica\/category\/filmes\/"},"img":{"alt_text":"","src":"https:\/\/i0.wp.com\/radames.manosso.nom.br\/critica\/files\/filme-underground.jpg?resize=350%2C200&ssl=1","width":350,"height":200},"classes":[]},{"id":134,"url":"https:\/\/radames.manosso.nom.br\/critica\/filmes\/a-bolha\/","url_meta":{"origin":327,"position":4},"title":"Cr\u00edtica | A bolha","author":"Radam\u00e9s","date":false,"format":false,"excerpt":"Gosmenta, asquerosa, trash e cult The blobDire\u00e7\u00e3o de Irvin S. Yeaworth Jr.1958 : EUA :\u00a086 minCom Steve McQueen (Steve) eAneta Corsaut (Jane)Tema de abertura de Burt Bacharach Ela veio do espa\u00e7o dentro de um meteorito e est\u00e1 crescendo sem parar gra\u00e7as a uma dieta rica em prote\u00edna humana. Nada parece\u2026","rel":"","context":"Em &quot;Filmes&quot;","block_context":{"text":"Filmes","link":"https:\/\/radames.manosso.nom.br\/critica\/category\/filmes\/"},"img":{"alt_text":"","src":"https:\/\/i0.wp.com\/radames.manosso.nom.br\/critica\/files\/filme-a-bolha-capa.jpg?resize=350%2C200","width":350,"height":200},"classes":[]},{"id":345,"url":"https:\/\/radames.manosso.nom.br\/critica\/filmes\/21-gramas\/","url_meta":{"origin":327,"position":5},"title":"Cr\u00edtica | 21 gramas","author":"Radam\u00e9s","date":false,"format":false,"excerpt":"Sensibilidade em estado puro 21 gramsDire\u00e7\u00e3o de Alejandro Gonzalez-I\u00f1\u00e1rritu2003 : EUA :\u00a0125 minCom\u00a0Sean Penn (Paul),Benicio Del Toro (Jack) eNaomi Watts (Christina)Site oficial: www.21-grams.com Morte como tema S\u00e3o muitos os filmes que t\u00eam a morte como tema. Em alguns, ela \u00e9 consequ\u00eancia da guerra, em outros, da gan\u00e2ncia do ser humano.\u2026","rel":"","context":"Em &quot;Filmes&quot;","block_context":{"text":"Filmes","link":"https:\/\/radames.manosso.nom.br\/critica\/category\/filmes\/"},"img":{"alt_text":"","src":"https:\/\/i0.wp.com\/radames.manosso.nom.br\/critica\/files\/filme-21-gramas.jpg?resize=350%2C200&ssl=1","width":350,"height":200},"classes":[]}],"_links":{"self":[{"href":"https:\/\/radames.manosso.nom.br\/critica\/wp-json\/wp\/v2\/posts\/327","targetHints":{"allow":["GET"]}}],"collection":[{"href":"https:\/\/radames.manosso.nom.br\/critica\/wp-json\/wp\/v2\/posts"}],"about":[{"href":"https:\/\/radames.manosso.nom.br\/critica\/wp-json\/wp\/v2\/types\/post"}],"author":[{"embeddable":true,"href":"https:\/\/radames.manosso.nom.br\/critica\/wp-json\/wp\/v2\/users\/1"}],"replies":[{"embeddable":true,"href":"https:\/\/radames.manosso.nom.br\/critica\/wp-json\/wp\/v2\/comments?post=327"}],"version-history":[{"count":5,"href":"https:\/\/radames.manosso.nom.br\/critica\/wp-json\/wp\/v2\/posts\/327\/revisions"}],"predecessor-version":[{"id":1589,"href":"https:\/\/radames.manosso.nom.br\/critica\/wp-json\/wp\/v2\/posts\/327\/revisions\/1589"}],"wp:attachment":[{"href":"https:\/\/radames.manosso.nom.br\/critica\/wp-json\/wp\/v2\/media?parent=327"}],"wp:term":[{"taxonomy":"category","embeddable":true,"href":"https:\/\/radames.manosso.nom.br\/critica\/wp-json\/wp\/v2\/categories?post=327"},{"taxonomy":"post_tag","embeddable":true,"href":"https:\/\/radames.manosso.nom.br\/critica\/wp-json\/wp\/v2\/tags?post=327"}],"curies":[{"name":"wp","href":"https:\/\/api.w.org\/{rel}","templated":true}]}}