{"id":439,"date":"2010-10-06T15:02:37","date_gmt":"2010-10-06T18:02:37","guid":{"rendered":"http:\/\/radames.manosso.nom.br\/critica\/?p=439"},"modified":"2021-03-14T20:35:15","modified_gmt":"2021-03-14T23:35:15","slug":"um-ato-de-liberdade","status":"publish","type":"post","link":"https:\/\/radames.manosso.nom.br\/critica\/filmes\/um-ato-de-liberdade\/","title":{"rendered":"Cr\u00edtica | Um ato de liberdade"},"content":{"rendered":"\n<h2 class=\"wp-block-heading\">O \u00eaxodo<\/h2>\n\n\n\n<figure class=\"wp-block-image\"><a href=\"https:\/\/i0.wp.com\/radames.manosso.nom.br\/critica\/files\/capa-filme-um-ato-de-liberdade.jpg?ssl=1\"><img data-recalc-dims=\"1\" loading=\"lazy\" decoding=\"async\" width=\"101\" height=\"150\" data-attachment-id=\"441\" data-permalink=\"https:\/\/radames.manosso.nom.br\/critica\/filmes\/um-ato-de-liberdade\/attachment\/capa-filme-um-ato-de-liberdade\/\" data-orig-file=\"https:\/\/i0.wp.com\/radames.manosso.nom.br\/critica\/files\/capa-filme-um-ato-de-liberdade.jpg?fit=101%2C150&amp;ssl=1\" data-orig-size=\"101,150\" data-comments-opened=\"1\" data-image-meta=\"{&quot;aperture&quot;:&quot;0&quot;,&quot;credit&quot;:&quot;Picasa 3.0&quot;,&quot;camera&quot;:&quot;&quot;,&quot;caption&quot;:&quot;&quot;,&quot;created_timestamp&quot;:&quot;0&quot;,&quot;copyright&quot;:&quot;&quot;,&quot;focal_length&quot;:&quot;0&quot;,&quot;iso&quot;:&quot;0&quot;,&quot;shutter_speed&quot;:&quot;0&quot;,&quot;title&quot;:&quot;&quot;}\" data-image-title=\"Capa do filme Um ato de liberdade\" data-image-description=\"\" data-image-caption=\"\" data-large-file=\"https:\/\/i0.wp.com\/radames.manosso.nom.br\/critica\/files\/capa-filme-um-ato-de-liberdade.jpg?fit=101%2C150&amp;ssl=1\" src=\"https:\/\/i0.wp.com\/radames.manosso.nom.br\/critica\/files\/capa-filme-um-ato-de-liberdade.jpg?resize=101%2C150&#038;ssl=1\" alt=\"\" class=\"wp-image-441\" title=\"Capa do filme Um ato de liberdade\"\/><\/a><\/figure>\n\n\n\n<p><em>Defiance<br>Dire\u00e7\u00e3o de Edward Zwick<br>2008 : EUA : 137 min<br>Com Daniel Craig (Tuvia) e<br>Lev Schreiber (Zus)<\/em><\/p>\n\n\n\n<p>Quando Mois\u00e9s liderou seu povo na fuga do Egito em busca da Terra Prometida foi preciso cruzar o Mar Vermelho. Segundo a B\u00edblia, a travessia s\u00f3 foi poss\u00edvel gra\u00e7as \u00e0 interven\u00e7\u00e3o divina. Guardadas as propor\u00e7\u00f5es, <em>Um ato de liberdade<\/em> \u00e9 uma hist\u00f3ria de supera\u00e7\u00e3o, um verdadeiro \u00caxodo nos confins da Bielorr\u00fassia. Baseado em fatos reais, o filme nos conta a hist\u00f3ria dos irm\u00e3os judeus Bielski que lutaram contra os nazistas durante a Segunda Guerra Mundial. <\/p>\n\n\n\n<p>Quase toda a fam\u00edlia Bielski desapareceu no exterm\u00ednio de judeus comandado pela SS durante a invas\u00e3o da Uni\u00e3o Sovi\u00e9tica. Para fugir da morte os irm\u00e3os se esconderam na floresta, mas n\u00e3o contavam que outros fugitivos viriam se juntar ao grupo. Com o tempo, forma-se uma comunidade de sobreviventes que ter\u00e1 que passar por prova\u00e7\u00f5es de todo tipo: fome, frio, doen\u00e7a e persegui\u00e7\u00e3o.<\/p>\n\n\n\n<figure class=\"wp-block-image\"><a href=\"https:\/\/i0.wp.com\/radames.manosso.nom.br\/critica\/files\/filme-um-ato-de-liberdade.jpg?ssl=1\"><img data-recalc-dims=\"1\" loading=\"lazy\" decoding=\"async\" width=\"601\" height=\"402\" data-attachment-id=\"443\" data-permalink=\"https:\/\/radames.manosso.nom.br\/critica\/filmes\/um-ato-de-liberdade\/attachment\/filme-um-ato-de-liberdade\/\" data-orig-file=\"https:\/\/i0.wp.com\/radames.manosso.nom.br\/critica\/files\/filme-um-ato-de-liberdade.jpg?fit=601%2C402&amp;ssl=1\" data-orig-size=\"601,402\" data-comments-opened=\"1\" data-image-meta=\"{&quot;aperture&quot;:&quot;0&quot;,&quot;credit&quot;:&quot;&quot;,&quot;camera&quot;:&quot;&quot;,&quot;caption&quot;:&quot;&quot;,&quot;created_timestamp&quot;:&quot;0&quot;,&quot;copyright&quot;:&quot;&quot;,&quot;focal_length&quot;:&quot;0&quot;,&quot;iso&quot;:&quot;0&quot;,&quot;shutter_speed&quot;:&quot;0&quot;,&quot;title&quot;:&quot;&quot;}\" data-image-title=\"Cena do filme Um ato de liberdade\" data-image-description=\"\" data-image-caption=\"\" data-large-file=\"https:\/\/i0.wp.com\/radames.manosso.nom.br\/critica\/files\/filme-um-ato-de-liberdade.jpg?fit=601%2C402&amp;ssl=1\" src=\"https:\/\/i0.wp.com\/radames.manosso.nom.br\/critica\/files\/filme-um-ato-de-liberdade.jpg?resize=601%2C402&#038;ssl=1\" alt=\"\" class=\"wp-image-443\" title=\"Cena do filme Um ato de liberdade\" srcset=\"https:\/\/i0.wp.com\/radames.manosso.nom.br\/critica\/files\/filme-um-ato-de-liberdade.jpg?w=601&amp;ssl=1 601w, https:\/\/i0.wp.com\/radames.manosso.nom.br\/critica\/files\/filme-um-ato-de-liberdade.jpg?resize=300%2C200&amp;ssl=1 300w, https:\/\/i0.wp.com\/radames.manosso.nom.br\/critica\/files\/filme-um-ato-de-liberdade.jpg?resize=150%2C100&amp;ssl=1 150w\" sizes=\"auto, (max-width: 601px) 100vw, 601px\" \/><\/a><\/figure>\n\n\n\n<!--more-->\n\n\n\n<h3 class=\"wp-block-heading\">Temperamentos opostos<\/h3>\n\n\n\n<p>Os dois irm\u00e3os mais velhos da fam\u00edlia Bielski t\u00eam temperamentos opostos. Tuvia que lidera os sobreviventes \u00e9 mais equilibrado e humanista. Tenta manter a dignidade em situa\u00e7\u00f5es extremas, mas talvez por ser humano em alguns momentos rende-se aos instintos b\u00e1sicos. Em outros simplesmente faz o que precisa ser feito. Seu irm\u00e3o Zus tem temperamento belicoso. Destemido e adepto das solu\u00e7\u00f5es sum\u00e1rias, Zus prefere lutar com os partisans sovi\u00e9ticos onde se destaca e conquista a confian\u00e7a dos comandantes pelo seu esp\u00edrito aguerrido e apesar do preconceito dos russos contra os judeus.<\/p>\n\n\n\n<p>A comunidade da floresta \u00e9 uma pequena sociedade complexa com demonstra\u00e7\u00f5es de grandeza e solidariedade na maior parte do tempo, mas sujeita a divis\u00f5es e histeria em situa\u00e7\u00f5es cr\u00edticas. Todos s\u00e3o obrigados a se adaptar a uma realidade nova e dura, onde os pap\u00e9is que desempenhavam no passado perdem o valor. As habilidades e os valores de cada um s\u00e3o postos \u00e0 prova. <\/p>\n\n\n\n<p>Nesse ambiente primitivo de necessidades b\u00e1sicas o que importa \u00e9 a capacidade de sobreviver. No meio da floresta n\u00e3o importa ser intelectual, refinado ou bem nascido. A nova realidade faz alguns perderem a f\u00e9, outros o car\u00e1ter. Mesmo os \u00edntegros optam pela justi\u00e7a com as pr\u00f3prias m\u00e3os e a guerra estraga a todos. Felizmente, uns poucos mantem o foco e a esperan\u00e7a, mesmo que as perspectivas sejam as piores poss\u00edveis.<\/p>\n\n\n\n<h3 class=\"wp-block-heading\">Pol\u00eamicas inevit\u00e1veis<\/h3>\n\n\n\n<p>Provavelmente, a hist\u00f3ria dos Bielski foi adaptada para as necessidades do espet\u00e1culo cinematogr\u00e1fico. Pode ter sido glamourizada em um ou outro ponto, mas na maior parte do tempo o que temos \u00e9 realidade crua e ningu\u00e9m \u00e9 poupado. As cenas de batalha s\u00e3o envolventes, a produ\u00e7\u00e3o \u00e9 impec\u00e1vel, o elenco \u00e9 de n\u00edvel, a dire\u00e7\u00e3o \u00e9 firme e as paisagens naturais s\u00e3o incr\u00edveis. Com todas essas qualidades, o filme ainda n\u00e3o recebeu o reconhecimento que merece. <\/p>\n\n\n\n<p>Tenho a impress\u00e3o de que algumas ressalvas ao filme tem a ver com seus posicionamentos impl\u00edcitos mais do que com suas qualidades cinematogr\u00e1ficas. No filme, alguns judeus eram partisans comunistas; outros duvidavam que o objetivo dos nazistas fosse a solu\u00e7\u00e3o final; alguns bielorussos eram colaboracionistas e os russos anti-semitas. Cr\u00edticos poloneses se irritaram com o filme por glorificar os Bielski, que teriam cometido atrocidades em territ\u00f3rio polon\u00eas durante a guerra. Quem sabe os cr\u00edticos preferissem uma hist\u00f3ria menos previs\u00edvel, menos edificante, mas a\u00ed a narrativa deixaria de ser hist\u00f3rica e profanaria a mem\u00f3ria das v\u00edtimas e her\u00f3is daqueles tempos terr\u00edveis.<\/p>\n\n\n\n<h3 class=\"wp-block-heading\">Marcante<\/h3>\n\n\n\n<ul class=\"wp-block-list\"><li>Voc\u00ea ficaria chocado com o assassinato de uma fam\u00edlia \u00e0 mesa do jantar? Talvez vendo o filme voc\u00ea fique com a alma lavada ao presenciar essa matan\u00e7a a queima roupa.<\/li><li>Um pai de fam\u00edlia \u00e9 morto a pauladas por uma turba ensandecida. Detalhe: a v\u00edtima \u00e9 da SS e o linchamento \u00e9 praticado por judeus.<\/li><li>O casamento e a emboscada. Enquanto um casal se casa no acampamento, partisans aniquilam um pelot\u00e7\u00e3o de soldados alem\u00e3es. Duas formas de preservar uma cultura: pela trad\u00e7\u00e3o e pelas armas.<\/li><\/ul>\n\n\n\n<h3 class=\"wp-block-heading\">Filmes<\/h3>\n\n\n\n<ul class=\"wp-block-list\"><li><a href=\"https:\/\/radames.manosso.nom.br\/critica\/filmes\/007-operacao-skyfall\/\">007 Opera\u00e7\u00e3o Skyfall<\/a><\/li><li><a href=\"https:\/\/radames.manosso.nom.br\/critica\/filmes\/12-homens-e-uma-sentenca\/\">12 homens e uma senten\u00e7a<\/a><\/li><li><a href=\"https:\/\/radames.manosso.nom.br\/critica\/filmes\/21-gramas\/\">21 gramas<\/a><\/li><li><a href=\"https:\/\/radames.manosso.nom.br\/critica\/filmes\/aconteceu-naquela-noite\/\">Aconteceu naquela noite<\/a><\/li><li><a href=\"https:\/\/radames.manosso.nom.br\/critica\/filmes\/a-culpa-e-do-fidel\/\">A culpa \u00e9 do Fidel<\/a><\/li><li><a href=\"https:\/\/radames.manosso.nom.br\/critica\/filmes\/adaptacao\/\">Adapta\u00e7\u00e3o<\/a><\/li><li><a href=\"https:\/\/radames.manosso.nom.br\/critica\/filmes\/adeus-lenin\/\">Adeus, Lenin!<\/a><\/li><li><a href=\"https:\/\/radames.manosso.nom.br\/critica\/filmes\/adivinhe-quem-vem-para-jantar\/\">Adivinhe quem vem para jantar<\/a><\/li><li><a href=\"https:\/\/radames.manosso.nom.br\/critica\/filmes\/alien-o-oitavo-passageiro\/\">Alien o oitavo passageiro<\/a><\/li><li><a href=\"https:\/\/radames.manosso.nom.br\/critica\/filmes\/a-malvada\/\">A malvada<\/a><\/li><li><a href=\"https:\/\/radames.manosso.nom.br\/critica\/filmes\/a-mulher-faz-o-homem\/\">A mulher faz o homem<\/a><\/li><li><a href=\"https:\/\/radames.manosso.nom.br\/critica\/filmes\/anatomia-de-um-crime\/\">Anatomia de um crime<\/a><\/li><li><a href=\"https:\/\/radames.manosso.nom.br\/critica\/filmes\/apocalypto\/\">Apocalypto<\/a><\/li><li><a href=\"https:\/\/radames.manosso.nom.br\/critica\/filmes\/a-queda-as-ultimas-horas-de-hitler\/\">A queda &#8211; as \u00faltimas horas de Hitler<\/a><\/li><li><a href=\"https:\/\/radames.manosso.nom.br\/critica\/filmes\/a-rede-social\/\">A rede social<\/a><\/li><li><a href=\"https:\/\/radames.manosso.nom.br\/critica\/filmes\/colateral\/\">Colateral<\/a><\/li><li><a href=\"https:\/\/radames.manosso.nom.br\/critica\/filmes\/como-era-verde-meu-vale\/\">Como era verde meu vale<\/a><\/li><li><a href=\"https:\/\/radames.manosso.nom.br\/critica\/filmes\/crepusculo-dos-deuses\/\">Crep\u00fasculo dos deuses<\/a><\/li><li><a href=\"https:\/\/radames.manosso.nom.br\/critica\/filmes\/distrito-9\/\">Distrito 9<\/a><\/li><li><a href=\"https:\/\/radames.manosso.nom.br\/critica\/filmes\/fahrenheit-451\/\">Fahrenheit 451<\/a><\/li><li><a href=\"https:\/\/radames.manosso.nom.br\/critica\/filmes\/gran-torino\/\">Gran Torino<\/a><\/li><li><a href=\"https:\/\/radames.manosso.nom.br\/critica\/filmes\/marty\/\">Marty<\/a><\/li><li><a href=\"https:\/\/radames.manosso.nom.br\/critica\/filmes\/o-diabo-veste-prada\/\">O diabo veste Prada<\/a><\/li><li><a href=\"https:\/\/radames.manosso.nom.br\/critica\/filmes\/o-segredo-de-seus-olhos\/\">O segredo de seus olhos<\/a><\/li><li><a href=\"https:\/\/radames.manosso.nom.br\/critica\/filmes\/os-infiltrados\/\">Os infiltrados<\/a><\/li><li><a href=\"https:\/\/radames.manosso.nom.br\/critica\/filmes\/os-sete-samurais\/\">Os sete samurais<\/a><\/li><li><a href=\"https:\/\/radames.manosso.nom.br\/critica\/filmes\/o-tesouro-de-sierra-madre\/\">O tesouro de Sierra Madre<\/a><\/li><li><a href=\"https:\/\/radames.manosso.nom.br\/critica\/filmes\/perfume-a-historia-de-um-assassino\/\">Perfume &#8211; a hist\u00f3ria de um assassino<\/a><\/li><li><a href=\"https:\/\/radames.manosso.nom.br\/critica\/filmes\/sete-homens-e-um-destino\/\">Sete homens e um destino<\/a><\/li><li><a href=\"https:\/\/radames.manosso.nom.br\/critica\/filmes\/sete-noivas-para-sete-irmaos\/\">Sete noivas para sete irm\u00e3os<\/a><\/li><li><a href=\"https:\/\/radames.manosso.nom.br\/critica\/filmes\/seven\/\">Seven<\/a><\/li><li><a href=\"https:\/\/radames.manosso.nom.br\/critica\/filmes\/sin-city\/\">Sin City<\/a><\/li><li><a href=\"https:\/\/radames.manosso.nom.br\/critica\/filmes\/tropa-de-elite\/\">Tropa de elite<\/a><\/li><li><a href=\"https:\/\/radames.manosso.nom.br\/critica\/filmes\/um-ato-de-liberdade\/\">Um ato de liberdade<\/a><\/li><li><a href=\"https:\/\/radames.manosso.nom.br\/critica\/filmes\/underground-mentiras-de-guerra\/\">Underground &#8211; mentiras de guerra<\/a><\/li><li><a href=\"https:\/\/radames.manosso.nom.br\/critica\/filmes\/vidas-amargas\/\">Vidas amargas<\/a><\/li><li><a href=\"https:\/\/radames.manosso.nom.br\/critica\/filmes\/z\/\">Z<\/a><\/li><li><a href=\"https:\/\/radames.manosso.nom.br\/critica\/filmes\/a-bolha\/\">A bolha<\/a><\/li><li><a href=\"https:\/\/radames.manosso.nom.br\/critica\/filmes\/matadores-de-velhinha\/\">Matadores de velhinha<\/a><\/li><li><a href=\"https:\/\/radames.manosso.nom.br\/critica\/filmes\/o-albergue\/\">O albergue<\/a><\/li><li><a href=\"https:\/\/radames.manosso.nom.br\/critica\/filmes\/os-doze-condenados\/\">Os doze condenados<\/a><\/li><li><a href=\"https:\/\/radames.manosso.nom.br\/critica\/filmes\/o-vampiro-da-noite\/\">O vampiro da noite<\/a><\/li><li><a href=\"https:\/\/radames.manosso.nom.br\/critica\/filmes\/scaramouche\/\">Scaramouche<\/a><\/li><li><a href=\"https:\/\/radames.manosso.nom.br\/critica\/filmes\/v-de-vinganca\/\">V de vingan\u00e7a<\/a><\/li><\/ul>\n","protected":false},"excerpt":{"rendered":"<p>O \u00eaxodo DefianceDire\u00e7\u00e3o de Edward Zwick2008 : EUA : 137 minCom Daniel Craig (Tuvia) eLev Schreiber (Zus) Quando Mois\u00e9s liderou seu povo na fuga do Egito em busca da Terra Prometida foi preciso cruzar o Mar Vermelho. Segundo a B\u00edblia, a travessia s\u00f3 foi poss\u00edvel gra\u00e7as \u00e0 interven\u00e7\u00e3o divina. Guardadas as propor\u00e7\u00f5es, Um ato de &hellip; <a href=\"https:\/\/radames.manosso.nom.br\/critica\/filmes\/um-ato-de-liberdade\/\" class=\"more-link\">Continue lendo <span class=\"screen-reader-text\">Cr\u00edtica | Um ato de liberdade<\/span> <span class=\"meta-nav\">&rarr;<\/span><\/a><\/p>\n","protected":false},"author":1,"featured_media":0,"comment_status":"open","ping_status":"closed","sticky":false,"template":"","format":"standard","meta":{"jetpack_post_was_ever_published":false,"_jetpack_newsletter_access":"","_jetpack_dont_email_post_to_subs":false,"_jetpack_newsletter_tier_id":0,"_jetpack_memberships_contains_paywalled_content":false,"_jetpack_memberships_contains_paid_content":false,"footnotes":"","jetpack_publicize_message":"","jetpack_publicize_feature_enabled":true,"jetpack_social_post_already_shared":false,"jetpack_social_options":{"image_generator_settings":{"template":"highway","default_image_id":0,"font":"","enabled":false},"version":2}},"categories":[4],"tags":[29,22,17,37,57],"class_list":["post-439","post","type-post","status-publish","format-standard","hentry","category-filmes","tag-decada-2000","tag-drama","tag-filmes-2","tag-guerra","tag-historia"],"jetpack_publicize_connections":[],"jetpack_featured_media_url":"","jetpack_sharing_enabled":true,"jetpack_shortlink":"https:\/\/wp.me\/p14lZD-75","jetpack-related-posts":[{"id":327,"url":"https:\/\/radames.manosso.nom.br\/critica\/filmes\/a-queda-as-ultimas-horas-de-hitler\/","url_meta":{"origin":439,"position":0},"title":"Cr\u00edtica | A queda \u2013 as \u00faltimas horas de Hitler","author":"Radam\u00e9s","date":false,"format":false,"excerpt":"Alem\u00e3es ajustam contas com o passado Der UntergangDire\u00e7\u00e3o de Oliver Hirschbiegel2004 : Alemanha : 156 minSite oficial: www.downfallthefilm.comCom Bruno Ganz (Adolf Hitler),Alexandra Maria Lara (Traudl Junge) eCorinna Harfouch (Magda Goebbels) O risco era alto: Um filme alem\u00e3o sobre o fim do Terceiro Reich. Bastava errar a m\u00e3o e os idealizadores\u2026","rel":"","context":"Em &quot;Filmes&quot;","block_context":{"text":"Filmes","link":"https:\/\/radames.manosso.nom.br\/critica\/category\/filmes\/"},"img":{"alt_text":"","src":"https:\/\/i0.wp.com\/radames.manosso.nom.br\/critica\/files\/filme-a-queda.jpg?resize=350%2C200&ssl=1","width":350,"height":200},"classes":[]},{"id":290,"url":"https:\/\/radames.manosso.nom.br\/critica\/filmes\/apocalypto\/","url_meta":{"origin":439,"position":1},"title":"Cr\u00edtica | Apocalypto","author":"Radam\u00e9s","date":false,"format":false,"excerpt":"Ca\u00e7ada implac\u00e1vel ao bom selvagem Dire\u00e7\u00e3o de Mel Gibson 2006 : EUA : 139 min Com Ruddy Youngblood (Pata de Jaguar) e Dalia Hernandez (Seven). Site oficial: www.apocalypto.com O filme \u00e9 sobre ca\u00e7adas e j\u00e1 na primeira tomada um grupo de \u00edndios ca\u00e7adores acua uma anta para a armadilha mortal.\u2026","rel":"","context":"Em &quot;Filmes&quot;","block_context":{"text":"Filmes","link":"https:\/\/radames.manosso.nom.br\/critica\/category\/filmes\/"},"img":{"alt_text":"","src":"https:\/\/i0.wp.com\/radames.manosso.nom.br\/critica\/files\/filme-apocalypto-1.jpg?resize=350%2C200&ssl=1","width":350,"height":200},"classes":[]},{"id":111,"url":"https:\/\/radames.manosso.nom.br\/critica\/filmes\/o-vampiro-da-noite\/","url_meta":{"origin":439,"position":2},"title":"Cr\u00edtica | O vampiro da noite","author":"Radam\u00e9s","date":false,"format":false,"excerpt":"O cl\u00e1ssico B sobre o pr\u00edncipe das trevas Horror of DraculaDire\u00e7\u00e3o de Terence Fisher1958 : Inglaterra : 82 minCom Peter Cushing (Van Helsing) eChristopher Lee (Dr\u00e1cula) Quase morri de medo ao ver esse filme pela primeira vez. Era uma noite fria de inverno e alguns galhos,\u00a0agitados pelo vento,\u00a0batiam contra a\u2026","rel":"","context":"Em &quot;Filmes&quot;","block_context":{"text":"Filmes","link":"https:\/\/radames.manosso.nom.br\/critica\/category\/filmes\/"},"img":{"alt_text":"","src":"https:\/\/i0.wp.com\/radames.manosso.nom.br\/critica\/files\/filme-o-vampiro-da-noite-capa.jpg?resize=350%2C200","width":350,"height":200},"classes":[]},{"id":199,"url":"https:\/\/radames.manosso.nom.br\/critica\/filmes\/os-sete-samurais\/","url_meta":{"origin":439,"position":3},"title":"Cr\u00edtica | Os sete samurais","author":"Radam\u00e9s","date":false,"format":false,"excerpt":"Honra de miser\u00e1veis Shichinin no samuraiDire\u00e7\u00e3o de Akira Kurosawa1954 : Jap\u00e3o :\u00a0 206 min : branco e pretoCom Takashi Shimura (Kambei Shimada),Toshiro Mifune (Kikuchiyo) eSeiji Miyaguchi (Kyuzo) Aprendemos a ver os samurais como uma vers\u00e3o japonesa dos cavaleiros andantes, como guerreiros obcecados pela honra, pelo aperfei\u00e7oamento de suas habilidades e\u2026","rel":"","context":"Em &quot;Filmes&quot;","block_context":{"text":"Filmes","link":"https:\/\/radames.manosso.nom.br\/critica\/category\/filmes\/"},"img":{"alt_text":"","src":"https:\/\/i0.wp.com\/radames.manosso.nom.br\/critica\/files\/filme-os-sete-samurais-1.jpg?resize=350%2C200&ssl=1","width":350,"height":200},"classes":[]},{"id":120,"url":"https:\/\/radames.manosso.nom.br\/critica\/filmes\/o-albergue\/","url_meta":{"origin":439,"position":4},"title":"Cr\u00edtica | O albergue","author":"Radam\u00e9s","date":false,"format":false,"excerpt":"Doentio, maldito e cult HostelDire\u00e7\u00e3o de Eli Roth2005 : EUA : 95 minCom Jay Hernandez eBarbara Nadeljakova. Esse filme j\u00e1 entrou na lista dos mais violentos de todos os tempos e tem boas chances de encabe\u00e7\u00e1-la. \u00c9 claro que existe viol\u00eancia e viol\u00eancia. As pessoas de bom senso repelem apenas\u2026","rel":"","context":"Em &quot;Filmes&quot;","block_context":{"text":"Filmes","link":"https:\/\/radames.manosso.nom.br\/critica\/category\/filmes\/"},"img":{"alt_text":"","src":"https:\/\/i0.wp.com\/radames.manosso.nom.br\/critica\/files\/filme-o-albergue.jpg?resize=350%2C200&ssl=1","width":350,"height":200},"classes":[]},{"id":345,"url":"https:\/\/radames.manosso.nom.br\/critica\/filmes\/21-gramas\/","url_meta":{"origin":439,"position":5},"title":"Cr\u00edtica | 21 gramas","author":"Radam\u00e9s","date":false,"format":false,"excerpt":"Sensibilidade em estado puro 21 gramsDire\u00e7\u00e3o de Alejandro Gonzalez-I\u00f1\u00e1rritu2003 : EUA :\u00a0125 minCom\u00a0Sean Penn (Paul),Benicio Del Toro (Jack) eNaomi Watts (Christina)Site oficial: www.21-grams.com Morte como tema S\u00e3o muitos os filmes que t\u00eam a morte como tema. Em alguns, ela \u00e9 consequ\u00eancia da guerra, em outros, da gan\u00e2ncia do ser humano.\u2026","rel":"","context":"Em &quot;Filmes&quot;","block_context":{"text":"Filmes","link":"https:\/\/radames.manosso.nom.br\/critica\/category\/filmes\/"},"img":{"alt_text":"","src":"https:\/\/i0.wp.com\/radames.manosso.nom.br\/critica\/files\/filme-21-gramas.jpg?resize=350%2C200&ssl=1","width":350,"height":200},"classes":[]}],"_links":{"self":[{"href":"https:\/\/radames.manosso.nom.br\/critica\/wp-json\/wp\/v2\/posts\/439","targetHints":{"allow":["GET"]}}],"collection":[{"href":"https:\/\/radames.manosso.nom.br\/critica\/wp-json\/wp\/v2\/posts"}],"about":[{"href":"https:\/\/radames.manosso.nom.br\/critica\/wp-json\/wp\/v2\/types\/post"}],"author":[{"embeddable":true,"href":"https:\/\/radames.manosso.nom.br\/critica\/wp-json\/wp\/v2\/users\/1"}],"replies":[{"embeddable":true,"href":"https:\/\/radames.manosso.nom.br\/critica\/wp-json\/wp\/v2\/comments?post=439"}],"version-history":[{"count":12,"href":"https:\/\/radames.manosso.nom.br\/critica\/wp-json\/wp\/v2\/posts\/439\/revisions"}],"predecessor-version":[{"id":1630,"href":"https:\/\/radames.manosso.nom.br\/critica\/wp-json\/wp\/v2\/posts\/439\/revisions\/1630"}],"wp:attachment":[{"href":"https:\/\/radames.manosso.nom.br\/critica\/wp-json\/wp\/v2\/media?parent=439"}],"wp:term":[{"taxonomy":"category","embeddable":true,"href":"https:\/\/radames.manosso.nom.br\/critica\/wp-json\/wp\/v2\/categories?post=439"},{"taxonomy":"post_tag","embeddable":true,"href":"https:\/\/radames.manosso.nom.br\/critica\/wp-json\/wp\/v2\/tags?post=439"}],"curies":[{"name":"wp","href":"https:\/\/api.w.org\/{rel}","templated":true}]}}