{"id":103,"date":"2013-11-23T15:54:53","date_gmt":"2013-11-23T15:54:53","guid":{"rendered":"http:\/\/radames.manosso.nom.br\/fotografia\/?p=103"},"modified":"2017-12-02T14:49:49","modified_gmt":"2017-12-02T17:49:49","slug":"as-poucas-araucarias","status":"publish","type":"post","link":"https:\/\/radames.manosso.nom.br\/fotografia\/rural\/as-poucas-araucarias\/","title":{"rendered":"As poucas arauc\u00e1rias"},"content":{"rendered":"<p>A arauc\u00e1ria \u00e9 uma \u00e1rvore majestosa e fotog\u00eanica que j\u00e1 dominou a paisagem no sul do Brasil, mas est\u00e1 amea\u00e7ada de extin\u00e7\u00e3o. Seu perfil elegante e sua copa em forma de c\u00e1lice se formam porque ela se ergue acima das demais \u00e1rvores na busca pela luz do sol. O estado do Paran\u00e1 j\u00e1 foi conhecido como terra dos pinheirais pela abund\u00e2ncia de arauc\u00e1rias. Infelizmente, a explora\u00e7\u00e3o predat\u00f3ria reduziu a n\u00edvel cr\u00edtico os exemplares da \u00e1rvore s\u00edmbolo do estado. Atualmente, est\u00e1 mais f\u00e1cil ver arauc\u00e1rias nos estados de Santa Catarina e Rio Grande do Sul. Andando pelas estradas rurais do Paran\u00e1 encontro poucas arauc\u00e1rias isoladas em meio \u00e0s planta\u00e7\u00f5es. Esses exemplares solit\u00e1rios rendem boas fotos pela combina\u00e7\u00e3o da impon\u00eancia do pinheiro com as curvas e texturas suaves das planta\u00e7\u00f5es. O efeito pl\u00e1stico dessa combina\u00e7\u00e3o \u00e9 ineg\u00e1vel, mas o registro dessa beleza serve tamb\u00e9m como alerta para o risco que paira sobre o futuro das arauc\u00e1rias. Gosto de fotografar arauc\u00e1rias mesmo que elas estejam em uma paisagem fortemente modificada pelo homem, que \u00e9 a condi\u00e7\u00e3o mais f\u00e1cil de encontrar ou, de prefer\u00eancia, quando elas se encontram em \u00e1reas relativamente preservadas que nos remetem a uma \u00e9poca de poucas d\u00e9cadas atr\u00e1s em que elas eram abundantes nas terras do Sul.<\/p>\n<p>&nbsp;<\/p>\n<p><img data-recalc-dims=\"1\" loading=\"lazy\" decoding=\"async\" data-attachment-id=\"111\" data-permalink=\"https:\/\/radames.manosso.nom.br\/fotografia\/rural\/as-poucas-araucarias\/attachment\/8491014641_84cc4bab87_z\/\" data-orig-file=\"https:\/\/i0.wp.com\/radames.manosso.nom.br\/fotografia\/files\/2013\/11\/8491014641_84cc4bab87_z-e1491944366843.jpg?fit=500%2C334&amp;ssl=1\" data-orig-size=\"500,334\" data-comments-opened=\"1\" data-image-meta=\"{&quot;aperture&quot;:&quot;0&quot;,&quot;credit&quot;:&quot;&quot;,&quot;camera&quot;:&quot;&quot;,&quot;caption&quot;:&quot;&quot;,&quot;created_timestamp&quot;:&quot;0&quot;,&quot;copyright&quot;:&quot;&quot;,&quot;focal_length&quot;:&quot;0&quot;,&quot;iso&quot;:&quot;0&quot;,&quot;shutter_speed&quot;:&quot;0&quot;,&quot;title&quot;:&quot;&quot;}\" data-image-title=\"Mata de arauc\u00e1rias\" data-image-description=\"\" data-image-caption=\"\" data-large-file=\"https:\/\/i0.wp.com\/radames.manosso.nom.br\/fotografia\/files\/2013\/11\/8491014641_84cc4bab87_z-e1491944366843.jpg?fit=500%2C334&amp;ssl=1\" class=\"alignnone wp-image-111 size-full\" title=\"Pinheiros no Parque Nacional de Aparados da Serra\" src=\"https:\/\/i0.wp.com\/radames.manosso.nom.br\/fotografia\/files\/2013\/11\/8491014641_84cc4bab87_z-e1491944366843.jpg?resize=500%2C334&#038;ssl=1\" alt=\"Pinheiros no Parque Nacional de Aparados da Serra\" width=\"500\" height=\"334\" \/><\/p>\n<p><!--more--><\/p>\n<p>Temos que encontrar uma forma de preservar a <em>araucaria angustifolia<\/em> para as futuras gera\u00e7\u00f5es. Atualmente, n\u00e3o \u00e9 permitido derrubar essas \u00e1rvores cobi\u00e7adas pela sua madeira que n\u00e3o \u00e9 de lei, mas bastante \u00fatil na constru\u00e7\u00e3o civil. A prote\u00e7\u00e3o legal das arauc\u00e1rias remanescentes, por\u00e9m, tem um efeito colateral perverso. Os propriet\u00e1rios de terra est\u00e3o destruindo as mudas de arauc\u00e1rias que surgem, pois n\u00e3o querem que novas \u00e1rvores se formem e, com isso, prejudiquem a explora\u00e7\u00e3o comercial do terreno. Como de costume, a legisla\u00e7\u00e3o ambiental no Brasil pune quem tem capital ecol\u00f3gico a preservar e isenta de qualquer compromisso quem devastou no passado. Com essa realidade, a renova\u00e7\u00e3o da popula\u00e7\u00e3o de arauc\u00e1rias fica comprometida pelo envelhecimento dos exemplares. Outro problema \u00e9 a coleta precoce das pinhas para venda do pinh\u00e3o, semente da arauc\u00e1ria. O pinh\u00e3o \u00e9 apreciado na culin\u00e1ria local, mas se a pinha \u00e9 colhida antes do tempo certo, n\u00e3o ocorre o trabalho dos p\u00e1ssaros que disseminam as sementes e garantem a continuidade da esp\u00e9cie.<\/p>\n<p><img data-recalc-dims=\"1\" loading=\"lazy\" decoding=\"async\" data-attachment-id=\"6\" data-permalink=\"https:\/\/radames.manosso.nom.br\/fotografia\/rural\/as-poucas-araucarias\/attachment\/getty-49\/\" data-orig-file=\"https:\/\/i0.wp.com\/radames.manosso.nom.br\/fotografia\/files\/2013\/11\/getty-49-e1491945247957.jpg?fit=1024%2C679&amp;ssl=1\" data-orig-size=\"1024,679\" data-comments-opened=\"1\" data-image-meta=\"{&quot;aperture&quot;:&quot;5.3&quot;,&quot;credit&quot;:&quot;&quot;,&quot;camera&quot;:&quot;NIKON D3100&quot;,&quot;caption&quot;:&quot;&quot;,&quot;created_timestamp&quot;:&quot;1344687260&quot;,&quot;copyright&quot;:&quot;&quot;,&quot;focal_length&quot;:&quot;48&quot;,&quot;iso&quot;:&quot;100&quot;,&quot;shutter_speed&quot;:&quot;0.002&quot;,&quot;title&quot;:&quot;&quot;}\" data-image-title=\"Arauc\u00e1ria no Paran\u00e1\" data-image-description=\"\" data-image-caption=\"\" data-large-file=\"https:\/\/i0.wp.com\/radames.manosso.nom.br\/fotografia\/files\/2013\/11\/getty-49-e1491945247957.jpg?fit=500%2C332&amp;ssl=1\" class=\"alignnone wp-image-6 size-full\" title=\"Pinheiro do Paran\u00e1\" src=\"https:\/\/i0.wp.com\/radames.manosso.nom.br\/fotografia\/files\/2013\/11\/getty-49-e1491945247957.jpg?resize=500%2C332&#038;ssl=1\" alt=\"Pinheiro do Paran\u00e1\" width=\"500\" height=\"332\" \/><\/p>\n<p>Fotografar arauc\u00e1rias \u00e9 uma paix\u00e3o que tenho. Sem contar a beleza dessa \u00e1rvore \u00fanica, os cliques podem chamar a aten\u00e7\u00e3o para o risco que essa esp\u00e9cie corre, al\u00e9m de me situar em uma tradi\u00e7\u00e3o paranaense de retratar esse s\u00edmbolo do Paran\u00e1 e do Sul do Brasil.<\/p>\n<p>&nbsp;<\/p>\n<div class=\"tiled-gallery type-rectangular tiled-gallery-unresized\" data-original-width=\"604\" data-carousel-extra='{&quot;blog_id&quot;:8,&quot;permalink&quot;:&quot;https:\\\/\\\/radames.manosso.nom.br\\\/fotografia\\\/rural\\\/as-poucas-araucarias\\\/&quot;,&quot;likes_blog_id&quot;:104648770}' itemscope itemtype=\"http:\/\/schema.org\/ImageGallery\" > <div class=\"gallery-row\" style=\"width: 604px; height: 197px;\" data-original-width=\"604\" data-original-height=\"197\" > <div class=\"gallery-group images-1\" style=\"width: 294px; height: 197px;\" data-original-width=\"294\" data-original-height=\"197\" > <div class=\"tiled-gallery-item tiled-gallery-item-large\" itemprop=\"associatedMedia\" itemscope itemtype=\"http:\/\/schema.org\/ImageObject\"> <a href=\"https:\/\/radames.manosso.nom.br\/fotografia\/rural\/as-poucas-araucarias\/attachment\/araucaria-01\/\" border=\"0\" itemprop=\"url\"> <meta itemprop=\"width\" content=\"290\"> <meta itemprop=\"height\" content=\"193\"> <img decoding=\"async\" class=\"\" data-attachment-id=\"484\" data-orig-file=\"https:\/\/radames.manosso.nom.br\/fotografia\/files\/2013\/11\/araucaria-01.jpg\" data-orig-size=\"1024,683\" data-comments-opened=\"1\" data-image-meta=\"{&quot;aperture&quot;:&quot;6.3&quot;,&quot;credit&quot;:&quot;&quot;,&quot;camera&quot;:&quot;NIKON D7100&quot;,&quot;caption&quot;:&quot;&quot;,&quot;created_timestamp&quot;:&quot;1438364241&quot;,&quot;copyright&quot;:&quot;&quot;,&quot;focal_length&quot;:&quot;22&quot;,&quot;iso&quot;:&quot;100&quot;,&quot;shutter_speed&quot;:&quot;0.003125&quot;,&quot;title&quot;:&quot;&quot;,&quot;orientation&quot;:&quot;0&quot;}\" data-image-title=\"Arauc\u00e1ria &#8211; pinheiro do Paran\u00e1\" data-image-description=\"\" data-medium-file=\"https:\/\/i0.wp.com\/radames.manosso.nom.br\/fotografia\/files\/2013\/11\/araucaria-01.jpg?fit=300%2C200&#038;ssl=1\" data-large-file=\"https:\/\/i0.wp.com\/radames.manosso.nom.br\/fotografia\/files\/2013\/11\/araucaria-01.jpg?fit=500%2C333&#038;ssl=1\" src=\"https:\/\/i0.wp.com\/radames.manosso.nom.br\/fotografia\/files\/2013\/11\/araucaria-01.jpg?w=290&#038;h=193&#038;ssl=1\" srcset=\"https:\/\/i0.wp.com\/radames.manosso.nom.br\/fotografia\/files\/2013\/11\/araucaria-01.jpg?w=1024&amp;ssl=1 1024w, https:\/\/i0.wp.com\/radames.manosso.nom.br\/fotografia\/files\/2013\/11\/araucaria-01.jpg?resize=300%2C200&amp;ssl=1 300w, https:\/\/i0.wp.com\/radames.manosso.nom.br\/fotografia\/files\/2013\/11\/araucaria-01.jpg?resize=768%2C512&amp;ssl=1 768w\" width=\"290\" height=\"193\" loading=\"lazy\" data-original-width=\"290\" data-original-height=\"193\" itemprop=\"http:\/\/schema.org\/image\" title=\"Arauc\u00e1ria - pinheiro do Paran\u00e1\" alt=\"Arauc\u00e1ria - pinheiro do Paran\u00e1\" style=\"width: 290px; height: 193px;\" \/> <\/a> <\/div> <\/div> <!-- close group --> <div class=\"gallery-group images-1\" style=\"width: 310px; height: 197px;\" data-original-width=\"310\" data-original-height=\"197\" > <div class=\"tiled-gallery-item tiled-gallery-item-large\" itemprop=\"associatedMedia\" itemscope itemtype=\"http:\/\/schema.org\/ImageObject\"> <a href=\"https:\/\/radames.manosso.nom.br\/fotografia\/rural\/as-poucas-araucarias\/attachment\/araucaria-02\/\" border=\"0\" itemprop=\"url\"> <meta itemprop=\"width\" content=\"306\"> <meta itemprop=\"height\" content=\"193\"> <img decoding=\"async\" class=\"\" data-attachment-id=\"485\" data-orig-file=\"https:\/\/radames.manosso.nom.br\/fotografia\/files\/2013\/11\/araucaria-02.jpg\" data-orig-size=\"1024,646\" data-comments-opened=\"1\" data-image-meta=\"{&quot;aperture&quot;:&quot;5&quot;,&quot;credit&quot;:&quot;&quot;,&quot;camera&quot;:&quot;NIKON D3100&quot;,&quot;caption&quot;:&quot;&quot;,&quot;created_timestamp&quot;:&quot;1352975875&quot;,&quot;copyright&quot;:&quot;&quot;,&quot;focal_length&quot;:&quot;38&quot;,&quot;iso&quot;:&quot;100&quot;,&quot;shutter_speed&quot;:&quot;0.0008&quot;,&quot;title&quot;:&quot;&quot;,&quot;orientation&quot;:&quot;0&quot;}\" data-image-title=\"Arauc\u00e1ria &#8211; pinheiro do Paran\u00e1\" data-image-description=\"\" data-medium-file=\"https:\/\/i0.wp.com\/radames.manosso.nom.br\/fotografia\/files\/2013\/11\/araucaria-02.jpg?fit=300%2C189&#038;ssl=1\" data-large-file=\"https:\/\/i0.wp.com\/radames.manosso.nom.br\/fotografia\/files\/2013\/11\/araucaria-02.jpg?fit=500%2C315&#038;ssl=1\" src=\"https:\/\/i0.wp.com\/radames.manosso.nom.br\/fotografia\/files\/2013\/11\/araucaria-02.jpg?w=306&#038;h=193&#038;ssl=1\" srcset=\"https:\/\/i0.wp.com\/radames.manosso.nom.br\/fotografia\/files\/2013\/11\/araucaria-02.jpg?w=1024&amp;ssl=1 1024w, https:\/\/i0.wp.com\/radames.manosso.nom.br\/fotografia\/files\/2013\/11\/araucaria-02.jpg?resize=300%2C189&amp;ssl=1 300w, https:\/\/i0.wp.com\/radames.manosso.nom.br\/fotografia\/files\/2013\/11\/araucaria-02.jpg?resize=768%2C485&amp;ssl=1 768w\" width=\"306\" height=\"193\" loading=\"lazy\" data-original-width=\"306\" data-original-height=\"193\" itemprop=\"http:\/\/schema.org\/image\" title=\"Arauc\u00e1ria - pinheiro do Paran\u00e1\" alt=\"Arauc\u00e1ria - pinheiro do Paran\u00e1\" style=\"width: 306px; height: 193px;\" \/> <\/a> <\/div> <\/div> <!-- close group --> <\/div> <!-- close row --> <div class=\"gallery-row\" style=\"width: 604px; height: 258px;\" data-original-width=\"604\" data-original-height=\"258\" > <div class=\"gallery-group images-1\" style=\"width: 604px; height: 258px;\" data-original-width=\"604\" data-original-height=\"258\" > <div class=\"tiled-gallery-item tiled-gallery-item-large\" itemprop=\"associatedMedia\" itemscope itemtype=\"http:\/\/schema.org\/ImageObject\"> <a href=\"https:\/\/radames.manosso.nom.br\/fotografia\/rural\/as-poucas-araucarias\/attachment\/araucaria-03\/\" border=\"0\" itemprop=\"url\"> <meta itemprop=\"width\" content=\"600\"> <meta itemprop=\"height\" content=\"254\"> <img decoding=\"async\" class=\"\" data-attachment-id=\"486\" data-orig-file=\"https:\/\/radames.manosso.nom.br\/fotografia\/files\/2013\/11\/araucaria-03.jpg\" data-orig-size=\"1024,434\" data-comments-opened=\"1\" data-image-meta=\"{&quot;aperture&quot;:&quot;7.1&quot;,&quot;credit&quot;:&quot;&quot;,&quot;camera&quot;:&quot;NIKON D7100&quot;,&quot;caption&quot;:&quot;&quot;,&quot;created_timestamp&quot;:&quot;1453221876&quot;,&quot;copyright&quot;:&quot;&quot;,&quot;focal_length&quot;:&quot;24&quot;,&quot;iso&quot;:&quot;100&quot;,&quot;shutter_speed&quot;:&quot;0.002&quot;,&quot;title&quot;:&quot;&quot;,&quot;orientation&quot;:&quot;0&quot;}\" data-image-title=\"Arauc\u00e1ria &#8211; pinheiro do Paran\u00e1\" data-image-description=\"\" data-medium-file=\"https:\/\/i0.wp.com\/radames.manosso.nom.br\/fotografia\/files\/2013\/11\/araucaria-03.jpg?fit=300%2C127&#038;ssl=1\" data-large-file=\"https:\/\/i0.wp.com\/radames.manosso.nom.br\/fotografia\/files\/2013\/11\/araucaria-03.jpg?fit=500%2C212&#038;ssl=1\" src=\"https:\/\/i0.wp.com\/radames.manosso.nom.br\/fotografia\/files\/2013\/11\/araucaria-03.jpg?w=600&#038;h=254&#038;ssl=1\" srcset=\"https:\/\/i0.wp.com\/radames.manosso.nom.br\/fotografia\/files\/2013\/11\/araucaria-03.jpg?w=1024&amp;ssl=1 1024w, https:\/\/i0.wp.com\/radames.manosso.nom.br\/fotografia\/files\/2013\/11\/araucaria-03.jpg?resize=300%2C127&amp;ssl=1 300w, https:\/\/i0.wp.com\/radames.manosso.nom.br\/fotografia\/files\/2013\/11\/araucaria-03.jpg?resize=768%2C326&amp;ssl=1 768w\" width=\"600\" height=\"254\" loading=\"lazy\" data-original-width=\"600\" data-original-height=\"254\" itemprop=\"http:\/\/schema.org\/image\" title=\"Arauc\u00e1ria - pinheiro do Paran\u00e1\" alt=\"Arauc\u00e1ria - pinheiro do Paran\u00e1\" style=\"width: 600px; height: 254px;\" \/> <\/a> <\/div> <\/div> <!-- close group --> <\/div> <!-- close row --> <div class=\"gallery-row\" style=\"width: 604px; height: 535px;\" data-original-width=\"604\" data-original-height=\"535\" > <div class=\"gallery-group images-1\" style=\"width: 358px; height: 535px;\" data-original-width=\"358\" data-original-height=\"535\" > <div class=\"tiled-gallery-item tiled-gallery-item-large\" itemprop=\"associatedMedia\" itemscope itemtype=\"http:\/\/schema.org\/ImageObject\"> <a href=\"https:\/\/radames.manosso.nom.br\/fotografia\/rural\/as-poucas-araucarias\/attachment\/araucaria-04\/\" border=\"0\" itemprop=\"url\"> <meta itemprop=\"width\" content=\"354\"> <meta itemprop=\"height\" content=\"531\"> <img decoding=\"async\" class=\"\" data-attachment-id=\"487\" data-orig-file=\"https:\/\/radames.manosso.nom.br\/fotografia\/files\/2013\/11\/araucaria-04.jpg\" data-orig-size=\"683,1024\" data-comments-opened=\"1\" data-image-meta=\"{&quot;aperture&quot;:&quot;9&quot;,&quot;credit&quot;:&quot;&quot;,&quot;camera&quot;:&quot;NIKON D3100&quot;,&quot;caption&quot;:&quot;&quot;,&quot;created_timestamp&quot;:&quot;1355669446&quot;,&quot;copyright&quot;:&quot;&quot;,&quot;focal_length&quot;:&quot;55&quot;,&quot;iso&quot;:&quot;100&quot;,&quot;shutter_speed&quot;:&quot;0.004&quot;,&quot;title&quot;:&quot;&quot;,&quot;orientation&quot;:&quot;0&quot;}\" data-image-title=\"Arauc\u00e1ria &#8211; pinheiro do Paran\u00e1\" data-image-description=\"\" data-medium-file=\"https:\/\/i0.wp.com\/radames.manosso.nom.br\/fotografia\/files\/2013\/11\/araucaria-04.jpg?fit=200%2C300&#038;ssl=1\" data-large-file=\"https:\/\/i0.wp.com\/radames.manosso.nom.br\/fotografia\/files\/2013\/11\/araucaria-04.jpg?fit=500%2C750&#038;ssl=1\" src=\"https:\/\/i0.wp.com\/radames.manosso.nom.br\/fotografia\/files\/2013\/11\/araucaria-04.jpg?w=354&#038;h=531&#038;ssl=1\" srcset=\"https:\/\/i0.wp.com\/radames.manosso.nom.br\/fotografia\/files\/2013\/11\/araucaria-04.jpg?w=683&amp;ssl=1 683w, https:\/\/i0.wp.com\/radames.manosso.nom.br\/fotografia\/files\/2013\/11\/araucaria-04.jpg?resize=200%2C300&amp;ssl=1 200w\" width=\"354\" height=\"531\" loading=\"lazy\" data-original-width=\"354\" data-original-height=\"531\" itemprop=\"http:\/\/schema.org\/image\" title=\"Arauc\u00e1ria - pinheiro do Paran\u00e1\" alt=\"Arauc\u00e1ria - pinheiro do Paran\u00e1\" style=\"width: 354px; height: 531px;\" \/> <\/a> <\/div> <\/div> <!-- close group --> <div class=\"gallery-group images-3\" style=\"width: 246px; height: 535px;\" data-original-width=\"246\" data-original-height=\"535\" > <div class=\"tiled-gallery-item tiled-gallery-item-small\" itemprop=\"associatedMedia\" itemscope itemtype=\"http:\/\/schema.org\/ImageObject\"> <a href=\"https:\/\/radames.manosso.nom.br\/fotografia\/rural\/as-poucas-araucarias\/attachment\/araucaria-05\/\" border=\"0\" itemprop=\"url\"> <meta itemprop=\"width\" content=\"242\"> <meta itemprop=\"height\" content=\"201\"> <img decoding=\"async\" class=\"\" data-attachment-id=\"488\" data-orig-file=\"https:\/\/radames.manosso.nom.br\/fotografia\/files\/2013\/11\/araucaria-05.jpg\" data-orig-size=\"1024,849\" data-comments-opened=\"1\" data-image-meta=\"{&quot;aperture&quot;:&quot;3.5&quot;,&quot;credit&quot;:&quot;&quot;,&quot;camera&quot;:&quot;NIKON D3100&quot;,&quot;caption&quot;:&quot;&quot;,&quot;created_timestamp&quot;:&quot;1343895220&quot;,&quot;copyright&quot;:&quot;&quot;,&quot;focal_length&quot;:&quot;18&quot;,&quot;iso&quot;:&quot;100&quot;,&quot;shutter_speed&quot;:&quot;0.0004&quot;,&quot;title&quot;:&quot;&quot;,&quot;orientation&quot;:&quot;0&quot;}\" data-image-title=\"Arauc\u00e1ria &#8211; pinheiro do Paran\u00e1\" data-image-description=\"\" data-medium-file=\"https:\/\/i0.wp.com\/radames.manosso.nom.br\/fotografia\/files\/2013\/11\/araucaria-05.jpg?fit=300%2C249&#038;ssl=1\" data-large-file=\"https:\/\/i0.wp.com\/radames.manosso.nom.br\/fotografia\/files\/2013\/11\/araucaria-05.jpg?fit=500%2C415&#038;ssl=1\" src=\"https:\/\/i0.wp.com\/radames.manosso.nom.br\/fotografia\/files\/2013\/11\/araucaria-05.jpg?w=242&#038;h=201&#038;ssl=1\" srcset=\"https:\/\/i0.wp.com\/radames.manosso.nom.br\/fotografia\/files\/2013\/11\/araucaria-05.jpg?w=1024&amp;ssl=1 1024w, https:\/\/i0.wp.com\/radames.manosso.nom.br\/fotografia\/files\/2013\/11\/araucaria-05.jpg?resize=300%2C249&amp;ssl=1 300w, https:\/\/i0.wp.com\/radames.manosso.nom.br\/fotografia\/files\/2013\/11\/araucaria-05.jpg?resize=768%2C637&amp;ssl=1 768w\" width=\"242\" height=\"201\" loading=\"lazy\" data-original-width=\"242\" data-original-height=\"201\" itemprop=\"http:\/\/schema.org\/image\" title=\"Arauc\u00e1ria - pinheiro do Paran\u00e1\" alt=\"Arauc\u00e1ria - pinheiro do Paran\u00e1\" style=\"width: 242px; height: 201px;\" \/> <\/a> <\/div> <div class=\"tiled-gallery-item tiled-gallery-item-small\" itemprop=\"associatedMedia\" itemscope itemtype=\"http:\/\/schema.org\/ImageObject\"> <a href=\"https:\/\/radames.manosso.nom.br\/fotografia\/rural\/as-poucas-araucarias\/attachment\/trigo\/\" border=\"0\" itemprop=\"url\"> <meta itemprop=\"width\" content=\"242\"> <meta itemprop=\"height\" content=\"161\"> <img decoding=\"async\" class=\"\" data-attachment-id=\"489\" data-orig-file=\"https:\/\/radames.manosso.nom.br\/fotografia\/files\/2013\/11\/araucaria-06.jpg\" data-orig-size=\"1024,683\" data-comments-opened=\"1\" data-image-meta=\"{&quot;aperture&quot;:&quot;9&quot;,&quot;credit&quot;:&quot;&quot;,&quot;camera&quot;:&quot;NIKON D7100&quot;,&quot;caption&quot;:&quot;Campos de trigo em Campo Magro, Paran\\u00e1, Brasil.&quot;,&quot;created_timestamp&quot;:&quot;1474818104&quot;,&quot;copyright&quot;:&quot;Radam\\u00e9s Manosso&quot;,&quot;focal_length&quot;:&quot;26&quot;,&quot;iso&quot;:&quot;100&quot;,&quot;shutter_speed&quot;:&quot;0.00625&quot;,&quot;title&quot;:&quot;Trigo&quot;,&quot;orientation&quot;:&quot;0&quot;}\" data-image-title=\"Arauc\u00e1ria &#8211; pinheiro do Paran\u00e1\" data-image-description=\"\" data-medium-file=\"https:\/\/i0.wp.com\/radames.manosso.nom.br\/fotografia\/files\/2013\/11\/araucaria-06.jpg?fit=300%2C200&#038;ssl=1\" data-large-file=\"https:\/\/i0.wp.com\/radames.manosso.nom.br\/fotografia\/files\/2013\/11\/araucaria-06.jpg?fit=500%2C333&#038;ssl=1\" src=\"https:\/\/i0.wp.com\/radames.manosso.nom.br\/fotografia\/files\/2013\/11\/araucaria-06.jpg?w=242&#038;h=161&#038;ssl=1\" srcset=\"https:\/\/i0.wp.com\/radames.manosso.nom.br\/fotografia\/files\/2013\/11\/araucaria-06.jpg?w=1024&amp;ssl=1 1024w, https:\/\/i0.wp.com\/radames.manosso.nom.br\/fotografia\/files\/2013\/11\/araucaria-06.jpg?resize=300%2C200&amp;ssl=1 300w, https:\/\/i0.wp.com\/radames.manosso.nom.br\/fotografia\/files\/2013\/11\/araucaria-06.jpg?resize=768%2C512&amp;ssl=1 768w\" width=\"242\" height=\"161\" loading=\"lazy\" data-original-width=\"242\" data-original-height=\"161\" itemprop=\"http:\/\/schema.org\/image\" title=\"Arauc\u00e1ria - pinheiro do Paran\u00e1\" alt=\"Arauc\u00e1ria - pinheiro do Paran\u00e1\" style=\"width: 242px; height: 161px;\" \/> <\/a> <\/div> <div class=\"tiled-gallery-item tiled-gallery-item-small\" itemprop=\"associatedMedia\" itemscope itemtype=\"http:\/\/schema.org\/ImageObject\"> <a href=\"https:\/\/radames.manosso.nom.br\/fotografia\/rural\/as-poucas-araucarias\/attachment\/araucaria-07\/\" border=\"0\" itemprop=\"url\"> <meta itemprop=\"width\" content=\"242\"> <meta itemprop=\"height\" content=\"161\"> <img decoding=\"async\" class=\"\" data-attachment-id=\"490\" data-orig-file=\"https:\/\/radames.manosso.nom.br\/fotografia\/files\/2013\/11\/araucaria-07.jpg\" data-orig-size=\"1024,682\" data-comments-opened=\"1\" data-image-meta=\"{&quot;aperture&quot;:&quot;3.5&quot;,&quot;credit&quot;:&quot;&quot;,&quot;camera&quot;:&quot;NIKON D3100&quot;,&quot;caption&quot;:&quot;&quot;,&quot;created_timestamp&quot;:&quot;1332575635&quot;,&quot;copyright&quot;:&quot;&quot;,&quot;focal_length&quot;:&quot;18&quot;,&quot;iso&quot;:&quot;100&quot;,&quot;shutter_speed&quot;:&quot;0.0004&quot;,&quot;title&quot;:&quot;&quot;,&quot;orientation&quot;:&quot;0&quot;}\" data-image-title=\"Arauc\u00e1ria &#8211; pinheiro do Paran\u00e1\" data-image-description=\"\" data-medium-file=\"https:\/\/i0.wp.com\/radames.manosso.nom.br\/fotografia\/files\/2013\/11\/araucaria-07.jpg?fit=300%2C200&#038;ssl=1\" data-large-file=\"https:\/\/i0.wp.com\/radames.manosso.nom.br\/fotografia\/files\/2013\/11\/araucaria-07.jpg?fit=500%2C333&#038;ssl=1\" src=\"https:\/\/i0.wp.com\/radames.manosso.nom.br\/fotografia\/files\/2013\/11\/araucaria-07.jpg?w=242&#038;h=161&#038;ssl=1\" srcset=\"https:\/\/i0.wp.com\/radames.manosso.nom.br\/fotografia\/files\/2013\/11\/araucaria-07.jpg?w=1024&amp;ssl=1 1024w, https:\/\/i0.wp.com\/radames.manosso.nom.br\/fotografia\/files\/2013\/11\/araucaria-07.jpg?resize=300%2C200&amp;ssl=1 300w, https:\/\/i0.wp.com\/radames.manosso.nom.br\/fotografia\/files\/2013\/11\/araucaria-07.jpg?resize=768%2C512&amp;ssl=1 768w\" width=\"242\" height=\"161\" loading=\"lazy\" data-original-width=\"242\" data-original-height=\"161\" itemprop=\"http:\/\/schema.org\/image\" title=\"Arauc\u00e1ria - pinheiro do Paran\u00e1\" alt=\"Arauc\u00e1ria - pinheiro do Paran\u00e1\" style=\"width: 242px; height: 161px;\" \/> <\/a> <\/div> <\/div> <!-- close group --> <\/div> <!-- close row --> <div class=\"gallery-row\" style=\"width: 604px; height: 200px;\" data-original-width=\"604\" data-original-height=\"200\" > <div class=\"gallery-group images-1\" style=\"width: 306px; height: 200px;\" data-original-width=\"306\" data-original-height=\"200\" > <div class=\"tiled-gallery-item tiled-gallery-item-large\" itemprop=\"associatedMedia\" itemscope itemtype=\"http:\/\/schema.org\/ImageObject\"> <a href=\"https:\/\/radames.manosso.nom.br\/fotografia\/rural\/as-poucas-araucarias\/attachment\/araucaria-08\/\" border=\"0\" itemprop=\"url\"> <meta itemprop=\"width\" content=\"302\"> <meta itemprop=\"height\" content=\"196\"> <img decoding=\"async\" class=\"\" data-attachment-id=\"491\" data-orig-file=\"https:\/\/radames.manosso.nom.br\/fotografia\/files\/2013\/11\/araucaria-08.jpg\" data-orig-size=\"1024,664\" data-comments-opened=\"1\" data-image-meta=\"{&quot;aperture&quot;:&quot;11&quot;,&quot;credit&quot;:&quot;&quot;,&quot;camera&quot;:&quot;NIKON D3100&quot;,&quot;caption&quot;:&quot;&quot;,&quot;created_timestamp&quot;:&quot;1381574774&quot;,&quot;copyright&quot;:&quot;&quot;,&quot;focal_length&quot;:&quot;40&quot;,&quot;iso&quot;:&quot;100&quot;,&quot;shutter_speed&quot;:&quot;0.003125&quot;,&quot;title&quot;:&quot;&quot;,&quot;orientation&quot;:&quot;0&quot;}\" data-image-title=\"Arauc\u00e1ria &#8211; pinheiro do Paran\u00e1\" data-image-description=\"\" data-medium-file=\"https:\/\/i0.wp.com\/radames.manosso.nom.br\/fotografia\/files\/2013\/11\/araucaria-08.jpg?fit=300%2C195&#038;ssl=1\" data-large-file=\"https:\/\/i0.wp.com\/radames.manosso.nom.br\/fotografia\/files\/2013\/11\/araucaria-08.jpg?fit=500%2C324&#038;ssl=1\" src=\"https:\/\/i0.wp.com\/radames.manosso.nom.br\/fotografia\/files\/2013\/11\/araucaria-08.jpg?w=302&#038;h=196&#038;ssl=1\" srcset=\"https:\/\/i0.wp.com\/radames.manosso.nom.br\/fotografia\/files\/2013\/11\/araucaria-08.jpg?w=1024&amp;ssl=1 1024w, https:\/\/i0.wp.com\/radames.manosso.nom.br\/fotografia\/files\/2013\/11\/araucaria-08.jpg?resize=300%2C195&amp;ssl=1 300w, https:\/\/i0.wp.com\/radames.manosso.nom.br\/fotografia\/files\/2013\/11\/araucaria-08.jpg?resize=768%2C498&amp;ssl=1 768w\" width=\"302\" height=\"196\" loading=\"lazy\" data-original-width=\"302\" data-original-height=\"196\" itemprop=\"http:\/\/schema.org\/image\" title=\"Arauc\u00e1ria - pinheiro do Paran\u00e1\" alt=\"Arauc\u00e1ria - pinheiro do Paran\u00e1\" style=\"width: 302px; height: 196px;\" \/> <\/a> <\/div> <\/div> <!-- close group --> <div class=\"gallery-group images-1\" style=\"width: 298px; height: 200px;\" data-original-width=\"298\" data-original-height=\"200\" > <div class=\"tiled-gallery-item tiled-gallery-item-large\" itemprop=\"associatedMedia\" itemscope itemtype=\"http:\/\/schema.org\/ImageObject\"> <a href=\"https:\/\/radames.manosso.nom.br\/fotografia\/rural\/as-poucas-araucarias\/attachment\/araucaria-09\/\" border=\"0\" itemprop=\"url\"> <meta itemprop=\"width\" content=\"294\"> <meta itemprop=\"height\" content=\"196\"> <img decoding=\"async\" class=\"\" data-attachment-id=\"492\" data-orig-file=\"https:\/\/radames.manosso.nom.br\/fotografia\/files\/2013\/11\/araucaria-09.jpg\" data-orig-size=\"1024,683\" data-comments-opened=\"1\" data-image-meta=\"{&quot;aperture&quot;:&quot;5.6&quot;,&quot;credit&quot;:&quot;&quot;,&quot;camera&quot;:&quot;NIKON D3100&quot;,&quot;caption&quot;:&quot;&quot;,&quot;created_timestamp&quot;:&quot;1369474364&quot;,&quot;copyright&quot;:&quot;&quot;,&quot;focal_length&quot;:&quot;55&quot;,&quot;iso&quot;:&quot;100&quot;,&quot;shutter_speed&quot;:&quot;0.003125&quot;,&quot;title&quot;:&quot;&quot;,&quot;orientation&quot;:&quot;0&quot;}\" data-image-title=\"Arauc\u00e1ria &#8211; pinheiro do Paran\u00e1\" data-image-description=\"\" data-medium-file=\"https:\/\/i0.wp.com\/radames.manosso.nom.br\/fotografia\/files\/2013\/11\/araucaria-09.jpg?fit=300%2C200&#038;ssl=1\" data-large-file=\"https:\/\/i0.wp.com\/radames.manosso.nom.br\/fotografia\/files\/2013\/11\/araucaria-09.jpg?fit=500%2C333&#038;ssl=1\" src=\"https:\/\/i0.wp.com\/radames.manosso.nom.br\/fotografia\/files\/2013\/11\/araucaria-09.jpg?w=294&#038;h=196&#038;ssl=1\" srcset=\"https:\/\/i0.wp.com\/radames.manosso.nom.br\/fotografia\/files\/2013\/11\/araucaria-09.jpg?w=1024&amp;ssl=1 1024w, https:\/\/i0.wp.com\/radames.manosso.nom.br\/fotografia\/files\/2013\/11\/araucaria-09.jpg?resize=300%2C200&amp;ssl=1 300w, https:\/\/i0.wp.com\/radames.manosso.nom.br\/fotografia\/files\/2013\/11\/araucaria-09.jpg?resize=768%2C512&amp;ssl=1 768w\" width=\"294\" height=\"196\" loading=\"lazy\" data-original-width=\"294\" data-original-height=\"196\" itemprop=\"http:\/\/schema.org\/image\" title=\"Arauc\u00e1ria - pinheiro do Paran\u00e1\" alt=\"Arauc\u00e1ria - pinheiro do Paran\u00e1\" style=\"width: 294px; height: 196px;\" \/> <\/a> <\/div> <\/div> <!-- close group --> <\/div> <!-- close row --> <\/div>\n","protected":false},"excerpt":{"rendered":"<p>A arauc\u00e1ria \u00e9 uma \u00e1rvore majestosa e fotog\u00eanica que j\u00e1 dominou a paisagem no sul do Brasil, mas est\u00e1 amea\u00e7ada de extin\u00e7\u00e3o. Seu perfil elegante e sua copa em forma de c\u00e1lice se formam porque ela se ergue acima das demais \u00e1rvores na busca pela luz do sol. O estado do Paran\u00e1 j\u00e1 foi conhecido &hellip; <a href=\"https:\/\/radames.manosso.nom.br\/fotografia\/rural\/as-poucas-araucarias\/\" class=\"more-link\">Continue lendo <span class=\"screen-reader-text\">As poucas arauc\u00e1rias<\/span> <span class=\"meta-nav\">&rarr;<\/span><\/a><\/p>\n","protected":false},"author":1,"featured_media":0,"comment_status":"open","ping_status":"closed","sticky":false,"template":"","format":"standard","meta":{"jetpack_post_was_ever_published":false,"_jetpack_newsletter_access":"","_jetpack_dont_email_post_to_subs":false,"_jetpack_newsletter_tier_id":0,"_jetpack_memberships_contains_paywalled_content":false,"_jetpack_memberships_contains_paid_content":false,"footnotes":"","jetpack_publicize_message":"","jetpack_publicize_feature_enabled":true,"jetpack_social_post_already_shared":false,"jetpack_social_options":{"image_generator_settings":{"template":"highway","default_image_id":0,"font":"","enabled":false},"version":2}},"categories":[9],"tags":[10,11,13,44,43,4,15,12,42,14],"class_list":["post-103","post","type-post","status-publish","format-standard","hentry","category-rural","tag-araucaria","tag-araucaria-angustifolia","tag-arvore","tag-nature","tag-natureza","tag-parana","tag-pine","tag-pinheiro","tag-sul-do-brasil","tag-tree"],"jetpack_publicize_connections":[],"jetpack_featured_media_url":"","jetpack_shortlink":"https:\/\/wp.me\/p755Vo-1F","jetpack-related-posts":[{"id":127,"url":"https:\/\/radames.manosso.nom.br\/fotografia\/rural\/nao-e-toscana-nem-provenca-e-campo-magro\/","url_meta":{"origin":103,"position":0},"title":"N\u00e3o \u00e9 Toscana, nem Proven\u00e7a. \u00c9 Campo Magro","author":"Radam\u00e9s","date":false,"format":false,"excerpt":"Quando comecei a disparar meus cliques amadores, peguei o carro e sa\u00ed por a\u00ed em busca de belas paisagens rurais, como aquelas da Toscana e da Proven\u00e7a que via em fotos europeias. Por comodidade, minha primeira parada foi em Campo Magro, que fica pr\u00f3xima de minha casa em Curitiba. N\u00e3o\u2026","rel":"","context":"Em &quot;Rural&quot;","block_context":{"text":"Rural","link":"https:\/\/radames.manosso.nom.br\/fotografia\/category\/rural\/"},"img":{"alt_text":"Campo Magro Paran\u00e1","src":"https:\/\/i0.wp.com\/radames.manosso.nom.br\/fotografia\/files\/2014\/02\/campo-magro-1.jpg?resize=350%2C200","width":350,"height":200,"srcset":"https:\/\/i0.wp.com\/radames.manosso.nom.br\/fotografia\/files\/2014\/02\/campo-magro-1.jpg?resize=350%2C200 1x, https:\/\/i0.wp.com\/radames.manosso.nom.br\/fotografia\/files\/2014\/02\/campo-magro-1.jpg?resize=525%2C300 1.5x"},"classes":[]},{"id":119,"url":"https:\/\/radames.manosso.nom.br\/fotografia\/mar-e-praia\/ilha-do-mel\/","url_meta":{"origin":103,"position":1},"title":"Ilha do Mel","author":"Radam\u00e9s","date":false,"format":false,"excerpt":"Na ilha do Mel n\u00e3o tem carro nem moto. Bicicleta pode, mas nem rua tem l\u00e1. Quem quiser chegar \u00e0s pousadas e restaurantes da ilha tem que descer no trapiche e andar pelas trilhas estreitas e sinuosas que serpenteiam pelo meio da mata. As constru\u00e7\u00f5es s\u00e3o r\u00fasticas e est\u00e3o alojadas\u2026","rel":"","context":"Em &quot;Mar e praia&quot;","block_context":{"text":"Mar e praia","link":"https:\/\/radames.manosso.nom.br\/fotografia\/category\/mar-e-praia\/"},"img":{"alt_text":"Ilha do Mel Paran\u00e1","src":"https:\/\/i0.wp.com\/radames.manosso.nom.br\/fotografia\/files\/2013\/12\/ilha-do-mel-01.jpg?resize=350%2C200","width":350,"height":200,"srcset":"https:\/\/i0.wp.com\/radames.manosso.nom.br\/fotografia\/files\/2013\/12\/ilha-do-mel-01.jpg?resize=350%2C200 1x, https:\/\/i0.wp.com\/radames.manosso.nom.br\/fotografia\/files\/2013\/12\/ilha-do-mel-01.jpg?resize=525%2C300 1.5x, https:\/\/i0.wp.com\/radames.manosso.nom.br\/fotografia\/files\/2013\/12\/ilha-do-mel-01.jpg?resize=700%2C400 2x"},"classes":[]},{"id":151,"url":"https:\/\/radames.manosso.nom.br\/fotografia\/urbana\/lambrequins\/","url_meta":{"origin":103,"position":2},"title":"Lambrequins","author":"Radam\u00e9s","date":false,"format":false,"excerpt":"Lambrequim \u00e9 um elemento arquitet\u00f4nico decorativo aplicado no beiral da constru\u00e7\u00e3o. Feito em madeira, pode ter desenhos variados, alguns simples, outros bem elaborados. N\u00e3o h\u00e1 um acordo sobre a fun\u00e7\u00e3o do lambrequim.\u00a0 Alguns dizem que serve para ajudar no escoamento da \u00e1gua do telhado, outros que tem fun\u00e7\u00e3o meramente decorativa.\u2026","rel":"","context":"Em &quot;Urbana&quot;","block_context":{"text":"Urbana","link":"https:\/\/radames.manosso.nom.br\/fotografia\/category\/urbana\/"},"img":{"alt_text":"Lambrequins","src":"https:\/\/i0.wp.com\/radames.manosso.nom.br\/fotografia\/files\/2014\/05\/lambrequim-1.jpg?resize=350%2C200","width":350,"height":200,"srcset":"https:\/\/i0.wp.com\/radames.manosso.nom.br\/fotografia\/files\/2014\/05\/lambrequim-1.jpg?resize=350%2C200 1x, https:\/\/i0.wp.com\/radames.manosso.nom.br\/fotografia\/files\/2014\/05\/lambrequim-1.jpg?resize=525%2C300 1.5x, https:\/\/i0.wp.com\/radames.manosso.nom.br\/fotografia\/files\/2014\/05\/lambrequim-1.jpg?resize=700%2C400 2x"},"classes":[]},{"id":50,"url":"https:\/\/radames.manosso.nom.br\/fotografia\/urbana\/curitiba-em-detalhes\/","url_meta":{"origin":103,"position":3},"title":"Curitiba em detalhes","author":"Radam\u00e9s","date":false,"format":false,"excerpt":"Quando eu comecei a fotografar parti do princ\u00edpio que bons motivos estavam perto de mim. Fotografar a minha cidade natal era a op\u00e7\u00e3o natural. Andar pelas ruas com olhos bem abertos e tentar encontrar aqueles detalhes que contem algo importante sobre a alma da cidade, mas que \u00a0passam desapercebidos na\u2026","rel":"","context":"Em &quot;Urbana&quot;","block_context":{"text":"Urbana","link":"https:\/\/radames.manosso.nom.br\/fotografia\/category\/urbana\/"},"img":{"alt_text":"Arquitetura em madeira - Bosque do Papa - Curitiba","src":"https:\/\/i0.wp.com\/radames.manosso.nom.br\/fotografia\/files\/2013\/11\/curitiba-em-detalhes-03-low-e1491944593898.jpg?resize=350%2C200&ssl=1","width":350,"height":200},"classes":[]},{"id":177,"url":"https:\/\/radames.manosso.nom.br\/fotografia\/urbana\/sakura-de-inverno\/","url_meta":{"origin":103,"position":4},"title":"Sakura de inverno","author":"Radam\u00e9s","date":false,"format":false,"excerpt":"Aqui em Curitiba a florada das cerejeiras acontece no auge do inverno. Existem muitas cerejeiras pela cidade mas os lugares mais fotog\u00eanicos para v\u00ea-las florindo s\u00e3o o Jardim Bot\u00e2nico, a Pra\u00e7a do Jap\u00e3o e a Rua XV de Novembro (Rua das Flores). Embora aqui o frio n\u00e3o seja rigoroso como\u2026","rel":"","context":"Em &quot;Urbana&quot;","block_context":{"text":"Urbana","link":"https:\/\/radames.manosso.nom.br\/fotografia\/category\/urbana\/"},"img":{"alt_text":"Cerejeiras em Curitiba","src":"https:\/\/i0.wp.com\/radames.manosso.nom.br\/fotografia\/files\/2019\/06\/1528-cerejeiras-curitiba-7.jpg?resize=350%2C200&ssl=1","width":350,"height":200},"classes":[]},{"id":141,"url":"https:\/\/radames.manosso.nom.br\/fotografia\/urbana\/yes-nos-temos-viaduto-estaiado\/","url_meta":{"origin":103,"position":5},"title":"Yes, n\u00f3s temos viaduto estaiado","author":"Radam\u00e9s","date":false,"format":false,"excerpt":"Os fot\u00f3grafos (inclusive eu) ganharam\u00a0um novo marco visual curitibano para apontar suas lentes: o viaduto estaiado sobre a Avenida das Torres. Ainda sem nome oficial, o viaduto na Rua Coronel Francisco H. dos Santos est\u00e1 liberado para circula\u00e7\u00e3o de ve\u00edculos e vem causando pol\u00eamica. Com 225m de extens\u00e3o e um\u2026","rel":"","context":"Em &quot;Urbana&quot;","block_context":{"text":"Urbana","link":"https:\/\/radames.manosso.nom.br\/fotografia\/category\/urbana\/"},"img":{"alt_text":"Viaduto estaiado Curitiba","src":"https:\/\/i0.wp.com\/radames.manosso.nom.br\/fotografia\/files\/2014\/04\/viaduto-estaiado-curitiba-1.jpg?resize=350%2C200","width":350,"height":200,"srcset":"https:\/\/i0.wp.com\/radames.manosso.nom.br\/fotografia\/files\/2014\/04\/viaduto-estaiado-curitiba-1.jpg?resize=350%2C200 1x, https:\/\/i0.wp.com\/radames.manosso.nom.br\/fotografia\/files\/2014\/04\/viaduto-estaiado-curitiba-1.jpg?resize=525%2C300 1.5x, https:\/\/i0.wp.com\/radames.manosso.nom.br\/fotografia\/files\/2014\/04\/viaduto-estaiado-curitiba-1.jpg?resize=700%2C400 2x"},"classes":[]}],"jetpack_sharing_enabled":true,"_links":{"self":[{"href":"https:\/\/radames.manosso.nom.br\/fotografia\/wp-json\/wp\/v2\/posts\/103","targetHints":{"allow":["GET"]}}],"collection":[{"href":"https:\/\/radames.manosso.nom.br\/fotografia\/wp-json\/wp\/v2\/posts"}],"about":[{"href":"https:\/\/radames.manosso.nom.br\/fotografia\/wp-json\/wp\/v2\/types\/post"}],"author":[{"embeddable":true,"href":"https:\/\/radames.manosso.nom.br\/fotografia\/wp-json\/wp\/v2\/users\/1"}],"replies":[{"embeddable":true,"href":"https:\/\/radames.manosso.nom.br\/fotografia\/wp-json\/wp\/v2\/comments?post=103"}],"version-history":[{"count":16,"href":"https:\/\/radames.manosso.nom.br\/fotografia\/wp-json\/wp\/v2\/posts\/103\/revisions"}],"predecessor-version":[{"id":493,"href":"https:\/\/radames.manosso.nom.br\/fotografia\/wp-json\/wp\/v2\/posts\/103\/revisions\/493"}],"wp:attachment":[{"href":"https:\/\/radames.manosso.nom.br\/fotografia\/wp-json\/wp\/v2\/media?parent=103"}],"wp:term":[{"taxonomy":"category","embeddable":true,"href":"https:\/\/radames.manosso.nom.br\/fotografia\/wp-json\/wp\/v2\/categories?post=103"},{"taxonomy":"post_tag","embeddable":true,"href":"https:\/\/radames.manosso.nom.br\/fotografia\/wp-json\/wp\/v2\/tags?post=103"}],"curies":[{"name":"wp","href":"https:\/\/api.w.org\/{rel}","templated":true}]}}