{"id":119,"date":"2013-12-06T17:03:33","date_gmt":"2013-12-06T17:03:33","guid":{"rendered":"http:\/\/radames.manosso.nom.br\/fotografia\/?p=119"},"modified":"2017-12-02T14:25:00","modified_gmt":"2017-12-02T17:25:00","slug":"ilha-do-mel","status":"publish","type":"post","link":"https:\/\/radames.manosso.nom.br\/fotografia\/mar-e-praia\/ilha-do-mel\/","title":{"rendered":"Ilha do Mel"},"content":{"rendered":"<p>Na ilha do Mel n\u00e3o tem carro nem moto. Bicicleta pode, mas nem rua tem l\u00e1. Quem quiser chegar \u00e0s pousadas e restaurantes da ilha tem que descer no trapiche e andar pelas trilhas estreitas e sinuosas que serpenteiam pelo meio da mata. As constru\u00e7\u00f5es s\u00e3o r\u00fasticas e est\u00e3o alojadas entre as \u00e1rvores. Em uma vista a\u00e9rea praticamente n\u00e3o se v\u00ea os pequenos povoados da ilha que se escondem no meio da vegeta\u00e7\u00e3o. Andar \u00e0 noite pela ilha \u00e9 fazer um retorno ao passado para uma \u00e9poca em que a ilumina\u00e7\u00e3o p\u00fablica era prec\u00e1ria e n\u00e3o se enxergava muitos metros adiante durante a caminhada. As pousadas da ilha s\u00e3o r\u00fasticas, mas charmosas e nos fazem mergulhar em um estilo de vida alternativo, mais pr\u00f3ximo da natureza. Al\u00e9m dessa estrutura urbana ecol\u00f3gica que por si s\u00f3 vale a visita, na Ilha do Mel o visitante conta com a natureza exuberante, com praias lindas e pode visitar constru\u00e7\u00f5es hist\u00f3ricas bem preservadas.<\/p>\n<p><img data-recalc-dims=\"1\" loading=\"lazy\" decoding=\"async\" data-attachment-id=\"122\" data-permalink=\"https:\/\/radames.manosso.nom.br\/fotografia\/mar-e-praia\/ilha-do-mel\/attachment\/ilhadomel-09-low\/\" data-orig-file=\"https:\/\/i0.wp.com\/radames.manosso.nom.br\/fotografia\/files\/2013\/12\/ilhadomel-09-low-e1491944272623.jpg?fit=400%2C600&amp;ssl=1\" data-orig-size=\"400,600\" data-comments-opened=\"1\" data-image-meta=\"{&quot;aperture&quot;:&quot;9&quot;,&quot;credit&quot;:&quot;&quot;,&quot;camera&quot;:&quot;NIKON D3100&quot;,&quot;caption&quot;:&quot;&quot;,&quot;created_timestamp&quot;:&quot;1373736327&quot;,&quot;copyright&quot;:&quot;&quot;,&quot;focal_length&quot;:&quot;35&quot;,&quot;iso&quot;:&quot;100&quot;,&quot;shutter_speed&quot;:&quot;0.008&quot;,&quot;title&quot;:&quot;&quot;}\" data-image-title=\"P\u00f4r do sol na Ilha do Mel\" data-image-description=\"\" data-image-caption=\"\" data-large-file=\"https:\/\/i0.wp.com\/radames.manosso.nom.br\/fotografia\/files\/2013\/12\/ilhadomel-09-low-e1491944272623.jpg?fit=400%2C600&amp;ssl=1\" class=\"alignnone wp-image-122 size-full\" title=\"P\u00f4r do sol na Ilha do Mel\" src=\"https:\/\/i0.wp.com\/radames.manosso.nom.br\/fotografia\/files\/2013\/12\/ilhadomel-09-low-e1491944272623.jpg?resize=400%2C600&#038;ssl=1\" alt=\"P\u00f4r do sol na Ilha do Mel\" width=\"400\" height=\"600\" \/><\/p>\n<p><!--more--><\/p>\n<p>A Ilha do Mel, situada na entrada da ba\u00eda de Paranagu\u00e1, \u00e9 um dos pontos tur\u00edsticos mais bem avaliados do Paran\u00e1. Desde 1982 a ilha \u00e9 administrada pelo IAP (Instituto Ambiental do Paran\u00e1). Para chegar l\u00e1 os visitantes partem de barco por Pontal do Sul onde h\u00e1 um controle da popula\u00e7\u00e3o flutuante. O n\u00famero de visitantes n\u00e3o pode ultrapassar 5.000 pessoas simultaneamente. Considerando os moradores tradicionais da ilha e as pessoas que l\u00e1 trabalham n\u00e3o teremos mais de 10.000 humanos na ilha simultaneamente. A \u00e1rea total da ilha \u00e9 de 2585 hectares e destes apenas 120 hectares s\u00e3o liberados para ocupa\u00e7\u00e3o humana. O IAP define regras para tentar manter controle sobre a ocupa\u00e7\u00e3o e evitar o estresse no bioma causado pela presen\u00e7a humana.<\/p>\n<p>Para os fot\u00f3grafos, a Ilha do Mel \u00e9 uma cornuc\u00f3pia de belas vistas. \u00c9 preciso v\u00e1rios dias de visita\u00e7\u00e3o para captar todas as poss\u00edveis vistas da alvorada e do poente que a ilha oferece. As praias t\u00eam largas faixas de areia e as constru\u00e7\u00f5es hist\u00f3ricas como o farol das conchas e a Fortaleza de Nossa Senhora dos Prazeres rendem \u00f3timas composi\u00e7\u00f5es.<\/p>\n<p>Poucos s\u00e3o os lugares que nos oferecem uma combina\u00e7\u00e3o t\u00e3o agrad\u00e1vel de elementos: natureza preservada, constru\u00e7\u00f5es hist\u00f3ricas, belas praias, tranquilidade, estilo de vida alternativo, paisagens amplas e lindas. Esta \u00e9 a Ilha do Mel.<\/p>\n<p>&nbsp;<\/p>\n<div class=\"tiled-gallery type-rectangular tiled-gallery-unresized\" data-original-width=\"604\" data-carousel-extra='{&quot;blog_id&quot;:8,&quot;permalink&quot;:&quot;https:\\\/\\\/radames.manosso.nom.br\\\/fotografia\\\/mar-e-praia\\\/ilha-do-mel\\\/&quot;,&quot;likes_blog_id&quot;:104648770}' itemscope itemtype=\"http:\/\/schema.org\/ImageGallery\" > <div class=\"gallery-row\" style=\"width: 604px; height: 166px;\" data-original-width=\"604\" data-original-height=\"166\" > <div class=\"gallery-group images-1\" style=\"width: 246px; height: 166px;\" data-original-width=\"246\" data-original-height=\"166\" > <div class=\"tiled-gallery-item tiled-gallery-item-small\" itemprop=\"associatedMedia\" itemscope itemtype=\"http:\/\/schema.org\/ImageObject\"> <a href=\"https:\/\/radames.manosso.nom.br\/fotografia\/mar-e-praia\/ilha-do-mel\/attachment\/ilha-do-mel-01\/\" border=\"0\" itemprop=\"url\"> <meta itemprop=\"width\" content=\"242\"> <meta itemprop=\"height\" content=\"162\"> <img decoding=\"async\" class=\"\" data-attachment-id=\"467\" data-orig-file=\"https:\/\/radames.manosso.nom.br\/fotografia\/files\/2013\/12\/ilha-do-mel-01.jpg\" data-orig-size=\"1024,683\" data-comments-opened=\"1\" data-image-meta=\"{&quot;aperture&quot;:&quot;22&quot;,&quot;credit&quot;:&quot;&quot;,&quot;camera&quot;:&quot;NIKON D3100&quot;,&quot;caption&quot;:&quot;&quot;,&quot;created_timestamp&quot;:&quot;1373734780&quot;,&quot;copyright&quot;:&quot;&quot;,&quot;focal_length&quot;:&quot;55&quot;,&quot;iso&quot;:&quot;100&quot;,&quot;shutter_speed&quot;:&quot;0.005&quot;,&quot;title&quot;:&quot;&quot;,&quot;orientation&quot;:&quot;0&quot;}\" data-image-title=\"Ilha do Mel Paran\u00e1\" data-image-description=\"\" data-medium-file=\"https:\/\/i0.wp.com\/radames.manosso.nom.br\/fotografia\/files\/2013\/12\/ilha-do-mel-01.jpg?fit=300%2C200&#038;ssl=1\" data-large-file=\"https:\/\/i0.wp.com\/radames.manosso.nom.br\/fotografia\/files\/2013\/12\/ilha-do-mel-01.jpg?fit=500%2C333&#038;ssl=1\" src=\"https:\/\/i0.wp.com\/radames.manosso.nom.br\/fotografia\/files\/2013\/12\/ilha-do-mel-01.jpg?w=242&#038;h=162&#038;ssl=1\" srcset=\"https:\/\/i0.wp.com\/radames.manosso.nom.br\/fotografia\/files\/2013\/12\/ilha-do-mel-01.jpg?w=1024&amp;ssl=1 1024w, https:\/\/i0.wp.com\/radames.manosso.nom.br\/fotografia\/files\/2013\/12\/ilha-do-mel-01.jpg?resize=300%2C200&amp;ssl=1 300w, https:\/\/i0.wp.com\/radames.manosso.nom.br\/fotografia\/files\/2013\/12\/ilha-do-mel-01.jpg?resize=768%2C512&amp;ssl=1 768w\" width=\"242\" height=\"162\" loading=\"lazy\" data-original-width=\"242\" data-original-height=\"162\" itemprop=\"http:\/\/schema.org\/image\" title=\"Ilha do Mel Paran\u00e1\" alt=\"Ilha do Mel Paran\u00e1\" style=\"width: 242px; height: 162px;\" \/> <\/a> <\/div> <\/div> <!-- close group --> <div class=\"gallery-group images-1\" style=\"width: 112px; height: 166px;\" data-original-width=\"112\" data-original-height=\"166\" > <div class=\"tiled-gallery-item tiled-gallery-item-small\" itemprop=\"associatedMedia\" itemscope itemtype=\"http:\/\/schema.org\/ImageObject\"> <a href=\"https:\/\/radames.manosso.nom.br\/fotografia\/mar-e-praia\/ilha-do-mel\/attachment\/ilha-do-mel-02\/\" border=\"0\" itemprop=\"url\"> <meta itemprop=\"width\" content=\"108\"> <meta itemprop=\"height\" content=\"162\"> <img decoding=\"async\" class=\"\" data-attachment-id=\"468\" data-orig-file=\"https:\/\/radames.manosso.nom.br\/fotografia\/files\/2013\/12\/ilha-do-mel-02.jpg\" data-orig-size=\"683,1024\" data-comments-opened=\"1\" data-image-meta=\"{&quot;aperture&quot;:&quot;22&quot;,&quot;credit&quot;:&quot;&quot;,&quot;camera&quot;:&quot;NIKON D3100&quot;,&quot;caption&quot;:&quot;&quot;,&quot;created_timestamp&quot;:&quot;1373736059&quot;,&quot;copyright&quot;:&quot;&quot;,&quot;focal_length&quot;:&quot;22&quot;,&quot;iso&quot;:&quot;100&quot;,&quot;shutter_speed&quot;:&quot;0.1&quot;,&quot;title&quot;:&quot;&quot;,&quot;orientation&quot;:&quot;0&quot;}\" data-image-title=\"Ilha do Mel Paran\u00e1\" data-image-description=\"\" data-medium-file=\"https:\/\/i0.wp.com\/radames.manosso.nom.br\/fotografia\/files\/2013\/12\/ilha-do-mel-02.jpg?fit=200%2C300&#038;ssl=1\" data-large-file=\"https:\/\/i0.wp.com\/radames.manosso.nom.br\/fotografia\/files\/2013\/12\/ilha-do-mel-02.jpg?fit=500%2C750&#038;ssl=1\" src=\"https:\/\/i0.wp.com\/radames.manosso.nom.br\/fotografia\/files\/2013\/12\/ilha-do-mel-02.jpg?w=108&#038;h=162&#038;ssl=1\" srcset=\"https:\/\/i0.wp.com\/radames.manosso.nom.br\/fotografia\/files\/2013\/12\/ilha-do-mel-02.jpg?w=683&amp;ssl=1 683w, https:\/\/i0.wp.com\/radames.manosso.nom.br\/fotografia\/files\/2013\/12\/ilha-do-mel-02.jpg?resize=200%2C300&amp;ssl=1 200w\" width=\"108\" height=\"162\" loading=\"lazy\" data-original-width=\"108\" data-original-height=\"162\" itemprop=\"http:\/\/schema.org\/image\" title=\"Ilha do Mel Paran\u00e1\" alt=\"Ilha do Mel Paran\u00e1\" style=\"width: 108px; height: 162px;\" \/> <\/a> <\/div> <\/div> <!-- close group --> <div class=\"gallery-group images-1\" style=\"width: 246px; height: 166px;\" data-original-width=\"246\" data-original-height=\"166\" > <div class=\"tiled-gallery-item tiled-gallery-item-small\" itemprop=\"associatedMedia\" itemscope itemtype=\"http:\/\/schema.org\/ImageObject\"> <a href=\"https:\/\/radames.manosso.nom.br\/fotografia\/mar-e-praia\/ilha-do-mel\/attachment\/ilha-do-mel-03\/\" border=\"0\" itemprop=\"url\"> <meta itemprop=\"width\" content=\"242\"> <meta itemprop=\"height\" content=\"162\"> <img decoding=\"async\" class=\"\" data-attachment-id=\"469\" data-orig-file=\"https:\/\/radames.manosso.nom.br\/fotografia\/files\/2013\/12\/ilha-do-mel-03.jpg\" data-orig-size=\"1024,683\" data-comments-opened=\"1\" data-image-meta=\"{&quot;aperture&quot;:&quot;5.6&quot;,&quot;credit&quot;:&quot;&quot;,&quot;camera&quot;:&quot;NIKON D3100&quot;,&quot;caption&quot;:&quot;&quot;,&quot;created_timestamp&quot;:&quot;1373783407&quot;,&quot;copyright&quot;:&quot;&quot;,&quot;focal_length&quot;:&quot;55&quot;,&quot;iso&quot;:&quot;100&quot;,&quot;shutter_speed&quot;:&quot;0.6&quot;,&quot;title&quot;:&quot;&quot;,&quot;orientation&quot;:&quot;0&quot;}\" data-image-title=\"Ilha do Mel Paran\u00e1\" data-image-description=\"\" data-medium-file=\"https:\/\/i0.wp.com\/radames.manosso.nom.br\/fotografia\/files\/2013\/12\/ilha-do-mel-03.jpg?fit=300%2C200&#038;ssl=1\" data-large-file=\"https:\/\/i0.wp.com\/radames.manosso.nom.br\/fotografia\/files\/2013\/12\/ilha-do-mel-03.jpg?fit=500%2C333&#038;ssl=1\" src=\"https:\/\/i0.wp.com\/radames.manosso.nom.br\/fotografia\/files\/2013\/12\/ilha-do-mel-03.jpg?w=242&#038;h=162&#038;ssl=1\" srcset=\"https:\/\/i0.wp.com\/radames.manosso.nom.br\/fotografia\/files\/2013\/12\/ilha-do-mel-03.jpg?w=1024&amp;ssl=1 1024w, https:\/\/i0.wp.com\/radames.manosso.nom.br\/fotografia\/files\/2013\/12\/ilha-do-mel-03.jpg?resize=300%2C200&amp;ssl=1 300w, https:\/\/i0.wp.com\/radames.manosso.nom.br\/fotografia\/files\/2013\/12\/ilha-do-mel-03.jpg?resize=768%2C512&amp;ssl=1 768w\" width=\"242\" height=\"162\" loading=\"lazy\" data-original-width=\"242\" data-original-height=\"162\" itemprop=\"http:\/\/schema.org\/image\" title=\"Ilha do Mel Paran\u00e1\" alt=\"Ilha do Mel Paran\u00e1\" style=\"width: 242px; height: 162px;\" \/> <\/a> <\/div> <\/div> <!-- close group --> <\/div> <!-- close row --> <div class=\"gallery-row\" style=\"width: 604px; height: 270px;\" data-original-width=\"604\" data-original-height=\"270\" > <div class=\"gallery-group images-1\" style=\"width: 403px; height: 270px;\" data-original-width=\"403\" data-original-height=\"270\" > <div class=\"tiled-gallery-item tiled-gallery-item-large\" itemprop=\"associatedMedia\" itemscope itemtype=\"http:\/\/schema.org\/ImageObject\"> <a href=\"https:\/\/radames.manosso.nom.br\/fotografia\/mar-e-praia\/ilha-do-mel\/attachment\/ilha-do-mel-04\/\" border=\"0\" itemprop=\"url\"> <meta itemprop=\"width\" content=\"399\"> <meta itemprop=\"height\" content=\"266\"> <img decoding=\"async\" class=\"\" data-attachment-id=\"470\" data-orig-file=\"https:\/\/radames.manosso.nom.br\/fotografia\/files\/2013\/12\/ilha-do-mel-04.jpg\" data-orig-size=\"1024,683\" data-comments-opened=\"1\" data-image-meta=\"{&quot;aperture&quot;:&quot;4.2&quot;,&quot;credit&quot;:&quot;&quot;,&quot;camera&quot;:&quot;NIKON D3100&quot;,&quot;caption&quot;:&quot;&quot;,&quot;created_timestamp&quot;:&quot;1373783963&quot;,&quot;copyright&quot;:&quot;&quot;,&quot;focal_length&quot;:&quot;26&quot;,&quot;iso&quot;:&quot;100&quot;,&quot;shutter_speed&quot;:&quot;0.25&quot;,&quot;title&quot;:&quot;&quot;,&quot;orientation&quot;:&quot;0&quot;}\" data-image-title=\"Ilha do Mel Paran\u00e1\" data-image-description=\"\" data-medium-file=\"https:\/\/i0.wp.com\/radames.manosso.nom.br\/fotografia\/files\/2013\/12\/ilha-do-mel-04.jpg?fit=300%2C200&#038;ssl=1\" data-large-file=\"https:\/\/i0.wp.com\/radames.manosso.nom.br\/fotografia\/files\/2013\/12\/ilha-do-mel-04.jpg?fit=500%2C333&#038;ssl=1\" src=\"https:\/\/i0.wp.com\/radames.manosso.nom.br\/fotografia\/files\/2013\/12\/ilha-do-mel-04.jpg?w=399&#038;h=266&#038;ssl=1\" srcset=\"https:\/\/i0.wp.com\/radames.manosso.nom.br\/fotografia\/files\/2013\/12\/ilha-do-mel-04.jpg?w=1024&amp;ssl=1 1024w, https:\/\/i0.wp.com\/radames.manosso.nom.br\/fotografia\/files\/2013\/12\/ilha-do-mel-04.jpg?resize=300%2C200&amp;ssl=1 300w, https:\/\/i0.wp.com\/radames.manosso.nom.br\/fotografia\/files\/2013\/12\/ilha-do-mel-04.jpg?resize=768%2C512&amp;ssl=1 768w\" width=\"399\" height=\"266\" loading=\"lazy\" data-original-width=\"399\" data-original-height=\"266\" itemprop=\"http:\/\/schema.org\/image\" title=\"Ilha do Mel Paran\u00e1\" alt=\"Ilha do Mel Paran\u00e1\" style=\"width: 399px; height: 266px;\" \/> <\/a> <\/div> <\/div> <!-- close group --> <div class=\"gallery-group images-2\" style=\"width: 201px; height: 270px;\" data-original-width=\"201\" data-original-height=\"270\" > <div class=\"tiled-gallery-item tiled-gallery-item-small\" itemprop=\"associatedMedia\" itemscope itemtype=\"http:\/\/schema.org\/ImageObject\"> <a href=\"https:\/\/radames.manosso.nom.br\/fotografia\/mar-e-praia\/ilha-do-mel\/attachment\/ilha-do-mel-05\/\" border=\"0\" itemprop=\"url\"> <meta itemprop=\"width\" content=\"197\"> <meta itemprop=\"height\" content=\"131\"> <img decoding=\"async\" class=\"\" data-attachment-id=\"471\" data-orig-file=\"https:\/\/radames.manosso.nom.br\/fotografia\/files\/2013\/12\/ilha-do-mel-05.jpg\" data-orig-size=\"1024,683\" data-comments-opened=\"1\" data-image-meta=\"{&quot;aperture&quot;:&quot;5.6&quot;,&quot;credit&quot;:&quot;&quot;,&quot;camera&quot;:&quot;NIKON D3100&quot;,&quot;caption&quot;:&quot;&quot;,&quot;created_timestamp&quot;:&quot;1373784450&quot;,&quot;copyright&quot;:&quot;&quot;,&quot;focal_length&quot;:&quot;18&quot;,&quot;iso&quot;:&quot;100&quot;,&quot;shutter_speed&quot;:&quot;0.05&quot;,&quot;title&quot;:&quot;&quot;,&quot;orientation&quot;:&quot;0&quot;}\" data-image-title=\"Ilha do Mel Paran\u00e1\" data-image-description=\"\" data-medium-file=\"https:\/\/i0.wp.com\/radames.manosso.nom.br\/fotografia\/files\/2013\/12\/ilha-do-mel-05.jpg?fit=300%2C200&#038;ssl=1\" data-large-file=\"https:\/\/i0.wp.com\/radames.manosso.nom.br\/fotografia\/files\/2013\/12\/ilha-do-mel-05.jpg?fit=500%2C333&#038;ssl=1\" src=\"https:\/\/i0.wp.com\/radames.manosso.nom.br\/fotografia\/files\/2013\/12\/ilha-do-mel-05.jpg?w=197&#038;h=131&#038;ssl=1\" srcset=\"https:\/\/i0.wp.com\/radames.manosso.nom.br\/fotografia\/files\/2013\/12\/ilha-do-mel-05.jpg?w=1024&amp;ssl=1 1024w, https:\/\/i0.wp.com\/radames.manosso.nom.br\/fotografia\/files\/2013\/12\/ilha-do-mel-05.jpg?resize=300%2C200&amp;ssl=1 300w, https:\/\/i0.wp.com\/radames.manosso.nom.br\/fotografia\/files\/2013\/12\/ilha-do-mel-05.jpg?resize=768%2C512&amp;ssl=1 768w\" width=\"197\" height=\"131\" loading=\"lazy\" data-original-width=\"197\" data-original-height=\"131\" itemprop=\"http:\/\/schema.org\/image\" title=\"Ilha do Mel Paran\u00e1\" alt=\"Ilha do Mel Paran\u00e1\" style=\"width: 197px; height: 131px;\" \/> <\/a> <\/div> <div class=\"tiled-gallery-item tiled-gallery-item-small\" itemprop=\"associatedMedia\" itemscope itemtype=\"http:\/\/schema.org\/ImageObject\"> <a href=\"https:\/\/radames.manosso.nom.br\/fotografia\/mar-e-praia\/ilha-do-mel\/attachment\/ilha-do-mel-06\/\" border=\"0\" itemprop=\"url\"> <meta itemprop=\"width\" content=\"197\"> <meta itemprop=\"height\" content=\"131\"> <img decoding=\"async\" class=\"\" data-attachment-id=\"472\" data-orig-file=\"https:\/\/radames.manosso.nom.br\/fotografia\/files\/2013\/12\/ilha-do-mel-06.jpg\" data-orig-size=\"1024,683\" data-comments-opened=\"1\" data-image-meta=\"{&quot;aperture&quot;:&quot;14&quot;,&quot;credit&quot;:&quot;&quot;,&quot;camera&quot;:&quot;NIKON D3100&quot;,&quot;caption&quot;:&quot;&quot;,&quot;created_timestamp&quot;:&quot;1373821771&quot;,&quot;copyright&quot;:&quot;&quot;,&quot;focal_length&quot;:&quot;55&quot;,&quot;iso&quot;:&quot;100&quot;,&quot;shutter_speed&quot;:&quot;0.00625&quot;,&quot;title&quot;:&quot;&quot;,&quot;orientation&quot;:&quot;0&quot;}\" data-image-title=\"Ilha do Mel Paran\u00e1\" data-image-description=\"\" data-medium-file=\"https:\/\/i0.wp.com\/radames.manosso.nom.br\/fotografia\/files\/2013\/12\/ilha-do-mel-06.jpg?fit=300%2C200&#038;ssl=1\" data-large-file=\"https:\/\/i0.wp.com\/radames.manosso.nom.br\/fotografia\/files\/2013\/12\/ilha-do-mel-06.jpg?fit=500%2C333&#038;ssl=1\" src=\"https:\/\/i0.wp.com\/radames.manosso.nom.br\/fotografia\/files\/2013\/12\/ilha-do-mel-06.jpg?w=197&#038;h=131&#038;ssl=1\" srcset=\"https:\/\/i0.wp.com\/radames.manosso.nom.br\/fotografia\/files\/2013\/12\/ilha-do-mel-06.jpg?w=1024&amp;ssl=1 1024w, https:\/\/i0.wp.com\/radames.manosso.nom.br\/fotografia\/files\/2013\/12\/ilha-do-mel-06.jpg?resize=300%2C200&amp;ssl=1 300w, https:\/\/i0.wp.com\/radames.manosso.nom.br\/fotografia\/files\/2013\/12\/ilha-do-mel-06.jpg?resize=768%2C512&amp;ssl=1 768w\" width=\"197\" height=\"131\" loading=\"lazy\" data-original-width=\"197\" data-original-height=\"131\" itemprop=\"http:\/\/schema.org\/image\" title=\"Ilha do Mel Paran\u00e1\" alt=\"Ilha do Mel Paran\u00e1\" style=\"width: 197px; height: 131px;\" \/> <\/a> <\/div> <\/div> <!-- close group --> <\/div> <!-- close row --> <div class=\"gallery-row\" style=\"width: 604px; height: 427px;\" data-original-width=\"604\" data-original-height=\"427\" > <div class=\"gallery-group images-2\" style=\"width: 318px; height: 427px;\" data-original-width=\"318\" data-original-height=\"427\" > <div class=\"tiled-gallery-item tiled-gallery-item-large\" itemprop=\"associatedMedia\" itemscope itemtype=\"http:\/\/schema.org\/ImageObject\"> <a href=\"https:\/\/radames.manosso.nom.br\/fotografia\/mar-e-praia\/ilha-do-mel\/attachment\/ilha-do-mel-07\/\" border=\"0\" itemprop=\"url\"> <meta itemprop=\"width\" content=\"314\"> <meta itemprop=\"height\" content=\"210\"> <img decoding=\"async\" class=\"\" data-attachment-id=\"473\" data-orig-file=\"https:\/\/radames.manosso.nom.br\/fotografia\/files\/2013\/12\/ilha-do-mel-07.jpg\" data-orig-size=\"1024,683\" data-comments-opened=\"1\" data-image-meta=\"{&quot;aperture&quot;:&quot;11&quot;,&quot;credit&quot;:&quot;&quot;,&quot;camera&quot;:&quot;NIKON D3100&quot;,&quot;caption&quot;:&quot;&quot;,&quot;created_timestamp&quot;:&quot;1373810364&quot;,&quot;copyright&quot;:&quot;&quot;,&quot;focal_length&quot;:&quot;32&quot;,&quot;iso&quot;:&quot;100&quot;,&quot;shutter_speed&quot;:&quot;0.0025&quot;,&quot;title&quot;:&quot;&quot;,&quot;orientation&quot;:&quot;0&quot;}\" data-image-title=\"Ilha do Mel Paran\u00e1\" data-image-description=\"\" data-medium-file=\"https:\/\/i0.wp.com\/radames.manosso.nom.br\/fotografia\/files\/2013\/12\/ilha-do-mel-07.jpg?fit=300%2C200&#038;ssl=1\" data-large-file=\"https:\/\/i0.wp.com\/radames.manosso.nom.br\/fotografia\/files\/2013\/12\/ilha-do-mel-07.jpg?fit=500%2C333&#038;ssl=1\" src=\"https:\/\/i0.wp.com\/radames.manosso.nom.br\/fotografia\/files\/2013\/12\/ilha-do-mel-07.jpg?w=314&#038;h=210&#038;ssl=1\" srcset=\"https:\/\/i0.wp.com\/radames.manosso.nom.br\/fotografia\/files\/2013\/12\/ilha-do-mel-07.jpg?w=1024&amp;ssl=1 1024w, https:\/\/i0.wp.com\/radames.manosso.nom.br\/fotografia\/files\/2013\/12\/ilha-do-mel-07.jpg?resize=300%2C200&amp;ssl=1 300w, https:\/\/i0.wp.com\/radames.manosso.nom.br\/fotografia\/files\/2013\/12\/ilha-do-mel-07.jpg?resize=768%2C512&amp;ssl=1 768w\" width=\"314\" height=\"210\" loading=\"lazy\" data-original-width=\"314\" data-original-height=\"210\" itemprop=\"http:\/\/schema.org\/image\" title=\"Ilha do Mel Paran\u00e1\" alt=\"Ilha do Mel Paran\u00e1\" style=\"width: 314px; height: 210px;\" \/> <\/a> <\/div> <div class=\"tiled-gallery-item tiled-gallery-item-large\" itemprop=\"associatedMedia\" itemscope itemtype=\"http:\/\/schema.org\/ImageObject\"> <a href=\"https:\/\/radames.manosso.nom.br\/fotografia\/mar-e-praia\/ilha-do-mel\/attachment\/ilha-do-mel-08\/\" border=\"0\" itemprop=\"url\"> <meta itemprop=\"width\" content=\"314\"> <meta itemprop=\"height\" content=\"209\"> <img decoding=\"async\" class=\"\" data-attachment-id=\"475\" data-orig-file=\"https:\/\/radames.manosso.nom.br\/fotografia\/files\/2013\/12\/ilha-do-mel-08.jpg\" data-orig-size=\"1024,683\" data-comments-opened=\"1\" data-image-meta=\"{&quot;aperture&quot;:&quot;11&quot;,&quot;credit&quot;:&quot;&quot;,&quot;camera&quot;:&quot;NIKON D3100&quot;,&quot;caption&quot;:&quot;&quot;,&quot;created_timestamp&quot;:&quot;1373804973&quot;,&quot;copyright&quot;:&quot;&quot;,&quot;focal_length&quot;:&quot;18&quot;,&quot;iso&quot;:&quot;100&quot;,&quot;shutter_speed&quot;:&quot;0.004&quot;,&quot;title&quot;:&quot;&quot;,&quot;orientation&quot;:&quot;0&quot;}\" data-image-title=\"Ilha do Mel Paran\u00e1\" data-image-description=\"\" data-medium-file=\"https:\/\/i0.wp.com\/radames.manosso.nom.br\/fotografia\/files\/2013\/12\/ilha-do-mel-08.jpg?fit=300%2C200&#038;ssl=1\" data-large-file=\"https:\/\/i0.wp.com\/radames.manosso.nom.br\/fotografia\/files\/2013\/12\/ilha-do-mel-08.jpg?fit=500%2C333&#038;ssl=1\" src=\"https:\/\/i0.wp.com\/radames.manosso.nom.br\/fotografia\/files\/2013\/12\/ilha-do-mel-08.jpg?w=314&#038;h=209&#038;ssl=1\" srcset=\"https:\/\/i0.wp.com\/radames.manosso.nom.br\/fotografia\/files\/2013\/12\/ilha-do-mel-08.jpg?w=1024&amp;ssl=1 1024w, https:\/\/i0.wp.com\/radames.manosso.nom.br\/fotografia\/files\/2013\/12\/ilha-do-mel-08.jpg?resize=300%2C200&amp;ssl=1 300w, https:\/\/i0.wp.com\/radames.manosso.nom.br\/fotografia\/files\/2013\/12\/ilha-do-mel-08.jpg?resize=768%2C512&amp;ssl=1 768w\" width=\"314\" height=\"209\" loading=\"lazy\" data-original-width=\"314\" data-original-height=\"209\" itemprop=\"http:\/\/schema.org\/image\" title=\"Ilha do Mel Paran\u00e1\" alt=\"Ilha do Mel Paran\u00e1\" style=\"width: 314px; height: 209px;\" \/> <\/a> <\/div> <\/div> <!-- close group --> <div class=\"gallery-group images-1\" style=\"width: 286px; height: 427px;\" data-original-width=\"286\" data-original-height=\"427\" > <div class=\"tiled-gallery-item tiled-gallery-item-large\" itemprop=\"associatedMedia\" itemscope itemtype=\"http:\/\/schema.org\/ImageObject\"> <a href=\"https:\/\/radames.manosso.nom.br\/fotografia\/mar-e-praia\/ilha-do-mel\/attachment\/ilha-do-mel-09\/\" border=\"0\" itemprop=\"url\"> <meta itemprop=\"width\" content=\"282\"> <meta itemprop=\"height\" content=\"423\"> <img decoding=\"async\" class=\"\" data-attachment-id=\"476\" data-orig-file=\"https:\/\/radames.manosso.nom.br\/fotografia\/files\/2013\/12\/ilha-do-mel-09.jpg\" data-orig-size=\"683,1024\" data-comments-opened=\"1\" data-image-meta=\"{&quot;aperture&quot;:&quot;11&quot;,&quot;credit&quot;:&quot;&quot;,&quot;camera&quot;:&quot;NIKON D3100&quot;,&quot;caption&quot;:&quot;&quot;,&quot;created_timestamp&quot;:&quot;1373803411&quot;,&quot;copyright&quot;:&quot;&quot;,&quot;focal_length&quot;:&quot;34&quot;,&quot;iso&quot;:&quot;100&quot;,&quot;shutter_speed&quot;:&quot;0.005&quot;,&quot;title&quot;:&quot;&quot;,&quot;orientation&quot;:&quot;0&quot;}\" data-image-title=\"Ilha do Mel Paran\u00e1\" data-image-description=\"\" data-medium-file=\"https:\/\/i0.wp.com\/radames.manosso.nom.br\/fotografia\/files\/2013\/12\/ilha-do-mel-09.jpg?fit=200%2C300&#038;ssl=1\" data-large-file=\"https:\/\/i0.wp.com\/radames.manosso.nom.br\/fotografia\/files\/2013\/12\/ilha-do-mel-09.jpg?fit=500%2C750&#038;ssl=1\" src=\"https:\/\/i0.wp.com\/radames.manosso.nom.br\/fotografia\/files\/2013\/12\/ilha-do-mel-09.jpg?w=282&#038;h=423&#038;ssl=1\" srcset=\"https:\/\/i0.wp.com\/radames.manosso.nom.br\/fotografia\/files\/2013\/12\/ilha-do-mel-09.jpg?w=683&amp;ssl=1 683w, https:\/\/i0.wp.com\/radames.manosso.nom.br\/fotografia\/files\/2013\/12\/ilha-do-mel-09.jpg?resize=200%2C300&amp;ssl=1 200w\" width=\"282\" height=\"423\" loading=\"lazy\" data-original-width=\"282\" data-original-height=\"423\" itemprop=\"http:\/\/schema.org\/image\" title=\"Ilha do Mel Paran\u00e1\" alt=\"Ilha do Mel Paran\u00e1\" style=\"width: 282px; height: 423px;\" \/> <\/a> <\/div> <\/div> <!-- close group --> <\/div> <!-- close row --> <div class=\"gallery-row\" style=\"width: 604px; height: 173px;\" data-original-width=\"604\" data-original-height=\"173\" > <div class=\"gallery-group images-1\" style=\"width: 113px; height: 173px;\" data-original-width=\"113\" data-original-height=\"173\" > <div class=\"tiled-gallery-item tiled-gallery-item-small\" itemprop=\"associatedMedia\" itemscope itemtype=\"http:\/\/schema.org\/ImageObject\"> <a href=\"https:\/\/radames.manosso.nom.br\/fotografia\/mar-e-praia\/ilha-do-mel\/attachment\/ilha-do-mel-11\/\" border=\"0\" itemprop=\"url\"> <meta itemprop=\"width\" content=\"109\"> <meta itemprop=\"height\" content=\"169\"> <img decoding=\"async\" class=\"\" data-attachment-id=\"478\" data-orig-file=\"https:\/\/radames.manosso.nom.br\/fotografia\/files\/2013\/12\/ilha-do-mel-11.jpg\" data-orig-size=\"659,1024\" data-comments-opened=\"1\" data-image-meta=\"{&quot;aperture&quot;:&quot;11&quot;,&quot;credit&quot;:&quot;&quot;,&quot;camera&quot;:&quot;NIKON D3100&quot;,&quot;caption&quot;:&quot;&quot;,&quot;created_timestamp&quot;:&quot;1373800835&quot;,&quot;copyright&quot;:&quot;&quot;,&quot;focal_length&quot;:&quot;18&quot;,&quot;iso&quot;:&quot;100&quot;,&quot;shutter_speed&quot;:&quot;0.003125&quot;,&quot;title&quot;:&quot;&quot;,&quot;orientation&quot;:&quot;0&quot;}\" data-image-title=\"Ilha do Mel Paran\u00e1\" data-image-description=\"\" data-medium-file=\"https:\/\/i0.wp.com\/radames.manosso.nom.br\/fotografia\/files\/2013\/12\/ilha-do-mel-11.jpg?fit=193%2C300&#038;ssl=1\" data-large-file=\"https:\/\/i0.wp.com\/radames.manosso.nom.br\/fotografia\/files\/2013\/12\/ilha-do-mel-11.jpg?fit=500%2C777&#038;ssl=1\" src=\"https:\/\/i0.wp.com\/radames.manosso.nom.br\/fotografia\/files\/2013\/12\/ilha-do-mel-11.jpg?w=109&#038;h=169&#038;ssl=1\" srcset=\"https:\/\/i0.wp.com\/radames.manosso.nom.br\/fotografia\/files\/2013\/12\/ilha-do-mel-11.jpg?w=659&amp;ssl=1 659w, https:\/\/i0.wp.com\/radames.manosso.nom.br\/fotografia\/files\/2013\/12\/ilha-do-mel-11.jpg?resize=193%2C300&amp;ssl=1 193w\" width=\"109\" height=\"169\" loading=\"lazy\" data-original-width=\"109\" data-original-height=\"169\" itemprop=\"http:\/\/schema.org\/image\" title=\"Ilha do Mel Paran\u00e1\" alt=\"Ilha do Mel Paran\u00e1\" style=\"width: 109px; height: 169px;\" \/> <\/a> <\/div> <\/div> <!-- close group --> <div class=\"gallery-group images-1\" style=\"width: 117px; height: 173px;\" data-original-width=\"117\" data-original-height=\"173\" > <div class=\"tiled-gallery-item tiled-gallery-item-small\" itemprop=\"associatedMedia\" itemscope itemtype=\"http:\/\/schema.org\/ImageObject\"> <a href=\"https:\/\/radames.manosso.nom.br\/fotografia\/mar-e-praia\/ilha-do-mel\/attachment\/ilha-do-mel-12\/\" border=\"0\" itemprop=\"url\"> <meta itemprop=\"width\" content=\"113\"> <meta itemprop=\"height\" content=\"169\"> <img decoding=\"async\" class=\"\" data-attachment-id=\"479\" data-orig-file=\"https:\/\/radames.manosso.nom.br\/fotografia\/files\/2013\/12\/ilha-do-mel-12.jpg\" data-orig-size=\"683,1024\" data-comments-opened=\"1\" data-image-meta=\"{&quot;aperture&quot;:&quot;11&quot;,&quot;credit&quot;:&quot;&quot;,&quot;camera&quot;:&quot;NIKON D3100&quot;,&quot;caption&quot;:&quot;&quot;,&quot;created_timestamp&quot;:&quot;1373800682&quot;,&quot;copyright&quot;:&quot;&quot;,&quot;focal_length&quot;:&quot;18&quot;,&quot;iso&quot;:&quot;100&quot;,&quot;shutter_speed&quot;:&quot;0.004&quot;,&quot;title&quot;:&quot;&quot;,&quot;orientation&quot;:&quot;0&quot;}\" data-image-title=\"Ilha do Mel Paran\u00e1\" data-image-description=\"\" data-medium-file=\"https:\/\/i0.wp.com\/radames.manosso.nom.br\/fotografia\/files\/2013\/12\/ilha-do-mel-12.jpg?fit=200%2C300&#038;ssl=1\" data-large-file=\"https:\/\/i0.wp.com\/radames.manosso.nom.br\/fotografia\/files\/2013\/12\/ilha-do-mel-12.jpg?fit=500%2C750&#038;ssl=1\" src=\"https:\/\/i0.wp.com\/radames.manosso.nom.br\/fotografia\/files\/2013\/12\/ilha-do-mel-12.jpg?w=113&#038;h=169&#038;ssl=1\" srcset=\"https:\/\/i0.wp.com\/radames.manosso.nom.br\/fotografia\/files\/2013\/12\/ilha-do-mel-12.jpg?w=683&amp;ssl=1 683w, https:\/\/i0.wp.com\/radames.manosso.nom.br\/fotografia\/files\/2013\/12\/ilha-do-mel-12.jpg?resize=200%2C300&amp;ssl=1 200w\" width=\"113\" height=\"169\" loading=\"lazy\" data-original-width=\"113\" data-original-height=\"169\" itemprop=\"http:\/\/schema.org\/image\" title=\"Ilha do Mel Paran\u00e1\" alt=\"Ilha do Mel Paran\u00e1\" style=\"width: 113px; height: 169px;\" \/> <\/a> <\/div> <\/div> <!-- close group --> <div class=\"gallery-group images-1\" style=\"width: 257px; height: 173px;\" data-original-width=\"257\" data-original-height=\"173\" > <div class=\"tiled-gallery-item tiled-gallery-item-large\" itemprop=\"associatedMedia\" itemscope itemtype=\"http:\/\/schema.org\/ImageObject\"> <a href=\"https:\/\/radames.manosso.nom.br\/fotografia\/mar-e-praia\/ilha-do-mel\/attachment\/ilha-do-mel-13\/\" border=\"0\" itemprop=\"url\"> <meta itemprop=\"width\" content=\"253\"> <meta itemprop=\"height\" content=\"169\"> <img decoding=\"async\" class=\"\" data-attachment-id=\"480\" data-orig-file=\"https:\/\/radames.manosso.nom.br\/fotografia\/files\/2013\/12\/ilha-do-mel-13.jpg\" data-orig-size=\"1024,683\" data-comments-opened=\"1\" data-image-meta=\"{&quot;aperture&quot;:&quot;11&quot;,&quot;credit&quot;:&quot;&quot;,&quot;camera&quot;:&quot;NIKON D3100&quot;,&quot;caption&quot;:&quot;&quot;,&quot;created_timestamp&quot;:&quot;1373798611&quot;,&quot;copyright&quot;:&quot;&quot;,&quot;focal_length&quot;:&quot;32&quot;,&quot;iso&quot;:&quot;100&quot;,&quot;shutter_speed&quot;:&quot;0.002&quot;,&quot;title&quot;:&quot;&quot;,&quot;orientation&quot;:&quot;0&quot;}\" data-image-title=\"Ilha do Mel Paran\u00e1\" data-image-description=\"\" data-medium-file=\"https:\/\/i0.wp.com\/radames.manosso.nom.br\/fotografia\/files\/2013\/12\/ilha-do-mel-13.jpg?fit=300%2C200&#038;ssl=1\" data-large-file=\"https:\/\/i0.wp.com\/radames.manosso.nom.br\/fotografia\/files\/2013\/12\/ilha-do-mel-13.jpg?fit=500%2C333&#038;ssl=1\" src=\"https:\/\/i0.wp.com\/radames.manosso.nom.br\/fotografia\/files\/2013\/12\/ilha-do-mel-13.jpg?w=253&#038;h=169&#038;ssl=1\" srcset=\"https:\/\/i0.wp.com\/radames.manosso.nom.br\/fotografia\/files\/2013\/12\/ilha-do-mel-13.jpg?w=1024&amp;ssl=1 1024w, https:\/\/i0.wp.com\/radames.manosso.nom.br\/fotografia\/files\/2013\/12\/ilha-do-mel-13.jpg?resize=300%2C200&amp;ssl=1 300w, https:\/\/i0.wp.com\/radames.manosso.nom.br\/fotografia\/files\/2013\/12\/ilha-do-mel-13.jpg?resize=768%2C512&amp;ssl=1 768w\" width=\"253\" height=\"169\" loading=\"lazy\" data-original-width=\"253\" data-original-height=\"169\" itemprop=\"http:\/\/schema.org\/image\" title=\"Ilha do Mel Paran\u00e1\" alt=\"Ilha do Mel Paran\u00e1\" style=\"width: 253px; height: 169px;\" \/> <\/a> <\/div> <\/div> <!-- close group --> <div class=\"gallery-group images-1\" style=\"width: 117px; height: 173px;\" data-original-width=\"117\" data-original-height=\"173\" > <div class=\"tiled-gallery-item tiled-gallery-item-small\" itemprop=\"associatedMedia\" itemscope itemtype=\"http:\/\/schema.org\/ImageObject\"> <a href=\"https:\/\/radames.manosso.nom.br\/fotografia\/mar-e-praia\/ilha-do-mel\/attachment\/ilha-do-mel-14\/\" border=\"0\" itemprop=\"url\"> <meta itemprop=\"width\" content=\"113\"> <meta itemprop=\"height\" content=\"169\"> <img decoding=\"async\" class=\"\" data-attachment-id=\"481\" data-orig-file=\"https:\/\/radames.manosso.nom.br\/fotografia\/files\/2013\/12\/ilha-do-mel-14.jpg\" data-orig-size=\"683,1024\" data-comments-opened=\"1\" data-image-meta=\"{&quot;aperture&quot;:&quot;22&quot;,&quot;credit&quot;:&quot;&quot;,&quot;camera&quot;:&quot;NIKON D3100&quot;,&quot;caption&quot;:&quot;&quot;,&quot;created_timestamp&quot;:&quot;1373786877&quot;,&quot;copyright&quot;:&quot;&quot;,&quot;focal_length&quot;:&quot;20&quot;,&quot;iso&quot;:&quot;100&quot;,&quot;shutter_speed&quot;:&quot;0.05&quot;,&quot;title&quot;:&quot;&quot;,&quot;orientation&quot;:&quot;0&quot;}\" data-image-title=\"Ilha do Mel Paran\u00e1\" data-image-description=\"\" data-medium-file=\"https:\/\/i0.wp.com\/radames.manosso.nom.br\/fotografia\/files\/2013\/12\/ilha-do-mel-14.jpg?fit=200%2C300&#038;ssl=1\" data-large-file=\"https:\/\/i0.wp.com\/radames.manosso.nom.br\/fotografia\/files\/2013\/12\/ilha-do-mel-14.jpg?fit=500%2C750&#038;ssl=1\" src=\"https:\/\/i0.wp.com\/radames.manosso.nom.br\/fotografia\/files\/2013\/12\/ilha-do-mel-14.jpg?w=113&#038;h=169&#038;ssl=1\" srcset=\"https:\/\/i0.wp.com\/radames.manosso.nom.br\/fotografia\/files\/2013\/12\/ilha-do-mel-14.jpg?w=683&amp;ssl=1 683w, https:\/\/i0.wp.com\/radames.manosso.nom.br\/fotografia\/files\/2013\/12\/ilha-do-mel-14.jpg?resize=200%2C300&amp;ssl=1 200w\" width=\"113\" height=\"169\" loading=\"lazy\" data-original-width=\"113\" data-original-height=\"169\" itemprop=\"http:\/\/schema.org\/image\" title=\"Ilha do Mel Paran\u00e1\" alt=\"Ilha do Mel Paran\u00e1\" style=\"width: 113px; height: 169px;\" \/> <\/a> <\/div> <\/div> <!-- close group --> <\/div> <!-- close row --> <div class=\"gallery-row\" style=\"width: 604px; height: 185px;\" data-original-width=\"604\" data-original-height=\"185\" > <div class=\"gallery-group images-1\" style=\"width: 329px; height: 185px;\" data-original-width=\"329\" data-original-height=\"185\" > <div class=\"tiled-gallery-item tiled-gallery-item-large\" itemprop=\"associatedMedia\" itemscope itemtype=\"http:\/\/schema.org\/ImageObject\"> <a href=\"https:\/\/radames.manosso.nom.br\/fotografia\/mar-e-praia\/ilha-do-mel\/attachment\/ilha-do-mel-15\/\" border=\"0\" itemprop=\"url\"> <meta itemprop=\"width\" content=\"325\"> <meta itemprop=\"height\" content=\"181\"> <img decoding=\"async\" class=\"\" data-attachment-id=\"482\" data-orig-file=\"https:\/\/radames.manosso.nom.br\/fotografia\/files\/2013\/12\/ilha-do-mel-15.jpg\" data-orig-size=\"1024,570\" data-comments-opened=\"1\" data-image-meta=\"{&quot;aperture&quot;:&quot;9&quot;,&quot;credit&quot;:&quot;&quot;,&quot;camera&quot;:&quot;NIKON D3100&quot;,&quot;caption&quot;:&quot;&quot;,&quot;created_timestamp&quot;:&quot;1373785701&quot;,&quot;copyright&quot;:&quot;&quot;,&quot;focal_length&quot;:&quot;55&quot;,&quot;iso&quot;:&quot;100&quot;,&quot;shutter_speed&quot;:&quot;0.025&quot;,&quot;title&quot;:&quot;&quot;,&quot;orientation&quot;:&quot;0&quot;}\" data-image-title=\"Ilha do Mel Paran\u00e1\" data-image-description=\"\" data-medium-file=\"https:\/\/i0.wp.com\/radames.manosso.nom.br\/fotografia\/files\/2013\/12\/ilha-do-mel-15.jpg?fit=300%2C167&#038;ssl=1\" data-large-file=\"https:\/\/i0.wp.com\/radames.manosso.nom.br\/fotografia\/files\/2013\/12\/ilha-do-mel-15.jpg?fit=500%2C278&#038;ssl=1\" src=\"https:\/\/i0.wp.com\/radames.manosso.nom.br\/fotografia\/files\/2013\/12\/ilha-do-mel-15.jpg?w=325&#038;h=181&#038;ssl=1\" srcset=\"https:\/\/i0.wp.com\/radames.manosso.nom.br\/fotografia\/files\/2013\/12\/ilha-do-mel-15.jpg?w=1024&amp;ssl=1 1024w, https:\/\/i0.wp.com\/radames.manosso.nom.br\/fotografia\/files\/2013\/12\/ilha-do-mel-15.jpg?resize=300%2C167&amp;ssl=1 300w, https:\/\/i0.wp.com\/radames.manosso.nom.br\/fotografia\/files\/2013\/12\/ilha-do-mel-15.jpg?resize=768%2C428&amp;ssl=1 768w\" width=\"325\" height=\"181\" loading=\"lazy\" data-original-width=\"325\" data-original-height=\"181\" itemprop=\"http:\/\/schema.org\/image\" title=\"Ilha do Mel Paran\u00e1\" alt=\"Ilha do Mel Paran\u00e1\" style=\"width: 325px; height: 181px;\" \/> <\/a> <\/div> <\/div> <!-- close group --> <div class=\"gallery-group images-1\" style=\"width: 275px; height: 185px;\" data-original-width=\"275\" data-original-height=\"185\" > <div class=\"tiled-gallery-item tiled-gallery-item-large\" itemprop=\"associatedMedia\" itemscope itemtype=\"http:\/\/schema.org\/ImageObject\"> <a href=\"https:\/\/radames.manosso.nom.br\/fotografia\/mar-e-praia\/ilha-do-mel\/attachment\/ilha-do-mel-10\/\" border=\"0\" itemprop=\"url\"> <meta itemprop=\"width\" content=\"271\"> <meta itemprop=\"height\" content=\"181\"> <img decoding=\"async\" class=\"\" data-attachment-id=\"477\" data-orig-file=\"https:\/\/radames.manosso.nom.br\/fotografia\/files\/2013\/12\/ilha-do-mel-10.jpg\" data-orig-size=\"1024,683\" data-comments-opened=\"1\" data-image-meta=\"{&quot;aperture&quot;:&quot;11&quot;,&quot;credit&quot;:&quot;&quot;,&quot;camera&quot;:&quot;NIKON D3100&quot;,&quot;caption&quot;:&quot;&quot;,&quot;created_timestamp&quot;:&quot;1373800994&quot;,&quot;copyright&quot;:&quot;&quot;,&quot;focal_length&quot;:&quot;40&quot;,&quot;iso&quot;:&quot;100&quot;,&quot;shutter_speed&quot;:&quot;0.003125&quot;,&quot;title&quot;:&quot;&quot;,&quot;orientation&quot;:&quot;0&quot;}\" data-image-title=\"Ilha do Mel Paran\u00e1\" data-image-description=\"\" data-medium-file=\"https:\/\/i0.wp.com\/radames.manosso.nom.br\/fotografia\/files\/2013\/12\/ilha-do-mel-10.jpg?fit=300%2C200&#038;ssl=1\" data-large-file=\"https:\/\/i0.wp.com\/radames.manosso.nom.br\/fotografia\/files\/2013\/12\/ilha-do-mel-10.jpg?fit=500%2C333&#038;ssl=1\" src=\"https:\/\/i0.wp.com\/radames.manosso.nom.br\/fotografia\/files\/2013\/12\/ilha-do-mel-10.jpg?w=271&#038;h=181&#038;ssl=1\" srcset=\"https:\/\/i0.wp.com\/radames.manosso.nom.br\/fotografia\/files\/2013\/12\/ilha-do-mel-10.jpg?w=1024&amp;ssl=1 1024w, https:\/\/i0.wp.com\/radames.manosso.nom.br\/fotografia\/files\/2013\/12\/ilha-do-mel-10.jpg?resize=300%2C200&amp;ssl=1 300w, https:\/\/i0.wp.com\/radames.manosso.nom.br\/fotografia\/files\/2013\/12\/ilha-do-mel-10.jpg?resize=768%2C512&amp;ssl=1 768w\" width=\"271\" height=\"181\" loading=\"lazy\" data-original-width=\"271\" data-original-height=\"181\" itemprop=\"http:\/\/schema.org\/image\" title=\"Ilha do Mel Paran\u00e1\" alt=\"Ilha do Mel Paran\u00e1\" style=\"width: 271px; height: 181px;\" \/> <\/a> <\/div> <\/div> <!-- close group --> <\/div> <!-- close row --> <\/div>\n","protected":false},"excerpt":{"rendered":"<p>Na ilha do Mel n\u00e3o tem carro nem moto. Bicicleta pode, mas nem rua tem l\u00e1. Quem quiser chegar \u00e0s pousadas e restaurantes da ilha tem que descer no trapiche e andar pelas trilhas estreitas e sinuosas que serpenteiam pelo meio da mata. As constru\u00e7\u00f5es s\u00e3o r\u00fasticas e est\u00e3o alojadas entre as \u00e1rvores. Em uma &hellip; <a href=\"https:\/\/radames.manosso.nom.br\/fotografia\/mar-e-praia\/ilha-do-mel\/\" class=\"more-link\">Continue lendo <span class=\"screen-reader-text\">Ilha do Mel<\/span> <span class=\"meta-nav\">&rarr;<\/span><\/a><\/p>\n","protected":false},"author":1,"featured_media":0,"comment_status":"open","ping_status":"closed","sticky":false,"template":"","format":"standard","meta":{"jetpack_post_was_ever_published":false,"_jetpack_newsletter_access":"","_jetpack_dont_email_post_to_subs":false,"_jetpack_newsletter_tier_id":0,"_jetpack_memberships_contains_paywalled_content":false,"_jetpack_memberships_contains_paid_content":false,"footnotes":"","jetpack_publicize_message":"","jetpack_publicize_feature_enabled":true,"jetpack_social_post_already_shared":false,"jetpack_social_options":{"image_generator_settings":{"template":"highway","default_image_id":0,"font":"","enabled":false},"version":2}},"categories":[16],"tags":[19,17,25,20,4,24,18,21,22,23],"class_list":["post-119","post","type-post","status-publish","format-standard","hentry","category-mar-e-praia","tag-beach","tag-ilha-do-mel","tag-litoral","tag-mar","tag-parana","tag-por-do-sol","tag-preia","tag-sea","tag-sol","tag-sun"],"jetpack_publicize_connections":[],"jetpack_featured_media_url":"","jetpack_shortlink":"https:\/\/wp.me\/p755Vo-1V","jetpack-related-posts":[{"id":50,"url":"https:\/\/radames.manosso.nom.br\/fotografia\/urbana\/curitiba-em-detalhes\/","url_meta":{"origin":119,"position":0},"title":"Curitiba em detalhes","author":"Radam\u00e9s","date":false,"format":false,"excerpt":"Quando eu comecei a fotografar parti do princ\u00edpio que bons motivos estavam perto de mim. Fotografar a minha cidade natal era a op\u00e7\u00e3o natural. Andar pelas ruas com olhos bem abertos e tentar encontrar aqueles detalhes que contem algo importante sobre a alma da cidade, mas que \u00a0passam desapercebidos na\u2026","rel":"","context":"Em &quot;Urbana&quot;","block_context":{"text":"Urbana","link":"https:\/\/radames.manosso.nom.br\/fotografia\/category\/urbana\/"},"img":{"alt_text":"Arquitetura em madeira - Bosque do Papa - Curitiba","src":"https:\/\/i0.wp.com\/radames.manosso.nom.br\/fotografia\/files\/2013\/11\/curitiba-em-detalhes-03-low-e1491944593898.jpg?resize=350%2C200&ssl=1","width":350,"height":200},"classes":[]},{"id":163,"url":"https:\/\/radames.manosso.nom.br\/fotografia\/urbana\/colecionador-de-tampa-de-bueiro\/","url_meta":{"origin":119,"position":1},"title":"Colecionador de tampas de bueiro","author":"Radam\u00e9s","date":false,"format":false,"excerpt":"Fiquem tranquilos, coleciono apenas fotografias de tampa de bueiro. \u00c9 uma cole\u00e7\u00e3o ainda pequena, mas espero amplia-la aos poucos. Descobri que existe uma rela\u00e7\u00e3o direta entre belas cidades e belas tampas. Sim, pode existir beleza nessas pe\u00e7as do mobili\u00e1rio urbano pisoteadas sem cessar. E se n\u00e3o forem belas, certamente nos\u2026","rel":"","context":"Em &quot;Urbana&quot;","block_context":{"text":"Urbana","link":"https:\/\/radames.manosso.nom.br\/fotografia\/category\/urbana\/"},"img":{"alt_text":"","src":"https:\/\/i0.wp.com\/radames.manosso.nom.br\/fotografia\/files\/2019\/06\/1539-tampa-de-bueiro-budapeste.jpg?resize=350%2C200&ssl=1","width":350,"height":200},"classes":[]},{"id":127,"url":"https:\/\/radames.manosso.nom.br\/fotografia\/rural\/nao-e-toscana-nem-provenca-e-campo-magro\/","url_meta":{"origin":119,"position":2},"title":"N\u00e3o \u00e9 Toscana, nem Proven\u00e7a. \u00c9 Campo Magro","author":"Radam\u00e9s","date":false,"format":false,"excerpt":"Quando comecei a disparar meus cliques amadores, peguei o carro e sa\u00ed por a\u00ed em busca de belas paisagens rurais, como aquelas da Toscana e da Proven\u00e7a que via em fotos europeias. Por comodidade, minha primeira parada foi em Campo Magro, que fica pr\u00f3xima de minha casa em Curitiba. N\u00e3o\u2026","rel":"","context":"Em &quot;Rural&quot;","block_context":{"text":"Rural","link":"https:\/\/radames.manosso.nom.br\/fotografia\/category\/rural\/"},"img":{"alt_text":"Campo Magro Paran\u00e1","src":"https:\/\/i0.wp.com\/radames.manosso.nom.br\/fotografia\/files\/2014\/02\/campo-magro-1.jpg?resize=350%2C200","width":350,"height":200,"srcset":"https:\/\/i0.wp.com\/radames.manosso.nom.br\/fotografia\/files\/2014\/02\/campo-magro-1.jpg?resize=350%2C200 1x, https:\/\/i0.wp.com\/radames.manosso.nom.br\/fotografia\/files\/2014\/02\/campo-magro-1.jpg?resize=525%2C300 1.5x"},"classes":[]},{"id":103,"url":"https:\/\/radames.manosso.nom.br\/fotografia\/rural\/as-poucas-araucarias\/","url_meta":{"origin":119,"position":3},"title":"As poucas arauc\u00e1rias","author":"Radam\u00e9s","date":false,"format":false,"excerpt":"A arauc\u00e1ria \u00e9 uma \u00e1rvore majestosa e fotog\u00eanica que j\u00e1 dominou a paisagem no sul do Brasil, mas est\u00e1 amea\u00e7ada de extin\u00e7\u00e3o. Seu perfil elegante e sua copa em forma de c\u00e1lice se formam porque ela se ergue acima das demais \u00e1rvores na busca pela luz do sol. O estado\u2026","rel":"","context":"Em &quot;Rural&quot;","block_context":{"text":"Rural","link":"https:\/\/radames.manosso.nom.br\/fotografia\/category\/rural\/"},"img":{"alt_text":"Arauc\u00e1ria - pinheiro do Paran\u00e1","src":"https:\/\/i0.wp.com\/radames.manosso.nom.br\/fotografia\/files\/2013\/11\/araucaria-01.jpg?resize=350%2C200","width":350,"height":200,"srcset":"https:\/\/i0.wp.com\/radames.manosso.nom.br\/fotografia\/files\/2013\/11\/araucaria-01.jpg?resize=350%2C200 1x, https:\/\/i0.wp.com\/radames.manosso.nom.br\/fotografia\/files\/2013\/11\/araucaria-01.jpg?resize=525%2C300 1.5x, https:\/\/i0.wp.com\/radames.manosso.nom.br\/fotografia\/files\/2013\/11\/araucaria-01.jpg?resize=700%2C400 2x"},"classes":[]},{"id":208,"url":"https:\/\/radames.manosso.nom.br\/fotografia\/urbana\/gente-na-rua\/","url_meta":{"origin":119,"position":4},"title":"Gente na rua","author":"Radam\u00e9s","date":false,"format":false,"excerpt":"Fotografar pessoas em flagrante na rua \u00e9 uma coisa que os grandes fot\u00f3grafos da escola humanista faziam muito bem. Acredito que nos tempos do Cartier Bressom e do Doisneau n\u00e3o havia muita preocupa\u00e7\u00e3o com direitos de imagem, mas a fotografia de rua \u00e9 assim mesmo: requer certa cara de pau.\u2026","rel":"","context":"Em &quot;Urbana&quot;","block_context":{"text":"Urbana","link":"https:\/\/radames.manosso.nom.br\/fotografia\/category\/urbana\/"},"img":{"alt_text":"A violinista de Crac\u00f3via","src":"https:\/\/i0.wp.com\/radames.manosso.nom.br\/fotografia\/files\/2016\/07\/DSC_8027-1-e1491943271559.jpg?resize=350%2C200&ssl=1","width":350,"height":200},"classes":[]},{"id":581,"url":"https:\/\/radames.manosso.nom.br\/fotografia\/urbana\/obstrucao\/","url_meta":{"origin":119,"position":5},"title":"Obstru\u00e7\u00e3o","author":"Radam\u00e9s","date":false,"format":false,"excerpt":"J\u00e1 que no meio do caminho tinha uma fia\u00e7\u00e3o por que n\u00e3o fazer disso um ensaio desfotogr\u00e1fico? Aqui em Curitiba temos v\u00e1rios pr\u00e9dios de interesse hist\u00f3rico, arquitet\u00f4nico, fotog\u00eanicos enfim. Quase sempre a vontade de fotografa-los fica reprimida por uma ma\u00e7aroca de fios. Tudo bem, enterrar a fia\u00e7\u00e3o custa caro e\u2026","rel":"","context":"Em &quot;Urbana&quot;","block_context":{"text":"Urbana","link":"https:\/\/radames.manosso.nom.br\/fotografia\/category\/urbana\/"},"img":{"alt_text":"Paisagem obtru\u00edda","src":"https:\/\/i0.wp.com\/radames.manosso.nom.br\/fotografia\/files\/2019\/06\/1517-obstrucao.jpg?resize=350%2C200","width":350,"height":200},"classes":[]}],"jetpack_sharing_enabled":true,"_links":{"self":[{"href":"https:\/\/radames.manosso.nom.br\/fotografia\/wp-json\/wp\/v2\/posts\/119","targetHints":{"allow":["GET"]}}],"collection":[{"href":"https:\/\/radames.manosso.nom.br\/fotografia\/wp-json\/wp\/v2\/posts"}],"about":[{"href":"https:\/\/radames.manosso.nom.br\/fotografia\/wp-json\/wp\/v2\/types\/post"}],"author":[{"embeddable":true,"href":"https:\/\/radames.manosso.nom.br\/fotografia\/wp-json\/wp\/v2\/users\/1"}],"replies":[{"embeddable":true,"href":"https:\/\/radames.manosso.nom.br\/fotografia\/wp-json\/wp\/v2\/comments?post=119"}],"version-history":[{"count":9,"href":"https:\/\/radames.manosso.nom.br\/fotografia\/wp-json\/wp\/v2\/posts\/119\/revisions"}],"predecessor-version":[{"id":483,"href":"https:\/\/radames.manosso.nom.br\/fotografia\/wp-json\/wp\/v2\/posts\/119\/revisions\/483"}],"wp:attachment":[{"href":"https:\/\/radames.manosso.nom.br\/fotografia\/wp-json\/wp\/v2\/media?parent=119"}],"wp:term":[{"taxonomy":"category","embeddable":true,"href":"https:\/\/radames.manosso.nom.br\/fotografia\/wp-json\/wp\/v2\/categories?post=119"},{"taxonomy":"post_tag","embeddable":true,"href":"https:\/\/radames.manosso.nom.br\/fotografia\/wp-json\/wp\/v2\/tags?post=119"}],"curies":[{"name":"wp","href":"https:\/\/api.w.org\/{rel}","templated":true}]}}