{"id":141,"date":"2014-04-18T15:56:20","date_gmt":"2014-04-18T15:56:20","guid":{"rendered":"http:\/\/radames.manosso.nom.br\/fotografia\/?p=141"},"modified":"2017-12-02T16:46:40","modified_gmt":"2017-12-02T19:46:40","slug":"yes-nos-temos-viaduto-estaiado","status":"publish","type":"post","link":"https:\/\/radames.manosso.nom.br\/fotografia\/urbana\/yes-nos-temos-viaduto-estaiado\/","title":{"rendered":"Yes, n\u00f3s temos viaduto estaiado"},"content":{"rendered":"<p>Os fot\u00f3grafos (inclusive eu) ganharam\u00a0um novo marco visual curitibano para apontar suas lentes: o viaduto estaiado sobre a Avenida das Torres. Ainda sem nome oficial, o viaduto na Rua Coronel Francisco H. dos Santos est\u00e1 liberado para circula\u00e7\u00e3o de ve\u00edculos e vem causando pol\u00eamica. Com 225m de extens\u00e3o e um mastro de 74 metros de altura, o n\u00famero que mais impressiona nessa obra \u00e9 o seu custo: R$ 112 milh\u00f5es (at\u00e9 agora). \u00c9 como se cada um dos 1,9 milh\u00e3o de curitibanos desembolsasse R$ 59,00 para ver a obra conclu\u00edda. Tudo bem, o viaduto vai encantar os turistas que passarem por baixo dele no trajeto aeroporto-centro ao chegarem\u00a0\u00e0 cidade para a Copa, al\u00e9m dos curitibanos da gema (como eu) que poder\u00e3o postar fotos do arrojado viaduto no Facebook.<\/p>\n<p><img data-recalc-dims=\"1\" loading=\"lazy\" decoding=\"async\" data-attachment-id=\"143\" data-permalink=\"https:\/\/radames.manosso.nom.br\/fotografia\/urbana\/yes-nos-temos-viaduto-estaiado\/attachment\/dsc_0701-1\/\" data-orig-file=\"https:\/\/i0.wp.com\/radames.manosso.nom.br\/fotografia\/files\/2014\/04\/DSC_0701-1-e1491944113651.jpg?fit=400%2C500&amp;ssl=1\" data-orig-size=\"400,500\" data-comments-opened=\"1\" data-image-meta=\"{&quot;aperture&quot;:&quot;4.5&quot;,&quot;credit&quot;:&quot;&quot;,&quot;camera&quot;:&quot;NIKON D7100&quot;,&quot;caption&quot;:&quot;&quot;,&quot;created_timestamp&quot;:&quot;1397755222&quot;,&quot;copyright&quot;:&quot;&quot;,&quot;focal_length&quot;:&quot;18&quot;,&quot;iso&quot;:&quot;100&quot;,&quot;shutter_speed&quot;:&quot;0.5&quot;,&quot;title&quot;:&quot;&quot;}\" data-image-title=\"Viaduto estaiado &#8211; Curitiba\" data-image-description=\"\" data-image-caption=\"\" data-large-file=\"https:\/\/i0.wp.com\/radames.manosso.nom.br\/fotografia\/files\/2014\/04\/DSC_0701-1-e1491944113651.jpg?fit=400%2C500&amp;ssl=1\" class=\"alignnone wp-image-143 size-full\" title=\"Viaduto estaiado - Curitiba\" src=\"https:\/\/i0.wp.com\/radames.manosso.nom.br\/fotografia\/files\/2014\/04\/DSC_0701-1-e1491944113651.jpg?resize=400%2C500&#038;ssl=1\" alt=\"Viaduto estaiado - Curitiba\" width=\"400\" height=\"500\" \/><\/p>\n<p>&nbsp;<\/p>\n<p><!--more-->O primeiro viaduto estaiado curitibano desafoga o tr\u00e2nsito em um ponto bastante congestionado at\u00e9 ent\u00e3o, mas ouso pensar\u00a0que resolver os problemas de tr\u00e2nsito com viadutos e trincheiras \u00e9 coisa do velho S\u00e9culo XX. Como diria o ex-prefeito de Curitiba e urbanista renomado Jaime Lerner, viadutos apenas ligam um congestionamento a outro. Curitiba \u00e9 a capital mais motorizada do Brasil. Temos um carro para cada dois habitantes. O desafio \u00e9 fazer com que esses carros fiquem na garagem e que a popula\u00e7\u00e3o circule a p\u00e9, de bicicleta ou de transporte p\u00fablico. O nosso transporte coletivo \u00e9 uma refer\u00eancia nacional, mas quem o conhece no dia-a-dia sabe que est\u00e1 longe de ser nossa melhor op\u00e7\u00e3o para\u00a0circular.<br \/>\nAgora temos um viaduto estiloso de linhas arrojadas que rende boas fotos e que pode se tornar o mais novo marco visual curitibano. Marcos visuais s\u00e3o bons para o turismo e, pensando bem, boa parte dos marcos visuais pelo mundo afora t\u00eam caracter\u00edsticas em comum com o viaduto estaiado: custo astron\u00f4mico, utilidade duvidosa e manuten\u00e7\u00e3o cara. Duvidam? Pensem na\u00a0Torre Eifel, Est\u00e1tua da Liberdade, Taj Mahal e nas pir\u00e2mides do Egito. No caso do viaduto estaiado ainda temos um agravante: o entorno da obra \u00e9 de uma aridez provinciana que s\u00f3 gera ru\u00eddo nas fotos. Gosto de marcos visuais que cumprem uma fun\u00e7\u00e3o social como a \u00d3pera de Sidney ou o Museu Guggenheim de Bilbao e aqui mesmo em Curitiba temos um bom exemplo no Jardim Bot\u00e2nico de Curitiba.<br \/>\nEm vez do viaduto estaiado deveriam ter constru\u00eddo uma obra convencional bem mais barata? Deveriam ter gasto essa dinheirama para expandir\u00a0a\u00a0malha de ciclovias para a cidade inteira? O custo da obra poderia ser mais baixo com uma gest\u00e3o austera do dinheiro p\u00fablico? Como se n\u00e3o bastassem as pol\u00eamicas que cruzam o viaduto sem parar, ainda temos um projeto na c\u00e2mara de vereadores que prev\u00ea a concess\u00e3o do futuro nome da obra \u00e0 inciativa privada. Fiquem tranquilos \u00f3 conservadores curitibanos recatados: n\u00e3o poder\u00e3o disputar o nome empresas do ramo de fumo e bebidas alco\u00f3licas.<\/p>\n<p>&nbsp;<\/p>\n<div class=\"tiled-gallery type-rectangular tiled-gallery-unresized\" data-original-width=\"604\" data-carousel-extra='{&quot;blog_id&quot;:8,&quot;permalink&quot;:&quot;https:\\\/\\\/radames.manosso.nom.br\\\/fotografia\\\/urbana\\\/yes-nos-temos-viaduto-estaiado\\\/&quot;,&quot;likes_blog_id&quot;:104648770}' itemscope itemtype=\"http:\/\/schema.org\/ImageGallery\" > <div class=\"gallery-row\" style=\"width: 604px; height: 462px;\" data-original-width=\"604\" data-original-height=\"462\" > <div class=\"gallery-group images-2\" style=\"width: 295px; height: 462px;\" data-original-width=\"295\" data-original-height=\"462\" > <div class=\"tiled-gallery-item tiled-gallery-item-large\" itemprop=\"associatedMedia\" itemscope itemtype=\"http:\/\/schema.org\/ImageObject\"> <a href=\"https:\/\/radames.manosso.nom.br\/fotografia\/urbana\/yes-nos-temos-viaduto-estaiado\/attachment\/viaduto-estaiado-curitiba-1\/\" border=\"0\" itemprop=\"url\"> <meta itemprop=\"width\" content=\"291\"> <meta itemprop=\"height\" content=\"291\"> <img decoding=\"async\" class=\"\" data-attachment-id=\"432\" data-orig-file=\"https:\/\/radames.manosso.nom.br\/fotografia\/files\/2014\/04\/viaduto-estaiado-curitiba-1.jpg\" data-orig-size=\"1024,1024\" data-comments-opened=\"1\" data-image-meta=\"{&quot;aperture&quot;:&quot;4.5&quot;,&quot;credit&quot;:&quot;&quot;,&quot;camera&quot;:&quot;NIKON D7100&quot;,&quot;caption&quot;:&quot;&quot;,&quot;created_timestamp&quot;:&quot;1397754017&quot;,&quot;copyright&quot;:&quot;&quot;,&quot;focal_length&quot;:&quot;18&quot;,&quot;iso&quot;:&quot;100&quot;,&quot;shutter_speed&quot;:&quot;0.25&quot;,&quot;title&quot;:&quot;&quot;,&quot;orientation&quot;:&quot;0&quot;}\" data-image-title=\"Viaduto estaiado Curitiba\" data-image-description=\"\" data-medium-file=\"https:\/\/i0.wp.com\/radames.manosso.nom.br\/fotografia\/files\/2014\/04\/viaduto-estaiado-curitiba-1.jpg?fit=300%2C300&#038;ssl=1\" data-large-file=\"https:\/\/i0.wp.com\/radames.manosso.nom.br\/fotografia\/files\/2014\/04\/viaduto-estaiado-curitiba-1.jpg?fit=500%2C500&#038;ssl=1\" src=\"https:\/\/i0.wp.com\/radames.manosso.nom.br\/fotografia\/files\/2014\/04\/viaduto-estaiado-curitiba-1.jpg?w=291&#038;h=291&#038;crop=1&#038;ssl=1\" srcset=\"https:\/\/i0.wp.com\/radames.manosso.nom.br\/fotografia\/files\/2014\/04\/viaduto-estaiado-curitiba-1.jpg?w=1024&amp;ssl=1 1024w, https:\/\/i0.wp.com\/radames.manosso.nom.br\/fotografia\/files\/2014\/04\/viaduto-estaiado-curitiba-1.jpg?resize=150%2C150&amp;ssl=1 150w, https:\/\/i0.wp.com\/radames.manosso.nom.br\/fotografia\/files\/2014\/04\/viaduto-estaiado-curitiba-1.jpg?resize=300%2C300&amp;ssl=1 300w, https:\/\/i0.wp.com\/radames.manosso.nom.br\/fotografia\/files\/2014\/04\/viaduto-estaiado-curitiba-1.jpg?resize=768%2C768&amp;ssl=1 768w, https:\/\/i0.wp.com\/radames.manosso.nom.br\/fotografia\/files\/2014\/04\/viaduto-estaiado-curitiba-1.jpg?resize=640%2C640&amp;ssl=1 640w\" width=\"291\" height=\"291\" loading=\"lazy\" data-original-width=\"291\" data-original-height=\"291\" itemprop=\"http:\/\/schema.org\/image\" title=\"Viaduto estaiado Curitiba\" alt=\"Viaduto estaiado Curitiba\" style=\"width: 291px; height: 291px;\" \/> <\/a> <\/div> <div class=\"tiled-gallery-item tiled-gallery-item-large\" itemprop=\"associatedMedia\" itemscope itemtype=\"http:\/\/schema.org\/ImageObject\"> <a href=\"https:\/\/radames.manosso.nom.br\/fotografia\/urbana\/yes-nos-temos-viaduto-estaiado\/attachment\/viaduto-estaiado-curitiba-2\/\" border=\"0\" itemprop=\"url\"> <meta itemprop=\"width\" content=\"291\"> <meta itemprop=\"height\" content=\"163\"> <img decoding=\"async\" class=\"\" data-attachment-id=\"433\" data-orig-file=\"https:\/\/radames.manosso.nom.br\/fotografia\/files\/2014\/04\/viaduto-estaiado-curitiba-2.jpg\" data-orig-size=\"1024,576\" data-comments-opened=\"1\" data-image-meta=\"{&quot;aperture&quot;:&quot;4.5&quot;,&quot;credit&quot;:&quot;&quot;,&quot;camera&quot;:&quot;NIKON D7100&quot;,&quot;caption&quot;:&quot;&quot;,&quot;created_timestamp&quot;:&quot;1397754344&quot;,&quot;copyright&quot;:&quot;&quot;,&quot;focal_length&quot;:&quot;18&quot;,&quot;iso&quot;:&quot;100&quot;,&quot;shutter_speed&quot;:&quot;0.5&quot;,&quot;title&quot;:&quot;&quot;,&quot;orientation&quot;:&quot;0&quot;}\" data-image-title=\"Viaduto estaiado Curitiba\" data-image-description=\"\" data-medium-file=\"https:\/\/i0.wp.com\/radames.manosso.nom.br\/fotografia\/files\/2014\/04\/viaduto-estaiado-curitiba-2.jpg?fit=300%2C169&#038;ssl=1\" data-large-file=\"https:\/\/i0.wp.com\/radames.manosso.nom.br\/fotografia\/files\/2014\/04\/viaduto-estaiado-curitiba-2.jpg?fit=500%2C281&#038;ssl=1\" src=\"https:\/\/i0.wp.com\/radames.manosso.nom.br\/fotografia\/files\/2014\/04\/viaduto-estaiado-curitiba-2.jpg?w=291&#038;h=163&#038;ssl=1\" srcset=\"https:\/\/i0.wp.com\/radames.manosso.nom.br\/fotografia\/files\/2014\/04\/viaduto-estaiado-curitiba-2.jpg?w=1024&amp;ssl=1 1024w, https:\/\/i0.wp.com\/radames.manosso.nom.br\/fotografia\/files\/2014\/04\/viaduto-estaiado-curitiba-2.jpg?resize=300%2C169&amp;ssl=1 300w, https:\/\/i0.wp.com\/radames.manosso.nom.br\/fotografia\/files\/2014\/04\/viaduto-estaiado-curitiba-2.jpg?resize=768%2C432&amp;ssl=1 768w\" width=\"291\" height=\"163\" loading=\"lazy\" data-original-width=\"291\" data-original-height=\"163\" itemprop=\"http:\/\/schema.org\/image\" title=\"Viaduto estaiado Curitiba\" alt=\"Viaduto estaiado Curitiba\" style=\"width: 291px; height: 163px;\" \/> <\/a> <\/div> <\/div> <!-- close group --> <div class=\"gallery-group images-1\" style=\"width: 309px; height: 462px;\" data-original-width=\"309\" data-original-height=\"462\" > <div class=\"tiled-gallery-item tiled-gallery-item-large\" itemprop=\"associatedMedia\" itemscope itemtype=\"http:\/\/schema.org\/ImageObject\"> <a href=\"https:\/\/radames.manosso.nom.br\/fotografia\/urbana\/yes-nos-temos-viaduto-estaiado\/attachment\/viaduto-estaiado-curitiba-3\/\" border=\"0\" itemprop=\"url\"> <meta itemprop=\"width\" content=\"305\"> <meta itemprop=\"height\" content=\"458\"> <img decoding=\"async\" class=\"\" data-attachment-id=\"434\" data-orig-file=\"https:\/\/radames.manosso.nom.br\/fotografia\/files\/2014\/04\/viaduto-estaiado-curitiba-3.jpg\" data-orig-size=\"683,1024\" data-comments-opened=\"1\" data-image-meta=\"{&quot;aperture&quot;:&quot;4.5&quot;,&quot;credit&quot;:&quot;&quot;,&quot;camera&quot;:&quot;NIKON D7100&quot;,&quot;caption&quot;:&quot;&quot;,&quot;created_timestamp&quot;:&quot;1397754416&quot;,&quot;copyright&quot;:&quot;&quot;,&quot;focal_length&quot;:&quot;18&quot;,&quot;iso&quot;:&quot;100&quot;,&quot;shutter_speed&quot;:&quot;0.25&quot;,&quot;title&quot;:&quot;&quot;,&quot;orientation&quot;:&quot;0&quot;}\" data-image-title=\"Viaduto estaiado Curitiba\" data-image-description=\"\" data-medium-file=\"https:\/\/i0.wp.com\/radames.manosso.nom.br\/fotografia\/files\/2014\/04\/viaduto-estaiado-curitiba-3.jpg?fit=200%2C300&#038;ssl=1\" data-large-file=\"https:\/\/i0.wp.com\/radames.manosso.nom.br\/fotografia\/files\/2014\/04\/viaduto-estaiado-curitiba-3.jpg?fit=500%2C750&#038;ssl=1\" src=\"https:\/\/i0.wp.com\/radames.manosso.nom.br\/fotografia\/files\/2014\/04\/viaduto-estaiado-curitiba-3.jpg?w=305&#038;h=458&#038;ssl=1\" srcset=\"https:\/\/i0.wp.com\/radames.manosso.nom.br\/fotografia\/files\/2014\/04\/viaduto-estaiado-curitiba-3.jpg?w=683&amp;ssl=1 683w, https:\/\/i0.wp.com\/radames.manosso.nom.br\/fotografia\/files\/2014\/04\/viaduto-estaiado-curitiba-3.jpg?resize=200%2C300&amp;ssl=1 200w\" width=\"305\" height=\"458\" loading=\"lazy\" data-original-width=\"305\" data-original-height=\"458\" itemprop=\"http:\/\/schema.org\/image\" title=\"Viaduto estaiado Curitiba\" alt=\"Viaduto estaiado Curitiba\" style=\"width: 305px; height: 458px;\" \/> <\/a> <\/div> <\/div> <!-- close group --> <\/div> <!-- close row --> <div class=\"gallery-row\" style=\"width: 604px; height: 437px;\" data-original-width=\"604\" data-original-height=\"437\" > <div class=\"gallery-group images-1\" style=\"width: 350px; height: 437px;\" data-original-width=\"350\" data-original-height=\"437\" > <div class=\"tiled-gallery-item tiled-gallery-item-large\" itemprop=\"associatedMedia\" itemscope itemtype=\"http:\/\/schema.org\/ImageObject\"> <a href=\"https:\/\/radames.manosso.nom.br\/fotografia\/urbana\/yes-nos-temos-viaduto-estaiado\/attachment\/viaduto-estaiado-curitiba-4\/\" border=\"0\" itemprop=\"url\"> <meta itemprop=\"width\" content=\"346\"> <meta itemprop=\"height\" content=\"433\"> <img decoding=\"async\" class=\"\" data-attachment-id=\"435\" data-orig-file=\"https:\/\/radames.manosso.nom.br\/fotografia\/files\/2014\/04\/viaduto-estaiado-curitiba-4.jpg\" data-orig-size=\"819,1024\" data-comments-opened=\"1\" data-image-meta=\"{&quot;aperture&quot;:&quot;4.5&quot;,&quot;credit&quot;:&quot;&quot;,&quot;camera&quot;:&quot;NIKON D7100&quot;,&quot;caption&quot;:&quot;&quot;,&quot;created_timestamp&quot;:&quot;1397755222&quot;,&quot;copyright&quot;:&quot;&quot;,&quot;focal_length&quot;:&quot;18&quot;,&quot;iso&quot;:&quot;100&quot;,&quot;shutter_speed&quot;:&quot;0.5&quot;,&quot;title&quot;:&quot;&quot;,&quot;orientation&quot;:&quot;0&quot;}\" data-image-title=\"Viaduto estaiado Curitiba\" data-image-description=\"\" data-medium-file=\"https:\/\/i0.wp.com\/radames.manosso.nom.br\/fotografia\/files\/2014\/04\/viaduto-estaiado-curitiba-4.jpg?fit=240%2C300&#038;ssl=1\" data-large-file=\"https:\/\/i0.wp.com\/radames.manosso.nom.br\/fotografia\/files\/2014\/04\/viaduto-estaiado-curitiba-4.jpg?fit=500%2C625&#038;ssl=1\" src=\"https:\/\/i0.wp.com\/radames.manosso.nom.br\/fotografia\/files\/2014\/04\/viaduto-estaiado-curitiba-4.jpg?w=346&#038;h=433&#038;ssl=1\" srcset=\"https:\/\/i0.wp.com\/radames.manosso.nom.br\/fotografia\/files\/2014\/04\/viaduto-estaiado-curitiba-4.jpg?w=819&amp;ssl=1 819w, https:\/\/i0.wp.com\/radames.manosso.nom.br\/fotografia\/files\/2014\/04\/viaduto-estaiado-curitiba-4.jpg?resize=240%2C300&amp;ssl=1 240w, https:\/\/i0.wp.com\/radames.manosso.nom.br\/fotografia\/files\/2014\/04\/viaduto-estaiado-curitiba-4.jpg?resize=768%2C960&amp;ssl=1 768w\" width=\"346\" height=\"433\" loading=\"lazy\" data-original-width=\"346\" data-original-height=\"433\" itemprop=\"http:\/\/schema.org\/image\" title=\"Viaduto estaiado Curitiba\" alt=\"Viaduto estaiado Curitiba\" style=\"width: 346px; height: 433px;\" \/> <\/a> <\/div> <\/div> <!-- close group --> <div class=\"gallery-group images-2\" style=\"width: 254px; height: 437px;\" data-original-width=\"254\" data-original-height=\"437\" > <div class=\"tiled-gallery-item tiled-gallery-item-large\" itemprop=\"associatedMedia\" itemscope itemtype=\"http:\/\/schema.org\/ImageObject\"> <a href=\"https:\/\/radames.manosso.nom.br\/fotografia\/urbana\/yes-nos-temos-viaduto-estaiado\/attachment\/viaduto-estaiado-curitiba-5\/\" border=\"0\" itemprop=\"url\"> <meta itemprop=\"width\" content=\"250\"> <meta itemprop=\"height\" content=\"250\"> <img decoding=\"async\" class=\"\" data-attachment-id=\"436\" data-orig-file=\"https:\/\/radames.manosso.nom.br\/fotografia\/files\/2014\/04\/viaduto-estaiado-curitiba-5.jpg\" data-orig-size=\"1024,1024\" data-comments-opened=\"1\" data-image-meta=\"{&quot;aperture&quot;:&quot;4.5&quot;,&quot;credit&quot;:&quot;&quot;,&quot;camera&quot;:&quot;NIKON D7100&quot;,&quot;caption&quot;:&quot;&quot;,&quot;created_timestamp&quot;:&quot;1397755634&quot;,&quot;copyright&quot;:&quot;&quot;,&quot;focal_length&quot;:&quot;24&quot;,&quot;iso&quot;:&quot;100&quot;,&quot;shutter_speed&quot;:&quot;0.5&quot;,&quot;title&quot;:&quot;&quot;,&quot;orientation&quot;:&quot;0&quot;}\" data-image-title=\"Viaduto estaiado Curitiba\" data-image-description=\"\" data-medium-file=\"https:\/\/i0.wp.com\/radames.manosso.nom.br\/fotografia\/files\/2014\/04\/viaduto-estaiado-curitiba-5.jpg?fit=300%2C300&#038;ssl=1\" data-large-file=\"https:\/\/i0.wp.com\/radames.manosso.nom.br\/fotografia\/files\/2014\/04\/viaduto-estaiado-curitiba-5.jpg?fit=500%2C500&#038;ssl=1\" src=\"https:\/\/i0.wp.com\/radames.manosso.nom.br\/fotografia\/files\/2014\/04\/viaduto-estaiado-curitiba-5.jpg?w=250&#038;h=250&#038;crop=1&#038;ssl=1\" srcset=\"https:\/\/i0.wp.com\/radames.manosso.nom.br\/fotografia\/files\/2014\/04\/viaduto-estaiado-curitiba-5.jpg?w=1024&amp;ssl=1 1024w, https:\/\/i0.wp.com\/radames.manosso.nom.br\/fotografia\/files\/2014\/04\/viaduto-estaiado-curitiba-5.jpg?resize=150%2C150&amp;ssl=1 150w, https:\/\/i0.wp.com\/radames.manosso.nom.br\/fotografia\/files\/2014\/04\/viaduto-estaiado-curitiba-5.jpg?resize=300%2C300&amp;ssl=1 300w, https:\/\/i0.wp.com\/radames.manosso.nom.br\/fotografia\/files\/2014\/04\/viaduto-estaiado-curitiba-5.jpg?resize=768%2C768&amp;ssl=1 768w, https:\/\/i0.wp.com\/radames.manosso.nom.br\/fotografia\/files\/2014\/04\/viaduto-estaiado-curitiba-5.jpg?resize=640%2C640&amp;ssl=1 640w\" width=\"250\" height=\"250\" loading=\"lazy\" data-original-width=\"250\" data-original-height=\"250\" itemprop=\"http:\/\/schema.org\/image\" title=\"Viaduto estaiado Curitiba\" alt=\"Viaduto estaiado Curitiba\" style=\"width: 250px; height: 250px;\" \/> <\/a> <\/div> <div class=\"tiled-gallery-item tiled-gallery-item-large\" itemprop=\"associatedMedia\" itemscope itemtype=\"http:\/\/schema.org\/ImageObject\"> <a href=\"https:\/\/radames.manosso.nom.br\/fotografia\/urbana\/yes-nos-temos-viaduto-estaiado\/attachment\/viaduto-estaiado-curitiba-6\/\" border=\"0\" itemprop=\"url\"> <meta itemprop=\"width\" content=\"250\"> <meta itemprop=\"height\" content=\"179\"> <img decoding=\"async\" class=\"\" data-attachment-id=\"437\" data-orig-file=\"https:\/\/radames.manosso.nom.br\/fotografia\/files\/2014\/04\/viaduto-estaiado-curitiba-6.jpg\" data-orig-size=\"1024,731\" data-comments-opened=\"1\" data-image-meta=\"{&quot;aperture&quot;:&quot;4.5&quot;,&quot;credit&quot;:&quot;&quot;,&quot;camera&quot;:&quot;NIKON D7100&quot;,&quot;caption&quot;:&quot;&quot;,&quot;created_timestamp&quot;:&quot;1397754652&quot;,&quot;copyright&quot;:&quot;&quot;,&quot;focal_length&quot;:&quot;18&quot;,&quot;iso&quot;:&quot;100&quot;,&quot;shutter_speed&quot;:&quot;0.5&quot;,&quot;title&quot;:&quot;&quot;,&quot;orientation&quot;:&quot;0&quot;}\" data-image-title=\"Viaduto estaiado Curitiba\" data-image-description=\"\" data-medium-file=\"https:\/\/i0.wp.com\/radames.manosso.nom.br\/fotografia\/files\/2014\/04\/viaduto-estaiado-curitiba-6.jpg?fit=300%2C214&#038;ssl=1\" data-large-file=\"https:\/\/i0.wp.com\/radames.manosso.nom.br\/fotografia\/files\/2014\/04\/viaduto-estaiado-curitiba-6.jpg?fit=500%2C357&#038;ssl=1\" src=\"https:\/\/i0.wp.com\/radames.manosso.nom.br\/fotografia\/files\/2014\/04\/viaduto-estaiado-curitiba-6.jpg?w=250&#038;h=179&#038;ssl=1\" srcset=\"https:\/\/i0.wp.com\/radames.manosso.nom.br\/fotografia\/files\/2014\/04\/viaduto-estaiado-curitiba-6.jpg?w=1024&amp;ssl=1 1024w, https:\/\/i0.wp.com\/radames.manosso.nom.br\/fotografia\/files\/2014\/04\/viaduto-estaiado-curitiba-6.jpg?resize=300%2C214&amp;ssl=1 300w, https:\/\/i0.wp.com\/radames.manosso.nom.br\/fotografia\/files\/2014\/04\/viaduto-estaiado-curitiba-6.jpg?resize=768%2C548&amp;ssl=1 768w\" width=\"250\" height=\"179\" loading=\"lazy\" data-original-width=\"250\" data-original-height=\"179\" itemprop=\"http:\/\/schema.org\/image\" title=\"Viaduto estaiado Curitiba\" alt=\"Viaduto estaiado Curitiba\" style=\"width: 250px; height: 179px;\" \/> <\/a> <\/div> <\/div> <!-- close group --> <\/div> <!-- close row --> <div class=\"gallery-row\" style=\"width: 604px; height: 279px;\" data-original-width=\"604\" data-original-height=\"279\" > <div class=\"gallery-group images-1\" style=\"width: 188px; height: 279px;\" data-original-width=\"188\" data-original-height=\"279\" > <div class=\"tiled-gallery-item tiled-gallery-item-small\" itemprop=\"associatedMedia\" itemscope itemtype=\"http:\/\/schema.org\/ImageObject\"> <a href=\"https:\/\/radames.manosso.nom.br\/fotografia\/urbana\/yes-nos-temos-viaduto-estaiado\/attachment\/viaduto-estaiado-curitiba-8\/\" border=\"0\" itemprop=\"url\"> <meta itemprop=\"width\" content=\"184\"> <meta itemprop=\"height\" content=\"275\"> <img decoding=\"async\" class=\"\" data-attachment-id=\"439\" data-orig-file=\"https:\/\/radames.manosso.nom.br\/fotografia\/files\/2014\/04\/viaduto-estaiado-curitiba-8.jpg\" data-orig-size=\"683,1024\" data-comments-opened=\"1\" data-image-meta=\"{&quot;aperture&quot;:&quot;4.5&quot;,&quot;credit&quot;:&quot;&quot;,&quot;camera&quot;:&quot;NIKON D7100&quot;,&quot;caption&quot;:&quot;&quot;,&quot;created_timestamp&quot;:&quot;1397755873&quot;,&quot;copyright&quot;:&quot;&quot;,&quot;focal_length&quot;:&quot;18&quot;,&quot;iso&quot;:&quot;100&quot;,&quot;shutter_speed&quot;:&quot;0.5&quot;,&quot;title&quot;:&quot;&quot;,&quot;orientation&quot;:&quot;0&quot;}\" data-image-title=\"viaduto-estaiado-curitiba-8\" data-image-description=\"\" data-medium-file=\"https:\/\/i0.wp.com\/radames.manosso.nom.br\/fotografia\/files\/2014\/04\/viaduto-estaiado-curitiba-8.jpg?fit=200%2C300&#038;ssl=1\" data-large-file=\"https:\/\/i0.wp.com\/radames.manosso.nom.br\/fotografia\/files\/2014\/04\/viaduto-estaiado-curitiba-8.jpg?fit=500%2C750&#038;ssl=1\" src=\"https:\/\/i0.wp.com\/radames.manosso.nom.br\/fotografia\/files\/2014\/04\/viaduto-estaiado-curitiba-8.jpg?w=184&#038;h=275&#038;ssl=1\" srcset=\"https:\/\/i0.wp.com\/radames.manosso.nom.br\/fotografia\/files\/2014\/04\/viaduto-estaiado-curitiba-8.jpg?w=683&amp;ssl=1 683w, https:\/\/i0.wp.com\/radames.manosso.nom.br\/fotografia\/files\/2014\/04\/viaduto-estaiado-curitiba-8.jpg?resize=200%2C300&amp;ssl=1 200w\" width=\"184\" height=\"275\" loading=\"lazy\" data-original-width=\"184\" data-original-height=\"275\" itemprop=\"http:\/\/schema.org\/image\" title=\"viaduto-estaiado-curitiba-8\" alt=\"viaduto-estaiado-curitiba-8\" style=\"width: 184px; height: 275px;\" \/> <\/a> <\/div> <\/div> <!-- close group --> <div class=\"gallery-group images-1\" style=\"width: 416px; height: 279px;\" data-original-width=\"416\" data-original-height=\"279\" > <div class=\"tiled-gallery-item tiled-gallery-item-large\" itemprop=\"associatedMedia\" itemscope itemtype=\"http:\/\/schema.org\/ImageObject\"> <a href=\"https:\/\/radames.manosso.nom.br\/fotografia\/urbana\/yes-nos-temos-viaduto-estaiado\/attachment\/viaduto-estaiado-curitiba-7\/\" border=\"0\" itemprop=\"url\"> <meta itemprop=\"width\" content=\"412\"> <meta itemprop=\"height\" content=\"275\"> <img decoding=\"async\" class=\"\" data-attachment-id=\"438\" data-orig-file=\"https:\/\/radames.manosso.nom.br\/fotografia\/files\/2014\/04\/viaduto-estaiado-curitiba-7.jpg\" data-orig-size=\"1024,683\" data-comments-opened=\"1\" data-image-meta=\"{&quot;aperture&quot;:&quot;4.5&quot;,&quot;credit&quot;:&quot;&quot;,&quot;camera&quot;:&quot;NIKON D7100&quot;,&quot;caption&quot;:&quot;&quot;,&quot;created_timestamp&quot;:&quot;1397755697&quot;,&quot;copyright&quot;:&quot;&quot;,&quot;focal_length&quot;:&quot;18&quot;,&quot;iso&quot;:&quot;100&quot;,&quot;shutter_speed&quot;:&quot;0.5&quot;,&quot;title&quot;:&quot;&quot;,&quot;orientation&quot;:&quot;0&quot;}\" data-image-title=\"Viaduto estaiado Curitiba\" data-image-description=\"\" data-medium-file=\"https:\/\/i0.wp.com\/radames.manosso.nom.br\/fotografia\/files\/2014\/04\/viaduto-estaiado-curitiba-7.jpg?fit=300%2C200&#038;ssl=1\" data-large-file=\"https:\/\/i0.wp.com\/radames.manosso.nom.br\/fotografia\/files\/2014\/04\/viaduto-estaiado-curitiba-7.jpg?fit=500%2C333&#038;ssl=1\" src=\"https:\/\/i0.wp.com\/radames.manosso.nom.br\/fotografia\/files\/2014\/04\/viaduto-estaiado-curitiba-7.jpg?w=412&#038;h=275&#038;ssl=1\" srcset=\"https:\/\/i0.wp.com\/radames.manosso.nom.br\/fotografia\/files\/2014\/04\/viaduto-estaiado-curitiba-7.jpg?w=1024&amp;ssl=1 1024w, https:\/\/i0.wp.com\/radames.manosso.nom.br\/fotografia\/files\/2014\/04\/viaduto-estaiado-curitiba-7.jpg?resize=300%2C200&amp;ssl=1 300w, https:\/\/i0.wp.com\/radames.manosso.nom.br\/fotografia\/files\/2014\/04\/viaduto-estaiado-curitiba-7.jpg?resize=768%2C512&amp;ssl=1 768w\" width=\"412\" height=\"275\" loading=\"lazy\" data-original-width=\"412\" data-original-height=\"275\" itemprop=\"http:\/\/schema.org\/image\" title=\"Viaduto estaiado Curitiba\" alt=\"Viaduto estaiado Curitiba\" style=\"width: 412px; height: 275px;\" \/> <\/a> <\/div> <\/div> <!-- close group --> <\/div> <!-- close row --> <\/div>\n","protected":false},"excerpt":{"rendered":"<p>Os fot\u00f3grafos (inclusive eu) ganharam\u00a0um novo marco visual curitibano para apontar suas lentes: o viaduto estaiado sobre a Avenida das Torres. Ainda sem nome oficial, o viaduto na Rua Coronel Francisco H. dos Santos est\u00e1 liberado para circula\u00e7\u00e3o de ve\u00edculos e vem causando pol\u00eamica. Com 225m de extens\u00e3o e um mastro de 74 metros de &hellip; <a href=\"https:\/\/radames.manosso.nom.br\/fotografia\/urbana\/yes-nos-temos-viaduto-estaiado\/\" class=\"more-link\">Continue lendo <span class=\"screen-reader-text\">Yes, n\u00f3s temos viaduto estaiado<\/span> <span class=\"meta-nav\">&rarr;<\/span><\/a><\/p>\n","protected":false},"author":1,"featured_media":0,"comment_status":"open","ping_status":"closed","sticky":false,"template":"","format":"standard","meta":{"jetpack_post_was_ever_published":false,"_jetpack_newsletter_access":"","_jetpack_dont_email_post_to_subs":false,"_jetpack_newsletter_tier_id":0,"_jetpack_memberships_contains_paywalled_content":false,"_jetpack_memberships_contains_paid_content":false,"footnotes":"","jetpack_publicize_message":"","jetpack_publicize_feature_enabled":true,"jetpack_social_post_already_shared":false,"jetpack_social_options":{"image_generator_settings":{"template":"highway","default_image_id":0,"font":"","enabled":false},"version":2}},"categories":[2],"tags":[35,3,38,4,36,37],"class_list":["post-141","post","type-post","status-publish","format-standard","hentry","category-urbana","tag-arquitetura","tag-curitiba","tag-marco-visual","tag-parana","tag-urbanismo","tag-viaduto-estaiado"],"jetpack_publicize_connections":[],"jetpack_featured_media_url":"","jetpack_shortlink":"https:\/\/wp.me\/p755Vo-2h","jetpack-related-posts":[{"id":50,"url":"https:\/\/radames.manosso.nom.br\/fotografia\/urbana\/curitiba-em-detalhes\/","url_meta":{"origin":141,"position":0},"title":"Curitiba em detalhes","author":"Radam\u00e9s","date":false,"format":false,"excerpt":"Quando eu comecei a fotografar parti do princ\u00edpio que bons motivos estavam perto de mim. Fotografar a minha cidade natal era a op\u00e7\u00e3o natural. Andar pelas ruas com olhos bem abertos e tentar encontrar aqueles detalhes que contem algo importante sobre a alma da cidade, mas que \u00a0passam desapercebidos na\u2026","rel":"","context":"Em &quot;Urbana&quot;","block_context":{"text":"Urbana","link":"https:\/\/radames.manosso.nom.br\/fotografia\/category\/urbana\/"},"img":{"alt_text":"Arquitetura em madeira - Bosque do Papa - Curitiba","src":"https:\/\/i0.wp.com\/radames.manosso.nom.br\/fotografia\/files\/2013\/11\/curitiba-em-detalhes-03-low-e1491944593898.jpg?resize=350%2C200&ssl=1","width":350,"height":200},"classes":[]},{"id":163,"url":"https:\/\/radames.manosso.nom.br\/fotografia\/urbana\/colecionador-de-tampa-de-bueiro\/","url_meta":{"origin":141,"position":1},"title":"Colecionador de tampas de bueiro","author":"Radam\u00e9s","date":false,"format":false,"excerpt":"Fiquem tranquilos, coleciono apenas fotografias de tampa de bueiro. \u00c9 uma cole\u00e7\u00e3o ainda pequena, mas espero amplia-la aos poucos. Descobri que existe uma rela\u00e7\u00e3o direta entre belas cidades e belas tampas. Sim, pode existir beleza nessas pe\u00e7as do mobili\u00e1rio urbano pisoteadas sem cessar. E se n\u00e3o forem belas, certamente nos\u2026","rel":"","context":"Em &quot;Urbana&quot;","block_context":{"text":"Urbana","link":"https:\/\/radames.manosso.nom.br\/fotografia\/category\/urbana\/"},"img":{"alt_text":"","src":"https:\/\/i0.wp.com\/radames.manosso.nom.br\/fotografia\/files\/2019\/06\/1539-tampa-de-bueiro-budapeste.jpg?resize=350%2C200&ssl=1","width":350,"height":200},"classes":[]},{"id":177,"url":"https:\/\/radames.manosso.nom.br\/fotografia\/urbana\/sakura-de-inverno\/","url_meta":{"origin":141,"position":2},"title":"Sakura de inverno","author":"Radam\u00e9s","date":false,"format":false,"excerpt":"Aqui em Curitiba a florada das cerejeiras acontece no auge do inverno. Existem muitas cerejeiras pela cidade mas os lugares mais fotog\u00eanicos para v\u00ea-las florindo s\u00e3o o Jardim Bot\u00e2nico, a Pra\u00e7a do Jap\u00e3o e a Rua XV de Novembro (Rua das Flores). Embora aqui o frio n\u00e3o seja rigoroso como\u2026","rel":"","context":"Em &quot;Urbana&quot;","block_context":{"text":"Urbana","link":"https:\/\/radames.manosso.nom.br\/fotografia\/category\/urbana\/"},"img":{"alt_text":"Cerejeiras em Curitiba","src":"https:\/\/i0.wp.com\/radames.manosso.nom.br\/fotografia\/files\/2019\/06\/1528-cerejeiras-curitiba-7.jpg?resize=350%2C200&ssl=1","width":350,"height":200},"classes":[]},{"id":581,"url":"https:\/\/radames.manosso.nom.br\/fotografia\/urbana\/obstrucao\/","url_meta":{"origin":141,"position":3},"title":"Obstru\u00e7\u00e3o","author":"Radam\u00e9s","date":false,"format":false,"excerpt":"J\u00e1 que no meio do caminho tinha uma fia\u00e7\u00e3o por que n\u00e3o fazer disso um ensaio desfotogr\u00e1fico? Aqui em Curitiba temos v\u00e1rios pr\u00e9dios de interesse hist\u00f3rico, arquitet\u00f4nico, fotog\u00eanicos enfim. Quase sempre a vontade de fotografa-los fica reprimida por uma ma\u00e7aroca de fios. Tudo bem, enterrar a fia\u00e7\u00e3o custa caro e\u2026","rel":"","context":"Em &quot;Urbana&quot;","block_context":{"text":"Urbana","link":"https:\/\/radames.manosso.nom.br\/fotografia\/category\/urbana\/"},"img":{"alt_text":"Paisagem obtru\u00edda","src":"https:\/\/i0.wp.com\/radames.manosso.nom.br\/fotografia\/files\/2019\/06\/1517-obstrucao.jpg?resize=350%2C200","width":350,"height":200},"classes":[]},{"id":208,"url":"https:\/\/radames.manosso.nom.br\/fotografia\/urbana\/gente-na-rua\/","url_meta":{"origin":141,"position":4},"title":"Gente na rua","author":"Radam\u00e9s","date":false,"format":false,"excerpt":"Fotografar pessoas em flagrante na rua \u00e9 uma coisa que os grandes fot\u00f3grafos da escola humanista faziam muito bem. Acredito que nos tempos do Cartier Bressom e do Doisneau n\u00e3o havia muita preocupa\u00e7\u00e3o com direitos de imagem, mas a fotografia de rua \u00e9 assim mesmo: requer certa cara de pau.\u2026","rel":"","context":"Em &quot;Urbana&quot;","block_context":{"text":"Urbana","link":"https:\/\/radames.manosso.nom.br\/fotografia\/category\/urbana\/"},"img":{"alt_text":"A violinista de Crac\u00f3via","src":"https:\/\/i0.wp.com\/radames.manosso.nom.br\/fotografia\/files\/2016\/07\/DSC_8027-1-e1491943271559.jpg?resize=350%2C200&ssl=1","width":350,"height":200},"classes":[]},{"id":198,"url":"https:\/\/radames.manosso.nom.br\/fotografia\/urbana\/cliques-fora-da-curva\/","url_meta":{"origin":141,"position":5},"title":"Cliques fora da curva","author":"Radam\u00e9s","date":false,"format":false,"excerpt":"Sabe aquela foto fora do seu padr\u00e3o, mas que n\u00e3o d\u00e1 para n\u00e3o clicar? Quem anda com a c\u00e2mera na m\u00e3o volta e meia se depara com situa\u00e7\u00f5es ins\u00f3litas que n\u00e3o se encaixam na linha geral de seus cliques. Alinhei alguns pontos fora da curva nesta galeria. Em comum, eles\u2026","rel":"","context":"Em &quot;Urbana&quot;","block_context":{"text":"Urbana","link":"https:\/\/radames.manosso.nom.br\/fotografia\/category\/urbana\/"},"img":{"alt_text":"Bicicletas abandonadas em Berlim","src":"https:\/\/i0.wp.com\/radames.manosso.nom.br\/fotografia\/files\/2016\/07\/DSC_6371-e1491943346445.jpg?resize=350%2C200&ssl=1","width":350,"height":200},"classes":[]}],"jetpack_sharing_enabled":true,"_links":{"self":[{"href":"https:\/\/radames.manosso.nom.br\/fotografia\/wp-json\/wp\/v2\/posts\/141","targetHints":{"allow":["GET"]}}],"collection":[{"href":"https:\/\/radames.manosso.nom.br\/fotografia\/wp-json\/wp\/v2\/posts"}],"about":[{"href":"https:\/\/radames.manosso.nom.br\/fotografia\/wp-json\/wp\/v2\/types\/post"}],"author":[{"embeddable":true,"href":"https:\/\/radames.manosso.nom.br\/fotografia\/wp-json\/wp\/v2\/users\/1"}],"replies":[{"embeddable":true,"href":"https:\/\/radames.manosso.nom.br\/fotografia\/wp-json\/wp\/v2\/comments?post=141"}],"version-history":[{"count":9,"href":"https:\/\/radames.manosso.nom.br\/fotografia\/wp-json\/wp\/v2\/posts\/141\/revisions"}],"predecessor-version":[{"id":531,"href":"https:\/\/radames.manosso.nom.br\/fotografia\/wp-json\/wp\/v2\/posts\/141\/revisions\/531"}],"wp:attachment":[{"href":"https:\/\/radames.manosso.nom.br\/fotografia\/wp-json\/wp\/v2\/media?parent=141"}],"wp:term":[{"taxonomy":"category","embeddable":true,"href":"https:\/\/radames.manosso.nom.br\/fotografia\/wp-json\/wp\/v2\/categories?post=141"},{"taxonomy":"post_tag","embeddable":true,"href":"https:\/\/radames.manosso.nom.br\/fotografia\/wp-json\/wp\/v2\/tags?post=141"}],"curies":[{"name":"wp","href":"https:\/\/api.w.org\/{rel}","templated":true}]}}