{"id":163,"date":"2014-08-08T17:33:23","date_gmt":"2014-08-08T20:33:23","guid":{"rendered":"http:\/\/radames.manosso.nom.br\/fotografia\/?p=163"},"modified":"2022-10-20T14:09:28","modified_gmt":"2022-10-20T17:09:28","slug":"colecionador-de-tampa-de-bueiro","status":"publish","type":"post","link":"https:\/\/radames.manosso.nom.br\/fotografia\/urbana\/colecionador-de-tampa-de-bueiro\/","title":{"rendered":"Colecionador de tampas de bueiro"},"content":{"rendered":"\n<p>Fiquem tranquilos, coleciono apenas fotografias de tampa de bueiro. \u00c9 uma cole\u00e7\u00e3o ainda pequena, mas espero amplia-la aos poucos. Descobri que existe uma rela\u00e7\u00e3o direta entre belas cidades e belas tampas. Sim, pode existir beleza nessas pe\u00e7as do mobili\u00e1rio urbano pisoteadas sem cessar. E se n\u00e3o forem belas, certamente nos contam hist\u00f3rias sobre a cidade. Al\u00e9m de design elas t\u00eam valor econ\u00f4mico, pois s\u00e3o feitas com bastante metal, o que desperta o interesse dos ladr\u00f5es. Uma tampa custa at\u00e9 R$ 500,00 e as prefeituras gastam valores consider\u00e1veis para repor as perdas causadas pelos gatunos.<\/p>\n\n\n\n<p>Quando encontro uma tampa de bueiro antiga fico pensando como ela resistiu tanto tempo ali no ch\u00e3o, provavelmente ignorada por milhares de transeuntes que pisaram nela ao longo dos anos. Muitas hist\u00f3rias podem ter acontecido sobre elas: festas, passeatas, encontros, correrias, crimes. Algumas tampas trazem o nome de empresas que n\u00e3o existem mais, outras mostram uma est\u00e9tica que est\u00e1 nos livros de hist\u00f3ria.<\/p>\n\n\n\n<figure class=\"wp-block-image\"><a href=\"https:\/\/radames.manosso.nom.br\/fotografia\/1539-tampa-de-bueiro-budapeste\/\"><img data-recalc-dims=\"1\" loading=\"lazy\" decoding=\"async\" width=\"500\" height=\"500\" data-attachment-id=\"825\" data-permalink=\"https:\/\/radames.manosso.nom.br\/fotografia\/1539-tampa-de-bueiro-budapeste\/\" data-orig-file=\"https:\/\/i0.wp.com\/radames.manosso.nom.br\/fotografia\/files\/2019\/06\/1539-tampa-de-bueiro-budapeste.jpg?fit=500%2C500&amp;ssl=1\" data-orig-size=\"500,500\" data-comments-opened=\"1\" data-image-meta=\"{&quot;aperture&quot;:&quot;5&quot;,&quot;credit&quot;:&quot;&quot;,&quot;camera&quot;:&quot;NIKON D7100&quot;,&quot;caption&quot;:&quot;&quot;,&quot;created_timestamp&quot;:&quot;1402279552&quot;,&quot;copyright&quot;:&quot;&quot;,&quot;focal_length&quot;:&quot;20&quot;,&quot;iso&quot;:&quot;100&quot;,&quot;shutter_speed&quot;:&quot;0.004&quot;,&quot;title&quot;:&quot;&quot;,&quot;orientation&quot;:&quot;0&quot;}\" data-image-title=\"1539-tampa-de-bueiro-budapeste\" data-image-description=\"\" data-image-caption=\"\" data-large-file=\"https:\/\/i0.wp.com\/radames.manosso.nom.br\/fotografia\/files\/2019\/06\/1539-tampa-de-bueiro-budapeste.jpg?fit=500%2C500&amp;ssl=1\" src=\"https:\/\/i0.wp.com\/radames.manosso.nom.br\/fotografia\/files\/2019\/06\/1539-tampa-de-bueiro-budapeste.jpg?resize=500%2C500&#038;ssl=1\" alt=\"\" class=\"wp-image-825\" srcset=\"https:\/\/i0.wp.com\/radames.manosso.nom.br\/fotografia\/files\/2019\/06\/1539-tampa-de-bueiro-budapeste.jpg?w=500&amp;ssl=1 500w, https:\/\/i0.wp.com\/radames.manosso.nom.br\/fotografia\/files\/2019\/06\/1539-tampa-de-bueiro-budapeste.jpg?resize=150%2C150&amp;ssl=1 150w, https:\/\/i0.wp.com\/radames.manosso.nom.br\/fotografia\/files\/2019\/06\/1539-tampa-de-bueiro-budapeste.jpg?resize=300%2C300&amp;ssl=1 300w, https:\/\/i0.wp.com\/radames.manosso.nom.br\/fotografia\/files\/2019\/06\/1539-tampa-de-bueiro-budapeste.jpg?resize=100%2C100&amp;ssl=1 100w\" sizes=\"auto, (max-width: 500px) 100vw, 500px\" \/><\/a><\/figure>\n\n\n\n<!--more-->\n\n\n\n<p>Os japoneses s\u00e3o famosos pelo requinte de suas tampas, os europeus t\u00eam tampas de valor hist\u00f3rico que remontam ao per\u00edodo mon\u00e1rquico. Aqui no Brasil, andando pelas ruas \u00e9 poss\u00edvel encontrar tampas interessantes que falam sobre nosso processo de urbaniza\u00e7\u00e3o . Quando andar pelas ruas da sua cidade olhe para o ch\u00e3o e observe as tampas por onde pisa.<\/p>\n\n\n\n<div class=\"wp-block-jetpack-tiled-gallery aligncenter is-style-rectangular\"><div class=\"tiled-gallery__gallery\"><div class=\"tiled-gallery__row\"><div class=\"tiled-gallery__col\" style=\"flex-basis:57.366690368129625%\"><figure class=\"tiled-gallery__item\"><a href=\"https:\/\/radames.manosso.nom.br\/fotografia\/1556-tampa-de-bueiro-budapeste-5\/\"><img decoding=\"async\" data-attachment-id=\"842\" data-permalink=\"https:\/\/radames.manosso.nom.br\/fotografia\/1556-tampa-de-bueiro-budapeste-5\/\" data-orig-file=\"https:\/\/i0.wp.com\/radames.manosso.nom.br\/fotografia\/files\/2019\/06\/1556-tampa-de-bueiro-budapeste-5.jpg?fit=500%2C500&amp;ssl=1\" data-orig-size=\"500,500\" data-comments-opened=\"1\" data-image-meta=\"{&quot;aperture&quot;:&quot;5&quot;,&quot;credit&quot;:&quot;&quot;,&quot;camera&quot;:&quot;NIKON D7100&quot;,&quot;caption&quot;:&quot;&quot;,&quot;created_timestamp&quot;:&quot;1404627007&quot;,&quot;copyright&quot;:&quot;&quot;,&quot;focal_length&quot;:&quot;30&quot;,&quot;iso&quot;:&quot;320&quot;,&quot;shutter_speed&quot;:&quot;0.00125&quot;,&quot;title&quot;:&quot;&quot;,&quot;orientation&quot;:&quot;0&quot;}\" data-image-title=\"Tampa de bueiro Budapeste\" data-image-description=\"\" data-image-caption=\"\" data-large-file=\"https:\/\/i0.wp.com\/radames.manosso.nom.br\/fotografia\/files\/2019\/06\/1556-tampa-de-bueiro-budapeste-5.jpg?fit=500%2C500&amp;ssl=1\" data-attachment-id=\"842\" data-permalink=\"https:\/\/radames.manosso.nom.br\/fotografia\/1556-tampa-de-bueiro-budapeste-5\/\" data-orig-file=\"https:\/\/i0.wp.com\/radames.manosso.nom.br\/fotografia\/files\/2019\/06\/1556-tampa-de-bueiro-budapeste-5.jpg?fit=500%2C500&amp;ssl=1\" data-orig-size=\"500,500\" data-comments-opened=\"1\" data-image-meta=\"{&quot;aperture&quot;:&quot;5&quot;,&quot;credit&quot;:&quot;&quot;,&quot;camera&quot;:&quot;NIKON D7100&quot;,&quot;caption&quot;:&quot;&quot;,&quot;created_timestamp&quot;:&quot;1404627007&quot;,&quot;copyright&quot;:&quot;&quot;,&quot;focal_length&quot;:&quot;30&quot;,&quot;iso&quot;:&quot;320&quot;,&quot;shutter_speed&quot;:&quot;0.00125&quot;,&quot;title&quot;:&quot;&quot;,&quot;orientation&quot;:&quot;0&quot;}\" data-image-title=\"Tampa de bueiro Budapeste\" data-image-description=\"\" data-image-caption=\"\" data-large-file=\"https:\/\/i0.wp.com\/radames.manosso.nom.br\/fotografia\/files\/2019\/06\/1556-tampa-de-bueiro-budapeste-5.jpg?fit=500%2C500&amp;ssl=1\" role=\"button\" tabindex=\"0\" aria-label=\"Abrir imagem 1 de 19 em tela cheia\"srcset=\"https:\/\/i0.wp.com\/radames.manosso.nom.br\/fotografia\/files\/2019\/06\/1556-tampa-de-bueiro-budapeste-5-500x500.jpg?strip=info&#038;w=500 500w\" alt=\"\" data-height=\"500\" data-id=\"842\" data-link=\"https:\/\/radames.manosso.nom.br\/fotografia\/1556-tampa-de-bueiro-budapeste-5\/\" data-url=\"https:\/\/radames.manosso.nom.br\/fotografia\/files\/2019\/06\/1556-tampa-de-bueiro-budapeste-5-500x500.jpg\" data-width=\"500\" src=\"https:\/\/i0.wp.com\/radames.manosso.nom.br\/fotografia\/files\/2019\/06\/1556-tampa-de-bueiro-budapeste-5-500x500.jpg\" layout=\"responsive\"\/><\/a><\/figure><\/div><div class=\"tiled-gallery__col\" style=\"flex-basis:42.63330963187038%\"><figure class=\"tiled-gallery__item\"><a href=\"https:\/\/radames.manosso.nom.br\/fotografia\/1555-tampa-de-bueiro-cracovia-8\/\"><img decoding=\"async\" data-attachment-id=\"841\" data-permalink=\"https:\/\/radames.manosso.nom.br\/fotografia\/1555-tampa-de-bueiro-cracovia-8\/\" data-orig-file=\"https:\/\/i0.wp.com\/radames.manosso.nom.br\/fotografia\/files\/2019\/06\/1555-tampa-de-bueiro-cracovia-8.jpg?fit=499%2C333&amp;ssl=1\" data-orig-size=\"499,333\" data-comments-opened=\"1\" data-image-meta=\"{&quot;aperture&quot;:&quot;7.1&quot;,&quot;credit&quot;:&quot;&quot;,&quot;camera&quot;:&quot;NIKON D7100&quot;,&quot;caption&quot;:&quot;&quot;,&quot;created_timestamp&quot;:&quot;1404470087&quot;,&quot;copyright&quot;:&quot;&quot;,&quot;focal_length&quot;:&quot;78&quot;,&quot;iso&quot;:&quot;320&quot;,&quot;shutter_speed&quot;:&quot;0.002&quot;,&quot;title&quot;:&quot;&quot;,&quot;orientation&quot;:&quot;0&quot;}\" data-image-title=\"Tampa de bueiro Crac\u00f3via-8\" data-image-description=\"\" data-image-caption=\"\" data-large-file=\"https:\/\/i0.wp.com\/radames.manosso.nom.br\/fotografia\/files\/2019\/06\/1555-tampa-de-bueiro-cracovia-8.jpg?fit=499%2C333&amp;ssl=1\" data-attachment-id=\"841\" data-permalink=\"https:\/\/radames.manosso.nom.br\/fotografia\/1555-tampa-de-bueiro-cracovia-8\/\" data-orig-file=\"https:\/\/i0.wp.com\/radames.manosso.nom.br\/fotografia\/files\/2019\/06\/1555-tampa-de-bueiro-cracovia-8.jpg?fit=499%2C333&amp;ssl=1\" data-orig-size=\"499,333\" data-comments-opened=\"1\" data-image-meta=\"{&quot;aperture&quot;:&quot;7.1&quot;,&quot;credit&quot;:&quot;&quot;,&quot;camera&quot;:&quot;NIKON D7100&quot;,&quot;caption&quot;:&quot;&quot;,&quot;created_timestamp&quot;:&quot;1404470087&quot;,&quot;copyright&quot;:&quot;&quot;,&quot;focal_length&quot;:&quot;78&quot;,&quot;iso&quot;:&quot;320&quot;,&quot;shutter_speed&quot;:&quot;0.002&quot;,&quot;title&quot;:&quot;&quot;,&quot;orientation&quot;:&quot;0&quot;}\" data-image-title=\"Tampa de bueiro Crac\u00f3via-8\" data-image-description=\"\" data-image-caption=\"\" data-large-file=\"https:\/\/i0.wp.com\/radames.manosso.nom.br\/fotografia\/files\/2019\/06\/1555-tampa-de-bueiro-cracovia-8.jpg?fit=499%2C333&amp;ssl=1\" role=\"button\" tabindex=\"0\" aria-label=\"Abrir imagem 2 de 19 em tela cheia\"srcset=\"https:\/\/i1.wp.com\/radames.manosso.nom.br\/fotografia\/files\/2019\/06\/1555-tampa-de-bueiro-cracovia-8.jpg?strip=info&#038;w=499 499w\" alt=\"\" data-height=\"333\" data-id=\"841\" data-link=\"https:\/\/radames.manosso.nom.br\/fotografia\/1555-tampa-de-bueiro-cracovia-8\/\" data-url=\"https:\/\/radames.manosso.nom.br\/fotografia\/files\/2019\/06\/1555-tampa-de-bueiro-cracovia-8.jpg\" data-width=\"499\" src=\"https:\/\/i1.wp.com\/radames.manosso.nom.br\/fotografia\/files\/2019\/06\/1555-tampa-de-bueiro-cracovia-8.jpg\" layout=\"responsive\"\/><\/a><\/figure><figure class=\"tiled-gallery__item\"><a href=\"https:\/\/radames.manosso.nom.br\/fotografia\/1554-tampa-de-bueiro-cracovia-6\/\"><img decoding=\"async\" data-attachment-id=\"840\" data-permalink=\"https:\/\/radames.manosso.nom.br\/fotografia\/1554-tampa-de-bueiro-cracovia-6\/\" data-orig-file=\"https:\/\/i0.wp.com\/radames.manosso.nom.br\/fotografia\/files\/2019\/06\/1554-tampa-de-bueiro-cracovia-6.jpg?fit=499%2C333&amp;ssl=1\" data-orig-size=\"499,333\" data-comments-opened=\"1\" data-image-meta=\"{&quot;aperture&quot;:&quot;7.1&quot;,&quot;credit&quot;:&quot;&quot;,&quot;camera&quot;:&quot;NIKON D7100&quot;,&quot;caption&quot;:&quot;&quot;,&quot;created_timestamp&quot;:&quot;1404469779&quot;,&quot;copyright&quot;:&quot;&quot;,&quot;focal_length&quot;:&quot;55&quot;,&quot;iso&quot;:&quot;320&quot;,&quot;shutter_speed&quot;:&quot;0.008&quot;,&quot;title&quot;:&quot;&quot;,&quot;orientation&quot;:&quot;0&quot;}\" data-image-title=\"Tampa de bueiro Crac\u00f3via\" data-image-description=\"\" data-image-caption=\"\" data-large-file=\"https:\/\/i0.wp.com\/radames.manosso.nom.br\/fotografia\/files\/2019\/06\/1554-tampa-de-bueiro-cracovia-6.jpg?fit=499%2C333&amp;ssl=1\" data-attachment-id=\"840\" data-permalink=\"https:\/\/radames.manosso.nom.br\/fotografia\/1554-tampa-de-bueiro-cracovia-6\/\" data-orig-file=\"https:\/\/i0.wp.com\/radames.manosso.nom.br\/fotografia\/files\/2019\/06\/1554-tampa-de-bueiro-cracovia-6.jpg?fit=499%2C333&amp;ssl=1\" data-orig-size=\"499,333\" data-comments-opened=\"1\" data-image-meta=\"{&quot;aperture&quot;:&quot;7.1&quot;,&quot;credit&quot;:&quot;&quot;,&quot;camera&quot;:&quot;NIKON D7100&quot;,&quot;caption&quot;:&quot;&quot;,&quot;created_timestamp&quot;:&quot;1404469779&quot;,&quot;copyright&quot;:&quot;&quot;,&quot;focal_length&quot;:&quot;55&quot;,&quot;iso&quot;:&quot;320&quot;,&quot;shutter_speed&quot;:&quot;0.008&quot;,&quot;title&quot;:&quot;&quot;,&quot;orientation&quot;:&quot;0&quot;}\" data-image-title=\"Tampa de bueiro Crac\u00f3via\" data-image-description=\"\" data-image-caption=\"\" data-large-file=\"https:\/\/i0.wp.com\/radames.manosso.nom.br\/fotografia\/files\/2019\/06\/1554-tampa-de-bueiro-cracovia-6.jpg?fit=499%2C333&amp;ssl=1\" role=\"button\" tabindex=\"0\" aria-label=\"Abrir imagem 3 de 19 em tela cheia\"srcset=\"https:\/\/i2.wp.com\/radames.manosso.nom.br\/fotografia\/files\/2019\/06\/1554-tampa-de-bueiro-cracovia-6.jpg?strip=info&#038;w=499 499w\" alt=\"\" data-height=\"333\" data-id=\"840\" data-link=\"https:\/\/radames.manosso.nom.br\/fotografia\/1554-tampa-de-bueiro-cracovia-6\/\" data-url=\"https:\/\/radames.manosso.nom.br\/fotografia\/files\/2019\/06\/1554-tampa-de-bueiro-cracovia-6.jpg\" data-width=\"499\" src=\"https:\/\/i2.wp.com\/radames.manosso.nom.br\/fotografia\/files\/2019\/06\/1554-tampa-de-bueiro-cracovia-6.jpg\" layout=\"responsive\"\/><\/a><\/figure><\/div><\/div><div class=\"tiled-gallery__row\"><div class=\"tiled-gallery__col\" style=\"flex-basis:33.33333333333333%\"><figure class=\"tiled-gallery__item\"><a href=\"https:\/\/radames.manosso.nom.br\/fotografia\/1553-tampa-de-bueiro-cracovia-5\/\"><img decoding=\"async\" data-attachment-id=\"839\" data-permalink=\"https:\/\/radames.manosso.nom.br\/fotografia\/1553-tampa-de-bueiro-cracovia-5\/\" data-orig-file=\"https:\/\/i0.wp.com\/radames.manosso.nom.br\/fotografia\/files\/2019\/06\/1553-tampa-de-bueiro-cracovia-5.jpg?fit=500%2C500&amp;ssl=1\" data-orig-size=\"500,500\" data-comments-opened=\"1\" data-image-meta=\"{&quot;aperture&quot;:&quot;7.1&quot;,&quot;credit&quot;:&quot;&quot;,&quot;camera&quot;:&quot;NIKON D7100&quot;,&quot;caption&quot;:&quot;&quot;,&quot;created_timestamp&quot;:&quot;1404468004&quot;,&quot;copyright&quot;:&quot;&quot;,&quot;focal_length&quot;:&quot;24&quot;,&quot;iso&quot;:&quot;320&quot;,&quot;shutter_speed&quot;:&quot;0.00125&quot;,&quot;title&quot;:&quot;&quot;,&quot;orientation&quot;:&quot;0&quot;}\" data-image-title=\"Tampa de bueiro Crac\u00f3via\" data-image-description=\"\" data-image-caption=\"\" data-large-file=\"https:\/\/i0.wp.com\/radames.manosso.nom.br\/fotografia\/files\/2019\/06\/1553-tampa-de-bueiro-cracovia-5.jpg?fit=500%2C500&amp;ssl=1\" data-attachment-id=\"839\" data-permalink=\"https:\/\/radames.manosso.nom.br\/fotografia\/1553-tampa-de-bueiro-cracovia-5\/\" data-orig-file=\"https:\/\/i0.wp.com\/radames.manosso.nom.br\/fotografia\/files\/2019\/06\/1553-tampa-de-bueiro-cracovia-5.jpg?fit=500%2C500&amp;ssl=1\" data-orig-size=\"500,500\" data-comments-opened=\"1\" data-image-meta=\"{&quot;aperture&quot;:&quot;7.1&quot;,&quot;credit&quot;:&quot;&quot;,&quot;camera&quot;:&quot;NIKON D7100&quot;,&quot;caption&quot;:&quot;&quot;,&quot;created_timestamp&quot;:&quot;1404468004&quot;,&quot;copyright&quot;:&quot;&quot;,&quot;focal_length&quot;:&quot;24&quot;,&quot;iso&quot;:&quot;320&quot;,&quot;shutter_speed&quot;:&quot;0.00125&quot;,&quot;title&quot;:&quot;&quot;,&quot;orientation&quot;:&quot;0&quot;}\" data-image-title=\"Tampa de bueiro Crac\u00f3via\" data-image-description=\"\" data-image-caption=\"\" data-large-file=\"https:\/\/i0.wp.com\/radames.manosso.nom.br\/fotografia\/files\/2019\/06\/1553-tampa-de-bueiro-cracovia-5.jpg?fit=500%2C500&amp;ssl=1\" role=\"button\" tabindex=\"0\" aria-label=\"Abrir imagem 4 de 19 em tela cheia\"srcset=\"https:\/\/i1.wp.com\/radames.manosso.nom.br\/fotografia\/files\/2019\/06\/1553-tampa-de-bueiro-cracovia-5-500x500.jpg?strip=info&#038;w=500 500w\" alt=\"\" data-height=\"500\" data-id=\"839\" data-link=\"https:\/\/radames.manosso.nom.br\/fotografia\/1553-tampa-de-bueiro-cracovia-5\/\" data-url=\"https:\/\/radames.manosso.nom.br\/fotografia\/files\/2019\/06\/1553-tampa-de-bueiro-cracovia-5-500x500.jpg\" data-width=\"500\" src=\"https:\/\/i1.wp.com\/radames.manosso.nom.br\/fotografia\/files\/2019\/06\/1553-tampa-de-bueiro-cracovia-5-500x500.jpg\" layout=\"responsive\"\/><\/a><\/figure><\/div><div class=\"tiled-gallery__col\" style=\"flex-basis:33.33333333333333%\"><figure class=\"tiled-gallery__item\"><a href=\"https:\/\/radames.manosso.nom.br\/fotografia\/1552-tampa-de-bueiro-zakopane\/\"><img decoding=\"async\" data-attachment-id=\"838\" data-permalink=\"https:\/\/radames.manosso.nom.br\/fotografia\/1552-tampa-de-bueiro-zakopane\/\" data-orig-file=\"https:\/\/i0.wp.com\/radames.manosso.nom.br\/fotografia\/files\/2019\/06\/1552-tampa-de-bueiro-zakopane.jpg?fit=500%2C500&amp;ssl=1\" data-orig-size=\"500,500\" data-comments-opened=\"1\" data-image-meta=\"{&quot;aperture&quot;:&quot;6.3&quot;,&quot;credit&quot;:&quot;&quot;,&quot;camera&quot;:&quot;NIKON D7100&quot;,&quot;caption&quot;:&quot;&quot;,&quot;created_timestamp&quot;:&quot;1404387569&quot;,&quot;copyright&quot;:&quot;&quot;,&quot;focal_length&quot;:&quot;22&quot;,&quot;iso&quot;:&quot;320&quot;,&quot;shutter_speed&quot;:&quot;0.033333333333333&quot;,&quot;title&quot;:&quot;&quot;,&quot;orientation&quot;:&quot;0&quot;}\" data-image-title=\"Tampa de bueiro Zakopane\" data-image-description=\"\" data-image-caption=\"\" data-large-file=\"https:\/\/i0.wp.com\/radames.manosso.nom.br\/fotografia\/files\/2019\/06\/1552-tampa-de-bueiro-zakopane.jpg?fit=500%2C500&amp;ssl=1\" data-attachment-id=\"838\" data-permalink=\"https:\/\/radames.manosso.nom.br\/fotografia\/1552-tampa-de-bueiro-zakopane\/\" data-orig-file=\"https:\/\/i0.wp.com\/radames.manosso.nom.br\/fotografia\/files\/2019\/06\/1552-tampa-de-bueiro-zakopane.jpg?fit=500%2C500&amp;ssl=1\" data-orig-size=\"500,500\" data-comments-opened=\"1\" data-image-meta=\"{&quot;aperture&quot;:&quot;6.3&quot;,&quot;credit&quot;:&quot;&quot;,&quot;camera&quot;:&quot;NIKON D7100&quot;,&quot;caption&quot;:&quot;&quot;,&quot;created_timestamp&quot;:&quot;1404387569&quot;,&quot;copyright&quot;:&quot;&quot;,&quot;focal_length&quot;:&quot;22&quot;,&quot;iso&quot;:&quot;320&quot;,&quot;shutter_speed&quot;:&quot;0.033333333333333&quot;,&quot;title&quot;:&quot;&quot;,&quot;orientation&quot;:&quot;0&quot;}\" data-image-title=\"Tampa de bueiro Zakopane\" data-image-description=\"\" data-image-caption=\"\" data-large-file=\"https:\/\/i0.wp.com\/radames.manosso.nom.br\/fotografia\/files\/2019\/06\/1552-tampa-de-bueiro-zakopane.jpg?fit=500%2C500&amp;ssl=1\" role=\"button\" tabindex=\"0\" aria-label=\"Abrir imagem 5 de 19 em tela cheia\"srcset=\"https:\/\/i1.wp.com\/radames.manosso.nom.br\/fotografia\/files\/2019\/06\/1552-tampa-de-bueiro-zakopane-500x500.jpg?strip=info&#038;w=500 500w\" alt=\"\" data-height=\"500\" data-id=\"838\" data-link=\"https:\/\/radames.manosso.nom.br\/fotografia\/1552-tampa-de-bueiro-zakopane\/\" data-url=\"https:\/\/radames.manosso.nom.br\/fotografia\/files\/2019\/06\/1552-tampa-de-bueiro-zakopane-500x500.jpg\" data-width=\"500\" src=\"https:\/\/i1.wp.com\/radames.manosso.nom.br\/fotografia\/files\/2019\/06\/1552-tampa-de-bueiro-zakopane-500x500.jpg\" layout=\"responsive\"\/><\/a><\/figure><\/div><div class=\"tiled-gallery__col\" style=\"flex-basis:33.33333333333333%\"><figure class=\"tiled-gallery__item\"><a href=\"https:\/\/radames.manosso.nom.br\/fotografia\/1551-tampa-de-bueiro-cracovia-4\/\"><img decoding=\"async\" data-attachment-id=\"837\" data-permalink=\"https:\/\/radames.manosso.nom.br\/fotografia\/1551-tampa-de-bueiro-cracovia-4\/\" data-orig-file=\"https:\/\/i0.wp.com\/radames.manosso.nom.br\/fotografia\/files\/2019\/06\/1551-tampa-de-bueiro-cracovia-4.jpg?fit=500%2C500&amp;ssl=1\" data-orig-size=\"500,500\" data-comments-opened=\"1\" data-image-meta=\"{&quot;aperture&quot;:&quot;7.1&quot;,&quot;credit&quot;:&quot;&quot;,&quot;camera&quot;:&quot;NIKON D7100&quot;,&quot;caption&quot;:&quot;&quot;,&quot;created_timestamp&quot;:&quot;1404029592&quot;,&quot;copyright&quot;:&quot;&quot;,&quot;focal_length&quot;:&quot;28&quot;,&quot;iso&quot;:&quot;320&quot;,&quot;shutter_speed&quot;:&quot;0.00125&quot;,&quot;title&quot;:&quot;&quot;,&quot;orientation&quot;:&quot;0&quot;}\" data-image-title=\"Tampa de bueiro Crac\u00f3via\" data-image-description=\"\" data-image-caption=\"\" data-large-file=\"https:\/\/i0.wp.com\/radames.manosso.nom.br\/fotografia\/files\/2019\/06\/1551-tampa-de-bueiro-cracovia-4.jpg?fit=500%2C500&amp;ssl=1\" data-attachment-id=\"837\" data-permalink=\"https:\/\/radames.manosso.nom.br\/fotografia\/1551-tampa-de-bueiro-cracovia-4\/\" data-orig-file=\"https:\/\/i0.wp.com\/radames.manosso.nom.br\/fotografia\/files\/2019\/06\/1551-tampa-de-bueiro-cracovia-4.jpg?fit=500%2C500&amp;ssl=1\" data-orig-size=\"500,500\" data-comments-opened=\"1\" data-image-meta=\"{&quot;aperture&quot;:&quot;7.1&quot;,&quot;credit&quot;:&quot;&quot;,&quot;camera&quot;:&quot;NIKON D7100&quot;,&quot;caption&quot;:&quot;&quot;,&quot;created_timestamp&quot;:&quot;1404029592&quot;,&quot;copyright&quot;:&quot;&quot;,&quot;focal_length&quot;:&quot;28&quot;,&quot;iso&quot;:&quot;320&quot;,&quot;shutter_speed&quot;:&quot;0.00125&quot;,&quot;title&quot;:&quot;&quot;,&quot;orientation&quot;:&quot;0&quot;}\" data-image-title=\"Tampa de bueiro Crac\u00f3via\" data-image-description=\"\" data-image-caption=\"\" data-large-file=\"https:\/\/i0.wp.com\/radames.manosso.nom.br\/fotografia\/files\/2019\/06\/1551-tampa-de-bueiro-cracovia-4.jpg?fit=500%2C500&amp;ssl=1\" role=\"button\" tabindex=\"0\" aria-label=\"Abrir imagem 6 de 19 em tela cheia\"srcset=\"https:\/\/i2.wp.com\/radames.manosso.nom.br\/fotografia\/files\/2019\/06\/1551-tampa-de-bueiro-cracovia-4-500x500.jpg?strip=info&#038;w=500 500w\" alt=\"\" data-height=\"500\" data-id=\"837\" data-link=\"https:\/\/radames.manosso.nom.br\/fotografia\/1551-tampa-de-bueiro-cracovia-4\/\" data-url=\"https:\/\/radames.manosso.nom.br\/fotografia\/files\/2019\/06\/1551-tampa-de-bueiro-cracovia-4-500x500.jpg\" data-width=\"500\" src=\"https:\/\/i2.wp.com\/radames.manosso.nom.br\/fotografia\/files\/2019\/06\/1551-tampa-de-bueiro-cracovia-4-500x500.jpg\" layout=\"responsive\"\/><\/a><\/figure><\/div><\/div><div class=\"tiled-gallery__row\"><div class=\"tiled-gallery__col\" style=\"flex-basis:37.35097521748059%\"><figure class=\"tiled-gallery__item\"><a href=\"https:\/\/radames.manosso.nom.br\/fotografia\/1550-tampa-de-bueiro-cracovia-3\/\"><img decoding=\"async\" data-attachment-id=\"836\" data-permalink=\"https:\/\/radames.manosso.nom.br\/fotografia\/1550-tampa-de-bueiro-cracovia-3\/\" data-orig-file=\"https:\/\/i0.wp.com\/radames.manosso.nom.br\/fotografia\/files\/2019\/06\/1550-tampa-de-bueiro-cracovia-3.jpg?fit=499%2C333&amp;ssl=1\" data-orig-size=\"499,333\" data-comments-opened=\"1\" data-image-meta=\"{&quot;aperture&quot;:&quot;7.1&quot;,&quot;credit&quot;:&quot;&quot;,&quot;camera&quot;:&quot;NIKON D7100&quot;,&quot;caption&quot;:&quot;&quot;,&quot;created_timestamp&quot;:&quot;1404023728&quot;,&quot;copyright&quot;:&quot;&quot;,&quot;focal_length&quot;:&quot;55&quot;,&quot;iso&quot;:&quot;320&quot;,&quot;shutter_speed&quot;:&quot;0.002&quot;,&quot;title&quot;:&quot;&quot;,&quot;orientation&quot;:&quot;0&quot;}\" data-image-title=\"Tampa de bueiro Crac\u00f3via\" data-image-description=\"\" data-image-caption=\"\" data-large-file=\"https:\/\/i0.wp.com\/radames.manosso.nom.br\/fotografia\/files\/2019\/06\/1550-tampa-de-bueiro-cracovia-3.jpg?fit=499%2C333&amp;ssl=1\" data-attachment-id=\"836\" data-permalink=\"https:\/\/radames.manosso.nom.br\/fotografia\/1550-tampa-de-bueiro-cracovia-3\/\" data-orig-file=\"https:\/\/i0.wp.com\/radames.manosso.nom.br\/fotografia\/files\/2019\/06\/1550-tampa-de-bueiro-cracovia-3.jpg?fit=499%2C333&amp;ssl=1\" data-orig-size=\"499,333\" data-comments-opened=\"1\" data-image-meta=\"{&quot;aperture&quot;:&quot;7.1&quot;,&quot;credit&quot;:&quot;&quot;,&quot;camera&quot;:&quot;NIKON D7100&quot;,&quot;caption&quot;:&quot;&quot;,&quot;created_timestamp&quot;:&quot;1404023728&quot;,&quot;copyright&quot;:&quot;&quot;,&quot;focal_length&quot;:&quot;55&quot;,&quot;iso&quot;:&quot;320&quot;,&quot;shutter_speed&quot;:&quot;0.002&quot;,&quot;title&quot;:&quot;&quot;,&quot;orientation&quot;:&quot;0&quot;}\" data-image-title=\"Tampa de bueiro Crac\u00f3via\" data-image-description=\"\" data-image-caption=\"\" data-large-file=\"https:\/\/i0.wp.com\/radames.manosso.nom.br\/fotografia\/files\/2019\/06\/1550-tampa-de-bueiro-cracovia-3.jpg?fit=499%2C333&amp;ssl=1\" role=\"button\" tabindex=\"0\" aria-label=\"Abrir imagem 7 de 19 em tela cheia\"srcset=\"https:\/\/i0.wp.com\/radames.manosso.nom.br\/fotografia\/files\/2019\/06\/1550-tampa-de-bueiro-cracovia-3.jpg?strip=info&#038;w=499 499w\" alt=\"\" data-height=\"333\" data-id=\"836\" data-link=\"https:\/\/radames.manosso.nom.br\/fotografia\/1550-tampa-de-bueiro-cracovia-3\/\" data-url=\"https:\/\/radames.manosso.nom.br\/fotografia\/files\/2019\/06\/1550-tampa-de-bueiro-cracovia-3.jpg\" data-width=\"499\" src=\"https:\/\/i0.wp.com\/radames.manosso.nom.br\/fotografia\/files\/2019\/06\/1550-tampa-de-bueiro-cracovia-3.jpg\" layout=\"responsive\"\/><\/a><\/figure><figure class=\"tiled-gallery__item\"><a href=\"https:\/\/radames.manosso.nom.br\/fotografia\/1549-tampa-de-bueiro-cracovia-2\/\"><img decoding=\"async\" data-attachment-id=\"835\" data-permalink=\"https:\/\/radames.manosso.nom.br\/fotografia\/1549-tampa-de-bueiro-cracovia-2\/\" data-orig-file=\"https:\/\/i0.wp.com\/radames.manosso.nom.br\/fotografia\/files\/2019\/06\/1549-tampa-de-bueiro-cracovia-2.jpg?fit=500%2C500&amp;ssl=1\" data-orig-size=\"500,500\" data-comments-opened=\"1\" data-image-meta=\"{&quot;aperture&quot;:&quot;7.1&quot;,&quot;credit&quot;:&quot;&quot;,&quot;camera&quot;:&quot;NIKON D7100&quot;,&quot;caption&quot;:&quot;&quot;,&quot;created_timestamp&quot;:&quot;1404012482&quot;,&quot;copyright&quot;:&quot;&quot;,&quot;focal_length&quot;:&quot;32&quot;,&quot;iso&quot;:&quot;100&quot;,&quot;shutter_speed&quot;:&quot;0.008&quot;,&quot;title&quot;:&quot;&quot;,&quot;orientation&quot;:&quot;0&quot;}\" data-image-title=\"Tampa de bueiro Crac\u00f3via\" data-image-description=\"\" data-image-caption=\"\" data-large-file=\"https:\/\/i0.wp.com\/radames.manosso.nom.br\/fotografia\/files\/2019\/06\/1549-tampa-de-bueiro-cracovia-2.jpg?fit=500%2C500&amp;ssl=1\" data-attachment-id=\"835\" data-permalink=\"https:\/\/radames.manosso.nom.br\/fotografia\/1549-tampa-de-bueiro-cracovia-2\/\" data-orig-file=\"https:\/\/i0.wp.com\/radames.manosso.nom.br\/fotografia\/files\/2019\/06\/1549-tampa-de-bueiro-cracovia-2.jpg?fit=500%2C500&amp;ssl=1\" data-orig-size=\"500,500\" data-comments-opened=\"1\" data-image-meta=\"{&quot;aperture&quot;:&quot;7.1&quot;,&quot;credit&quot;:&quot;&quot;,&quot;camera&quot;:&quot;NIKON D7100&quot;,&quot;caption&quot;:&quot;&quot;,&quot;created_timestamp&quot;:&quot;1404012482&quot;,&quot;copyright&quot;:&quot;&quot;,&quot;focal_length&quot;:&quot;32&quot;,&quot;iso&quot;:&quot;100&quot;,&quot;shutter_speed&quot;:&quot;0.008&quot;,&quot;title&quot;:&quot;&quot;,&quot;orientation&quot;:&quot;0&quot;}\" data-image-title=\"Tampa de bueiro Crac\u00f3via\" data-image-description=\"\" data-image-caption=\"\" data-large-file=\"https:\/\/i0.wp.com\/radames.manosso.nom.br\/fotografia\/files\/2019\/06\/1549-tampa-de-bueiro-cracovia-2.jpg?fit=500%2C500&amp;ssl=1\" role=\"button\" tabindex=\"0\" aria-label=\"Abrir imagem 8 de 19 em tela cheia\"srcset=\"https:\/\/i0.wp.com\/radames.manosso.nom.br\/fotografia\/files\/2019\/06\/1549-tampa-de-bueiro-cracovia-2-500x500.jpg?strip=info&#038;w=500 500w\" alt=\"\" data-height=\"500\" data-id=\"835\" data-link=\"https:\/\/radames.manosso.nom.br\/fotografia\/1549-tampa-de-bueiro-cracovia-2\/\" data-url=\"https:\/\/radames.manosso.nom.br\/fotografia\/files\/2019\/06\/1549-tampa-de-bueiro-cracovia-2-500x500.jpg\" data-width=\"500\" src=\"https:\/\/i0.wp.com\/radames.manosso.nom.br\/fotografia\/files\/2019\/06\/1549-tampa-de-bueiro-cracovia-2-500x500.jpg\" layout=\"responsive\"\/><\/a><\/figure><\/div><div class=\"tiled-gallery__col\" style=\"flex-basis:62.649024782519426%\"><figure class=\"tiled-gallery__item\"><a href=\"https:\/\/radames.manosso.nom.br\/fotografia\/1548-tampa-de-bueiro-cracovia\/\"><img decoding=\"async\" data-attachment-id=\"834\" data-permalink=\"https:\/\/radames.manosso.nom.br\/fotografia\/1548-tampa-de-bueiro-cracovia\/\" data-orig-file=\"https:\/\/i0.wp.com\/radames.manosso.nom.br\/fotografia\/files\/2019\/06\/1548-tampa-de-bueiro-cracovia.jpg?fit=500%2C500&amp;ssl=1\" data-orig-size=\"500,500\" data-comments-opened=\"1\" data-image-meta=\"{&quot;aperture&quot;:&quot;6.3&quot;,&quot;credit&quot;:&quot;&quot;,&quot;camera&quot;:&quot;NIKON D7100&quot;,&quot;caption&quot;:&quot;&quot;,&quot;created_timestamp&quot;:&quot;1404010291&quot;,&quot;copyright&quot;:&quot;&quot;,&quot;focal_length&quot;:&quot;45&quot;,&quot;iso&quot;:&quot;100&quot;,&quot;shutter_speed&quot;:&quot;0.0015625&quot;,&quot;title&quot;:&quot;&quot;,&quot;orientation&quot;:&quot;0&quot;}\" data-image-title=\"Tampa de bueiro Crac\u00f3via\" data-image-description=\"\" data-image-caption=\"\" data-large-file=\"https:\/\/i0.wp.com\/radames.manosso.nom.br\/fotografia\/files\/2019\/06\/1548-tampa-de-bueiro-cracovia.jpg?fit=500%2C500&amp;ssl=1\" data-attachment-id=\"834\" data-permalink=\"https:\/\/radames.manosso.nom.br\/fotografia\/1548-tampa-de-bueiro-cracovia\/\" data-orig-file=\"https:\/\/i0.wp.com\/radames.manosso.nom.br\/fotografia\/files\/2019\/06\/1548-tampa-de-bueiro-cracovia.jpg?fit=500%2C500&amp;ssl=1\" data-orig-size=\"500,500\" data-comments-opened=\"1\" data-image-meta=\"{&quot;aperture&quot;:&quot;6.3&quot;,&quot;credit&quot;:&quot;&quot;,&quot;camera&quot;:&quot;NIKON D7100&quot;,&quot;caption&quot;:&quot;&quot;,&quot;created_timestamp&quot;:&quot;1404010291&quot;,&quot;copyright&quot;:&quot;&quot;,&quot;focal_length&quot;:&quot;45&quot;,&quot;iso&quot;:&quot;100&quot;,&quot;shutter_speed&quot;:&quot;0.0015625&quot;,&quot;title&quot;:&quot;&quot;,&quot;orientation&quot;:&quot;0&quot;}\" data-image-title=\"Tampa de bueiro Crac\u00f3via\" data-image-description=\"\" data-image-caption=\"\" data-large-file=\"https:\/\/i0.wp.com\/radames.manosso.nom.br\/fotografia\/files\/2019\/06\/1548-tampa-de-bueiro-cracovia.jpg?fit=500%2C500&amp;ssl=1\" role=\"button\" tabindex=\"0\" aria-label=\"Abrir imagem 9 de 19 em tela cheia\"srcset=\"https:\/\/i2.wp.com\/radames.manosso.nom.br\/fotografia\/files\/2019\/06\/1548-tampa-de-bueiro-cracovia-500x500.jpg?strip=info&#038;w=500 500w\" alt=\"\" data-height=\"500\" data-id=\"834\" data-link=\"https:\/\/radames.manosso.nom.br\/fotografia\/1548-tampa-de-bueiro-cracovia\/\" data-url=\"https:\/\/radames.manosso.nom.br\/fotografia\/files\/2019\/06\/1548-tampa-de-bueiro-cracovia-500x500.jpg\" data-width=\"500\" src=\"https:\/\/i2.wp.com\/radames.manosso.nom.br\/fotografia\/files\/2019\/06\/1548-tampa-de-bueiro-cracovia-500x500.jpg\" layout=\"responsive\"\/><\/a><\/figure><\/div><\/div><div class=\"tiled-gallery__row\"><div class=\"tiled-gallery__col\" style=\"flex-basis:50%\"><figure class=\"tiled-gallery__item\"><a href=\"https:\/\/radames.manosso.nom.br\/fotografia\/1547-tampa-de-bueiro-berlim\/\"><img decoding=\"async\" data-attachment-id=\"833\" data-permalink=\"https:\/\/radames.manosso.nom.br\/fotografia\/1547-tampa-de-bueiro-berlim\/\" data-orig-file=\"https:\/\/i0.wp.com\/radames.manosso.nom.br\/fotografia\/files\/2019\/06\/1547-tampa-de-bueiro-berlim.jpg?fit=500%2C500&amp;ssl=1\" data-orig-size=\"500,500\" data-comments-opened=\"1\" data-image-meta=\"{&quot;aperture&quot;:&quot;9&quot;,&quot;credit&quot;:&quot;&quot;,&quot;camera&quot;:&quot;NIKON D7100&quot;,&quot;caption&quot;:&quot;&quot;,&quot;created_timestamp&quot;:&quot;1403843941&quot;,&quot;copyright&quot;:&quot;&quot;,&quot;focal_length&quot;:&quot;29&quot;,&quot;iso&quot;:&quot;100&quot;,&quot;shutter_speed&quot;:&quot;0.008&quot;,&quot;title&quot;:&quot;&quot;,&quot;orientation&quot;:&quot;0&quot;}\" data-image-title=\"Tampa de bueiro Berlim\" data-image-description=\"\" data-image-caption=\"\" data-large-file=\"https:\/\/i0.wp.com\/radames.manosso.nom.br\/fotografia\/files\/2019\/06\/1547-tampa-de-bueiro-berlim.jpg?fit=500%2C500&amp;ssl=1\" data-attachment-id=\"833\" data-permalink=\"https:\/\/radames.manosso.nom.br\/fotografia\/1547-tampa-de-bueiro-berlim\/\" data-orig-file=\"https:\/\/i0.wp.com\/radames.manosso.nom.br\/fotografia\/files\/2019\/06\/1547-tampa-de-bueiro-berlim.jpg?fit=500%2C500&amp;ssl=1\" data-orig-size=\"500,500\" data-comments-opened=\"1\" data-image-meta=\"{&quot;aperture&quot;:&quot;9&quot;,&quot;credit&quot;:&quot;&quot;,&quot;camera&quot;:&quot;NIKON D7100&quot;,&quot;caption&quot;:&quot;&quot;,&quot;created_timestamp&quot;:&quot;1403843941&quot;,&quot;copyright&quot;:&quot;&quot;,&quot;focal_length&quot;:&quot;29&quot;,&quot;iso&quot;:&quot;100&quot;,&quot;shutter_speed&quot;:&quot;0.008&quot;,&quot;title&quot;:&quot;&quot;,&quot;orientation&quot;:&quot;0&quot;}\" data-image-title=\"Tampa de bueiro Berlim\" data-image-description=\"\" data-image-caption=\"\" data-large-file=\"https:\/\/i0.wp.com\/radames.manosso.nom.br\/fotografia\/files\/2019\/06\/1547-tampa-de-bueiro-berlim.jpg?fit=500%2C500&amp;ssl=1\" role=\"button\" tabindex=\"0\" aria-label=\"Abrir imagem 10 de 19 em tela cheia\"srcset=\"https:\/\/i2.wp.com\/radames.manosso.nom.br\/fotografia\/files\/2019\/06\/1547-tampa-de-bueiro-berlim-500x500.jpg?strip=info&#038;w=500 500w\" alt=\"\" data-height=\"500\" data-id=\"833\" data-link=\"https:\/\/radames.manosso.nom.br\/fotografia\/1547-tampa-de-bueiro-berlim\/\" data-url=\"https:\/\/radames.manosso.nom.br\/fotografia\/files\/2019\/06\/1547-tampa-de-bueiro-berlim-500x500.jpg\" data-width=\"500\" src=\"https:\/\/i2.wp.com\/radames.manosso.nom.br\/fotografia\/files\/2019\/06\/1547-tampa-de-bueiro-berlim-500x500.jpg\" layout=\"responsive\"\/><\/a><\/figure><\/div><div class=\"tiled-gallery__col\" style=\"flex-basis:50%\"><figure class=\"tiled-gallery__item\"><a href=\"https:\/\/radames.manosso.nom.br\/fotografia\/1546-tampa-de-bueiro-dresden-2\/\"><img decoding=\"async\" data-attachment-id=\"832\" data-permalink=\"https:\/\/radames.manosso.nom.br\/fotografia\/1546-tampa-de-bueiro-dresden-2\/\" data-orig-file=\"https:\/\/i0.wp.com\/radames.manosso.nom.br\/fotografia\/files\/2019\/06\/1546-tampa-de-bueiro-dresden-2.jpg?fit=500%2C500&amp;ssl=1\" data-orig-size=\"500,500\" data-comments-opened=\"1\" data-image-meta=\"{&quot;aperture&quot;:&quot;7.1&quot;,&quot;credit&quot;:&quot;&quot;,&quot;camera&quot;:&quot;NIKON D7100&quot;,&quot;caption&quot;:&quot;&quot;,&quot;created_timestamp&quot;:&quot;1403492622&quot;,&quot;copyright&quot;:&quot;&quot;,&quot;focal_length&quot;:&quot;32&quot;,&quot;iso&quot;:&quot;100&quot;,&quot;shutter_speed&quot;:&quot;0.0025&quot;,&quot;title&quot;:&quot;&quot;,&quot;orientation&quot;:&quot;0&quot;}\" data-image-title=\"Tampa de bueiro Dresden\" data-image-description=\"\" data-image-caption=\"\" data-large-file=\"https:\/\/i0.wp.com\/radames.manosso.nom.br\/fotografia\/files\/2019\/06\/1546-tampa-de-bueiro-dresden-2.jpg?fit=500%2C500&amp;ssl=1\" data-attachment-id=\"832\" data-permalink=\"https:\/\/radames.manosso.nom.br\/fotografia\/1546-tampa-de-bueiro-dresden-2\/\" data-orig-file=\"https:\/\/i0.wp.com\/radames.manosso.nom.br\/fotografia\/files\/2019\/06\/1546-tampa-de-bueiro-dresden-2.jpg?fit=500%2C500&amp;ssl=1\" data-orig-size=\"500,500\" data-comments-opened=\"1\" data-image-meta=\"{&quot;aperture&quot;:&quot;7.1&quot;,&quot;credit&quot;:&quot;&quot;,&quot;camera&quot;:&quot;NIKON D7100&quot;,&quot;caption&quot;:&quot;&quot;,&quot;created_timestamp&quot;:&quot;1403492622&quot;,&quot;copyright&quot;:&quot;&quot;,&quot;focal_length&quot;:&quot;32&quot;,&quot;iso&quot;:&quot;100&quot;,&quot;shutter_speed&quot;:&quot;0.0025&quot;,&quot;title&quot;:&quot;&quot;,&quot;orientation&quot;:&quot;0&quot;}\" data-image-title=\"Tampa de bueiro Dresden\" data-image-description=\"\" data-image-caption=\"\" data-large-file=\"https:\/\/i0.wp.com\/radames.manosso.nom.br\/fotografia\/files\/2019\/06\/1546-tampa-de-bueiro-dresden-2.jpg?fit=500%2C500&amp;ssl=1\" role=\"button\" tabindex=\"0\" aria-label=\"Abrir imagem 11 de 19 em tela cheia\"srcset=\"https:\/\/i1.wp.com\/radames.manosso.nom.br\/fotografia\/files\/2019\/06\/1546-tampa-de-bueiro-dresden-2-500x500.jpg?strip=info&#038;w=500 500w\" alt=\"\" data-height=\"500\" data-id=\"832\" data-link=\"https:\/\/radames.manosso.nom.br\/fotografia\/1546-tampa-de-bueiro-dresden-2\/\" data-url=\"https:\/\/radames.manosso.nom.br\/fotografia\/files\/2019\/06\/1546-tampa-de-bueiro-dresden-2-500x500.jpg\" data-width=\"500\" src=\"https:\/\/i1.wp.com\/radames.manosso.nom.br\/fotografia\/files\/2019\/06\/1546-tampa-de-bueiro-dresden-2-500x500.jpg\" layout=\"responsive\"\/><\/a><\/figure><\/div><\/div><div class=\"tiled-gallery__row\"><div class=\"tiled-gallery__col\" style=\"flex-basis:66.76737160120845%\"><figure class=\"tiled-gallery__item\"><a href=\"https:\/\/radames.manosso.nom.br\/fotografia\/1545-tampa-de-bueiro-dresden\/\"><img decoding=\"async\" data-attachment-id=\"831\" data-permalink=\"https:\/\/radames.manosso.nom.br\/fotografia\/1545-tampa-de-bueiro-dresden\/\" data-orig-file=\"https:\/\/i0.wp.com\/radames.manosso.nom.br\/fotografia\/files\/2019\/06\/1545-tampa-de-bueiro-dresden.jpg?fit=500%2C500&amp;ssl=1\" data-orig-size=\"500,500\" data-comments-opened=\"1\" data-image-meta=\"{&quot;aperture&quot;:&quot;8&quot;,&quot;credit&quot;:&quot;&quot;,&quot;camera&quot;:&quot;NIKON D7100&quot;,&quot;caption&quot;:&quot;&quot;,&quot;created_timestamp&quot;:&quot;1403488850&quot;,&quot;copyright&quot;:&quot;&quot;,&quot;focal_length&quot;:&quot;30&quot;,&quot;iso&quot;:&quot;100&quot;,&quot;shutter_speed&quot;:&quot;0.01&quot;,&quot;title&quot;:&quot;&quot;,&quot;orientation&quot;:&quot;0&quot;}\" data-image-title=\"Tampa de bueiro Dresden\" data-image-description=\"\" data-image-caption=\"\" data-large-file=\"https:\/\/i0.wp.com\/radames.manosso.nom.br\/fotografia\/files\/2019\/06\/1545-tampa-de-bueiro-dresden.jpg?fit=500%2C500&amp;ssl=1\" data-attachment-id=\"831\" data-permalink=\"https:\/\/radames.manosso.nom.br\/fotografia\/1545-tampa-de-bueiro-dresden\/\" data-orig-file=\"https:\/\/i0.wp.com\/radames.manosso.nom.br\/fotografia\/files\/2019\/06\/1545-tampa-de-bueiro-dresden.jpg?fit=500%2C500&amp;ssl=1\" data-orig-size=\"500,500\" data-comments-opened=\"1\" data-image-meta=\"{&quot;aperture&quot;:&quot;8&quot;,&quot;credit&quot;:&quot;&quot;,&quot;camera&quot;:&quot;NIKON D7100&quot;,&quot;caption&quot;:&quot;&quot;,&quot;created_timestamp&quot;:&quot;1403488850&quot;,&quot;copyright&quot;:&quot;&quot;,&quot;focal_length&quot;:&quot;30&quot;,&quot;iso&quot;:&quot;100&quot;,&quot;shutter_speed&quot;:&quot;0.01&quot;,&quot;title&quot;:&quot;&quot;,&quot;orientation&quot;:&quot;0&quot;}\" data-image-title=\"Tampa de bueiro Dresden\" data-image-description=\"\" data-image-caption=\"\" data-large-file=\"https:\/\/i0.wp.com\/radames.manosso.nom.br\/fotografia\/files\/2019\/06\/1545-tampa-de-bueiro-dresden.jpg?fit=500%2C500&amp;ssl=1\" role=\"button\" tabindex=\"0\" aria-label=\"Abrir imagem 12 de 19 em tela cheia\"srcset=\"https:\/\/i2.wp.com\/radames.manosso.nom.br\/fotografia\/files\/2019\/06\/1545-tampa-de-bueiro-dresden-500x500.jpg?strip=info&#038;w=500 500w\" alt=\"\" data-height=\"500\" data-id=\"831\" data-link=\"https:\/\/radames.manosso.nom.br\/fotografia\/1545-tampa-de-bueiro-dresden\/\" data-url=\"https:\/\/radames.manosso.nom.br\/fotografia\/files\/2019\/06\/1545-tampa-de-bueiro-dresden-500x500.jpg\" data-width=\"500\" src=\"https:\/\/i2.wp.com\/radames.manosso.nom.br\/fotografia\/files\/2019\/06\/1545-tampa-de-bueiro-dresden-500x500.jpg\" layout=\"responsive\"\/><\/a><\/figure><\/div><div class=\"tiled-gallery__col\" style=\"flex-basis:33.23262839879154%\"><figure class=\"tiled-gallery__item\"><a href=\"https:\/\/radames.manosso.nom.br\/fotografia\/1544-tampa-de-bueiro-cesky\/\"><img decoding=\"async\" data-attachment-id=\"830\" data-permalink=\"https:\/\/radames.manosso.nom.br\/fotografia\/1544-tampa-de-bueiro-cesky\/\" data-orig-file=\"https:\/\/i0.wp.com\/radames.manosso.nom.br\/fotografia\/files\/2019\/06\/1544-tampa-de-bueiro-cesky.jpg?fit=500%2C500&amp;ssl=1\" data-orig-size=\"500,500\" data-comments-opened=\"1\" data-image-meta=\"{&quot;aperture&quot;:&quot;5.6&quot;,&quot;credit&quot;:&quot;&quot;,&quot;camera&quot;:&quot;NIKON D7100&quot;,&quot;caption&quot;:&quot;&quot;,&quot;created_timestamp&quot;:&quot;1403266162&quot;,&quot;copyright&quot;:&quot;&quot;,&quot;focal_length&quot;:&quot;20&quot;,&quot;iso&quot;:&quot;250&quot;,&quot;shutter_speed&quot;:&quot;0.025&quot;,&quot;title&quot;:&quot;&quot;,&quot;orientation&quot;:&quot;0&quot;}\" data-image-title=\"Tampa de bueiro Cesky Krumlov\" data-image-description=\"\" data-image-caption=\"\" data-large-file=\"https:\/\/i0.wp.com\/radames.manosso.nom.br\/fotografia\/files\/2019\/06\/1544-tampa-de-bueiro-cesky.jpg?fit=500%2C500&amp;ssl=1\" data-attachment-id=\"830\" data-permalink=\"https:\/\/radames.manosso.nom.br\/fotografia\/1544-tampa-de-bueiro-cesky\/\" data-orig-file=\"https:\/\/i0.wp.com\/radames.manosso.nom.br\/fotografia\/files\/2019\/06\/1544-tampa-de-bueiro-cesky.jpg?fit=500%2C500&amp;ssl=1\" data-orig-size=\"500,500\" data-comments-opened=\"1\" data-image-meta=\"{&quot;aperture&quot;:&quot;5.6&quot;,&quot;credit&quot;:&quot;&quot;,&quot;camera&quot;:&quot;NIKON D7100&quot;,&quot;caption&quot;:&quot;&quot;,&quot;created_timestamp&quot;:&quot;1403266162&quot;,&quot;copyright&quot;:&quot;&quot;,&quot;focal_length&quot;:&quot;20&quot;,&quot;iso&quot;:&quot;250&quot;,&quot;shutter_speed&quot;:&quot;0.025&quot;,&quot;title&quot;:&quot;&quot;,&quot;orientation&quot;:&quot;0&quot;}\" data-image-title=\"Tampa de bueiro Cesky Krumlov\" data-image-description=\"\" data-image-caption=\"\" data-large-file=\"https:\/\/i0.wp.com\/radames.manosso.nom.br\/fotografia\/files\/2019\/06\/1544-tampa-de-bueiro-cesky.jpg?fit=500%2C500&amp;ssl=1\" role=\"button\" tabindex=\"0\" aria-label=\"Abrir imagem 13 de 19 em tela cheia\"srcset=\"https:\/\/i1.wp.com\/radames.manosso.nom.br\/fotografia\/files\/2019\/06\/1544-tampa-de-bueiro-cesky-500x500.jpg?strip=info&#038;w=500 500w\" alt=\"\" data-height=\"500\" data-id=\"830\" data-link=\"https:\/\/radames.manosso.nom.br\/fotografia\/1544-tampa-de-bueiro-cesky\/\" data-url=\"https:\/\/radames.manosso.nom.br\/fotografia\/files\/2019\/06\/1544-tampa-de-bueiro-cesky-500x500.jpg\" data-width=\"500\" src=\"https:\/\/i1.wp.com\/radames.manosso.nom.br\/fotografia\/files\/2019\/06\/1544-tampa-de-bueiro-cesky-500x500.jpg\" layout=\"responsive\"\/><\/a><\/figure><figure class=\"tiled-gallery__item\"><a href=\"https:\/\/radames.manosso.nom.br\/fotografia\/1543-tampa-de-bueiro-cesky-krumlov\/\"><img decoding=\"async\" data-attachment-id=\"829\" data-permalink=\"https:\/\/radames.manosso.nom.br\/fotografia\/1543-tampa-de-bueiro-cesky-krumlov\/\" data-orig-file=\"https:\/\/i0.wp.com\/radames.manosso.nom.br\/fotografia\/files\/2019\/06\/1543-tampa-de-bueiro-cesky-krumlov.jpg?fit=500%2C500&amp;ssl=1\" data-orig-size=\"500,500\" data-comments-opened=\"1\" data-image-meta=\"{&quot;aperture&quot;:&quot;7.1&quot;,&quot;credit&quot;:&quot;&quot;,&quot;camera&quot;:&quot;NIKON D7100&quot;,&quot;caption&quot;:&quot;&quot;,&quot;created_timestamp&quot;:&quot;1403256535&quot;,&quot;copyright&quot;:&quot;&quot;,&quot;focal_length&quot;:&quot;26&quot;,&quot;iso&quot;:&quot;100&quot;,&quot;shutter_speed&quot;:&quot;0.0125&quot;,&quot;title&quot;:&quot;&quot;,&quot;orientation&quot;:&quot;0&quot;}\" data-image-title=\"Tampa de bueiro Cesky Krumlov\" data-image-description=\"\" data-image-caption=\"\" data-large-file=\"https:\/\/i0.wp.com\/radames.manosso.nom.br\/fotografia\/files\/2019\/06\/1543-tampa-de-bueiro-cesky-krumlov.jpg?fit=500%2C500&amp;ssl=1\" data-attachment-id=\"829\" data-permalink=\"https:\/\/radames.manosso.nom.br\/fotografia\/1543-tampa-de-bueiro-cesky-krumlov\/\" data-orig-file=\"https:\/\/i0.wp.com\/radames.manosso.nom.br\/fotografia\/files\/2019\/06\/1543-tampa-de-bueiro-cesky-krumlov.jpg?fit=500%2C500&amp;ssl=1\" data-orig-size=\"500,500\" data-comments-opened=\"1\" data-image-meta=\"{&quot;aperture&quot;:&quot;7.1&quot;,&quot;credit&quot;:&quot;&quot;,&quot;camera&quot;:&quot;NIKON D7100&quot;,&quot;caption&quot;:&quot;&quot;,&quot;created_timestamp&quot;:&quot;1403256535&quot;,&quot;copyright&quot;:&quot;&quot;,&quot;focal_length&quot;:&quot;26&quot;,&quot;iso&quot;:&quot;100&quot;,&quot;shutter_speed&quot;:&quot;0.0125&quot;,&quot;title&quot;:&quot;&quot;,&quot;orientation&quot;:&quot;0&quot;}\" data-image-title=\"Tampa de bueiro Cesky Krumlov\" data-image-description=\"\" data-image-caption=\"\" data-large-file=\"https:\/\/i0.wp.com\/radames.manosso.nom.br\/fotografia\/files\/2019\/06\/1543-tampa-de-bueiro-cesky-krumlov.jpg?fit=500%2C500&amp;ssl=1\" role=\"button\" tabindex=\"0\" aria-label=\"Abrir imagem 14 de 19 em tela cheia\"srcset=\"https:\/\/i2.wp.com\/radames.manosso.nom.br\/fotografia\/files\/2019\/06\/1543-tampa-de-bueiro-cesky-krumlov-500x500.jpg?strip=info&#038;w=500 500w\" alt=\"\" data-height=\"500\" data-id=\"829\" data-link=\"https:\/\/radames.manosso.nom.br\/fotografia\/1543-tampa-de-bueiro-cesky-krumlov\/\" data-url=\"https:\/\/radames.manosso.nom.br\/fotografia\/files\/2019\/06\/1543-tampa-de-bueiro-cesky-krumlov-500x500.jpg\" data-width=\"500\" src=\"https:\/\/i2.wp.com\/radames.manosso.nom.br\/fotografia\/files\/2019\/06\/1543-tampa-de-bueiro-cesky-krumlov-500x500.jpg\" layout=\"responsive\"\/><\/a><\/figure><\/div><\/div><div class=\"tiled-gallery__row\"><div class=\"tiled-gallery__col\" style=\"flex-basis:59.93831059446618%\"><figure class=\"tiled-gallery__item\"><a href=\"https:\/\/radames.manosso.nom.br\/fotografia\/1542-tampa-de-bueiro-praga-2\/\"><img decoding=\"async\" data-attachment-id=\"828\" data-permalink=\"https:\/\/radames.manosso.nom.br\/fotografia\/1542-tampa-de-bueiro-praga-2\/\" data-orig-file=\"https:\/\/i0.wp.com\/radames.manosso.nom.br\/fotografia\/files\/2019\/06\/1542-tampa-de-bueiro-praga-2.jpg?fit=499%2C333&amp;ssl=1\" data-orig-size=\"499,333\" data-comments-opened=\"1\" data-image-meta=\"{&quot;aperture&quot;:&quot;4.5&quot;,&quot;credit&quot;:&quot;&quot;,&quot;camera&quot;:&quot;NIKON D7100&quot;,&quot;caption&quot;:&quot;&quot;,&quot;created_timestamp&quot;:&quot;1403158001&quot;,&quot;copyright&quot;:&quot;&quot;,&quot;focal_length&quot;:&quot;24&quot;,&quot;iso&quot;:&quot;100&quot;,&quot;shutter_speed&quot;:&quot;0.016666666666667&quot;,&quot;title&quot;:&quot;&quot;,&quot;orientation&quot;:&quot;0&quot;}\" data-image-title=\"Tampa de bueiro Praga\" data-image-description=\"\" data-image-caption=\"\" data-large-file=\"https:\/\/i0.wp.com\/radames.manosso.nom.br\/fotografia\/files\/2019\/06\/1542-tampa-de-bueiro-praga-2.jpg?fit=499%2C333&amp;ssl=1\" data-attachment-id=\"828\" data-permalink=\"https:\/\/radames.manosso.nom.br\/fotografia\/1542-tampa-de-bueiro-praga-2\/\" data-orig-file=\"https:\/\/i0.wp.com\/radames.manosso.nom.br\/fotografia\/files\/2019\/06\/1542-tampa-de-bueiro-praga-2.jpg?fit=499%2C333&amp;ssl=1\" data-orig-size=\"499,333\" data-comments-opened=\"1\" data-image-meta=\"{&quot;aperture&quot;:&quot;4.5&quot;,&quot;credit&quot;:&quot;&quot;,&quot;camera&quot;:&quot;NIKON D7100&quot;,&quot;caption&quot;:&quot;&quot;,&quot;created_timestamp&quot;:&quot;1403158001&quot;,&quot;copyright&quot;:&quot;&quot;,&quot;focal_length&quot;:&quot;24&quot;,&quot;iso&quot;:&quot;100&quot;,&quot;shutter_speed&quot;:&quot;0.016666666666667&quot;,&quot;title&quot;:&quot;&quot;,&quot;orientation&quot;:&quot;0&quot;}\" data-image-title=\"Tampa de bueiro Praga\" data-image-description=\"\" data-image-caption=\"\" data-large-file=\"https:\/\/i0.wp.com\/radames.manosso.nom.br\/fotografia\/files\/2019\/06\/1542-tampa-de-bueiro-praga-2.jpg?fit=499%2C333&amp;ssl=1\" role=\"button\" tabindex=\"0\" aria-label=\"Abrir imagem 15 de 19 em tela cheia\"srcset=\"https:\/\/i1.wp.com\/radames.manosso.nom.br\/fotografia\/files\/2019\/06\/1542-tampa-de-bueiro-praga-2.jpg?strip=info&#038;w=499 499w\" alt=\"\" data-height=\"333\" data-id=\"828\" data-link=\"https:\/\/radames.manosso.nom.br\/fotografia\/1542-tampa-de-bueiro-praga-2\/\" data-url=\"https:\/\/radames.manosso.nom.br\/fotografia\/files\/2019\/06\/1542-tampa-de-bueiro-praga-2.jpg\" data-width=\"499\" src=\"https:\/\/i1.wp.com\/radames.manosso.nom.br\/fotografia\/files\/2019\/06\/1542-tampa-de-bueiro-praga-2.jpg\" layout=\"responsive\"\/><\/a><\/figure><\/div><div class=\"tiled-gallery__col\" style=\"flex-basis:40.06168940553381%\"><figure class=\"tiled-gallery__item\"><a href=\"https:\/\/radames.manosso.nom.br\/fotografia\/1541-tampa-de-bueiro-praga\/\"><img decoding=\"async\" data-attachment-id=\"827\" data-permalink=\"https:\/\/radames.manosso.nom.br\/fotografia\/1541-tampa-de-bueiro-praga\/\" data-orig-file=\"https:\/\/i0.wp.com\/radames.manosso.nom.br\/fotografia\/files\/2019\/06\/1541-tampa-de-bueiro-praga.jpg?fit=500%2C500&amp;ssl=1\" data-orig-size=\"500,500\" data-comments-opened=\"1\" data-image-meta=\"{&quot;aperture&quot;:&quot;4&quot;,&quot;credit&quot;:&quot;&quot;,&quot;camera&quot;:&quot;NIKON D7100&quot;,&quot;caption&quot;:&quot;&quot;,&quot;created_timestamp&quot;:&quot;1402996034&quot;,&quot;copyright&quot;:&quot;&quot;,&quot;focal_length&quot;:&quot;22&quot;,&quot;iso&quot;:&quot;100&quot;,&quot;shutter_speed&quot;:&quot;0.0015625&quot;,&quot;title&quot;:&quot;&quot;,&quot;orientation&quot;:&quot;0&quot;}\" data-image-title=\"1541-tampa-de-bueiro-praga\" data-image-description=\"\" data-image-caption=\"\" data-large-file=\"https:\/\/i0.wp.com\/radames.manosso.nom.br\/fotografia\/files\/2019\/06\/1541-tampa-de-bueiro-praga.jpg?fit=500%2C500&amp;ssl=1\" data-attachment-id=\"827\" data-permalink=\"https:\/\/radames.manosso.nom.br\/fotografia\/1541-tampa-de-bueiro-praga\/\" data-orig-file=\"https:\/\/i0.wp.com\/radames.manosso.nom.br\/fotografia\/files\/2019\/06\/1541-tampa-de-bueiro-praga.jpg?fit=500%2C500&amp;ssl=1\" data-orig-size=\"500,500\" data-comments-opened=\"1\" data-image-meta=\"{&quot;aperture&quot;:&quot;4&quot;,&quot;credit&quot;:&quot;&quot;,&quot;camera&quot;:&quot;NIKON D7100&quot;,&quot;caption&quot;:&quot;&quot;,&quot;created_timestamp&quot;:&quot;1402996034&quot;,&quot;copyright&quot;:&quot;&quot;,&quot;focal_length&quot;:&quot;22&quot;,&quot;iso&quot;:&quot;100&quot;,&quot;shutter_speed&quot;:&quot;0.0015625&quot;,&quot;title&quot;:&quot;&quot;,&quot;orientation&quot;:&quot;0&quot;}\" data-image-title=\"1541-tampa-de-bueiro-praga\" data-image-description=\"\" data-image-caption=\"\" data-large-file=\"https:\/\/i0.wp.com\/radames.manosso.nom.br\/fotografia\/files\/2019\/06\/1541-tampa-de-bueiro-praga.jpg?fit=500%2C500&amp;ssl=1\" role=\"button\" tabindex=\"0\" aria-label=\"Abrir imagem 16 de 19 em tela cheia\"srcset=\"https:\/\/i2.wp.com\/radames.manosso.nom.br\/fotografia\/files\/2019\/06\/1541-tampa-de-bueiro-praga-500x500.jpg?strip=info&#038;w=500 500w\" alt=\"\" data-height=\"500\" data-id=\"827\" data-link=\"https:\/\/radames.manosso.nom.br\/fotografia\/1541-tampa-de-bueiro-praga\/\" data-url=\"https:\/\/radames.manosso.nom.br\/fotografia\/files\/2019\/06\/1541-tampa-de-bueiro-praga-500x500.jpg\" data-width=\"500\" src=\"https:\/\/i2.wp.com\/radames.manosso.nom.br\/fotografia\/files\/2019\/06\/1541-tampa-de-bueiro-praga-500x500.jpg\" layout=\"responsive\"\/><\/a><\/figure><\/div><\/div><div class=\"tiled-gallery__row\"><div class=\"tiled-gallery__col\" style=\"flex-basis:29.561240511909453%\"><figure class=\"tiled-gallery__item\"><a href=\"https:\/\/radames.manosso.nom.br\/fotografia\/1540-tampa-de-bueiro-budapeste-4\/\"><img decoding=\"async\" data-attachment-id=\"826\" data-permalink=\"https:\/\/radames.manosso.nom.br\/fotografia\/1540-tampa-de-bueiro-budapeste-4\/\" data-orig-file=\"https:\/\/i0.wp.com\/radames.manosso.nom.br\/fotografia\/files\/2019\/06\/1540-tampa-de-bueiro-budapeste-4.jpg?fit=500%2C500&amp;ssl=1\" data-orig-size=\"500,500\" data-comments-opened=\"1\" data-image-meta=\"{&quot;aperture&quot;:&quot;9&quot;,&quot;credit&quot;:&quot;&quot;,&quot;camera&quot;:&quot;NIKON D7100&quot;,&quot;caption&quot;:&quot;&quot;,&quot;created_timestamp&quot;:&quot;1402281502&quot;,&quot;copyright&quot;:&quot;&quot;,&quot;focal_length&quot;:&quot;26&quot;,&quot;iso&quot;:&quot;100&quot;,&quot;shutter_speed&quot;:&quot;0.004&quot;,&quot;title&quot;:&quot;&quot;,&quot;orientation&quot;:&quot;0&quot;}\" data-image-title=\"Tampa de bueiro Budapeste\" data-image-description=\"\" data-image-caption=\"\" data-large-file=\"https:\/\/i0.wp.com\/radames.manosso.nom.br\/fotografia\/files\/2019\/06\/1540-tampa-de-bueiro-budapeste-4.jpg?fit=500%2C500&amp;ssl=1\" data-attachment-id=\"826\" data-permalink=\"https:\/\/radames.manosso.nom.br\/fotografia\/1540-tampa-de-bueiro-budapeste-4\/\" data-orig-file=\"https:\/\/i0.wp.com\/radames.manosso.nom.br\/fotografia\/files\/2019\/06\/1540-tampa-de-bueiro-budapeste-4.jpg?fit=500%2C500&amp;ssl=1\" data-orig-size=\"500,500\" data-comments-opened=\"1\" data-image-meta=\"{&quot;aperture&quot;:&quot;9&quot;,&quot;credit&quot;:&quot;&quot;,&quot;camera&quot;:&quot;NIKON D7100&quot;,&quot;caption&quot;:&quot;&quot;,&quot;created_timestamp&quot;:&quot;1402281502&quot;,&quot;copyright&quot;:&quot;&quot;,&quot;focal_length&quot;:&quot;26&quot;,&quot;iso&quot;:&quot;100&quot;,&quot;shutter_speed&quot;:&quot;0.004&quot;,&quot;title&quot;:&quot;&quot;,&quot;orientation&quot;:&quot;0&quot;}\" data-image-title=\"Tampa de bueiro Budapeste\" data-image-description=\"\" data-image-caption=\"\" data-large-file=\"https:\/\/i0.wp.com\/radames.manosso.nom.br\/fotografia\/files\/2019\/06\/1540-tampa-de-bueiro-budapeste-4.jpg?fit=500%2C500&amp;ssl=1\" role=\"button\" tabindex=\"0\" aria-label=\"Abrir imagem 17 de 19 em tela cheia\"srcset=\"https:\/\/i1.wp.com\/radames.manosso.nom.br\/fotografia\/files\/2019\/06\/1540-tampa-de-bueiro-budapeste-4-500x500.jpg?strip=info&#038;w=500 500w\" alt=\"\" data-height=\"500\" data-id=\"826\" data-link=\"https:\/\/radames.manosso.nom.br\/fotografia\/1540-tampa-de-bueiro-budapeste-4\/\" data-url=\"https:\/\/radames.manosso.nom.br\/fotografia\/files\/2019\/06\/1540-tampa-de-bueiro-budapeste-4-500x500.jpg\" data-width=\"500\" src=\"https:\/\/i1.wp.com\/radames.manosso.nom.br\/fotografia\/files\/2019\/06\/1540-tampa-de-bueiro-budapeste-4-500x500.jpg\" layout=\"responsive\"\/><\/a><\/figure><\/div><div class=\"tiled-gallery__col\" style=\"flex-basis:40.877518976181086%\"><figure class=\"tiled-gallery__item\"><a href=\"https:\/\/radames.manosso.nom.br\/fotografia\/1538-tampa-de-bueiro-budapeste-3\/\"><img decoding=\"async\" data-attachment-id=\"824\" data-permalink=\"https:\/\/radames.manosso.nom.br\/fotografia\/1538-tampa-de-bueiro-budapeste-3\/\" data-orig-file=\"https:\/\/i0.wp.com\/radames.manosso.nom.br\/fotografia\/files\/2019\/06\/1538-tampa-de-bueiro-budapeste-3.jpg?fit=500%2C361&amp;ssl=1\" data-orig-size=\"500,361\" data-comments-opened=\"1\" data-image-meta=\"{&quot;aperture&quot;:&quot;5&quot;,&quot;credit&quot;:&quot;&quot;,&quot;camera&quot;:&quot;NIKON D7100&quot;,&quot;caption&quot;:&quot;&quot;,&quot;created_timestamp&quot;:&quot;1402279394&quot;,&quot;copyright&quot;:&quot;&quot;,&quot;focal_length&quot;:&quot;24&quot;,&quot;iso&quot;:&quot;100&quot;,&quot;shutter_speed&quot;:&quot;0.0125&quot;,&quot;title&quot;:&quot;&quot;,&quot;orientation&quot;:&quot;0&quot;}\" data-image-title=\"Tampa de bueiro Budapeste\" data-image-description=\"\" data-image-caption=\"\" data-large-file=\"https:\/\/i0.wp.com\/radames.manosso.nom.br\/fotografia\/files\/2019\/06\/1538-tampa-de-bueiro-budapeste-3.jpg?fit=500%2C361&amp;ssl=1\" data-attachment-id=\"824\" data-permalink=\"https:\/\/radames.manosso.nom.br\/fotografia\/1538-tampa-de-bueiro-budapeste-3\/\" data-orig-file=\"https:\/\/i0.wp.com\/radames.manosso.nom.br\/fotografia\/files\/2019\/06\/1538-tampa-de-bueiro-budapeste-3.jpg?fit=500%2C361&amp;ssl=1\" data-orig-size=\"500,361\" data-comments-opened=\"1\" data-image-meta=\"{&quot;aperture&quot;:&quot;5&quot;,&quot;credit&quot;:&quot;&quot;,&quot;camera&quot;:&quot;NIKON D7100&quot;,&quot;caption&quot;:&quot;&quot;,&quot;created_timestamp&quot;:&quot;1402279394&quot;,&quot;copyright&quot;:&quot;&quot;,&quot;focal_length&quot;:&quot;24&quot;,&quot;iso&quot;:&quot;100&quot;,&quot;shutter_speed&quot;:&quot;0.0125&quot;,&quot;title&quot;:&quot;&quot;,&quot;orientation&quot;:&quot;0&quot;}\" data-image-title=\"Tampa de bueiro Budapeste\" data-image-description=\"\" data-image-caption=\"\" data-large-file=\"https:\/\/i0.wp.com\/radames.manosso.nom.br\/fotografia\/files\/2019\/06\/1538-tampa-de-bueiro-budapeste-3.jpg?fit=500%2C361&amp;ssl=1\" role=\"button\" tabindex=\"0\" aria-label=\"Abrir imagem 18 de 19 em tela cheia\"srcset=\"https:\/\/i1.wp.com\/radames.manosso.nom.br\/fotografia\/files\/2019\/06\/1538-tampa-de-bueiro-budapeste-3-500x361.jpg?strip=info&#038;w=500 500w\" alt=\"\" data-height=\"361\" data-id=\"824\" data-link=\"https:\/\/radames.manosso.nom.br\/fotografia\/1538-tampa-de-bueiro-budapeste-3\/\" data-url=\"https:\/\/radames.manosso.nom.br\/fotografia\/files\/2019\/06\/1538-tampa-de-bueiro-budapeste-3-500x361.jpg\" data-width=\"500\" src=\"https:\/\/i1.wp.com\/radames.manosso.nom.br\/fotografia\/files\/2019\/06\/1538-tampa-de-bueiro-budapeste-3-500x361.jpg\" layout=\"responsive\"\/><\/a><\/figure><\/div><div class=\"tiled-gallery__col\" style=\"flex-basis:29.561240511909453%\"><figure class=\"tiled-gallery__item\"><a href=\"https:\/\/radames.manosso.nom.br\/fotografia\/1537-tampa-de-bueiro-budapeste-2\/\"><img decoding=\"async\" data-attachment-id=\"823\" data-permalink=\"https:\/\/radames.manosso.nom.br\/fotografia\/1537-tampa-de-bueiro-budapeste-2\/\" data-orig-file=\"https:\/\/i0.wp.com\/radames.manosso.nom.br\/fotografia\/files\/2019\/06\/1537-tampa-de-bueiro-budapeste-2.jpg?fit=500%2C500&amp;ssl=1\" data-orig-size=\"500,500\" data-comments-opened=\"1\" data-image-meta=\"{&quot;aperture&quot;:&quot;5&quot;,&quot;credit&quot;:&quot;&quot;,&quot;camera&quot;:&quot;NIKON D7100&quot;,&quot;caption&quot;:&quot;&quot;,&quot;created_timestamp&quot;:&quot;1402279187&quot;,&quot;copyright&quot;:&quot;&quot;,&quot;focal_length&quot;:&quot;30&quot;,&quot;iso&quot;:&quot;100&quot;,&quot;shutter_speed&quot;:&quot;0.00625&quot;,&quot;title&quot;:&quot;&quot;,&quot;orientation&quot;:&quot;0&quot;}\" data-image-title=\"Tampa de bueiro Budapeste\" data-image-description=\"\" data-image-caption=\"\" data-large-file=\"https:\/\/i0.wp.com\/radames.manosso.nom.br\/fotografia\/files\/2019\/06\/1537-tampa-de-bueiro-budapeste-2.jpg?fit=500%2C500&amp;ssl=1\" data-attachment-id=\"823\" data-permalink=\"https:\/\/radames.manosso.nom.br\/fotografia\/1537-tampa-de-bueiro-budapeste-2\/\" data-orig-file=\"https:\/\/i0.wp.com\/radames.manosso.nom.br\/fotografia\/files\/2019\/06\/1537-tampa-de-bueiro-budapeste-2.jpg?fit=500%2C500&amp;ssl=1\" data-orig-size=\"500,500\" data-comments-opened=\"1\" data-image-meta=\"{&quot;aperture&quot;:&quot;5&quot;,&quot;credit&quot;:&quot;&quot;,&quot;camera&quot;:&quot;NIKON D7100&quot;,&quot;caption&quot;:&quot;&quot;,&quot;created_timestamp&quot;:&quot;1402279187&quot;,&quot;copyright&quot;:&quot;&quot;,&quot;focal_length&quot;:&quot;30&quot;,&quot;iso&quot;:&quot;100&quot;,&quot;shutter_speed&quot;:&quot;0.00625&quot;,&quot;title&quot;:&quot;&quot;,&quot;orientation&quot;:&quot;0&quot;}\" data-image-title=\"Tampa de bueiro Budapeste\" data-image-description=\"\" data-image-caption=\"\" data-large-file=\"https:\/\/i0.wp.com\/radames.manosso.nom.br\/fotografia\/files\/2019\/06\/1537-tampa-de-bueiro-budapeste-2.jpg?fit=500%2C500&amp;ssl=1\" role=\"button\" tabindex=\"0\" aria-label=\"Abrir imagem 19 de 19 em tela cheia\"srcset=\"https:\/\/i2.wp.com\/radames.manosso.nom.br\/fotografia\/files\/2019\/06\/1537-tampa-de-bueiro-budapeste-2-500x500.jpg?strip=info&#038;w=500 500w\" alt=\"\" data-height=\"500\" data-id=\"823\" data-link=\"https:\/\/radames.manosso.nom.br\/fotografia\/1537-tampa-de-bueiro-budapeste-2\/\" data-url=\"https:\/\/radames.manosso.nom.br\/fotografia\/files\/2019\/06\/1537-tampa-de-bueiro-budapeste-2-500x500.jpg\" data-width=\"500\" src=\"https:\/\/i2.wp.com\/radames.manosso.nom.br\/fotografia\/files\/2019\/06\/1537-tampa-de-bueiro-budapeste-2-500x500.jpg\" layout=\"responsive\"\/><\/a><\/figure><\/div><\/div><\/div><\/div>\n\n\n\n<h3 class=\"wp-block-heading\">As tampas datadas de Curitiba<\/h3>\n\n\n\n<p>Houve um tempo em que as tampas de bueiro curitibanas eram datadas. Sobraram poucas dessa \u00e9poca e infelizmente, n\u00e3o ser\u00e1 poss\u00edvel completar a cole\u00e7\u00e3o.<\/p>\n\n\n\n<div class=\"wp-block-jetpack-tiled-gallery aligncenter is-style-square\"><div class=\"tiled-gallery__gallery\"><div class=\"tiled-gallery__row columns-3\"><div class=\"tiled-gallery__col\"><figure class=\"tiled-gallery__item\"><a href=\"https:\/\/radames.manosso.nom.br\/fotografia\/tampa-de-bueiro-curitiba-1904\/\"><img decoding=\"async\" data-attachment-id=\"865\" data-permalink=\"https:\/\/radames.manosso.nom.br\/fotografia\/tampa-de-bueiro-curitiba-1904\/\" data-orig-file=\"https:\/\/i0.wp.com\/radames.manosso.nom.br\/fotografia\/files\/2019\/12\/tampa-de-bueiro-curitiba-1904.jpg?fit=500%2C500&amp;ssl=1\" data-orig-size=\"500,500\" data-comments-opened=\"1\" data-image-meta=\"{&quot;aperture&quot;:&quot;2&quot;,&quot;credit&quot;:&quot;&quot;,&quot;camera&quot;:&quot;XT1069&quot;,&quot;caption&quot;:&quot;&quot;,&quot;created_timestamp&quot;:&quot;1575646296&quot;,&quot;copyright&quot;:&quot;&quot;,&quot;focal_length&quot;:&quot;3.54&quot;,&quot;iso&quot;:&quot;80&quot;,&quot;shutter_speed&quot;:&quot;0.00296&quot;,&quot;title&quot;:&quot;&quot;,&quot;orientation&quot;:&quot;1&quot;}\" data-image-title=\"tampa-de-bueiro-curitiba-1904\" data-image-description=\"\" data-image-caption=\"\" data-large-file=\"https:\/\/i0.wp.com\/radames.manosso.nom.br\/fotografia\/files\/2019\/12\/tampa-de-bueiro-curitiba-1904.jpg?fit=500%2C500&amp;ssl=1\" data-attachment-id=\"865\" data-permalink=\"https:\/\/radames.manosso.nom.br\/fotografia\/tampa-de-bueiro-curitiba-1904\/\" data-orig-file=\"https:\/\/i0.wp.com\/radames.manosso.nom.br\/fotografia\/files\/2019\/12\/tampa-de-bueiro-curitiba-1904.jpg?fit=500%2C500&amp;ssl=1\" data-orig-size=\"500,500\" data-comments-opened=\"1\" data-image-meta=\"{&quot;aperture&quot;:&quot;2&quot;,&quot;credit&quot;:&quot;&quot;,&quot;camera&quot;:&quot;XT1069&quot;,&quot;caption&quot;:&quot;&quot;,&quot;created_timestamp&quot;:&quot;1575646296&quot;,&quot;copyright&quot;:&quot;&quot;,&quot;focal_length&quot;:&quot;3.54&quot;,&quot;iso&quot;:&quot;80&quot;,&quot;shutter_speed&quot;:&quot;0.00296&quot;,&quot;title&quot;:&quot;&quot;,&quot;orientation&quot;:&quot;1&quot;}\" data-image-title=\"tampa-de-bueiro-curitiba-1904\" data-image-description=\"\" data-image-caption=\"\" data-large-file=\"https:\/\/i0.wp.com\/radames.manosso.nom.br\/fotografia\/files\/2019\/12\/tampa-de-bueiro-curitiba-1904.jpg?fit=500%2C500&amp;ssl=1\" role=\"button\" tabindex=\"0\" aria-label=\"Abrir imagem 1 de 15 em tela cheia\"srcset=\"https:\/\/i1.wp.com\/radames.manosso.nom.br\/fotografia\/files\/2019\/12\/tampa-de-bueiro-curitiba-1904.jpg?resize=500%2C500&#038;strip=info&#038;ssl=1 500w\" alt=\"\" data-height=\"500\" data-id=\"865\" data-link=\"https:\/\/radames.manosso.nom.br\/fotografia\/tampa-de-bueiro-curitiba-1904\/\" data-url=\"https:\/\/radames.manosso.nom.br\/fotografia\/files\/2019\/12\/tampa-de-bueiro-curitiba-1904.jpg\" data-width=\"500\" src=\"https:\/\/i1.wp.com\/radames.manosso.nom.br\/fotografia\/files\/2019\/12\/tampa-de-bueiro-curitiba-1904.jpg?ssl=1&amp;resize=500%2C500\" layout=\"responsive\"\/><\/a><\/figure><\/div><div class=\"tiled-gallery__col\"><figure class=\"tiled-gallery__item\"><a href=\"https:\/\/radames.manosso.nom.br\/fotografia\/1908-tampa-bueiro-curitiba\/\"><img decoding=\"async\" data-attachment-id=\"954\" data-permalink=\"https:\/\/radames.manosso.nom.br\/fotografia\/1908-tampa-bueiro-curitiba\/\" data-orig-file=\"https:\/\/i0.wp.com\/radames.manosso.nom.br\/fotografia\/files\/2022\/10\/1908-tampa-bueiro-curitiba.jpg?fit=2250%2C2249&amp;ssl=1\" data-orig-size=\"2250,2249\" data-comments-opened=\"1\" data-image-meta=\"{&quot;aperture&quot;:&quot;1.8&quot;,&quot;credit&quot;:&quot;&quot;,&quot;camera&quot;:&quot;SM-G781B&quot;,&quot;caption&quot;:&quot;&quot;,&quot;created_timestamp&quot;:&quot;1662561939&quot;,&quot;copyright&quot;:&quot;&quot;,&quot;focal_length&quot;:&quot;5.4&quot;,&quot;iso&quot;:&quot;40&quot;,&quot;shutter_speed&quot;:&quot;0.0015220700152207&quot;,&quot;title&quot;:&quot;&quot;,&quot;orientation&quot;:&quot;1&quot;}\" data-image-title=\"1908-tampa-bueiro-curitiba\" data-image-description=\"\" data-image-caption=\"\" data-large-file=\"https:\/\/i0.wp.com\/radames.manosso.nom.br\/fotografia\/files\/2022\/10\/1908-tampa-bueiro-curitiba.jpg?fit=500%2C500&amp;ssl=1\" data-attachment-id=\"954\" data-permalink=\"https:\/\/radames.manosso.nom.br\/fotografia\/1908-tampa-bueiro-curitiba\/\" data-orig-file=\"https:\/\/i0.wp.com\/radames.manosso.nom.br\/fotografia\/files\/2022\/10\/1908-tampa-bueiro-curitiba.jpg?fit=2250%2C2249&amp;ssl=1\" data-orig-size=\"2250,2249\" data-comments-opened=\"1\" data-image-meta=\"{&quot;aperture&quot;:&quot;1.8&quot;,&quot;credit&quot;:&quot;&quot;,&quot;camera&quot;:&quot;SM-G781B&quot;,&quot;caption&quot;:&quot;&quot;,&quot;created_timestamp&quot;:&quot;1662561939&quot;,&quot;copyright&quot;:&quot;&quot;,&quot;focal_length&quot;:&quot;5.4&quot;,&quot;iso&quot;:&quot;40&quot;,&quot;shutter_speed&quot;:&quot;0.0015220700152207&quot;,&quot;title&quot;:&quot;&quot;,&quot;orientation&quot;:&quot;1&quot;}\" data-image-title=\"1908-tampa-bueiro-curitiba\" data-image-description=\"\" data-image-caption=\"\" data-large-file=\"https:\/\/i0.wp.com\/radames.manosso.nom.br\/fotografia\/files\/2022\/10\/1908-tampa-bueiro-curitiba.jpg?fit=500%2C500&amp;ssl=1\" role=\"button\" tabindex=\"0\" aria-label=\"Abrir imagem 2 de 15 em tela cheia\"srcset=\"https:\/\/i1.wp.com\/radames.manosso.nom.br\/fotografia\/files\/2022\/10\/1908-tampa-bueiro-curitiba.jpg?resize=600%2C600&#038;strip=info&#038;ssl=1 600w,https:\/\/i1.wp.com\/radames.manosso.nom.br\/fotografia\/files\/2022\/10\/1908-tampa-bueiro-curitiba.jpg?resize=900%2C900&#038;strip=info&#038;ssl=1 900w,https:\/\/i1.wp.com\/radames.manosso.nom.br\/fotografia\/files\/2022\/10\/1908-tampa-bueiro-curitiba.jpg?resize=1200%2C1200&#038;strip=info&#038;ssl=1 1200w,https:\/\/i1.wp.com\/radames.manosso.nom.br\/fotografia\/files\/2022\/10\/1908-tampa-bueiro-curitiba.jpg?resize=1500%2C1500&#038;strip=info&#038;ssl=1 1500w,https:\/\/i1.wp.com\/radames.manosso.nom.br\/fotografia\/files\/2022\/10\/1908-tampa-bueiro-curitiba.jpg?resize=1800%2C1800&#038;strip=info&#038;ssl=1 1800w,https:\/\/i1.wp.com\/radames.manosso.nom.br\/fotografia\/files\/2022\/10\/1908-tampa-bueiro-curitiba.jpg?resize=2000%2C2000&#038;strip=info&#038;ssl=1 2000w\" alt=\"\" data-height=\"2249\" data-id=\"954\" data-link=\"https:\/\/radames.manosso.nom.br\/fotografia\/1908-tampa-bueiro-curitiba\/\" data-url=\"https:\/\/radames.manosso.nom.br\/fotografia\/files\/2022\/10\/1908-tampa-bueiro-curitiba.jpg\" data-width=\"2250\" src=\"https:\/\/i1.wp.com\/radames.manosso.nom.br\/fotografia\/files\/2022\/10\/1908-tampa-bueiro-curitiba.jpg?ssl=1&amp;resize=2000%2C2000\" layout=\"responsive\"\/><\/a><\/figure><\/div><div class=\"tiled-gallery__col\"><figure class=\"tiled-gallery__item\"><a href=\"https:\/\/radames.manosso.nom.br\/fotografia\/1560-tampa-de-bueiro-curitiba-1927\/\"><img decoding=\"async\" data-attachment-id=\"846\" data-permalink=\"https:\/\/radames.manosso.nom.br\/fotografia\/1560-tampa-de-bueiro-curitiba-1927\/\" data-orig-file=\"https:\/\/i0.wp.com\/radames.manosso.nom.br\/fotografia\/files\/2019\/06\/1560-tampa-de-bueiro-curitiba-1927.jpg?fit=500%2C465&amp;ssl=1\" data-orig-size=\"500,465\" data-comments-opened=\"1\" data-image-meta=\"{&quot;aperture&quot;:&quot;8&quot;,&quot;credit&quot;:&quot;&quot;,&quot;camera&quot;:&quot;NIKON D7100&quot;,&quot;caption&quot;:&quot;&quot;,&quot;created_timestamp&quot;:&quot;1435671424&quot;,&quot;copyright&quot;:&quot;&quot;,&quot;focal_length&quot;:&quot;42&quot;,&quot;iso&quot;:&quot;100&quot;,&quot;shutter_speed&quot;:&quot;0.008&quot;,&quot;title&quot;:&quot;&quot;,&quot;orientation&quot;:&quot;0&quot;}\" data-image-title=\"Tampa de bueiro Curitiba 1927\" data-image-description=\"\" data-image-caption=\"\" data-large-file=\"https:\/\/i0.wp.com\/radames.manosso.nom.br\/fotografia\/files\/2019\/06\/1560-tampa-de-bueiro-curitiba-1927.jpg?fit=500%2C465&amp;ssl=1\" data-attachment-id=\"846\" data-permalink=\"https:\/\/radames.manosso.nom.br\/fotografia\/1560-tampa-de-bueiro-curitiba-1927\/\" data-orig-file=\"https:\/\/i0.wp.com\/radames.manosso.nom.br\/fotografia\/files\/2019\/06\/1560-tampa-de-bueiro-curitiba-1927.jpg?fit=500%2C465&amp;ssl=1\" data-orig-size=\"500,465\" data-comments-opened=\"1\" data-image-meta=\"{&quot;aperture&quot;:&quot;8&quot;,&quot;credit&quot;:&quot;&quot;,&quot;camera&quot;:&quot;NIKON D7100&quot;,&quot;caption&quot;:&quot;&quot;,&quot;created_timestamp&quot;:&quot;1435671424&quot;,&quot;copyright&quot;:&quot;&quot;,&quot;focal_length&quot;:&quot;42&quot;,&quot;iso&quot;:&quot;100&quot;,&quot;shutter_speed&quot;:&quot;0.008&quot;,&quot;title&quot;:&quot;&quot;,&quot;orientation&quot;:&quot;0&quot;}\" data-image-title=\"Tampa de bueiro Curitiba 1927\" data-image-description=\"\" data-image-caption=\"\" data-large-file=\"https:\/\/i0.wp.com\/radames.manosso.nom.br\/fotografia\/files\/2019\/06\/1560-tampa-de-bueiro-curitiba-1927.jpg?fit=500%2C465&amp;ssl=1\" role=\"button\" tabindex=\"0\" aria-label=\"Abrir imagem 3 de 15 em tela cheia\"srcset=\"https:\/\/i2.wp.com\/radames.manosso.nom.br\/fotografia\/files\/2019\/06\/1560-tampa-de-bueiro-curitiba-1927.jpg?resize=465%2C465&#038;strip=info&#038;ssl=1 465w\" alt=\"\" data-height=\"465\" data-id=\"846\" data-link=\"https:\/\/radames.manosso.nom.br\/fotografia\/1560-tampa-de-bueiro-curitiba-1927\/\" data-url=\"https:\/\/radames.manosso.nom.br\/fotografia\/files\/2019\/06\/1560-tampa-de-bueiro-curitiba-1927.jpg\" data-width=\"500\" src=\"https:\/\/i2.wp.com\/radames.manosso.nom.br\/fotografia\/files\/2019\/06\/1560-tampa-de-bueiro-curitiba-1927.jpg?ssl=1&amp;resize=465%2C465\" layout=\"responsive\"\/><\/a><\/figure><\/div><\/div><div class=\"tiled-gallery__row columns-3\"><div class=\"tiled-gallery__col\"><figure class=\"tiled-gallery__item\"><a href=\"https:\/\/radames.manosso.nom.br\/fotografia\/1561-tampa-de-bueiro-curitiba-1928\/\"><img decoding=\"async\" data-attachment-id=\"847\" data-permalink=\"https:\/\/radames.manosso.nom.br\/fotografia\/1561-tampa-de-bueiro-curitiba-1928\/\" data-orig-file=\"https:\/\/i0.wp.com\/radames.manosso.nom.br\/fotografia\/files\/2019\/06\/1561-tampa-de-bueiro-curitiba-1928.jpg?fit=500%2C500&amp;ssl=1\" data-orig-size=\"500,500\" data-comments-opened=\"1\" data-image-meta=\"{&quot;aperture&quot;:&quot;6.3&quot;,&quot;credit&quot;:&quot;&quot;,&quot;camera&quot;:&quot;NIKON D7100&quot;,&quot;caption&quot;:&quot;&quot;,&quot;created_timestamp&quot;:&quot;1435671534&quot;,&quot;copyright&quot;:&quot;&quot;,&quot;focal_length&quot;:&quot;35&quot;,&quot;iso&quot;:&quot;100&quot;,&quot;shutter_speed&quot;:&quot;0.016666666666667&quot;,&quot;title&quot;:&quot;&quot;,&quot;orientation&quot;:&quot;0&quot;}\" data-image-title=\"Tampa de bueiro Curitiba 1928\" data-image-description=\"\" data-image-caption=\"\" data-large-file=\"https:\/\/i0.wp.com\/radames.manosso.nom.br\/fotografia\/files\/2019\/06\/1561-tampa-de-bueiro-curitiba-1928.jpg?fit=500%2C500&amp;ssl=1\" data-attachment-id=\"847\" data-permalink=\"https:\/\/radames.manosso.nom.br\/fotografia\/1561-tampa-de-bueiro-curitiba-1928\/\" data-orig-file=\"https:\/\/i0.wp.com\/radames.manosso.nom.br\/fotografia\/files\/2019\/06\/1561-tampa-de-bueiro-curitiba-1928.jpg?fit=500%2C500&amp;ssl=1\" data-orig-size=\"500,500\" data-comments-opened=\"1\" data-image-meta=\"{&quot;aperture&quot;:&quot;6.3&quot;,&quot;credit&quot;:&quot;&quot;,&quot;camera&quot;:&quot;NIKON D7100&quot;,&quot;caption&quot;:&quot;&quot;,&quot;created_timestamp&quot;:&quot;1435671534&quot;,&quot;copyright&quot;:&quot;&quot;,&quot;focal_length&quot;:&quot;35&quot;,&quot;iso&quot;:&quot;100&quot;,&quot;shutter_speed&quot;:&quot;0.016666666666667&quot;,&quot;title&quot;:&quot;&quot;,&quot;orientation&quot;:&quot;0&quot;}\" data-image-title=\"Tampa de bueiro Curitiba 1928\" data-image-description=\"\" data-image-caption=\"\" data-large-file=\"https:\/\/i0.wp.com\/radames.manosso.nom.br\/fotografia\/files\/2019\/06\/1561-tampa-de-bueiro-curitiba-1928.jpg?fit=500%2C500&amp;ssl=1\" role=\"button\" tabindex=\"0\" aria-label=\"Abrir imagem 4 de 15 em tela cheia\"srcset=\"https:\/\/i1.wp.com\/radames.manosso.nom.br\/fotografia\/files\/2019\/06\/1561-tampa-de-bueiro-curitiba-1928.jpg?resize=500%2C500&#038;strip=info&#038;ssl=1 500w\" alt=\"\" data-height=\"500\" data-id=\"847\" data-link=\"https:\/\/radames.manosso.nom.br\/fotografia\/1561-tampa-de-bueiro-curitiba-1928\/\" data-url=\"https:\/\/radames.manosso.nom.br\/fotografia\/files\/2019\/06\/1561-tampa-de-bueiro-curitiba-1928.jpg\" data-width=\"500\" src=\"https:\/\/i1.wp.com\/radames.manosso.nom.br\/fotografia\/files\/2019\/06\/1561-tampa-de-bueiro-curitiba-1928.jpg?ssl=1&amp;resize=500%2C500\" layout=\"responsive\"\/><\/a><\/figure><\/div><div class=\"tiled-gallery__col\"><figure class=\"tiled-gallery__item\"><a href=\"https:\/\/radames.manosso.nom.br\/fotografia\/1929-tampa-bueiro-curitiba\/\"><img decoding=\"async\" data-attachment-id=\"955\" data-permalink=\"https:\/\/radames.manosso.nom.br\/fotografia\/1929-tampa-bueiro-curitiba\/\" data-orig-file=\"https:\/\/i0.wp.com\/radames.manosso.nom.br\/fotografia\/files\/2022\/10\/1929-tampa-bueiro-curitiba.jpg?fit=1698%2C1697&amp;ssl=1\" data-orig-size=\"1698,1697\" data-comments-opened=\"1\" data-image-meta=\"{&quot;aperture&quot;:&quot;2&quot;,&quot;credit&quot;:&quot;&quot;,&quot;camera&quot;:&quot;Moto G Play&quot;,&quot;caption&quot;:&quot;&quot;,&quot;created_timestamp&quot;:&quot;1656602621&quot;,&quot;copyright&quot;:&quot;&quot;,&quot;focal_length&quot;:&quot;3.59&quot;,&quot;iso&quot;:&quot;100&quot;,&quot;shutter_speed&quot;:&quot;0.00833&quot;,&quot;title&quot;:&quot;&quot;,&quot;orientation&quot;:&quot;1&quot;}\" data-image-title=\"1929-tampa-bueiro-curitiba\" data-image-description=\"\" data-image-caption=\"\" data-large-file=\"https:\/\/i0.wp.com\/radames.manosso.nom.br\/fotografia\/files\/2022\/10\/1929-tampa-bueiro-curitiba.jpg?fit=500%2C500&amp;ssl=1\" data-attachment-id=\"955\" data-permalink=\"https:\/\/radames.manosso.nom.br\/fotografia\/1929-tampa-bueiro-curitiba\/\" data-orig-file=\"https:\/\/i0.wp.com\/radames.manosso.nom.br\/fotografia\/files\/2022\/10\/1929-tampa-bueiro-curitiba.jpg?fit=1698%2C1697&amp;ssl=1\" data-orig-size=\"1698,1697\" data-comments-opened=\"1\" data-image-meta=\"{&quot;aperture&quot;:&quot;2&quot;,&quot;credit&quot;:&quot;&quot;,&quot;camera&quot;:&quot;Moto G Play&quot;,&quot;caption&quot;:&quot;&quot;,&quot;created_timestamp&quot;:&quot;1656602621&quot;,&quot;copyright&quot;:&quot;&quot;,&quot;focal_length&quot;:&quot;3.59&quot;,&quot;iso&quot;:&quot;100&quot;,&quot;shutter_speed&quot;:&quot;0.00833&quot;,&quot;title&quot;:&quot;&quot;,&quot;orientation&quot;:&quot;1&quot;}\" data-image-title=\"1929-tampa-bueiro-curitiba\" data-image-description=\"\" data-image-caption=\"\" data-large-file=\"https:\/\/i0.wp.com\/radames.manosso.nom.br\/fotografia\/files\/2022\/10\/1929-tampa-bueiro-curitiba.jpg?fit=500%2C500&amp;ssl=1\" role=\"button\" tabindex=\"0\" aria-label=\"Abrir imagem 5 de 15 em tela cheia\"srcset=\"https:\/\/i1.wp.com\/radames.manosso.nom.br\/fotografia\/files\/2022\/10\/1929-tampa-bueiro-curitiba.jpg?resize=600%2C600&#038;strip=info&#038;ssl=1 600w,https:\/\/i1.wp.com\/radames.manosso.nom.br\/fotografia\/files\/2022\/10\/1929-tampa-bueiro-curitiba.jpg?resize=900%2C900&#038;strip=info&#038;ssl=1 900w,https:\/\/i1.wp.com\/radames.manosso.nom.br\/fotografia\/files\/2022\/10\/1929-tampa-bueiro-curitiba.jpg?resize=1200%2C1200&#038;strip=info&#038;ssl=1 1200w,https:\/\/i1.wp.com\/radames.manosso.nom.br\/fotografia\/files\/2022\/10\/1929-tampa-bueiro-curitiba.jpg?resize=1500%2C1500&#038;strip=info&#038;ssl=1 1500w,https:\/\/i1.wp.com\/radames.manosso.nom.br\/fotografia\/files\/2022\/10\/1929-tampa-bueiro-curitiba.jpg?resize=1697%2C1697&#038;strip=info&#038;ssl=1 1697w\" alt=\"\" data-height=\"1697\" data-id=\"955\" data-link=\"https:\/\/radames.manosso.nom.br\/fotografia\/1929-tampa-bueiro-curitiba\/\" data-url=\"https:\/\/radames.manosso.nom.br\/fotografia\/files\/2022\/10\/1929-tampa-bueiro-curitiba.jpg\" data-width=\"1698\" src=\"https:\/\/i1.wp.com\/radames.manosso.nom.br\/fotografia\/files\/2022\/10\/1929-tampa-bueiro-curitiba.jpg?ssl=1&amp;resize=1697%2C1697\" layout=\"responsive\"\/><\/a><\/figure><\/div><div class=\"tiled-gallery__col\"><figure class=\"tiled-gallery__item\"><a href=\"https:\/\/radames.manosso.nom.br\/fotografia\/1562-tampa-de-bueiro-curitiba-1930\/\"><img decoding=\"async\" data-attachment-id=\"848\" data-permalink=\"https:\/\/radames.manosso.nom.br\/fotografia\/1562-tampa-de-bueiro-curitiba-1930\/\" data-orig-file=\"https:\/\/i0.wp.com\/radames.manosso.nom.br\/fotografia\/files\/2019\/06\/1562-tampa-de-bueiro-curitiba-1930.jpg?fit=500%2C500&amp;ssl=1\" data-orig-size=\"500,500\" data-comments-opened=\"1\" data-image-meta=\"{&quot;aperture&quot;:&quot;5&quot;,&quot;credit&quot;:&quot;&quot;,&quot;camera&quot;:&quot;NIKON D7100&quot;,&quot;caption&quot;:&quot;&quot;,&quot;created_timestamp&quot;:&quot;1469896666&quot;,&quot;copyright&quot;:&quot;&quot;,&quot;focal_length&quot;:&quot;32&quot;,&quot;iso&quot;:&quot;100&quot;,&quot;shutter_speed&quot;:&quot;0.01&quot;,&quot;title&quot;:&quot;&quot;,&quot;orientation&quot;:&quot;0&quot;}\" data-image-title=\"Tampa de bueiro Curitiba 1930\" data-image-description=\"\" data-image-caption=\"\" data-large-file=\"https:\/\/i0.wp.com\/radames.manosso.nom.br\/fotografia\/files\/2019\/06\/1562-tampa-de-bueiro-curitiba-1930.jpg?fit=500%2C500&amp;ssl=1\" data-attachment-id=\"848\" data-permalink=\"https:\/\/radames.manosso.nom.br\/fotografia\/1562-tampa-de-bueiro-curitiba-1930\/\" data-orig-file=\"https:\/\/i0.wp.com\/radames.manosso.nom.br\/fotografia\/files\/2019\/06\/1562-tampa-de-bueiro-curitiba-1930.jpg?fit=500%2C500&amp;ssl=1\" data-orig-size=\"500,500\" data-comments-opened=\"1\" data-image-meta=\"{&quot;aperture&quot;:&quot;5&quot;,&quot;credit&quot;:&quot;&quot;,&quot;camera&quot;:&quot;NIKON D7100&quot;,&quot;caption&quot;:&quot;&quot;,&quot;created_timestamp&quot;:&quot;1469896666&quot;,&quot;copyright&quot;:&quot;&quot;,&quot;focal_length&quot;:&quot;32&quot;,&quot;iso&quot;:&quot;100&quot;,&quot;shutter_speed&quot;:&quot;0.01&quot;,&quot;title&quot;:&quot;&quot;,&quot;orientation&quot;:&quot;0&quot;}\" data-image-title=\"Tampa de bueiro Curitiba 1930\" data-image-description=\"\" data-image-caption=\"\" data-large-file=\"https:\/\/i0.wp.com\/radames.manosso.nom.br\/fotografia\/files\/2019\/06\/1562-tampa-de-bueiro-curitiba-1930.jpg?fit=500%2C500&amp;ssl=1\" role=\"button\" tabindex=\"0\" aria-label=\"Abrir imagem 6 de 15 em tela cheia\"srcset=\"https:\/\/i2.wp.com\/radames.manosso.nom.br\/fotografia\/files\/2019\/06\/1562-tampa-de-bueiro-curitiba-1930.jpg?resize=500%2C500&#038;strip=info&#038;ssl=1 500w\" alt=\"\" data-height=\"500\" data-id=\"848\" data-link=\"https:\/\/radames.manosso.nom.br\/fotografia\/1562-tampa-de-bueiro-curitiba-1930\/\" data-url=\"https:\/\/radames.manosso.nom.br\/fotografia\/files\/2019\/06\/1562-tampa-de-bueiro-curitiba-1930.jpg\" data-width=\"500\" src=\"https:\/\/i2.wp.com\/radames.manosso.nom.br\/fotografia\/files\/2019\/06\/1562-tampa-de-bueiro-curitiba-1930.jpg?ssl=1&amp;resize=500%2C500\" layout=\"responsive\"\/><\/a><\/figure><\/div><\/div><div class=\"tiled-gallery__row columns-3\"><div class=\"tiled-gallery__col\"><figure class=\"tiled-gallery__item\"><a href=\"https:\/\/radames.manosso.nom.br\/fotografia\/urbana\/colecionador-de-tampa-de-bueiro\/attachment\/tampa-de-bueiro-curitiba-1933\/\"><img decoding=\"async\" data-attachment-id=\"869\" data-permalink=\"https:\/\/radames.manosso.nom.br\/fotografia\/urbana\/colecionador-de-tampa-de-bueiro\/attachment\/tampa-de-bueiro-curitiba-1933\/\" data-orig-file=\"https:\/\/i0.wp.com\/radames.manosso.nom.br\/fotografia\/files\/2014\/08\/tampa-de-bueiro-curitiba-1933.jpg?fit=500%2C500&amp;ssl=1\" data-orig-size=\"500,500\" data-comments-opened=\"1\" data-image-meta=\"{&quot;aperture&quot;:&quot;2&quot;,&quot;credit&quot;:&quot;&quot;,&quot;camera&quot;:&quot;XT1069&quot;,&quot;caption&quot;:&quot;&quot;,&quot;created_timestamp&quot;:&quot;1581083104&quot;,&quot;copyright&quot;:&quot;&quot;,&quot;focal_length&quot;:&quot;3.54&quot;,&quot;iso&quot;:&quot;80&quot;,&quot;shutter_speed&quot;:&quot;0.0009&quot;,&quot;title&quot;:&quot;&quot;,&quot;orientation&quot;:&quot;1&quot;}\" data-image-title=\"tampa-de-bueiro-curitiba-1933\" data-image-description=\"&lt;p&gt;tampa-de-bueiro-curitiba-1933&lt;\/p&gt;\n\" data-image-caption=\"\" data-large-file=\"https:\/\/i0.wp.com\/radames.manosso.nom.br\/fotografia\/files\/2014\/08\/tampa-de-bueiro-curitiba-1933.jpg?fit=500%2C500&amp;ssl=1\" data-attachment-id=\"869\" data-permalink=\"https:\/\/radames.manosso.nom.br\/fotografia\/urbana\/colecionador-de-tampa-de-bueiro\/attachment\/tampa-de-bueiro-curitiba-1933\/\" data-orig-file=\"https:\/\/i0.wp.com\/radames.manosso.nom.br\/fotografia\/files\/2014\/08\/tampa-de-bueiro-curitiba-1933.jpg?fit=500%2C500&amp;ssl=1\" data-orig-size=\"500,500\" data-comments-opened=\"1\" data-image-meta=\"{&quot;aperture&quot;:&quot;2&quot;,&quot;credit&quot;:&quot;&quot;,&quot;camera&quot;:&quot;XT1069&quot;,&quot;caption&quot;:&quot;&quot;,&quot;created_timestamp&quot;:&quot;1581083104&quot;,&quot;copyright&quot;:&quot;&quot;,&quot;focal_length&quot;:&quot;3.54&quot;,&quot;iso&quot;:&quot;80&quot;,&quot;shutter_speed&quot;:&quot;0.0009&quot;,&quot;title&quot;:&quot;&quot;,&quot;orientation&quot;:&quot;1&quot;}\" data-image-title=\"tampa-de-bueiro-curitiba-1933\" data-image-description=\"&lt;p&gt;tampa-de-bueiro-curitiba-1933&lt;\/p&gt;\n\" data-image-caption=\"\" data-large-file=\"https:\/\/i0.wp.com\/radames.manosso.nom.br\/fotografia\/files\/2014\/08\/tampa-de-bueiro-curitiba-1933.jpg?fit=500%2C500&amp;ssl=1\" role=\"button\" tabindex=\"0\" aria-label=\"Abrir imagem 7 de 15 em tela cheia\"srcset=\"https:\/\/i0.wp.com\/radames.manosso.nom.br\/fotografia\/files\/2014\/08\/tampa-de-bueiro-curitiba-1933.jpg?resize=500%2C500&#038;strip=info&#038;ssl=1 500w\" alt=\"\" data-height=\"500\" data-id=\"869\" data-link=\"https:\/\/radames.manosso.nom.br\/fotografia\/urbana\/colecionador-de-tampa-de-bueiro\/attachment\/tampa-de-bueiro-curitiba-1933\/\" data-url=\"https:\/\/radames.manosso.nom.br\/fotografia\/files\/2014\/08\/tampa-de-bueiro-curitiba-1933.jpg\" data-width=\"500\" src=\"https:\/\/i0.wp.com\/radames.manosso.nom.br\/fotografia\/files\/2014\/08\/tampa-de-bueiro-curitiba-1933.jpg?ssl=1&amp;resize=500%2C500\" layout=\"responsive\"\/><\/a><\/figure><\/div><div class=\"tiled-gallery__col\"><figure class=\"tiled-gallery__item\"><a href=\"https:\/\/radames.manosso.nom.br\/fotografia\/1557-tampa-de-bueiro-curitiba-1934\/\"><img decoding=\"async\" data-attachment-id=\"843\" data-permalink=\"https:\/\/radames.manosso.nom.br\/fotografia\/1557-tampa-de-bueiro-curitiba-1934\/\" data-orig-file=\"https:\/\/i0.wp.com\/radames.manosso.nom.br\/fotografia\/files\/2019\/06\/1557-tampa-de-bueiro-curitiba-1934.jpg?fit=500%2C500&amp;ssl=1\" data-orig-size=\"500,500\" data-comments-opened=\"1\" data-image-meta=\"{&quot;aperture&quot;:&quot;6.3&quot;,&quot;credit&quot;:&quot;&quot;,&quot;camera&quot;:&quot;NIKON D7100&quot;,&quot;caption&quot;:&quot;&quot;,&quot;created_timestamp&quot;:&quot;1433431935&quot;,&quot;copyright&quot;:&quot;&quot;,&quot;focal_length&quot;:&quot;35&quot;,&quot;iso&quot;:&quot;100&quot;,&quot;shutter_speed&quot;:&quot;0.008&quot;,&quot;title&quot;:&quot;&quot;,&quot;orientation&quot;:&quot;0&quot;}\" data-image-title=\"Tampa de bueiro Curitiba 1934\" data-image-description=\"\" data-image-caption=\"\" data-large-file=\"https:\/\/i0.wp.com\/radames.manosso.nom.br\/fotografia\/files\/2019\/06\/1557-tampa-de-bueiro-curitiba-1934.jpg?fit=500%2C500&amp;ssl=1\" data-attachment-id=\"843\" data-permalink=\"https:\/\/radames.manosso.nom.br\/fotografia\/1557-tampa-de-bueiro-curitiba-1934\/\" data-orig-file=\"https:\/\/i0.wp.com\/radames.manosso.nom.br\/fotografia\/files\/2019\/06\/1557-tampa-de-bueiro-curitiba-1934.jpg?fit=500%2C500&amp;ssl=1\" data-orig-size=\"500,500\" data-comments-opened=\"1\" data-image-meta=\"{&quot;aperture&quot;:&quot;6.3&quot;,&quot;credit&quot;:&quot;&quot;,&quot;camera&quot;:&quot;NIKON D7100&quot;,&quot;caption&quot;:&quot;&quot;,&quot;created_timestamp&quot;:&quot;1433431935&quot;,&quot;copyright&quot;:&quot;&quot;,&quot;focal_length&quot;:&quot;35&quot;,&quot;iso&quot;:&quot;100&quot;,&quot;shutter_speed&quot;:&quot;0.008&quot;,&quot;title&quot;:&quot;&quot;,&quot;orientation&quot;:&quot;0&quot;}\" data-image-title=\"Tampa de bueiro Curitiba 1934\" data-image-description=\"\" data-image-caption=\"\" data-large-file=\"https:\/\/i0.wp.com\/radames.manosso.nom.br\/fotografia\/files\/2019\/06\/1557-tampa-de-bueiro-curitiba-1934.jpg?fit=500%2C500&amp;ssl=1\" role=\"button\" tabindex=\"0\" aria-label=\"Abrir imagem 8 de 15 em tela cheia\"srcset=\"https:\/\/i2.wp.com\/radames.manosso.nom.br\/fotografia\/files\/2019\/06\/1557-tampa-de-bueiro-curitiba-1934.jpg?resize=500%2C500&#038;strip=info&#038;ssl=1 500w\" alt=\"\" data-height=\"500\" data-id=\"843\" data-link=\"https:\/\/radames.manosso.nom.br\/fotografia\/1557-tampa-de-bueiro-curitiba-1934\/\" data-url=\"https:\/\/radames.manosso.nom.br\/fotografia\/files\/2019\/06\/1557-tampa-de-bueiro-curitiba-1934.jpg\" data-width=\"500\" src=\"https:\/\/i2.wp.com\/radames.manosso.nom.br\/fotografia\/files\/2019\/06\/1557-tampa-de-bueiro-curitiba-1934.jpg?ssl=1&amp;resize=500%2C500\" layout=\"responsive\"\/><\/a><\/figure><\/div><div class=\"tiled-gallery__col\"><figure class=\"tiled-gallery__item\"><a href=\"https:\/\/radames.manosso.nom.br\/fotografia\/urbana\/colecionador-de-tampa-de-bueiro\/attachment\/tampa-de-bueiro-curitiba-1935\/\"><img decoding=\"async\" data-attachment-id=\"867\" data-permalink=\"https:\/\/radames.manosso.nom.br\/fotografia\/urbana\/colecionador-de-tampa-de-bueiro\/attachment\/tampa-de-bueiro-curitiba-1935\/\" data-orig-file=\"https:\/\/i0.wp.com\/radames.manosso.nom.br\/fotografia\/files\/2014\/08\/tampa-de-bueiro-curitiba-1935.jpg?fit=500%2C499&amp;ssl=1\" data-orig-size=\"500,499\" data-comments-opened=\"1\" data-image-meta=\"{&quot;aperture&quot;:&quot;2&quot;,&quot;credit&quot;:&quot;&quot;,&quot;camera&quot;:&quot;XT1069&quot;,&quot;caption&quot;:&quot;&quot;,&quot;created_timestamp&quot;:&quot;1576513643&quot;,&quot;copyright&quot;:&quot;&quot;,&quot;focal_length&quot;:&quot;3.54&quot;,&quot;iso&quot;:&quot;80&quot;,&quot;shutter_speed&quot;:&quot;0.00966&quot;,&quot;title&quot;:&quot;&quot;,&quot;orientation&quot;:&quot;1&quot;}\" data-image-title=\"tampa-de-bueiro-curitiba-1935\" data-image-description=\"\" data-image-caption=\"\" data-large-file=\"https:\/\/i0.wp.com\/radames.manosso.nom.br\/fotografia\/files\/2014\/08\/tampa-de-bueiro-curitiba-1935.jpg?fit=500%2C499&amp;ssl=1\" data-attachment-id=\"867\" data-permalink=\"https:\/\/radames.manosso.nom.br\/fotografia\/urbana\/colecionador-de-tampa-de-bueiro\/attachment\/tampa-de-bueiro-curitiba-1935\/\" data-orig-file=\"https:\/\/i0.wp.com\/radames.manosso.nom.br\/fotografia\/files\/2014\/08\/tampa-de-bueiro-curitiba-1935.jpg?fit=500%2C499&amp;ssl=1\" data-orig-size=\"500,499\" data-comments-opened=\"1\" data-image-meta=\"{&quot;aperture&quot;:&quot;2&quot;,&quot;credit&quot;:&quot;&quot;,&quot;camera&quot;:&quot;XT1069&quot;,&quot;caption&quot;:&quot;&quot;,&quot;created_timestamp&quot;:&quot;1576513643&quot;,&quot;copyright&quot;:&quot;&quot;,&quot;focal_length&quot;:&quot;3.54&quot;,&quot;iso&quot;:&quot;80&quot;,&quot;shutter_speed&quot;:&quot;0.00966&quot;,&quot;title&quot;:&quot;&quot;,&quot;orientation&quot;:&quot;1&quot;}\" data-image-title=\"tampa-de-bueiro-curitiba-1935\" data-image-description=\"\" data-image-caption=\"\" data-large-file=\"https:\/\/i0.wp.com\/radames.manosso.nom.br\/fotografia\/files\/2014\/08\/tampa-de-bueiro-curitiba-1935.jpg?fit=500%2C499&amp;ssl=1\" role=\"button\" tabindex=\"0\" aria-label=\"Abrir imagem 9 de 15 em tela cheia\"srcset=\"https:\/\/i2.wp.com\/radames.manosso.nom.br\/fotografia\/files\/2014\/08\/tampa-de-bueiro-curitiba-1935.jpg?resize=499%2C499&#038;strip=info&#038;ssl=1 499w\" alt=\"\" data-height=\"499\" data-id=\"867\" data-link=\"https:\/\/radames.manosso.nom.br\/fotografia\/urbana\/colecionador-de-tampa-de-bueiro\/attachment\/tampa-de-bueiro-curitiba-1935\/\" data-url=\"https:\/\/radames.manosso.nom.br\/fotografia\/files\/2014\/08\/tampa-de-bueiro-curitiba-1935.jpg\" data-width=\"500\" src=\"https:\/\/i2.wp.com\/radames.manosso.nom.br\/fotografia\/files\/2014\/08\/tampa-de-bueiro-curitiba-1935.jpg?ssl=1&amp;resize=499%2C499\" layout=\"responsive\"\/><\/a><\/figure><\/div><\/div><div class=\"tiled-gallery__row columns-3\"><div class=\"tiled-gallery__col\"><figure class=\"tiled-gallery__item\"><a href=\"https:\/\/radames.manosso.nom.br\/fotografia\/1558-tampa-de-bueiro-curitiba-1937\/\"><img decoding=\"async\" data-attachment-id=\"844\" data-permalink=\"https:\/\/radames.manosso.nom.br\/fotografia\/1558-tampa-de-bueiro-curitiba-1937\/\" data-orig-file=\"https:\/\/i0.wp.com\/radames.manosso.nom.br\/fotografia\/files\/2019\/06\/1558-tampa-de-bueiro-curitiba-1937.jpg?fit=500%2C500&amp;ssl=1\" data-orig-size=\"500,500\" data-comments-opened=\"1\" data-image-meta=\"{&quot;aperture&quot;:&quot;5.6&quot;,&quot;credit&quot;:&quot;&quot;,&quot;camera&quot;:&quot;NIKON D7100&quot;,&quot;caption&quot;:&quot;&quot;,&quot;created_timestamp&quot;:&quot;1433433195&quot;,&quot;copyright&quot;:&quot;&quot;,&quot;focal_length&quot;:&quot;30&quot;,&quot;iso&quot;:&quot;100&quot;,&quot;shutter_speed&quot;:&quot;0.01&quot;,&quot;title&quot;:&quot;&quot;,&quot;orientation&quot;:&quot;0&quot;}\" data-image-title=\"Tampa de bueiro Curitiba 1937\" data-image-description=\"\" data-image-caption=\"\" data-large-file=\"https:\/\/i0.wp.com\/radames.manosso.nom.br\/fotografia\/files\/2019\/06\/1558-tampa-de-bueiro-curitiba-1937.jpg?fit=500%2C500&amp;ssl=1\" data-attachment-id=\"844\" data-permalink=\"https:\/\/radames.manosso.nom.br\/fotografia\/1558-tampa-de-bueiro-curitiba-1937\/\" data-orig-file=\"https:\/\/i0.wp.com\/radames.manosso.nom.br\/fotografia\/files\/2019\/06\/1558-tampa-de-bueiro-curitiba-1937.jpg?fit=500%2C500&amp;ssl=1\" data-orig-size=\"500,500\" data-comments-opened=\"1\" data-image-meta=\"{&quot;aperture&quot;:&quot;5.6&quot;,&quot;credit&quot;:&quot;&quot;,&quot;camera&quot;:&quot;NIKON D7100&quot;,&quot;caption&quot;:&quot;&quot;,&quot;created_timestamp&quot;:&quot;1433433195&quot;,&quot;copyright&quot;:&quot;&quot;,&quot;focal_length&quot;:&quot;30&quot;,&quot;iso&quot;:&quot;100&quot;,&quot;shutter_speed&quot;:&quot;0.01&quot;,&quot;title&quot;:&quot;&quot;,&quot;orientation&quot;:&quot;0&quot;}\" data-image-title=\"Tampa de bueiro Curitiba 1937\" data-image-description=\"\" data-image-caption=\"\" data-large-file=\"https:\/\/i0.wp.com\/radames.manosso.nom.br\/fotografia\/files\/2019\/06\/1558-tampa-de-bueiro-curitiba-1937.jpg?fit=500%2C500&amp;ssl=1\" role=\"button\" tabindex=\"0\" aria-label=\"Abrir imagem 10 de 15 em tela cheia\"srcset=\"https:\/\/i0.wp.com\/radames.manosso.nom.br\/fotografia\/files\/2019\/06\/1558-tampa-de-bueiro-curitiba-1937.jpg?resize=500%2C500&#038;strip=info&#038;ssl=1 500w\" alt=\"\" data-height=\"500\" data-id=\"844\" data-link=\"https:\/\/radames.manosso.nom.br\/fotografia\/1558-tampa-de-bueiro-curitiba-1937\/\" data-url=\"https:\/\/radames.manosso.nom.br\/fotografia\/files\/2019\/06\/1558-tampa-de-bueiro-curitiba-1937.jpg\" data-width=\"500\" src=\"https:\/\/i0.wp.com\/radames.manosso.nom.br\/fotografia\/files\/2019\/06\/1558-tampa-de-bueiro-curitiba-1937.jpg?ssl=1&amp;resize=500%2C500\" layout=\"responsive\"\/><\/a><\/figure><\/div><div class=\"tiled-gallery__col\"><figure class=\"tiled-gallery__item\"><a href=\"https:\/\/radames.manosso.nom.br\/fotografia\/1563-tampa-de-bueiro-curitiba-1938\/\"><img decoding=\"async\" data-attachment-id=\"849\" data-permalink=\"https:\/\/radames.manosso.nom.br\/fotografia\/1563-tampa-de-bueiro-curitiba-1938\/\" data-orig-file=\"https:\/\/i0.wp.com\/radames.manosso.nom.br\/fotografia\/files\/2019\/06\/1563-tampa-de-bueiro-curitiba-1938.jpg?fit=500%2C500&amp;ssl=1\" data-orig-size=\"500,500\" data-comments-opened=\"1\" data-image-meta=\"{&quot;aperture&quot;:&quot;2&quot;,&quot;credit&quot;:&quot;&quot;,&quot;camera&quot;:&quot;XT1069&quot;,&quot;caption&quot;:&quot;&quot;,&quot;created_timestamp&quot;:&quot;1473780727&quot;,&quot;copyright&quot;:&quot;&quot;,&quot;focal_length&quot;:&quot;3.54&quot;,&quot;iso&quot;:&quot;80&quot;,&quot;shutter_speed&quot;:&quot;0.011111111111111&quot;,&quot;title&quot;:&quot;&quot;,&quot;orientation&quot;:&quot;0&quot;}\" data-image-title=\"Tampa de bueiro Curitiba 1938\" data-image-description=\"\" data-image-caption=\"\" data-large-file=\"https:\/\/i0.wp.com\/radames.manosso.nom.br\/fotografia\/files\/2019\/06\/1563-tampa-de-bueiro-curitiba-1938.jpg?fit=500%2C500&amp;ssl=1\" data-attachment-id=\"849\" data-permalink=\"https:\/\/radames.manosso.nom.br\/fotografia\/1563-tampa-de-bueiro-curitiba-1938\/\" data-orig-file=\"https:\/\/i0.wp.com\/radames.manosso.nom.br\/fotografia\/files\/2019\/06\/1563-tampa-de-bueiro-curitiba-1938.jpg?fit=500%2C500&amp;ssl=1\" data-orig-size=\"500,500\" data-comments-opened=\"1\" data-image-meta=\"{&quot;aperture&quot;:&quot;2&quot;,&quot;credit&quot;:&quot;&quot;,&quot;camera&quot;:&quot;XT1069&quot;,&quot;caption&quot;:&quot;&quot;,&quot;created_timestamp&quot;:&quot;1473780727&quot;,&quot;copyright&quot;:&quot;&quot;,&quot;focal_length&quot;:&quot;3.54&quot;,&quot;iso&quot;:&quot;80&quot;,&quot;shutter_speed&quot;:&quot;0.011111111111111&quot;,&quot;title&quot;:&quot;&quot;,&quot;orientation&quot;:&quot;0&quot;}\" data-image-title=\"Tampa de bueiro Curitiba 1938\" data-image-description=\"\" data-image-caption=\"\" data-large-file=\"https:\/\/i0.wp.com\/radames.manosso.nom.br\/fotografia\/files\/2019\/06\/1563-tampa-de-bueiro-curitiba-1938.jpg?fit=500%2C500&amp;ssl=1\" role=\"button\" tabindex=\"0\" aria-label=\"Abrir imagem 11 de 15 em tela cheia\"srcset=\"https:\/\/i2.wp.com\/radames.manosso.nom.br\/fotografia\/files\/2019\/06\/1563-tampa-de-bueiro-curitiba-1938.jpg?resize=500%2C500&#038;strip=info&#038;ssl=1 500w\" alt=\"\" data-height=\"500\" data-id=\"849\" data-link=\"https:\/\/radames.manosso.nom.br\/fotografia\/1563-tampa-de-bueiro-curitiba-1938\/\" data-url=\"https:\/\/radames.manosso.nom.br\/fotografia\/files\/2019\/06\/1563-tampa-de-bueiro-curitiba-1938.jpg\" data-width=\"500\" src=\"https:\/\/i2.wp.com\/radames.manosso.nom.br\/fotografia\/files\/2019\/06\/1563-tampa-de-bueiro-curitiba-1938.jpg?ssl=1&amp;resize=500%2C500\" layout=\"responsive\"\/><\/a><\/figure><\/div><div class=\"tiled-gallery__col\"><figure class=\"tiled-gallery__item\"><a href=\"https:\/\/radames.manosso.nom.br\/fotografia\/1559-tampa-de-bueiro-curitiba-1939\/\"><img decoding=\"async\" data-attachment-id=\"845\" data-permalink=\"https:\/\/radames.manosso.nom.br\/fotografia\/1559-tampa-de-bueiro-curitiba-1939\/\" data-orig-file=\"https:\/\/i0.wp.com\/radames.manosso.nom.br\/fotografia\/files\/2019\/06\/1559-tampa-de-bueiro-curitiba-1939.jpg?fit=500%2C500&amp;ssl=1\" data-orig-size=\"500,500\" data-comments-opened=\"1\" data-image-meta=\"{&quot;aperture&quot;:&quot;5&quot;,&quot;credit&quot;:&quot;&quot;,&quot;camera&quot;:&quot;NIKON D7100&quot;,&quot;caption&quot;:&quot;&quot;,&quot;created_timestamp&quot;:&quot;1433434305&quot;,&quot;copyright&quot;:&quot;&quot;,&quot;focal_length&quot;:&quot;36&quot;,&quot;iso&quot;:&quot;100&quot;,&quot;shutter_speed&quot;:&quot;0.02&quot;,&quot;title&quot;:&quot;&quot;,&quot;orientation&quot;:&quot;0&quot;}\" data-image-title=\"Tampa de bueiro Curitiba 1939\" data-image-description=\"\" data-image-caption=\"\" data-large-file=\"https:\/\/i0.wp.com\/radames.manosso.nom.br\/fotografia\/files\/2019\/06\/1559-tampa-de-bueiro-curitiba-1939.jpg?fit=500%2C500&amp;ssl=1\" data-attachment-id=\"845\" data-permalink=\"https:\/\/radames.manosso.nom.br\/fotografia\/1559-tampa-de-bueiro-curitiba-1939\/\" data-orig-file=\"https:\/\/i0.wp.com\/radames.manosso.nom.br\/fotografia\/files\/2019\/06\/1559-tampa-de-bueiro-curitiba-1939.jpg?fit=500%2C500&amp;ssl=1\" data-orig-size=\"500,500\" data-comments-opened=\"1\" data-image-meta=\"{&quot;aperture&quot;:&quot;5&quot;,&quot;credit&quot;:&quot;&quot;,&quot;camera&quot;:&quot;NIKON D7100&quot;,&quot;caption&quot;:&quot;&quot;,&quot;created_timestamp&quot;:&quot;1433434305&quot;,&quot;copyright&quot;:&quot;&quot;,&quot;focal_length&quot;:&quot;36&quot;,&quot;iso&quot;:&quot;100&quot;,&quot;shutter_speed&quot;:&quot;0.02&quot;,&quot;title&quot;:&quot;&quot;,&quot;orientation&quot;:&quot;0&quot;}\" data-image-title=\"Tampa de bueiro Curitiba 1939\" data-image-description=\"\" data-image-caption=\"\" data-large-file=\"https:\/\/i0.wp.com\/radames.manosso.nom.br\/fotografia\/files\/2019\/06\/1559-tampa-de-bueiro-curitiba-1939.jpg?fit=500%2C500&amp;ssl=1\" role=\"button\" tabindex=\"0\" aria-label=\"Abrir imagem 12 de 15 em tela cheia\"srcset=\"https:\/\/i0.wp.com\/radames.manosso.nom.br\/fotografia\/files\/2019\/06\/1559-tampa-de-bueiro-curitiba-1939.jpg?resize=500%2C500&#038;strip=info&#038;ssl=1 500w\" alt=\"\" data-height=\"500\" data-id=\"845\" data-link=\"https:\/\/radames.manosso.nom.br\/fotografia\/1559-tampa-de-bueiro-curitiba-1939\/\" data-url=\"https:\/\/radames.manosso.nom.br\/fotografia\/files\/2019\/06\/1559-tampa-de-bueiro-curitiba-1939.jpg\" data-width=\"500\" src=\"https:\/\/i0.wp.com\/radames.manosso.nom.br\/fotografia\/files\/2019\/06\/1559-tampa-de-bueiro-curitiba-1939.jpg?ssl=1&amp;resize=500%2C500\" layout=\"responsive\"\/><\/a><\/figure><\/div><\/div><div class=\"tiled-gallery__row columns-3\"><div class=\"tiled-gallery__col\"><figure class=\"tiled-gallery__item\"><a href=\"https:\/\/radames.manosso.nom.br\/fotografia\/1940-tampa-bueiro-curitiba\/\"><img decoding=\"async\" data-attachment-id=\"957\" data-permalink=\"https:\/\/radames.manosso.nom.br\/fotografia\/1940-tampa-bueiro-curitiba\/\" data-orig-file=\"https:\/\/i0.wp.com\/radames.manosso.nom.br\/fotografia\/files\/2022\/10\/1940-tampa-bueiro-curitiba.jpg?fit=1700%2C1700&amp;ssl=1\" data-orig-size=\"1700,1700\" data-comments-opened=\"1\" data-image-meta=\"{&quot;aperture&quot;:&quot;2&quot;,&quot;credit&quot;:&quot;&quot;,&quot;camera&quot;:&quot;Moto G Play&quot;,&quot;caption&quot;:&quot;&quot;,&quot;created_timestamp&quot;:&quot;1658407722&quot;,&quot;copyright&quot;:&quot;&quot;,&quot;focal_length&quot;:&quot;3.59&quot;,&quot;iso&quot;:&quot;50&quot;,&quot;shutter_speed&quot;:&quot;0.00041&quot;,&quot;title&quot;:&quot;&quot;,&quot;orientation&quot;:&quot;1&quot;}\" data-image-title=\"1940-tampa-bueiro-curitiba\" data-image-description=\"\" data-image-caption=\"\" data-large-file=\"https:\/\/i0.wp.com\/radames.manosso.nom.br\/fotografia\/files\/2022\/10\/1940-tampa-bueiro-curitiba.jpg?fit=500%2C500&amp;ssl=1\" data-attachment-id=\"957\" data-permalink=\"https:\/\/radames.manosso.nom.br\/fotografia\/1940-tampa-bueiro-curitiba\/\" data-orig-file=\"https:\/\/i0.wp.com\/radames.manosso.nom.br\/fotografia\/files\/2022\/10\/1940-tampa-bueiro-curitiba.jpg?fit=1700%2C1700&amp;ssl=1\" data-orig-size=\"1700,1700\" data-comments-opened=\"1\" data-image-meta=\"{&quot;aperture&quot;:&quot;2&quot;,&quot;credit&quot;:&quot;&quot;,&quot;camera&quot;:&quot;Moto G Play&quot;,&quot;caption&quot;:&quot;&quot;,&quot;created_timestamp&quot;:&quot;1658407722&quot;,&quot;copyright&quot;:&quot;&quot;,&quot;focal_length&quot;:&quot;3.59&quot;,&quot;iso&quot;:&quot;50&quot;,&quot;shutter_speed&quot;:&quot;0.00041&quot;,&quot;title&quot;:&quot;&quot;,&quot;orientation&quot;:&quot;1&quot;}\" data-image-title=\"1940-tampa-bueiro-curitiba\" data-image-description=\"\" data-image-caption=\"\" data-large-file=\"https:\/\/i0.wp.com\/radames.manosso.nom.br\/fotografia\/files\/2022\/10\/1940-tampa-bueiro-curitiba.jpg?fit=500%2C500&amp;ssl=1\" role=\"button\" tabindex=\"0\" aria-label=\"Abrir imagem 13 de 15 em tela cheia\"srcset=\"https:\/\/i2.wp.com\/radames.manosso.nom.br\/fotografia\/files\/2022\/10\/1940-tampa-bueiro-curitiba.jpg?resize=600%2C600&#038;strip=info&#038;ssl=1 600w,https:\/\/i2.wp.com\/radames.manosso.nom.br\/fotografia\/files\/2022\/10\/1940-tampa-bueiro-curitiba.jpg?resize=900%2C900&#038;strip=info&#038;ssl=1 900w,https:\/\/i2.wp.com\/radames.manosso.nom.br\/fotografia\/files\/2022\/10\/1940-tampa-bueiro-curitiba.jpg?resize=1200%2C1200&#038;strip=info&#038;ssl=1 1200w,https:\/\/i2.wp.com\/radames.manosso.nom.br\/fotografia\/files\/2022\/10\/1940-tampa-bueiro-curitiba.jpg?resize=1500%2C1500&#038;strip=info&#038;ssl=1 1500w,https:\/\/i2.wp.com\/radames.manosso.nom.br\/fotografia\/files\/2022\/10\/1940-tampa-bueiro-curitiba.jpg?resize=1700%2C1700&#038;strip=info&#038;ssl=1 1700w\" alt=\"\" data-height=\"1700\" data-id=\"957\" data-link=\"https:\/\/radames.manosso.nom.br\/fotografia\/1940-tampa-bueiro-curitiba\/\" data-url=\"https:\/\/radames.manosso.nom.br\/fotografia\/files\/2022\/10\/1940-tampa-bueiro-curitiba.jpg\" data-width=\"1700\" src=\"https:\/\/i2.wp.com\/radames.manosso.nom.br\/fotografia\/files\/2022\/10\/1940-tampa-bueiro-curitiba.jpg?ssl=1&amp;resize=1700%2C1700\" layout=\"responsive\"\/><\/a><\/figure><\/div><div class=\"tiled-gallery__col\"><figure class=\"tiled-gallery__item\"><a href=\"https:\/\/radames.manosso.nom.br\/fotografia\/1564-tampa-de-bueiro-curitiba-1941\/\"><img decoding=\"async\" data-attachment-id=\"850\" data-permalink=\"https:\/\/radames.manosso.nom.br\/fotografia\/1564-tampa-de-bueiro-curitiba-1941\/\" data-orig-file=\"https:\/\/i0.wp.com\/radames.manosso.nom.br\/fotografia\/files\/2019\/06\/1564-tampa-de-bueiro-curitiba-1941.jpg?fit=500%2C500&amp;ssl=1\" data-orig-size=\"500,500\" data-comments-opened=\"1\" data-image-meta=\"{&quot;aperture&quot;:&quot;2&quot;,&quot;credit&quot;:&quot;&quot;,&quot;camera&quot;:&quot;XT1069&quot;,&quot;caption&quot;:&quot;&quot;,&quot;created_timestamp&quot;:&quot;1502275854&quot;,&quot;copyright&quot;:&quot;&quot;,&quot;focal_length&quot;:&quot;3.54&quot;,&quot;iso&quot;:&quot;80&quot;,&quot;shutter_speed&quot;:&quot;0.0032258064516129&quot;,&quot;title&quot;:&quot;&quot;,&quot;orientation&quot;:&quot;0&quot;}\" data-image-title=\"Tampa de bueiro Curitiba &#8211; 1941\" data-image-description=\"\" data-image-caption=\"\" data-large-file=\"https:\/\/i0.wp.com\/radames.manosso.nom.br\/fotografia\/files\/2019\/06\/1564-tampa-de-bueiro-curitiba-1941.jpg?fit=500%2C500&amp;ssl=1\" data-attachment-id=\"850\" data-permalink=\"https:\/\/radames.manosso.nom.br\/fotografia\/1564-tampa-de-bueiro-curitiba-1941\/\" data-orig-file=\"https:\/\/i0.wp.com\/radames.manosso.nom.br\/fotografia\/files\/2019\/06\/1564-tampa-de-bueiro-curitiba-1941.jpg?fit=500%2C500&amp;ssl=1\" data-orig-size=\"500,500\" data-comments-opened=\"1\" data-image-meta=\"{&quot;aperture&quot;:&quot;2&quot;,&quot;credit&quot;:&quot;&quot;,&quot;camera&quot;:&quot;XT1069&quot;,&quot;caption&quot;:&quot;&quot;,&quot;created_timestamp&quot;:&quot;1502275854&quot;,&quot;copyright&quot;:&quot;&quot;,&quot;focal_length&quot;:&quot;3.54&quot;,&quot;iso&quot;:&quot;80&quot;,&quot;shutter_speed&quot;:&quot;0.0032258064516129&quot;,&quot;title&quot;:&quot;&quot;,&quot;orientation&quot;:&quot;0&quot;}\" data-image-title=\"Tampa de bueiro Curitiba &#8211; 1941\" data-image-description=\"\" data-image-caption=\"\" data-large-file=\"https:\/\/i0.wp.com\/radames.manosso.nom.br\/fotografia\/files\/2019\/06\/1564-tampa-de-bueiro-curitiba-1941.jpg?fit=500%2C500&amp;ssl=1\" role=\"button\" tabindex=\"0\" aria-label=\"Abrir imagem 14 de 15 em tela cheia\"srcset=\"https:\/\/i0.wp.com\/radames.manosso.nom.br\/fotografia\/files\/2019\/06\/1564-tampa-de-bueiro-curitiba-1941.jpg?resize=500%2C500&#038;strip=info&#038;ssl=1 500w\" alt=\"\" data-height=\"500\" data-id=\"850\" data-link=\"https:\/\/radames.manosso.nom.br\/fotografia\/1564-tampa-de-bueiro-curitiba-1941\/\" data-url=\"https:\/\/radames.manosso.nom.br\/fotografia\/files\/2019\/06\/1564-tampa-de-bueiro-curitiba-1941.jpg\" data-width=\"500\" src=\"https:\/\/i0.wp.com\/radames.manosso.nom.br\/fotografia\/files\/2019\/06\/1564-tampa-de-bueiro-curitiba-1941.jpg?ssl=1&amp;resize=500%2C500\" layout=\"responsive\"\/><\/a><\/figure><\/div><div class=\"tiled-gallery__col\"><figure class=\"tiled-gallery__item\"><a href=\"https:\/\/radames.manosso.nom.br\/fotografia\/1941-tampa-bueiro-curitiba\/\"><img decoding=\"async\" data-attachment-id=\"958\" data-permalink=\"https:\/\/radames.manosso.nom.br\/fotografia\/1941-tampa-bueiro-curitiba\/\" data-orig-file=\"https:\/\/i0.wp.com\/radames.manosso.nom.br\/fotografia\/files\/2022\/10\/1941-tampa-bueiro-curitiba.jpg?fit=1222%2C1222&amp;ssl=1\" data-orig-size=\"1222,1222\" data-comments-opened=\"1\" data-image-meta=\"{&quot;aperture&quot;:&quot;2&quot;,&quot;credit&quot;:&quot;&quot;,&quot;camera&quot;:&quot;Moto G Play&quot;,&quot;caption&quot;:&quot;&quot;,&quot;created_timestamp&quot;:&quot;1640184911&quot;,&quot;copyright&quot;:&quot;&quot;,&quot;focal_length&quot;:&quot;3.59&quot;,&quot;iso&quot;:&quot;64&quot;,&quot;shutter_speed&quot;:&quot;0.01666&quot;,&quot;title&quot;:&quot;&quot;,&quot;orientation&quot;:&quot;1&quot;}\" data-image-title=\"1943-tampa-bueiro-curitiba\" data-image-description=\"\" data-image-caption=\"\" data-large-file=\"https:\/\/i0.wp.com\/radames.manosso.nom.br\/fotografia\/files\/2022\/10\/1941-tampa-bueiro-curitiba.jpg?fit=500%2C500&amp;ssl=1\" data-attachment-id=\"958\" data-permalink=\"https:\/\/radames.manosso.nom.br\/fotografia\/1941-tampa-bueiro-curitiba\/\" data-orig-file=\"https:\/\/i0.wp.com\/radames.manosso.nom.br\/fotografia\/files\/2022\/10\/1941-tampa-bueiro-curitiba.jpg?fit=1222%2C1222&amp;ssl=1\" data-orig-size=\"1222,1222\" data-comments-opened=\"1\" data-image-meta=\"{&quot;aperture&quot;:&quot;2&quot;,&quot;credit&quot;:&quot;&quot;,&quot;camera&quot;:&quot;Moto G Play&quot;,&quot;caption&quot;:&quot;&quot;,&quot;created_timestamp&quot;:&quot;1640184911&quot;,&quot;copyright&quot;:&quot;&quot;,&quot;focal_length&quot;:&quot;3.59&quot;,&quot;iso&quot;:&quot;64&quot;,&quot;shutter_speed&quot;:&quot;0.01666&quot;,&quot;title&quot;:&quot;&quot;,&quot;orientation&quot;:&quot;1&quot;}\" data-image-title=\"1943-tampa-bueiro-curitiba\" data-image-description=\"\" data-image-caption=\"\" data-large-file=\"https:\/\/i0.wp.com\/radames.manosso.nom.br\/fotografia\/files\/2022\/10\/1941-tampa-bueiro-curitiba.jpg?fit=500%2C500&amp;ssl=1\" role=\"button\" tabindex=\"0\" aria-label=\"Abrir imagem 15 de 15 em tela cheia\"srcset=\"https:\/\/i0.wp.com\/radames.manosso.nom.br\/fotografia\/files\/2022\/10\/1941-tampa-bueiro-curitiba.jpg?resize=600%2C600&#038;strip=info&#038;ssl=1 600w,https:\/\/i0.wp.com\/radames.manosso.nom.br\/fotografia\/files\/2022\/10\/1941-tampa-bueiro-curitiba.jpg?resize=900%2C900&#038;strip=info&#038;ssl=1 900w,https:\/\/i0.wp.com\/radames.manosso.nom.br\/fotografia\/files\/2022\/10\/1941-tampa-bueiro-curitiba.jpg?resize=1200%2C1200&#038;strip=info&#038;ssl=1 1200w,https:\/\/i0.wp.com\/radames.manosso.nom.br\/fotografia\/files\/2022\/10\/1941-tampa-bueiro-curitiba.jpg?resize=1222%2C1222&#038;strip=info&#038;ssl=1 1222w\" alt=\"\" data-height=\"1222\" data-id=\"958\" data-link=\"https:\/\/radames.manosso.nom.br\/fotografia\/1941-tampa-bueiro-curitiba\/\" data-url=\"https:\/\/radames.manosso.nom.br\/fotografia\/files\/2022\/10\/1941-tampa-bueiro-curitiba.jpg\" data-width=\"1222\" src=\"https:\/\/i0.wp.com\/radames.manosso.nom.br\/fotografia\/files\/2022\/10\/1941-tampa-bueiro-curitiba.jpg?ssl=1&amp;resize=1222%2C1222\" layout=\"responsive\"\/><\/a><\/figure><\/div><\/div><\/div><\/div>\n","protected":false},"excerpt":{"rendered":"<p>Fiquem tranquilos, coleciono apenas fotografias de tampa de bueiro. \u00c9 uma cole\u00e7\u00e3o ainda pequena, mas espero amplia-la aos poucos. Descobri que existe uma rela\u00e7\u00e3o direta entre belas cidades e belas tampas. Sim, pode existir beleza nessas pe\u00e7as do mobili\u00e1rio urbano pisoteadas sem cessar. E se n\u00e3o forem belas, certamente nos contam hist\u00f3rias sobre a cidade. &hellip; <a href=\"https:\/\/radames.manosso.nom.br\/fotografia\/urbana\/colecionador-de-tampa-de-bueiro\/\" class=\"more-link\">Continue lendo <span class=\"screen-reader-text\">Colecionador de tampas de bueiro<\/span> <span class=\"meta-nav\">&rarr;<\/span><\/a><\/p>\n","protected":false},"author":1,"featured_media":0,"comment_status":"open","ping_status":"closed","sticky":false,"template":"","format":"standard","meta":{"jetpack_post_was_ever_published":false,"_jetpack_newsletter_access":"","_jetpack_dont_email_post_to_subs":false,"_jetpack_newsletter_tier_id":0,"_jetpack_memberships_contains_paywalled_content":false,"_jetpack_memberships_contains_paid_content":false,"footnotes":"","jetpack_publicize_message":"","jetpack_publicize_feature_enabled":true,"jetpack_social_post_already_shared":false,"jetpack_social_options":{"image_generator_settings":{"template":"highway","default_image_id":0,"font":"","enabled":false},"version":2}},"categories":[2],"tags":[35,5,41,40,6,36],"class_list":["post-163","post","type-post","status-publish","format-standard","hentry","category-urbana","tag-arquitetura","tag-cidade","tag-europa","tag-patrimonio-historico","tag-urbana-2","tag-urbanismo"],"jetpack_publicize_connections":[],"jetpack_featured_media_url":"","jetpack_shortlink":"https:\/\/wp.me\/p755Vo-2D","jetpack-related-posts":[{"id":50,"url":"https:\/\/radames.manosso.nom.br\/fotografia\/urbana\/curitiba-em-detalhes\/","url_meta":{"origin":163,"position":0},"title":"Curitiba em detalhes","author":"Radam\u00e9s","date":false,"format":false,"excerpt":"Quando eu comecei a fotografar parti do princ\u00edpio que bons motivos estavam perto de mim. Fotografar a minha cidade natal era a op\u00e7\u00e3o natural. Andar pelas ruas com olhos bem abertos e tentar encontrar aqueles detalhes que contem algo importante sobre a alma da cidade, mas que \u00a0passam desapercebidos na\u2026","rel":"","context":"Em &quot;Urbana&quot;","block_context":{"text":"Urbana","link":"https:\/\/radames.manosso.nom.br\/fotografia\/category\/urbana\/"},"img":{"alt_text":"Arquitetura em madeira - Bosque do Papa - Curitiba","src":"https:\/\/i0.wp.com\/radames.manosso.nom.br\/fotografia\/files\/2013\/11\/curitiba-em-detalhes-03-low-e1491944593898.jpg?resize=350%2C200&ssl=1","width":350,"height":200},"classes":[]},{"id":581,"url":"https:\/\/radames.manosso.nom.br\/fotografia\/urbana\/obstrucao\/","url_meta":{"origin":163,"position":1},"title":"Obstru\u00e7\u00e3o","author":"Radam\u00e9s","date":false,"format":false,"excerpt":"J\u00e1 que no meio do caminho tinha uma fia\u00e7\u00e3o por que n\u00e3o fazer disso um ensaio desfotogr\u00e1fico? Aqui em Curitiba temos v\u00e1rios pr\u00e9dios de interesse hist\u00f3rico, arquitet\u00f4nico, fotog\u00eanicos enfim. Quase sempre a vontade de fotografa-los fica reprimida por uma ma\u00e7aroca de fios. Tudo bem, enterrar a fia\u00e7\u00e3o custa caro e\u2026","rel":"","context":"Em &quot;Urbana&quot;","block_context":{"text":"Urbana","link":"https:\/\/radames.manosso.nom.br\/fotografia\/category\/urbana\/"},"img":{"alt_text":"Paisagem obtru\u00edda","src":"https:\/\/i0.wp.com\/radames.manosso.nom.br\/fotografia\/files\/2019\/06\/1517-obstrucao.jpg?resize=350%2C200","width":350,"height":200},"classes":[]},{"id":177,"url":"https:\/\/radames.manosso.nom.br\/fotografia\/urbana\/sakura-de-inverno\/","url_meta":{"origin":163,"position":2},"title":"Sakura de inverno","author":"Radam\u00e9s","date":false,"format":false,"excerpt":"Aqui em Curitiba a florada das cerejeiras acontece no auge do inverno. Existem muitas cerejeiras pela cidade mas os lugares mais fotog\u00eanicos para v\u00ea-las florindo s\u00e3o o Jardim Bot\u00e2nico, a Pra\u00e7a do Jap\u00e3o e a Rua XV de Novembro (Rua das Flores). Embora aqui o frio n\u00e3o seja rigoroso como\u2026","rel":"","context":"Em &quot;Urbana&quot;","block_context":{"text":"Urbana","link":"https:\/\/radames.manosso.nom.br\/fotografia\/category\/urbana\/"},"img":{"alt_text":"Cerejeiras em Curitiba","src":"https:\/\/i0.wp.com\/radames.manosso.nom.br\/fotografia\/files\/2019\/06\/1528-cerejeiras-curitiba-7.jpg?resize=350%2C200&ssl=1","width":350,"height":200},"classes":[]},{"id":151,"url":"https:\/\/radames.manosso.nom.br\/fotografia\/urbana\/lambrequins\/","url_meta":{"origin":163,"position":3},"title":"Lambrequins","author":"Radam\u00e9s","date":false,"format":false,"excerpt":"Lambrequim \u00e9 um elemento arquitet\u00f4nico decorativo aplicado no beiral da constru\u00e7\u00e3o. Feito em madeira, pode ter desenhos variados, alguns simples, outros bem elaborados. N\u00e3o h\u00e1 um acordo sobre a fun\u00e7\u00e3o do lambrequim.\u00a0 Alguns dizem que serve para ajudar no escoamento da \u00e1gua do telhado, outros que tem fun\u00e7\u00e3o meramente decorativa.\u2026","rel":"","context":"Em &quot;Urbana&quot;","block_context":{"text":"Urbana","link":"https:\/\/radames.manosso.nom.br\/fotografia\/category\/urbana\/"},"img":{"alt_text":"Lambrequins","src":"https:\/\/i0.wp.com\/radames.manosso.nom.br\/fotografia\/files\/2014\/05\/lambrequim-1.jpg?resize=350%2C200","width":350,"height":200,"srcset":"https:\/\/i0.wp.com\/radames.manosso.nom.br\/fotografia\/files\/2014\/05\/lambrequim-1.jpg?resize=350%2C200 1x, https:\/\/i0.wp.com\/radames.manosso.nom.br\/fotografia\/files\/2014\/05\/lambrequim-1.jpg?resize=525%2C300 1.5x, https:\/\/i0.wp.com\/radames.manosso.nom.br\/fotografia\/files\/2014\/05\/lambrequim-1.jpg?resize=700%2C400 2x"},"classes":[]},{"id":119,"url":"https:\/\/radames.manosso.nom.br\/fotografia\/mar-e-praia\/ilha-do-mel\/","url_meta":{"origin":163,"position":4},"title":"Ilha do Mel","author":"Radam\u00e9s","date":false,"format":false,"excerpt":"Na ilha do Mel n\u00e3o tem carro nem moto. Bicicleta pode, mas nem rua tem l\u00e1. Quem quiser chegar \u00e0s pousadas e restaurantes da ilha tem que descer no trapiche e andar pelas trilhas estreitas e sinuosas que serpenteiam pelo meio da mata. As constru\u00e7\u00f5es s\u00e3o r\u00fasticas e est\u00e3o alojadas\u2026","rel":"","context":"Em &quot;Mar e praia&quot;","block_context":{"text":"Mar e praia","link":"https:\/\/radames.manosso.nom.br\/fotografia\/category\/mar-e-praia\/"},"img":{"alt_text":"Ilha do Mel Paran\u00e1","src":"https:\/\/i0.wp.com\/radames.manosso.nom.br\/fotografia\/files\/2013\/12\/ilha-do-mel-01.jpg?resize=350%2C200","width":350,"height":200,"srcset":"https:\/\/i0.wp.com\/radames.manosso.nom.br\/fotografia\/files\/2013\/12\/ilha-do-mel-01.jpg?resize=350%2C200 1x, https:\/\/i0.wp.com\/radames.manosso.nom.br\/fotografia\/files\/2013\/12\/ilha-do-mel-01.jpg?resize=525%2C300 1.5x, https:\/\/i0.wp.com\/radames.manosso.nom.br\/fotografia\/files\/2013\/12\/ilha-do-mel-01.jpg?resize=700%2C400 2x"},"classes":[]},{"id":208,"url":"https:\/\/radames.manosso.nom.br\/fotografia\/urbana\/gente-na-rua\/","url_meta":{"origin":163,"position":5},"title":"Gente na rua","author":"Radam\u00e9s","date":false,"format":false,"excerpt":"Fotografar pessoas em flagrante na rua \u00e9 uma coisa que os grandes fot\u00f3grafos da escola humanista faziam muito bem. Acredito que nos tempos do Cartier Bressom e do Doisneau n\u00e3o havia muita preocupa\u00e7\u00e3o com direitos de imagem, mas a fotografia de rua \u00e9 assim mesmo: requer certa cara de pau.\u2026","rel":"","context":"Em &quot;Urbana&quot;","block_context":{"text":"Urbana","link":"https:\/\/radames.manosso.nom.br\/fotografia\/category\/urbana\/"},"img":{"alt_text":"A violinista de Crac\u00f3via","src":"https:\/\/i0.wp.com\/radames.manosso.nom.br\/fotografia\/files\/2016\/07\/DSC_8027-1-e1491943271559.jpg?resize=350%2C200&ssl=1","width":350,"height":200},"classes":[]}],"jetpack_sharing_enabled":true,"_links":{"self":[{"href":"https:\/\/radames.manosso.nom.br\/fotografia\/wp-json\/wp\/v2\/posts\/163","targetHints":{"allow":["GET"]}}],"collection":[{"href":"https:\/\/radames.manosso.nom.br\/fotografia\/wp-json\/wp\/v2\/posts"}],"about":[{"href":"https:\/\/radames.manosso.nom.br\/fotografia\/wp-json\/wp\/v2\/types\/post"}],"author":[{"embeddable":true,"href":"https:\/\/radames.manosso.nom.br\/fotografia\/wp-json\/wp\/v2\/users\/1"}],"replies":[{"embeddable":true,"href":"https:\/\/radames.manosso.nom.br\/fotografia\/wp-json\/wp\/v2\/comments?post=163"}],"version-history":[{"count":33,"href":"https:\/\/radames.manosso.nom.br\/fotografia\/wp-json\/wp\/v2\/posts\/163\/revisions"}],"predecessor-version":[{"id":960,"href":"https:\/\/radames.manosso.nom.br\/fotografia\/wp-json\/wp\/v2\/posts\/163\/revisions\/960"}],"wp:attachment":[{"href":"https:\/\/radames.manosso.nom.br\/fotografia\/wp-json\/wp\/v2\/media?parent=163"}],"wp:term":[{"taxonomy":"category","embeddable":true,"href":"https:\/\/radames.manosso.nom.br\/fotografia\/wp-json\/wp\/v2\/categories?post=163"},{"taxonomy":"post_tag","embeddable":true,"href":"https:\/\/radames.manosso.nom.br\/fotografia\/wp-json\/wp\/v2\/tags?post=163"}],"curies":[{"name":"wp","href":"https:\/\/api.w.org\/{rel}","templated":true}]}}