{"id":581,"date":"2017-12-12T15:46:03","date_gmt":"2017-12-12T18:46:03","guid":{"rendered":"http:\/\/radames.manosso.nom.br\/fotografia\/?p=581"},"modified":"2024-10-13T17:38:20","modified_gmt":"2024-10-13T20:38:20","slug":"obstrucao","status":"publish","type":"post","link":"https:\/\/radames.manosso.nom.br\/fotografia\/urbana\/obstrucao\/","title":{"rendered":"Obstru\u00e7\u00e3o"},"content":{"rendered":"\n<p>J\u00e1 que no meio do caminho tinha uma fia\u00e7\u00e3o por que n\u00e3o fazer disso um ensaio desfotogr\u00e1fico? Aqui em Curitiba temos v\u00e1rios pr\u00e9dios de interesse hist\u00f3rico, arquitet\u00f4nico, fotog\u00eanicos enfim. Quase sempre a vontade de fotografa-los fica reprimida por uma ma\u00e7aroca de fios. Tudo bem, enterrar a fia\u00e7\u00e3o custa caro e temos outras prioridades pela frente, mas pelo menos nas \u00e1reas tur\u00edsticas poderia haver um cuidado maior com a polui\u00e7\u00e3o visual.<\/p>\n\n\n\n<figure class=\"wp-block-image\"><img data-recalc-dims=\"1\" loading=\"lazy\" decoding=\"async\" width=\"500\" height=\"719\" data-attachment-id=\"778\" data-permalink=\"https:\/\/radames.manosso.nom.br\/fotografia\/urbana\/obstrucao\/attachment\/obstrucao-2\/\" data-orig-file=\"https:\/\/i0.wp.com\/radames.manosso.nom.br\/fotografia\/files\/2019\/06\/1500-obstrucao.jpg?fit=500%2C719&amp;ssl=1\" data-orig-size=\"500,719\" data-comments-opened=\"1\" data-image-meta=\"{&quot;aperture&quot;:&quot;4&quot;,&quot;credit&quot;:&quot;&quot;,&quot;camera&quot;:&quot;NIKON D3100&quot;,&quot;caption&quot;:&quot;&quot;,&quot;created_timestamp&quot;:&quot;1369492666&quot;,&quot;copyright&quot;:&quot;&quot;,&quot;focal_length&quot;:&quot;24&quot;,&quot;iso&quot;:&quot;100&quot;,&quot;shutter_speed&quot;:&quot;0.0025&quot;,&quot;title&quot;:&quot;Obstru\\u00e7\\u00e3o&quot;,&quot;orientation&quot;:&quot;0&quot;}\" data-image-title=\"Obstru\u00e7\u00e3o\" data-image-description=\"&lt;p&gt;Paisagem urbana obstru\u00edda por fia\u00e7\u00e3o el\u00e9trica em Curitiba.&lt;\/p&gt;\n\" data-image-caption=\"\" data-large-file=\"https:\/\/i0.wp.com\/radames.manosso.nom.br\/fotografia\/files\/2019\/06\/1500-obstrucao.jpg?fit=500%2C719&amp;ssl=1\" src=\"https:\/\/i0.wp.com\/radames.manosso.nom.br\/fotografia\/files\/2019\/06\/1500-obstrucao.jpg?resize=500%2C719&#038;ssl=1\" alt=\"Paisagem obstru\u00edda\" class=\"wp-image-778\" srcset=\"https:\/\/i0.wp.com\/radames.manosso.nom.br\/fotografia\/files\/2019\/06\/1500-obstrucao.jpg?w=500&amp;ssl=1 500w, https:\/\/i0.wp.com\/radames.manosso.nom.br\/fotografia\/files\/2019\/06\/1500-obstrucao.jpg?resize=209%2C300&amp;ssl=1 209w\" sizes=\"auto, (max-width: 500px) 100vw, 500px\" \/><\/figure>\n\n\n\n<p><\/p>\n\n\n\n<!--more-->\n\n\n\n<p>Uma cidade tem que lembrar um conto de fadas? De forma nenhuma. As fia\u00e7\u00f5es, placas de tr\u00e2nsito e sem\u00e1foros fazem parte da vida, mas urbanismo tamb\u00e9m \u00e9 cuidar do visual da cidade. Discuss\u00f5es \u00e0 parte espero que gostem desse ensaio fotogr\u00e1fico \u00e0s avessas.<\/p>\n\n\n\n<div class=\"wp-block-columns is-layout-flex wp-container-core-columns-is-layout-9d6595d7 wp-block-columns-is-layout-flex\">\n<div class=\"wp-block-column is-layout-flow wp-block-column-is-layout-flow\" style=\"flex-basis:100%\">\n<figure class=\"wp-block-gallery has-nested-images columns-default is-cropped is-style-rectangular wp-block-gallery-1 is-layout-flex wp-block-gallery-is-layout-flex\">\n<figure class=\"wp-block-image size-large\"><a href=\"https:\/\/i0.wp.com\/radames.manosso.nom.br\/fotografia\/files\/2019\/06\/1517-obstrucao.jpg?ssl=1\"><img data-recalc-dims=\"1\" loading=\"lazy\" decoding=\"async\" width=\"499\" height=\"333\" data-attachment-id=\"795\" data-permalink=\"https:\/\/radames.manosso.nom.br\/fotografia\/obstrucao-19\/\" data-orig-file=\"https:\/\/i0.wp.com\/radames.manosso.nom.br\/fotografia\/files\/2019\/06\/1517-obstrucao.jpg?fit=499%2C333&amp;ssl=1\" data-orig-size=\"499,333\" data-comments-opened=\"1\" data-image-meta=\"{&quot;aperture&quot;:&quot;7.1&quot;,&quot;credit&quot;:&quot;&quot;,&quot;camera&quot;:&quot;NIKON D7100&quot;,&quot;caption&quot;:&quot;&quot;,&quot;created_timestamp&quot;:&quot;1513009312&quot;,&quot;copyright&quot;:&quot;&quot;,&quot;focal_length&quot;:&quot;32&quot;,&quot;iso&quot;:&quot;100&quot;,&quot;shutter_speed&quot;:&quot;0.00625&quot;,&quot;title&quot;:&quot;Obstru\\u00e7\\u00e3o&quot;,&quot;orientation&quot;:&quot;0&quot;}\" data-image-title=\"Obstru\u00e7\u00e3o\" data-image-description=\"&lt;p&gt;Paisagem urbana obstru\u00edda por fia\u00e7\u00e3o el\u00e9trica em Curitiba.&lt;\/p&gt;\n\" data-image-caption=\"\" data-large-file=\"https:\/\/i0.wp.com\/radames.manosso.nom.br\/fotografia\/files\/2019\/06\/1517-obstrucao.jpg?fit=499%2C333&amp;ssl=1\" data-id=\"795\" src=\"https:\/\/i0.wp.com\/radames.manosso.nom.br\/fotografia\/files\/2019\/06\/1517-obstrucao.jpg?resize=499%2C333&#038;ssl=1\" alt=\"Paisagem obtru\u00edda\" class=\"wp-image-795\" srcset=\"https:\/\/i0.wp.com\/radames.manosso.nom.br\/fotografia\/files\/2019\/06\/1517-obstrucao.jpg?w=499&amp;ssl=1 499w, https:\/\/i0.wp.com\/radames.manosso.nom.br\/fotografia\/files\/2019\/06\/1517-obstrucao.jpg?resize=300%2C200&amp;ssl=1 300w\" sizes=\"auto, (max-width: 499px) 100vw, 499px\" \/><\/a><\/figure>\n\n\n\n<figure class=\"wp-block-image size-large\"><a href=\"https:\/\/i0.wp.com\/radames.manosso.nom.br\/fotografia\/files\/2019\/06\/1516-obstrucao.jpg?ssl=1\"><img data-recalc-dims=\"1\" loading=\"lazy\" decoding=\"async\" width=\"500\" height=\"750\" data-attachment-id=\"794\" data-permalink=\"https:\/\/radames.manosso.nom.br\/fotografia\/obstrucao-18\/\" data-orig-file=\"https:\/\/i0.wp.com\/radames.manosso.nom.br\/fotografia\/files\/2019\/06\/1516-obstrucao.jpg?fit=500%2C750&amp;ssl=1\" data-orig-size=\"500,750\" data-comments-opened=\"1\" data-image-meta=\"{&quot;aperture&quot;:&quot;7.1&quot;,&quot;credit&quot;:&quot;&quot;,&quot;camera&quot;:&quot;NIKON D7100&quot;,&quot;caption&quot;:&quot;&quot;,&quot;created_timestamp&quot;:&quot;1513008852&quot;,&quot;copyright&quot;:&quot;&quot;,&quot;focal_length&quot;:&quot;35&quot;,&quot;iso&quot;:&quot;100&quot;,&quot;shutter_speed&quot;:&quot;0.002&quot;,&quot;title&quot;:&quot;Obstru\\u00e7\\u00e3o&quot;,&quot;orientation&quot;:&quot;0&quot;}\" data-image-title=\"Obstru\u00e7\u00e3o\" data-image-description=\"&lt;p&gt;Paisagem urbana obstru\u00edda por fia\u00e7\u00e3o el\u00e9trica em Curitiba.&lt;\/p&gt;\n\" data-image-caption=\"\" data-large-file=\"https:\/\/i0.wp.com\/radames.manosso.nom.br\/fotografia\/files\/2019\/06\/1516-obstrucao.jpg?fit=500%2C750&amp;ssl=1\" data-id=\"794\" src=\"https:\/\/i0.wp.com\/radames.manosso.nom.br\/fotografia\/files\/2019\/06\/1516-obstrucao.jpg?resize=500%2C750&#038;ssl=1\" alt=\"Paisagem obtru\u00edda\" class=\"wp-image-794\" srcset=\"https:\/\/i0.wp.com\/radames.manosso.nom.br\/fotografia\/files\/2019\/06\/1516-obstrucao.jpg?w=500&amp;ssl=1 500w, https:\/\/i0.wp.com\/radames.manosso.nom.br\/fotografia\/files\/2019\/06\/1516-obstrucao.jpg?resize=200%2C300&amp;ssl=1 200w\" sizes=\"auto, (max-width: 500px) 100vw, 500px\" \/><\/a><\/figure>\n\n\n\n<figure class=\"wp-block-image size-large\"><a href=\"https:\/\/i0.wp.com\/radames.manosso.nom.br\/fotografia\/files\/2019\/06\/1515-obstrucao.jpg?ssl=1\"><img data-recalc-dims=\"1\" loading=\"lazy\" decoding=\"async\" width=\"500\" height=\"750\" data-attachment-id=\"793\" data-permalink=\"https:\/\/radames.manosso.nom.br\/fotografia\/obstrucao-17\/\" data-orig-file=\"https:\/\/i0.wp.com\/radames.manosso.nom.br\/fotografia\/files\/2019\/06\/1515-obstrucao.jpg?fit=500%2C750&amp;ssl=1\" data-orig-size=\"500,750\" data-comments-opened=\"1\" data-image-meta=\"{&quot;aperture&quot;:&quot;7.1&quot;,&quot;credit&quot;:&quot;&quot;,&quot;camera&quot;:&quot;NIKON D7100&quot;,&quot;caption&quot;:&quot;&quot;,&quot;created_timestamp&quot;:&quot;1513008468&quot;,&quot;copyright&quot;:&quot;&quot;,&quot;focal_length&quot;:&quot;52&quot;,&quot;iso&quot;:&quot;100&quot;,&quot;shutter_speed&quot;:&quot;0.0025&quot;,&quot;title&quot;:&quot;Obstru\\u00e7\\u00e3o&quot;,&quot;orientation&quot;:&quot;0&quot;}\" data-image-title=\"Obstru\u00e7\u00e3o\" data-image-description=\"&lt;p&gt;Paisagem urbana obstru\u00edda por fia\u00e7\u00e3o el\u00e9trica em Curitiba.&lt;\/p&gt;\n\" data-image-caption=\"\" data-large-file=\"https:\/\/i0.wp.com\/radames.manosso.nom.br\/fotografia\/files\/2019\/06\/1515-obstrucao.jpg?fit=500%2C750&amp;ssl=1\" data-id=\"793\" src=\"https:\/\/i0.wp.com\/radames.manosso.nom.br\/fotografia\/files\/2019\/06\/1515-obstrucao.jpg?resize=500%2C750&#038;ssl=1\" alt=\"Paisagem obtru\u00edda\" class=\"wp-image-793\" srcset=\"https:\/\/i0.wp.com\/radames.manosso.nom.br\/fotografia\/files\/2019\/06\/1515-obstrucao.jpg?w=500&amp;ssl=1 500w, https:\/\/i0.wp.com\/radames.manosso.nom.br\/fotografia\/files\/2019\/06\/1515-obstrucao.jpg?resize=200%2C300&amp;ssl=1 200w\" sizes=\"auto, (max-width: 500px) 100vw, 500px\" \/><\/a><\/figure>\n\n\n\n<figure class=\"wp-block-image size-large\"><a href=\"https:\/\/i0.wp.com\/radames.manosso.nom.br\/fotografia\/files\/2019\/06\/1514-obstrucao.jpg?ssl=1\"><img data-recalc-dims=\"1\" loading=\"lazy\" decoding=\"async\" width=\"499\" height=\"333\" data-attachment-id=\"792\" data-permalink=\"https:\/\/radames.manosso.nom.br\/fotografia\/obstrucao-16\/\" data-orig-file=\"https:\/\/i0.wp.com\/radames.manosso.nom.br\/fotografia\/files\/2019\/06\/1514-obstrucao.jpg?fit=499%2C333&amp;ssl=1\" data-orig-size=\"499,333\" data-comments-opened=\"1\" data-image-meta=\"{&quot;aperture&quot;:&quot;7.1&quot;,&quot;credit&quot;:&quot;&quot;,&quot;camera&quot;:&quot;NIKON D7100&quot;,&quot;caption&quot;:&quot;&quot;,&quot;created_timestamp&quot;:&quot;1513007264&quot;,&quot;copyright&quot;:&quot;&quot;,&quot;focal_length&quot;:&quot;35&quot;,&quot;iso&quot;:&quot;100&quot;,&quot;shutter_speed&quot;:&quot;0.00625&quot;,&quot;title&quot;:&quot;Obstru\\u00e7\\u00e3o&quot;,&quot;orientation&quot;:&quot;0&quot;}\" data-image-title=\"Obstru\u00e7\u00e3o\" data-image-description=\"&lt;p&gt;Paisagem urbana obstru\u00edda por fia\u00e7\u00e3o el\u00e9trica em Curitiba.&lt;\/p&gt;\n\" data-image-caption=\"\" data-large-file=\"https:\/\/i0.wp.com\/radames.manosso.nom.br\/fotografia\/files\/2019\/06\/1514-obstrucao.jpg?fit=499%2C333&amp;ssl=1\" data-id=\"792\" src=\"https:\/\/i0.wp.com\/radames.manosso.nom.br\/fotografia\/files\/2019\/06\/1514-obstrucao.jpg?resize=499%2C333&#038;ssl=1\" alt=\"Paisagem obtru\u00edda\" class=\"wp-image-792\" srcset=\"https:\/\/i0.wp.com\/radames.manosso.nom.br\/fotografia\/files\/2019\/06\/1514-obstrucao.jpg?w=499&amp;ssl=1 499w, https:\/\/i0.wp.com\/radames.manosso.nom.br\/fotografia\/files\/2019\/06\/1514-obstrucao.jpg?resize=300%2C200&amp;ssl=1 300w\" sizes=\"auto, (max-width: 499px) 100vw, 499px\" \/><\/a><\/figure>\n\n\n\n<figure class=\"wp-block-image size-large\"><a href=\"https:\/\/i0.wp.com\/radames.manosso.nom.br\/fotografia\/files\/2019\/06\/1513-obstrucao.jpg?ssl=1\"><img data-recalc-dims=\"1\" loading=\"lazy\" decoding=\"async\" width=\"500\" height=\"334\" data-attachment-id=\"791\" data-permalink=\"https:\/\/radames.manosso.nom.br\/fotografia\/obstrucao-15\/\" data-orig-file=\"https:\/\/i0.wp.com\/radames.manosso.nom.br\/fotografia\/files\/2019\/06\/1513-obstrucao.jpg?fit=500%2C334&amp;ssl=1\" data-orig-size=\"500,334\" data-comments-opened=\"1\" data-image-meta=\"{&quot;aperture&quot;:&quot;7.1&quot;,&quot;credit&quot;:&quot;&quot;,&quot;camera&quot;:&quot;NIKON D7100&quot;,&quot;caption&quot;:&quot;&quot;,&quot;created_timestamp&quot;:&quot;1513001837&quot;,&quot;copyright&quot;:&quot;&quot;,&quot;focal_length&quot;:&quot;22&quot;,&quot;iso&quot;:&quot;100&quot;,&quot;shutter_speed&quot;:&quot;0.008&quot;,&quot;title&quot;:&quot;Obstru\\u00e7\\u00e3o&quot;,&quot;orientation&quot;:&quot;0&quot;}\" data-image-title=\"Obstru\u00e7\u00e3o\" data-image-description=\"&lt;p&gt;Paisagem urbana obstru\u00edda por fia\u00e7\u00e3o el\u00e9trica em Curitiba.&lt;\/p&gt;\n\" data-image-caption=\"\" data-large-file=\"https:\/\/i0.wp.com\/radames.manosso.nom.br\/fotografia\/files\/2019\/06\/1513-obstrucao.jpg?fit=500%2C334&amp;ssl=1\" data-id=\"791\" src=\"https:\/\/i0.wp.com\/radames.manosso.nom.br\/fotografia\/files\/2019\/06\/1513-obstrucao.jpg?resize=500%2C334&#038;ssl=1\" alt=\"Paisagem obtru\u00edda\" class=\"wp-image-791\" srcset=\"https:\/\/i0.wp.com\/radames.manosso.nom.br\/fotografia\/files\/2019\/06\/1513-obstrucao.jpg?w=500&amp;ssl=1 500w, https:\/\/i0.wp.com\/radames.manosso.nom.br\/fotografia\/files\/2019\/06\/1513-obstrucao.jpg?resize=300%2C200&amp;ssl=1 300w\" sizes=\"auto, (max-width: 500px) 100vw, 500px\" \/><\/a><\/figure>\n\n\n\n<figure class=\"wp-block-image size-large\"><a href=\"https:\/\/i0.wp.com\/radames.manosso.nom.br\/fotografia\/files\/2019\/06\/1512-obstrucao.jpg?ssl=1\"><img data-recalc-dims=\"1\" loading=\"lazy\" decoding=\"async\" width=\"500\" height=\"334\" data-attachment-id=\"790\" data-permalink=\"https:\/\/radames.manosso.nom.br\/fotografia\/obstrucao-14\/\" data-orig-file=\"https:\/\/i0.wp.com\/radames.manosso.nom.br\/fotografia\/files\/2019\/06\/1512-obstrucao.jpg?fit=500%2C334&amp;ssl=1\" data-orig-size=\"500,334\" data-comments-opened=\"1\" data-image-meta=\"{&quot;aperture&quot;:&quot;7.1&quot;,&quot;credit&quot;:&quot;&quot;,&quot;camera&quot;:&quot;NIKON D7100&quot;,&quot;caption&quot;:&quot;&quot;,&quot;created_timestamp&quot;:&quot;1513001670&quot;,&quot;copyright&quot;:&quot;&quot;,&quot;focal_length&quot;:&quot;40&quot;,&quot;iso&quot;:&quot;100&quot;,&quot;shutter_speed&quot;:&quot;0.0015625&quot;,&quot;title&quot;:&quot;Obstru\\u00e7\\u00e3o&quot;,&quot;orientation&quot;:&quot;0&quot;}\" data-image-title=\"Obstru\u00e7\u00e3o\" data-image-description=\"&lt;p&gt;Paisagem urbana obstru\u00edda por fia\u00e7\u00e3o el\u00e9trica em Curitiba.&lt;\/p&gt;\n\" data-image-caption=\"\" data-large-file=\"https:\/\/i0.wp.com\/radames.manosso.nom.br\/fotografia\/files\/2019\/06\/1512-obstrucao.jpg?fit=500%2C334&amp;ssl=1\" data-id=\"790\" src=\"https:\/\/i0.wp.com\/radames.manosso.nom.br\/fotografia\/files\/2019\/06\/1512-obstrucao.jpg?resize=500%2C334&#038;ssl=1\" alt=\"Paisagem obtru\u00edda\" class=\"wp-image-790\" srcset=\"https:\/\/i0.wp.com\/radames.manosso.nom.br\/fotografia\/files\/2019\/06\/1512-obstrucao.jpg?w=500&amp;ssl=1 500w, https:\/\/i0.wp.com\/radames.manosso.nom.br\/fotografia\/files\/2019\/06\/1512-obstrucao.jpg?resize=300%2C200&amp;ssl=1 300w\" sizes=\"auto, (max-width: 500px) 100vw, 500px\" \/><\/a><\/figure>\n\n\n\n<figure class=\"wp-block-image size-large\"><a href=\"https:\/\/i0.wp.com\/radames.manosso.nom.br\/fotografia\/files\/2019\/06\/1511-obstrucao.jpg?ssl=1\"><img data-recalc-dims=\"1\" loading=\"lazy\" decoding=\"async\" width=\"499\" height=\"333\" data-attachment-id=\"789\" data-permalink=\"https:\/\/radames.manosso.nom.br\/fotografia\/obstrucao-13\/\" data-orig-file=\"https:\/\/i0.wp.com\/radames.manosso.nom.br\/fotografia\/files\/2019\/06\/1511-obstrucao.jpg?fit=499%2C333&amp;ssl=1\" data-orig-size=\"499,333\" data-comments-opened=\"1\" data-image-meta=\"{&quot;aperture&quot;:&quot;7.1&quot;,&quot;credit&quot;:&quot;&quot;,&quot;camera&quot;:&quot;NIKON D7100&quot;,&quot;caption&quot;:&quot;&quot;,&quot;created_timestamp&quot;:&quot;1512836214&quot;,&quot;copyright&quot;:&quot;&quot;,&quot;focal_length&quot;:&quot;18&quot;,&quot;iso&quot;:&quot;100&quot;,&quot;shutter_speed&quot;:&quot;0.008&quot;,&quot;title&quot;:&quot;Obstru\\u00e7\\u00e3o&quot;,&quot;orientation&quot;:&quot;0&quot;}\" data-image-title=\"Obstru\u00e7\u00e3o\" data-image-description=\"&lt;p&gt;Paisagem urbana obstru\u00edda por fia\u00e7\u00e3o el\u00e9trica em Curitiba.&lt;\/p&gt;\n\" data-image-caption=\"\" data-large-file=\"https:\/\/i0.wp.com\/radames.manosso.nom.br\/fotografia\/files\/2019\/06\/1511-obstrucao.jpg?fit=499%2C333&amp;ssl=1\" data-id=\"789\" src=\"https:\/\/i0.wp.com\/radames.manosso.nom.br\/fotografia\/files\/2019\/06\/1511-obstrucao.jpg?resize=499%2C333&#038;ssl=1\" alt=\"Paisagem obtru\u00edda\" class=\"wp-image-789\" srcset=\"https:\/\/i0.wp.com\/radames.manosso.nom.br\/fotografia\/files\/2019\/06\/1511-obstrucao.jpg?w=499&amp;ssl=1 499w, https:\/\/i0.wp.com\/radames.manosso.nom.br\/fotografia\/files\/2019\/06\/1511-obstrucao.jpg?resize=300%2C200&amp;ssl=1 300w\" sizes=\"auto, (max-width: 499px) 100vw, 499px\" \/><\/a><\/figure>\n\n\n\n<figure class=\"wp-block-image size-large\"><a href=\"https:\/\/i0.wp.com\/radames.manosso.nom.br\/fotografia\/files\/2019\/06\/1510-obstrucao.jpg?ssl=1\"><img data-recalc-dims=\"1\" loading=\"lazy\" decoding=\"async\" width=\"500\" height=\"334\" data-attachment-id=\"788\" data-permalink=\"https:\/\/radames.manosso.nom.br\/fotografia\/obstrucao-12\/\" data-orig-file=\"https:\/\/i0.wp.com\/radames.manosso.nom.br\/fotografia\/files\/2019\/06\/1510-obstrucao.jpg?fit=500%2C334&amp;ssl=1\" data-orig-size=\"500,334\" data-comments-opened=\"1\" data-image-meta=\"{&quot;aperture&quot;:&quot;7.1&quot;,&quot;credit&quot;:&quot;&quot;,&quot;camera&quot;:&quot;NIKON D7100&quot;,&quot;caption&quot;:&quot;&quot;,&quot;created_timestamp&quot;:&quot;1469882120&quot;,&quot;copyright&quot;:&quot;&quot;,&quot;focal_length&quot;:&quot;55&quot;,&quot;iso&quot;:&quot;100&quot;,&quot;shutter_speed&quot;:&quot;0.00625&quot;,&quot;title&quot;:&quot;Obstru\\u00e7\\u00e3o&quot;,&quot;orientation&quot;:&quot;0&quot;}\" data-image-title=\"Obstru\u00e7\u00e3o\" data-image-description=\"&lt;p&gt;Paisagem urbana obstru\u00edda por fia\u00e7\u00e3o el\u00e9trica em Curitiba.&lt;\/p&gt;\n\" data-image-caption=\"\" data-large-file=\"https:\/\/i0.wp.com\/radames.manosso.nom.br\/fotografia\/files\/2019\/06\/1510-obstrucao.jpg?fit=500%2C334&amp;ssl=1\" data-id=\"788\" src=\"https:\/\/i0.wp.com\/radames.manosso.nom.br\/fotografia\/files\/2019\/06\/1510-obstrucao.jpg?resize=500%2C334&#038;ssl=1\" alt=\"Paisagem obtru\u00edda\" class=\"wp-image-788\" srcset=\"https:\/\/i0.wp.com\/radames.manosso.nom.br\/fotografia\/files\/2019\/06\/1510-obstrucao.jpg?w=500&amp;ssl=1 500w, https:\/\/i0.wp.com\/radames.manosso.nom.br\/fotografia\/files\/2019\/06\/1510-obstrucao.jpg?resize=300%2C200&amp;ssl=1 300w\" sizes=\"auto, (max-width: 500px) 100vw, 500px\" \/><\/a><\/figure>\n\n\n\n<figure class=\"wp-block-image size-large\"><a href=\"https:\/\/i0.wp.com\/radames.manosso.nom.br\/fotografia\/files\/2019\/06\/1509-ostrucao.jpg?ssl=1\"><img data-recalc-dims=\"1\" loading=\"lazy\" decoding=\"async\" width=\"499\" height=\"333\" data-attachment-id=\"787\" data-permalink=\"https:\/\/radames.manosso.nom.br\/fotografia\/obstrucao-11\/\" data-orig-file=\"https:\/\/i0.wp.com\/radames.manosso.nom.br\/fotografia\/files\/2019\/06\/1509-ostrucao.jpg?fit=499%2C333&amp;ssl=1\" data-orig-size=\"499,333\" data-comments-opened=\"1\" data-image-meta=\"{&quot;aperture&quot;:&quot;7.1&quot;,&quot;credit&quot;:&quot;&quot;,&quot;camera&quot;:&quot;NIKON D7100&quot;,&quot;caption&quot;:&quot;&quot;,&quot;created_timestamp&quot;:&quot;1461255016&quot;,&quot;copyright&quot;:&quot;&quot;,&quot;focal_length&quot;:&quot;24&quot;,&quot;iso&quot;:&quot;100&quot;,&quot;shutter_speed&quot;:&quot;0.0025&quot;,&quot;title&quot;:&quot;Obstru\\u00e7\\u00e3o&quot;,&quot;orientation&quot;:&quot;0&quot;}\" data-image-title=\"Obstru\u00e7\u00e3o\" data-image-description=\"&lt;p&gt;Paisagem urbana obstru\u00edda por fia\u00e7\u00e3o el\u00e9trica em Curitiba.&lt;\/p&gt;\n\" data-image-caption=\"\" data-large-file=\"https:\/\/i0.wp.com\/radames.manosso.nom.br\/fotografia\/files\/2019\/06\/1509-ostrucao.jpg?fit=499%2C333&amp;ssl=1\" data-id=\"787\" src=\"https:\/\/i0.wp.com\/radames.manosso.nom.br\/fotografia\/files\/2019\/06\/1509-ostrucao.jpg?resize=499%2C333&#038;ssl=1\" alt=\"Paisagem obtru\u00edda\" class=\"wp-image-787\" srcset=\"https:\/\/i0.wp.com\/radames.manosso.nom.br\/fotografia\/files\/2019\/06\/1509-ostrucao.jpg?w=499&amp;ssl=1 499w, https:\/\/i0.wp.com\/radames.manosso.nom.br\/fotografia\/files\/2019\/06\/1509-ostrucao.jpg?resize=300%2C200&amp;ssl=1 300w\" sizes=\"auto, (max-width: 499px) 100vw, 499px\" \/><\/a><\/figure>\n\n\n\n<figure class=\"wp-block-image size-large\"><a href=\"https:\/\/i0.wp.com\/radames.manosso.nom.br\/fotografia\/files\/2019\/06\/1508-obstrucao.jpg?ssl=1\"><img data-recalc-dims=\"1\" loading=\"lazy\" decoding=\"async\" width=\"500\" height=\"500\" data-attachment-id=\"786\" data-permalink=\"https:\/\/radames.manosso.nom.br\/fotografia\/obstrucao-10\/\" data-orig-file=\"https:\/\/i0.wp.com\/radames.manosso.nom.br\/fotografia\/files\/2019\/06\/1508-obstrucao.jpg?fit=500%2C500&amp;ssl=1\" data-orig-size=\"500,500\" data-comments-opened=\"1\" data-image-meta=\"{&quot;aperture&quot;:&quot;9&quot;,&quot;credit&quot;:&quot;&quot;,&quot;camera&quot;:&quot;NIKON D7100&quot;,&quot;caption&quot;:&quot;&quot;,&quot;created_timestamp&quot;:&quot;1439043332&quot;,&quot;copyright&quot;:&quot;&quot;,&quot;focal_length&quot;:&quot;40&quot;,&quot;iso&quot;:&quot;100&quot;,&quot;shutter_speed&quot;:&quot;0.033333333333333&quot;,&quot;title&quot;:&quot;Obstru\\u00e7\\u00e3o&quot;,&quot;orientation&quot;:&quot;0&quot;}\" data-image-title=\"Obstru\u00e7\u00e3o\" data-image-description=\"&lt;p&gt;Paisagem urbana obstru\u00edda por fia\u00e7\u00e3o el\u00e9trica em Curitiba.&lt;\/p&gt;\n\" data-image-caption=\"\" data-large-file=\"https:\/\/i0.wp.com\/radames.manosso.nom.br\/fotografia\/files\/2019\/06\/1508-obstrucao.jpg?fit=500%2C500&amp;ssl=1\" data-id=\"786\" src=\"https:\/\/i0.wp.com\/radames.manosso.nom.br\/fotografia\/files\/2019\/06\/1508-obstrucao.jpg?resize=500%2C500&#038;ssl=1\" alt=\"Paisagem obtru\u00edda\" class=\"wp-image-786\" srcset=\"https:\/\/i0.wp.com\/radames.manosso.nom.br\/fotografia\/files\/2019\/06\/1508-obstrucao.jpg?w=500&amp;ssl=1 500w, https:\/\/i0.wp.com\/radames.manosso.nom.br\/fotografia\/files\/2019\/06\/1508-obstrucao.jpg?resize=150%2C150&amp;ssl=1 150w, https:\/\/i0.wp.com\/radames.manosso.nom.br\/fotografia\/files\/2019\/06\/1508-obstrucao.jpg?resize=300%2C300&amp;ssl=1 300w, https:\/\/i0.wp.com\/radames.manosso.nom.br\/fotografia\/files\/2019\/06\/1508-obstrucao.jpg?resize=100%2C100&amp;ssl=1 100w\" sizes=\"auto, (max-width: 500px) 100vw, 500px\" \/><\/a><\/figure>\n\n\n\n<figure class=\"wp-block-image size-large\"><a href=\"https:\/\/i0.wp.com\/radames.manosso.nom.br\/fotografia\/files\/2019\/06\/1507-obstrucao.jpg?ssl=1\"><img data-recalc-dims=\"1\" loading=\"lazy\" decoding=\"async\" width=\"500\" height=\"750\" data-attachment-id=\"785\" data-permalink=\"https:\/\/radames.manosso.nom.br\/fotografia\/obstrucao-9\/\" data-orig-file=\"https:\/\/i0.wp.com\/radames.manosso.nom.br\/fotografia\/files\/2019\/06\/1507-obstrucao.jpg?fit=500%2C750&amp;ssl=1\" data-orig-size=\"500,750\" data-comments-opened=\"1\" data-image-meta=\"{&quot;aperture&quot;:&quot;9&quot;,&quot;credit&quot;:&quot;&quot;,&quot;camera&quot;:&quot;NIKON D7100&quot;,&quot;caption&quot;:&quot;&quot;,&quot;created_timestamp&quot;:&quot;1435671200&quot;,&quot;copyright&quot;:&quot;&quot;,&quot;focal_length&quot;:&quot;34&quot;,&quot;iso&quot;:&quot;100&quot;,&quot;shutter_speed&quot;:&quot;0.005&quot;,&quot;title&quot;:&quot;Obstru\\u00e7\\u00e3o&quot;,&quot;orientation&quot;:&quot;0&quot;}\" data-image-title=\"Obstru\u00e7\u00e3o\" data-image-description=\"&lt;p&gt;Paisagem urbana obstru\u00edda por fia\u00e7\u00e3o el\u00e9trica em Curitiba.&lt;\/p&gt;\n\" data-image-caption=\"\" data-large-file=\"https:\/\/i0.wp.com\/radames.manosso.nom.br\/fotografia\/files\/2019\/06\/1507-obstrucao.jpg?fit=500%2C750&amp;ssl=1\" data-id=\"785\" src=\"https:\/\/i0.wp.com\/radames.manosso.nom.br\/fotografia\/files\/2019\/06\/1507-obstrucao.jpg?resize=500%2C750&#038;ssl=1\" alt=\"Paisagem obstru\u00edda\" class=\"wp-image-785\" srcset=\"https:\/\/i0.wp.com\/radames.manosso.nom.br\/fotografia\/files\/2019\/06\/1507-obstrucao.jpg?w=500&amp;ssl=1 500w, https:\/\/i0.wp.com\/radames.manosso.nom.br\/fotografia\/files\/2019\/06\/1507-obstrucao.jpg?resize=200%2C300&amp;ssl=1 200w\" sizes=\"auto, (max-width: 500px) 100vw, 500px\" \/><\/a><\/figure>\n\n\n\n<figure class=\"wp-block-image size-large\"><a href=\"https:\/\/i0.wp.com\/radames.manosso.nom.br\/fotografia\/files\/2019\/06\/1506-obstrucao.jpg?ssl=1\"><img data-recalc-dims=\"1\" loading=\"lazy\" decoding=\"async\" width=\"499\" height=\"333\" data-attachment-id=\"784\" data-permalink=\"https:\/\/radames.manosso.nom.br\/fotografia\/obstrucao-8\/\" data-orig-file=\"https:\/\/i0.wp.com\/radames.manosso.nom.br\/fotografia\/files\/2019\/06\/1506-obstrucao.jpg?fit=499%2C333&amp;ssl=1\" data-orig-size=\"499,333\" data-comments-opened=\"1\" data-image-meta=\"{&quot;aperture&quot;:&quot;7.1&quot;,&quot;credit&quot;:&quot;&quot;,&quot;camera&quot;:&quot;NIKON D7100&quot;,&quot;caption&quot;:&quot;&quot;,&quot;created_timestamp&quot;:&quot;1433599995&quot;,&quot;copyright&quot;:&quot;&quot;,&quot;focal_length&quot;:&quot;28&quot;,&quot;iso&quot;:&quot;100&quot;,&quot;shutter_speed&quot;:&quot;0.0025&quot;,&quot;title&quot;:&quot;Obstru\\u00e7\\u00e3o&quot;,&quot;orientation&quot;:&quot;0&quot;}\" data-image-title=\"Obstru\u00e7\u00e3o\" data-image-description=\"&lt;p&gt;Paisagem urbana obstru\u00edda por fia\u00e7\u00e3o el\u00e9trica em Curitiba.&lt;\/p&gt;\n\" data-image-caption=\"\" data-large-file=\"https:\/\/i0.wp.com\/radames.manosso.nom.br\/fotografia\/files\/2019\/06\/1506-obstrucao.jpg?fit=499%2C333&amp;ssl=1\" data-id=\"784\" src=\"https:\/\/i0.wp.com\/radames.manosso.nom.br\/fotografia\/files\/2019\/06\/1506-obstrucao.jpg?resize=499%2C333&#038;ssl=1\" alt=\"Paisagem obstru\u00edda\" class=\"wp-image-784\" srcset=\"https:\/\/i0.wp.com\/radames.manosso.nom.br\/fotografia\/files\/2019\/06\/1506-obstrucao.jpg?w=499&amp;ssl=1 499w, https:\/\/i0.wp.com\/radames.manosso.nom.br\/fotografia\/files\/2019\/06\/1506-obstrucao.jpg?resize=300%2C200&amp;ssl=1 300w\" sizes=\"auto, (max-width: 499px) 100vw, 499px\" \/><\/a><\/figure>\n\n\n\n<figure class=\"wp-block-image size-large\"><a href=\"https:\/\/i0.wp.com\/radames.manosso.nom.br\/fotografia\/files\/2019\/06\/1505-obstrucao.jpg?ssl=1\"><img data-recalc-dims=\"1\" loading=\"lazy\" decoding=\"async\" width=\"500\" height=\"750\" data-attachment-id=\"783\" data-permalink=\"https:\/\/radames.manosso.nom.br\/fotografia\/obstrucao-7\/\" data-orig-file=\"https:\/\/i0.wp.com\/radames.manosso.nom.br\/fotografia\/files\/2019\/06\/1505-obstrucao.jpg?fit=500%2C750&amp;ssl=1\" data-orig-size=\"500,750\" data-comments-opened=\"1\" data-image-meta=\"{&quot;aperture&quot;:&quot;7.1&quot;,&quot;credit&quot;:&quot;&quot;,&quot;camera&quot;:&quot;NIKON D7100&quot;,&quot;caption&quot;:&quot;&quot;,&quot;created_timestamp&quot;:&quot;1433433942&quot;,&quot;copyright&quot;:&quot;&quot;,&quot;focal_length&quot;:&quot;24&quot;,&quot;iso&quot;:&quot;100&quot;,&quot;shutter_speed&quot;:&quot;0.00625&quot;,&quot;title&quot;:&quot;Obstru\\u00e7\\u00e3o&quot;,&quot;orientation&quot;:&quot;0&quot;}\" data-image-title=\"Obstru\u00e7\u00e3o\" data-image-description=\"&lt;p&gt;Paisagem urbana obstru\u00edda por fia\u00e7\u00e3o el\u00e9trica em Curitiba.&lt;\/p&gt;\n\" data-image-caption=\"\" data-large-file=\"https:\/\/i0.wp.com\/radames.manosso.nom.br\/fotografia\/files\/2019\/06\/1505-obstrucao.jpg?fit=500%2C750&amp;ssl=1\" data-id=\"783\" src=\"https:\/\/i0.wp.com\/radames.manosso.nom.br\/fotografia\/files\/2019\/06\/1505-obstrucao.jpg?resize=500%2C750&#038;ssl=1\" alt=\"Paisagem obstru\u00edda\" class=\"wp-image-783\" srcset=\"https:\/\/i0.wp.com\/radames.manosso.nom.br\/fotografia\/files\/2019\/06\/1505-obstrucao.jpg?w=500&amp;ssl=1 500w, https:\/\/i0.wp.com\/radames.manosso.nom.br\/fotografia\/files\/2019\/06\/1505-obstrucao.jpg?resize=200%2C300&amp;ssl=1 200w\" sizes=\"auto, (max-width: 500px) 100vw, 500px\" \/><\/a><\/figure>\n\n\n\n<figure class=\"wp-block-image size-large\"><a href=\"https:\/\/i0.wp.com\/radames.manosso.nom.br\/fotografia\/files\/2019\/06\/1504-obstrucao.jpg?ssl=1\"><img data-recalc-dims=\"1\" loading=\"lazy\" decoding=\"async\" width=\"500\" height=\"750\" data-attachment-id=\"782\" data-permalink=\"https:\/\/radames.manosso.nom.br\/fotografia\/obstrucao-6\/\" data-orig-file=\"https:\/\/i0.wp.com\/radames.manosso.nom.br\/fotografia\/files\/2019\/06\/1504-obstrucao.jpg?fit=500%2C750&amp;ssl=1\" data-orig-size=\"500,750\" data-comments-opened=\"1\" data-image-meta=\"{&quot;aperture&quot;:&quot;7.1&quot;,&quot;credit&quot;:&quot;&quot;,&quot;camera&quot;:&quot;NIKON D7100&quot;,&quot;caption&quot;:&quot;&quot;,&quot;created_timestamp&quot;:&quot;1433433479&quot;,&quot;copyright&quot;:&quot;&quot;,&quot;focal_length&quot;:&quot;18&quot;,&quot;iso&quot;:&quot;100&quot;,&quot;shutter_speed&quot;:&quot;0.0025&quot;,&quot;title&quot;:&quot;Obstru\\u00e7\\u00e3o&quot;,&quot;orientation&quot;:&quot;0&quot;}\" data-image-title=\"Obstru\u00e7\u00e3o\" data-image-description=\"&lt;p&gt;Paisagem urbana obstru\u00edda por fia\u00e7\u00e3o el\u00e9trica em Curitiba.&lt;\/p&gt;\n\" data-image-caption=\"\" data-large-file=\"https:\/\/i0.wp.com\/radames.manosso.nom.br\/fotografia\/files\/2019\/06\/1504-obstrucao.jpg?fit=500%2C750&amp;ssl=1\" data-id=\"782\" src=\"https:\/\/i0.wp.com\/radames.manosso.nom.br\/fotografia\/files\/2019\/06\/1504-obstrucao.jpg?resize=500%2C750&#038;ssl=1\" alt=\"Paisagem obstru\u00edda\" class=\"wp-image-782\" srcset=\"https:\/\/i0.wp.com\/radames.manosso.nom.br\/fotografia\/files\/2019\/06\/1504-obstrucao.jpg?w=500&amp;ssl=1 500w, https:\/\/i0.wp.com\/radames.manosso.nom.br\/fotografia\/files\/2019\/06\/1504-obstrucao.jpg?resize=200%2C300&amp;ssl=1 200w\" sizes=\"auto, (max-width: 500px) 100vw, 500px\" \/><\/a><\/figure>\n\n\n\n<figure class=\"wp-block-image size-large\"><a href=\"https:\/\/i0.wp.com\/radames.manosso.nom.br\/fotografia\/files\/2019\/06\/1503-obstrucao.jpg?ssl=1\"><img data-recalc-dims=\"1\" loading=\"lazy\" decoding=\"async\" width=\"500\" height=\"750\" data-attachment-id=\"781\" data-permalink=\"https:\/\/radames.manosso.nom.br\/fotografia\/obstrucao-5\/\" data-orig-file=\"https:\/\/i0.wp.com\/radames.manosso.nom.br\/fotografia\/files\/2019\/06\/1503-obstrucao.jpg?fit=500%2C750&amp;ssl=1\" data-orig-size=\"500,750\" data-comments-opened=\"1\" data-image-meta=\"{&quot;aperture&quot;:&quot;8&quot;,&quot;credit&quot;:&quot;&quot;,&quot;camera&quot;:&quot;NIKON D7100&quot;,&quot;caption&quot;:&quot;&quot;,&quot;created_timestamp&quot;:&quot;1433430797&quot;,&quot;copyright&quot;:&quot;&quot;,&quot;focal_length&quot;:&quot;18&quot;,&quot;iso&quot;:&quot;100&quot;,&quot;shutter_speed&quot;:&quot;0.0025&quot;,&quot;title&quot;:&quot;Obstru\\u00e7\\u00e3o&quot;,&quot;orientation&quot;:&quot;0&quot;}\" data-image-title=\"Obstru\u00e7\u00e3o\" data-image-description=\"&lt;p&gt;Paisagem urbana obstru\u00edda por fia\u00e7\u00e3o el\u00e9trica em Curitiba.&lt;\/p&gt;\n\" data-image-caption=\"\" data-large-file=\"https:\/\/i0.wp.com\/radames.manosso.nom.br\/fotografia\/files\/2019\/06\/1503-obstrucao.jpg?fit=500%2C750&amp;ssl=1\" data-id=\"781\" src=\"https:\/\/i0.wp.com\/radames.manosso.nom.br\/fotografia\/files\/2019\/06\/1503-obstrucao.jpg?resize=500%2C750&#038;ssl=1\" alt=\"Paisagem obstru\u00edda\" class=\"wp-image-781\" srcset=\"https:\/\/i0.wp.com\/radames.manosso.nom.br\/fotografia\/files\/2019\/06\/1503-obstrucao.jpg?w=500&amp;ssl=1 500w, https:\/\/i0.wp.com\/radames.manosso.nom.br\/fotografia\/files\/2019\/06\/1503-obstrucao.jpg?resize=200%2C300&amp;ssl=1 200w\" sizes=\"auto, (max-width: 500px) 100vw, 500px\" \/><\/a><\/figure>\n\n\n\n<figure class=\"wp-block-image size-large\"><a href=\"https:\/\/i0.wp.com\/radames.manosso.nom.br\/fotografia\/files\/2019\/06\/1502-obstrucao.jpg?ssl=1\"><img data-recalc-dims=\"1\" loading=\"lazy\" decoding=\"async\" width=\"500\" height=\"750\" data-attachment-id=\"780\" data-permalink=\"https:\/\/radames.manosso.nom.br\/fotografia\/obstrucao-4\/\" data-orig-file=\"https:\/\/i0.wp.com\/radames.manosso.nom.br\/fotografia\/files\/2019\/06\/1502-obstrucao.jpg?fit=500%2C750&amp;ssl=1\" data-orig-size=\"500,750\" data-comments-opened=\"1\" data-image-meta=\"{&quot;aperture&quot;:&quot;10&quot;,&quot;credit&quot;:&quot;&quot;,&quot;camera&quot;:&quot;NIKON D7100&quot;,&quot;caption&quot;:&quot;&quot;,&quot;created_timestamp&quot;:&quot;1433430462&quot;,&quot;copyright&quot;:&quot;&quot;,&quot;focal_length&quot;:&quot;18&quot;,&quot;iso&quot;:&quot;100&quot;,&quot;shutter_speed&quot;:&quot;0.003125&quot;,&quot;title&quot;:&quot;Obstru\\u00e7\\u00e3o&quot;,&quot;orientation&quot;:&quot;0&quot;}\" data-image-title=\"Obstru\u00e7\u00e3o\" data-image-description=\"&lt;p&gt;Paisagem urbana obstru\u00edda por fia\u00e7\u00e3o el\u00e9trica em Curitiba.&lt;\/p&gt;\n\" data-image-caption=\"\" data-large-file=\"https:\/\/i0.wp.com\/radames.manosso.nom.br\/fotografia\/files\/2019\/06\/1502-obstrucao.jpg?fit=500%2C750&amp;ssl=1\" data-id=\"780\" src=\"https:\/\/i0.wp.com\/radames.manosso.nom.br\/fotografia\/files\/2019\/06\/1502-obstrucao.jpg?resize=500%2C750&#038;ssl=1\" alt=\"Paisagem obstru\u00edda\" class=\"wp-image-780\" srcset=\"https:\/\/i0.wp.com\/radames.manosso.nom.br\/fotografia\/files\/2019\/06\/1502-obstrucao.jpg?w=500&amp;ssl=1 500w, https:\/\/i0.wp.com\/radames.manosso.nom.br\/fotografia\/files\/2019\/06\/1502-obstrucao.jpg?resize=200%2C300&amp;ssl=1 200w\" sizes=\"auto, (max-width: 500px) 100vw, 500px\" \/><\/a><\/figure>\n\n\n\n<figure class=\"wp-block-image size-large\"><a href=\"https:\/\/i0.wp.com\/radames.manosso.nom.br\/fotografia\/files\/2019\/06\/1501-obstrucao.jpg?ssl=1\"><img data-recalc-dims=\"1\" loading=\"lazy\" decoding=\"async\" width=\"500\" height=\"750\" data-attachment-id=\"779\" data-permalink=\"https:\/\/radames.manosso.nom.br\/fotografia\/obstrucao-3\/\" data-orig-file=\"https:\/\/i0.wp.com\/radames.manosso.nom.br\/fotografia\/files\/2019\/06\/1501-obstrucao.jpg?fit=500%2C750&amp;ssl=1\" data-orig-size=\"500,750\" data-comments-opened=\"1\" data-image-meta=\"{&quot;aperture&quot;:&quot;7.1&quot;,&quot;credit&quot;:&quot;&quot;,&quot;camera&quot;:&quot;NIKON D7100&quot;,&quot;caption&quot;:&quot;&quot;,&quot;created_timestamp&quot;:&quot;1433430350&quot;,&quot;copyright&quot;:&quot;&quot;,&quot;focal_length&quot;:&quot;24&quot;,&quot;iso&quot;:&quot;100&quot;,&quot;shutter_speed&quot;:&quot;0.002&quot;,&quot;title&quot;:&quot;Obstru\\u00e7\\u00e3o&quot;,&quot;orientation&quot;:&quot;0&quot;}\" data-image-title=\"Obstru\u00e7\u00e3o\" data-image-description=\"&lt;p&gt;Paisagem urbana obstru\u00edda por fia\u00e7\u00e3o el\u00e9trica em Curitiba.&lt;\/p&gt;\n\" data-image-caption=\"\" data-large-file=\"https:\/\/i0.wp.com\/radames.manosso.nom.br\/fotografia\/files\/2019\/06\/1501-obstrucao.jpg?fit=500%2C750&amp;ssl=1\" data-id=\"779\" src=\"https:\/\/i0.wp.com\/radames.manosso.nom.br\/fotografia\/files\/2019\/06\/1501-obstrucao.jpg?resize=500%2C750&#038;ssl=1\" alt=\"Paisagem obstru\u00edda\" class=\"wp-image-779\" srcset=\"https:\/\/i0.wp.com\/radames.manosso.nom.br\/fotografia\/files\/2019\/06\/1501-obstrucao.jpg?w=500&amp;ssl=1 500w, https:\/\/i0.wp.com\/radames.manosso.nom.br\/fotografia\/files\/2019\/06\/1501-obstrucao.jpg?resize=200%2C300&amp;ssl=1 200w\" sizes=\"auto, (max-width: 500px) 100vw, 500px\" \/><\/a><\/figure>\n<\/figure>\n<\/div>\n<\/div>\n","protected":false},"excerpt":{"rendered":"<p>J\u00e1 que no meio do caminho tinha uma fia\u00e7\u00e3o por que n\u00e3o fazer disso um ensaio desfotogr\u00e1fico? Aqui em Curitiba temos v\u00e1rios pr\u00e9dios de interesse hist\u00f3rico, arquitet\u00f4nico, fotog\u00eanicos enfim. Quase sempre a vontade de fotografa-los fica reprimida por uma ma\u00e7aroca de fios. Tudo bem, enterrar a fia\u00e7\u00e3o custa caro e temos outras prioridades pela frente, &hellip; <a href=\"https:\/\/radames.manosso.nom.br\/fotografia\/urbana\/obstrucao\/\" class=\"more-link\">Continue lendo <span class=\"screen-reader-text\">Obstru\u00e7\u00e3o<\/span> <span class=\"meta-nav\">&rarr;<\/span><\/a><\/p>\n","protected":false},"author":1,"featured_media":0,"comment_status":"open","ping_status":"closed","sticky":false,"template":"","format":"standard","meta":{"jetpack_post_was_ever_published":false,"_jetpack_newsletter_access":"","_jetpack_dont_email_post_to_subs":false,"_jetpack_newsletter_tier_id":0,"_jetpack_memberships_contains_paywalled_content":false,"_jetpack_memberships_contains_paid_content":false,"footnotes":"","jetpack_publicize_message":"","jetpack_publicize_feature_enabled":true,"jetpack_social_post_already_shared":true,"jetpack_social_options":{"image_generator_settings":{"template":"highway","default_image_id":0,"font":"","enabled":false},"version":2}},"categories":[2],"tags":[35,3,79,80,78,77,6,36],"class_list":["post-581","post","type-post","status-publish","format-standard","hentry","category-urbana","tag-arquitetura","tag-curitiba","tag-fiacao","tag-obstrucao-da-paisagem","tag-poluicao-visual","tag-street","tag-urbana-2","tag-urbanismo"],"jetpack_publicize_connections":[],"jetpack_featured_media_url":"","jetpack_shortlink":"https:\/\/wp.me\/p755Vo-9n","jetpack-related-posts":[{"id":141,"url":"https:\/\/radames.manosso.nom.br\/fotografia\/urbana\/yes-nos-temos-viaduto-estaiado\/","url_meta":{"origin":581,"position":0},"title":"Yes, n\u00f3s temos viaduto estaiado","author":"Radam\u00e9s","date":false,"format":false,"excerpt":"Os fot\u00f3grafos (inclusive eu) ganharam\u00a0um novo marco visual curitibano para apontar suas lentes: o viaduto estaiado sobre a Avenida das Torres. Ainda sem nome oficial, o viaduto na Rua Coronel Francisco H. dos Santos est\u00e1 liberado para circula\u00e7\u00e3o de ve\u00edculos e vem causando pol\u00eamica. Com 225m de extens\u00e3o e um\u2026","rel":"","context":"Em &quot;Urbana&quot;","block_context":{"text":"Urbana","link":"https:\/\/radames.manosso.nom.br\/fotografia\/category\/urbana\/"},"img":{"alt_text":"Viaduto estaiado Curitiba","src":"https:\/\/i0.wp.com\/radames.manosso.nom.br\/fotografia\/files\/2014\/04\/viaduto-estaiado-curitiba-1.jpg?resize=350%2C200","width":350,"height":200,"srcset":"https:\/\/i0.wp.com\/radames.manosso.nom.br\/fotografia\/files\/2014\/04\/viaduto-estaiado-curitiba-1.jpg?resize=350%2C200 1x, https:\/\/i0.wp.com\/radames.manosso.nom.br\/fotografia\/files\/2014\/04\/viaduto-estaiado-curitiba-1.jpg?resize=525%2C300 1.5x, https:\/\/i0.wp.com\/radames.manosso.nom.br\/fotografia\/files\/2014\/04\/viaduto-estaiado-curitiba-1.jpg?resize=700%2C400 2x"},"classes":[]},{"id":177,"url":"https:\/\/radames.manosso.nom.br\/fotografia\/urbana\/sakura-de-inverno\/","url_meta":{"origin":581,"position":1},"title":"Sakura de inverno","author":"Radam\u00e9s","date":false,"format":false,"excerpt":"Aqui em Curitiba a florada das cerejeiras acontece no auge do inverno. Existem muitas cerejeiras pela cidade mas os lugares mais fotog\u00eanicos para v\u00ea-las florindo s\u00e3o o Jardim Bot\u00e2nico, a Pra\u00e7a do Jap\u00e3o e a Rua XV de Novembro (Rua das Flores). Embora aqui o frio n\u00e3o seja rigoroso como\u2026","rel":"","context":"Em &quot;Urbana&quot;","block_context":{"text":"Urbana","link":"https:\/\/radames.manosso.nom.br\/fotografia\/category\/urbana\/"},"img":{"alt_text":"Cerejeiras em Curitiba","src":"https:\/\/i0.wp.com\/radames.manosso.nom.br\/fotografia\/files\/2019\/06\/1528-cerejeiras-curitiba-7.jpg?resize=350%2C200&ssl=1","width":350,"height":200},"classes":[]},{"id":208,"url":"https:\/\/radames.manosso.nom.br\/fotografia\/urbana\/gente-na-rua\/","url_meta":{"origin":581,"position":2},"title":"Gente na rua","author":"Radam\u00e9s","date":false,"format":false,"excerpt":"Fotografar pessoas em flagrante na rua \u00e9 uma coisa que os grandes fot\u00f3grafos da escola humanista faziam muito bem. Acredito que nos tempos do Cartier Bressom e do Doisneau n\u00e3o havia muita preocupa\u00e7\u00e3o com direitos de imagem, mas a fotografia de rua \u00e9 assim mesmo: requer certa cara de pau.\u2026","rel":"","context":"Em &quot;Urbana&quot;","block_context":{"text":"Urbana","link":"https:\/\/radames.manosso.nom.br\/fotografia\/category\/urbana\/"},"img":{"alt_text":"A violinista de Crac\u00f3via","src":"https:\/\/i0.wp.com\/radames.manosso.nom.br\/fotografia\/files\/2016\/07\/DSC_8027-1-e1491943271559.jpg?resize=350%2C200&ssl=1","width":350,"height":200},"classes":[]},{"id":50,"url":"https:\/\/radames.manosso.nom.br\/fotografia\/urbana\/curitiba-em-detalhes\/","url_meta":{"origin":581,"position":3},"title":"Curitiba em detalhes","author":"Radam\u00e9s","date":false,"format":false,"excerpt":"Quando eu comecei a fotografar parti do princ\u00edpio que bons motivos estavam perto de mim. Fotografar a minha cidade natal era a op\u00e7\u00e3o natural. Andar pelas ruas com olhos bem abertos e tentar encontrar aqueles detalhes que contem algo importante sobre a alma da cidade, mas que \u00a0passam desapercebidos na\u2026","rel":"","context":"Em &quot;Urbana&quot;","block_context":{"text":"Urbana","link":"https:\/\/radames.manosso.nom.br\/fotografia\/category\/urbana\/"},"img":{"alt_text":"Arquitetura em madeira - Bosque do Papa - Curitiba","src":"https:\/\/i0.wp.com\/radames.manosso.nom.br\/fotografia\/files\/2013\/11\/curitiba-em-detalhes-03-low-e1491944593898.jpg?resize=350%2C200&ssl=1","width":350,"height":200},"classes":[]},{"id":163,"url":"https:\/\/radames.manosso.nom.br\/fotografia\/urbana\/colecionador-de-tampa-de-bueiro\/","url_meta":{"origin":581,"position":4},"title":"Colecionador de tampas de bueiro","author":"Radam\u00e9s","date":false,"format":false,"excerpt":"Fiquem tranquilos, coleciono apenas fotografias de tampa de bueiro. \u00c9 uma cole\u00e7\u00e3o ainda pequena, mas espero amplia-la aos poucos. Descobri que existe uma rela\u00e7\u00e3o direta entre belas cidades e belas tampas. Sim, pode existir beleza nessas pe\u00e7as do mobili\u00e1rio urbano pisoteadas sem cessar. E se n\u00e3o forem belas, certamente nos\u2026","rel":"","context":"Em &quot;Urbana&quot;","block_context":{"text":"Urbana","link":"https:\/\/radames.manosso.nom.br\/fotografia\/category\/urbana\/"},"img":{"alt_text":"","src":"https:\/\/i0.wp.com\/radames.manosso.nom.br\/fotografia\/files\/2019\/06\/1539-tampa-de-bueiro-budapeste.jpg?resize=350%2C200&ssl=1","width":350,"height":200},"classes":[]},{"id":198,"url":"https:\/\/radames.manosso.nom.br\/fotografia\/urbana\/cliques-fora-da-curva\/","url_meta":{"origin":581,"position":5},"title":"Cliques fora da curva","author":"Radam\u00e9s","date":false,"format":false,"excerpt":"Sabe aquela foto fora do seu padr\u00e3o, mas que n\u00e3o d\u00e1 para n\u00e3o clicar? Quem anda com a c\u00e2mera na m\u00e3o volta e meia se depara com situa\u00e7\u00f5es ins\u00f3litas que n\u00e3o se encaixam na linha geral de seus cliques. Alinhei alguns pontos fora da curva nesta galeria. Em comum, eles\u2026","rel":"","context":"Em &quot;Urbana&quot;","block_context":{"text":"Urbana","link":"https:\/\/radames.manosso.nom.br\/fotografia\/category\/urbana\/"},"img":{"alt_text":"Bicicletas abandonadas em Berlim","src":"https:\/\/i0.wp.com\/radames.manosso.nom.br\/fotografia\/files\/2016\/07\/DSC_6371-e1491943346445.jpg?resize=350%2C200&ssl=1","width":350,"height":200},"classes":[]}],"jetpack_sharing_enabled":true,"_links":{"self":[{"href":"https:\/\/radames.manosso.nom.br\/fotografia\/wp-json\/wp\/v2\/posts\/581","targetHints":{"allow":["GET"]}}],"collection":[{"href":"https:\/\/radames.manosso.nom.br\/fotografia\/wp-json\/wp\/v2\/posts"}],"about":[{"href":"https:\/\/radames.manosso.nom.br\/fotografia\/wp-json\/wp\/v2\/types\/post"}],"author":[{"embeddable":true,"href":"https:\/\/radames.manosso.nom.br\/fotografia\/wp-json\/wp\/v2\/users\/1"}],"replies":[{"embeddable":true,"href":"https:\/\/radames.manosso.nom.br\/fotografia\/wp-json\/wp\/v2\/comments?post=581"}],"version-history":[{"count":24,"href":"https:\/\/radames.manosso.nom.br\/fotografia\/wp-json\/wp\/v2\/posts\/581\/revisions"}],"predecessor-version":[{"id":996,"href":"https:\/\/radames.manosso.nom.br\/fotografia\/wp-json\/wp\/v2\/posts\/581\/revisions\/996"}],"wp:attachment":[{"href":"https:\/\/radames.manosso.nom.br\/fotografia\/wp-json\/wp\/v2\/media?parent=581"}],"wp:term":[{"taxonomy":"category","embeddable":true,"href":"https:\/\/radames.manosso.nom.br\/fotografia\/wp-json\/wp\/v2\/categories?post=581"},{"taxonomy":"post_tag","embeddable":true,"href":"https:\/\/radames.manosso.nom.br\/fotografia\/wp-json\/wp\/v2\/tags?post=581"}],"curies":[{"name":"wp","href":"https:\/\/api.w.org\/{rel}","templated":true}]}}