{"id":108,"date":"2013-09-22T22:06:29","date_gmt":"2013-09-23T01:06:29","guid":{"rendered":"http:\/\/radames.manosso.nom.br\/linguagem\/?p=108"},"modified":"2020-11-26T16:50:45","modified_gmt":"2020-11-26T19:50:45","slug":"concisao","status":"publish","type":"post","link":"https:\/\/radames.manosso.nom.br\/linguagem\/retorica\/categorias\/concisao\/","title":{"rendered":"Concis\u00e3o"},"content":{"rendered":"\n<p>H\u00e1 dois tipos b\u00e1sicos de concis\u00e3o: de c\u00f3digo e de discurso. Concis\u00e3o \u00e9 uma qualidade relativa e subjetiva dos c\u00f3digos e discursos. Diz-se que um c\u00f3digo ou discurso \u00e9 mais conciso que outro quando transmite a mesma mensagem com menor extens\u00e3o. H\u00e1 o costume de dizer &#8216;c\u00f3digo conciso&#8217; ou &#8216;discurso conciso&#8217; quando tal c\u00f3digo ou discurso \u00e9 mais conciso que a m\u00e9dia de sua classe.<\/p>\n\n\n\n<figure class=\"wp-block-image size-large\"><a href=\"https:\/\/i0.wp.com\/radames.manosso.nom.br\/linguagem\/files\/retorica-1.jpg?ssl=1\"><img data-recalc-dims=\"1\" loading=\"lazy\" decoding=\"async\" width=\"500\" height=\"333\" src=\"https:\/\/i0.wp.com\/radames.manosso.nom.br\/linguagem\/files\/retorica-1.jpg?resize=500%2C333&#038;ssl=1\" alt=\"\" class=\"wp-image-3283\" srcset=\"https:\/\/i0.wp.com\/radames.manosso.nom.br\/linguagem\/files\/retorica-1.jpg?w=500&amp;ssl=1 500w, https:\/\/i0.wp.com\/radames.manosso.nom.br\/linguagem\/files\/retorica-1.jpg?resize=300%2C200&amp;ssl=1 300w\" sizes=\"auto, (max-width: 500px) 100vw, 500px\" \/><\/a><\/figure>\n\n\n\n<!--more-->\n\n\n\n<h3 class=\"wp-block-heading\">Concis\u00e3o de discurso<\/h3>\n\n\n\n<p>A concis\u00e3o de discurso \u00e9 avaliada quanto \u00e0 forma e ao conte\u00fado. Para avaliar o n\u00edvel do conte\u00fado \u00e9 preciso estabelecer algumas premissas sobre:<\/p>\n\n\n\n<ul class=\"wp-block-list\"><li>A <strong>ordem de grandeza<\/strong> da quantidade de significante esperada para o discurso. Uma frase pode ser considerada longa para t\u00edtulo de uma not\u00edcia e concisa demais para ser o lide da not\u00edcia.<\/li><li>O <strong>grau de s\u00edntese desejado<\/strong>. Ganha-se concis\u00e3o aumentando-se o grau de s\u00edntese, mas para cada discurso, dependendo de suas fun\u00e7\u00f5es, existe um grau de s\u00edntese \u00f3timo. Um livro de hist\u00f3ria pode contar um crime numa frase. O jornal do dia do crime o noticiar\u00e1 em uma coluna. Os autos do inqu\u00e9rito sobre o crime o descrever\u00e3o em v\u00e1rias p\u00e1ginas. Pode haver concis\u00e3o nos tr\u00eas casos.<\/li><li>O <strong>background externo do receptor<\/strong>. A concis\u00e3o \u00f3tima ser\u00e1 aquela em que n\u00e3o se discursa sobre o que \u00e9 \u00f3bvio, trivial para o receptor.<\/li><li>O<strong> campo de interesse do discurso<\/strong>. O que n\u00e3o est\u00e1 dentro do campo de interesse prejudica a concis\u00e3o e ser\u00e1 considerado sup\u00e9rfluo, dispersivo, alheio. <wp-block data-block=\"core\/more\"><\/li><\/ul>\n\n\n\n<h3 class=\"wp-block-heading\">Como obter concis\u00e3o<\/h3>\n\n\n\n<ul class=\"wp-block-list\"><li><strong>Elipses<\/strong>. Isto inclui as elipses sint\u00e1ticas, ortogr\u00e1ficas, narrativas, l\u00f3gicas e outras. A elipse elimina o que \u00e9 previs\u00edvel pela forma do discurso, ou pela implica\u00e7\u00e3o sem\u00e2ntica.<\/li><li><strong>Substitui\u00e7\u00e3o equivalente<\/strong>. Quando se permuta &#8216;precipita\u00e7\u00e3o pluviom\u00e9trica&#8217; por &#8216;chuva&#8217;, ganha-se em concis\u00e3o sem alterar a refer\u00eancia. A substitui\u00e7\u00e3o equivalente elimina a abund\u00e2ncia.<\/li><li><strong>S\u00edntese<\/strong>. A substitui\u00e7\u00e3o pode ser uma generaliza\u00e7\u00e3o equivalente. \u00c9 o uso da s\u00edntese. Por exemplo: &#8216;Entrou no banheiro, ligou o chuveiro, ensaboou-se, enxaguou-se, desligou o chuveiro e secou-se com a toalha.&#8217; Pode-se substituir o texto anterior por &#8216;Tomou banho de chuveiro.&#8217;<\/li><li><strong>Supress\u00e3o <\/strong>de redund\u00e2ncias e abund\u00e2ncias.<\/li><li>Predom\u00ednio de <strong>palavras lexicais<\/strong> sobre as gramaticais.<\/li><li>Uso de meton\u00edmias el\u00edpticas.<\/li><li><strong>Condensa\u00e7\u00e3o<\/strong>.<\/li><li><strong>Supress\u00e3o <\/strong>do \u00f3bvio, do trivial, do sup\u00e9rfluo, do dispersivo.<\/li><\/ul>\n\n\n\n<h3 class=\"wp-block-heading\">Categorias ret\u00f3ricas<\/h3>\n\n\n\n<ul class=\"wp-block-list\"><li><a href=\"https:\/\/radames.manosso.nom.br\/linguagem\/retorica\/categorias\/atratividade\/\">Atratividade do discurso<\/a><\/li><li><a href=\"https:\/\/radames.manosso.nom.br\/linguagem\/retorica\/categorias\/comunicabilidade\/\">Comunicabilidade<\/a><\/li><li><a href=\"https:\/\/radames.manosso.nom.br\/linguagem\/retorica\/categorias\/concisao\/\">Concis\u00e3o<\/a><\/li><li><a href=\"https:\/\/radames.manosso.nom.br\/linguagem\/retorica\/categorias\/conotacao\/\">Conota\u00e7\u00e3o<\/a><\/li><li><a href=\"https:\/\/radames.manosso.nom.br\/linguagem\/retorica\/categorias\/definicao\/\">Defini\u00e7\u00e3o<\/a><\/li><li><a href=\"https:\/\/radames.manosso.nom.br\/linguagem\/retorica\/categorias\/dualidades-do-discurso\/\">Dualidades do discurso<\/a><\/li><li><a href=\"https:\/\/radames.manosso.nom.br\/linguagem\/retorica\/categorias\/atenuacao-e-agravamento\/\">Eufemismo e disfemismo<\/a><\/li><li><a href=\"https:\/\/radames.manosso.nom.br\/linguagem\/retorica\/categorias\/legibilidade\/\">Legibilidade<\/a><\/li><li><a href=\"https:\/\/radames.manosso.nom.br\/linguagem\/retorica\/categorias\/propriedade\/\">Propriedade do discurso<\/a><\/li><li><a href=\"https:\/\/radames.manosso.nom.br\/linguagem\/retorica\/categorias\/quantidade-de-informacao\/\">Quantidade de informa\u00e7\u00e3o<\/a><\/li><li><a href=\"https:\/\/radames.manosso.nom.br\/linguagem\/retorica\/categorias\/sociabilidade\/\">Sociabilidade<\/a><\/li><li><a href=\"https:\/\/radames.manosso.nom.br\/linguagem\/retorica\/categorias\/sofistica\/\">Sof\u00edstica<\/a><\/li><li><a href=\"https:\/\/radames.manosso.nom.br\/linguagem\/retorica\/categorias\/taxonomia\/\">Taxonomia<\/a><\/li><\/ul>\n","protected":false},"excerpt":{"rendered":"<p>H\u00e1 dois tipos b\u00e1sicos de concis\u00e3o: de c\u00f3digo e de discurso. Concis\u00e3o \u00e9 uma qualidade relativa e subjetiva dos c\u00f3digos e discursos. Diz-se que um c\u00f3digo ou discurso \u00e9 mais conciso que outro quando transmite a mesma mensagem com menor extens\u00e3o. H\u00e1 o costume de dizer &#8216;c\u00f3digo conciso&#8217; ou &#8216;discurso conciso&#8217; quando tal c\u00f3digo ou &hellip; <a href=\"https:\/\/radames.manosso.nom.br\/linguagem\/retorica\/categorias\/concisao\/\" class=\"more-link\">Continue lendo <span class=\"screen-reader-text\">Concis\u00e3o<\/span> <span class=\"meta-nav\">&rarr;<\/span><\/a><\/p>\n","protected":false},"author":1,"featured_media":0,"comment_status":"open","ping_status":"closed","sticky":false,"template":"","format":"standard","meta":{"jetpack_post_was_ever_published":false,"_jetpack_newsletter_access":"","_jetpack_dont_email_post_to_subs":false,"_jetpack_newsletter_tier_id":0,"_jetpack_memberships_contains_paywalled_content":false,"_jetpack_memberships_contains_paid_content":false,"footnotes":"","jetpack_publicize_message":"","jetpack_publicize_feature_enabled":true,"jetpack_social_post_already_shared":false,"jetpack_social_options":{"image_generator_settings":{"template":"highway","default_image_id":0,"font":"","enabled":false},"version":2}},"categories":[56],"tags":[69],"class_list":["post-108","post","type-post","status-publish","format-standard","hentry","category-categorias","tag-concisao"],"jetpack_publicize_connections":[],"jetpack_featured_media_url":"","jetpack_sharing_enabled":true,"jetpack_shortlink":"https:\/\/wp.me\/s74YWN-concisao","jetpack-related-posts":[{"id":9,"url":"https:\/\/radames.manosso.nom.br\/linguagem\/retorica\/para-comecar\/retorica-e-estilistica\/","url_meta":{"origin":108,"position":0},"title":"Ret\u00f3rica e Estil\u00edstica","author":"Radam\u00e9s","date":false,"format":false,"excerpt":"A Ret\u00f3rica ocupa-se daquilo que torna o discurso espec\u00edfico e de como esta especificidade contribui para a sua efic\u00e1cia. J\u00e1 a Estil\u00edstica, como \u00e1rea de conhecimento, ocupa-se das especificidades t\u00edpicas. Neste sentido, nem a Ret\u00f3rica nem a Estil\u00edstica definem estilos. Na hist\u00f3ria da Ret\u00f3rica, por\u00e9m, constantemente os ret\u00f3ricos se ocupavam\u2026","rel":"","context":"Em &quot;Para come\u00e7ar&quot;","block_context":{"text":"Para come\u00e7ar","link":"https:\/\/radames.manosso.nom.br\/linguagem\/category\/retorica\/para-comecar\/"},"img":{"alt_text":"","src":"https:\/\/i0.wp.com\/radames.manosso.nom.br\/linguagem\/files\/retorica-1.jpg?resize=350%2C200&ssl=1","width":350,"height":200},"classes":[]},{"id":62,"url":"https:\/\/radames.manosso.nom.br\/linguagem\/narratology\/narrativas-noticiosa-e-literaria\/","url_meta":{"origin":108,"position":1},"title":"Narrativas noticiosa e liter\u00e1ria","author":"Radam\u00e9s","date":false,"format":false,"excerpt":"H\u00e1 dois modos not\u00e1veis de narrar que chamamos arbitrariamente de noticioso e liter\u00e1rio. Pelos nomes n\u00e3o se deve concluir que a narrativa noticiosa n\u00e3o aparece na literatura e que a narrativa liter\u00e1ria n\u00e3o \u00e9 usada em jornalismo ou em outro tipo de discurso. Vejamos as caracter\u00edsticas de cada uma em\u2026","rel":"","context":"Em &quot;Narratologia&quot;","block_context":{"text":"Narratologia","link":"https:\/\/radames.manosso.nom.br\/linguagem\/category\/narratology\/"},"img":{"alt_text":"","src":"https:\/\/i0.wp.com\/radames.manosso.nom.br\/linguagem\/files\/narratologia.jpg?resize=350%2C200&ssl=1","width":350,"height":200},"classes":[]},{"id":123,"url":"https:\/\/radames.manosso.nom.br\/linguagem\/retorica\/categorias\/comunicabilidade\/","url_meta":{"origin":108,"position":2},"title":"Comunicabilidade","author":"Radam\u00e9s","date":false,"format":false,"excerpt":"Comunicabilidade \u00e9 a qualidade do ato comunicativo otimizado, no qual a mensagem \u00e9 transferida integral, correta, r\u00e1pida e economicamente. A transmiss\u00e3o integral sup\u00f5e que n\u00e3o h\u00e1 ru\u00eddos supressivos, deformantes ou concorrentes. A transmiss\u00e3o correta implica em identidade entre a mensagem mentada pelo emissor e pelo receptor. A rapidez sup\u00f5e que\u2026","rel":"","context":"Em &quot;Categorias&quot;","block_context":{"text":"Categorias","link":"https:\/\/radames.manosso.nom.br\/linguagem\/category\/retorica\/categorias\/"},"img":{"alt_text":"","src":"https:\/\/i0.wp.com\/radames.manosso.nom.br\/linguagem\/files\/retorica-1.jpg?resize=350%2C200&ssl=1","width":350,"height":200},"classes":[]},{"id":112,"url":"https:\/\/radames.manosso.nom.br\/linguagem\/retorica\/categorias\/propriedade\/","url_meta":{"origin":108,"position":3},"title":"Propriedade do discurso","author":"Radam\u00e9s","date":false,"format":false,"excerpt":"Propriedade \u00e9 a caracter\u00edstica do discurso ou do termo cujo significado \u00e9 totalmente adequado para o contexto em que se aplica. No significado, considere-se tamb\u00e9m a conota\u00e7\u00e3o. A impropriedade altera a mensagem, causa dano. H\u00e1 impropriedades sutis e outras em que o dano \u00e9 consider\u00e1vel. H\u00e1 impropriedades t\u00edpicas em todos\u2026","rel":"","context":"Em &quot;Categorias&quot;","block_context":{"text":"Categorias","link":"https:\/\/radames.manosso.nom.br\/linguagem\/category\/retorica\/categorias\/"},"img":{"alt_text":"","src":"https:\/\/i0.wp.com\/radames.manosso.nom.br\/linguagem\/files\/retorica.jpg?resize=350%2C200&ssl=1","width":350,"height":200,"srcset":"https:\/\/i0.wp.com\/radames.manosso.nom.br\/linguagem\/files\/retorica.jpg?resize=350%2C200&ssl=1 1x, https:\/\/i0.wp.com\/radames.manosso.nom.br\/linguagem\/files\/retorica.jpg?resize=525%2C300&ssl=1 1.5x"},"classes":[]},{"id":94,"url":"https:\/\/radames.manosso.nom.br\/linguagem\/retorica\/categorias\/dualidades-do-discurso\/","url_meta":{"origin":108,"position":4},"title":"Dualidades do discurso","author":"Radam\u00e9s","date":false,"format":false,"excerpt":"Algumas caracter\u00edsticas do discurso s\u00e3o determinadas por dualidades como\u00a0 as apresentadas na sequ\u00eancia. O discurso oral e o escrito O discurso oral e o escrito t\u00eam particularidades que os fazem diferir. Vejamos algumas caracter\u00edsticas inerentes a um e outro. No discurso oral n\u00e3o existe a possibilidade do retorno do discurso,\u2026","rel":"","context":"Em &quot;Categorias&quot;","block_context":{"text":"Categorias","link":"https:\/\/radames.manosso.nom.br\/linguagem\/category\/retorica\/categorias\/"},"img":{"alt_text":"","src":"https:\/\/i0.wp.com\/radames.manosso.nom.br\/linguagem\/files\/gram%C3%A1tica.jpg?resize=350%2C200&ssl=1","width":350,"height":200},"classes":[]},{"id":117,"url":"https:\/\/radames.manosso.nom.br\/linguagem\/retorica\/categorias\/quantidade-de-informacao\/","url_meta":{"origin":108,"position":5},"title":"Quantidade de informa\u00e7\u00e3o","author":"Radam\u00e9s","date":false,"format":false,"excerpt":"H\u00e1 dois modos de entender a informa\u00e7\u00e3o: como significante e como significado. Como significante \u00e9 o modo que adota a Teoria da Informa\u00e7\u00e3o. Entendida como significante, informa\u00e7\u00e3o \u00e9 o discurso tomado como coisa, como objetividade que veicula uma mensagem, que ocupa espa\u00e7o de estocagem e tempo de transmiss\u00e3o. Unidade de\u2026","rel":"","context":"Em &quot;Categorias&quot;","block_context":{"text":"Categorias","link":"https:\/\/radames.manosso.nom.br\/linguagem\/category\/retorica\/categorias\/"},"img":{"alt_text":"","src":"https:\/\/i0.wp.com\/radames.manosso.nom.br\/linguagem\/files\/retorica-1.jpg?resize=350%2C200&ssl=1","width":350,"height":200},"classes":[]}],"_links":{"self":[{"href":"https:\/\/radames.manosso.nom.br\/linguagem\/wp-json\/wp\/v2\/posts\/108","targetHints":{"allow":["GET"]}}],"collection":[{"href":"https:\/\/radames.manosso.nom.br\/linguagem\/wp-json\/wp\/v2\/posts"}],"about":[{"href":"https:\/\/radames.manosso.nom.br\/linguagem\/wp-json\/wp\/v2\/types\/post"}],"author":[{"embeddable":true,"href":"https:\/\/radames.manosso.nom.br\/linguagem\/wp-json\/wp\/v2\/users\/1"}],"replies":[{"embeddable":true,"href":"https:\/\/radames.manosso.nom.br\/linguagem\/wp-json\/wp\/v2\/comments?post=108"}],"version-history":[{"count":2,"href":"https:\/\/radames.manosso.nom.br\/linguagem\/wp-json\/wp\/v2\/posts\/108\/revisions"}],"predecessor-version":[{"id":4109,"href":"https:\/\/radames.manosso.nom.br\/linguagem\/wp-json\/wp\/v2\/posts\/108\/revisions\/4109"}],"wp:attachment":[{"href":"https:\/\/radames.manosso.nom.br\/linguagem\/wp-json\/wp\/v2\/media?parent=108"}],"wp:term":[{"taxonomy":"category","embeddable":true,"href":"https:\/\/radames.manosso.nom.br\/linguagem\/wp-json\/wp\/v2\/categories?post=108"},{"taxonomy":"post_tag","embeddable":true,"href":"https:\/\/radames.manosso.nom.br\/linguagem\/wp-json\/wp\/v2\/tags?post=108"}],"curies":[{"name":"wp","href":"https:\/\/api.w.org\/{rel}","templated":true}]}}