{"id":12,"date":"2013-05-26T15:04:48","date_gmt":"2013-05-26T18:04:48","guid":{"rendered":"http:\/\/radames.manosso.nom.br\/linguagem\/?p=12"},"modified":"2020-11-20T11:21:52","modified_gmt":"2020-11-20T14:21:52","slug":"taxonomia-de-recursos","status":"publish","type":"post","link":"https:\/\/radames.manosso.nom.br\/linguagem\/retorica\/para-comecar\/taxonomia-de-recursos\/","title":{"rendered":"Taxonomia de recursos ret\u00f3ricos"},"content":{"rendered":"\n<p>A abund\u00e2ncia de recursos ret\u00f3ricos \u00e9 caracter\u00edstica da maioria dos tratados de Ret\u00f3rica, inclusive este. Provavelmente, em fun\u00e7\u00e3o dessa abund\u00e2ncia e da disparidade entre os recursos ret\u00f3ricos, houve, tradicionalmente, consider\u00e1vel disp\u00eandio de esfor\u00e7o para classific\u00e1-los. Em alguns casos, esse disp\u00eandio drenou toda a aten\u00e7\u00e3o dos ret\u00f3ricos, e o que deveria ser uma pr\u00e1tica acess\u00f3ria tornou-se principal escopo da Ret\u00f3rica.<\/p>\n\n\n\n<figure class=\"wp-block-image size-large\"><img data-recalc-dims=\"1\" loading=\"lazy\" decoding=\"async\" width=\"500\" height=\"333\" src=\"https:\/\/i0.wp.com\/radames.manosso.nom.br\/linguagem\/files\/retorica-1.jpg?resize=500%2C333&#038;ssl=1\" alt=\"\" class=\"wp-image-3283\" srcset=\"https:\/\/i0.wp.com\/radames.manosso.nom.br\/linguagem\/files\/retorica-1.jpg?w=500&amp;ssl=1 500w, https:\/\/i0.wp.com\/radames.manosso.nom.br\/linguagem\/files\/retorica-1.jpg?resize=300%2C200&amp;ssl=1 300w\" sizes=\"auto, (max-width: 500px) 100vw, 500px\" \/><\/figure>\n\n\n\n<!--more-->\n\n\n\n<p>Para fins de an\u00e1lise, consideremos tr\u00eas classifica\u00e7\u00f5es not\u00e1veis: a tradicional, a de Todorov e a do Grupo N\u00fc. Tomamos a classifica\u00e7\u00e3o dada por H\u00eanio Tavares como sendo a tradicional. A de Todorov e a do Grupo N\u00fc s\u00e3o classifica\u00e7\u00f5es matriciais.<\/p>\n\n\n\n<p>O tra\u00e7o comum das tr\u00eas classifica\u00e7\u00f5es \u00e9 o estabelecimento de uma analogia entre Ret\u00f3rica e Lingu\u00edstica, o que se pode observar no quadro de correspond\u00eancias abaixo:<\/p>\n\n\n\n<figure class=\"wp-block-table is-style-stripes\"><table><tbody><tr><td><strong>N\u00edvel ling\u00fc\u00edstico<\/strong><\/td><td><strong>Tradicional<\/strong><\/td><td><strong>Todorov<\/strong><\/td><td><strong>Grupo N\u00fc<\/strong><\/td><\/tr><tr><td>Fonol\u00f3gico<\/td><td>Figuras de palavra<\/td><td>Som\/sentido<\/td><td>Metaplasmo<\/td><\/tr><tr><td>Sint\u00e1tico<\/td><td>Figuras de constru\u00e7\u00e3o<\/td><td>Sintaxe<\/td><td>Metataxe<\/td><\/tr><tr><td>Sem\u00e2ntico<\/td><td>Tropos<\/td><td>Sem\u00e2ntica<\/td><td>Metassemema<\/td><\/tr><tr><td>Supra-sint\u00e1tico<\/td><td>Figuras de pensamento<\/td><td>Signo\/referente<\/td><td>Metalogismo<\/td><\/tr><\/tbody><\/table><\/figure>\n\n\n\n<p>A relev\u00e2ncia e a pertin\u00eancia da analogia entre Lingu\u00edstica e Ret\u00f3rica parece ineg\u00e1vel. Os problemas com este crit\u00e9rio s\u00e3o de consist\u00eancia. Analisemos os casos da alus\u00e3o, da antan\u00e1clase, da compara\u00e7\u00e3o e do pleonasmo.<\/p>\n\n\n\n<ul class=\"wp-block-list\"><li>A alus\u00e3o para Tavares \u00e9 figura de pensamento, para Todorov, \u00e9 anomalia sem\u00e2ntica e para o Grupo N\u00fc \u00e9 Metalogismo de supress\u00e3o-adjun\u00e7\u00e3o.<\/li><li>Para Tavares, a antan\u00e1clase \u00e9 figura de constru\u00e7\u00e3o, para Todorov, \u00e9 anomalia sem\u00e2ntica e para o Grupo N\u00fc \u00e9 metassemema.<\/li><li>A compara\u00e7\u00e3o para Tavares \u00e9 figura de pensamento, para Todorov, \u00e9 figura sem\u00e2ntica e para o Grupo N\u00fc \u00e9 metassemema.<\/li><li>O pleonasmo para Tavares \u00e9 figura de constru\u00e7\u00e3o, para Todorov, \u00e9 anomalia sem\u00e2ntica e para o Grupo N\u00fc \u00e9 um metalogismo de adjun\u00e7\u00e3o.<\/li><\/ul>\n\n\n\n<p>O quadro a seguir mostra como cada classifica\u00e7\u00e3o faz a correspond\u00eancia dos recursos com as categorias ling\u00fc\u00edsticas:<\/p>\n\n\n\n<figure class=\"wp-block-table is-style-stripes\"><table><tbody><tr><td><strong>Recurso<\/strong><\/td><td><strong>Tavares<\/strong><\/td><td><strong>Todorov<\/strong><\/td><td><strong>Grupo N\u00fc<\/strong><\/td><\/tr><tr><td>Alus\u00e3o<\/td><td>Supra-sint\u00e1tico<\/td><td>Sem\u00e2ntico<\/td><td>Supra-sint\u00e1tico<\/td><\/tr><tr><td>Antan\u00e1clase<\/td><td>Sint\u00e1tico<\/td><td>Sem\u00e2ntico<\/td><td>Sem\u00e2ntico<\/td><\/tr><tr><td>Compara\u00e7\u00e3o<\/td><td>Supra-sint\u00e1tico<\/td><td>Sem\u00e2ntico<\/td><td>Sem\u00e2ntico<\/td><\/tr><tr><td>Pleonasmo<\/td><td>Sint\u00e1tico<\/td><td>Sem\u00e2ntico<\/td><td>Supra-sint\u00e1tico<\/td><\/tr><\/tbody><\/table><\/figure>\n\n\n\n<p>O exemplo do pleonasmo \u00e9 o mais eloquente. Tradicionalmente, \u00e9 um recurso de sintaxe. Todorov o considera sem\u00e2ntico e o Grupo N\u00fc, supra sint\u00e1tico. O conceito designado por\u00a0<em>pleonasmo<\/em> \u00e9 o mesmo nas tr\u00eas classifica\u00e7\u00f5es. Ent\u00e3o, por que a diverg\u00eancia? O problema est\u00e1 na inconsist\u00eancia do crit\u00e9rio.<\/p>\n\n\n\n<p>Quando ocorre como repeti\u00e7\u00e3o, o pleonasmo se manifesta no plano sint\u00e1tico, logo, Tavares est\u00e1 certo. Se ocorrer como redund\u00e2ncia, manifesta-se no n\u00edvel sem\u00e2ntico, logo, Todorov est\u00e1 certo. Mas se ocorre como repeti\u00e7\u00e3o de mensagem, o pleonasmo se manifesta no plano supra sint\u00e1tico, logo, o Grupo N\u00fc est\u00e1 certo.<\/p>\n\n\n\n<p>Em resumo, o pleonasmo cabe em qualquer uma das tr\u00eas classes e o crit\u00e9rio de analogia com a Lingu\u00edstica n\u00e3o \u00e9 consistente.<\/p>\n\n\n\n<h3 class=\"wp-block-heading\">Ret\u00f3rica<\/h3>\n\n\n\n<ul class=\"wp-block-list\"><li><a href=\"https:\/\/radames.manosso.nom.br\/linguagem\/retorica\/para-comecar\/a-renovacao-da-retorica\/\">A renova\u00e7\u00e3o da Ret\u00f3rica<\/a><\/li><li><a href=\"https:\/\/radames.manosso.nom.br\/linguagem\/retorica\/para-comecar\/o-escopo-da-retorica\/\">O escopo da Ret\u00f3rica<\/a><\/li><li><a href=\"https:\/\/radames.manosso.nom.br\/linguagem\/retorica\/para-comecar\/o-mito-do-discurso-basico\/\">O mito do discurso b\u00e1sico<\/a><\/li><li><a href=\"https:\/\/radames.manosso.nom.br\/linguagem\/retorica\/para-comecar\/retorica-e-estilistica\/\">Ret\u00f3rica e Estil\u00edstica<\/a><\/li><li><a href=\"https:\/\/radames.manosso.nom.br\/linguagem\/retorica\/para-comecar\/retorica-e-teoria-da-informacao\/\">Ret\u00f3rica e teoria da informa\u00e7\u00e3o<\/a><\/li><li><a href=\"https:\/\/radames.manosso.nom.br\/linguagem\/retorica\/para-comecar\/o-elenco-de-recursos\/\">A lista de recursos ret\u00f3ricos<\/a><\/li><li><a href=\"https:\/\/radames.manosso.nom.br\/linguagem\/retorica\/para-comecar\/taxonomia-de-recursos\/\">Taxonomia de recursos<\/a><\/li><li><a href=\"https:\/\/radames.manosso.nom.br\/linguagem\/retorica\/para-comecar\/sentidos\/\">Os sentidos da palavra sentido<\/a><\/li><\/ul>\n","protected":false},"excerpt":{"rendered":"<p>A abund\u00e2ncia de recursos ret\u00f3ricos \u00e9 caracter\u00edstica da maioria dos tratados de Ret\u00f3rica, inclusive este. Provavelmente, em fun\u00e7\u00e3o dessa abund\u00e2ncia e da disparidade entre os recursos ret\u00f3ricos, houve, tradicionalmente, consider\u00e1vel disp\u00eandio de esfor\u00e7o para classific\u00e1-los. Em alguns casos, esse disp\u00eandio drenou toda a aten\u00e7\u00e3o dos ret\u00f3ricos, e o que deveria ser uma pr\u00e1tica acess\u00f3ria tornou-se &hellip; <a href=\"https:\/\/radames.manosso.nom.br\/linguagem\/retorica\/para-comecar\/taxonomia-de-recursos\/\" class=\"more-link\">Continue lendo <span class=\"screen-reader-text\">Taxonomia de recursos ret\u00f3ricos<\/span> <span class=\"meta-nav\">&rarr;<\/span><\/a><\/p>\n","protected":false},"author":1,"featured_media":0,"comment_status":"open","ping_status":"closed","sticky":false,"template":"","format":"standard","meta":{"jetpack_post_was_ever_published":false,"_jetpack_newsletter_access":"","_jetpack_dont_email_post_to_subs":false,"_jetpack_newsletter_tier_id":0,"_jetpack_memberships_contains_paywalled_content":false,"_jetpack_memberships_contains_paid_content":false,"footnotes":"","jetpack_publicize_message":"","jetpack_publicize_feature_enabled":true,"jetpack_social_post_already_shared":false,"jetpack_social_options":{"image_generator_settings":{"template":"highway","default_image_id":0,"font":"","enabled":false},"version":2}},"categories":[4],"tags":[13,11,5,12],"class_list":["post-12","post","type-post","status-publish","format-standard","hentry","category-para-comecar","tag-classificacao","tag-recursos","tag-retorica-2","tag-taxonomia"],"jetpack_publicize_connections":[],"jetpack_featured_media_url":"","jetpack_sharing_enabled":true,"jetpack_shortlink":"https:\/\/wp.me\/p74YWN-c","jetpack-related-posts":[{"id":91,"url":"https:\/\/radames.manosso.nom.br\/linguagem\/retorica\/categorias\/taxonomia\/","url_meta":{"origin":12,"position":0},"title":"Taxonomia a arte da classifica\u00e7\u00e3o","author":"Radam\u00e9s","date":false,"format":false,"excerpt":"Para apresentarmos nossa teoria taxon\u00f4mica usamos um estilo matem\u00e1tico. Crit\u00e9rio de classifica\u00e7\u00e3o: Um crit\u00e9rio de classifica\u00e7\u00e3o, ou C, para um conjunto com pelo menos dois elementos, a que chamaremos conjunto universo, ou U, \u00e9 um conjunto de proposi\u00e7\u00f5es de argumento \u00fanico, ao qual chamaremos P1, P2, ... Pn, tais que:\u2026","rel":"","context":"Em &quot;Categorias&quot;","block_context":{"text":"Categorias","link":"https:\/\/radames.manosso.nom.br\/linguagem\/category\/retorica\/categorias\/"},"img":{"alt_text":"","src":"https:\/\/i0.wp.com\/radames.manosso.nom.br\/linguagem\/files\/retorica-1.jpg?resize=350%2C200&ssl=1","width":350,"height":200},"classes":[]},{"id":23,"url":"https:\/\/radames.manosso.nom.br\/linguagem\/retorica\/para-comecar\/o-elenco-de-recursos\/","url_meta":{"origin":12,"position":1},"title":"A lista de recursos ret\u00f3ricos","author":"Radam\u00e9s","date":false,"format":false,"excerpt":"As defini\u00e7\u00f5es compreensivas de recurso ret\u00f3rico s\u00e3o feitas tentando sempre se adequar a um elenco subentendido de ocorr\u00eancias. O contr\u00e1rio n\u00e3o acontece: definir recurso ret\u00f3rico para s\u00f3 depois gerar o elenco. A tradi\u00e7\u00e3o pressiona neste sentido, o que torna dif\u00edcil, por exemplo, pensar em recurso ret\u00f3rico sem pensar em met\u00e1fora.\u2026","rel":"","context":"Em &quot;Para come\u00e7ar&quot;","block_context":{"text":"Para come\u00e7ar","link":"https:\/\/radames.manosso.nom.br\/linguagem\/category\/retorica\/para-comecar\/"},"img":{"alt_text":"","src":"https:\/\/i0.wp.com\/radames.manosso.nom.br\/linguagem\/files\/retorica-1.jpg?resize=350%2C200&ssl=1","width":350,"height":200},"classes":[]},{"id":26,"url":"https:\/\/radames.manosso.nom.br\/linguagem\/retorica\/para-comecar\/o-mito-do-discurso-basico\/","url_meta":{"origin":12,"position":2},"title":"O mito do discurso b\u00e1sico","author":"Radam\u00e9s","date":false,"format":false,"excerpt":"Existe o mito de um discurso b\u00e1sico, de refer\u00eancia, do grau zero da escritura, de um modo normal de discursar, de um jeito natural, da linguagem essencialmente n\u00e3o-liter\u00e1ria, de um discurso inespec\u00edfico, sem estilo, sem Ret\u00f3rica, prim\u00e1rio. Inespec\u00edfica \u00e9 a linguagem, massa pl\u00e1stica informe e potencial, que dentro de certas\u2026","rel":"","context":"Em &quot;Para come\u00e7ar&quot;","block_context":{"text":"Para come\u00e7ar","link":"https:\/\/radames.manosso.nom.br\/linguagem\/category\/retorica\/para-comecar\/"},"img":{"alt_text":"","src":"https:\/\/i0.wp.com\/radames.manosso.nom.br\/linguagem\/files\/retorica-1.jpg?resize=350%2C200&ssl=1","width":350,"height":200},"classes":[]},{"id":31,"url":"https:\/\/radames.manosso.nom.br\/linguagem\/retorica\/para-comecar\/a-renovacao-da-retorica\/","url_meta":{"origin":12,"position":3},"title":"A renova\u00e7\u00e3o da Ret\u00f3rica","author":"Radam\u00e9s","date":false,"format":false,"excerpt":"\u00c9 surpreendente a Ret\u00f3rica ter surgido pujante h\u00e1 mais de dois mil anos, numa \u00e9poca de parcos recursos de an\u00e1lise, que nem de longe se comparam aos que dispomos hoje. Mais surpreendente ainda \u00e9 a hiberna\u00e7\u00e3o milenar em que a Ret\u00f3rica ingressou ap\u00f3s seu per\u00edodo \u00e1ureo, mesmo sendo objeto de\u2026","rel":"","context":"Em &quot;Para come\u00e7ar&quot;","block_context":{"text":"Para come\u00e7ar","link":"https:\/\/radames.manosso.nom.br\/linguagem\/category\/retorica\/para-comecar\/"},"img":{"alt_text":"","src":"https:\/\/i0.wp.com\/radames.manosso.nom.br\/linguagem\/files\/retorica-1.jpg?resize=350%2C200&ssl=1","width":350,"height":200},"classes":[]},{"id":29,"url":"https:\/\/radames.manosso.nom.br\/linguagem\/retorica\/para-comecar\/o-escopo-da-retorica\/","url_meta":{"origin":12,"position":4},"title":"O escopo da Ret\u00f3rica","author":"Radam\u00e9s","date":false,"format":false,"excerpt":"A Ret\u00f3rica ocupa-se dos meios formais que tornam a comunica\u00e7\u00e3o espec\u00edfica ou eficaz, tais como regras de uso ou supress\u00e3o e formas construtivas, al\u00e9m de categorias relacionadas. \u00c9 um conhecimento sobre essas categorias, suas caracter\u00edsticas, funcionalidade, efic\u00e1cia e excel\u00eancia. Para que a comunica\u00e7\u00e3o seja eficaz sup\u00f5e-se que vise a objetivos\u2026","rel":"","context":"Em &quot;Para come\u00e7ar&quot;","block_context":{"text":"Para come\u00e7ar","link":"https:\/\/radames.manosso.nom.br\/linguagem\/category\/retorica\/para-comecar\/"},"img":{"alt_text":"","src":"https:\/\/i0.wp.com\/radames.manosso.nom.br\/linguagem\/files\/retorica-1.jpg?resize=350%2C200&ssl=1","width":350,"height":200},"classes":[]},{"id":9,"url":"https:\/\/radames.manosso.nom.br\/linguagem\/retorica\/para-comecar\/retorica-e-estilistica\/","url_meta":{"origin":12,"position":5},"title":"Ret\u00f3rica e Estil\u00edstica","author":"Radam\u00e9s","date":false,"format":false,"excerpt":"A Ret\u00f3rica ocupa-se daquilo que torna o discurso espec\u00edfico e de como esta especificidade contribui para a sua efic\u00e1cia. J\u00e1 a Estil\u00edstica, como \u00e1rea de conhecimento, ocupa-se das especificidades t\u00edpicas. Neste sentido, nem a Ret\u00f3rica nem a Estil\u00edstica definem estilos. Na hist\u00f3ria da Ret\u00f3rica, por\u00e9m, constantemente os ret\u00f3ricos se ocupavam\u2026","rel":"","context":"Em &quot;Para come\u00e7ar&quot;","block_context":{"text":"Para come\u00e7ar","link":"https:\/\/radames.manosso.nom.br\/linguagem\/category\/retorica\/para-comecar\/"},"img":{"alt_text":"","src":"https:\/\/i0.wp.com\/radames.manosso.nom.br\/linguagem\/files\/retorica-1.jpg?resize=350%2C200&ssl=1","width":350,"height":200},"classes":[]}],"_links":{"self":[{"href":"https:\/\/radames.manosso.nom.br\/linguagem\/wp-json\/wp\/v2\/posts\/12","targetHints":{"allow":["GET"]}}],"collection":[{"href":"https:\/\/radames.manosso.nom.br\/linguagem\/wp-json\/wp\/v2\/posts"}],"about":[{"href":"https:\/\/radames.manosso.nom.br\/linguagem\/wp-json\/wp\/v2\/types\/post"}],"author":[{"embeddable":true,"href":"https:\/\/radames.manosso.nom.br\/linguagem\/wp-json\/wp\/v2\/users\/1"}],"replies":[{"embeddable":true,"href":"https:\/\/radames.manosso.nom.br\/linguagem\/wp-json\/wp\/v2\/comments?post=12"}],"version-history":[{"count":6,"href":"https:\/\/radames.manosso.nom.br\/linguagem\/wp-json\/wp\/v2\/posts\/12\/revisions"}],"predecessor-version":[{"id":4044,"href":"https:\/\/radames.manosso.nom.br\/linguagem\/wp-json\/wp\/v2\/posts\/12\/revisions\/4044"}],"wp:attachment":[{"href":"https:\/\/radames.manosso.nom.br\/linguagem\/wp-json\/wp\/v2\/media?parent=12"}],"wp:term":[{"taxonomy":"category","embeddable":true,"href":"https:\/\/radames.manosso.nom.br\/linguagem\/wp-json\/wp\/v2\/categories?post=12"},{"taxonomy":"post_tag","embeddable":true,"href":"https:\/\/radames.manosso.nom.br\/linguagem\/wp-json\/wp\/v2\/tags?post=12"}],"curies":[{"name":"wp","href":"https:\/\/api.w.org\/{rel}","templated":true}]}}