{"id":138,"date":"2013-09-23T12:42:18","date_gmt":"2013-09-23T15:42:18","guid":{"rendered":"http:\/\/radames.manosso.nom.br\/linguagem\/?p=138"},"modified":"2020-11-24T11:13:39","modified_gmt":"2020-11-24T14:13:39","slug":"segmentacao","status":"publish","type":"post","link":"https:\/\/radames.manosso.nom.br\/linguagem\/retorica\/recursos-retorica\/segmentacao\/","title":{"rendered":"Segmenta\u00e7\u00e3o do discurso"},"content":{"rendered":"\n<p>O discurso \u00e9 segmentado em unidades discretas em todos os n\u00edveis lingu\u00edsticos: fonol\u00f3gico, gr\u00e1fico, morfol\u00f3gico, sint\u00e1tico e sem\u00e2ntico. Al\u00e9m da segmenta\u00e7\u00e3o com fun\u00e7\u00f5es lingu\u00edsticas, h\u00e1 segmenta\u00e7\u00f5es ret\u00f3ricas e segmenta\u00e7\u00f5es estil\u00edsticas. Uma diferen\u00e7a relevante entre segmenta\u00e7\u00e3o lingu\u00edstica e ret\u00f3rica \u00e9 o fato de a ret\u00f3rica ocorrer tamb\u00e9m num n\u00edvel superior ao gramatical. A segmenta\u00e7\u00e3o do discurso pode se dar na \u00e1rea do significante ou do significado.<\/p>\n\n\n\n<figure class=\"wp-block-image size-large\"><img data-recalc-dims=\"1\" loading=\"lazy\" decoding=\"async\" width=\"604\" height=\"453\" src=\"https:\/\/i0.wp.com\/radames.manosso.nom.br\/linguagem\/files\/retorica.jpg?resize=604%2C453&#038;ssl=1\" alt=\"\" class=\"wp-image-3281\" srcset=\"https:\/\/i0.wp.com\/radames.manosso.nom.br\/linguagem\/files\/retorica.jpg?w=640&amp;ssl=1 640w, https:\/\/i0.wp.com\/radames.manosso.nom.br\/linguagem\/files\/retorica.jpg?resize=300%2C225&amp;ssl=1 300w\" sizes=\"auto, (max-width: 604px) 100vw, 604px\" \/><\/figure>\n\n\n\n<!--more-->\n\n\n\n<h3 class=\"wp-block-heading\">Segmenta\u00e7\u00e3o pelo significante<\/h3>\n\n\n\n<p>No discurso oral, a segmenta\u00e7\u00e3o est\u00e1 presente na(s):<\/p>\n\n\n\n<ul class=\"wp-block-list\"><li>pausas<\/li><li>pontua\u00e7\u00e3o<\/li><li>balizas. Exemplo:&nbsp;<em>Vamos \u00e0 outra parte &#8230;<\/em>,&nbsp;<em>Mudando de assunto &#8230;<\/em><\/li><li>interpola\u00e7\u00e3o de t\u00edtulos<\/li><\/ul>\n\n\n\n<p>No discurso escrito, a segmenta\u00e7\u00e3o se d\u00e1 por:<\/p>\n\n\n\n<ul class=\"wp-block-list\"><li>Espa\u00e7os em branco<\/li><li>Par\u00e1grafo<\/li><li>Mudan\u00e7a de linha<\/li><li>Mudan\u00e7a de p\u00e1gina<\/li><li>Diferencia\u00e7\u00e3o editorial<\/li><li>Caixas<\/li><li>Interpola\u00e7\u00e3o de t\u00edtulos<\/li><\/ul>\n\n\n\n<p>O discurso \u00e9 segmentado no n\u00edvel do significante geralmente para acompanhar uma segmenta\u00e7\u00e3o no n\u00edvel do significado. H\u00e1 casos em que isso n\u00e3o ocorre. Por exemplo: o verso e a estrofe s\u00e3o recursos de segmenta\u00e7\u00e3o pelo significante que podem corresponder ou n\u00e3o a segmenta\u00e7\u00f5es pelo significado. Um verso ou uma estrofe com encadeamento n\u00e3o correspondem a um segmento tem\u00e1tico.<\/p>\n\n\n\n<h3 class=\"wp-block-heading\">Par\u00e1grafo<\/h3>\n\n\n\n<p>O par\u00e1grafo \u00e9 um recurso de edi\u00e7\u00e3o e consiste em segmentar o discurso ap\u00f3s a conclus\u00e3o de um per\u00edodo sint\u00e1tico, o novo segmento deve ser alinhado na margem esquerda, com ou sem recuo para a direita. As fun\u00e7\u00f5es do par\u00e1grafo podem ser de atratividade. O par\u00e1grafo funciona como ponto de entrada para o texto. <\/p>\n\n\n\n<p>Temos tamb\u00e9m a fun\u00e7\u00e3o de acessibilidade. Nesse caso, a fun\u00e7\u00e3o s\u00f3 se cumpre se o par\u00e1grafo for uma unidade tem\u00e1tica, ou seja, se a sua segmenta\u00e7\u00e3o tiver por correspond\u00eancia uma segmenta\u00e7\u00e3o tem\u00e1tica. H\u00e1 quem defina o par\u00e1grafo como a unidade tem\u00e1tica m\u00ednima, mas isso s\u00f3 \u00e9 v\u00e1lido para uma parcela dos par\u00e1grafos observados.<\/p>\n\n\n\n<h3 class=\"wp-block-heading\">Segmenta\u00e7\u00e3o e comunicabilidade<\/h3>\n\n\n\n<p>A segmenta\u00e7\u00e3o pode aumentar ou restringir a comunicabilidade, dependendo do modo como \u00e9 praticada. Por exemplo: ao praticarmos uma segmenta\u00e7\u00e3o tem\u00e1tica beneficiamos a acessibilidade. Se dividirmos uma palavra em dois segmentos de linha na hora da edi\u00e7\u00e3o, prejudicamos a pronunciabilidade.<\/p>\n\n\n\n<p>Outros exemplos: no discurso escrito, se segmentarmos a palavra, o termo sint\u00e1tico, a locu\u00e7\u00e3o, a ora\u00e7\u00e3o, perde-se em comunicabilidade. Por isso, no jornalismo evita-se dividir palavras, nomes, locu\u00e7\u00f5es e termos sint\u00e1ticos em dois segmentos de linha. Como regra geral, pode-se afirmar que a segmenta\u00e7\u00e3o prejudica a comunicabilidade toda vez que rompe uma unidade, seja ela uma palavra, um termo sint\u00e1tico, uma locu\u00e7\u00e3o, uma ora\u00e7\u00e3o ou um conceito.<\/p>\n\n\n\n<h3 class=\"wp-block-heading\">Pontua\u00e7\u00e3o<\/h3>\n\n\n\n<p>A pontua\u00e7\u00e3o \u00e9 um tipo de segmenta\u00e7\u00e3o. H\u00e1 uma pontua\u00e7\u00e3o lingu\u00edstica, outra ret\u00f3rica e uma terceira que \u00e9 estil\u00edstica. No discurso oral, a pontua\u00e7\u00e3o se caracteriza pelo uso da pausa. No discurso escrito, h\u00e1 v\u00e1rios grafemas que caracterizam pontua\u00e7\u00e3o: v\u00edrgula, ponto-e-v\u00edrgula, ponto. Al\u00e9m destes, h\u00e1 outros que apresentam outras fun\u00e7\u00f5es acumuladas com a de pontuar: ponto de interroga\u00e7\u00e3o, exclama\u00e7\u00e3o, dois pontos, travess\u00e3o, etc.<\/p>\n\n\n\n<p><strong>Pontua\u00e7\u00e3o lingu\u00edstica no portugu\u00eas:<\/strong><\/p>\n\n\n\n<ul class=\"wp-block-list\"><li>Nas enumera\u00e7\u00f5es: &#8216;Jo\u00e3o, Pedro, Paulo e Jos\u00e9 se apresentem&#8217;.<\/li><li>Nos apostos: &#8216;Arist\u00f3teles, o grande fil\u00f3sofo grego, \u00e9 autor dos T\u00f3picos&#8217;.<\/li><\/ul>\n\n\n\n<p><strong>Pontua\u00e7\u00e3o estil\u00edstica no portugu\u00eas:<\/strong><\/p>\n\n\n\n<ul class=\"wp-block-list\"><li>Colocar entre v\u00edrgulas conjun\u00e7\u00f5es adversativas: &#8216;Fez, por\u00e9m, malfeito&#8217;. Como as conjun\u00e7\u00f5es por natureza delimitar ora\u00e7\u00f5es, as v\u00edrgulas s\u00e3o redundantes. Contudo, a regra consta nos manuais de gram\u00e1tica normativa.<\/li><li>Separar prov\u00e9rbios em hemist\u00edquios: &#8216;Quem usa a cabe\u00e7a, n\u00e3o usa os p\u00e9s&#8217;. A segmenta\u00e7\u00e3o \u00e9 usada meramente por respeito a uma tradi\u00e7\u00e3o.<\/li><\/ul>\n\n\n\n<p>As fun\u00e7\u00f5es ret\u00f3ricas da pontua\u00e7\u00e3o podem ser a de determinar a entoa\u00e7\u00e3o, enfatizar o que se coloca entre pausas ou contestar a estil\u00edstica quando se rompe com uma norma de estilo.<\/p>\n\n\n\n<p>O desrespeito \u00e0s regras de pontua\u00e7\u00e3o lingu\u00edstica pode trazer danos \u00e0 comunicabilidade na medida em que cria obst\u00e1culos, \u00e0s vezes intranspon\u00edveis, \u00e0 decifra\u00e7\u00e3o. Isto tem sido usado em literatura deliberadamente. Certos autores eliminam pontua\u00e7\u00e3o com objetivo de reduzir a comunicabilidade do discurso.<\/p>\n\n\n\n<h3 class=\"wp-block-heading\">Estrutura\u00e7\u00e3o em n\u00edveis<\/h3>\n\n\n\n<p>Tanto na segmenta\u00e7\u00e3o pelo significante como na pelo significado pode haver estrutura\u00e7\u00e3o em n\u00edveis. Na estrutura\u00e7\u00e3o em n\u00edveis pratica-se a segmenta\u00e7\u00e3o na segmenta\u00e7\u00e3o, ou seja, segmentam-se os segmentos. Numa estrutura\u00e7\u00e3o em n\u00edveis identificamos tr\u00eas tipos de segmentos:<\/p>\n\n\n\n<ul class=\"wp-block-list\"><li><strong>De ponta:<\/strong> n\u00e3o s\u00e3o formados por segmentos menores, s\u00f3 por texto.<\/li><li><strong>De topo<\/strong>: n\u00e3o est\u00e3o contidos num segmento maior.<\/li><li><strong>Intermedi\u00e1rios<\/strong>: est\u00e3o contidos num segmento superior e cont\u00eam segmentos inferiores.<\/li><\/ul>\n\n\n\n<p>Podemos atribuir para cada segmento um n\u00famero ordin\u00e1rio de n\u00edvel. Os segmentos de topo s\u00e3o de n\u00edvel 1. Os segmentos de n\u00edvel 2 s\u00e3o os que s\u00f3 s\u00e3o contidos por segmentos de n\u00edvel l e os segmentos de n\u00edvel tr\u00eas s\u00f3 s\u00e3o contidos em segmentos de n\u00edvel 2 e l e assim sucessivamente.<\/p>\n\n\n\n<p>No discurso escrito o n\u00edvel do segmento na estrutura\u00e7\u00e3o pode ser caracterizado por:<\/p>\n\n\n\n<ul class=\"wp-block-list\"><li>Tipografia espec\u00edfica para o t\u00edtulo.<\/li><li>Tipografia espec\u00edfica para o texto.<\/li><li>Marcadores espec\u00edficos para status.<\/li><\/ul>\n\n\n\n<h3 class=\"wp-block-heading\">Tipos de estrutura\u00e7\u00e3o em n\u00edveis<\/h3>\n\n\n\n<p>Geralmente a estrutura\u00e7\u00e3o em n\u00edveis se corresponde com uma hierarquia tem\u00e1tica. Neste caso os segmentos de n\u00edvel 1 tratam do tema gen\u00e9rico do discurso. Os segmentos de n\u00edvel 2 tratam todos do tema relacionado ao segmento de n\u00edvel 1 que os cont\u00e9m. Os segmentos de n\u00edvel 3 tratam todos do tema relacionado ao segmento de n\u00edvel 2 que os cont\u00e9m e assim por diante.<\/p>\n\n\n\n<p>Tamb\u00e9m h\u00e1 estrutura\u00e7\u00f5es em n\u00edvel que refletem uma taxonomia. A cada segmento de uma estrutura\u00e7\u00e3o em n\u00edveis \u00e9 poss\u00edvel atribuir um status que pode ser correspondido a um n\u00famero ordinal de status, ou a um nome.<\/p>\n\n\n\n<p>Status de um segmento \u00e9 um valor a ele atribu\u00eddo relativamente aos demais. Exemplo t\u00edpico de atribui\u00e7\u00e3o de status \u00e9 a seq\u00fc\u00eancia tomo, cap\u00edtulo, artigo, par\u00e1grafo, al\u00ednea.<\/p>\n\n\n\n<p>Um segmento numa estrutura\u00e7\u00e3o por n\u00edvel tem um n\u00famero ordinal de n\u00edvel e outro de status, que n\u00e3o precisam ser iguais, embora o de status n\u00e3o possa ser maior que o de n\u00edvel.<\/p>\n\n\n\n<h3 class=\"wp-block-heading\">Figuras de linguagem (Recursos ret\u00f3ricos)<\/h3>\n\n\n\n<ul class=\"wp-block-list\"><li><a href=\"https:\/\/radames.manosso.nom.br\/linguagem\/retorica\/recursos-retorica\/alegoria\/\">Alegoria<\/a><\/li><li><a href=\"https:\/\/radames.manosso.nom.br\/linguagem\/retorica\/recursos-retorica\/elipse\/\">Elipse<\/a><\/li><li><a href=\"https:\/\/radames.manosso.nom.br\/linguagem\/retorica\/recursos-retorica\/iconia\/\">Iconia<\/a><\/li><li><a href=\"https:\/\/radames.manosso.nom.br\/linguagem\/retorica\/recursos-retorica\/ironia\/\">Ironia<\/a><\/li><li><a href=\"https:\/\/radames.manosso.nom.br\/linguagem\/retorica\/recursos-retorica\/metafora\/\">Met\u00e1fora<\/a><\/li><li><a href=\"https:\/\/radames.manosso.nom.br\/linguagem\/retorica\/recursos-retorica\/metaplasmo\/\">Metaplasmo<\/a><\/li><li><a href=\"https:\/\/radames.manosso.nom.br\/linguagem\/retorica\/recursos-retorica\/metonimia\/\">Meton\u00edmia<\/a><\/li><li><a href=\"https:\/\/radames.manosso.nom.br\/linguagem\/retorica\/recursos-retorica\/titulo\/\">O t\u00edtulo como recurso ret\u00f3rico<\/a><\/li><li><a href=\"https:\/\/radames.manosso.nom.br\/linguagem\/retorica\/recursos-retorica\/ordem\/\">Ordem do discurso<\/a><\/li><li><a href=\"https:\/\/radames.manosso.nom.br\/linguagem\/retorica\/recursos-retorica\/oximoro\/\">Ox\u00edmoro<\/a><\/li><li><a href=\"https:\/\/radames.manosso.nom.br\/linguagem\/retorica\/recursos-retorica\/editoriais\/\">Recursos ret\u00f3ricos editoriais<\/a><\/li><li><a href=\"https:\/\/radames.manosso.nom.br\/linguagem\/retorica\/recursos-retorica\/entoativos-e-gestuais\/\">Recursos ret\u00f3ricos entoativos e gestuais<\/a><\/li><li><a href=\"https:\/\/radames.manosso.nom.br\/linguagem\/retorica\/recursos-retorica\/ortograficos\/\">Recursos ret\u00f3ricos ortogr\u00e1ficos<\/a><\/li><li><a href=\"https:\/\/radames.manosso.nom.br\/linguagem\/retorica\/recursos-retorica\/repeticao\/\">Repeti\u00e7\u00e3o<\/a><\/li><li><a href=\"https:\/\/radames.manosso.nom.br\/linguagem\/retorica\/recursos-retorica\/segmentacao\/\">Segmenta\u00e7\u00e3o do discurso<\/a><\/li><li><a href=\"https:\/\/radames.manosso.nom.br\/linguagem\/retorica\/recursos-retorica\/trocadilho\/\">Trocadilho<\/a><\/li><li><a href=\"https:\/\/radames.manosso.nom.br\/linguagem\/retorica\/recursos-retorica\/outros-recursos\/\">Figuras de linguagem pouco conhecidas<\/a><\/li><\/ul>\n\n\n\n<p><object id=\"cb0ba949-aa88-a0ab-29eb-fb938997beb6\" type=\"application\/gas-events-abn\" width=\"0\" height=\"0\"><\/object><\/p>\n","protected":false},"excerpt":{"rendered":"<p>O discurso \u00e9 segmentado em unidades discretas em todos os n\u00edveis lingu\u00edsticos: fonol\u00f3gico, gr\u00e1fico, morfol\u00f3gico, sint\u00e1tico e sem\u00e2ntico. Al\u00e9m da segmenta\u00e7\u00e3o com fun\u00e7\u00f5es lingu\u00edsticas, h\u00e1 segmenta\u00e7\u00f5es ret\u00f3ricas e segmenta\u00e7\u00f5es estil\u00edsticas. Uma diferen\u00e7a relevante entre segmenta\u00e7\u00e3o lingu\u00edstica e ret\u00f3rica \u00e9 o fato de a ret\u00f3rica ocorrer tamb\u00e9m num n\u00edvel superior ao gramatical. A segmenta\u00e7\u00e3o do discurso &hellip; <a href=\"https:\/\/radames.manosso.nom.br\/linguagem\/retorica\/recursos-retorica\/segmentacao\/\" class=\"more-link\">Continue lendo <span class=\"screen-reader-text\">Segmenta\u00e7\u00e3o do discurso<\/span> <span class=\"meta-nav\">&rarr;<\/span><\/a><\/p>\n","protected":false},"author":1,"featured_media":0,"comment_status":"open","ping_status":"closed","sticky":false,"template":"","format":"standard","meta":{"jetpack_post_was_ever_published":false,"_jetpack_newsletter_access":"","_jetpack_dont_email_post_to_subs":false,"_jetpack_newsletter_tier_id":0,"_jetpack_memberships_contains_paywalled_content":false,"_jetpack_memberships_contains_paid_content":false,"footnotes":"","jetpack_publicize_message":"","jetpack_publicize_feature_enabled":true,"jetpack_social_post_already_shared":false,"jetpack_social_options":{"image_generator_settings":{"template":"highway","default_image_id":0,"font":"","enabled":false},"version":2}},"categories":[78],"tags":[91,90],"class_list":["post-138","post","type-post","status-publish","format-standard","hentry","category-recursos-retorica","tag-paragrafo","tag-segmentacao"],"jetpack_publicize_connections":[],"jetpack_featured_media_url":"","jetpack_sharing_enabled":true,"jetpack_shortlink":"https:\/\/wp.me\/p74YWN-2e","jetpack-related-posts":[{"id":117,"url":"https:\/\/radames.manosso.nom.br\/linguagem\/retorica\/categorias\/quantidade-de-informacao\/","url_meta":{"origin":138,"position":0},"title":"Quantidade de informa\u00e7\u00e3o","author":"Radam\u00e9s","date":false,"format":false,"excerpt":"H\u00e1 dois modos de entender a informa\u00e7\u00e3o: como significante e como significado. Como significante \u00e9 o modo que adota a Teoria da Informa\u00e7\u00e3o. Entendida como significante, informa\u00e7\u00e3o \u00e9 o discurso tomado como coisa, como objetividade que veicula uma mensagem, que ocupa espa\u00e7o de estocagem e tempo de transmiss\u00e3o. Unidade de\u2026","rel":"","context":"Em &quot;Categorias&quot;","block_context":{"text":"Categorias","link":"https:\/\/radames.manosso.nom.br\/linguagem\/category\/retorica\/categorias\/"},"img":{"alt_text":"","src":"https:\/\/i0.wp.com\/radames.manosso.nom.br\/linguagem\/files\/retorica-1.jpg?resize=350%2C200&ssl=1","width":350,"height":200},"classes":[]},{"id":169,"url":"https:\/\/radames.manosso.nom.br\/linguagem\/retorica\/recursos-retorica\/iconia\/","url_meta":{"origin":138,"position":1},"title":"Iconia &#8211; figura de linguagem","author":"Radam\u00e9s","date":false,"format":false,"excerpt":"O signo manifesta-se objetivamente. Enquanto objeto, nos suscita sensa\u00e7\u00f5es, impress\u00f5es e opini\u00f5es. Embora os signos lingu\u00edsticos em sua maioria tenham uma rela\u00e7\u00e3o arbitr\u00e1ria com seu significado, em certos casos, espont\u00e2nea ou intencionalmente, essa arbitrariedade \u00e9 reduzida. Nesses casos temos iconia. Iconia \u00e9 a associa\u00e7\u00e3o harmoniosa entre os efeitos suscitados pela\u2026","rel":"","context":"Em &quot;Recursos&quot;","block_context":{"text":"Recursos","link":"https:\/\/radames.manosso.nom.br\/linguagem\/category\/retorica\/recursos-retorica\/"},"img":{"alt_text":"","src":"https:\/\/i0.wp.com\/radames.manosso.nom.br\/linguagem\/files\/retorica-1.jpg?resize=350%2C200&ssl=1","width":350,"height":200},"classes":[]},{"id":176,"url":"https:\/\/radames.manosso.nom.br\/linguagem\/retorica\/recursos-retorica\/editoriais\/","url_meta":{"origin":138,"position":2},"title":"Recursos ret\u00f3ricos editoriais","author":"Radam\u00e9s","date":false,"format":false,"excerpt":"Para esgotar o assunto edi\u00e7\u00e3o \u00e9 necess\u00e1rio invadir a jurisdi\u00e7\u00e3o alheia, pois edi\u00e7\u00e3o \u00e9 t\u00e9cnica e arte, uma arte pl\u00e1stica e para esgot\u00e1-la seria necess\u00e1rio tamb\u00e9m abordar quest\u00f5es como composi\u00e7\u00e3o, harmonia, propor\u00e7\u00e3o, simetria, taxa de informa\u00e7\u00e3o, etc. Na medida do poss\u00edvel n\u00e3o vamos tocar em quest\u00f5es ligadas exclusivamente ao dom\u00ednio\u2026","rel":"","context":"Em &quot;Recursos&quot;","block_context":{"text":"Recursos","link":"https:\/\/radames.manosso.nom.br\/linguagem\/category\/retorica\/recursos-retorica\/"},"img":{"alt_text":"","src":"https:\/\/i0.wp.com\/radames.manosso.nom.br\/linguagem\/files\/retorica-1.jpg?resize=350%2C200&ssl=1","width":350,"height":200},"classes":[]},{"id":161,"url":"https:\/\/radames.manosso.nom.br\/linguagem\/retorica\/recursos-retorica\/metaplasmo\/","url_meta":{"origin":138,"position":3},"title":"Metaplasmo &#8211; figura de linguagem","author":"Radam\u00e9s","date":false,"format":false,"excerpt":"Genericamente, um metaplasmo \u00e9 uma altera\u00e7\u00e3o intencional do c\u00f3digo, \u00e9 exerc\u00edcio de criatividade sobre a l\u00edngua. Os metaplasmos s\u00e3o praticados nos diversos n\u00edveis lingu\u00edsticos: gr\u00e1fico, ortogr\u00e1fico, fonol\u00f3gico, gramatical. Nosso\u00a0 interesse est\u00e1 voltado para o uso ret\u00f3rico dos\u00a0 metaplasmos, mas uma parte deles se difunde pelo uso e acaba levando \u00e0\u2026","rel":"","context":"Em &quot;Recursos&quot;","block_context":{"text":"Recursos","link":"https:\/\/radames.manosso.nom.br\/linguagem\/category\/retorica\/recursos-retorica\/"},"img":{"alt_text":"","src":"https:\/\/i0.wp.com\/radames.manosso.nom.br\/linguagem\/files\/retorica-1.jpg?resize=350%2C200&ssl=1","width":350,"height":200},"classes":[]},{"id":207,"url":"https:\/\/radames.manosso.nom.br\/linguagem\/gramatica\/para-comecar-gramatica\/niveis-de-analise-linguistica\/","url_meta":{"origin":138,"position":4},"title":"N\u00edveis de an\u00e1lise lingu\u00edstica","author":"Radam\u00e9s","date":false,"format":false,"excerpt":"A Lingu\u00edstica analisa o discurso decompondo-o em constituintes, mas faz isso a partir de mais de uma perspectiva. A lingu\u00edstica opera em n\u00edveis de an\u00e1lise que formam um modelo de camadas conc\u00eantricas. Vamos entender como se d\u00e1 a an\u00e1lise lingu\u00edstica atrav\u00e9s de um exerc\u00edcio, tomando para exemplo o primeiro par\u00e1grafo\u2026","rel":"","context":"Em &quot;Para come\u00e7ar&quot;","block_context":{"text":"Para come\u00e7ar","link":"https:\/\/radames.manosso.nom.br\/linguagem\/category\/gramatica\/para-comecar-gramatica\/"},"img":{"alt_text":"","src":"https:\/\/i0.wp.com\/radames.manosso.nom.br\/linguagem\/files\/gram%C3%A1tica.jpg?resize=350%2C200&ssl=1","width":350,"height":200},"classes":[]},{"id":149,"url":"https:\/\/radames.manosso.nom.br\/linguagem\/retorica\/recursos-retorica\/ordem\/","url_meta":{"origin":138,"position":5},"title":"Ordem do discurso","author":"Radam\u00e9s","date":false,"format":false,"excerpt":"O uso ret\u00f3rico da ordem \u00e9 vasto. H\u00e1 v\u00e1rios\u00a0 tipos de ordem a considerar. Ordem de emiss\u00e3o \u00c9 aquela que rege a emiss\u00e3o dos signos do discurso. No discurso oral \u00e9 linear e temporal, ou seja, cada signo \u00e9 emitido individualmente numa sequ\u00eancia ao longo do tempo. A exce\u00e7\u00e3o \u00e9\u2026","rel":"","context":"Em &quot;Recursos&quot;","block_context":{"text":"Recursos","link":"https:\/\/radames.manosso.nom.br\/linguagem\/category\/retorica\/recursos-retorica\/"},"img":{"alt_text":"","src":"https:\/\/i0.wp.com\/radames.manosso.nom.br\/linguagem\/files\/retorica.jpg?resize=350%2C200&ssl=1","width":350,"height":200,"srcset":"https:\/\/i0.wp.com\/radames.manosso.nom.br\/linguagem\/files\/retorica.jpg?resize=350%2C200&ssl=1 1x, https:\/\/i0.wp.com\/radames.manosso.nom.br\/linguagem\/files\/retorica.jpg?resize=525%2C300&ssl=1 1.5x"},"classes":[]}],"_links":{"self":[{"href":"https:\/\/radames.manosso.nom.br\/linguagem\/wp-json\/wp\/v2\/posts\/138","targetHints":{"allow":["GET"]}}],"collection":[{"href":"https:\/\/radames.manosso.nom.br\/linguagem\/wp-json\/wp\/v2\/posts"}],"about":[{"href":"https:\/\/radames.manosso.nom.br\/linguagem\/wp-json\/wp\/v2\/types\/post"}],"author":[{"embeddable":true,"href":"https:\/\/radames.manosso.nom.br\/linguagem\/wp-json\/wp\/v2\/users\/1"}],"replies":[{"embeddable":true,"href":"https:\/\/radames.manosso.nom.br\/linguagem\/wp-json\/wp\/v2\/comments?post=138"}],"version-history":[{"count":4,"href":"https:\/\/radames.manosso.nom.br\/linguagem\/wp-json\/wp\/v2\/posts\/138\/revisions"}],"predecessor-version":[{"id":4085,"href":"https:\/\/radames.manosso.nom.br\/linguagem\/wp-json\/wp\/v2\/posts\/138\/revisions\/4085"}],"wp:attachment":[{"href":"https:\/\/radames.manosso.nom.br\/linguagem\/wp-json\/wp\/v2\/media?parent=138"}],"wp:term":[{"taxonomy":"category","embeddable":true,"href":"https:\/\/radames.manosso.nom.br\/linguagem\/wp-json\/wp\/v2\/categories?post=138"},{"taxonomy":"post_tag","embeddable":true,"href":"https:\/\/radames.manosso.nom.br\/linguagem\/wp-json\/wp\/v2\/tags?post=138"}],"curies":[{"name":"wp","href":"https:\/\/api.w.org\/{rel}","templated":true}]}}