{"id":273,"date":"2013-10-06T11:32:04","date_gmt":"2013-10-06T14:32:04","guid":{"rendered":"http:\/\/radames.manosso.nom.br\/linguagem\/?p=273"},"modified":"2021-03-11T11:17:20","modified_gmt":"2021-03-11T14:17:20","slug":"acentos-agudo-e-circunflexo","status":"publish","type":"post","link":"https:\/\/radames.manosso.nom.br\/linguagem\/gramatica\/grafologia\/acentos-agudo-e-circunflexo\/","title":{"rendered":"Acentos agudo e circunflexo"},"content":{"rendered":"\n<p>Em nossa escrita, as vogais s\u00e3o representadas, na maioria dos casos, com grafemas b\u00e1sicos sem diacr\u00edticos (<em>a, e, i, o, u<\/em>). Uma quantidade reduzida de vogais, por\u00e9m, \u00e9 representada com o uso dos acentos agudo e circunflexo (<em>\u00e1, \u00e2, \u00e9, \u00ea, \u00ed, \u00f3, \u00f4, \u00fa<\/em>).<\/p>\n\n\n\n<figure class=\"wp-block-image size-large\"><img data-recalc-dims=\"1\" loading=\"lazy\" decoding=\"async\" width=\"500\" height=\"332\" src=\"https:\/\/i0.wp.com\/radames.manosso.nom.br\/linguagem\/files\/gram%C3%A1tica.jpg?resize=500%2C332&#038;ssl=1\" alt=\"\" class=\"wp-image-3236\" srcset=\"https:\/\/i0.wp.com\/radames.manosso.nom.br\/linguagem\/files\/gram%C3%A1tica.jpg?w=500&amp;ssl=1 500w, https:\/\/i0.wp.com\/radames.manosso.nom.br\/linguagem\/files\/gram%C3%A1tica.jpg?resize=300%2C199&amp;ssl=1 300w\" sizes=\"auto, (max-width: 500px) 100vw, 500px\" \/><\/figure>\n\n\n\n<!--more-->\n\n\n\n<p>As regras de uso dos acentos agudo e circunflexo s\u00e3o as seguintes:<\/p>\n\n\n\n<h3 class=\"wp-block-heading\">Uso do acento agudo<\/h3>\n\n\n\n<p>O acento agudo&nbsp;\u00e9 usado na representa\u00e7\u00e3o das vogais abertas \/\u00e1\/, \/\u00e9\/, \/\u00f3\/ e tamb\u00e9m de \/i\/ e \/u\/. Exemplos:&nbsp;<em>\u00e1gua, \u00e9poca, \u00f3bvio, \u00edcone <\/em>e<em> \u00fatil<\/em>. Al\u00e9m disso, o acento agudo aparece nos d\u00edgrafos&nbsp;<em>\u00edn, \u00edm, \u00fan<\/em>, e&nbsp;<em>\u00fam,<\/em> que representam vogais nasais. Exemplos<em>: \u00edndio, \u00edmpio, \u00fanico<\/em> e&nbsp;<em>pl\u00fambeo<\/em>.<\/p>\n\n\n\n<h3 class=\"wp-block-heading\">Uso do acento circunflexo<\/h3>\n\n\n\n<p>O acento circunflexo \u00e9 usado na representa\u00e7\u00e3o das vogais fechadas \/\u00e2\/, \/\u00ea\/ e \/\u00f4\/. Exemplos<em>: \u00e2mago, conv\u00eanio <\/em>e<em> compl\u00f4<\/em>. Al\u00e9m disso, aparece nos d\u00edgrafos&nbsp;<em>\u00e2m, \u00e2n, \u00eam, \u00ean, \u00f4m<\/em> e&nbsp;<em>\u00f4n<\/em>, que representam vogais nasais. Exemplos:&nbsp;<em>\u00e2mbar, \u00e2nfora, \u00eambolo, \u00eanfase, c\u00f4mputo<\/em> e&nbsp;<em>c\u00f4ncavo<\/em>.<\/p>\n\n\n\n<h3 class=\"wp-block-heading\">Acentos e intensidade da s\u00edlaba<\/h3>\n\n\n\n<p>Os acentos agudo e circunflexo s\u00f3 ocorrem na s\u00edlaba mais intensa entre as tr\u00eas \u00faltimas da palavra. Por exemplo: a palavra\u00a0<em>com-<strong>ple-t\u00ed<\/strong>-ssi-mo<\/em> tem duas s\u00edlabas com intensidade destacada, mas s\u00f3 a \u00faltima apresenta grafema com acento porque est\u00e1 entre as tr\u00eas \u00faltimas da palavra. A consequ\u00eancia dessa regra \u00e9 que s\u00f3 se pode usar um acento por palavra.<\/p>\n\n\n\n<h2 class=\"wp-block-heading\">Regras de acentua\u00e7\u00e3o<\/h2>\n\n\n\n<p>As principais regras a seguir sobre acentua\u00e7\u00e3o de palavras com os diacr\u00edticos agudo e circunflexo s\u00e3o as seguintes:<\/p>\n\n\n\n<h3 class=\"wp-block-heading\">Proparox\u00edtonas<\/h3>\n\n\n\n<p>Proparox\u00edtonas s\u00e3o as palavras em que a antepen\u00faltima s\u00edlaba \u00e9 mais intensa que as posteriores. Todas as palavras deste grupo s\u00e3o acentuadas. Por exemplo:&nbsp;<strong><em>b\u00e1l<\/em><\/strong><em>samo,&nbsp;<strong>c\u00e2<\/strong>mara, <strong>s\u00e9<\/strong>timo,&nbsp;<strong>tr\u00ea<\/strong>mulo,&nbsp;<strong>c\u00ed<\/strong>trico,&nbsp;<strong>pr\u00f3<\/strong>ximo,&nbsp;<strong>c\u00f4<\/strong>modo e <strong>\u00fal<\/strong>timo<\/em>. Esta regra se estende aos d\u00edgrafos que representam vogais nasais como em:&nbsp;<strong><em>\u00edm<\/em><\/strong><em>peto<\/em> e <strong><em>\u00eam<\/em><\/strong><em>bolo<\/em>.<\/p>\n\n\n\n<h3 class=\"wp-block-heading\">Parox\u00edtonas<\/h3>\n\n\n\n<p>Parox\u00edtonas s\u00e3o as palavras em que a pen\u00faltima s\u00edlaba \u00e9 a mais intensa entre as tr\u00eas s\u00edlabas finais. S\u00f3 uma parte do grupo \u00e9 acentuada e h\u00e1 v\u00e1rias regras a seguir neste caso. S\u00e3o acentuadas as <strong>palavras parox\u00edtonas que terminam com<\/strong>:<\/p>\n\n\n\n<ul class=\"wp-block-list\"><li>semivogal + vogal ou vice-versa, seguida ou n\u00e3o de \/s\/. Exemplos:&nbsp;<strong><em>s\u00e1<\/em><\/strong><em>bia<\/em> \/\u2019s\u00e1-by\u00e1\/,&nbsp;<strong><em>\u00e9<\/em><\/strong><em>brios<\/em>\/\u2019\u00e9-bry\u00f4s\/&nbsp;<strong><em>l\u00ed<\/em><\/strong><em>rio<\/em> \/\u2019li-ry\u00f4\/,&nbsp;<strong><em>\u00f3<\/em><\/strong><em>pio<\/em> \/\u2019\u00f3-py\u00f4\/,&nbsp;<strong><em>v\u00e1<\/em><\/strong><em>cuo<\/em>\/\u2019v\u00e1-cw\u00f4\/,&nbsp;<strong><em>r\u00e9<\/em><\/strong><em>guas<\/em> \/\u2019r\u00e9-gw\u00e1s\/ e&nbsp;<em>j<strong>\u00f3<\/strong>quei<\/em> \/\u2019j\u00f3-k\u00eay\/. Esta regra se estende aos d\u00edgrafos que representam vogais nasais como em:&nbsp;<strong><em>\u00edn<\/em><\/strong><em>dio<\/em>\/\u2019\u0129-dy\u00f4\/e&nbsp;<strong><em>c\u00e2m<\/em><\/strong><em>bio<\/em> \/\u2019c\u00e2-by\u00f4\/.<\/li><li>\/i\/, \/u\/ ou \/\u0169\/, seguidas ou n\u00e3o por \/s\/. Exemplos:&nbsp;<strong><em>c\u00e1<\/em><\/strong><em>qui,&nbsp;<strong>t\u00ea<\/strong>nis,&nbsp;<strong>b\u00f4<\/strong>nus<\/em>,&nbsp;<strong><em>j\u00fa<\/em><\/strong><em>ri<\/em>,&nbsp;<strong>\u00e1<em>l<\/em><\/strong><em>buns<\/em>, <strong><em>f\u00f3<\/em><\/strong><em>rum<\/em>. Esta regra se estende a d\u00edgrafos que representam vogais nasais como em&nbsp;<strong><em>d\u00e2n<\/em><\/strong><em>di.<\/em><\/li><li>grafemas&nbsp;<em>\u00e3<\/em> ou&nbsp;<em>\u00e3o<\/em>, seguidos ou n\u00e3o por \/s\/. Exemplos:&nbsp;<strong><em>\u00ed<\/em><\/strong><em>m\u00e3,&nbsp;<strong>b\u00ean<\/strong>\u00e7\u00e3o <\/em>e<em> <strong>\u00f3r<\/strong>g\u00e3os<\/em>.<\/li><li>grafemas&nbsp;<em>l, n, r,<\/em> <em>x, t <\/em>e<em> ps.<\/em> Exemplos:&nbsp;<em>a<strong>f\u00e1<\/strong>vel, te<strong>rr\u00ed<\/strong>vel,&nbsp;<strong>h\u00ed<\/strong>fen,&nbsp;<strong>h\u00ed<\/strong>men,&nbsp;<strong>pr\u00f3<\/strong>ton,<strong> \u00e9<\/strong>ter, a<strong>\u00e7\u00fa<\/strong>car, <strong>c\u00f3r<\/strong>tex,<\/em> <strong><em>l\u00e1<\/em><\/strong><em>tex<\/em>,&nbsp;<em>supe<strong>r\u00e1<\/strong>vit<\/em>,&nbsp;<strong><em>b\u00ed<\/em><\/strong><em>ceps<\/em> e&nbsp;<strong><em>f\u00f3r<\/em><\/strong><em>ceps<\/em> A regra se estende aos d\u00edgrafos que representam vogais nasais como&nbsp;<strong><em>\u00e2m<\/em><\/strong><em>bar<\/em>. O plural dessas palavras, quando resulta em parox\u00edtona \u00e9 acentuado, salvo exce\u00e7\u00f5es como&nbsp;<em>hifens<\/em>.<\/li><\/ul>\n\n\n\n<h3 class=\"wp-block-heading\">Ox\u00edtonas<\/h3>\n\n\n\n<p>Palavras em que a \u00faltima s\u00edlaba \u00e9 a mais intensa entre as tr\u00eas s\u00edlabas finais s\u00e3o ox\u00edtonas. Apenas algumas palavras deste grupo s\u00e3o acentuadas. Vejamos as regras:<\/p>\n\n\n\n<ul class=\"wp-block-list\"><li>S\u00e3o acentuadas as palavras ox\u00edtonas que terminam com \/\u00e1\/, \/\u00e9\/, \/\u00ea\/, \/\u00f3\/, \/\u00f4\/, seguidas ou n\u00e3o de \/s\/. Exemplos:&nbsp;<em><strong>d\u00e1<\/strong>, vata<strong>p\u00e1<\/strong>,&nbsp;<strong>f\u00e9<\/strong>, acara<strong>j\u00e9s,<\/strong> <strong>l\u00ea<\/strong>,&nbsp;<strong>cr\u00ea<\/strong>, den<strong>d\u00ea,<\/strong><\/em> <em>bisa<strong>v\u00f3<\/strong><\/em> e&nbsp;<em>bibe<strong>l\u00f4s<\/strong>.<\/em> Est\u00e3o inclu\u00eddas nesta regra flex\u00f5es verbais que perdem o fonema final diante dos pronomes obl\u00edquos&nbsp;<em>lo<\/em>,&nbsp;<em>la<\/em>,&nbsp;<em>los<\/em> e&nbsp;<em>las<\/em>. Exemplos:&nbsp;<em>con<strong>t\u00e1<\/strong>-la, escre<strong>v\u00ea<\/strong>-la<\/em> e&nbsp;<strong><em>p\u00f4<\/em><\/strong><em>-lo<\/em>.<\/li><li>S\u00e3o acentuadas as ox\u00edtonas com duas s\u00edlabas ou mais que terminam com \/\u1ebd\/ ou \/\u1ebdy\/, seguidos ou n\u00e3o de \/s\/. Exemplos: <em>tam<strong>b\u00e9m<\/strong><\/em>, \/t\u00e3-\u2018b\u1ebdy\/,&nbsp;<em>man<strong>t\u00e9m<\/strong><\/em> \/m\u00e3-\u2018t\u1ebdy\/<em>para<strong>b\u00e9ns<\/strong><\/em> \/p\u00e1-r\u00e1-\u2018b\u1ebds\/, etc. Observe que, neste caso, o acento usado \u00e9 o agudo, mas a pron\u00fancia da vogal \u00e9 fechada. N\u00e3o s\u00e3o acentuadas as monossil\u00e1bicas&nbsp;<em>bem, tem, cem<\/em>, etc. As flex\u00f5es de terceira pessoa singular de verbos como:&nbsp;<em>obt\u00e9m, conv\u00e9m e ret\u00e9m<\/em>, seguem a regra. As flex\u00f5es de terceira pessoa plural, por\u00e9m, s\u00e3o acentuadas com acento circunflexo. Exemplos:&nbsp;<em>obt\u00eam, conv\u00eam e ret\u00eam<\/em>.<\/li><\/ul>\n\n\n\n<h3 class=\"wp-block-heading\">Vogais cont\u00edguas<\/h3>\n\n\n\n<p>Temos duas regras ligadas a vogais lado a lado.<\/p>\n\n\n\n<ul class=\"wp-block-list\"><li>Levam acento as palavras em que a s\u00edlaba intensa apresenta \/i\/ ou \/u\/ antecedidos de outra vogal. Exemplos:&nbsp;<em>hero<strong>\u00ed<\/strong>na, pa<strong>\u00eds<\/strong>, sa<strong>\u00fa<\/strong>de<\/em> e&nbsp;<em>vi<strong>\u00fa<\/strong>vo<\/em>. Essa regra \u00e9 v\u00e1lida para vogais orais. A regra n\u00e3o se estende a palavras como&nbsp;<em>contribu<strong>in<\/strong>te<\/em> e&nbsp;<em>ru<strong>im<\/strong><\/em>, que apresentam vogais nasais na s\u00edlaba intensa, representadas pelos d\u00edgrafos&nbsp;<em>in<\/em> e&nbsp;<em>im<\/em>. Existem algumas exce\u00e7\u00f5es \u00e0 regra. Vejamos quais s\u00e3o. <ul><li>N\u00e3o s\u00e3o acentuadas as palavras que seguem esta regra se ap\u00f3s \/i\/ ou \/u\/ tivermos, na mesma s\u00edlaba, \/r\/ ou \/s\/. Exemplos:&nbsp;<em>dilu<strong>ir<\/strong><\/em> e&nbsp;<em>ju<strong>iz<\/strong><\/em>.<\/li><li>N\u00e3o s\u00e3o acentuadas as palavras que seguem essa regra, mas apresentam ap\u00f3s \/i\/ ou \/u\/, na s\u00edlaba seguinte, o fonema \/\u00f1\/. Exemplos:&nbsp;<em>lada<strong>i<\/strong>nha<\/em> e <em>ta<strong>i<\/strong>nha<\/em>.<\/li><li>N\u00e3o levam acento as palavras que seguem esta regra, se \/i\/ e \/u\/ forem seguidos de semivogal. Exemplo: <em>contribu<strong>iu<\/strong><\/em>. <\/li><\/ul><\/li><\/ul>\n\n\n\n<p>S\u00edlabas intensas que apresentam \/\u00e9w\/<\/p>\n\n\n\n<p>S\u00e3o acentuadas as palavras em que a s\u00edlaba intensa apresenta as sequ\u00eancias dadas. Exemplos:&nbsp;<strong><em>r\u00e9u<\/em><\/strong><em>, taba<strong>r\u00e9u<\/strong>&nbsp;e cha<strong>p\u00e9u<\/strong><\/em>.<\/p>\n\n\n\n<h3 class=\"wp-block-heading\">Acentos diferenciais<\/h3>\n\n\n\n<p>Usa-se acento diferencial em algumas palavras, supostamente para diferenci\u00e1-las de outras com grafia id\u00eantica, exceto pelo acento. Esse recurso \u00e9 usado, por exemplo, para diferenciar entre duas flex\u00f5es verbais como em:&nbsp;<em>vem<\/em> (singular) e&nbsp;<em>v\u00eam<\/em>(plural). Em alguns casos, temos fonemas distintos, em outros n\u00e3o. Veja na tabela a seguir, alguns pares de palavras cuja grafia se diferencia pelos acentos diferenciais.<br>\n<\/p>\n\n\n\n<figure class=\"wp-block-table is-style-stripes\"><table><tbody><tr><td><strong>Sem acento<\/strong><\/td><td><strong>Com acento<\/strong><\/td><\/tr><tr><td><strong>As<\/strong> palavras.<\/td><td><strong>\u00c1s<\/strong> do volante.<\/td><\/tr><tr><td>Siga&nbsp;<strong>pela<\/strong> estrada.<\/td><td><strong>P\u00e9la<\/strong> de borracha.<\/td><\/tr><tr><td>Ele&nbsp;<strong>pode<\/strong> vencer mas \u00e9 improv\u00e1vel.<\/td><td>Ele&nbsp;<strong>p\u00f4de<\/strong> vencer porque se esfor\u00e7ou.<\/td><\/tr><tr><td>Venha&nbsp;<strong>por<\/strong> aqui.<\/td><td>Vamos&nbsp;<strong>p\u00f4r<\/strong> combust\u00edvel no tanque.<\/td><\/tr><tr><td>Ele sabe o&nbsp;<strong>porqu\u00ea<\/strong> do problema<\/td><td>Vou&nbsp;<strong>porque<\/strong> quero.<\/td><\/tr><tr><td>Ele&nbsp;<strong>tem<\/strong> um bom carro.<\/td><td>Eles&nbsp;<strong>t\u00eam<\/strong> uma bela casa.<\/td><\/tr><tr><td>Paulo&nbsp;<strong>vem<\/strong> para o almo\u00e7o.<\/td><td>Eles&nbsp;<strong>v\u00eam<\/strong> para o almo\u00e7o.<\/td><\/tr><\/tbody><\/table><\/figure>\n\n\n\n<h3 class=\"wp-block-heading\">Palavras monossil\u00e1bicas de intensidade fraca<\/h3>\n\n\n\n<p>Observe a s\u00e9rie seguinte:<\/p>\n\n\n\n<ul class=\"wp-block-list\"><li>Tente encontr\u00e1-<strong>la<\/strong>.<\/li><li>Doce&nbsp;<strong>de<\/strong> leite.<\/li><li>Concentre-<strong>se<\/strong>.<\/li><\/ul>\n\n\n\n<p>As palavras em negrito n\u00e3o s\u00e3o acentuadas, embora aparentemente atendam \u00e0 regra de acentua\u00e7\u00e3o das palavras ox\u00edtonas. Diferentemente, s\u00e3o acentuadas as palavras da s\u00e9rie a seguir:<\/p>\n\n\n\n<ul class=\"wp-block-list\"><li>Encontro voc\u00ea&nbsp;<strong>l\u00e1<\/strong>.<\/li><li><strong>D\u00ea<\/strong>-me o livro.<\/li><li><strong>S\u00ea<\/strong> correto.<\/li><li>Catedral da&nbsp;<strong>S\u00e9<\/strong>.<\/li><\/ul>\n\n\n\n<p>A diferen\u00e7a est\u00e1 na intensidade da s\u00edlaba que comp\u00f5e a palavra. Na primeira s\u00e9rie, temos palavras monossil\u00e1bicas, pronunciadas sempre em uma intensidade mais fraca que a das s\u00edlabas pr\u00f3ximas de palavras adjacentes. Pela nossa ortografia, palavras monossil\u00e1bicas de intensidade fraca n\u00e3o s\u00e3o acentuadas.<\/p>\n\n\n\n<h3 class=\"wp-block-heading\">Raz\u00f5es para o uso de acentos<\/h3>\n\n\n\n<p>As raz\u00f5es normalmente invocadas para o uso dos acentos na nossa escrita podem ser resumidas, grosso modo, da seguinte forma: acentua-se a vogal da s\u00edlaba mais intensa entre as tr\u00eas \u00faltimas da palavra sempre que isso for necess\u00e1rio para orientar o leitor quanto \u00e0 intensidade da s\u00edlaba, quanto ao timbre da vogal, se aberto ou fechado e, em certos casos, para diferenciar entre dois sentidos distintos para a palavra.<\/p>\n\n\n\n<p>As motiva\u00e7\u00f5es tradicionais para o uso dos acentos j\u00e1 est\u00e3o superadas. Podem ter sido importantes em outra \u00e9poca, mas na realidade atual do idioma, as regras de acentua\u00e7\u00e3o soam arbitr\u00e1rias. Basta uma an\u00e1lise ligeira para perceber que quem definiu as regras da nossa ortografia selecionou arbitrariamente os casos em que o leitor supostamente precisa de orienta\u00e7\u00e3o quanto ao timbre da vogal e \u00e0 posi\u00e7\u00e3o da s\u00edlaba intensa. <\/p>\n\n\n\n<p>Da mesma forma, os casos em que se usa o chamado acento diferencial tamb\u00e9m foram definidos arbitrariamente. Al\u00e9m disso, concluiu-se erroneamente que o leitor precisa ser orientado sobre essas informa\u00e7\u00f5es. O leitor identifica as caracter\u00edsticas das vogais nos casos em que n\u00e3o se usa acento e que s\u00e3o a maioria, ent\u00e3o por que n\u00e3o as identificaria nas posi\u00e7\u00f5es em que o acento \u00e9 usado? Apesar de as raz\u00f5es tradicionais para uso dos acentos n\u00e3o serem razo\u00e1veis, as regras de acentua\u00e7\u00e3o continuam sendo exigidas em contextos formais e, por isso, \u00e9 preciso conhece-las.<\/p>\n\n\n\n<h3 class=\"wp-block-heading\">Grafologia<\/h3>\n\n\n\n<ul class=\"wp-block-list\"><li><a href=\"https:\/\/radames.manosso.nom.br\/linguagem\/gramatica\/grafologia\/a-escrita\/\">A escrita<\/a><\/li><li><a href=\"https:\/\/radames.manosso.nom.br\/linguagem\/gramatica\/grafologia\/transcricoes\/\">Transcri\u00e7\u00f5es e ortografias<\/a><\/li><li><a href=\"https:\/\/radames.manosso.nom.br\/linguagem\/gramatica\/grafologia\/alfabeto-romano\/\">Alfabeto romano (latino)<\/a><\/li><li><a href=\"https:\/\/radames.manosso.nom.br\/linguagem\/gramatica\/grafologia\/grafema\/\">Grafema<\/a><\/li><li><a href=\"https:\/\/radames.manosso.nom.br\/linguagem\/gramatica\/grafologia\/grafemas-da-ortografia-brasileira\/\">Grafemas da ortografia brasileira<\/a><\/li><li><a href=\"https:\/\/radames.manosso.nom.br\/linguagem\/gramatica\/grafologia\/diacriticos-da-ortografia-brasileira\/\">Diacr\u00edticos da ortografia brasileira<\/a><\/li><li><a href=\"https:\/\/radames.manosso.nom.br\/linguagem\/gramatica\/grafologia\/acentos-agudo-e-circunflexo\/\">Acentos agudo e circunflexo<\/a><\/li><li><a href=\"https:\/\/radames.manosso.nom.br\/linguagem\/gramatica\/grafologia\/crase\/\">Crase<\/a><\/li><li><a href=\"https:\/\/radames.manosso.nom.br\/linguagem\/gramatica\/grafologia\/digrafos-da-ortografia-brasileira\/\">D\u00edgrafos da ortografia brasileira<\/a><\/li><li><a href=\"https:\/\/radames.manosso.nom.br\/linguagem\/gramatica\/grafologia\/representacao-de-fonemas\/\">Representa\u00e7\u00e3o de fonemas brasileiros <\/a><\/li><li><a href=\"https:\/\/radames.manosso.nom.br\/linguagem\/gramatica\/grafologia\/representacao-multipla\/\">Representa\u00e7\u00e3o  ortogr\u00e1fica m\u00faltipla<\/a><\/li><li><a href=\"https:\/\/radames.manosso.nom.br\/linguagem\/gramatica\/grafologia\/representacao-da-escrita-em-computador\/\">Representa\u00e7\u00e3o da escrita em computador<\/a><\/li><li><a href=\"https:\/\/radames.manosso.nom.br\/linguagem\/gramatica\/grafologia\/iniciais-maiusculas\/\">Iniciais mai\u00fasculas<\/a><\/li><\/ul>\n\n\n\n<p><\/p>\n","protected":false},"excerpt":{"rendered":"<p>Em nossa escrita, as vogais s\u00e3o representadas, na maioria dos casos, com grafemas b\u00e1sicos sem diacr\u00edticos (a, e, i, o, u). Uma quantidade reduzida de vogais, por\u00e9m, \u00e9 representada com o uso dos acentos agudo e circunflexo (\u00e1, \u00e2, \u00e9, \u00ea, \u00ed, \u00f3, \u00f4, \u00fa).<\/p>\n","protected":false},"author":1,"featured_media":0,"comment_status":"open","ping_status":"closed","sticky":false,"template":"","format":"standard","meta":{"jetpack_post_was_ever_published":false,"_jetpack_newsletter_access":"","_jetpack_dont_email_post_to_subs":false,"_jetpack_newsletter_tier_id":0,"_jetpack_memberships_contains_paywalled_content":false,"_jetpack_memberships_contains_paid_content":false,"footnotes":"","jetpack_publicize_message":"","jetpack_publicize_feature_enabled":true,"jetpack_social_post_already_shared":false,"jetpack_social_options":{"image_generator_settings":{"template":"highway","default_image_id":0,"font":"","enabled":false},"version":2}},"categories":[158],"tags":[179,180,178,159,100,181,182,183],"class_list":["post-273","post","type-post","status-publish","format-standard","hentry","category-grafologia","tag-acento-agudo","tag-acento-circunflexo","tag-acentuacao","tag-grafologia-2","tag-ortografia","tag-oxitona","tag-paroxitona","tag-proparoxitona"],"jetpack_publicize_connections":[],"jetpack_featured_media_url":"","jetpack_sharing_enabled":true,"jetpack_shortlink":"https:\/\/wp.me\/p74YWN-4p","jetpack-related-posts":[{"id":268,"url":"https:\/\/radames.manosso.nom.br\/linguagem\/gramatica\/grafologia\/diacriticos-da-ortografia-brasileira\/","url_meta":{"origin":273,"position":0},"title":"Diacr\u00edticos da ortografia brasileira","author":"Radam\u00e9s","date":false,"format":false,"excerpt":"Antes de falar sobre os diacr\u00edticos da ortografia brasileira, vamos refletir um pouco sobre as raz\u00f5es que servem de justificativa para o uso de diacr\u00edticos na maioria dos sistemas de escrita. Uma das raz\u00f5es \u00e9 a busca da economia. Em sistemas ideogr\u00e2micos, por exemplo, que tendem a apresentar um n\u00famero\u2026","rel":"","context":"Em &quot;Grafologia&quot;","block_context":{"text":"Grafologia","link":"https:\/\/radames.manosso.nom.br\/linguagem\/category\/gramatica\/grafologia\/"},"img":{"alt_text":"","src":"https:\/\/i0.wp.com\/radames.manosso.nom.br\/linguagem\/files\/gram%C3%A1tica.jpg?resize=350%2C200&ssl=1","width":350,"height":200},"classes":[]},{"id":240,"url":"https:\/\/radames.manosso.nom.br\/linguagem\/gramatica\/grafologia\/grafema\/","url_meta":{"origin":273,"position":1},"title":"Grafema","author":"Radam\u00e9s","date":false,"format":false,"excerpt":"O grafema \u00e9 a unidade formal m\u00ednima da escrita. M\u00ednimo porque n\u00e3o pode ser desmembrado em dois ou mais sinais que tamb\u00e9m possam ser tratados como grafema. Formal porque \u00e9 abstrato, n\u00e3o pode ser visto. O que vemos s\u00e3o as atualiza\u00e7\u00f5es, indeterminadas em n\u00famero, do grafema. Vamos entender o que\u2026","rel":"","context":"Em &quot;Grafologia&quot;","block_context":{"text":"Grafologia","link":"https:\/\/radames.manosso.nom.br\/linguagem\/category\/gramatica\/grafologia\/"},"img":{"alt_text":"","src":"https:\/\/i0.wp.com\/radames.manosso.nom.br\/linguagem\/files\/alfabeto-romano.jpg?resize=350%2C200&ssl=1","width":350,"height":200},"classes":[]},{"id":247,"url":"https:\/\/radames.manosso.nom.br\/linguagem\/gramatica\/grafologia\/alfabeto-romano\/","url_meta":{"origin":273,"position":2},"title":"Alfabeto romano (latino)","author":"Radam\u00e9s","date":false,"format":false,"excerpt":"A escrita romana ou latina, criada para o latim da Roma Antiga, deu origem a in\u00fameras transcri\u00e7\u00f5es ortogr\u00e1ficas contempor\u00e2neas, entre elas, a do portugu\u00eas brasileiro. Essas transcri\u00e7\u00f5es t\u00eam em comum um conjunto de grafemas fonol\u00f3gicos, a que chamamos de alfabeto romano, latino ou ocidental. Esse alfabeto apresenta quatro variantes b\u00e1sicas\u2026","rel":"","context":"Em &quot;Grafologia&quot;","block_context":{"text":"Grafologia","link":"https:\/\/radames.manosso.nom.br\/linguagem\/category\/gramatica\/grafologia\/"},"img":{"alt_text":"","src":"https:\/\/i0.wp.com\/radames.manosso.nom.br\/linguagem\/files\/alfabeto-romano.jpg?resize=350%2C200&ssl=1","width":350,"height":200},"classes":[]},{"id":261,"url":"https:\/\/radames.manosso.nom.br\/linguagem\/gramatica\/grafologia\/grafemas-da-ortografia-brasileira\/","url_meta":{"origin":273,"position":3},"title":"Grafemas da ortografia brasileira","author":"Radam\u00e9s","date":false,"format":false,"excerpt":"No Brasil, usamos 78 grafemas para representa\u00e7\u00e3o de fonemas: a\u00e0\u00e1\u00e2\u00e3bc\u00e7de\u00e9\u00eafghi\u00edjklmno\u00f3\u00f4\u00f5pqrstu\u00fc\u00favxywzA\u00c0\u00c1\u00c2\u00c3BC\u00c7DE\u00c9\u00caFGHI\u00cdJKLMNO\u00d3\u00d4\u00d5PQRSTU\u00dc\u00daVXYWZ Consideramos mai\u00fasculas e min\u00fasculas distintamente, em vez de trat\u00e1-las como variantes do mesmo grafema, porque em nossa ortografia mai\u00fasculas e min\u00fasculas t\u00eam fun\u00e7\u00f5es distintas e n\u00e3o podem ser comutadas livremente. Sinais ortogr\u00e1ficos n\u00e3o fonol\u00f3gicos Al\u00e9m dos grafemas fonol\u00f3gicos, empregamos outros\u2026","rel":"","context":"Em &quot;Grafologia&quot;","block_context":{"text":"Grafologia","link":"https:\/\/radames.manosso.nom.br\/linguagem\/category\/gramatica\/grafologia\/"},"img":{"alt_text":"","src":"https:\/\/i0.wp.com\/radames.manosso.nom.br\/linguagem\/files\/gram%C3%A1tica.jpg?resize=350%2C200&ssl=1","width":350,"height":200},"classes":[]},{"id":304,"url":"https:\/\/radames.manosso.nom.br\/linguagem\/gramatica\/grafologia\/crase\/","url_meta":{"origin":273,"position":4},"title":"Crase","author":"Radam\u00e9s","date":false,"format":false,"excerpt":"Em sentido amplo, crase \u00e9 a pron\u00fancia contra\u00edda de dois fonemas iguais e adjacentes. Por exemplo: no enunciado\u00a0seus sapatos temos dois fonemas \/s\/ adjacentes. A tend\u00eancia do falante \u00e9 realizar uma pron\u00fancia contra\u00edda desses fonemas que, em muitos casos, chega aos ouvidos do receptor como um \u00fanico fonema. O fen\u00f4meno\u2026","rel":"","context":"Em &quot;Grafologia&quot;","block_context":{"text":"Grafologia","link":"https:\/\/radames.manosso.nom.br\/linguagem\/category\/gramatica\/grafologia\/"},"img":{"alt_text":"","src":"https:\/\/i0.wp.com\/radames.manosso.nom.br\/linguagem\/files\/gram%C3%A1tica.jpg?resize=350%2C200&ssl=1","width":350,"height":200},"classes":[]},{"id":271,"url":"https:\/\/radames.manosso.nom.br\/linguagem\/gramatica\/grafologia\/representacao-de-fonemas\/","url_meta":{"origin":273,"position":5},"title":"Representa\u00e7\u00e3o de fonemas brasileiros","author":"Radam\u00e9s","date":false,"format":false,"excerpt":"A ortografia brasileira n\u00e3o \u00e9 biun\u00edvoca, ou seja, na maioria dos casos n\u00e3o temos rela\u00e7\u00e3o um para um bi direcional entre grafemas e fonemas. Em fun\u00e7\u00e3o disso, vamos analisar os casos em que nossa ortografia apresenta peculiaridades na representa\u00e7\u00e3o dos fonemas. Grafemas biun\u00edvocos S\u00e3o biun\u00edvocos os grafemas\u00a0b,\u00a0d,\u00a0f,\u00a0p,\u00a0t e\u00a0v que usamos\u2026","rel":"","context":"Em &quot;Grafologia&quot;","block_context":{"text":"Grafologia","link":"https:\/\/radames.manosso.nom.br\/linguagem\/category\/gramatica\/grafologia\/"},"img":{"alt_text":"","src":"https:\/\/i0.wp.com\/radames.manosso.nom.br\/linguagem\/files\/fonetica.jpg?resize=350%2C200&ssl=1","width":350,"height":200},"classes":[]}],"_links":{"self":[{"href":"https:\/\/radames.manosso.nom.br\/linguagem\/wp-json\/wp\/v2\/posts\/273","targetHints":{"allow":["GET"]}}],"collection":[{"href":"https:\/\/radames.manosso.nom.br\/linguagem\/wp-json\/wp\/v2\/posts"}],"about":[{"href":"https:\/\/radames.manosso.nom.br\/linguagem\/wp-json\/wp\/v2\/types\/post"}],"author":[{"embeddable":true,"href":"https:\/\/radames.manosso.nom.br\/linguagem\/wp-json\/wp\/v2\/users\/1"}],"replies":[{"embeddable":true,"href":"https:\/\/radames.manosso.nom.br\/linguagem\/wp-json\/wp\/v2\/comments?post=273"}],"version-history":[{"count":12,"href":"https:\/\/radames.manosso.nom.br\/linguagem\/wp-json\/wp\/v2\/posts\/273\/revisions"}],"predecessor-version":[{"id":4355,"href":"https:\/\/radames.manosso.nom.br\/linguagem\/wp-json\/wp\/v2\/posts\/273\/revisions\/4355"}],"wp:attachment":[{"href":"https:\/\/radames.manosso.nom.br\/linguagem\/wp-json\/wp\/v2\/media?parent=273"}],"wp:term":[{"taxonomy":"category","embeddable":true,"href":"https:\/\/radames.manosso.nom.br\/linguagem\/wp-json\/wp\/v2\/categories?post=273"},{"taxonomy":"post_tag","embeddable":true,"href":"https:\/\/radames.manosso.nom.br\/linguagem\/wp-json\/wp\/v2\/tags?post=273"}],"curies":[{"name":"wp","href":"https:\/\/api.w.org\/{rel}","templated":true}]}}