{"id":294,"date":"2013-10-06T17:32:47","date_gmt":"2013-10-06T20:32:47","guid":{"rendered":"http:\/\/radames.manosso.nom.br\/linguagem\/?p=294"},"modified":"2020-12-05T20:05:56","modified_gmt":"2020-12-05T23:05:56","slug":"ponto-de-interrogacao","status":"publish","type":"post","link":"https:\/\/radames.manosso.nom.br\/linguagem\/gramatica\/grafologia\/ponto-de-interrogacao\/","title":{"rendered":"Ponto de interroga\u00e7\u00e3o"},"content":{"rendered":"\n<p>O ponto de interroga\u00e7\u00e3o \u00e9 colocado no final de frases interrogativas. No discurso oral, a principal indica\u00e7\u00e3o de que temos uma frase interrogativa \u00e9 dada pela entona\u00e7\u00e3o t\u00edpica das frases interrogativas. No discurso escrito, essa indica\u00e7\u00e3o \u00e9 feita pelo ponto de interroga\u00e7\u00e3o.<\/p>\n\n\n\n<figure class=\"wp-block-image size-large\"><img data-recalc-dims=\"1\" loading=\"lazy\" decoding=\"async\" width=\"500\" height=\"332\" src=\"https:\/\/i0.wp.com\/radames.manosso.nom.br\/linguagem\/files\/gram%C3%A1tica.jpg?resize=500%2C332&#038;ssl=1\" alt=\"\" class=\"wp-image-3236\" srcset=\"https:\/\/i0.wp.com\/radames.manosso.nom.br\/linguagem\/files\/gram%C3%A1tica.jpg?w=500&amp;ssl=1 500w, https:\/\/i0.wp.com\/radames.manosso.nom.br\/linguagem\/files\/gram%C3%A1tica.jpg?resize=300%2C199&amp;ssl=1 300w\" sizes=\"auto, (max-width: 500px) 100vw, 500px\" \/><\/figure>\n\n\n\n<!--more-->\n\n\n\n<ul class=\"wp-block-list\"><li>Tem algu\u00e9m em casa?<\/li><li>Quem tem medo de Virginia Woolf?<\/li><li>Eu? Nem pensar.<\/li><\/ul>\n\n\n\n<p>Do ponto de vista sint\u00e1tico, o ponto de interroga\u00e7\u00e3o exerce a mesma fun\u00e7\u00e3o do ponto simples, ou seja, indicar o fim da frase com o adicional de sinalizar que a frase \u00e9 interrogativa.<\/p>\n\n\n\n<p>Eventualmente, o ponto de interroga\u00e7\u00e3o pode ser seguido pelo ponto de exclama\u00e7\u00e3o. Usa-se esse recurso para indicar que a frase, al\u00e9m de interrogativa, deve ser lida com entoa\u00e7\u00e3o mais intensa.<\/p>\n\n\n\n<ul class=\"wp-block-list\"><li>Como pode fazer isso?!<\/li><\/ul>\n\n\n\n<p>Ao contr\u00e1rio do ponto, que geralmente \u00e9 omitido no final de t\u00edtulos, manchetes e textos de comunica\u00e7\u00e3o visual, o ponto de interroga\u00e7\u00e3o n\u00e3o pode ser eliminado nesses casos, sob pena de alterar a mensagem.<\/p>\n\n\n\n<h4 class=\"wp-block-heading\">Grafologia &gt; Sinais ortogr\u00e1ficos<\/h4>\n\n\n\n<ul class=\"wp-block-list\"><li><a href=\"https:\/\/radames.manosso.nom.br\/linguagem\/gramatica\/grafologia\/apostrofo\/\">Ap\u00f3strofo<\/a><\/li><li><a href=\"https:\/\/radames.manosso.nom.br\/linguagem\/gramatica\/grafologia\/aspas\/\">Aspas<\/a><\/li><li><a href=\"https:\/\/radames.manosso.nom.br\/linguagem\/gramatica\/grafologia\/dois-pontos\/\">Dois pontos<\/a><\/li><li><a href=\"https:\/\/radames.manosso.nom.br\/linguagem\/gramatica\/grafologia\/hifen\/\">H\u00edfen<\/a><\/li><li><a href=\"https:\/\/radames.manosso.nom.br\/linguagem\/gramatica\/grafologia\/parenteses\/\">Par\u00eanteses<\/a><\/li><li><a href=\"https:\/\/radames.manosso.nom.br\/linguagem\/gramatica\/grafologia\/ponto\/\">Ponto<\/a><\/li><li><a href=\"https:\/\/radames.manosso.nom.br\/linguagem\/gramatica\/grafologia\/ponto-de-exclamacao\/\">Ponto de exclama\u00e7\u00e3o<\/a><\/li><li><a href=\"https:\/\/radames.manosso.nom.br\/linguagem\/gramatica\/grafologia\/ponto-de-interrogacao\/\">Ponto de interroga\u00e7\u00e3o<\/a><\/li><li><a href=\"https:\/\/radames.manosso.nom.br\/linguagem\/gramatica\/grafologia\/ponto-e-virgula\/\">Ponto e v\u00edrgula<\/a><\/li><li><a href=\"https:\/\/radames.manosso.nom.br\/linguagem\/gramatica\/grafologia\/reticencias\/\">Retic\u00eancias<\/a><\/li><li><a href=\"https:\/\/radames.manosso.nom.br\/linguagem\/gramatica\/grafologia\/travessao\/\">Travess\u00e3o<\/a><\/li><li><a href=\"https:\/\/radames.manosso.nom.br\/linguagem\/gramatica\/grafologia\/virgula\/\">V\u00edrgula<\/a><\/li><\/ul>\n","protected":false},"excerpt":{"rendered":"<p>O ponto de interroga\u00e7\u00e3o \u00e9 colocado no final de frases interrogativas. No discurso oral, a principal indica\u00e7\u00e3o de que temos uma frase interrogativa \u00e9 dada pela entona\u00e7\u00e3o t\u00edpica das frases interrogativas. No discurso escrito, essa indica\u00e7\u00e3o \u00e9 feita pelo ponto de interroga\u00e7\u00e3o.<\/p>\n","protected":false},"author":1,"featured_media":0,"comment_status":"open","ping_status":"closed","sticky":false,"template":"","format":"standard","meta":{"jetpack_post_was_ever_published":false,"_jetpack_newsletter_access":"","_jetpack_dont_email_post_to_subs":false,"_jetpack_newsletter_tier_id":0,"_jetpack_memberships_contains_paywalled_content":false,"_jetpack_memberships_contains_paid_content":false,"footnotes":"","jetpack_publicize_message":"","jetpack_publicize_feature_enabled":true,"jetpack_social_post_already_shared":false,"jetpack_social_options":{"image_generator_settings":{"template":"highway","default_image_id":0,"font":"","enabled":false},"version":2}},"categories":[158],"tags":[159,194,100,189,356],"class_list":["post-294","post","type-post","status-publish","format-standard","hentry","category-grafologia","tag-grafologia-2","tag-interrogacao","tag-ortografia","tag-pontuacao","tag-sinais-ortograficos"],"jetpack_publicize_connections":[],"jetpack_featured_media_url":"","jetpack_sharing_enabled":true,"jetpack_shortlink":"https:\/\/wp.me\/p74YWN-4K","jetpack-related-posts":[{"id":290,"url":"https:\/\/radames.manosso.nom.br\/linguagem\/gramatica\/grafologia\/ponto\/","url_meta":{"origin":294,"position":0},"title":"Ponto &#8211; sinal ortogr\u00e1fico","author":"Radam\u00e9s","date":false,"format":false,"excerpt":"O ponto tem uso ortogr\u00e1fico em dois casos: para indicar o fim de per\u00edodo declarativo e no final de abreviaturas (ex.:\u00a0Sr., a.C., V.Sa.). No primeiro caso, a fun\u00e7\u00e3o \u00e9 sint\u00e1tica e equivale \u00e0 pausa do discurso oral. No segundo caso, trata-se de uma conven\u00e7\u00e3o ortogr\u00e1fica para orientar a leitura e\u2026","rel":"","context":"Em &quot;Grafologia&quot;","block_context":{"text":"Grafologia","link":"https:\/\/radames.manosso.nom.br\/linguagem\/category\/gramatica\/grafologia\/"},"img":{"alt_text":"","src":"https:\/\/i0.wp.com\/radames.manosso.nom.br\/linguagem\/files\/gram%C3%A1tica.jpg?resize=350%2C200&ssl=1","width":350,"height":200},"classes":[]},{"id":288,"url":"https:\/\/radames.manosso.nom.br\/linguagem\/gramatica\/grafologia\/parenteses\/","url_meta":{"origin":294,"position":1},"title":"Par\u00eanteses","author":"Radam\u00e9s","date":false,"format":false,"excerpt":"Os par\u00eanteses ocorrem aos pares e devem ficar unidos ao enunciado que delimitam. A fun\u00e7\u00e3o b\u00e1sica dos par\u00eanteses \u00e9 delimitar intercala\u00e7\u00f5es dentro de um per\u00edodo. Por exemplo: S\u00e3o Paulo (maior cidade do Brasil) \u00e9 uma metr\u00f3pole de contrastes. Tamb\u00e9m usa-se os par\u00eanteses em alguns casos para delimitar o segundo item\u2026","rel":"","context":"Em &quot;Grafologia&quot;","block_context":{"text":"Grafologia","link":"https:\/\/radames.manosso.nom.br\/linguagem\/category\/gramatica\/grafologia\/"},"img":{"alt_text":"","src":"https:\/\/i0.wp.com\/radames.manosso.nom.br\/linguagem\/files\/gram%C3%A1tica.jpg?resize=350%2C200&ssl=1","width":350,"height":200},"classes":[]},{"id":296,"url":"https:\/\/radames.manosso.nom.br\/linguagem\/gramatica\/grafologia\/ponto-e-virgula\/","url_meta":{"origin":294,"position":2},"title":"Ponto e v\u00edrgula","author":"Radam\u00e9s","date":false,"format":false,"excerpt":"Usa-se ponto e v\u00edrgula em lugar da v\u00edrgula para representar, em alguns casos, a correspondente pausa sint\u00e1tica do discurso oral. N\u00e3o h\u00e1 uma regra que obrigue o uso do ponto e v\u00edrgula. Fica a crit\u00e9rio do redator empreg\u00e1-lo quando desejar organizar melhor os itens que comp\u00f5em o per\u00edodo. Em um\u2026","rel":"","context":"Em &quot;Grafologia&quot;","block_context":{"text":"Grafologia","link":"https:\/\/radames.manosso.nom.br\/linguagem\/category\/gramatica\/grafologia\/"},"img":{"alt_text":"","src":"https:\/\/i0.wp.com\/radames.manosso.nom.br\/linguagem\/files\/gram%C3%A1tica.jpg?resize=350%2C200&ssl=1","width":350,"height":200},"classes":[]},{"id":282,"url":"https:\/\/radames.manosso.nom.br\/linguagem\/gramatica\/grafologia\/aspas\/","url_meta":{"origin":294,"position":3},"title":"Aspas","author":"Radam\u00e9s","date":false,"format":false,"excerpt":"Aspas ocorrem sempre aos pares, uma no in\u00edcio e outra no fim do enunciado por elas contido. O uso de aspas n\u00e3o est\u00e1 ligado a nenhum dos n\u00edveis lingu\u00edsticos de an\u00e1lise. Em todos os casos em que ocorrem, elas exercem fun\u00e7\u00f5es de n\u00edvel superior ao sint\u00e1tico. No discurso oral, usamos\u2026","rel":"","context":"Em &quot;Grafologia&quot;","block_context":{"text":"Grafologia","link":"https:\/\/radames.manosso.nom.br\/linguagem\/category\/gramatica\/grafologia\/"},"img":{"alt_text":"","src":"https:\/\/i0.wp.com\/radames.manosso.nom.br\/linguagem\/files\/gram%C3%A1tica.jpg?resize=350%2C200&ssl=1","width":350,"height":200},"classes":[]},{"id":298,"url":"https:\/\/radames.manosso.nom.br\/linguagem\/gramatica\/grafologia\/reticencias\/","url_meta":{"origin":294,"position":4},"title":"Retic\u00eancias","author":"Radam\u00e9s","date":false,"format":false,"excerpt":"Usamos retic\u00eancias, representadas por tr\u00eas pontos em sequ\u00eancia (...), em v\u00e1rios contextos, geralmente, com fun\u00e7\u00e3o ret\u00f3rica. Vamos agrupar esses usos em tr\u00eas casos. Representa\u00e7\u00e3o de pausas n\u00e3o sint\u00e1ticas Coloca-se retic\u00eancias no texto quando se quer indicar que naquela posi\u00e7\u00e3o h\u00e1 uma pausa adicional n\u00e3o sint\u00e1tica na elocu\u00e7\u00e3o, causada por hesita\u00e7\u00e3o,\u2026","rel":"","context":"Em &quot;Grafologia&quot;","block_context":{"text":"Grafologia","link":"https:\/\/radames.manosso.nom.br\/linguagem\/category\/gramatica\/grafologia\/"},"img":{"alt_text":"","src":"https:\/\/i0.wp.com\/radames.manosso.nom.br\/linguagem\/files\/gram%C3%A1tica.jpg?resize=350%2C200&ssl=1","width":350,"height":200},"classes":[]},{"id":292,"url":"https:\/\/radames.manosso.nom.br\/linguagem\/gramatica\/grafologia\/ponto-de-exclamacao\/","url_meta":{"origin":294,"position":5},"title":"Ponto de exclama\u00e7\u00e3o","author":"Radam\u00e9s","date":false,"format":false,"excerpt":"Usa-se o ponto de exclama\u00e7\u00e3o em vez do ponto simples quando se deseja indicar que a entona\u00e7\u00e3o do per\u00edodo \u00e9 enf\u00e1tica, emocionada, intensa. Trata-se de um artif\u00edcio ret\u00f3rico para induzir a leitura do per\u00edodo de forma diferenciada, supondo um estado emocional compat\u00edvel com o sentido portado. Veja exemplos: Independ\u00eancia ou\u2026","rel":"","context":"Em &quot;Grafologia&quot;","block_context":{"text":"Grafologia","link":"https:\/\/radames.manosso.nom.br\/linguagem\/category\/gramatica\/grafologia\/"},"img":{"alt_text":"","src":"https:\/\/i0.wp.com\/radames.manosso.nom.br\/linguagem\/files\/gram%C3%A1tica.jpg?resize=350%2C200&ssl=1","width":350,"height":200},"classes":[]}],"_links":{"self":[{"href":"https:\/\/radames.manosso.nom.br\/linguagem\/wp-json\/wp\/v2\/posts\/294","targetHints":{"allow":["GET"]}}],"collection":[{"href":"https:\/\/radames.manosso.nom.br\/linguagem\/wp-json\/wp\/v2\/posts"}],"about":[{"href":"https:\/\/radames.manosso.nom.br\/linguagem\/wp-json\/wp\/v2\/types\/post"}],"author":[{"embeddable":true,"href":"https:\/\/radames.manosso.nom.br\/linguagem\/wp-json\/wp\/v2\/users\/1"}],"replies":[{"embeddable":true,"href":"https:\/\/radames.manosso.nom.br\/linguagem\/wp-json\/wp\/v2\/comments?post=294"}],"version-history":[{"count":4,"href":"https:\/\/radames.manosso.nom.br\/linguagem\/wp-json\/wp\/v2\/posts\/294\/revisions"}],"predecessor-version":[{"id":4193,"href":"https:\/\/radames.manosso.nom.br\/linguagem\/wp-json\/wp\/v2\/posts\/294\/revisions\/4193"}],"wp:attachment":[{"href":"https:\/\/radames.manosso.nom.br\/linguagem\/wp-json\/wp\/v2\/media?parent=294"}],"wp:term":[{"taxonomy":"category","embeddable":true,"href":"https:\/\/radames.manosso.nom.br\/linguagem\/wp-json\/wp\/v2\/categories?post=294"},{"taxonomy":"post_tag","embeddable":true,"href":"https:\/\/radames.manosso.nom.br\/linguagem\/wp-json\/wp\/v2\/tags?post=294"}],"curies":[{"name":"wp","href":"https:\/\/api.w.org\/{rel}","templated":true}]}}