{"id":306,"date":"2013-10-06T17:45:07","date_gmt":"2013-10-06T20:45:07","guid":{"rendered":"http:\/\/radames.manosso.nom.br\/linguagem\/?p=306"},"modified":"2020-11-28T18:00:37","modified_gmt":"2020-11-28T21:00:37","slug":"representacao-multipla","status":"publish","type":"post","link":"https:\/\/radames.manosso.nom.br\/linguagem\/gramatica\/grafologia\/representacao-multipla\/","title":{"rendered":"Representa\u00e7\u00e3o ortogr\u00e1fica m\u00faltipla"},"content":{"rendered":"\n<p>Em muitos casos, nossa ortografia, admite mais de uma maneira de escrever o mesmo enunciado. Veremos na sequ\u00eancia, alguns desses casos.<\/p>\n\n\n\n<figure class=\"wp-block-image size-large\"><a href=\"https:\/\/i0.wp.com\/radames.manosso.nom.br\/linguagem\/files\/gram%C3%A1tica.jpg?ssl=1\"><img data-recalc-dims=\"1\" loading=\"lazy\" decoding=\"async\" width=\"500\" height=\"332\" src=\"https:\/\/i0.wp.com\/radames.manosso.nom.br\/linguagem\/files\/gram%C3%A1tica.jpg?resize=500%2C332&#038;ssl=1\" alt=\"\" class=\"wp-image-3236\" srcset=\"https:\/\/i0.wp.com\/radames.manosso.nom.br\/linguagem\/files\/gram%C3%A1tica.jpg?w=500&amp;ssl=1 500w, https:\/\/i0.wp.com\/radames.manosso.nom.br\/linguagem\/files\/gram%C3%A1tica.jpg?resize=300%2C199&amp;ssl=1 300w\" sizes=\"auto, (max-width: 500px) 100vw, 500px\" \/><\/a><\/figure>\n\n\n\n<!--more-->\n\n\n\n<h3 class=\"wp-block-heading\">\u00canfase<\/h3>\n\n\n\n<p>N\u00e3o temos conven\u00e7\u00f5es bem definidas para enfatizar segmentos do enunciado. O efeito de \u00eanfase pode ser conseguido de v\u00e1rias maneiras, a crit\u00e9rio do redator. Em muitos casos, as conven\u00e7\u00f5es s\u00e3o estabelecidas para o contexto de uma obra, de uma publica\u00e7\u00e3o e n\u00e3o ultrapassam esse limite. Vejamos algumas:<\/p>\n\n\n\n<ul class=\"wp-block-list\"><li><strong>Aspas<\/strong>. Podemos colocar entre aspas trechos do texto para enfatizar que est\u00e3o sendo usados sob ressalva devido \u00e0 sua conota\u00e7\u00e3o.<\/li><li><strong>Travess\u00e3o<\/strong>. Podemos colocar entre travess\u00f5es um trecho de discurso que desejamos enfatizar.<\/li><li><strong>Negrito e it\u00e1lico<\/strong>. Essas variantes de design tamb\u00e9m podem ser usadas para enfatizar trechos do discurso.<\/li><\/ul>\n\n\n\n<h3 class=\"wp-block-heading\">Foco<\/h3>\n\n\n\n<p>As conven\u00e7\u00f5es ortogr\u00e1ficas referentes a foco n\u00e3o s\u00e3o satisfat\u00f3rias para dar conta das necessidades de indica\u00e7\u00e3o de foco. N\u00e3o temos, por exemplo, conven\u00e7\u00f5es para diferenciar o discurso falado do pensado, o real do on\u00edrico, etc. Nessas horas, normalmente o redator contorna o problema com frases metalingu\u00edsticas do tipo:\u00a0<em>ele falou, pensou consigo mesmo, em sonho dizia, etc.<\/em> <\/p>\n\n\n\n<p>Alguns podem achar que se trata de preciosismo exigir que a escrita tenha solu\u00e7\u00f5es para esse tipo de sinaliza\u00e7\u00e3o, mas vale lembrar que a linguagem das hist\u00f3rias em quadrinhos, por exemplo, d\u00e1 conta desses aspectos, usando conven\u00e7\u00f5es ricas envolvendo a forma dos bal\u00f5es de texto.<\/p>\n\n\n\n<p>Apesar das car\u00eancias que a ortografia apresenta na representa\u00e7\u00e3o de foco, existem v\u00e1rias formas equivalentes de expressar foco na escrita. Vejamos algumas:<\/p>\n\n\n\n<ul class=\"wp-block-list\"><li><strong>Travess\u00e3o<\/strong>. O travess\u00e3o \u00e9 usado para marcar transi\u00e7\u00f5es de foco de narrador para personagem, de personagem para narrador e de personagem para personagem.<\/li><li><strong>Aspas<\/strong>. S\u00e3o usadas para delimitar cita\u00e7\u00f5es e a fala de personagens.<\/li><li><strong>V\u00edrgula<\/strong>. Em muitos casos, a v\u00edrgula indica transi\u00e7\u00f5es de foco de personagem para narrador e vice-versa.<\/li><li><strong>Dois pontos<\/strong>. Anuncia uma transi\u00e7\u00e3o de foco de narrador para personagem ou de narrador para cita\u00e7\u00e3o.<\/li><\/ul>\n\n\n\n<h3 class=\"wp-block-heading\">Intercala\u00e7\u00f5es e aposi\u00e7\u00f5es<\/h3>\n\n\n\n<p>Nossa ortografia exige que as intercala\u00e7\u00f5es sejam delimitadas no texto. Isso se d\u00e1 por similaridade com o discurso oral, em que usamos pausas sint\u00e1ticas para delimitar intercala\u00e7\u00f5es e aposi\u00e7\u00f5es. H\u00e1 tr\u00eas maneiras de se fazer essa delimita\u00e7\u00e3o: com v\u00edrgulas, travess\u00f5es ou par\u00eanteses. Veja nos exemplos a seguir a equival\u00eancia dos modos.<\/p>\n\n\n\n<ul class=\"wp-block-list\"><li>O finado, que Deus o tenha, era um homem de virtudes.<\/li><li>O finado \u2013 que Deus o tenha \u2013 era um homem de virtudes.<\/li><li>O finado (que Deus o tenha) era um homem de virtudes.<\/li><li>Dalton Trevisan, o vampiro de Curitiba, \u00e9 avesso \u00e0 publicidade.<\/li><li>Dalton Trevisan \u2013 o vampiro de Curitiba \u2013 \u00e9 avesso \u00e0 publicidade.<\/li><li>Dalton Trevisan (o vampiro de Curitiba) \u00e9 avesso \u00e0 publicidade.<\/li><\/ul>\n\n\n\n<h3 class=\"wp-block-heading\">Pausa<\/h3>\n\n\n\n<p>As pausas de valor sint\u00e1tico e de valor entoativo s\u00e3o representadas na escrita pelos sinais de pontua\u00e7\u00e3o.<\/p>\n\n\n\n<p>Se a pausa indica final de per\u00edodo ser\u00e1 representada pelo ponto simples, ou ent\u00e3o, pelos pontos de interroga\u00e7\u00e3o, exclama\u00e7\u00e3o ou retic\u00eancias.<\/p>\n\n\n\n<p>Se a pausa se d\u00e1 dentro do per\u00edodo ser\u00e1 representada na maioria dos casos pela v\u00edrgula, mas pode tamb\u00e9m ser representada em situa\u00e7\u00f5es espec\u00edficas por travess\u00e3o, par\u00eantese, ponto e v\u00edrgula, dois pontos e ponto de exclama\u00e7\u00e3o.<\/p>\n\n\n\n<p>As pausas entoativas geralmente s\u00e3o representadas pela v\u00edrgula, mas tamb\u00e9m por travess\u00e3o e aspas.<\/p>\n\n\n\n<h3 class=\"wp-block-heading\">Grafologia<\/h3>\n\n\n\n<ul class=\"wp-block-list\"><li><a href=\"https:\/\/radames.manosso.nom.br\/linguagem\/gramatica\/grafologia\/a-escrita\/\">A escrita<\/a><\/li><li><a href=\"https:\/\/radames.manosso.nom.br\/linguagem\/gramatica\/grafologia\/transcricoes\/\">Transcri\u00e7\u00f5es e ortografias<\/a><\/li><li><a href=\"https:\/\/radames.manosso.nom.br\/linguagem\/gramatica\/grafologia\/alfabeto-romano\/\">Alfabeto romano (latino)<\/a><\/li><li><a href=\"https:\/\/radames.manosso.nom.br\/linguagem\/gramatica\/grafologia\/grafema\/\">Grafema<\/a><\/li><li><a href=\"https:\/\/radames.manosso.nom.br\/linguagem\/gramatica\/grafologia\/grafemas-da-ortografia-brasileira\/\">Grafemas da ortografia brasileira<\/a><\/li><li><a href=\"https:\/\/radames.manosso.nom.br\/linguagem\/gramatica\/grafologia\/diacriticos-da-ortografia-brasileira\/\">Diacr\u00edticos da ortografia brasileira<\/a><\/li><li><a href=\"https:\/\/radames.manosso.nom.br\/linguagem\/gramatica\/grafologia\/acentos-agudo-e-circunflexo\/\">Acentos agudo e circunflexo<\/a><\/li><li><a href=\"https:\/\/radames.manosso.nom.br\/linguagem\/gramatica\/grafologia\/crase\/\">Crase<\/a><\/li><li><a href=\"https:\/\/radames.manosso.nom.br\/linguagem\/gramatica\/grafologia\/digrafos-da-ortografia-brasileira\/\">D\u00edgrafos da ortografia brasileira<\/a><\/li><li><a href=\"https:\/\/radames.manosso.nom.br\/linguagem\/gramatica\/grafologia\/representacao-de-fonemas\/\">Representa\u00e7\u00e3o de fonemas brasileiros <\/a><\/li><li><a href=\"https:\/\/radames.manosso.nom.br\/linguagem\/gramatica\/grafologia\/representacao-multipla\/\">Representa\u00e7\u00e3o  ortogr\u00e1fica m\u00faltipla<\/a><\/li><li><a href=\"https:\/\/radames.manosso.nom.br\/linguagem\/gramatica\/grafologia\/representacao-da-escrita-em-computador\/\">Representa\u00e7\u00e3o da escrita em computador<\/a><\/li><li><a href=\"https:\/\/radames.manosso.nom.br\/linguagem\/gramatica\/grafologia\/iniciais-maiusculas\/\">Iniciais mai\u00fasculas<\/a><\/li><\/ul>\n\n\n\n<p><\/p>\n","protected":false},"excerpt":{"rendered":"<p>Em muitos casos, nossa ortografia, admite mais de uma maneira de escrever o mesmo enunciado. Veremos na sequ\u00eancia, alguns desses casos.<\/p>\n","protected":false},"author":1,"featured_media":0,"comment_status":"open","ping_status":"closed","sticky":false,"template":"","format":"standard","meta":{"jetpack_post_was_ever_published":false,"_jetpack_newsletter_access":"","_jetpack_dont_email_post_to_subs":false,"_jetpack_newsletter_tier_id":0,"_jetpack_memberships_contains_paywalled_content":false,"_jetpack_memberships_contains_paid_content":false,"footnotes":"","jetpack_publicize_message":"","jetpack_publicize_feature_enabled":true,"jetpack_social_post_already_shared":false,"jetpack_social_options":{"image_generator_settings":{"template":"highway","default_image_id":0,"font":"","enabled":false},"version":2}},"categories":[158],"tags":[203,68,48,159,202,100,201],"class_list":["post-306","post","type-post","status-publish","format-standard","hentry","category-grafologia","tag-aposicao","tag-enfase","tag-foco","tag-grafologia-2","tag-intercalacao","tag-ortografia","tag-pausa"],"jetpack_publicize_connections":[],"jetpack_featured_media_url":"","jetpack_sharing_enabled":true,"jetpack_shortlink":"https:\/\/wp.me\/p74YWN-4W","jetpack-related-posts":[{"id":282,"url":"https:\/\/radames.manosso.nom.br\/linguagem\/gramatica\/grafologia\/aspas\/","url_meta":{"origin":306,"position":0},"title":"Aspas","author":"Radam\u00e9s","date":false,"format":false,"excerpt":"Aspas ocorrem sempre aos pares, uma no in\u00edcio e outra no fim do enunciado por elas contido. O uso de aspas n\u00e3o est\u00e1 ligado a nenhum dos n\u00edveis lingu\u00edsticos de an\u00e1lise. Em todos os casos em que ocorrem, elas exercem fun\u00e7\u00f5es de n\u00edvel superior ao sint\u00e1tico. No discurso oral, usamos\u2026","rel":"","context":"Em &quot;Grafologia&quot;","block_context":{"text":"Grafologia","link":"https:\/\/radames.manosso.nom.br\/linguagem\/category\/gramatica\/grafologia\/"},"img":{"alt_text":"","src":"https:\/\/i0.wp.com\/radames.manosso.nom.br\/linguagem\/files\/gram%C3%A1tica.jpg?resize=350%2C200&ssl=1","width":350,"height":200},"classes":[]},{"id":298,"url":"https:\/\/radames.manosso.nom.br\/linguagem\/gramatica\/grafologia\/reticencias\/","url_meta":{"origin":306,"position":1},"title":"Retic\u00eancias","author":"Radam\u00e9s","date":false,"format":false,"excerpt":"Usamos retic\u00eancias, representadas por tr\u00eas pontos em sequ\u00eancia (...), em v\u00e1rios contextos, geralmente, com fun\u00e7\u00e3o ret\u00f3rica. Vamos agrupar esses usos em tr\u00eas casos. Representa\u00e7\u00e3o de pausas n\u00e3o sint\u00e1ticas Coloca-se retic\u00eancias no texto quando se quer indicar que naquela posi\u00e7\u00e3o h\u00e1 uma pausa adicional n\u00e3o sint\u00e1tica na elocu\u00e7\u00e3o, causada por hesita\u00e7\u00e3o,\u2026","rel":"","context":"Em &quot;Grafologia&quot;","block_context":{"text":"Grafologia","link":"https:\/\/radames.manosso.nom.br\/linguagem\/category\/gramatica\/grafologia\/"},"img":{"alt_text":"","src":"https:\/\/i0.wp.com\/radames.manosso.nom.br\/linguagem\/files\/gram%C3%A1tica.jpg?resize=350%2C200&ssl=1","width":350,"height":200},"classes":[]},{"id":288,"url":"https:\/\/radames.manosso.nom.br\/linguagem\/gramatica\/grafologia\/parenteses\/","url_meta":{"origin":306,"position":2},"title":"Par\u00eanteses","author":"Radam\u00e9s","date":false,"format":false,"excerpt":"Os par\u00eanteses ocorrem aos pares e devem ficar unidos ao enunciado que delimitam. A fun\u00e7\u00e3o b\u00e1sica dos par\u00eanteses \u00e9 delimitar intercala\u00e7\u00f5es dentro de um per\u00edodo. Por exemplo: S\u00e3o Paulo (maior cidade do Brasil) \u00e9 uma metr\u00f3pole de contrastes. Tamb\u00e9m usa-se os par\u00eanteses em alguns casos para delimitar o segundo item\u2026","rel":"","context":"Em &quot;Grafologia&quot;","block_context":{"text":"Grafologia","link":"https:\/\/radames.manosso.nom.br\/linguagem\/category\/gramatica\/grafologia\/"},"img":{"alt_text":"","src":"https:\/\/i0.wp.com\/radames.manosso.nom.br\/linguagem\/files\/gram%C3%A1tica.jpg?resize=350%2C200&ssl=1","width":350,"height":200},"classes":[]},{"id":300,"url":"https:\/\/radames.manosso.nom.br\/linguagem\/gramatica\/grafologia\/travessao\/","url_meta":{"origin":306,"position":3},"title":"Travess\u00e3o","author":"Radam\u00e9s","date":false,"format":false,"excerpt":"O travess\u00e3o \u00e9 usado com fun\u00e7\u00f5es variadas que, na maioria dos casos, n\u00e3o s\u00e3o de n\u00edvel lingu\u00edstico, como veremos a seguir. O travess\u00e3o deve ser inserido no texto entre espa\u00e7os em branco. Ele n\u00e3o est\u00e1 presente nos teclados brasileiros de computador, mas pode ser inserido no texto por meio do\u2026","rel":"","context":"Em &quot;Grafologia&quot;","block_context":{"text":"Grafologia","link":"https:\/\/radames.manosso.nom.br\/linguagem\/category\/gramatica\/grafologia\/"},"img":{"alt_text":"","src":"https:\/\/i0.wp.com\/radames.manosso.nom.br\/linguagem\/files\/gram%C3%A1tica.jpg?resize=350%2C200&ssl=1","width":350,"height":200},"classes":[]},{"id":290,"url":"https:\/\/radames.manosso.nom.br\/linguagem\/gramatica\/grafologia\/ponto\/","url_meta":{"origin":306,"position":4},"title":"Ponto &#8211; sinal ortogr\u00e1fico","author":"Radam\u00e9s","date":false,"format":false,"excerpt":"O ponto tem uso ortogr\u00e1fico em dois casos: para indicar o fim de per\u00edodo declarativo e no final de abreviaturas (ex.:\u00a0Sr., a.C., V.Sa.). No primeiro caso, a fun\u00e7\u00e3o \u00e9 sint\u00e1tica e equivale \u00e0 pausa do discurso oral. No segundo caso, trata-se de uma conven\u00e7\u00e3o ortogr\u00e1fica para orientar a leitura e\u2026","rel":"","context":"Em &quot;Grafologia&quot;","block_context":{"text":"Grafologia","link":"https:\/\/radames.manosso.nom.br\/linguagem\/category\/gramatica\/grafologia\/"},"img":{"alt_text":"","src":"https:\/\/i0.wp.com\/radames.manosso.nom.br\/linguagem\/files\/gram%C3%A1tica.jpg?resize=350%2C200&ssl=1","width":350,"height":200},"classes":[]},{"id":296,"url":"https:\/\/radames.manosso.nom.br\/linguagem\/gramatica\/grafologia\/ponto-e-virgula\/","url_meta":{"origin":306,"position":5},"title":"Ponto e v\u00edrgula","author":"Radam\u00e9s","date":false,"format":false,"excerpt":"Usa-se ponto e v\u00edrgula em lugar da v\u00edrgula para representar, em alguns casos, a correspondente pausa sint\u00e1tica do discurso oral. N\u00e3o h\u00e1 uma regra que obrigue o uso do ponto e v\u00edrgula. Fica a crit\u00e9rio do redator empreg\u00e1-lo quando desejar organizar melhor os itens que comp\u00f5em o per\u00edodo. Em um\u2026","rel":"","context":"Em &quot;Grafologia&quot;","block_context":{"text":"Grafologia","link":"https:\/\/radames.manosso.nom.br\/linguagem\/category\/gramatica\/grafologia\/"},"img":{"alt_text":"","src":"https:\/\/i0.wp.com\/radames.manosso.nom.br\/linguagem\/files\/gram%C3%A1tica.jpg?resize=350%2C200&ssl=1","width":350,"height":200},"classes":[]}],"_links":{"self":[{"href":"https:\/\/radames.manosso.nom.br\/linguagem\/wp-json\/wp\/v2\/posts\/306","targetHints":{"allow":["GET"]}}],"collection":[{"href":"https:\/\/radames.manosso.nom.br\/linguagem\/wp-json\/wp\/v2\/posts"}],"about":[{"href":"https:\/\/radames.manosso.nom.br\/linguagem\/wp-json\/wp\/v2\/types\/post"}],"author":[{"embeddable":true,"href":"https:\/\/radames.manosso.nom.br\/linguagem\/wp-json\/wp\/v2\/users\/1"}],"replies":[{"embeddable":true,"href":"https:\/\/radames.manosso.nom.br\/linguagem\/wp-json\/wp\/v2\/comments?post=306"}],"version-history":[{"count":3,"href":"https:\/\/radames.manosso.nom.br\/linguagem\/wp-json\/wp\/v2\/posts\/306\/revisions"}],"predecessor-version":[{"id":4164,"href":"https:\/\/radames.manosso.nom.br\/linguagem\/wp-json\/wp\/v2\/posts\/306\/revisions\/4164"}],"wp:attachment":[{"href":"https:\/\/radames.manosso.nom.br\/linguagem\/wp-json\/wp\/v2\/media?parent=306"}],"wp:term":[{"taxonomy":"category","embeddable":true,"href":"https:\/\/radames.manosso.nom.br\/linguagem\/wp-json\/wp\/v2\/categories?post=306"},{"taxonomy":"post_tag","embeddable":true,"href":"https:\/\/radames.manosso.nom.br\/linguagem\/wp-json\/wp\/v2\/tags?post=306"}],"curies":[{"name":"wp","href":"https:\/\/api.w.org\/{rel}","templated":true}]}}