{"id":328,"date":"2013-10-07T22:09:51","date_gmt":"2013-10-08T01:09:51","guid":{"rendered":"http:\/\/radames.manosso.nom.br\/linguagem\/?p=328"},"modified":"2020-11-19T17:29:07","modified_gmt":"2020-11-19T20:29:07","slug":"conexao","status":"publish","type":"post","link":"https:\/\/radames.manosso.nom.br\/linguagem\/gramatica\/sintaxe\/conexao\/","title":{"rendered":"Conex\u00e3o sint\u00e1tica"},"content":{"rendered":"\n<p>As conex\u00f5es ocorrem quando integramos dois ou mais itens sint\u00e1ticos em um conjunto relacionado semanticamente por meio de sintagmas conectivos para formar um item composto de n\u00edvel sint\u00e1tico mais alto.<\/p>\n\n\n\n<figure class=\"wp-block-image size-large\"><img data-recalc-dims=\"1\" loading=\"lazy\" decoding=\"async\" width=\"500\" height=\"332\" src=\"https:\/\/i0.wp.com\/radames.manosso.nom.br\/linguagem\/files\/gram%C3%A1tica.jpg?resize=500%2C332&#038;ssl=1\" alt=\"\" class=\"wp-image-3236\" srcset=\"https:\/\/i0.wp.com\/radames.manosso.nom.br\/linguagem\/files\/gram%C3%A1tica.jpg?w=500&amp;ssl=1 500w, https:\/\/i0.wp.com\/radames.manosso.nom.br\/linguagem\/files\/gram%C3%A1tica.jpg?resize=300%2C199&amp;ssl=1 300w\" sizes=\"auto, (max-width: 500px) 100vw, 500px\" \/><\/figure>\n\n\n\n<!--more-->\n\n\n\n<h3 class=\"wp-block-heading\">Conex\u00e3o de frases<\/h3>\n\n\n\n<p>Conex\u00f5es entre frases geram per\u00edodos. As frases participantes de uma conex\u00e3o s\u00e3o aceit\u00e1veis quando observadas isoladamente, exceto no caso espec\u00edfico das que apresentam verbo flexionado no modo subjuntivo. Vejamos um exemplo:<\/p>\n\n\n\n<ul class=\"wp-block-list\"><li>Ele acordou cedo&nbsp;<strong>e<\/strong> saiu para o trabalho.<\/li><\/ul>\n\n\n\n<p>S\u00e3o aceit\u00e1veis as frases desmembradas do per\u00edodo acima tomadas isoladamente:<\/p>\n\n\n\n<ul class=\"wp-block-list\"><li>Ele acordou cedo.<\/li><li>Saiu para o trabalho.<\/li><\/ul>\n\n\n\n<p>As frases de uma conex\u00e3o s\u00e3o sintaticamente independentes. A conex\u00e3o \u00e9 um elo sem\u00e2ntico entre as frases que se estabelece pelo conectivo. No exemplo anterior, as frases se ligam pelo conectivo&nbsp;<em>e,<\/em> que estabelece entre as duas uma rela\u00e7\u00e3o sem\u00e2ntica de adi\u00e7\u00e3o l\u00f3gica. Entende-se que os fatos relatados pertencem a uma mesma cadeia de acontecimentos sucessivos. Vejamos outro exemplo:<\/p>\n\n\n\n<ul class=\"wp-block-list\"><li>Ficou rico,&nbsp;<strong>mas<\/strong> n\u00e3o era feliz.<\/li><\/ul>\n\n\n\n<p>No exemplo, temos duas frases sintaticamente independentes, mas que do ponto de vista sem\u00e2ntico e segundo a opini\u00e3o do emissor, contrastam entre si. Ao conectar as duas frases pelo conectivo&nbsp;<em>mas<\/em>, o emissor quis passar a id\u00e9ia de que uma vez rico, espera-se que seja feliz.<\/p>\n\n\n\n<p>A conex\u00e3o de frases \u00e9 feita por raz\u00f5es sem\u00e2nticas. As conex\u00f5es agregam sentido ao enunciado. Percebemos isso claramente na s\u00e9rie a seguir:<\/p>\n\n\n\n<ul class=\"wp-block-list\"><li>Ele estuda gram\u00e1tica&nbsp;<strong>e<\/strong> escreve bem.<\/li><li>Ele estuda gram\u00e1tica,&nbsp;<strong>mas<\/strong> escreve bem.<\/li><li>Ele estuda gram\u00e1tica,&nbsp;<strong>logo<\/strong> escreve bem.<\/li><\/ul>\n\n\n\n<h3 class=\"wp-block-heading\">Comutatividade<\/h3>\n\n\n\n<p>Algumas conex\u00f5es de frases s\u00e3o comutativas, outras n\u00e3o. Vejamos dois exemplos:<\/p>\n\n\n\n<ul class=\"wp-block-list\"><li>Penso,&nbsp;<strong>logo<\/strong> existo<br>Existo,&nbsp;<strong>logo<\/strong> penso.<\/li><\/ul>\n\n\n\n<ul class=\"wp-block-list\"><li>Pedro \u00e9 arquiteto&nbsp;<strong>e<\/strong> Ant\u00f4nio \u00e9 engenheiro.<br>Ant\u00f4nio \u00e9 engenheiro&nbsp;<strong>e<\/strong> Pedro \u00e9 arquiteto.<\/li><\/ul>\n\n\n\n<p>No primeiro par de frases, a comuta\u00e7\u00e3o provoca uma altera\u00e7\u00e3o de sentido no per\u00edodo. No segundo par, n\u00e3o h\u00e1 restri\u00e7\u00e3o sem\u00e2ntica de se comutar as frases.<\/p>\n\n\n\n<p>A comutatividade das conex\u00f5es de frase depende essencialmente da natureza do conectivo. O conectivo&nbsp;<em>logo<\/em>, por exemplo, n\u00e3o admite comuta\u00e7\u00e3o, enquanto o conectivo&nbsp;<em>e<\/em> \u00e9 tipicamente comutativo.<\/p>\n\n\n\n<p>A comutatividade \u00e9 limitada, em alguns casos, por raz\u00f5es sem\u00e2nticas. Por exemplo:<\/p>\n\n\n\n<ul class=\"wp-block-list\"><li>Acordou cedo<strong>,<\/strong> tomou caf\u00e9 e partiu para o servi\u00e7o.<\/li><\/ul>\n\n\n\n<p>Soa estranho comutar as frases conectadas do exemplo.<\/p>\n\n\n\n<ul class=\"wp-block-list\"><li>Partiu para o servi\u00e7o<strong>,<\/strong> tomou caf\u00e9&nbsp;<strong>e<\/strong> acordou cedo.<\/li><\/ul>\n\n\n\n<p>A limita\u00e7\u00e3o para a comuta\u00e7\u00e3o, nesse caso, vem da expectativa que temos de encontrar as frases em uma ordem cronol\u00f3gica de desenrolar dos fatos.<\/p>\n\n\n\n<h3 class=\"wp-block-heading\">Aceitabilidade das frases isoladamente<\/h3>\n\n\n\n<p>A princ\u00edpio, todas as frases conectadas s\u00e3o sintaticamente independentes e aceit\u00e1veis quando tomadas isoladamente. Essa regra s\u00f3 encontra exce\u00e7\u00e3o em alguns casos de conex\u00e3o em que na segunda frase encontramos o verbo flexionado em modo subjuntivo. Os exemplos a seguir, cont\u00e9m frases aceit\u00e1veis isoladamente:<\/p>\n\n\n\n<ul class=\"wp-block-list\"><li>Voltei cedo do servi\u00e7o&nbsp;<strong>porque<\/strong> estava com uma forte gripe.<\/li><li>Voltei cedo do servi\u00e7o.<\/li><li>Estava com uma forte gripe.<\/li><\/ul>\n\n\n\n<p>Ao contr\u00e1rio, a segunda frase do pr\u00f3ximo exemplo n\u00e3o \u00e9 aceit\u00e1vel quando isolada.<\/p>\n\n\n\n<ul class=\"wp-block-list\"><li>Eu estaria tranquilo&nbsp;<strong>se<\/strong> tivesse conclu\u00eddo o projeto.<\/li><li>Eu estaria tranquilo.<\/li><li>* Tivesse conclu\u00eddo o projeto.<\/li><\/ul>\n\n\n\n<p>Embora nesse caso a segunda frase n\u00e3o seja aceit\u00e1vel isoladamente, consideramos o conjunto como uma conex\u00e3o devido a certos usos bastante peculiares dos tempos do modo subjuntivo, que acontecem somente em conex\u00f5es de frase.<\/p>\n\n\n\n<h3 class=\"wp-block-heading\">Conex\u00f5es restrita e ampla<\/h3>\n\n\n\n<p>Cada coordenativo conecta duas frases do per\u00edodo, ou seja, medeia uma rela\u00e7\u00e3o uma para uma. Alguns coordenativos, por\u00e9m, podem se repetir entre frases cont\u00edguas gerando uma conex\u00e3o mais ampla entre v\u00e1rias frases.<\/p>\n\n\n\n<p>O coordenativo&nbsp;<em>ou<\/em>, por exemplo, pode ser usado para conectar v\u00e1rias frases cont\u00edguas, bastando para isso, que se repita entre as frases. O resultado \u00e9 uma conjun\u00e7\u00e3o de frases indeterminada em n\u00famero. Exemplo:<\/p>\n\n\n\n<ul class=\"wp-block-list\"><li><strong>Ou<\/strong> viajo para a ch\u00e1cara,&nbsp;<strong>ou<\/strong> vou para o litoral,&nbsp;<strong>ou<\/strong> nem viajo no feriado.<\/li><\/ul>\n\n\n\n<p>O coordenativo&nbsp;<em>mas<\/em>, por sua vez, n\u00e3o gera conex\u00f5es amplas entre frases cont\u00edguas. Vamos analisar um exemplo:<\/p>\n\n\n\n<ul class=\"wp-block-list\"><li>Ele era competente,&nbsp;<strong>mas<\/strong> n\u00e3o era pontual,&nbsp;<strong>mas<\/strong> n\u00e3o era ass\u00edduo,&nbsp;<strong>mas<\/strong> n\u00e3o era leal.<\/li><\/ul>\n\n\n\n<p>No per\u00edodo do exemplo, temos 4 frases. A interpreta\u00e7\u00e3o mais adequada para ele, \u00e9 considerar que as tr\u00eas \u00faltimas frases contrastam uma a uma com a primeira. Esse per\u00edodo poderia ser parafraseado da seguinte forma:<\/p>\n\n\n\n<ul class=\"wp-block-list\"><li>Ele era competente,&nbsp;<strong>mas<\/strong> n\u00e3o era pontual.<\/li><li>Ele era competente,&nbsp;<strong>mas<\/strong> n\u00e3o era ass\u00edduo.<\/li><li>Ele era competente,&nbsp;<strong>mas<\/strong> n\u00e3o era leal.<\/li><\/ul>\n\n\n\n<p>Em resumo, alguns conectivos geram conex\u00f5es restritas a duas frases e outros, conex\u00f5es amplas indeterminadas em n\u00famero de frases, em que o conectivo se repete intercalado entre as frases.<\/p>\n\n\n\n<h3 class=\"wp-block-heading\">Conex\u00f5es comutativas<\/h3>\n\n\n\n<p>Podemos classificar as conex\u00f5es de frase por v\u00e1rios crit\u00e9rios. Aqui, vamos buscar uma classifica\u00e7\u00e3o focada no aspecto morfossint\u00e1tico. Uma primeira dicotomia que vamos estabelecer \u00e9 entre conex\u00f5es comutativas e n\u00e3o comutativas.<\/p>\n\n\n\n<h4 class=\"wp-block-heading\">Comutativas aditivas<\/h4>\n\n\n\n<p>S\u00e3o conex\u00f5es amplas e comutativas de frases. O conectivo t\u00edpico dessa classe \u00e9&nbsp;<em>e,<\/em> utilizado juntamente com o morfema pausa quando em conex\u00f5es amplas.<\/p>\n\n\n\n<ul class=\"wp-block-list\"><li>Ele escreve bem<strong>,<\/strong> tem boa did\u00e1tica&nbsp;<strong>e<\/strong> se relaciona bem com os alunos.<\/li><li>Ele se relaciona bem com os alunos<strong>,<\/strong> escreve bem&nbsp;<strong>e<\/strong> tem boa did\u00e1tica.<\/li><\/ul>\n\n\n\n<h4 class=\"wp-block-heading\">Comutativas aditivas negativas<\/h4>\n\n\n\n<p>S\u00e3o conex\u00f5es amplas e comutativas de frases. O conectivo t\u00edpico dessa classe \u00e9&nbsp;<em>nem<\/em> que equivale a&nbsp;<em>e n\u00e3o<\/em>.<\/p>\n\n\n\n<ul class=\"wp-block-list\"><li><strong>N\u00e3o<\/strong> viajou&nbsp;<strong>e n\u00e3o<\/strong> descansou.<\/li><li><strong>N\u00e3o<\/strong> viajou,&nbsp;<strong>nem<\/strong> descansou.<\/li><li><strong>Nem<\/strong> viajou,&nbsp;<strong>nem<\/strong> descansou.<\/li><li><strong>Nem<\/strong> descansou,&nbsp;<strong>nem<\/strong> viajou.<\/li><\/ul>\n\n\n\n<h4 class=\"wp-block-heading\">Comutativas alternativas<\/h4>\n\n\n\n<p>S\u00e3o conex\u00f5es amplas e comutativas de frases. O conectivo t\u00edpico dessa classe \u00e9&nbsp;<em>ou<\/em>.<\/p>\n\n\n\n<ul class=\"wp-block-list\"><li>Aumentamos o pre\u00e7o&nbsp;<strong>ou<\/strong> vendemos com preju\u00edzo.<\/li><li><strong>Ou<\/strong> aumentamos o pre\u00e7o&nbsp;<strong>ou<\/strong> vendemos com preju\u00edzo.<\/li><li><strong>Ou<\/strong> vendemos com preju\u00edzo&nbsp;<strong>ou<\/strong> aumentamos o pre\u00e7o.<\/li><\/ul>\n\n\n\n<h4 class=\"wp-block-heading\">Comutativas adversativas<\/h4>\n\n\n\n<p>S\u00e3o conex\u00f5es restritas e comutativas de frases. O conectivo t\u00edpico \u00e9&nbsp;<em>mas<\/em>.<\/p>\n\n\n\n<ul class=\"wp-block-list\"><li>Arrependeu-se depois,&nbsp;<strong>mas<\/strong> ficou feliz com a compra.<\/li><li>Ficou feliz com a compra,&nbsp;<strong>mas<\/strong> arrependeu-se depois.<\/li><\/ul>\n\n\n\n<h3 class=\"wp-block-heading\">Conex\u00f5es n\u00e3o comutativas<\/h3>\n\n\n\n<p>A caracter\u00edstica que define esse grupo \u00e9 a impossibilidade de trocar a ordem das frases no per\u00edodo, sem que isso cause altera\u00e7\u00e3o de sentido.<\/p>\n\n\n\n<h4 class=\"wp-block-heading\">Sem o verbo da segunda frase no subjuntivo<\/h4>\n\n\n\n<p>As conex\u00f5es desse tipo s\u00e3o restritas a duas frases. Ambas s\u00e3o aceit\u00e1veis se observadas isoladamente.<\/p>\n\n\n\n<ul class=\"wp-block-list\"><li>Penso,&nbsp;<strong>logo<\/strong> existo.<\/li><li>Vamos dormir&nbsp;<strong>porque<\/strong> estou com muito sono.<\/li><li>Existo&nbsp;<strong>porque<\/strong> insisto.<\/li><li>Trazia sempre uma lembran\u00e7a&nbsp;<strong>quando<\/strong> voltava de viagem.<\/li><\/ul>\n\n\n\n<h4 class=\"wp-block-heading\">Com o verbo da segunda frase no subjuntivo<\/h4>\n\n\n\n<p>Admitem apenas duas frases na conex\u00e3o. S\u00f3 a primeira frase da conex\u00e3o \u00e9 aceit\u00e1vel se observada isoladamente. A segunda resulta inaceit\u00e1vel, em fun\u00e7\u00e3o de apresentar o verbo flexionado no subjuntivo.<\/p>\n\n\n\n<ul class=\"wp-block-list\"><li>Nunca saberemos a raz\u00e3o daquele ato,&nbsp;<strong>embora<\/strong> tenhamos investigado muito.<\/li><li>Eu ficaria rico&nbsp;<strong>se<\/strong> soubesse os detalhes da f\u00f3rmula.<\/li><li>Limpou o quarto&nbsp;<strong>para que<\/strong> ela tivesse uma boa impress\u00e3o.<\/li><\/ul>\n\n\n\n<p>Veja alguns exemplos de per\u00edodos com frases conectadas de formas variadas:<br>\n<\/p>\n\n\n\n<figure class=\"wp-block-table aligncenter is-style-stripes\"><table><tbody><tr><td><strong>F<\/strong><\/td><td><strong>(SCon<\/strong><\/td><td><strong>F)<\/strong><\/td><td><strong>Caracter\u00edsticas da conex\u00e3o<\/strong><\/td><\/tr><tr><td>Assobia<\/td><td>e<\/td><td>chupa cana.<\/td><td>Comutativa aditiva<\/td><\/tr><tr><td>Ningu\u00e9m se feriu,<\/td><td>nem<\/td><td>houve danos materiais graves no acidente.<\/td><td>Comutativa aditiva negativa<\/td><\/tr><tr><td>Estudou para o concurso,<\/td><td>mas<\/td><td>n\u00e3o passou.<\/td><td>Comutativa adversativa<\/td><\/tr><tr><td>Vai<\/td><td>ou<\/td><td>racha.<\/td><td>Comutativa alternativa<\/td><\/tr><tr><td>Penso,<\/td><td>logo<\/td><td>existo.<\/td><td>N\u00e3o comutativa implicativa<\/td><\/tr><tr><td>Desisti<\/td><td>porque<\/td><td>n\u00e3o vi chances.<\/td><td>N\u00e3o comutativa implicativa inversa<\/td><\/tr><tr><td>Ganhava bem<\/td><td>embora<\/td><td>n\u00e3o fizesse esfor\u00e7o para isso.<\/td><td>N\u00e3o comutativa concessiva com verbo no subjuntivo<\/td><\/tr><tr><td>Todos passariam<\/td><td>se<\/td><td>um passasse.<\/td><td>N\u00e3o comutativa condicional com verbo no subjuntivo<\/td><\/tr><tr><td>Guardou o jantar<\/td><td>para que<\/td><td>ele comesse mais tarde.<\/td><td>N\u00e3o comutativa final com verbo no subjuntivo<\/td><\/tr><tr><td>Ele ficou mais alegre<\/td><td>quando<\/td><td>mudou para a casa nova.<\/td><td>N\u00e3o comutativa temporal com verbo no subjuntivo<\/td><\/tr><\/tbody><\/table><\/figure>\n\n\n\n<h3 class=\"wp-block-heading\">Conex\u00f5es de sintagma<\/h3>\n\n\n\n<p>Conex\u00e3o de sintagma ocorre quando integramos dois ou mais itens por rela\u00e7\u00e3o l\u00f3gica aditiva ou alternativa atrav\u00e9s de conectivos para formar um sintagma composto. Veja nos exemplos, as conex\u00f5es em negrito:<\/p>\n\n\n\n<ul class=\"wp-block-list\"><li><strong>Pedro, Paulo e Jo\u00e3o<\/strong> almo\u00e7aram juntos.<\/li><li>O novo modelo \u00e9&nbsp;<strong>moderno, econ\u00f4mico e confi\u00e1vel<\/strong>.<\/li><li>Temos tr\u00eas op\u00e7\u00f5es de cor:&nbsp;<strong>vermelho, branco ou preto<\/strong>.<\/li><li>Agrade\u00e7o&nbsp;<strong>\u00e0 dire\u00e7\u00e3o, aos professores a aos pais<\/strong>.<\/li><\/ul>\n\n\n\n<p>No primeiro exemplo, temos tr\u00eas elementos que se integram por rela\u00e7\u00e3o aditiva para compor um sintagma substantivo. Na segunda frase, temos uma enumera\u00e7\u00e3o em que adjetivos se integram em rela\u00e7\u00e3o aditiva para compor um sintagma adjetivo. No terceiro exemplo, temos uma rela\u00e7\u00e3o alternativa e no quarto exemplo temos a forma\u00e7\u00e3o de um sintagma substantivo preposicionado composto.<\/p>\n\n\n\n<p>As caracter\u00edsticas b\u00e1sicas das conex\u00f5es de sintagma s\u00e3o as seguintes:<\/p>\n\n\n\n<ul class=\"wp-block-list\"><li>Os itens se intercalam com sintagmas conectivos, incluindo o morfema pausa, podendo formar cadeias longas.<\/li><li>As rela\u00e7\u00f5es entre os elementos podem ser aditivas (tipo&nbsp;<em>e<\/em>) ou alternativas (tipo&nbsp;<em>ou<\/em>), mas n\u00e3o ocorre mescla de rela\u00e7\u00f5es. Por conseq\u00fc\u00eancia, s\u00e3o conex\u00f5es amplas e comutativas.<\/li><li>Tanto as rela\u00e7\u00f5es aditivas como as alternativas podem ser negativas.<\/li><li>Admitem conex\u00e3o: sintagmas substantivos (SS), sintagmas substantivos preposicionados (SSp) e sintagmas adjetivos (SAdj) e, por conseq\u00fc\u00eancia, sujeito (Suj), objeto direto (OD) e objeto indireto (OI).<\/li><\/ul>\n\n\n\n<p>As conex\u00f5es de sintagma s\u00e3o logicamente semelhantes \u00e0s de frase. A diferen\u00e7a mais marcante entre as duas est\u00e1 no maior n\u00famero de possibilidades sem\u00e2nticas que as conex\u00f5es de frase apresentam. Enquanto as conex\u00f5es de sintagma se limitam \u00e0s rela\u00e7\u00f5es aditiva e alternativa, as conex\u00f5es de frase admitem v\u00e1rios outros tipos de rela\u00e7\u00e3o sem\u00e2ntica como adversativa, implicativa, temporal, condicional, etc.<\/p>\n\n\n\n<h3 class=\"wp-block-heading\">Sintaxe<\/h3>\n\n\n\n<ul class=\"wp-block-list\" id=\"block-68a89e66-5807-411d-a391-343c76873415\"><li><a href=\"https:\/\/radames.manosso.nom.br\/linguagem\/gramatica\/sintaxe\/sintaxe-dedutiva\/\">Sintaxe dedutiva<\/a><\/li><li><a href=\"https:\/\/radames.manosso.nom.br\/linguagem\/gramatica\/sintaxe\/notacao-formal\/\">Nota\u00e7\u00e3o formal sint\u00e1tica<\/a><\/li><li><a href=\"https:\/\/radames.manosso.nom.br\/linguagem\/gramatica\/sintaxe\/estruturas-sintaticas\/\">Estruturas sint\u00e1ticas<\/a><\/li><li><a href=\"https:\/\/radames.manosso.nom.br\/linguagem\/gramatica\/sintaxe\/estrutura-sintatica-da-lingua-portuguesa\/\">Estrutura sint\u00e1tica da l\u00edngua portuguesa<\/a><\/li><li><a href=\"https:\/\/radames.manosso.nom.br\/linguagem\/gramatica\/sintaxe\/frase\/\">Per\u00edodo, frase, encaixe e sintagma avulso<\/a><\/li><li><a href=\"https:\/\/radames.manosso.nom.br\/linguagem\/gramatica\/sintaxe\/sintagmas-da-lingua-portuguesa\/\">Sintagmas da l\u00edngua portuguesa<\/a><\/li><li><a href=\"https:\/\/radames.manosso.nom.br\/linguagem\/gramatica\/sintaxe\/aposicao\/\">Aposi\u00e7\u00e3o sint\u00e1tica<\/a><\/li><li><a href=\"https:\/\/radames.manosso.nom.br\/linguagem\/gramatica\/sintaxe\/bifurcacao-com-remissivos\/\">Bifurca\u00e7\u00e3o com remissivos<\/a><\/li><li><a href=\"https:\/\/radames.manosso.nom.br\/linguagem\/gramatica\/sintaxe\/conexao\/\">Conex\u00e3o sint\u00e1tica<\/a><\/li><li><a href=\"https:\/\/radames.manosso.nom.br\/linguagem\/gramatica\/sintaxe\/intercalacao\/\">Intercala\u00e7\u00e3o sint\u00e1tica<\/a><\/li><\/ul>\n","protected":false},"excerpt":{"rendered":"<p>As conex\u00f5es ocorrem quando integramos dois ou mais itens sint\u00e1ticos em um conjunto relacionado semanticamente por meio de sintagmas conectivos para formar um item composto de n\u00edvel sint\u00e1tico mais alto.<\/p>\n","protected":false},"author":1,"featured_media":0,"comment_status":"open","ping_status":"closed","sticky":false,"template":"","format":"standard","meta":{"jetpack_post_was_ever_published":false,"_jetpack_newsletter_access":"","_jetpack_dont_email_post_to_subs":false,"_jetpack_newsletter_tier_id":0,"_jetpack_memberships_contains_paywalled_content":false,"_jetpack_memberships_contains_paid_content":false,"footnotes":"","jetpack_publicize_message":"","jetpack_publicize_feature_enabled":true,"jetpack_social_post_already_shared":false,"jetpack_social_options":{"image_generator_settings":{"template":"highway","default_image_id":0,"font":"","enabled":false},"version":2}},"categories":[204],"tags":[216,215,205],"class_list":["post-328","post","type-post","status-publish","format-standard","hentry","category-sintaxe","tag-comutacao","tag-conexao","tag-sintaxe-2"],"jetpack_publicize_connections":[],"jetpack_featured_media_url":"","jetpack_sharing_enabled":true,"jetpack_shortlink":"https:\/\/wp.me\/s74YWN-conexao","jetpack-related-posts":[{"id":338,"url":"https:\/\/radames.manosso.nom.br\/linguagem\/gramatica\/sintaxe\/estrutura-sintatica-da-lingua-portuguesa\/","url_meta":{"origin":328,"position":0},"title":"Estrutura sint\u00e1tica da l\u00edngua portuguesa","author":"Radam\u00e9s","date":false,"format":false,"excerpt":"Toda a comunica\u00e7\u00e3o em l\u00edngua portuguesa brasileira se d\u00e1 em conformidade com uma estrutura de regras gramaticais impl\u00edcitas. Na lista de itens a seguir, explicitamos uma parte dessas regras. O conjunto completo \u00e9 sem d\u00favida mais complexo do que a aproxima\u00e7\u00e3o tosca a que nos propomos. Em conjunto, as regras\u2026","rel":"","context":"Em &quot;Sintaxe&quot;","block_context":{"text":"Sintaxe","link":"https:\/\/radames.manosso.nom.br\/linguagem\/category\/gramatica\/sintaxe\/"},"img":{"alt_text":"","src":"https:\/\/i0.wp.com\/radames.manosso.nom.br\/linguagem\/files\/gram%C3%A1tica.jpg?resize=350%2C200&ssl=1","width":350,"height":200},"classes":[]},{"id":331,"url":"https:\/\/radames.manosso.nom.br\/linguagem\/gramatica\/sintaxe\/aposicao\/","url_meta":{"origin":328,"position":1},"title":"Aposi\u00e7\u00e3o sint\u00e1tica","author":"Radam\u00e9s","date":false,"format":false,"excerpt":"A aposi\u00e7\u00e3o ocorre quando dois ou mais segmentos distintos ocupam a mesma posi\u00e7\u00e3o na estrutura sint\u00e1tica do enunciado. Veja o exemplo: Olavo Bilac, o Pr\u00edncipe dos Poetas, pertenceu \u00e0 escola parnasiana. O segmento\u00a0Olavo Bilac, ocupa a mesma posi\u00e7\u00e3o na estrutura sint\u00e1tica da frase que\u00a0o Pr\u00edncipe dos poetas. Ambos podem ser\u2026","rel":"","context":"Em &quot;Sintaxe&quot;","block_context":{"text":"Sintaxe","link":"https:\/\/radames.manosso.nom.br\/linguagem\/category\/gramatica\/sintaxe\/"},"img":{"alt_text":"","src":"https:\/\/i0.wp.com\/radames.manosso.nom.br\/linguagem\/files\/gram%C3%A1tica.jpg?resize=350%2C200&ssl=1","width":350,"height":200},"classes":[]},{"id":333,"url":"https:\/\/radames.manosso.nom.br\/linguagem\/gramatica\/sintaxe\/intercalacao\/","url_meta":{"origin":328,"position":2},"title":"Intercala\u00e7\u00e3o sint\u00e1tica","author":"Radam\u00e9s","date":false,"format":false,"excerpt":"Ocorre intercala\u00e7\u00e3o sint\u00e1tica quando um segmento externo \u00e9 inserido em meio \u00e0 uma estrutura sint\u00e1tica em desenvolvimento, deixando-a descont\u00ednua. Vamos exemplificar: Ele tem acertado,\u00a0n\u00e3o sei como, todos os resultados.Devo confessar, meu caro, que voc\u00ea est\u00e1 certo.Vou fazer isso, me entenda, pelo seu bem.Entenda que,\u00a0consideradas as circunst\u00e2ncias, esta \u00e9 a melhor\u2026","rel":"","context":"Em &quot;Sintaxe&quot;","block_context":{"text":"Sintaxe","link":"https:\/\/radames.manosso.nom.br\/linguagem\/category\/gramatica\/sintaxe\/"},"img":{"alt_text":"","src":"https:\/\/i0.wp.com\/radames.manosso.nom.br\/linguagem\/files\/gram%C3%A1tica.jpg?resize=350%2C200&ssl=1","width":350,"height":200},"classes":[]},{"id":324,"url":"https:\/\/radames.manosso.nom.br\/linguagem\/gramatica\/sintaxe\/bifurcacao-com-remissivos\/","url_meta":{"origin":328,"position":3},"title":"Bifurca\u00e7\u00e3o com remissivos","author":"Radam\u00e9s","date":false,"format":false,"excerpt":"A bifurca\u00e7\u00e3o com remissivos \u00e9 uma ocorr\u00eancia interessante, pois pode ser tratada satisfatoriamente por mais de um modelo de an\u00e1lise sint\u00e1tica. Em nosso modelo, vamos considerar que trata-se de um caso de bifurca\u00e7\u00e3o, pois um mesmo item exerce duas fun\u00e7\u00f5es sint\u00e1ticas, uma em cada frase da bifurca\u00e7\u00e3o. Em uma das\u2026","rel":"","context":"Em &quot;Sintaxe&quot;","block_context":{"text":"Sintaxe","link":"https:\/\/radames.manosso.nom.br\/linguagem\/category\/gramatica\/sintaxe\/"},"img":{"alt_text":"","src":"","width":0,"height":0},"classes":[]},{"id":317,"url":"https:\/\/radames.manosso.nom.br\/linguagem\/gramatica\/sintaxe\/sintaxe-dedutiva\/","url_meta":{"origin":328,"position":4},"title":"Sintaxe dedutiva","author":"Radam\u00e9s","date":false,"format":false,"excerpt":"A Gram\u00e1tica Tradicional desenvolveu uma sintaxe baseada na an\u00e1lise de frases bem formadas dadas a priori. Ou seja, parte de uma frase gramatical e aceit\u00e1vel e dela faz a an\u00e1lise para ilustrar a teoria sint\u00e1tica. N\u00e3o existe nada de errado nesse m\u00e9todo, tanto que a sintaxe tradicional \u00e9 rica e\u2026","rel":"","context":"Em &quot;Sintaxe&quot;","block_context":{"text":"Sintaxe","link":"https:\/\/radames.manosso.nom.br\/linguagem\/category\/gramatica\/sintaxe\/"},"img":{"alt_text":"","src":"https:\/\/i0.wp.com\/radames.manosso.nom.br\/linguagem\/files\/gram%C3%A1tica.jpg?resize=350%2C200&ssl=1","width":350,"height":200},"classes":[]},{"id":346,"url":"https:\/\/radames.manosso.nom.br\/linguagem\/gramatica\/sintaxe\/frase\/","url_meta":{"origin":328,"position":5},"title":"Per\u00edodo, frase, encaixe e sintagma avulso","author":"Radam\u00e9s","date":false,"format":false,"excerpt":"Per\u00edodo O per\u00edodo (P) \u00e9 formado por uma frase ou ent\u00e3o, pela concatena\u00e7\u00e3o de duas ou mais frases que se relacionam duas a duas por sintagma conectivo. Nota\u00e7\u00e3o formal P = F ( [\u00a0SCon\u00a0\u00a0F]n) \u00a0Nota\u00e7\u00e3o\u00a0L\u00ea-se:P\u00a0Per\u00edodoF\u00a0FraseSCon\u00a0Sintagma conectivo Poder\u00edamos definir o per\u00edodo como concatena\u00e7\u00e3o de ao menos duas frases. Para isso, bastaria\u2026","rel":"","context":"Em &quot;Sintaxe&quot;","block_context":{"text":"Sintaxe","link":"https:\/\/radames.manosso.nom.br\/linguagem\/category\/gramatica\/sintaxe\/"},"img":{"alt_text":"","src":"https:\/\/i0.wp.com\/radames.manosso.nom.br\/linguagem\/files\/gram%C3%A1tica.jpg?resize=350%2C200&ssl=1","width":350,"height":200},"classes":[]}],"_links":{"self":[{"href":"https:\/\/radames.manosso.nom.br\/linguagem\/wp-json\/wp\/v2\/posts\/328","targetHints":{"allow":["GET"]}}],"collection":[{"href":"https:\/\/radames.manosso.nom.br\/linguagem\/wp-json\/wp\/v2\/posts"}],"about":[{"href":"https:\/\/radames.manosso.nom.br\/linguagem\/wp-json\/wp\/v2\/types\/post"}],"author":[{"embeddable":true,"href":"https:\/\/radames.manosso.nom.br\/linguagem\/wp-json\/wp\/v2\/users\/1"}],"replies":[{"embeddable":true,"href":"https:\/\/radames.manosso.nom.br\/linguagem\/wp-json\/wp\/v2\/comments?post=328"}],"version-history":[{"count":5,"href":"https:\/\/radames.manosso.nom.br\/linguagem\/wp-json\/wp\/v2\/posts\/328\/revisions"}],"predecessor-version":[{"id":4020,"href":"https:\/\/radames.manosso.nom.br\/linguagem\/wp-json\/wp\/v2\/posts\/328\/revisions\/4020"}],"wp:attachment":[{"href":"https:\/\/radames.manosso.nom.br\/linguagem\/wp-json\/wp\/v2\/media?parent=328"}],"wp:term":[{"taxonomy":"category","embeddable":true,"href":"https:\/\/radames.manosso.nom.br\/linguagem\/wp-json\/wp\/v2\/categories?post=328"},{"taxonomy":"post_tag","embeddable":true,"href":"https:\/\/radames.manosso.nom.br\/linguagem\/wp-json\/wp\/v2\/tags?post=328"}],"curies":[{"name":"wp","href":"https:\/\/api.w.org\/{rel}","templated":true}]}}