{"id":331,"date":"2013-10-07T22:21:26","date_gmt":"2013-10-08T01:21:26","guid":{"rendered":"http:\/\/radames.manosso.nom.br\/linguagem\/?p=331"},"modified":"2020-11-19T17:37:29","modified_gmt":"2020-11-19T20:37:29","slug":"aposicao","status":"publish","type":"post","link":"https:\/\/radames.manosso.nom.br\/linguagem\/gramatica\/sintaxe\/aposicao\/","title":{"rendered":"Aposi\u00e7\u00e3o sint\u00e1tica"},"content":{"rendered":"\n<p>A aposi\u00e7\u00e3o ocorre quando dois ou mais segmentos distintos ocupam a mesma posi\u00e7\u00e3o na estrutura sint\u00e1tica do enunciado. Veja o exemplo:<\/p>\n\n\n\n<ul class=\"wp-block-list\"><li>Olavo Bilac, o Pr\u00edncipe dos Poetas, pertenceu \u00e0 escola parnasiana.<\/li><\/ul>\n\n\n\n<p>O segmento&nbsp;<em>Olavo Bilac<\/em>, ocupa a mesma posi\u00e7\u00e3o na estrutura sint\u00e1tica da frase que&nbsp;<em>o Pr\u00edncipe dos poetas<\/em>. Ambos podem ser tratados como sujeito da frase. Tanto \u00e9 verdade que podemos parafrasear o exemplo acima da seguinte forma:<\/p>\n\n\n\n<figure class=\"wp-block-image size-large\"><img data-recalc-dims=\"1\" loading=\"lazy\" decoding=\"async\" width=\"500\" height=\"332\" src=\"https:\/\/i0.wp.com\/radames.manosso.nom.br\/linguagem\/files\/gram%C3%A1tica.jpg?resize=500%2C332&#038;ssl=1\" alt=\"\" class=\"wp-image-3236\" srcset=\"https:\/\/i0.wp.com\/radames.manosso.nom.br\/linguagem\/files\/gram%C3%A1tica.jpg?w=500&amp;ssl=1 500w, https:\/\/i0.wp.com\/radames.manosso.nom.br\/linguagem\/files\/gram%C3%A1tica.jpg?resize=300%2C199&amp;ssl=1 300w\" sizes=\"auto, (max-width: 500px) 100vw, 500px\" \/><\/figure>\n\n\n\n<!--more-->\n\n\n\n<ul class=\"wp-block-list\"><li><strong>Olavo Bilac<\/strong> pertenceu \u00e0 escola parnasiana.<\/li><li><strong>O Pr\u00edncipe dos Poetas<\/strong> pertenceu \u00e0 escola parnasiana.<\/li><\/ul>\n\n\n\n<p>A aposi\u00e7\u00e3o \u00e9 uma esp\u00e9cie de repeti\u00e7\u00e3o do item com outras palavras. \u00c9 um recurso usado com fun\u00e7\u00f5es diversas como explicitar outras possibilidades de nomea\u00e7\u00e3o, especificar melhor o que foi dito na primeira cita\u00e7\u00e3o, agregar outras informa\u00e7\u00f5es \u00e0 mensagem, etc.<\/p>\n\n\n\n<p>A aposi\u00e7\u00e3o \u00e9 formada por dois ou mais segmentos e se um deles for suprimido, mesmo assim continuamos tendo um enunciado aceit\u00e1vel. Os segmentos que comp\u00f5em uma aposi\u00e7\u00e3o se alternam na estrutura sint\u00e1tica sem problemas. Em muitos casos, um desses itens \u00e9 citado entre v\u00edrgulas, ou entre pausas, mas n\u00e3o vamos estabelecer diferen\u00e7a de status entre um e outro, at\u00e9 porque podem comutar suas posi\u00e7\u00f5es na estrutura sint\u00e1tica. Observe:<\/p>\n\n\n\n<ul class=\"wp-block-list\"><li>O Pr\u00edncipe dos Poetas, Olavo Bilac, pertenceu \u00e0 escola parnasiana.<\/li><\/ul>\n\n\n\n<h3 class=\"wp-block-heading\">Sintaxe<\/h3>\n\n\n\n<ul class=\"wp-block-list\" id=\"block-68a89e66-5807-411d-a391-343c76873415\"><li><a href=\"https:\/\/radames.manosso.nom.br\/linguagem\/gramatica\/sintaxe\/sintaxe-dedutiva\/\">Sintaxe dedutiva<\/a><\/li><li><a href=\"https:\/\/radames.manosso.nom.br\/linguagem\/gramatica\/sintaxe\/notacao-formal\/\">Nota\u00e7\u00e3o formal sint\u00e1tica<\/a><\/li><li><a href=\"https:\/\/radames.manosso.nom.br\/linguagem\/gramatica\/sintaxe\/estruturas-sintaticas\/\">Estruturas sint\u00e1ticas<\/a><\/li><li><a href=\"https:\/\/radames.manosso.nom.br\/linguagem\/gramatica\/sintaxe\/estrutura-sintatica-da-lingua-portuguesa\/\">Estrutura sint\u00e1tica da l\u00edngua portuguesa<\/a><\/li><li><a href=\"https:\/\/radames.manosso.nom.br\/linguagem\/gramatica\/sintaxe\/frase\/\">Per\u00edodo, frase, encaixe e sintagma avulso<\/a><\/li><li><a href=\"https:\/\/radames.manosso.nom.br\/linguagem\/gramatica\/sintaxe\/sintagmas-da-lingua-portuguesa\/\">Sintagmas da l\u00edngua portuguesa<\/a><\/li><li><a href=\"https:\/\/radames.manosso.nom.br\/linguagem\/gramatica\/sintaxe\/aposicao\/\">Aposi\u00e7\u00e3o sint\u00e1tica<\/a><\/li><li><a href=\"https:\/\/radames.manosso.nom.br\/linguagem\/gramatica\/sintaxe\/bifurcacao-com-remissivos\/\">Bifurca\u00e7\u00e3o com remissivos<\/a><\/li><li><a href=\"https:\/\/radames.manosso.nom.br\/linguagem\/gramatica\/sintaxe\/conexao\/\">Conex\u00e3o sint\u00e1tica<\/a><\/li><li><a href=\"https:\/\/radames.manosso.nom.br\/linguagem\/gramatica\/sintaxe\/intercalacao\/\">Intercala\u00e7\u00e3o sint\u00e1tica<\/a><\/li><\/ul>\n","protected":false},"excerpt":{"rendered":"<p>A aposi\u00e7\u00e3o ocorre quando dois ou mais segmentos distintos ocupam a mesma posi\u00e7\u00e3o na estrutura sint\u00e1tica do enunciado. Veja o exemplo: Olavo Bilac, o Pr\u00edncipe dos Poetas, pertenceu \u00e0 escola parnasiana. O segmento&nbsp;Olavo Bilac, ocupa a mesma posi\u00e7\u00e3o na estrutura sint\u00e1tica da frase que&nbsp;o Pr\u00edncipe dos poetas. Ambos podem ser tratados como sujeito da frase. &hellip; <a href=\"https:\/\/radames.manosso.nom.br\/linguagem\/gramatica\/sintaxe\/aposicao\/\" class=\"more-link\">Continue lendo <span class=\"screen-reader-text\">Aposi\u00e7\u00e3o sint\u00e1tica<\/span> <span class=\"meta-nav\">&rarr;<\/span><\/a><\/p>\n","protected":false},"author":1,"featured_media":0,"comment_status":"open","ping_status":"closed","sticky":false,"template":"","format":"standard","meta":{"jetpack_post_was_ever_published":false,"_jetpack_newsletter_access":"","_jetpack_dont_email_post_to_subs":false,"_jetpack_newsletter_tier_id":0,"_jetpack_memberships_contains_paywalled_content":false,"_jetpack_memberships_contains_paid_content":false,"footnotes":"","jetpack_publicize_message":"","jetpack_publicize_feature_enabled":true,"jetpack_social_post_already_shared":false,"jetpack_social_options":{"image_generator_settings":{"template":"highway","default_image_id":0,"font":"","enabled":false},"version":2}},"categories":[204],"tags":[203,205],"class_list":["post-331","post","type-post","status-publish","format-standard","hentry","category-sintaxe","tag-aposicao","tag-sintaxe-2"],"jetpack_publicize_connections":[],"jetpack_featured_media_url":"","jetpack_sharing_enabled":true,"jetpack_shortlink":"https:\/\/wp.me\/s74YWN-aposicao","jetpack-related-posts":[{"id":333,"url":"https:\/\/radames.manosso.nom.br\/linguagem\/gramatica\/sintaxe\/intercalacao\/","url_meta":{"origin":331,"position":0},"title":"Intercala\u00e7\u00e3o sint\u00e1tica","author":"Radam\u00e9s","date":false,"format":false,"excerpt":"Ocorre intercala\u00e7\u00e3o sint\u00e1tica quando um segmento externo \u00e9 inserido em meio \u00e0 uma estrutura sint\u00e1tica em desenvolvimento, deixando-a descont\u00ednua. Vamos exemplificar: Ele tem acertado,\u00a0n\u00e3o sei como, todos os resultados.Devo confessar, meu caro, que voc\u00ea est\u00e1 certo.Vou fazer isso, me entenda, pelo seu bem.Entenda que,\u00a0consideradas as circunst\u00e2ncias, esta \u00e9 a melhor\u2026","rel":"","context":"Em &quot;Sintaxe&quot;","block_context":{"text":"Sintaxe","link":"https:\/\/radames.manosso.nom.br\/linguagem\/category\/gramatica\/sintaxe\/"},"img":{"alt_text":"","src":"https:\/\/i0.wp.com\/radames.manosso.nom.br\/linguagem\/files\/gram%C3%A1tica.jpg?resize=350%2C200&ssl=1","width":350,"height":200},"classes":[]},{"id":338,"url":"https:\/\/radames.manosso.nom.br\/linguagem\/gramatica\/sintaxe\/estrutura-sintatica-da-lingua-portuguesa\/","url_meta":{"origin":331,"position":1},"title":"Estrutura sint\u00e1tica da l\u00edngua portuguesa","author":"Radam\u00e9s","date":false,"format":false,"excerpt":"Toda a comunica\u00e7\u00e3o em l\u00edngua portuguesa brasileira se d\u00e1 em conformidade com uma estrutura de regras gramaticais impl\u00edcitas. Na lista de itens a seguir, explicitamos uma parte dessas regras. O conjunto completo \u00e9 sem d\u00favida mais complexo do que a aproxima\u00e7\u00e3o tosca a que nos propomos. Em conjunto, as regras\u2026","rel":"","context":"Em &quot;Sintaxe&quot;","block_context":{"text":"Sintaxe","link":"https:\/\/radames.manosso.nom.br\/linguagem\/category\/gramatica\/sintaxe\/"},"img":{"alt_text":"","src":"https:\/\/i0.wp.com\/radames.manosso.nom.br\/linguagem\/files\/gram%C3%A1tica.jpg?resize=350%2C200&ssl=1","width":350,"height":200},"classes":[]},{"id":324,"url":"https:\/\/radames.manosso.nom.br\/linguagem\/gramatica\/sintaxe\/bifurcacao-com-remissivos\/","url_meta":{"origin":331,"position":2},"title":"Bifurca\u00e7\u00e3o com remissivos","author":"Radam\u00e9s","date":false,"format":false,"excerpt":"A bifurca\u00e7\u00e3o com remissivos \u00e9 uma ocorr\u00eancia interessante, pois pode ser tratada satisfatoriamente por mais de um modelo de an\u00e1lise sint\u00e1tica. Em nosso modelo, vamos considerar que trata-se de um caso de bifurca\u00e7\u00e3o, pois um mesmo item exerce duas fun\u00e7\u00f5es sint\u00e1ticas, uma em cada frase da bifurca\u00e7\u00e3o. Em uma das\u2026","rel":"","context":"Em &quot;Sintaxe&quot;","block_context":{"text":"Sintaxe","link":"https:\/\/radames.manosso.nom.br\/linguagem\/category\/gramatica\/sintaxe\/"},"img":{"alt_text":"","src":"","width":0,"height":0},"classes":[]},{"id":346,"url":"https:\/\/radames.manosso.nom.br\/linguagem\/gramatica\/sintaxe\/frase\/","url_meta":{"origin":331,"position":3},"title":"Per\u00edodo, frase, encaixe e sintagma avulso","author":"Radam\u00e9s","date":false,"format":false,"excerpt":"Per\u00edodo O per\u00edodo (P) \u00e9 formado por uma frase ou ent\u00e3o, pela concatena\u00e7\u00e3o de duas ou mais frases que se relacionam duas a duas por sintagma conectivo. Nota\u00e7\u00e3o formal P = F ( [\u00a0SCon\u00a0\u00a0F]n) \u00a0Nota\u00e7\u00e3o\u00a0L\u00ea-se:P\u00a0Per\u00edodoF\u00a0FraseSCon\u00a0Sintagma conectivo Poder\u00edamos definir o per\u00edodo como concatena\u00e7\u00e3o de ao menos duas frases. Para isso, bastaria\u2026","rel":"","context":"Em &quot;Sintaxe&quot;","block_context":{"text":"Sintaxe","link":"https:\/\/radames.manosso.nom.br\/linguagem\/category\/gramatica\/sintaxe\/"},"img":{"alt_text":"","src":"https:\/\/i0.wp.com\/radames.manosso.nom.br\/linguagem\/files\/gram%C3%A1tica.jpg?resize=350%2C200&ssl=1","width":350,"height":200},"classes":[]},{"id":309,"url":"https:\/\/radames.manosso.nom.br\/linguagem\/gramatica\/sintaxe\/estruturas-sintaticas\/","url_meta":{"origin":331,"position":4},"title":"Estruturas sint\u00e1ticas","author":"Radam\u00e9s","date":false,"format":false,"excerpt":"Ao estudar a l\u00edngua, temos apenas os discursos como ponto de partida. A gram\u00e1tica da l\u00edngua n\u00e3o \u00e9 vis\u00edvel em si. As estruturas sint\u00e1ticas n\u00e3o est\u00e3o vis\u00edveis para observa\u00e7\u00e3o, mas h\u00e1 bons ind\u00edcios de que o sistema de regras que constitui a compet\u00eancia dos falantes \u00e9 formado por estruturas sint\u00e1ticas.\u2026","rel":"","context":"Em &quot;Sintaxe&quot;","block_context":{"text":"Sintaxe","link":"https:\/\/radames.manosso.nom.br\/linguagem\/category\/gramatica\/sintaxe\/"},"img":{"alt_text":"","src":"https:\/\/i0.wp.com\/radames.manosso.nom.br\/linguagem\/files\/gram%C3%A1tica.jpg?resize=350%2C200&ssl=1","width":350,"height":200},"classes":[]},{"id":319,"url":"https:\/\/radames.manosso.nom.br\/linguagem\/gramatica\/sintaxe\/notacao-formal\/","url_meta":{"origin":331,"position":5},"title":"Nota\u00e7\u00e3o formal sint\u00e1tica","author":"Radam\u00e9s","date":false,"format":false,"excerpt":"Poder\u00edamos explicitar as regras morfol\u00f3gicas e sint\u00e1ticas em linguagem natural. Um exemplo disso seria a seguinte defini\u00e7\u00e3o de per\u00edodo: O per\u00edodo \u00e9 composto por uma frase e opcionalmente pela sua concatena\u00e7\u00e3o com outras frases em n\u00famero indefinido relacionadas duas a duas por sintagma conectivo. A defini\u00e7\u00e3o de regras sint\u00e1ticas em\u2026","rel":"","context":"Em &quot;Sintaxe&quot;","block_context":{"text":"Sintaxe","link":"https:\/\/radames.manosso.nom.br\/linguagem\/category\/gramatica\/sintaxe\/"},"img":{"alt_text":"","src":"https:\/\/i0.wp.com\/radames.manosso.nom.br\/linguagem\/files\/gram%C3%A1tica.jpg?resize=350%2C200&ssl=1","width":350,"height":200},"classes":[]}],"_links":{"self":[{"href":"https:\/\/radames.manosso.nom.br\/linguagem\/wp-json\/wp\/v2\/posts\/331","targetHints":{"allow":["GET"]}}],"collection":[{"href":"https:\/\/radames.manosso.nom.br\/linguagem\/wp-json\/wp\/v2\/posts"}],"about":[{"href":"https:\/\/radames.manosso.nom.br\/linguagem\/wp-json\/wp\/v2\/types\/post"}],"author":[{"embeddable":true,"href":"https:\/\/radames.manosso.nom.br\/linguagem\/wp-json\/wp\/v2\/users\/1"}],"replies":[{"embeddable":true,"href":"https:\/\/radames.manosso.nom.br\/linguagem\/wp-json\/wp\/v2\/comments?post=331"}],"version-history":[{"count":3,"href":"https:\/\/radames.manosso.nom.br\/linguagem\/wp-json\/wp\/v2\/posts\/331\/revisions"}],"predecessor-version":[{"id":4023,"href":"https:\/\/radames.manosso.nom.br\/linguagem\/wp-json\/wp\/v2\/posts\/331\/revisions\/4023"}],"wp:attachment":[{"href":"https:\/\/radames.manosso.nom.br\/linguagem\/wp-json\/wp\/v2\/media?parent=331"}],"wp:term":[{"taxonomy":"category","embeddable":true,"href":"https:\/\/radames.manosso.nom.br\/linguagem\/wp-json\/wp\/v2\/categories?post=331"},{"taxonomy":"post_tag","embeddable":true,"href":"https:\/\/radames.manosso.nom.br\/linguagem\/wp-json\/wp\/v2\/tags?post=331"}],"curies":[{"name":"wp","href":"https:\/\/api.w.org\/{rel}","templated":true}]}}