{"id":338,"date":"2013-10-13T17:34:10","date_gmt":"2013-10-13T20:34:10","guid":{"rendered":"http:\/\/radames.manosso.nom.br\/linguagem\/?p=338"},"modified":"2020-11-19T14:59:33","modified_gmt":"2020-11-19T17:59:33","slug":"estrutura-sintatica-da-lingua-portuguesa","status":"publish","type":"post","link":"https:\/\/radames.manosso.nom.br\/linguagem\/gramatica\/sintaxe\/estrutura-sintatica-da-lingua-portuguesa\/","title":{"rendered":"Estrutura sint\u00e1tica da l\u00edngua portuguesa"},"content":{"rendered":"\n<p>Toda a comunica\u00e7\u00e3o em l\u00edngua portuguesa brasileira se d\u00e1 em conformidade com uma estrutura de regras gramaticais impl\u00edcitas. Na lista de itens a seguir, explicitamos uma parte dessas regras. O conjunto completo \u00e9 sem d\u00favida mais complexo do que a aproxima\u00e7\u00e3o tosca a que nos propomos. Em conjunto, as regras relacionadas permitem gerar os enunciados aceit\u00e1veis de nosso idioma.<\/p>\n\n\n\n<figure class=\"wp-block-image size-large\"><img data-recalc-dims=\"1\" loading=\"lazy\" decoding=\"async\" width=\"500\" height=\"332\" src=\"https:\/\/i0.wp.com\/radames.manosso.nom.br\/linguagem\/files\/gram%C3%A1tica.jpg?resize=500%2C332&#038;ssl=1\" alt=\"\" class=\"wp-image-3236\" srcset=\"https:\/\/i0.wp.com\/radames.manosso.nom.br\/linguagem\/files\/gram%C3%A1tica.jpg?w=500&amp;ssl=1 500w, https:\/\/i0.wp.com\/radames.manosso.nom.br\/linguagem\/files\/gram%C3%A1tica.jpg?resize=300%2C199&amp;ssl=1 300w\" sizes=\"auto, (max-width: 500px) 100vw, 500px\" \/><\/figure>\n\n\n\n<!--more-->\n\n\n\n<p>Os principais elementos da estrutura sint\u00e1tica da nossa l\u00edngua s\u00e3o:<\/p>\n\n\n\n<ul class=\"wp-block-list\"><li><span style=\"color: #000000;\"><a href=\"https:\/\/radames.manosso.nom.br\/linguagem\/gramatica\/sintaxe\/frase\/\">Per\u00edodo (P)<\/a><\/span><\/li><li><span style=\"color: #000000;\"><a href=\"https:\/\/radames.manosso.nom.br\/linguagem\/gramatica\/sintaxe\/sintagmas-da-lingua-portuguesa\/\">Sintagma conectivo (SCon)<\/a><\/span><\/li><li><span style=\"color: #000000;\"><a href=\"https:\/\/radames.manosso.nom.br\/linguagem\/gramatica\/sintaxe\/frase\/\">Frase (F)<\/a><\/span><\/li><li><span style=\"color: #000000;\"><a href=\"https:\/\/radames.manosso.nom.br\/linguagem\/gramatica\/sintaxe\/sintagmas-da-lingua-portuguesa\/\">Sujeito (Suj)<\/a><\/span><\/li><li><span style=\"color: #000000;\"><a href=\"https:\/\/radames.manosso.nom.br\/linguagem\/gramatica\/sintaxe\/sintagmas-da-lingua-portuguesa\/\">Sintagma verbal (SV)<\/a><\/span><\/li><li><span style=\"color: #000000;\"><a href=\"https:\/\/radames.manosso.nom.br\/linguagem\/gramatica\/sintaxe\/sintagmas-da-lingua-portuguesa\/\">Objeto direto (OD)<\/a><\/span><\/li><li><span style=\"color: #000000;\"><a href=\"https:\/\/radames.manosso.nom.br\/linguagem\/gramatica\/sintaxe\/sintagmas-da-lingua-portuguesa\/\">Objeto indireto (OI)<\/a><\/span><\/li><li><span style=\"color: #000000;\"><a href=\"https:\/\/radames.manosso.nom.br\/linguagem\/gramatica\/sintaxe\/sintagmas-da-lingua-portuguesa\/\">Sintagma substantivo (SS)<\/a><\/span><\/li><li><span style=\"color: #000000;\"><a href=\"https:\/\/radames.manosso.nom.br\/linguagem\/gramatica\/sintaxe\/sintagmas-da-lingua-portuguesa\/\">Sintagma substantivo preposicionado (SSp)<\/a><\/span><\/li><li><span style=\"color: #000000;\"><a href=\"https:\/\/radames.manosso.nom.br\/linguagem\/gramatica\/sintaxe\/sintagmas-da-lingua-portuguesa\/\">Sintagma adjetivo (SAdj)<\/a><\/span><\/li><li><span style=\"color: #000000;\"><a href=\"https:\/\/radames.manosso.nom.br\/linguagem\/gramatica\/sintaxe\/sintagmas-da-lingua-portuguesa\/\">Sintagma adverbial (SAdv)<\/a><\/span><\/li><li><span style=\"color: #000000;\"><a href=\"https:\/\/radames.manosso.nom.br\/linguagem\/gramatica\/sintaxe\/sintagmas-da-lingua-portuguesa\/\">Sintagma de encaixe (SEnc)<\/a><\/span><\/li><\/ul>\n\n\n\n<p>Vale lembrar que os enunciados aceit\u00e1veis abrangem desde segmentos bem comportados e d\u00f3ceis \u00e0s lentes gramaticais, at\u00e9 casos excepcionais, raros e lim\u00edtrofes. N\u00e3o importa sua caracter\u00edstica, todos os enunciados v\u00e1lidos est\u00e3o abrigados sob o guarda-chuva da gram\u00e1tica impl\u00edcita do idioma. Mesmo aqueles que n\u00e3o costumam ser objeto de estudo dos gram\u00e1ticos como nomes de empresas, t\u00edtulos de not\u00edcias, slogans de produtos, respostas curtas a perguntas, xingamentos, todos os enunciados v\u00e1lidos, enfim, se enquadram nas regras sint\u00e1ticas do idioma.<\/p>\n\n\n\n<p>Tamb\u00e9m devem ser considerados os seguintes fen\u00f4menos sint\u00e1ticos em nossa l\u00edngua:<\/p>\n\n\n\n<ul class=\"wp-block-list\"><li><a href=\"https:\/\/radames.manosso.nom.br\/linguagem\/gramatica\/sintaxe\/aposicao\/\">Aposi\u00e7\u00e3o<\/a><\/li><li><a href=\"https:\/\/radames.manosso.nom.br\/linguagem\/gramatica\/sintaxe\/bifurcacao-com-remissivos\/\">Bifurca\u00e7\u00e3o com remissivos<\/a><\/li><li><a href=\"https:\/\/radames.manosso.nom.br\/linguagem\/gramatica\/sintaxe\/conexao\/\">Conex\u00e3o<\/a><\/li><li><a href=\"https:\/\/radames.manosso.nom.br\/linguagem\/gramatica\/sintaxe\/intercalacao\/\">Intercala\u00e7\u00e3o<\/a><\/li><\/ul>\n\n\n\n<h3 class=\"wp-block-heading\">Sintaxe<\/h3>\n\n\n\n<ul class=\"wp-block-list\" id=\"block-68a89e66-5807-411d-a391-343c76873415\"><li><a href=\"https:\/\/radames.manosso.nom.br\/linguagem\/gramatica\/sintaxe\/sintaxe-dedutiva\/\">Sintaxe dedutiva<\/a><\/li><li><a href=\"https:\/\/radames.manosso.nom.br\/linguagem\/gramatica\/sintaxe\/notacao-formal\/\">Nota\u00e7\u00e3o formal sint\u00e1tica<\/a><\/li><li><a href=\"https:\/\/radames.manosso.nom.br\/linguagem\/gramatica\/sintaxe\/estruturas-sintaticas\/\">Estruturas sint\u00e1ticas<\/a><\/li><li><a href=\"https:\/\/radames.manosso.nom.br\/linguagem\/gramatica\/sintaxe\/estrutura-sintatica-da-lingua-portuguesa\/\">Estrutura sint\u00e1tica da l\u00edngua portuguesa<\/a><\/li><li><a href=\"https:\/\/radames.manosso.nom.br\/linguagem\/gramatica\/sintaxe\/frase\/\">Per\u00edodo, frase, encaixe e sintagma avulso<\/a><\/li><li><a href=\"https:\/\/radames.manosso.nom.br\/linguagem\/gramatica\/sintaxe\/sintagmas-da-lingua-portuguesa\/\">Sintagmas da l\u00edngua portuguesa<\/a><\/li><li><a href=\"https:\/\/radames.manosso.nom.br\/linguagem\/gramatica\/sintaxe\/aposicao\/\">Aposi\u00e7\u00e3o sint\u00e1tica<\/a><\/li><li><a href=\"https:\/\/radames.manosso.nom.br\/linguagem\/gramatica\/sintaxe\/bifurcacao-com-remissivos\/\">Bifurca\u00e7\u00e3o com remissivos<\/a><\/li><li><a href=\"https:\/\/radames.manosso.nom.br\/linguagem\/gramatica\/sintaxe\/conexao\/\">Conex\u00e3o sint\u00e1tica<\/a><\/li><li><a href=\"https:\/\/radames.manosso.nom.br\/linguagem\/gramatica\/sintaxe\/intercalacao\/\">Intercala\u00e7\u00e3o sint\u00e1tica<\/a><\/li><\/ul>\n","protected":false},"excerpt":{"rendered":"<p>Toda a comunica\u00e7\u00e3o em l\u00edngua portuguesa brasileira se d\u00e1 em conformidade com uma estrutura de regras gramaticais impl\u00edcitas. Na lista de itens a seguir, explicitamos uma parte dessas regras. O conjunto completo \u00e9 sem d\u00favida mais complexo do que a aproxima\u00e7\u00e3o tosca a que nos propomos. Em conjunto, as regras relacionadas permitem gerar os enunciados &hellip; <a href=\"https:\/\/radames.manosso.nom.br\/linguagem\/gramatica\/sintaxe\/estrutura-sintatica-da-lingua-portuguesa\/\" class=\"more-link\">Continue lendo <span class=\"screen-reader-text\">Estrutura sint\u00e1tica da l\u00edngua portuguesa<\/span> <span class=\"meta-nav\">&rarr;<\/span><\/a><\/p>\n","protected":false},"author":1,"featured_media":0,"comment_status":"open","ping_status":"closed","sticky":false,"template":"","format":"standard","meta":{"jetpack_post_was_ever_published":false,"_jetpack_newsletter_access":"","_jetpack_dont_email_post_to_subs":false,"_jetpack_newsletter_tier_id":0,"_jetpack_memberships_contains_paywalled_content":false,"_jetpack_memberships_contains_paid_content":false,"footnotes":"","jetpack_publicize_message":"","jetpack_publicize_feature_enabled":true,"jetpack_social_post_already_shared":false,"jetpack_social_options":{"image_generator_settings":{"template":"highway","default_image_id":0,"font":"","enabled":false},"version":2}},"categories":[204],"tags":[206,131,205],"class_list":["post-338","post","type-post","status-publish","format-standard","hentry","category-sintaxe","tag-estrutura","tag-gramatica-2","tag-sintaxe-2"],"jetpack_publicize_connections":[],"jetpack_featured_media_url":"","jetpack_sharing_enabled":true,"jetpack_shortlink":"https:\/\/wp.me\/p74YWN-5s","jetpack-related-posts":[{"id":317,"url":"https:\/\/radames.manosso.nom.br\/linguagem\/gramatica\/sintaxe\/sintaxe-dedutiva\/","url_meta":{"origin":338,"position":0},"title":"Sintaxe dedutiva","author":"Radam\u00e9s","date":false,"format":false,"excerpt":"A Gram\u00e1tica Tradicional desenvolveu uma sintaxe baseada na an\u00e1lise de frases bem formadas dadas a priori. Ou seja, parte de uma frase gramatical e aceit\u00e1vel e dela faz a an\u00e1lise para ilustrar a teoria sint\u00e1tica. N\u00e3o existe nada de errado nesse m\u00e9todo, tanto que a sintaxe tradicional \u00e9 rica e\u2026","rel":"","context":"Em &quot;Sintaxe&quot;","block_context":{"text":"Sintaxe","link":"https:\/\/radames.manosso.nom.br\/linguagem\/category\/gramatica\/sintaxe\/"},"img":{"alt_text":"","src":"https:\/\/i0.wp.com\/radames.manosso.nom.br\/linguagem\/files\/gram%C3%A1tica.jpg?resize=350%2C200&ssl=1","width":350,"height":200},"classes":[]},{"id":319,"url":"https:\/\/radames.manosso.nom.br\/linguagem\/gramatica\/sintaxe\/notacao-formal\/","url_meta":{"origin":338,"position":1},"title":"Nota\u00e7\u00e3o formal sint\u00e1tica","author":"Radam\u00e9s","date":false,"format":false,"excerpt":"Poder\u00edamos explicitar as regras morfol\u00f3gicas e sint\u00e1ticas em linguagem natural. Um exemplo disso seria a seguinte defini\u00e7\u00e3o de per\u00edodo: O per\u00edodo \u00e9 composto por uma frase e opcionalmente pela sua concatena\u00e7\u00e3o com outras frases em n\u00famero indefinido relacionadas duas a duas por sintagma conectivo. A defini\u00e7\u00e3o de regras sint\u00e1ticas em\u2026","rel":"","context":"Em &quot;Sintaxe&quot;","block_context":{"text":"Sintaxe","link":"https:\/\/radames.manosso.nom.br\/linguagem\/category\/gramatica\/sintaxe\/"},"img":{"alt_text":"","src":"https:\/\/i0.wp.com\/radames.manosso.nom.br\/linguagem\/files\/gram%C3%A1tica.jpg?resize=350%2C200&ssl=1","width":350,"height":200},"classes":[]},{"id":333,"url":"https:\/\/radames.manosso.nom.br\/linguagem\/gramatica\/sintaxe\/intercalacao\/","url_meta":{"origin":338,"position":2},"title":"Intercala\u00e7\u00e3o sint\u00e1tica","author":"Radam\u00e9s","date":false,"format":false,"excerpt":"Ocorre intercala\u00e7\u00e3o sint\u00e1tica quando um segmento externo \u00e9 inserido em meio \u00e0 uma estrutura sint\u00e1tica em desenvolvimento, deixando-a descont\u00ednua. Vamos exemplificar: Ele tem acertado,\u00a0n\u00e3o sei como, todos os resultados.Devo confessar, meu caro, que voc\u00ea est\u00e1 certo.Vou fazer isso, me entenda, pelo seu bem.Entenda que,\u00a0consideradas as circunst\u00e2ncias, esta \u00e9 a melhor\u2026","rel":"","context":"Em &quot;Sintaxe&quot;","block_context":{"text":"Sintaxe","link":"https:\/\/radames.manosso.nom.br\/linguagem\/category\/gramatica\/sintaxe\/"},"img":{"alt_text":"","src":"https:\/\/i0.wp.com\/radames.manosso.nom.br\/linguagem\/files\/gram%C3%A1tica.jpg?resize=350%2C200&ssl=1","width":350,"height":200},"classes":[]},{"id":331,"url":"https:\/\/radames.manosso.nom.br\/linguagem\/gramatica\/sintaxe\/aposicao\/","url_meta":{"origin":338,"position":3},"title":"Aposi\u00e7\u00e3o sint\u00e1tica","author":"Radam\u00e9s","date":false,"format":false,"excerpt":"A aposi\u00e7\u00e3o ocorre quando dois ou mais segmentos distintos ocupam a mesma posi\u00e7\u00e3o na estrutura sint\u00e1tica do enunciado. Veja o exemplo: Olavo Bilac, o Pr\u00edncipe dos Poetas, pertenceu \u00e0 escola parnasiana. O segmento\u00a0Olavo Bilac, ocupa a mesma posi\u00e7\u00e3o na estrutura sint\u00e1tica da frase que\u00a0o Pr\u00edncipe dos poetas. Ambos podem ser\u2026","rel":"","context":"Em &quot;Sintaxe&quot;","block_context":{"text":"Sintaxe","link":"https:\/\/radames.manosso.nom.br\/linguagem\/category\/gramatica\/sintaxe\/"},"img":{"alt_text":"","src":"https:\/\/i0.wp.com\/radames.manosso.nom.br\/linguagem\/files\/gram%C3%A1tica.jpg?resize=350%2C200&ssl=1","width":350,"height":200},"classes":[]},{"id":324,"url":"https:\/\/radames.manosso.nom.br\/linguagem\/gramatica\/sintaxe\/bifurcacao-com-remissivos\/","url_meta":{"origin":338,"position":4},"title":"Bifurca\u00e7\u00e3o com remissivos","author":"Radam\u00e9s","date":false,"format":false,"excerpt":"A bifurca\u00e7\u00e3o com remissivos \u00e9 uma ocorr\u00eancia interessante, pois pode ser tratada satisfatoriamente por mais de um modelo de an\u00e1lise sint\u00e1tica. Em nosso modelo, vamos considerar que trata-se de um caso de bifurca\u00e7\u00e3o, pois um mesmo item exerce duas fun\u00e7\u00f5es sint\u00e1ticas, uma em cada frase da bifurca\u00e7\u00e3o. Em uma das\u2026","rel":"","context":"Em &quot;Sintaxe&quot;","block_context":{"text":"Sintaxe","link":"https:\/\/radames.manosso.nom.br\/linguagem\/category\/gramatica\/sintaxe\/"},"img":{"alt_text":"","src":"","width":0,"height":0},"classes":[]},{"id":346,"url":"https:\/\/radames.manosso.nom.br\/linguagem\/gramatica\/sintaxe\/frase\/","url_meta":{"origin":338,"position":5},"title":"Per\u00edodo, frase, encaixe e sintagma avulso","author":"Radam\u00e9s","date":false,"format":false,"excerpt":"Per\u00edodo O per\u00edodo (P) \u00e9 formado por uma frase ou ent\u00e3o, pela concatena\u00e7\u00e3o de duas ou mais frases que se relacionam duas a duas por sintagma conectivo. Nota\u00e7\u00e3o formal P = F ( [\u00a0SCon\u00a0\u00a0F]n) \u00a0Nota\u00e7\u00e3o\u00a0L\u00ea-se:P\u00a0Per\u00edodoF\u00a0FraseSCon\u00a0Sintagma conectivo Poder\u00edamos definir o per\u00edodo como concatena\u00e7\u00e3o de ao menos duas frases. Para isso, bastaria\u2026","rel":"","context":"Em &quot;Sintaxe&quot;","block_context":{"text":"Sintaxe","link":"https:\/\/radames.manosso.nom.br\/linguagem\/category\/gramatica\/sintaxe\/"},"img":{"alt_text":"","src":"https:\/\/i0.wp.com\/radames.manosso.nom.br\/linguagem\/files\/gram%C3%A1tica.jpg?resize=350%2C200&ssl=1","width":350,"height":200},"classes":[]}],"_links":{"self":[{"href":"https:\/\/radames.manosso.nom.br\/linguagem\/wp-json\/wp\/v2\/posts\/338","targetHints":{"allow":["GET"]}}],"collection":[{"href":"https:\/\/radames.manosso.nom.br\/linguagem\/wp-json\/wp\/v2\/posts"}],"about":[{"href":"https:\/\/radames.manosso.nom.br\/linguagem\/wp-json\/wp\/v2\/types\/post"}],"author":[{"embeddable":true,"href":"https:\/\/radames.manosso.nom.br\/linguagem\/wp-json\/wp\/v2\/users\/1"}],"replies":[{"embeddable":true,"href":"https:\/\/radames.manosso.nom.br\/linguagem\/wp-json\/wp\/v2\/comments?post=338"}],"version-history":[{"count":6,"href":"https:\/\/radames.manosso.nom.br\/linguagem\/wp-json\/wp\/v2\/posts\/338\/revisions"}],"predecessor-version":[{"id":4004,"href":"https:\/\/radames.manosso.nom.br\/linguagem\/wp-json\/wp\/v2\/posts\/338\/revisions\/4004"}],"wp:attachment":[{"href":"https:\/\/radames.manosso.nom.br\/linguagem\/wp-json\/wp\/v2\/media?parent=338"}],"wp:term":[{"taxonomy":"category","embeddable":true,"href":"https:\/\/radames.manosso.nom.br\/linguagem\/wp-json\/wp\/v2\/categories?post=338"},{"taxonomy":"post_tag","embeddable":true,"href":"https:\/\/radames.manosso.nom.br\/linguagem\/wp-json\/wp\/v2\/tags?post=338"}],"curies":[{"name":"wp","href":"https:\/\/api.w.org\/{rel}","templated":true}]}}