{"id":3674,"date":"2020-09-03T17:11:43","date_gmt":"2020-09-03T20:11:43","guid":{"rendered":"http:\/\/radames.manosso.nom.br\/linguagem\/?p=3674"},"modified":"2020-12-07T16:48:24","modified_gmt":"2020-12-07T19:48:24","slug":"possessivos","status":"publish","type":"post","link":"https:\/\/radames.manosso.nom.br\/linguagem\/gramatica\/morfologia\/possessivos\/","title":{"rendered":"Possessivos &#8211; classe morfol\u00f3gica"},"content":{"rendered":"\n<p>A classe dos possessivos \u00e9 lim\u00edtrofe. Poderia ser considerada como um caso especial da classe dos adjetivos, mas tem caracter\u00edsticas especiais como o fato de ser uma classe fechada e de ser flexionada em n\u00famero, g\u00eanero, pessoa singular e pessoa plural. Em fun\u00e7\u00e3o dessas caracter\u00edsticas, incomuns aos adjetivos, \u00e9 que a consideramos em separado. <\/p>\n\n\n\n<p>A classe dos possessivos \u00e9 formada por um \u00fanico lexema que apresenta 24 flex\u00f5es. Perceba que cada possessivo que forma o lexema tem caracter\u00edstica de n\u00famero, g\u00eanero e pessoa, mas que a forma\u00e7\u00e3o \u00e9 irregular, ou seja, os morfemas que marcam cada uma das caracter\u00edsticas n\u00e3o seguem um padr\u00e3o regular.<\/p>\n\n\n\n<figure class=\"wp-block-image size-large\"><img data-recalc-dims=\"1\" loading=\"lazy\" decoding=\"async\" width=\"500\" height=\"333\" src=\"https:\/\/i0.wp.com\/radames.manosso.nom.br\/linguagem\/files\/substantivo.jpg?resize=500%2C333&#038;ssl=1\" alt=\"\" class=\"wp-image-3204\" srcset=\"https:\/\/i0.wp.com\/radames.manosso.nom.br\/linguagem\/files\/substantivo.jpg?w=500&amp;ssl=1 500w, https:\/\/i0.wp.com\/radames.manosso.nom.br\/linguagem\/files\/substantivo.jpg?resize=300%2C200&amp;ssl=1 300w\" sizes=\"auto, (max-width: 500px) 100vw, 500px\" \/><\/figure>\n\n\n\n<!--more-->\n\n\n\n<figure class=\"wp-block-table\"><table><tbody><tr><td>\n  &nbsp;\n  <\/td><td>\n  &nbsp;\n  <\/td><td>\n  Singular\n  <\/td><td>\n  Plural\n  <\/td><\/tr><tr><td>\n  1\u00aa. Pessoa singular\n  <\/td><td>\n  Masculino\n  <\/td><td>   <strong>Meu   <\/strong><\/td><td>   <strong>Meus   <\/strong><\/td><\/tr><tr><td>\n  &nbsp;\n  <\/td><td>\n  Feminino\n  <\/td><td>   <strong>Minha   <\/strong><\/td><td>   <strong>Minhas   <\/strong><\/td><\/tr><tr><td>\n  2\u00aa. Pessoa Singular\n  <\/td><td>\n  Masculino\n  <\/td><td>   <strong>Teu   <\/strong><\/td><td>   <strong>Teus   <\/strong><\/td><\/tr><tr><td>\n  &nbsp;\n  <\/td><td>\n  Feminino\n  <\/td><td>   <strong>Tua   <\/strong><\/td><td>   <strong>Tuas   <\/strong><\/td><\/tr><tr><td>\n  3\u00aa. Pessoa Singular\n  <\/td><td>\n  Masculino\n  <\/td><td>   <strong>Seu   <\/strong><\/td><td>   <strong>Seus   <\/strong><\/td><\/tr><tr><td>\n  &nbsp;\n  <\/td><td>\n  Feminino\n  <\/td><td>   <strong>Sua   <\/strong><\/td><td>   <strong>Suas   <\/strong><\/td><\/tr><tr><td>\n  1\u00aa. Pessoa Plural\n  <\/td><td>\n  Masculino\n  <\/td><td>   <strong>Nosso   <\/strong><\/td><td>   <strong>Nossos   <\/strong><\/td><\/tr><tr><td>\n  &nbsp;\n  <\/td><td>\n  Feminino\n  <\/td><td>   <strong>Nossa   <\/strong><\/td><td>   <strong>Nossas   <\/strong><\/td><\/tr><tr><td>\n  2\u00aa. Pessoa Plural\n  <\/td><td>\n  Masculino\n  <\/td><td>   <strong>Vosso   <\/strong><\/td><td>   <strong>Vossos   <\/strong><\/td><\/tr><tr><td>\n  &nbsp;\n  <\/td><td>\n  Feminino\n  <\/td><td>   <strong>Vossa   <\/strong><\/td><td>   <strong>Vossas   <\/strong><\/td><\/tr><tr><td>\n  3\u00aa. Pessoa Plural\n  <\/td><td>\n  Masculino\n  <\/td><td>   <strong>Seu   <\/strong><\/td><td>   <strong>Seus   <\/strong><\/td><\/tr><tr><td>\n  &nbsp;\n  <\/td><td>\n  Feminino\n  <\/td><td>   <strong>Sua   <\/strong><\/td><td>   <strong>Suas   <\/strong><\/td><\/tr><\/tbody><\/table><\/figure>\n\n\n\n<p>Na Gram\u00e1tica Tradicional, os possessivos s\u00e3o arrolados na\nclasse dos pronomes, mas realmente o comportamento sint\u00e1tico dos possessivos em\nquase nada lembra o dos pronomes.<\/p>\n\n\n\n<h3 class=\"wp-block-heading\">Fun\u00e7\u00f5es dos possessivos<\/h3>\n\n\n\n<p>Os possessivos\nadjetivam o substantivo de um sintagma substantivo de forma especializada.\nAgregam uma informa\u00e7\u00e3o de posse em rela\u00e7\u00e3o ao objeto adjetivado. Essa rela\u00e7\u00e3o\nde posse est\u00e1 associada \u00e0 pessoa do discurso.<\/p>\n\n\n\n<ul class=\"wp-block-list\"><li><strong>Meu<\/strong> livro. O livro \u00e9 <strong>meu<\/strong>.<\/li><li><strong>Tua<\/strong> caneta. A caneta \u00e9 <strong>tua<\/strong>.<\/li><li><strong>Suas<\/strong> carteiras. As carteiras s\u00e3o <strong>suas<\/strong>.<\/li><\/ul>\n\n\n\n<p>Tamb\u00e9m podem expressar\nrela\u00e7\u00e3o de proximidade, de conex\u00e3o, de pertencimento entre a pessoa do discurso\ne o substantivo adjetivado.<\/p>\n\n\n\n<ul class=\"wp-block-list\"><li><strong>Nosso<\/strong> Brasil.<\/li><li><strong>Seus<\/strong> parentes.<\/li><li><strong>Vossa\n<\/strong>majestade<strong>.<\/strong><\/li><\/ul>\n\n\n\n<h3 class=\"wp-block-heading\">Comportamento sint\u00e1tico<\/h3>\n\n\n\n<p>O possessivo pode ser precedido por artigo.<\/p>\n\n\n\n<ul class=\"wp-block-list\"><li>Os <strong>meus<\/strong> sinceros cumprimentos.<\/li><li>As <strong>tuas<\/strong> esperan\u00e7as v\u00e3s.<\/li><\/ul>\n\n\n\n<p>O possessivo pode ser colocado posteriormente ao\nsubstantivo que determina.<\/p>\n\n\n\n<ul class=\"wp-block-list\"><li>Uns conhecidos <strong>teus<\/strong>.<\/li><li>Caro amigo <strong>meu<\/strong>.<\/li><\/ul>\n\n\n\n<p>O possessivo pode ser determinado por adv\u00e9rbio.<\/p>\n\n\n\n<ul class=\"wp-block-list\"><li>Coisa <strong>muito<\/strong> minha.<\/li><\/ul>\n\n\n\n<p>Assim como ocorre com os adjetivos, possessivos podem ser\nsubstantivados pela presen\u00e7a de um artigo.<\/p>\n\n\n\n<ul class=\"wp-block-list\"><li>O time vencedor ser\u00e1 <strong>o nosso<\/strong>.<\/li><li>A honra em risco ser\u00e1 <strong>a vossa<\/strong>.<\/li><\/ul>\n\n\n\n<h3 class=\"wp-block-heading\">Morfologia<\/h3>\n\n\n\n<ul class=\"wp-block-list\" id=\"block-e843ba6f-6e3e-4a00-9a86-3524b7cea45c\"><li><a href=\"https:\/\/radames.manosso.nom.br\/linguagem\/gramatica\/morfologia\/categorias-morfologicas\/\">Categorias morfol\u00f3gicas<\/a><\/li><li><a href=\"https:\/\/radames.manosso.nom.br\/linguagem\/gramatica\/morfologia\/classes-morfologicas\/\">Classes morfol\u00f3gicas<\/a><\/li><li><a href=\"https:\/\/radames.manosso.nom.br\/linguagem\/gramatica\/morfologia\/morfema\/\">Morfema<\/a><\/li><li><a href=\"https:\/\/radames.manosso.nom.br\/linguagem\/gramatica\/morfologia\/classes-de-morfemas-presos\/\">Classes de morfemas presos<\/a><\/li><li><a href=\"https:\/\/radames.manosso.nom.br\/linguagem\/gramatica\/morfologia\/palavra\/\">Palavra<\/a><\/li><li><a href=\"https:\/\/radames.manosso.nom.br\/linguagem\/gramatica\/morfologia\/lexema\/\">Lexema<\/a><\/li><li><a href=\"https:\/\/radames.manosso.nom.br\/linguagem\/gramatica\/morfologia\/locucao-contracao-e-fraseologia\/\">Locu\u00e7\u00e3o, contra\u00e7\u00e3o e fraseologia<\/a><\/li><li><a href=\"https:\/\/radames.manosso.nom.br\/linguagem\/gramatica\/morfologia\/substantivo\/\">Substantivo<\/a><\/li><li><a href=\"https:\/\/radames.manosso.nom.br\/linguagem\/gramatica\/morfologia\/flexao-do-substantivo-em-genero\/\">Flex\u00e3o do substantivo em g\u00eanero<\/a><\/li><li><a href=\"https:\/\/radames.manosso.nom.br\/linguagem\/gramatica\/morfologia\/flexao-do-substantivo-em-grau\/\">Flex\u00e3o do substantivo em grau<\/a><\/li><li><a href=\"https:\/\/radames.manosso.nom.br\/linguagem\/gramatica\/morfologia\/flexao-do-substantivo-em-numero\/\">Flex\u00e3o do substantivo em n\u00famero<\/a><\/li><li><a href=\"https:\/\/radames.manosso.nom.br\/linguagem\/gramatica\/morfologia\/adjetivos\/\">Adjetivos<\/a><\/li><li><a href=\"https:\/\/radames.manosso.nom.br\/linguagem\/gramatica\/morfologia\/adverbio\/\">Adv\u00e9rbio<\/a><\/li><li><a href=\"https:\/\/radames.manosso.nom.br\/linguagem\/gramatica\/morfologia\/propriedades-de-adverbios\/\">Propriedades de adv\u00e9rbios<\/a><\/li><li><a href=\"https:\/\/radames.manosso.nom.br\/linguagem\/gramatica\/morfologia\/artigo\/\">Artigo<\/a><\/li><li><a href=\"https:\/\/radames.manosso.nom.br\/linguagem\/gramatica\/morfologia\/demonstrativos\/\">Demonstrativos<\/a><\/li><li><a href=\"https:\/\/radames.manosso.nom.br\/linguagem\/gramatica\/morfologia\/locativos\/\">Locativos<\/a><\/li><li><a href=\"https:\/\/radames.manosso.nom.br\/linguagem\/gramatica\/morfologia\/possessivos\/\">Possessivos<\/a><\/li><li><a href=\"https:\/\/radames.manosso.nom.br\/linguagem\/gramatica\/morfologia\/pronomes\/\">Pronomes<\/a><\/li><li><a href=\"https:\/\/radames.manosso.nom.br\/linguagem\/gramatica\/morfologia\/preposicao\/\">Preposi\u00e7\u00e3o<\/a><\/li><li><a href=\"https:\/\/radames.manosso.nom.br\/linguagem\/gramatica\/morfologia\/analise-semantica-da-preposicao\/\">An\u00e1lise sem\u00e2ntica da preposi\u00e7\u00e3o<\/a><\/li><li><a href=\"https:\/\/radames.manosso.nom.br\/linguagem\/gramatica\/morfologia\/contracoes-prepositivas\/\">Contra\u00e7\u00f5es prepositivas<\/a><\/li><li><a href=\"https:\/\/radames.manosso.nom.br\/linguagem\/gramatica\/morfologia\/fraseologias-prepositivas\/\">Fraseologias prepositivas<\/a><\/li><li><a href=\"https:\/\/radames.manosso.nom.br\/linguagem\/gramatica\/morfologia\/derivacao-de-classe-morfologica\/\">Deriva\u00e7\u00e3o de classe morfol\u00f3gica<\/a><\/li><\/ul>\n","protected":false},"excerpt":{"rendered":"<p>A classe dos possessivos \u00e9 lim\u00edtrofe. Poderia ser considerada como um caso especial da classe dos adjetivos, mas tem caracter\u00edsticas especiais como o fato de ser uma classe fechada e de ser flexionada em n\u00famero, g\u00eanero, pessoa singular e pessoa plural. Em fun\u00e7\u00e3o dessas caracter\u00edsticas, incomuns aos adjetivos, \u00e9 que a consideramos em separado. A &hellip; <a href=\"https:\/\/radames.manosso.nom.br\/linguagem\/gramatica\/morfologia\/possessivos\/\" class=\"more-link\">Continue lendo <span class=\"screen-reader-text\">Possessivos &#8211; classe morfol\u00f3gica<\/span> <span class=\"meta-nav\">&rarr;<\/span><\/a><\/p>\n","protected":false},"author":1,"featured_media":0,"comment_status":"open","ping_status":"closed","sticky":false,"template":"","format":"standard","meta":{"jetpack_post_was_ever_published":false,"_jetpack_newsletter_access":"","_jetpack_dont_email_post_to_subs":false,"_jetpack_newsletter_tier_id":0,"_jetpack_memberships_contains_paywalled_content":false,"_jetpack_memberships_contains_paid_content":false,"footnotes":"","jetpack_publicize_message":"","jetpack_publicize_feature_enabled":true,"jetpack_social_post_already_shared":true,"jetpack_social_options":{"image_generator_settings":{"template":"highway","default_image_id":0,"font":"","enabled":false},"version":2}},"categories":[229],"tags":[352,230],"class_list":["post-3674","post","type-post","status-publish","format-standard","hentry","category-morfologia","tag-classes-de-palavras","tag-morfologia-2"],"jetpack_publicize_connections":[],"jetpack_featured_media_url":"","jetpack_sharing_enabled":true,"jetpack_shortlink":"https:\/\/wp.me\/p74YWN-Xg","jetpack-related-posts":[{"id":382,"url":"https:\/\/radames.manosso.nom.br\/linguagem\/gramatica\/morfologia\/classes-morfologicas\/","url_meta":{"origin":3674,"position":0},"title":"Classes morfol\u00f3gicas","author":"Radam\u00e9s","date":false,"format":false,"excerpt":"Classificar morfemas e palavras \u00e9 uma tarefa complexa que talvez nunca chegue a um resultado satisfat\u00f3rio. Para come\u00e7ar, \u00e9 preciso entender que as classifica\u00e7\u00f5es n\u00e3o s\u00e3o boas em si, mas quando adequadas a um determinado fim. Uma boa classifica\u00e7\u00e3o para uma finalidade n\u00e3o invalida outra, igualmente boa, que atende outra\u2026","rel":"","context":"Em &quot;Morfologia&quot;","block_context":{"text":"Morfologia","link":"https:\/\/radames.manosso.nom.br\/linguagem\/category\/gramatica\/morfologia\/"},"img":{"alt_text":"","src":"https:\/\/i0.wp.com\/radames.manosso.nom.br\/linguagem\/files\/morfologia.jpg?resize=350%2C200&ssl=1","width":350,"height":200},"classes":[]},{"id":394,"url":"https:\/\/radames.manosso.nom.br\/linguagem\/gramatica\/morfologia\/adjetivos\/","url_meta":{"origin":3674,"position":1},"title":"Adjetivos","author":"Radam\u00e9s","date":false,"format":false,"excerpt":"Os adjetivos admitem flex\u00e3o em grau, g\u00eanero e n\u00famero, de onde se obt\u00e9m at\u00e9 16 flex\u00f5es para um \u00fanico lexema adjetivo, como se v\u00ea na tabela a seguir: Flex\u00e3oRadicalGrauG\u00eaneroN\u00fameroLindoLind-o-LindaLind-a-LindosLind-osLindasLind-asLindinhoLindinho-LindinhaLindinha-LindinhosLindinhosLindinhasLindinhasLind\u00e3oLind\u00e3o--Lind\u00f5esLind\u00f5es--LindonaLindona--LindonasLindona-sLind\u00edssimoLind\u00edssimo-Lind\u00edssimosLind\u00edssimosLind\u00edssimaLind\u00edssima-Lind\u00edssimasLind\u00edssimas Flex\u00e3o em n\u00famero Os adjetivos seguem tr\u00eas regras para n\u00famero: Todos os adjetivos s\u00e3o flexionados em n\u00famero.Concordam com o n\u00famero do\u2026","rel":"","context":"Em &quot;Morfologia&quot;","block_context":{"text":"Morfologia","link":"https:\/\/radames.manosso.nom.br\/linguagem\/category\/gramatica\/morfologia\/"},"img":{"alt_text":"","src":"https:\/\/i0.wp.com\/radames.manosso.nom.br\/linguagem\/files\/morfologia.jpg?resize=350%2C200&ssl=1","width":350,"height":200},"classes":[]},{"id":420,"url":"https:\/\/radames.manosso.nom.br\/linguagem\/gramatica\/morfologia\/substantivo\/","url_meta":{"origin":3674,"position":2},"title":"Substantivo","author":"Radam\u00e9s","date":false,"format":false,"excerpt":"Os substantivos s\u00e3o flexionados em grau, g\u00eanero e n\u00famero. Assim, um lexema substantivo pode apresentar at\u00e9 12 flex\u00f5es como no exemplo: Flex\u00e3oRadicalGrauG\u00eaneroN\u00fameroMeninomenin-o-Meninamenin-osMeninosmenin-a-Meninasmenin-asMenininhomenininho-MenininhosmenininhosMenininhamenininha-MenininhasmenininhasMenin\u00e3omenin\u00e3oMenin\u00f5esmenin\u00f5esMeninonameninona-Meninonasmeninonas No exemplo acima, vemos que as flex\u00f5es anal\u00edticas predominam. Em\u00a0menininhos, por exemplo, temos flex\u00e3o anal\u00edtica com quatro morfemas: um radical (menin) e desin\u00eancias de grau (inh), g\u00eanero (o)\u2026","rel":"","context":"Em &quot;Morfologia&quot;","block_context":{"text":"Morfologia","link":"https:\/\/radames.manosso.nom.br\/linguagem\/category\/gramatica\/morfologia\/"},"img":{"alt_text":"","src":"https:\/\/i0.wp.com\/radames.manosso.nom.br\/linguagem\/files\/substantivo.jpg?resize=350%2C200&ssl=1","width":350,"height":200},"classes":[]},{"id":388,"url":"https:\/\/radames.manosso.nom.br\/linguagem\/gramatica\/morfologia\/lexema\/","url_meta":{"origin":3674,"position":3},"title":"Lexema","author":"Radam\u00e9s","date":false,"format":false,"excerpt":"A consci\u00eancia difusa dos lexemas existe nos falantes, mesmo naqueles n\u00e3o iniciados nos estudos gramaticais. Percebemos isso em v\u00e1rias situa\u00e7\u00f5es como quando o falante encontra em um texto uma palavra desconhecida, digamos: defenestrou. Ao consultar o dicion\u00e1rio, o falante, intuitivamente, vai procurar pelo verbete\u00a0defenestrar. Ele quer saber o significado de\u2026","rel":"","context":"Em &quot;Morfologia&quot;","block_context":{"text":"Morfologia","link":"https:\/\/radames.manosso.nom.br\/linguagem\/category\/gramatica\/morfologia\/"},"img":{"alt_text":"","src":"https:\/\/i0.wp.com\/radames.manosso.nom.br\/linguagem\/files\/morfologia.jpg?resize=350%2C200&ssl=1","width":350,"height":200},"classes":[]},{"id":3678,"url":"https:\/\/radames.manosso.nom.br\/linguagem\/gramatica\/morfologia\/artigo\/","url_meta":{"origin":3674,"position":4},"title":"Artigo &#8211; classe morfol\u00f3gica","author":"Radam\u00e9s","date":false,"format":false,"excerpt":"A classe dos artigos \u00e9 fechada e formada, a rigor, por um \u00fanico lexema que varia em g\u00eanero, n\u00famero e defini\u00e7\u00e3o. Defini\u00e7\u00e3oN\u00fameroMasculino Feminino Definido Singular o a DefinidoPlural os as Indefinido Singular um uma IndefinidoPlural uns umas Os artigos t\u00eam um dos comportamentos mais peculiares da l\u00edngua portuguesa. Primeiramente, s\u00e3o\u2026","rel":"","context":"Em &quot;Morfologia&quot;","block_context":{"text":"Morfologia","link":"https:\/\/radames.manosso.nom.br\/linguagem\/category\/gramatica\/morfologia\/"},"img":{"alt_text":"","src":"https:\/\/i0.wp.com\/radames.manosso.nom.br\/linguagem\/files\/substantivo.jpg?resize=350%2C200&ssl=1","width":350,"height":200},"classes":[]},{"id":396,"url":"https:\/\/radames.manosso.nom.br\/linguagem\/gramatica\/morfologia\/adverbio\/","url_meta":{"origin":3674,"position":5},"title":"Adv\u00e9rbio","author":"Radam\u00e9s","date":false,"format":false,"excerpt":"Vamos come\u00e7ar nosso estudo analisando duas frases que cont\u00e9m adv\u00e9rbios. Pedro bebe\u00a0compulsivamente.Jo\u00e3o compareceu\u00a0pontualmente \u00c9 l\u00edcito dizer que\u00a0compulsivamente indica o modo como Pedro bebe e que\u00a0pontualmente particulariza a forma como Jo\u00e3o compareceu. Ou seja, as duas palavras est\u00e3o modificando as a\u00e7\u00f5es denotadas nas frases. Diante disso, podemos dizer que em muitos\u2026","rel":"","context":"Em &quot;Morfologia&quot;","block_context":{"text":"Morfologia","link":"https:\/\/radames.manosso.nom.br\/linguagem\/category\/gramatica\/morfologia\/"},"img":{"alt_text":"","src":"https:\/\/i0.wp.com\/radames.manosso.nom.br\/linguagem\/files\/morfologia.jpg?resize=350%2C200&ssl=1","width":350,"height":200},"classes":[]}],"_links":{"self":[{"href":"https:\/\/radames.manosso.nom.br\/linguagem\/wp-json\/wp\/v2\/posts\/3674","targetHints":{"allow":["GET"]}}],"collection":[{"href":"https:\/\/radames.manosso.nom.br\/linguagem\/wp-json\/wp\/v2\/posts"}],"about":[{"href":"https:\/\/radames.manosso.nom.br\/linguagem\/wp-json\/wp\/v2\/types\/post"}],"author":[{"embeddable":true,"href":"https:\/\/radames.manosso.nom.br\/linguagem\/wp-json\/wp\/v2\/users\/1"}],"replies":[{"embeddable":true,"href":"https:\/\/radames.manosso.nom.br\/linguagem\/wp-json\/wp\/v2\/comments?post=3674"}],"version-history":[{"count":2,"href":"https:\/\/radames.manosso.nom.br\/linguagem\/wp-json\/wp\/v2\/posts\/3674\/revisions"}],"predecessor-version":[{"id":4240,"href":"https:\/\/radames.manosso.nom.br\/linguagem\/wp-json\/wp\/v2\/posts\/3674\/revisions\/4240"}],"wp:attachment":[{"href":"https:\/\/radames.manosso.nom.br\/linguagem\/wp-json\/wp\/v2\/media?parent=3674"}],"wp:term":[{"taxonomy":"category","embeddable":true,"href":"https:\/\/radames.manosso.nom.br\/linguagem\/wp-json\/wp\/v2\/categories?post=3674"},{"taxonomy":"post_tag","embeddable":true,"href":"https:\/\/radames.manosso.nom.br\/linguagem\/wp-json\/wp\/v2\/tags?post=3674"}],"curies":[{"name":"wp","href":"https:\/\/api.w.org\/{rel}","templated":true}]}}