{"id":3685,"date":"2020-09-05T17:23:45","date_gmt":"2020-09-05T20:23:45","guid":{"rendered":"http:\/\/radames.manosso.nom.br\/linguagem\/?p=3685"},"modified":"2020-12-07T16:42:01","modified_gmt":"2020-12-07T19:42:01","slug":"locativos","status":"publish","type":"post","link":"https:\/\/radames.manosso.nom.br\/linguagem\/gramatica\/morfologia\/locativos\/","title":{"rendered":"Locativos"},"content":{"rendered":"\n<p>A classe dos locativos \u00e9 fechada e compostas por palavras invariantes, n\u00e3o flexionadas. Comportam-se como pronomes na maioria dos casos, ou seja, substituem a contento sintagmas substantivos. Na Gram\u00e1tica Tradicional os locativos s\u00e3o tratados como adv\u00e9rbios de lugar.<\/p>\n\n\n\n<h3 class=\"wp-block-heading\">Locativos em fun\u00e7\u00e3o de pronome<\/h3>\n\n\n\n<p>Observe a s\u00e9rie:<\/p>\n\n\n\n<ul class=\"wp-block-list\"><li><em>Sou de <strong>Curitiba<\/strong>.<br>\nSou <strong>daqui<\/strong>.<\/em><\/li><li><em>Venha at\u00e9 <strong>Curitiba<\/strong>.<br>\nVenha at\u00e9 <strong>aqui<\/strong>.<\/em><\/li><li><em>Ele \u00e9 de<strong> S\u00e3o Paulo<\/strong>.<br>\nEle \u00e9 de<strong> l\u00e1<\/strong>.<\/em><\/li><li><em>Vou at\u00e9 <strong>S\u00e3o Paulo<\/strong>.<br>\nVou at\u00e9 <strong>l\u00e1<\/strong>.<\/em><\/li><\/ul>\n\n\n\n<figure class=\"wp-block-image size-large\"><img data-recalc-dims=\"1\" loading=\"lazy\" decoding=\"async\" width=\"500\" height=\"333\" src=\"https:\/\/i0.wp.com\/radames.manosso.nom.br\/linguagem\/files\/substantivo.jpg?resize=500%2C333&#038;ssl=1\" alt=\"\" class=\"wp-image-3204\" srcset=\"https:\/\/i0.wp.com\/radames.manosso.nom.br\/linguagem\/files\/substantivo.jpg?w=500&amp;ssl=1 500w, https:\/\/i0.wp.com\/radames.manosso.nom.br\/linguagem\/files\/substantivo.jpg?resize=300%2C200&amp;ssl=1 300w\" sizes=\"auto, (max-width: 500px) 100vw, 500px\" \/><\/figure>\n\n\n\n<!--more-->\n\n\n\n<p>Veja que <em>aqui<\/em> e <em>l\u00e1<\/em>, substituem a contendo <em>Curitiba<\/em> e <em>em<\/em> <em>S\u00e3o Paulo. <\/em>Nesse caso, <em>aqui<\/em> e <em>l\u00e1<\/em> est\u00e3o em fun\u00e7\u00e3o substantiva e se comportam como pronomes. <\/p>\n\n\n\n<p>Observe outra s\u00e9rie:<\/p>\n\n\n\n<ul class=\"wp-block-list\"><li><em>Estou <strong>em Curitiba<br>\n<\/strong>Estou <strong>aqui<\/strong>.<\/em><\/li><li><em>Estive <strong>em S\u00e3o Paulo<\/strong>.<br>\nEstive <strong>l\u00e1<\/strong>.<\/em><\/li><\/ul>\n\n\n\n<p>Repare que <em>aqui<\/em>\ne <em>l\u00e1<\/em> podem desempenhar fun\u00e7\u00e3o adverbial,\nsem aux\u00edlio de preposi\u00e7\u00e3o, o que n\u00e3o \u00e9 poss\u00edvel a substantivos.<\/p>\n\n\n\n<ul class=\"wp-block-list\"><li><em>Estou\nCuritiba.<\/em><\/li><li><em>Estive S\u00e3o\nPaulo.<\/em><\/li><\/ul>\n\n\n\n<p>Uma das poss\u00edveis raz\u00f5es para a inaceitabilidade das\nfrases acima \u00e9 sua imprevisibilidade, j\u00e1 que existem outras possibilidades a\nconsiderar como:<\/p>\n\n\n\n<ul class=\"wp-block-list\"><li><em>Estou\nperto de Curitiba.<\/em><\/li><li><em>Estou\nlonge de Curitiba.<\/em><\/li><li><em>Estou fora\nde Curitiba.<\/em><\/li><\/ul>\n\n\n\n<h3 class=\"wp-block-heading\">Locativos em fun\u00e7\u00e3o adverbial<\/h3>\n\n\n\n<p>Nesse caso, os\nlocativos operam com preposi\u00e7\u00f5es. <\/p>\n\n\n\n<ul class=\"wp-block-list\"><li>A obra est\u00e1\n<strong>abaixo da<\/strong> cr\u00edtica.<\/li><li>Cidad\u00e3o\n<strong>acima de<\/strong> qualquer suspeita.<\/li><li>O carro desgovernado passou <strong>atrav\u00e9s do<\/strong>\nvidro da loja.<\/li><\/ul>\n\n\n\n<h3 class=\"wp-block-heading\">An\u00e1lise sem\u00e2ntica dos locativos<\/h3>\n\n\n\n<p>A fun\u00e7\u00e3o principal dos locativos \u00e9 estabelecer\nposicionamentos espaciais relativos entre objetos. Em muitos casos, os objetos\nconsiderados incluem as pessoas do discurso.<\/p>\n\n\n\n<ul class=\"wp-block-list\"><li>O livro est\u00e1 <strong>aqui<\/strong>. (Est\u00e1 pr\u00f3ximo ao\nemissor da frase).<\/li><li>O livro est\u00e1 <strong>a\u00ed<\/strong>. (Est\u00e1 pr\u00f3ximo ao\nreceptor da frase).<\/li><li>O livro est\u00e1 <strong>l\u00e1<\/strong>. (Afastado tanto do\nemissor quanto do receptor).<\/li><\/ul>\n\n\n\n<p>Nos exemplos, os locais onde o livro se encontra s\u00e3o\nexplicitados a partir de seu posicionamento em rela\u00e7\u00e3o \u00e0s pessoas do discurso.\nSe diss\u00e9ssemos que o livro est\u00e1 algures, a\u00ed o posicionamento ficaria indefinido\n(em algum lugar).<\/p>\n\n\n\n<p>Os posicionamentos indicados pelos locativos envolvem dois\nobjetos expl\u00edcitos ou n\u00e3o.<\/p>\n\n\n\n<ul class=\"wp-block-list\"><li>O posto est\u00e1 logo <strong>adiante<\/strong>. (Em local\npr\u00f3ximo de quem fala e na dire\u00e7\u00e3o que o falante segue).<\/li><li>Estamos <strong>perto<\/strong> do destino. (O destino est\u00e1\npr\u00f3ximo de quem fala).<\/li><\/ul>\n\n\n\n<p>Por analogia, as ideias de posicionamento relativo podem\nse estender a ideias abstratas. Veja exemplos:<\/p>\n\n\n\n<ul class=\"wp-block-list\"><li>Sua atitude foi <strong>al\u00e9m<\/strong> dos limites.<\/li><li>Fomos colocados <strong>diante<\/strong> do destino.<\/li><\/ul>\n\n\n\n<h3 class=\"wp-block-heading\">Principais locativos<\/h3>\n\n\n\n<p>Veja uma lista de locativos comuns do nosso idioma:<\/p>\n\n\n\n<ul class=\"wp-block-list\"><li>Abaixo<\/li><li>Acima<\/li><li>Acol\u00e1<\/li><li>Adiante<\/li><li>A\u00ed <\/li><li>Al\u00e9m<\/li><li>Algures<\/li><li>Alhures<\/li><li>Ali<\/li><li>Aqu\u00e9m<\/li><li>Aqui<\/li><li>Atr\u00e1s<\/li><li>Atrav\u00e9s<\/li><li>C\u00e1<\/li><li>Defronte<\/li><li>Dentro<\/li><li>Detr\u00e1s<\/li><li>Diante<\/li><li>Fora<\/li><li>Junto<\/li><li>L\u00e1<\/li><li>Longe<\/li><li>Onde<\/li><li>Perto<\/li><\/ul>\n\n\n\n<h3 class=\"wp-block-heading\">Morfologia<\/h3>\n\n\n\n<ul class=\"wp-block-list\" id=\"block-e843ba6f-6e3e-4a00-9a86-3524b7cea45c\"><li><a href=\"https:\/\/radames.manosso.nom.br\/linguagem\/gramatica\/morfologia\/categorias-morfologicas\/\">Categorias morfol\u00f3gicas<\/a><\/li><li><a href=\"https:\/\/radames.manosso.nom.br\/linguagem\/gramatica\/morfologia\/classes-morfologicas\/\">Classes morfol\u00f3gicas<\/a><\/li><li><a href=\"https:\/\/radames.manosso.nom.br\/linguagem\/gramatica\/morfologia\/morfema\/\">Morfema<\/a><\/li><li><a href=\"https:\/\/radames.manosso.nom.br\/linguagem\/gramatica\/morfologia\/classes-de-morfemas-presos\/\">Classes de morfemas presos<\/a><\/li><li><a href=\"https:\/\/radames.manosso.nom.br\/linguagem\/gramatica\/morfologia\/palavra\/\">Palavra<\/a><\/li><li><a href=\"https:\/\/radames.manosso.nom.br\/linguagem\/gramatica\/morfologia\/lexema\/\">Lexema<\/a><\/li><li><a href=\"https:\/\/radames.manosso.nom.br\/linguagem\/gramatica\/morfologia\/locucao-contracao-e-fraseologia\/\">Locu\u00e7\u00e3o, contra\u00e7\u00e3o e fraseologia<\/a><\/li><li><a href=\"https:\/\/radames.manosso.nom.br\/linguagem\/gramatica\/morfologia\/substantivo\/\">Substantivo<\/a><\/li><li><a href=\"https:\/\/radames.manosso.nom.br\/linguagem\/gramatica\/morfologia\/flexao-do-substantivo-em-genero\/\">Flex\u00e3o do substantivo em g\u00eanero<\/a><\/li><li><a href=\"https:\/\/radames.manosso.nom.br\/linguagem\/gramatica\/morfologia\/flexao-do-substantivo-em-grau\/\">Flex\u00e3o do substantivo em grau<\/a><\/li><li><a href=\"https:\/\/radames.manosso.nom.br\/linguagem\/gramatica\/morfologia\/flexao-do-substantivo-em-numero\/\">Flex\u00e3o do substantivo em n\u00famero<\/a><\/li><li><a href=\"https:\/\/radames.manosso.nom.br\/linguagem\/gramatica\/morfologia\/adjetivos\/\">Adjetivos<\/a><\/li><li><a href=\"https:\/\/radames.manosso.nom.br\/linguagem\/gramatica\/morfologia\/adverbio\/\">Adv\u00e9rbio<\/a><\/li><li><a href=\"https:\/\/radames.manosso.nom.br\/linguagem\/gramatica\/morfologia\/propriedades-de-adverbios\/\">Propriedades de adv\u00e9rbios<\/a><\/li><li><a href=\"https:\/\/radames.manosso.nom.br\/linguagem\/gramatica\/morfologia\/artigo\/\">Artigo<\/a><\/li><li><a href=\"https:\/\/radames.manosso.nom.br\/linguagem\/gramatica\/morfologia\/demonstrativos\/\">Demonstrativos<\/a><\/li><li><a href=\"https:\/\/radames.manosso.nom.br\/linguagem\/gramatica\/morfologia\/locativos\/\">Locativos<\/a><\/li><li><a href=\"https:\/\/radames.manosso.nom.br\/linguagem\/gramatica\/morfologia\/possessivos\/\">Possessivos<\/a><\/li><li><a href=\"https:\/\/radames.manosso.nom.br\/linguagem\/gramatica\/morfologia\/pronomes\/\">Pronomes<\/a><\/li><li><a href=\"https:\/\/radames.manosso.nom.br\/linguagem\/gramatica\/morfologia\/preposicao\/\">Preposi\u00e7\u00e3o<\/a><\/li><li><a href=\"https:\/\/radames.manosso.nom.br\/linguagem\/gramatica\/morfologia\/analise-semantica-da-preposicao\/\">An\u00e1lise sem\u00e2ntica da preposi\u00e7\u00e3o<\/a><\/li><li><a href=\"https:\/\/radames.manosso.nom.br\/linguagem\/gramatica\/morfologia\/contracoes-prepositivas\/\">Contra\u00e7\u00f5es prepositivas<\/a><\/li><li><a href=\"https:\/\/radames.manosso.nom.br\/linguagem\/gramatica\/morfologia\/fraseologias-prepositivas\/\">Fraseologias prepositivas<\/a><\/li><li><a href=\"https:\/\/radames.manosso.nom.br\/linguagem\/gramatica\/morfologia\/derivacao-de-classe-morfologica\/\">Deriva\u00e7\u00e3o de classe morfol\u00f3gica<\/a><\/li><\/ul>\n","protected":false},"excerpt":{"rendered":"<p>A classe dos locativos \u00e9 fechada e compostas por palavras invariantes, n\u00e3o flexionadas. Comportam-se como pronomes na maioria dos casos, ou seja, substituem a contento sintagmas substantivos. Na Gram\u00e1tica Tradicional os locativos s\u00e3o tratados como adv\u00e9rbios de lugar. Locativos em fun\u00e7\u00e3o de pronome Observe a s\u00e9rie: Sou de Curitiba. Sou daqui. Venha at\u00e9 Curitiba. Venha &hellip; <a href=\"https:\/\/radames.manosso.nom.br\/linguagem\/gramatica\/morfologia\/locativos\/\" class=\"more-link\">Continue lendo <span class=\"screen-reader-text\">Locativos<\/span> <span class=\"meta-nav\">&rarr;<\/span><\/a><\/p>\n","protected":false},"author":1,"featured_media":0,"comment_status":"open","ping_status":"closed","sticky":false,"template":"","format":"standard","meta":{"jetpack_post_was_ever_published":false,"_jetpack_newsletter_access":"","_jetpack_dont_email_post_to_subs":false,"_jetpack_newsletter_tier_id":0,"_jetpack_memberships_contains_paywalled_content":false,"_jetpack_memberships_contains_paid_content":false,"footnotes":"","jetpack_publicize_message":"","jetpack_publicize_feature_enabled":true,"jetpack_social_post_already_shared":true,"jetpack_social_options":{"image_generator_settings":{"template":"highway","default_image_id":0,"font":"","enabled":false},"version":2}},"categories":[229],"tags":[355,352,354],"class_list":["post-3685","post","type-post","status-publish","format-standard","hentry","category-morfologia","tag-adverbio-de-lugar","tag-classes-de-palavras","tag-locativos"],"jetpack_publicize_connections":[],"jetpack_featured_media_url":"","jetpack_sharing_enabled":true,"jetpack_shortlink":"https:\/\/wp.me\/p74YWN-Xr","jetpack-related-posts":[{"id":382,"url":"https:\/\/radames.manosso.nom.br\/linguagem\/gramatica\/morfologia\/classes-morfologicas\/","url_meta":{"origin":3685,"position":0},"title":"Classes morfol\u00f3gicas","author":"Radam\u00e9s","date":false,"format":false,"excerpt":"Classificar morfemas e palavras \u00e9 uma tarefa complexa que talvez nunca chegue a um resultado satisfat\u00f3rio. Para come\u00e7ar, \u00e9 preciso entender que as classifica\u00e7\u00f5es n\u00e3o s\u00e3o boas em si, mas quando adequadas a um determinado fim. Uma boa classifica\u00e7\u00e3o para uma finalidade n\u00e3o invalida outra, igualmente boa, que atende outra\u2026","rel":"","context":"Em &quot;Morfologia&quot;","block_context":{"text":"Morfologia","link":"https:\/\/radames.manosso.nom.br\/linguagem\/category\/gramatica\/morfologia\/"},"img":{"alt_text":"","src":"https:\/\/i0.wp.com\/radames.manosso.nom.br\/linguagem\/files\/morfologia.jpg?resize=350%2C200&ssl=1","width":350,"height":200},"classes":[]},{"id":412,"url":"https:\/\/radames.manosso.nom.br\/linguagem\/gramatica\/morfologia\/fraseologias-prepositivas\/","url_meta":{"origin":3685,"position":1},"title":"Fraseologias prepositivas","author":"Radam\u00e9s","date":false,"format":false,"excerpt":"Observe a s\u00e9rie de frases: O gato est\u00e1 embaixo da mesa.O livro est\u00e1\u00a0em cima da cama. Consideravam-no um cidad\u00e3o\u00a0acima de qualquer suspeita.A qualidade do filme est\u00e1\u00a0abaixo da cr\u00edtica. Os segmentos marcados em negrito s\u00e3o fraseologias, ou seja, enunciados que se repetem nos discursos sempre da mesma forma, sob mesmas condi\u00e7\u00f5es.\u2026","rel":"","context":"Em &quot;Morfologia&quot;","block_context":{"text":"Morfologia","link":"https:\/\/radames.manosso.nom.br\/linguagem\/category\/gramatica\/morfologia\/"},"img":{"alt_text":"","src":"https:\/\/i0.wp.com\/radames.manosso.nom.br\/linguagem\/files\/morfologia.jpg?resize=350%2C200&ssl=1","width":350,"height":200},"classes":[]},{"id":405,"url":"https:\/\/radames.manosso.nom.br\/linguagem\/gramatica\/morfologia\/analise-semantica-da-preposicao\/","url_meta":{"origin":3685,"position":2},"title":"An\u00e1lise sem\u00e2ntica da preposi\u00e7\u00e3o","author":"Radam\u00e9s","date":false,"format":false,"excerpt":"Primeiramente, vamos classificar a fun\u00e7\u00e3o sem\u00e2ntica das preposi\u00e7\u00f5es segundo a necessidade. S\u00e3o tr\u00eas as possibilidades: necess\u00e1ria, abundante e redundante. Necessidade sem\u00e2ntica Observe a s\u00e9rie seguinte: Viajei\u00a0com documentos.Viajei\u00a0sem documentos. Aqui, a fun\u00e7\u00e3o sem\u00e2ntica da preposi\u00e7\u00e3o \u00e9 evidente. \u00c9 pela preposi\u00e7\u00e3o que diferenciamos o sentido dos enunciados. Nesse exemplo, se a preposi\u00e7\u00e3o\u2026","rel":"","context":"Em &quot;Morfologia&quot;","block_context":{"text":"Morfologia","link":"https:\/\/radames.manosso.nom.br\/linguagem\/category\/gramatica\/morfologia\/"},"img":{"alt_text":"","src":"https:\/\/i0.wp.com\/radames.manosso.nom.br\/linguagem\/files\/morfologia.jpg?resize=350%2C200&ssl=1","width":350,"height":200},"classes":[]},{"id":398,"url":"https:\/\/radames.manosso.nom.br\/linguagem\/gramatica\/morfologia\/propriedades-de-adverbios\/","url_meta":{"origin":3685,"position":3},"title":"Propriedades de adv\u00e9rbios","author":"Radam\u00e9s","date":false,"format":false,"excerpt":"Vamos analisar as caracter\u00edsticas gerais dos adv\u00e9rbios nos aspectos morfol\u00f3gico e sint\u00e1tico. Caracter\u00edsticas sint\u00e1ticas Os adv\u00e9rbios podem desempenhar tr\u00eas fun\u00e7\u00f5es sint\u00e1ticas: Modificador Suj+SV. Em certas frases que seguem o modelo sujeito + sintagma verbal + complemento, o adv\u00e9rbio pode sozinho desempenhar o papel de complemento. Exemplo: O motorista dirigia despreocupadamente.\u2026","rel":"","context":"Em &quot;Morfologia&quot;","block_context":{"text":"Morfologia","link":"https:\/\/radames.manosso.nom.br\/linguagem\/category\/gramatica\/morfologia\/"},"img":{"alt_text":"","src":"https:\/\/i0.wp.com\/radames.manosso.nom.br\/linguagem\/files\/morfologia.jpg?resize=350%2C200&ssl=1","width":350,"height":200},"classes":[]},{"id":420,"url":"https:\/\/radames.manosso.nom.br\/linguagem\/gramatica\/morfologia\/substantivo\/","url_meta":{"origin":3685,"position":4},"title":"Substantivo","author":"Radam\u00e9s","date":false,"format":false,"excerpt":"Os substantivos s\u00e3o flexionados em grau, g\u00eanero e n\u00famero. Assim, um lexema substantivo pode apresentar at\u00e9 12 flex\u00f5es como no exemplo: Flex\u00e3oRadicalGrauG\u00eaneroN\u00fameroMeninomenin-o-Meninamenin-osMeninosmenin-a-Meninasmenin-asMenininhomenininho-MenininhosmenininhosMenininhamenininha-MenininhasmenininhasMenin\u00e3omenin\u00e3oMenin\u00f5esmenin\u00f5esMeninonameninona-Meninonasmeninonas No exemplo acima, vemos que as flex\u00f5es anal\u00edticas predominam. Em\u00a0menininhos, por exemplo, temos flex\u00e3o anal\u00edtica com quatro morfemas: um radical (menin) e desin\u00eancias de grau (inh), g\u00eanero (o)\u2026","rel":"","context":"Em &quot;Morfologia&quot;","block_context":{"text":"Morfologia","link":"https:\/\/radames.manosso.nom.br\/linguagem\/category\/gramatica\/morfologia\/"},"img":{"alt_text":"","src":"https:\/\/i0.wp.com\/radames.manosso.nom.br\/linguagem\/files\/substantivo.jpg?resize=350%2C200&ssl=1","width":350,"height":200},"classes":[]},{"id":3674,"url":"https:\/\/radames.manosso.nom.br\/linguagem\/gramatica\/morfologia\/possessivos\/","url_meta":{"origin":3685,"position":5},"title":"Possessivos &#8211; classe morfol\u00f3gica","author":"Radam\u00e9s","date":false,"format":false,"excerpt":"A classe dos possessivos \u00e9 lim\u00edtrofe. Poderia ser considerada como um caso especial da classe dos adjetivos, mas tem caracter\u00edsticas especiais como o fato de ser uma classe fechada e de ser flexionada em n\u00famero, g\u00eanero, pessoa singular e pessoa plural. Em fun\u00e7\u00e3o dessas caracter\u00edsticas, incomuns aos adjetivos, \u00e9 que\u2026","rel":"","context":"Em &quot;Morfologia&quot;","block_context":{"text":"Morfologia","link":"https:\/\/radames.manosso.nom.br\/linguagem\/category\/gramatica\/morfologia\/"},"img":{"alt_text":"","src":"https:\/\/i0.wp.com\/radames.manosso.nom.br\/linguagem\/files\/substantivo.jpg?resize=350%2C200&ssl=1","width":350,"height":200},"classes":[]}],"_links":{"self":[{"href":"https:\/\/radames.manosso.nom.br\/linguagem\/wp-json\/wp\/v2\/posts\/3685","targetHints":{"allow":["GET"]}}],"collection":[{"href":"https:\/\/radames.manosso.nom.br\/linguagem\/wp-json\/wp\/v2\/posts"}],"about":[{"href":"https:\/\/radames.manosso.nom.br\/linguagem\/wp-json\/wp\/v2\/types\/post"}],"author":[{"embeddable":true,"href":"https:\/\/radames.manosso.nom.br\/linguagem\/wp-json\/wp\/v2\/users\/1"}],"replies":[{"embeddable":true,"href":"https:\/\/radames.manosso.nom.br\/linguagem\/wp-json\/wp\/v2\/comments?post=3685"}],"version-history":[{"count":3,"href":"https:\/\/radames.manosso.nom.br\/linguagem\/wp-json\/wp\/v2\/posts\/3685\/revisions"}],"predecessor-version":[{"id":4238,"href":"https:\/\/radames.manosso.nom.br\/linguagem\/wp-json\/wp\/v2\/posts\/3685\/revisions\/4238"}],"wp:attachment":[{"href":"https:\/\/radames.manosso.nom.br\/linguagem\/wp-json\/wp\/v2\/media?parent=3685"}],"wp:term":[{"taxonomy":"category","embeddable":true,"href":"https:\/\/radames.manosso.nom.br\/linguagem\/wp-json\/wp\/v2\/categories?post=3685"},{"taxonomy":"post_tag","embeddable":true,"href":"https:\/\/radames.manosso.nom.br\/linguagem\/wp-json\/wp\/v2\/tags?post=3685"}],"curies":[{"name":"wp","href":"https:\/\/api.w.org\/{rel}","templated":true}]}}