{"id":388,"date":"2013-10-13T18:53:45","date_gmt":"2013-10-13T21:53:45","guid":{"rendered":"http:\/\/radames.manosso.nom.br\/linguagem\/?p=388"},"modified":"2020-12-06T18:35:18","modified_gmt":"2020-12-06T21:35:18","slug":"lexema","status":"publish","type":"post","link":"https:\/\/radames.manosso.nom.br\/linguagem\/gramatica\/morfologia\/lexema\/","title":{"rendered":"Lexema"},"content":{"rendered":"\n<p>A consci\u00eancia difusa dos lexemas existe nos falantes, mesmo naqueles n\u00e3o iniciados nos estudos gramaticais. Percebemos isso em v\u00e1rias situa\u00e7\u00f5es como quando o falante encontra em um texto uma palavra desconhecida, digamos: <em>defenestrou<\/em>. Ao consultar o dicion\u00e1rio, o falante, intuitivamente, vai procurar pelo verbete\u00a0<em>defenestrar<\/em>. <\/p>\n\n\n\n<p>Ele quer saber o significado de uma palavra, mas procura por outra no dicion\u00e1rio, pois sabe que se descobrir o significado de\u00a0<em>defenestrar<\/em>, entender\u00e1 o sentido de\u00a0<em>defenestrou<\/em>. Isso ocorre porque as palavras\u00a0<em>defenestrar<\/em> e\u00a0<em>defenestrou<\/em> pertencem ao mesmo lexema.<\/p>\n\n\n\n<figure class=\"wp-block-image\"><img data-recalc-dims=\"1\" loading=\"lazy\" decoding=\"async\" width=\"500\" height=\"333\" src=\"https:\/\/i0.wp.com\/radames.manosso.nom.br\/linguagem\/files\/morfologia.jpg?resize=500%2C333&#038;ssl=1\" alt=\"Morfologia\" class=\"wp-image-3202\" title=\"Morfologia\" srcset=\"https:\/\/i0.wp.com\/radames.manosso.nom.br\/linguagem\/files\/morfologia.jpg?w=500&amp;ssl=1 500w, https:\/\/i0.wp.com\/radames.manosso.nom.br\/linguagem\/files\/morfologia.jpg?resize=300%2C200&amp;ssl=1 300w\" sizes=\"auto, (max-width: 500px) 100vw, 500px\" \/><\/figure>\n\n\n\n<!--more-->\n\n\n\n<p>Os dicion\u00e1rios utilizam intensivamente o conceito de lexema. Por medida de economia, os dicion\u00e1rios n\u00e3o apresentam entradas para todas as palavras do idioma e se limitam a fornecer uma entrada por lexema. Mas antes de definir lexema vamos apresentar alguns exemplos:<\/p>\n\n\n\n<ul class=\"wp-block-list\"><li>As palavras&nbsp;<em>menino<\/em>,&nbsp;<em>menina<\/em>,&nbsp;<em>meninos <\/em>e&nbsp;<em>meninas<\/em> fazem parte de um mesmo lexema.<\/li><li>As palavras&nbsp;<em>cantar<\/em>,&nbsp;<em>cantei<\/em>,&nbsp;<em>cantamos<\/em>,&nbsp;<em>cantarias<\/em> e <em>cante<\/em> comp\u00f5em um lexema verbal.<\/li><li>As palavras&nbsp;<em>lindo<\/em>,&nbsp;<em>linda<\/em>,&nbsp;<em>lindos<\/em>,&nbsp;<em>lindas<\/em>,&nbsp;<em>lindinha<\/em> e <em>lind\u00edssima<\/em> integram o mesmo lexema adjetivo.<\/li><\/ul>\n\n\n\n<p>Em portugu\u00eas, lexema \u00e9 um conjunto de palavras de mesma classe morfol\u00f3gica que se distribuem de forma complementar e diferem morfologicamente entre si unicamente por sufixos flexivos. As palavras que comp\u00f5em um lexema s\u00e3o chamadas de flex\u00f5es do lexema.<\/p>\n\n\n\n<p>Atrav\u00e9s de exemplos, vamos entender melhor o que \u00e9 um lexema.<\/p>\n\n\n\n<ul class=\"wp-block-list\"><li>As palavras&nbsp;<em>cantora<\/em> e&nbsp;<em>cantar<\/em> n\u00e3o comp\u00f5em um lexema porque n\u00e3o pertencem \u00e0 mesma classe morfol\u00f3gica. A primeira \u00e9 substantivo e a segunda, verbo.<\/li><li>As palavras&nbsp;<em>cantoria<\/em>,&nbsp;<em>cantilena<\/em> e&nbsp;<em>cantata<\/em> n\u00e3o pertencem ao mesmo lexema porque embora apresentem um radical comum e perten\u00e7am \u00e0 classe dos substantivos, diferem entre si por sufixos derivativos e n\u00e3o por sufixos flexivos.<\/li><li>As palavras&nbsp;<em>cantor<\/em>,&nbsp;<em>cantora<\/em>,&nbsp;<em>cantores<\/em> e <em>cantoras<\/em> comp\u00f5em um lexema porque pertencem \u00e0 mesma classe morfol\u00f3gica, a dos substantivos, e diferem entre si unicamente por sufixos flexivos (<em>morfema zero, -a, -es, -as<\/em>). Al\u00e9m disso, se distribuem de forma complementar.<\/li><\/ul>\n\n\n\n<p>Em classes de palavra que n\u00e3o variam, como as das preposi\u00e7\u00f5es e conjun\u00e7\u00f5es, temos lexemas formados de uma \u00fanica palavra.<\/p>\n\n\n\n<h3 class=\"wp-block-heading\">Lexemas irregulares<\/h3>\n\n\n\n<p>Temos que considerar o caso especial de grupo de palavras como\u00a0<em>homem\/mulher <\/em>ou<em> boi\/vaca.<\/em> Trata-se da forma\u00e7\u00e3o heteron\u00edmica em que n\u00e3o se verifica o padr\u00e3o t\u00edpico de forma\u00e7\u00e3o que encontramos em pares como\u00a0<em>menino\/menina<\/em> ou <em>gato\/gata<\/em>. Em nossa an\u00e1lise, vamos considerar esses grupos com forma\u00e7\u00e3o heteron\u00edmica como lexemas tamb\u00e9m. <\/p>\n\n\n\n<p>Para isso, vamos ampliar a defini\u00e7\u00e3o de lexema aceitando a possibilidade de incluir no mesmo lexema palavras que diferem morfologicamente em aspectos variados mas que semanticamente se distribuem seguindo o padr\u00e3o dos lexemas regulares. Com isso, resolvemos algumas dificuldades como a de incluir no mesmo lexema todas as formas dos verbos irregulares.<\/p>\n\n\n\n<p>Da mesma forma, palavras como\u00a0<em>este<\/em>,\u00a0<em>esse<\/em> e <em>aquele<\/em> ser\u00e3o consideradas integrantes do mesmo lexema, embora os dicion\u00e1rios deem entrada a cada uma delas individualmente. Esse procedimento dos dicionaristas faz sentido por raz\u00f5es pr\u00e1ticas, j\u00e1 que pouqu\u00edssimos usu\u00e1rios perceberiam que tais palavras s\u00e3o flex\u00f5es de um mesmo lexema.<\/p>\n\n\n\n<h3 class=\"wp-block-heading\">Cita\u00e7\u00e3o de lexemas<\/h3>\n\n\n\n<p>Em portugu\u00eas, seguimos algumas conven\u00e7\u00f5es para fazer refer\u00eancia a lexemas. O procedimento b\u00e1sico consiste em usar uma flex\u00e3o espec\u00edfica do lexema para nome\u00e1-lo.<\/p>\n\n\n\n<p>Para citar lexemas verbais empregamos a flex\u00e3o infinitiva impessoal. Por exemplo:<\/p>\n\n\n\n<ul class=\"wp-block-list\"><li><em>O verbo cantar \u00e9 regular<\/em>.<\/li><li>Amar, verbo intransitivo.<\/li><\/ul>\n\n\n\n<p>Para citar lexemas substantivos e adjetivos, usamos a flex\u00e3o masculina singular. Por exemplo:<\/p>\n\n\n\n<ul class=\"wp-block-list\"><li>Garoto \u00e9 substantivo comum.<\/li><\/ul>\n\n\n\n<p>A escolha da flex\u00e3o que nomeia o lexema parece arbitr\u00e1ria em algumas situa\u00e7\u00f5es, mas n\u00e3o em outras. Em latim, por exemplo, os lexemas verbais s\u00e3o citados pela flex\u00e3o da primeira pessoa singular do presente indicativo. Um interessante estudo sociolingu\u00edstico poderia ser feito para levantar por que raz\u00f5es os substantivos costumam ser citados pela flex\u00e3o masculina singular.<\/p>\n\n\n\n<h4 class=\"wp-block-heading\">Unidades formais m\u00ednimas da Lingu\u00edstica<\/h4>\n\n\n\n<ul class=\"wp-block-list\"><li><a href=\"https:\/\/radames.manosso.nom.br\/linguagem\/gramatica\/fonetica\/fonema\/\">Fonema<\/a><\/li><li><a href=\"https:\/\/radames.manosso.nom.br\/linguagem\/gramatica\/fonetica\/silaba\/\">S\u00edlaba<\/a><\/li><li><a href=\"https:\/\/radames.manosso.nom.br\/linguagem\/gramatica\/grafologia\/grafema\/\">Grafema<\/a><\/li><li><a href=\"https:\/\/radames.manosso.nom.br\/linguagem\/gramatica\/morfologia\/morfema\/\">Morfema<\/a><\/li><li><a href=\"https:\/\/radames.manosso.nom.br\/linguagem\/gramatica\/morfologia\/palavra\/\">Palavra<\/a><\/li><li><a href=\"https:\/\/radames.manosso.nom.br\/linguagem\/gramatica\/morfologia\/lexema\/\">Lexema<\/a><\/li><li><a href=\"https:\/\/radames.manosso.nom.br\/linguagem\/gramatica\/sintaxe\/sintagmas-da-lingua-portuguesa\/\">Sintagma<\/a><\/li><\/ul>\n\n\n\n<h3 class=\"wp-block-heading\">Morfologia<\/h3>\n\n\n\n<ul class=\"wp-block-list\" id=\"block-e843ba6f-6e3e-4a00-9a86-3524b7cea45c\"><li><a href=\"https:\/\/radames.manosso.nom.br\/linguagem\/gramatica\/morfologia\/categorias-morfologicas\/\">Categorias morfol\u00f3gicas<\/a><\/li><li><a href=\"https:\/\/radames.manosso.nom.br\/linguagem\/gramatica\/morfologia\/classes-morfologicas\/\">Classes morfol\u00f3gicas<\/a><\/li><li><a href=\"https:\/\/radames.manosso.nom.br\/linguagem\/gramatica\/morfologia\/morfema\/\">Morfema<\/a><\/li><li><a href=\"https:\/\/radames.manosso.nom.br\/linguagem\/gramatica\/morfologia\/classes-de-morfemas-presos\/\">Classes de morfemas presos<\/a><\/li><li><a href=\"https:\/\/radames.manosso.nom.br\/linguagem\/gramatica\/morfologia\/palavra\/\">Palavra<\/a><\/li><li><a href=\"https:\/\/radames.manosso.nom.br\/linguagem\/gramatica\/morfologia\/lexema\/\">Lexema<\/a><\/li><li><a href=\"https:\/\/radames.manosso.nom.br\/linguagem\/gramatica\/morfologia\/locucao-contracao-e-fraseologia\/\">Locu\u00e7\u00e3o, contra\u00e7\u00e3o e fraseologia<\/a><\/li><li><a href=\"https:\/\/radames.manosso.nom.br\/linguagem\/gramatica\/morfologia\/substantivo\/\">Substantivo<\/a><\/li><li><a href=\"https:\/\/radames.manosso.nom.br\/linguagem\/gramatica\/morfologia\/flexao-do-substantivo-em-genero\/\">Flex\u00e3o do substantivo em g\u00eanero<\/a><\/li><li><a href=\"https:\/\/radames.manosso.nom.br\/linguagem\/gramatica\/morfologia\/flexao-do-substantivo-em-grau\/\">Flex\u00e3o do substantivo em grau<\/a><\/li><li><a href=\"https:\/\/radames.manosso.nom.br\/linguagem\/gramatica\/morfologia\/flexao-do-substantivo-em-numero\/\">Flex\u00e3o do substantivo em n\u00famero<\/a><\/li><li><a href=\"https:\/\/radames.manosso.nom.br\/linguagem\/gramatica\/morfologia\/adjetivos\/\">Adjetivos<\/a><\/li><li><a href=\"https:\/\/radames.manosso.nom.br\/linguagem\/gramatica\/morfologia\/adverbio\/\">Adv\u00e9rbio<\/a><\/li><li><a href=\"https:\/\/radames.manosso.nom.br\/linguagem\/gramatica\/morfologia\/propriedades-de-adverbios\/\">Propriedades de adv\u00e9rbios<\/a><\/li><li><a href=\"https:\/\/radames.manosso.nom.br\/linguagem\/gramatica\/morfologia\/artigo\/\">Artigo<\/a><\/li><li><a href=\"https:\/\/radames.manosso.nom.br\/linguagem\/gramatica\/morfologia\/demonstrativos\/\">Demonstrativos<\/a><\/li><li><a href=\"https:\/\/radames.manosso.nom.br\/linguagem\/gramatica\/morfologia\/locativos\/\">Locativos<\/a><\/li><li><a href=\"https:\/\/radames.manosso.nom.br\/linguagem\/gramatica\/morfologia\/possessivos\/\">Possessivos<\/a><\/li><li><a href=\"https:\/\/radames.manosso.nom.br\/linguagem\/gramatica\/morfologia\/pronomes\/\">Pronomes<\/a><\/li><li><a href=\"https:\/\/radames.manosso.nom.br\/linguagem\/gramatica\/morfologia\/preposicao\/\">Preposi\u00e7\u00e3o<\/a><\/li><li><a href=\"https:\/\/radames.manosso.nom.br\/linguagem\/gramatica\/morfologia\/analise-semantica-da-preposicao\/\">An\u00e1lise sem\u00e2ntica da preposi\u00e7\u00e3o<\/a><\/li><li><a href=\"https:\/\/radames.manosso.nom.br\/linguagem\/gramatica\/morfologia\/contracoes-prepositivas\/\">Contra\u00e7\u00f5es prepositivas<\/a><\/li><li><a href=\"https:\/\/radames.manosso.nom.br\/linguagem\/gramatica\/morfologia\/fraseologias-prepositivas\/\">Fraseologias prepositivas<\/a><\/li><li><a href=\"https:\/\/radames.manosso.nom.br\/linguagem\/gramatica\/morfologia\/derivacao-de-classe-morfologica\/\">Deriva\u00e7\u00e3o de classe morfol\u00f3gica<\/a><\/li><\/ul>\n","protected":false},"excerpt":{"rendered":"<p>A consci\u00eancia difusa dos lexemas existe nos falantes, mesmo naqueles n\u00e3o iniciados nos estudos gramaticais. Percebemos isso em v\u00e1rias situa\u00e7\u00f5es como quando o falante encontra em um texto uma palavra desconhecida, digamos: defenestrou. Ao consultar o dicion\u00e1rio, o falante, intuitivamente, vai procurar pelo verbete\u00a0defenestrar. Ele quer saber o significado de uma palavra, mas procura por &hellip; <a href=\"https:\/\/radames.manosso.nom.br\/linguagem\/gramatica\/morfologia\/lexema\/\" class=\"more-link\">Continue lendo <span class=\"screen-reader-text\">Lexema<\/span> <span class=\"meta-nav\">&rarr;<\/span><\/a><\/p>\n","protected":false},"author":1,"featured_media":0,"comment_status":"open","ping_status":"closed","sticky":false,"template":"","format":"standard","meta":{"jetpack_post_was_ever_published":false,"_jetpack_newsletter_access":"","_jetpack_dont_email_post_to_subs":true,"_jetpack_newsletter_tier_id":0,"_jetpack_memberships_contains_paywalled_content":false,"_jetpack_memberships_contains_paid_content":false,"footnotes":"","jetpack_publicize_message":"","jetpack_publicize_feature_enabled":true,"jetpack_social_post_already_shared":false,"jetpack_social_options":{"image_generator_settings":{"template":"highway","default_image_id":0,"font":"","enabled":false},"version":2}},"categories":[229],"tags":[250,232,230,231],"class_list":["post-388","post","type-post","status-publish","format-standard","hentry","category-morfologia","tag-lexema","tag-morfema","tag-morfologia-2","tag-palavra"],"jetpack_publicize_connections":[],"jetpack_featured_media_url":"","jetpack_sharing_enabled":true,"jetpack_shortlink":"https:\/\/wp.me\/s74YWN-lexema","jetpack-related-posts":[{"id":371,"url":"https:\/\/radames.manosso.nom.br\/linguagem\/gramatica\/morfologia\/palavra\/","url_meta":{"origin":388,"position":0},"title":"Palavra &#8211; conceito lingu\u00edstico","author":"Radam\u00e9s","date":false,"format":false,"excerpt":"A conceitua\u00e7\u00e3o de palavra atormenta os linguistas, o que pode parecer estranho, afinal, os falantes t\u00eam uma intui\u00e7\u00e3o clara do que sejam palavras e conseguem identific\u00e1-las facilmente nas situa\u00e7\u00f5es em que se exige a segmenta\u00e7\u00e3o do discurso palavra a palavra, como ocorre, por exemplo, no discurso escrito. Mas quando nos\u2026","rel":"","context":"Em &quot;Morfologia&quot;","block_context":{"text":"Morfologia","link":"https:\/\/radames.manosso.nom.br\/linguagem\/category\/gramatica\/morfologia\/"},"img":{"alt_text":"","src":"https:\/\/i0.wp.com\/radames.manosso.nom.br\/linguagem\/files\/morfologia.jpg?resize=350%2C200&ssl=1","width":350,"height":200},"classes":[]},{"id":382,"url":"https:\/\/radames.manosso.nom.br\/linguagem\/gramatica\/morfologia\/classes-morfologicas\/","url_meta":{"origin":388,"position":1},"title":"Classes morfol\u00f3gicas","author":"Radam\u00e9s","date":false,"format":false,"excerpt":"Classificar morfemas e palavras \u00e9 uma tarefa complexa que talvez nunca chegue a um resultado satisfat\u00f3rio. Para come\u00e7ar, \u00e9 preciso entender que as classifica\u00e7\u00f5es n\u00e3o s\u00e3o boas em si, mas quando adequadas a um determinado fim. Uma boa classifica\u00e7\u00e3o para uma finalidade n\u00e3o invalida outra, igualmente boa, que atende outra\u2026","rel":"","context":"Em &quot;Morfologia&quot;","block_context":{"text":"Morfologia","link":"https:\/\/radames.manosso.nom.br\/linguagem\/category\/gramatica\/morfologia\/"},"img":{"alt_text":"","src":"https:\/\/i0.wp.com\/radames.manosso.nom.br\/linguagem\/files\/morfologia.jpg?resize=350%2C200&ssl=1","width":350,"height":200},"classes":[]},{"id":3678,"url":"https:\/\/radames.manosso.nom.br\/linguagem\/gramatica\/morfologia\/artigo\/","url_meta":{"origin":388,"position":2},"title":"Artigo &#8211; classe morfol\u00f3gica","author":"Radam\u00e9s","date":false,"format":false,"excerpt":"A classe dos artigos \u00e9 fechada e formada, a rigor, por um \u00fanico lexema que varia em g\u00eanero, n\u00famero e defini\u00e7\u00e3o. Defini\u00e7\u00e3oN\u00fameroMasculino Feminino Definido Singular o a DefinidoPlural os as Indefinido Singular um uma IndefinidoPlural uns umas Os artigos t\u00eam um dos comportamentos mais peculiares da l\u00edngua portuguesa. Primeiramente, s\u00e3o\u2026","rel":"","context":"Em &quot;Morfologia&quot;","block_context":{"text":"Morfologia","link":"https:\/\/radames.manosso.nom.br\/linguagem\/category\/gramatica\/morfologia\/"},"img":{"alt_text":"","src":"https:\/\/i0.wp.com\/radames.manosso.nom.br\/linguagem\/files\/substantivo.jpg?resize=350%2C200&ssl=1","width":350,"height":200},"classes":[]},{"id":375,"url":"https:\/\/radames.manosso.nom.br\/linguagem\/gramatica\/morfologia\/morfema\/","url_meta":{"origin":388,"position":3},"title":"Morfema","author":"Radam\u00e9s","date":false,"format":false,"excerpt":"Quando fazemos a segmenta\u00e7\u00e3o dos enunciados, podemos chegar a um ponto em que n\u00e3o \u00e9 mais poss\u00edvel desmembrar o segmento sem que se perca sua fun\u00e7\u00e3o sem\u00e2ntica. Embora n\u00e3o seja simples definir exatamente o que \u00e9 fun\u00e7\u00e3o sem\u00e2ntica, vamos por hora considerar que o segmento exerce essa fun\u00e7\u00e3o quando porta\u2026","rel":"","context":"Em &quot;Morfologia&quot;","block_context":{"text":"Morfologia","link":"https:\/\/radames.manosso.nom.br\/linguagem\/category\/gramatica\/morfologia\/"},"img":{"alt_text":"","src":"https:\/\/i0.wp.com\/radames.manosso.nom.br\/linguagem\/files\/morfologia.jpg?resize=350%2C200&ssl=1","width":350,"height":200},"classes":[]},{"id":392,"url":"https:\/\/radames.manosso.nom.br\/linguagem\/gramatica\/morfologia\/locucao-contracao-e-fraseologia\/","url_meta":{"origin":388,"position":4},"title":"Locu\u00e7\u00e3o, contra\u00e7\u00e3o e fraseologia","author":"Radam\u00e9s","date":false,"format":false,"excerpt":"Observe a s\u00e9rie: RiograndeBelohorizonteMatogrosso Vamos usar os itens da s\u00e9rie em dois contextos diferentes: Exploramos uma regi\u00e3o selvagem, de mato grosso, cortada por um rio grande e de onde se avista um belo horizonte.Ele \u00e9 natural de Rio Grande mas j\u00e1 morou em Belo Horizonte e est\u00e1 se mudando para\u2026","rel":"","context":"Em &quot;Morfologia&quot;","block_context":{"text":"Morfologia","link":"https:\/\/radames.manosso.nom.br\/linguagem\/category\/gramatica\/morfologia\/"},"img":{"alt_text":"","src":"https:\/\/i0.wp.com\/radames.manosso.nom.br\/linguagem\/files\/morfologia.jpg?resize=350%2C200&ssl=1","width":350,"height":200},"classes":[]},{"id":3674,"url":"https:\/\/radames.manosso.nom.br\/linguagem\/gramatica\/morfologia\/possessivos\/","url_meta":{"origin":388,"position":5},"title":"Possessivos &#8211; classe morfol\u00f3gica","author":"Radam\u00e9s","date":false,"format":false,"excerpt":"A classe dos possessivos \u00e9 lim\u00edtrofe. Poderia ser considerada como um caso especial da classe dos adjetivos, mas tem caracter\u00edsticas especiais como o fato de ser uma classe fechada e de ser flexionada em n\u00famero, g\u00eanero, pessoa singular e pessoa plural. Em fun\u00e7\u00e3o dessas caracter\u00edsticas, incomuns aos adjetivos, \u00e9 que\u2026","rel":"","context":"Em &quot;Morfologia&quot;","block_context":{"text":"Morfologia","link":"https:\/\/radames.manosso.nom.br\/linguagem\/category\/gramatica\/morfologia\/"},"img":{"alt_text":"","src":"https:\/\/i0.wp.com\/radames.manosso.nom.br\/linguagem\/files\/substantivo.jpg?resize=350%2C200&ssl=1","width":350,"height":200},"classes":[]}],"_links":{"self":[{"href":"https:\/\/radames.manosso.nom.br\/linguagem\/wp-json\/wp\/v2\/posts\/388","targetHints":{"allow":["GET"]}}],"collection":[{"href":"https:\/\/radames.manosso.nom.br\/linguagem\/wp-json\/wp\/v2\/posts"}],"about":[{"href":"https:\/\/radames.manosso.nom.br\/linguagem\/wp-json\/wp\/v2\/types\/post"}],"author":[{"embeddable":true,"href":"https:\/\/radames.manosso.nom.br\/linguagem\/wp-json\/wp\/v2\/users\/1"}],"replies":[{"embeddable":true,"href":"https:\/\/radames.manosso.nom.br\/linguagem\/wp-json\/wp\/v2\/comments?post=388"}],"version-history":[{"count":7,"href":"https:\/\/radames.manosso.nom.br\/linguagem\/wp-json\/wp\/v2\/posts\/388\/revisions"}],"predecessor-version":[{"id":4218,"href":"https:\/\/radames.manosso.nom.br\/linguagem\/wp-json\/wp\/v2\/posts\/388\/revisions\/4218"}],"wp:attachment":[{"href":"https:\/\/radames.manosso.nom.br\/linguagem\/wp-json\/wp\/v2\/media?parent=388"}],"wp:term":[{"taxonomy":"category","embeddable":true,"href":"https:\/\/radames.manosso.nom.br\/linguagem\/wp-json\/wp\/v2\/categories?post=388"},{"taxonomy":"post_tag","embeddable":true,"href":"https:\/\/radames.manosso.nom.br\/linguagem\/wp-json\/wp\/v2\/tags?post=388"}],"curies":[{"name":"wp","href":"https:\/\/api.w.org\/{rel}","templated":true}]}}