{"id":401,"date":"2013-10-13T22:25:49","date_gmt":"2013-10-14T01:25:49","guid":{"rendered":"http:\/\/radames.manosso.nom.br\/linguagem\/?p=401"},"modified":"2020-12-07T16:39:22","modified_gmt":"2020-12-07T19:39:22","slug":"demonstrativos","status":"publish","type":"post","link":"https:\/\/radames.manosso.nom.br\/linguagem\/gramatica\/morfologia\/demonstrativos\/","title":{"rendered":"Demonstrativos"},"content":{"rendered":"\n<p>A classe dos demonstrativos \u00e9 lim\u00edtrofe, pois apresenta caracter\u00edsticas de adjetivos e de pronomes. Constitui-se de um \u00fanico lexema com 15 flex\u00f5es.<\/p>\n\n\n\n<figure class=\"wp-block-image\"><img data-recalc-dims=\"1\" loading=\"lazy\" decoding=\"async\" width=\"500\" height=\"333\" src=\"https:\/\/i0.wp.com\/radames.manosso.nom.br\/linguagem\/files\/morfologia.jpg?resize=500%2C333&#038;ssl=1\" alt=\"Morfologia\" class=\"wp-image-3202\" srcset=\"https:\/\/i0.wp.com\/radames.manosso.nom.br\/linguagem\/files\/morfologia.jpg?w=500&amp;ssl=1 500w, https:\/\/i0.wp.com\/radames.manosso.nom.br\/linguagem\/files\/morfologia.jpg?resize=300%2C200&amp;ssl=1 300w\" sizes=\"auto, (max-width: 500px) 100vw, 500px\" \/><\/figure>\n\n\n\n<!--more-->\n\n\n\n<p>Os demonstrativos apresentam uma rica matriz de flex\u00f5es. Observando a tabela podemos notar algumas regularidades como:<\/p>\n\n\n\n<ul class=\"wp-block-list\"><li>Apresentam forma masculina, feminina e indeterminada em g\u00eanero.<\/li><li>Apresentam forma singular, plural e indeterminada em n\u00famero.<\/li><li>Apresentam formas para usos ligados \u00e0s id\u00e9ias de primeira, segunda ou terceira pessoas do discurso.<\/li><\/ul>\n\n\n\n<figure class=\"wp-block-table is-style-stripes\"><table><tbody><tr><td><strong>Pessoa   <\/strong><\/td><td><strong>   Singular M   <\/strong><\/td><td><strong>   Plural M   <\/strong><\/td><td><strong>   Singular F   <\/strong><\/td><td><strong>   Plural F   <\/strong><\/td><td>   <strong>Indeterminados   <\/strong><\/td><\/tr><tr><td>\n  1\u00aa\n  <\/td><td>\n  Este\n  <\/td><td>\n  Estes\n  <\/td><td>\n  Esta\n  <\/td><td>\n  Estas\n  <\/td><td>\n  Isto\n  <\/td><\/tr><tr><td>\n  2\u00aa\n  <\/td><td>\n  Esse\n  <\/td><td>\n  Esses\n  <\/td><td>\n  Essa\n  <\/td><td>\n  Essas\n  <\/td><td>\n  Isso\n  <\/td><\/tr><tr><td>\n  3\u00aa\n  <\/td><td>\n  Aquele\n  <\/td><td>\n  Aqueles\n  <\/td><td>\n  Aquela\n  <\/td><td>\n  Aquelas\n  <\/td><td>\n  Aquilo\n  <\/td><\/tr><\/tbody><\/table><\/figure>\n\n\n\n<h3 class=\"wp-block-heading\">Fun\u00e7\u00f5es dos demonstrativos<\/h3>\n\n\n\n<p>Os demonstrativos possuem caracter\u00edsticas que os aproximam tanto da classe dos pronomes, como da dos adjetivos. Para come\u00e7ar, os demonstrativos portam ideia de pessoa, embora isso se d\u00ea no plano sem\u00e2ntico e n\u00e3o no sint\u00e1tico como \u00e9 t\u00edpico dos pronomes. Por outro lado, os demonstrativos s\u00e3o uma classe fechada o que \u00e9 t\u00edpico dos pronomes e at\u00edpico para adjetivos. <\/p>\n\n\n\n<p>Outra caracter\u00edstica interessante \u00e9 que os demonstrativos apresentam formas determinadas e formas indeterminadas em g\u00eanero e n\u00famero. Finalizando, os demonstrativos s\u00e3o empregados tamb\u00e9m para expressar rela\u00e7\u00f5es espaciais de proximidade e afastamento e rela\u00e7\u00f5es temporais. Quando usados nessas fun\u00e7\u00f5es, perdem a ideia de pessoa associada que lhes \u00e9 t\u00edpica em outros usos.<\/p>\n\n\n\n<p>Os demonstrativos determinados em g\u00eanero e n\u00famero s\u00e3o usados como adjetivos. Veja exemplos:<\/p>\n\n\n\n<ul class=\"wp-block-list\"><li><strong>Aquela<\/strong><em> <strong>cidade<\/strong> me encanta.<\/em><\/li><li><strong>Essas<\/strong><em> <strong>meninas<\/strong> s\u00e3o traquinas mesmo.<\/em><\/li><li><strong>Este<\/strong><em> <strong>livro<\/strong> \u00e9 meu.<\/em><\/li><\/ul>\n\n\n\n<p>Em alguns casos, os demonstrativos determinados em g\u00eanero e n\u00famero s\u00e3o empregados em fun\u00e7\u00e3o substantiva, mas isso ocorre em condi\u00e7\u00f5es similares \u00e0s que se d\u00e3o para os adjetivos. Observe os exemplos:<\/p>\n\n\n\n<ul class=\"wp-block-list\"><li><strong>Este <\/strong><em>\u00e9 o meu livro.<\/em><\/li><li><strong>Essas<\/strong><em> s\u00e3o as meninas traquinas.<\/em><\/li><li><strong>Aquela<\/strong><em> que visitamos por \u00faltimo, foi a cidade que mais me encantou.<\/em><\/li><\/ul>\n\n\n\n<p>J\u00e1 os demonstrativos indeterminados em g\u00eanero e n\u00famero (<em>isto, isso <\/em>e<em> aquilo<\/em>), s\u00e3o usados s\u00f3 com fun\u00e7\u00e3o substantiva e se comportam como pronomes. Eis alguns exemplos:<\/p>\n\n\n\n<ul class=\"wp-block-list\"><li><strong>Isto<\/strong><em> \u00e9 uma vergonha.<\/em><\/li><li><strong>Aquilo<\/strong><em> ultrapassou os limites.<\/em><\/li><li><em>Ele se importa com&nbsp;<strong>isso<\/strong>.<\/em><\/li><\/ul>\n\n\n\n<p>N\u00e3o \u00e9 poss\u00edvel usar<em> isto, isso <\/em>e<em> aquilo <\/em>em fun\u00e7\u00e3o adjetiva. Observe:<\/p>\n\n\n\n<ul class=\"wp-block-list\"><li><em>*&nbsp;<strong>Isso<\/strong> livro \u00e9 muito bom.<\/em><\/li><li><em>* Gosto de comprar&nbsp;<strong>nisto<\/strong> loja.<\/em><\/li><li><em>* Mas que marca \u00e9&nbsp;<strong>aquilo<\/strong> carro?<\/em><\/li><\/ul>\n\n\n\n<h3 class=\"wp-block-heading\">Indica\u00e7\u00e3o de posi\u00e7\u00f5es relativas<\/h3>\n\n\n\n<p>A caracter\u00edstica mais marcante dos demonstrativos s\u00e3o as flex\u00f5es ligadas \u00e0 categoria de pessoa. Em princ\u00edpio, os demonstrativos indicam posi\u00e7\u00f5es relativas \u00e0s pessoas do discurso. Veja os exemplos:<\/p>\n\n\n\n<ul class=\"wp-block-list\"><li><strong>Este<\/strong> livro que est\u00e1 em minhas m\u00e3os.<\/li><li><strong>Esse<\/strong> livro que est\u00e1 contigo.<\/li><li><strong>Aquele<\/strong> livro que ele trouxe na mala.<\/li><\/ul>\n\n\n\n<p>Nos exemplos, os demonstrativos est\u00e3o determinando o substantivo&nbsp;<em>livro<\/em>. No primeiro caso, o livro est\u00e1 pr\u00f3ximo \u00e0 quem fala (primeira pessoa do discurso). No segundo enunciado, o livro est\u00e1 pr\u00f3ximo do ouvinte (segunda pessoa) e no terceiro exemplo, est\u00e1 pr\u00f3ximo de quem se fala (terceira pessoa).<\/p>\n\n\n\n<p>Os demonstrativos n\u00e3o indicam posse. S\u00e3o v\u00e1lidas frases como:<\/p>\n\n\n\n<ul class=\"wp-block-list\"><li><strong>Este<\/strong> livro \u00e9 dele.<\/li><li><strong>Esse<\/strong> livro \u00e9 meu.<\/li><li><strong>Aquele<\/strong> livro \u00e9 teu.<\/li><\/ul>\n\n\n\n<p>Por extens\u00e3o, os demonstrativos tamb\u00e9m s\u00e3o empregados para indicar posi\u00e7\u00f5es relativas em situa\u00e7\u00f5es as mais variadas.&nbsp; O trin\u00f4mio das pessoas do discurso, por analogia, \u00e9 empregado para indicar rela\u00e7\u00f5es como proximidade ou afastamento, presente ou n\u00e3o presente, etc. Vamos exemplificar:<\/p>\n\n\n\n<ul class=\"wp-block-list\"><li>J\u00e2nio Quadros e Jo\u00e3o Figueiredo foram presidentes do Brasil. <strong>Este<\/strong> era militar e\u00a0<strong>aquele<\/strong> era civil.<\/li><\/ul>\n\n\n\n<p>No exemplo, temos a seguinte regra: a flex\u00e3o de primeira pessoa indica o que foi citado por \u00faltimo e a de terceira pessoa indica o que foi citado primeiramente. A analogia que se estabelece \u00e9 do tipo:<\/p>\n\n\n\n<blockquote class=\"wp-block-quote is-layout-flow wp-block-quote-is-layout-flow\"><p>primeira pessoa = enunciado pr\u00f3ximo<\/p><p>terceira pessoa = enunciado afastado<\/p><\/blockquote>\n\n\n\n<p>O uso mais rico dos demonstrativos, conforme estabelecido na variante culta, geralmente depende de aprendizado formal. Na fala coloquial o uso dos demonstrativos \u00e9 mais distenso. As regras quanto \u00e0s flex\u00f5es de pessoa s\u00e3o transgredidas na fala coloquial com muita frequ\u00eancia. Isso ocorre, em parte, porque as regras para uso de demonstrativos s\u00e3o sutis\u00a0 e exigem aten\u00e7\u00e3o no emprego.<\/p>\n\n\n\n<p>Temos que considerar tamb\u00e9m que em alguns casos, essas regras de uso podem dar margem \u00e0 ambig\u00fcidade como no exemplo:<\/p>\n\n\n\n<ul class=\"wp-block-list\"><li><strong>Este<\/strong> livro que estamos segurando.<\/li><li><strong>Esse<\/strong> livro que estamos segurando.<\/li><\/ul>\n\n\n\n<p>Se falante e ouvinte est\u00e3o tocando o livro juntos, as duas frases s\u00e3o adequadas ao contexto.<\/p>\n\n\n\n<h3 class=\"wp-block-heading\">Comportamento sint\u00e1tico<\/h3>\n\n\n\n<p>N\u00e3o se pode determinar um item simultaneamente com demonstrativo e artigo. N\u00e3o s\u00e3o aceitas frases como:<\/p>\n\n\n\n<ul class=\"wp-block-list\"><li>*&nbsp;<strong>Os<\/strong> <strong>esses<\/strong> livros s\u00e3o meus.<\/li><li>*&nbsp;<strong>Uns aqueles<\/strong> turistas voltar\u00e3o.<\/li><\/ul>\n\n\n\n<p>Os demonstrativos n\u00e3o podem ser determinados por artigo ou adjetivo.<\/p>\n\n\n\n<ul class=\"wp-block-list\"><li><em>*&nbsp;<strong>O&nbsp; isso<\/strong> \u00e9 uma vergonha.<\/em><\/li><li>* Os livros que comprei s\u00e3o&nbsp;<strong>os estes<\/strong>.<\/li><li>*&nbsp;<strong>Belo aquilo<\/strong> voc\u00ea vez.<\/li><\/ul>\n\n\n\n<p>Os demonstrativos podem ser determinados por alguns adv\u00e9rbios.<\/p>\n\n\n\n<ul class=\"wp-block-list\"><li>Era&nbsp;<strong>bem isso<\/strong> que eu queria.<\/li><li>N\u00e3o cont\u00e1vamos com&nbsp;<strong>tudo aquilo<\/strong>.<\/li><li><strong>Nem esses<\/strong> s\u00e3o confi\u00e1veis.<\/li><li><strong>Todas aquelas<\/strong> pessoas.<\/li><\/ul>\n\n\n\n<p>O demonstrativo precede imediatamente o determinado e seus outros determinantes. Exemplos:<\/p>\n\n\n\n<ul class=\"wp-block-list\"><li><strong>Este<\/strong> <strong>belo e bem ilustrado <\/strong>livro.<\/li><li><strong>Aqueles<\/strong> <strong>formid\u00e1veis<\/strong> tempos&nbsp;<strong>idos<\/strong>.<\/li><\/ul>\n\n\n\n<p>Os demonstrativos determinados em g\u00eanero e n\u00famero, quando em fun\u00e7\u00e3o adjetiva, concordam com o determinado em g\u00eanero e n\u00famero.<\/p>\n\n\n\n<ul class=\"wp-block-list\"><li><strong>Estas<\/strong> palavras.<\/li><li><strong>Esse<\/strong> livro.<\/li><li><strong>Aquelas<\/strong> conclus\u00f5es.<\/li><\/ul>\n\n\n\n<p>Os demonstrativos vari\u00e1veis em g\u00eanero e n\u00famero, quando em fun\u00e7\u00e3o substantiva, concordam em g\u00eanero e n\u00famero com a ideia portada.<\/p>\n\n\n\n<ul class=\"wp-block-list\"><li><strong>Essas<\/strong> n\u00e3o apresentaram problema.&nbsp;(pe\u00e7as)<\/li><li><strong>Aquele<\/strong> est\u00e1 com defeito.&nbsp;(aparelho)<\/li><\/ul>\n\n\n\n<p>Nas frases em que&nbsp;<em>isto<\/em>,&nbsp;<em>isso<\/em> e&nbsp;<em>aquilo<\/em> est\u00e3o em fun\u00e7\u00e3o sint\u00e1tica que define a concord\u00e2ncia, esta \u00e9 feita com a id\u00e9ia portada pelo demonstrativo. Exemplos:<\/p>\n\n\n\n<ul class=\"wp-block-list\"><li><strong>Isto<\/strong> \u00e9 o resultado obtido.<\/li><li><strong>Aquilo<\/strong> foram apenas as primeiras conseq\u00fc\u00eancias.<\/li><\/ul>\n\n\n\n<p>Repare que nos exemplos o verbo concorda em n\u00famero com a id\u00e9ia portada pelo demonstrativo. Vale registrar que \u00e9 raro o emprego de&nbsp;<em>isto<\/em>,&nbsp;<em>isso<\/em> e&nbsp;<em>aquilo<\/em>para representar no\u00e7\u00f5es que pedem plural.<\/p>\n\n\n\n<h3 class=\"wp-block-heading\">Contra\u00e7\u00f5es dos demonstrativos<\/h3>\n\n\n\n<p>Os demonstrativos formam contra\u00e7\u00f5es com as preposi\u00e7\u00f5es&nbsp;<em>de<\/em>,&nbsp;<em>em<\/em> e&nbsp;<em>a<\/em> conforme a tabela:<\/p>\n\n\n\n<figure class=\"wp-block-table aligncenter is-style-stripes\"><table><tbody><tr><td>Deste <br><span style=\"font-size: 16px;\">Neste<\/span><\/td><td>Destes<br><span style=\"font-size: 16px;\">Nestes<\/span><span style=\"font-family: inherit; font-size: inherit;\"> <\/span><\/td><td>Desta <br><span style=\"font-size: 16px;\">Nesta<\/span><\/td><td>Destas <br><span style=\"font-size: 16px;\">Nestas<\/span><\/td><td>Isto<br><span style=\"font-size: 16px;\">Nisto<\/span><\/td><\/tr><tr><td>Desse<br><span style=\"font-size: 16px;\">Nesse<\/span><\/td><td>Desses<br><span style=\"font-size: 16px;\">Nesses<\/span><\/td><td>Dessa <br>N<span style=\"font-size: 16px;\">essa<\/span><\/td><td>Dessas<br><span style=\"font-size: 16px;\">Nessas<\/span><\/td><td>Disso<br><span style=\"font-size: 16px;\">Nisso<\/span><\/td><\/tr><tr><td>Daquele<br><span style=\"font-size: 16px;\">Naquele<\/span><br><span style=\"font-size: 16px;\">\u00c0quele<\/span><\/td><td>Daqueles<br><span style=\"font-size: 16px;\">Naqueles<\/span><br><span style=\"font-size: 16px;\">\u00c0queles<\/span><\/td><td>Daquela<br><span style=\"font-size: 16px;\">Naquela<\/span><br><span style=\"font-size: 16px;\">\u00c0quela<\/span><\/td><td>Daquelas<br><span style=\"font-size: 16px;\">Naquelas<\/span><br><span style=\"font-size: 16px;\">\u00c0quelas<\/span><\/td><td>Daquilo<br><span style=\"font-size: 16px;\">Naquilo<\/span><br><span style=\"font-size: 16px;\">\u00c0quilo<\/span><\/td><\/tr><\/tbody><\/table><\/figure>\n\n\n\n<h3 class=\"wp-block-heading\">Morfologia<\/h3>\n\n\n\n<ul class=\"wp-block-list\" id=\"block-e843ba6f-6e3e-4a00-9a86-3524b7cea45c\"><li><a href=\"https:\/\/radames.manosso.nom.br\/linguagem\/gramatica\/morfologia\/categorias-morfologicas\/\">Categorias morfol\u00f3gicas<\/a><\/li><li><a href=\"https:\/\/radames.manosso.nom.br\/linguagem\/gramatica\/morfologia\/classes-morfologicas\/\">Classes morfol\u00f3gicas<\/a><\/li><li><a href=\"https:\/\/radames.manosso.nom.br\/linguagem\/gramatica\/morfologia\/morfema\/\">Morfema<\/a><\/li><li><a href=\"https:\/\/radames.manosso.nom.br\/linguagem\/gramatica\/morfologia\/classes-de-morfemas-presos\/\">Classes de morfemas presos<\/a><\/li><li><a href=\"https:\/\/radames.manosso.nom.br\/linguagem\/gramatica\/morfologia\/palavra\/\">Palavra<\/a><\/li><li><a href=\"https:\/\/radames.manosso.nom.br\/linguagem\/gramatica\/morfologia\/lexema\/\">Lexema<\/a><\/li><li><a href=\"https:\/\/radames.manosso.nom.br\/linguagem\/gramatica\/morfologia\/locucao-contracao-e-fraseologia\/\">Locu\u00e7\u00e3o, contra\u00e7\u00e3o e fraseologia<\/a><\/li><li><a href=\"https:\/\/radames.manosso.nom.br\/linguagem\/gramatica\/morfologia\/substantivo\/\">Substantivo<\/a><\/li><li><a href=\"https:\/\/radames.manosso.nom.br\/linguagem\/gramatica\/morfologia\/flexao-do-substantivo-em-genero\/\">Flex\u00e3o do substantivo em g\u00eanero<\/a><\/li><li><a href=\"https:\/\/radames.manosso.nom.br\/linguagem\/gramatica\/morfologia\/flexao-do-substantivo-em-grau\/\">Flex\u00e3o do substantivo em grau<\/a><\/li><li><a href=\"https:\/\/radames.manosso.nom.br\/linguagem\/gramatica\/morfologia\/flexao-do-substantivo-em-numero\/\">Flex\u00e3o do substantivo em n\u00famero<\/a><\/li><li><a href=\"https:\/\/radames.manosso.nom.br\/linguagem\/gramatica\/morfologia\/adjetivos\/\">Adjetivos<\/a><\/li><li><a href=\"https:\/\/radames.manosso.nom.br\/linguagem\/gramatica\/morfologia\/adverbio\/\">Adv\u00e9rbio<\/a><\/li><li><a href=\"https:\/\/radames.manosso.nom.br\/linguagem\/gramatica\/morfologia\/propriedades-de-adverbios\/\">Propriedades de adv\u00e9rbios<\/a><\/li><li><a href=\"https:\/\/radames.manosso.nom.br\/linguagem\/gramatica\/morfologia\/artigo\/\">Artigo<\/a><\/li><li><a href=\"https:\/\/radames.manosso.nom.br\/linguagem\/gramatica\/morfologia\/demonstrativos\/\">Demonstrativos<\/a><\/li><li><a href=\"https:\/\/radames.manosso.nom.br\/linguagem\/gramatica\/morfologia\/locativos\/\">Locativos<\/a><\/li><li><a href=\"https:\/\/radames.manosso.nom.br\/linguagem\/gramatica\/morfologia\/possessivos\/\">Possessivos<\/a><\/li><li><a href=\"https:\/\/radames.manosso.nom.br\/linguagem\/gramatica\/morfologia\/pronomes\/\">Pronomes<\/a><\/li><li><a href=\"https:\/\/radames.manosso.nom.br\/linguagem\/gramatica\/morfologia\/preposicao\/\">Preposi\u00e7\u00e3o<\/a><\/li><li><a href=\"https:\/\/radames.manosso.nom.br\/linguagem\/gramatica\/morfologia\/analise-semantica-da-preposicao\/\">An\u00e1lise sem\u00e2ntica da preposi\u00e7\u00e3o<\/a><\/li><li><a href=\"https:\/\/radames.manosso.nom.br\/linguagem\/gramatica\/morfologia\/contracoes-prepositivas\/\">Contra\u00e7\u00f5es prepositivas<\/a><\/li><li><a href=\"https:\/\/radames.manosso.nom.br\/linguagem\/gramatica\/morfologia\/fraseologias-prepositivas\/\">Fraseologias prepositivas<\/a><\/li><li><a href=\"https:\/\/radames.manosso.nom.br\/linguagem\/gramatica\/morfologia\/derivacao-de-classe-morfologica\/\">Deriva\u00e7\u00e3o de classe morfol\u00f3gica<\/a><\/li><\/ul>\n","protected":false},"excerpt":{"rendered":"<p>A classe dos demonstrativos \u00e9 lim\u00edtrofe, pois apresenta caracter\u00edsticas de adjetivos e de pronomes. Constitui-se de um \u00fanico lexema com 15 flex\u00f5es.<\/p>\n","protected":false},"author":1,"featured_media":0,"comment_status":"open","ping_status":"closed","sticky":false,"template":"","format":"standard","meta":{"jetpack_post_was_ever_published":false,"_jetpack_newsletter_access":"","_jetpack_dont_email_post_to_subs":false,"_jetpack_newsletter_tier_id":0,"_jetpack_memberships_contains_paywalled_content":false,"_jetpack_memberships_contains_paid_content":false,"footnotes":"","jetpack_publicize_message":"","jetpack_publicize_feature_enabled":true,"jetpack_social_post_already_shared":false,"jetpack_social_options":{"image_generator_settings":{"template":"highway","default_image_id":0,"font":"","enabled":false},"version":2}},"categories":[229],"tags":[240,254,230],"class_list":["post-401","post","type-post","status-publish","format-standard","hentry","category-morfologia","tag-classe","tag-demonstrativo","tag-morfologia-2"],"jetpack_publicize_connections":[],"jetpack_featured_media_url":"","jetpack_sharing_enabled":true,"jetpack_shortlink":"https:\/\/wp.me\/p74YWN-6t","jetpack-related-posts":[{"id":382,"url":"https:\/\/radames.manosso.nom.br\/linguagem\/gramatica\/morfologia\/classes-morfologicas\/","url_meta":{"origin":401,"position":0},"title":"Classes morfol\u00f3gicas","author":"Radam\u00e9s","date":false,"format":false,"excerpt":"Classificar morfemas e palavras \u00e9 uma tarefa complexa que talvez nunca chegue a um resultado satisfat\u00f3rio. Para come\u00e7ar, \u00e9 preciso entender que as classifica\u00e7\u00f5es n\u00e3o s\u00e3o boas em si, mas quando adequadas a um determinado fim. Uma boa classifica\u00e7\u00e3o para uma finalidade n\u00e3o invalida outra, igualmente boa, que atende outra\u2026","rel":"","context":"Em &quot;Morfologia&quot;","block_context":{"text":"Morfologia","link":"https:\/\/radames.manosso.nom.br\/linguagem\/category\/gramatica\/morfologia\/"},"img":{"alt_text":"","src":"https:\/\/i0.wp.com\/radames.manosso.nom.br\/linguagem\/files\/morfologia.jpg?resize=350%2C200&ssl=1","width":350,"height":200},"classes":[]},{"id":420,"url":"https:\/\/radames.manosso.nom.br\/linguagem\/gramatica\/morfologia\/substantivo\/","url_meta":{"origin":401,"position":1},"title":"Substantivo","author":"Radam\u00e9s","date":false,"format":false,"excerpt":"Os substantivos s\u00e3o flexionados em grau, g\u00eanero e n\u00famero. Assim, um lexema substantivo pode apresentar at\u00e9 12 flex\u00f5es como no exemplo: Flex\u00e3oRadicalGrauG\u00eaneroN\u00fameroMeninomenin-o-Meninamenin-osMeninosmenin-a-Meninasmenin-asMenininhomenininho-MenininhosmenininhosMenininhamenininha-MenininhasmenininhasMenin\u00e3omenin\u00e3oMenin\u00f5esmenin\u00f5esMeninonameninona-Meninonasmeninonas No exemplo acima, vemos que as flex\u00f5es anal\u00edticas predominam. Em\u00a0menininhos, por exemplo, temos flex\u00e3o anal\u00edtica com quatro morfemas: um radical (menin) e desin\u00eancias de grau (inh), g\u00eanero (o)\u2026","rel":"","context":"Em &quot;Morfologia&quot;","block_context":{"text":"Morfologia","link":"https:\/\/radames.manosso.nom.br\/linguagem\/category\/gramatica\/morfologia\/"},"img":{"alt_text":"","src":"https:\/\/i0.wp.com\/radames.manosso.nom.br\/linguagem\/files\/substantivo.jpg?resize=350%2C200&ssl=1","width":350,"height":200},"classes":[]},{"id":379,"url":"https:\/\/radames.manosso.nom.br\/linguagem\/gramatica\/morfologia\/categorias-morfologicas\/","url_meta":{"origin":401,"position":2},"title":"Categorias morfol\u00f3gicas","author":"Radam\u00e9s","date":false,"format":false,"excerpt":"N\u00e3o \u00e9 f\u00e1cil definir categorias morfol\u00f3gicas, dada a heterogeneidade do conjunto tradicionalmente levantado pelos linguistas. O melhor em se tratando dessas categorias \u00e9 fazer uma defini\u00e7\u00e3o extensiva. Em portugu\u00eas, nos interessam as categorias tratadas por solu\u00e7\u00f5es baseadas em flex\u00e3o. Assim sendo, vamos considerar as categorias de n\u00famero, g\u00eanero, pessoa, caso,\u2026","rel":"","context":"Em &quot;Morfologia&quot;","block_context":{"text":"Morfologia","link":"https:\/\/radames.manosso.nom.br\/linguagem\/category\/gramatica\/morfologia\/"},"img":{"alt_text":"","src":"https:\/\/i0.wp.com\/radames.manosso.nom.br\/linguagem\/files\/morfologia.jpg?resize=350%2C200&ssl=1","width":350,"height":200},"classes":[]},{"id":3674,"url":"https:\/\/radames.manosso.nom.br\/linguagem\/gramatica\/morfologia\/possessivos\/","url_meta":{"origin":401,"position":3},"title":"Possessivos &#8211; classe morfol\u00f3gica","author":"Radam\u00e9s","date":false,"format":false,"excerpt":"A classe dos possessivos \u00e9 lim\u00edtrofe. Poderia ser considerada como um caso especial da classe dos adjetivos, mas tem caracter\u00edsticas especiais como o fato de ser uma classe fechada e de ser flexionada em n\u00famero, g\u00eanero, pessoa singular e pessoa plural. Em fun\u00e7\u00e3o dessas caracter\u00edsticas, incomuns aos adjetivos, \u00e9 que\u2026","rel":"","context":"Em &quot;Morfologia&quot;","block_context":{"text":"Morfologia","link":"https:\/\/radames.manosso.nom.br\/linguagem\/category\/gramatica\/morfologia\/"},"img":{"alt_text":"","src":"https:\/\/i0.wp.com\/radames.manosso.nom.br\/linguagem\/files\/substantivo.jpg?resize=350%2C200&ssl=1","width":350,"height":200},"classes":[]},{"id":394,"url":"https:\/\/radames.manosso.nom.br\/linguagem\/gramatica\/morfologia\/adjetivos\/","url_meta":{"origin":401,"position":4},"title":"Adjetivos","author":"Radam\u00e9s","date":false,"format":false,"excerpt":"Os adjetivos admitem flex\u00e3o em grau, g\u00eanero e n\u00famero, de onde se obt\u00e9m at\u00e9 16 flex\u00f5es para um \u00fanico lexema adjetivo, como se v\u00ea na tabela a seguir: Flex\u00e3oRadicalGrauG\u00eaneroN\u00fameroLindoLind-o-LindaLind-a-LindosLind-osLindasLind-asLindinhoLindinho-LindinhaLindinha-LindinhosLindinhosLindinhasLindinhasLind\u00e3oLind\u00e3o--Lind\u00f5esLind\u00f5es--LindonaLindona--LindonasLindona-sLind\u00edssimoLind\u00edssimo-Lind\u00edssimosLind\u00edssimosLind\u00edssimaLind\u00edssima-Lind\u00edssimasLind\u00edssimas Flex\u00e3o em n\u00famero Os adjetivos seguem tr\u00eas regras para n\u00famero: Todos os adjetivos s\u00e3o flexionados em n\u00famero.Concordam com o n\u00famero do\u2026","rel":"","context":"Em &quot;Morfologia&quot;","block_context":{"text":"Morfologia","link":"https:\/\/radames.manosso.nom.br\/linguagem\/category\/gramatica\/morfologia\/"},"img":{"alt_text":"","src":"https:\/\/i0.wp.com\/radames.manosso.nom.br\/linguagem\/files\/morfologia.jpg?resize=350%2C200&ssl=1","width":350,"height":200},"classes":[]},{"id":388,"url":"https:\/\/radames.manosso.nom.br\/linguagem\/gramatica\/morfologia\/lexema\/","url_meta":{"origin":401,"position":5},"title":"Lexema","author":"Radam\u00e9s","date":false,"format":false,"excerpt":"A consci\u00eancia difusa dos lexemas existe nos falantes, mesmo naqueles n\u00e3o iniciados nos estudos gramaticais. Percebemos isso em v\u00e1rias situa\u00e7\u00f5es como quando o falante encontra em um texto uma palavra desconhecida, digamos: defenestrou. Ao consultar o dicion\u00e1rio, o falante, intuitivamente, vai procurar pelo verbete\u00a0defenestrar. Ele quer saber o significado de\u2026","rel":"","context":"Em &quot;Morfologia&quot;","block_context":{"text":"Morfologia","link":"https:\/\/radames.manosso.nom.br\/linguagem\/category\/gramatica\/morfologia\/"},"img":{"alt_text":"","src":"https:\/\/i0.wp.com\/radames.manosso.nom.br\/linguagem\/files\/morfologia.jpg?resize=350%2C200&ssl=1","width":350,"height":200},"classes":[]}],"_links":{"self":[{"href":"https:\/\/radames.manosso.nom.br\/linguagem\/wp-json\/wp\/v2\/posts\/401","targetHints":{"allow":["GET"]}}],"collection":[{"href":"https:\/\/radames.manosso.nom.br\/linguagem\/wp-json\/wp\/v2\/posts"}],"about":[{"href":"https:\/\/radames.manosso.nom.br\/linguagem\/wp-json\/wp\/v2\/types\/post"}],"author":[{"embeddable":true,"href":"https:\/\/radames.manosso.nom.br\/linguagem\/wp-json\/wp\/v2\/users\/1"}],"replies":[{"embeddable":true,"href":"https:\/\/radames.manosso.nom.br\/linguagem\/wp-json\/wp\/v2\/comments?post=401"}],"version-history":[{"count":12,"href":"https:\/\/radames.manosso.nom.br\/linguagem\/wp-json\/wp\/v2\/posts\/401\/revisions"}],"predecessor-version":[{"id":4237,"href":"https:\/\/radames.manosso.nom.br\/linguagem\/wp-json\/wp\/v2\/posts\/401\/revisions\/4237"}],"wp:attachment":[{"href":"https:\/\/radames.manosso.nom.br\/linguagem\/wp-json\/wp\/v2\/media?parent=401"}],"wp:term":[{"taxonomy":"category","embeddable":true,"href":"https:\/\/radames.manosso.nom.br\/linguagem\/wp-json\/wp\/v2\/categories?post=401"},{"taxonomy":"post_tag","embeddable":true,"href":"https:\/\/radames.manosso.nom.br\/linguagem\/wp-json\/wp\/v2\/tags?post=401"}],"curies":[{"name":"wp","href":"https:\/\/api.w.org\/{rel}","templated":true}]}}