{"id":403,"date":"2013-10-13T22:27:47","date_gmt":"2013-10-14T01:27:47","guid":{"rendered":"http:\/\/radames.manosso.nom.br\/linguagem\/?p=403"},"modified":"2020-12-07T18:05:12","modified_gmt":"2020-12-07T21:05:12","slug":"preposicao","status":"publish","type":"post","link":"https:\/\/radames.manosso.nom.br\/linguagem\/gramatica\/morfologia\/preposicao\/","title":{"rendered":"Preposi\u00e7\u00e3o"},"content":{"rendered":"\n<p>A classe das preposi\u00e7\u00f5es \u00e9 fechada de palavras relacionais, pois medeiam uma rela\u00e7\u00e3o entre dois itens da frase. De forma simplificada, podemos entender as preposi\u00e7\u00f5es como uma ponte sem\u00e2ntica entre dois itens que, intercalados pela preposi\u00e7\u00e3o, formam o que chamaremos de conjunto preposicionado. Esse conjunto \u00e9 composto de tr\u00eas elementos:<\/p>\n\n\n\n<figure class=\"wp-block-image\"><img data-recalc-dims=\"1\" loading=\"lazy\" decoding=\"async\" width=\"500\" height=\"333\" src=\"https:\/\/i0.wp.com\/radames.manosso.nom.br\/linguagem\/files\/morfologia.jpg?resize=500%2C333&#038;ssl=1\" alt=\"Morfologia\" class=\"wp-image-3202\" srcset=\"https:\/\/i0.wp.com\/radames.manosso.nom.br\/linguagem\/files\/morfologia.jpg?w=500&amp;ssl=1 500w, https:\/\/i0.wp.com\/radames.manosso.nom.br\/linguagem\/files\/morfologia.jpg?resize=300%2C200&amp;ssl=1 300w\" sizes=\"auto, (max-width: 500px) 100vw, 500px\" \/><\/figure>\n\n\n\n<!--more-->\n\n\n\n<p>ANTECEDENTE + PREPOSI\u00c7\u00c3O + CONSEQUENTE<\/p>\n\n\n\n<p>Veja exemplos:<\/p>\n\n\n\n<figure class=\"wp-block-table aligncenter is-style-stripes\"><table><tbody><tr><td><strong>Antecedente<\/strong><\/td><td><strong>Preposi\u00e7\u00e3o<\/strong><\/td><td><strong>Consequente<\/strong><\/td><\/tr><tr><td>Livro<\/td><td>de<\/td><td>Hist\u00f3ria.<\/td><\/tr><tr><td>Viagem<\/td><td>a<\/td><td>Paris.<\/td><\/tr><tr><td>Caf\u00e9<\/td><td>com<\/td><td>leite.<\/td><\/tr><\/tbody><\/table><\/figure>\n\n\n\n<p>Em portugu\u00eas, excepcionalmente, a preposi\u00e7\u00e3o&nbsp;<em>entre<\/em>pode mediar a rela\u00e7\u00e3o entre um antecedente e dois conseq\u00fcentes, ou ent\u00e3o, conseq\u00fcente plural.<\/p>\n\n\n\n<figure class=\"wp-block-table aligncenter is-style-stripes\"><table><tbody><tr><td><strong>Antecedente<\/strong><\/td><td><strong>Preposi\u00e7\u00e3o<\/strong><\/td><td><strong>Consequente 1<\/strong><\/td><td>&nbsp;<\/td><td><strong>Consequente 2<\/strong><\/td><\/tr><tr><td>Ficou<\/td><td>entre<\/td><td>a cruz<\/td><td>e<\/td><td>a espada.<\/td><\/tr><\/tbody><\/table><\/figure>\n\n\n\n<p>As principais preposi\u00e7\u00f5es do portugu\u00eas s\u00e3o:<\/p>\n\n\n\n<figure class=\"wp-block-table aligncenter is-style-stripes\"><table><tbody><tr><td><strong>Preposi\u00e7\u00e3o<\/strong><\/td><td><strong>Exemplo de uso<\/strong><\/td><\/tr><tr><td>A<\/td><td>Viagem&nbsp;<strong>a<\/strong> Paris<\/td><\/tr><tr><td>Afora<\/td><td>Todos desistiram,&nbsp;<strong>afora<\/strong> os mais insistentes.<\/td><\/tr><tr><td>Ap\u00f3s<\/td><td>Paulo retirou-se&nbsp;<strong>ap\u00f3s<\/strong> a discuss\u00e3o.<\/td><\/tr><tr><td>Ante<\/td><td>Ficou parado&nbsp;<strong>ante<\/strong> a porta.<\/td><\/tr><tr><td>At\u00e9<\/td><td>Correu&nbsp;<strong>at\u00e9<\/strong> cair de cansa\u00e7o.<\/td><\/tr><tr><td>Com<\/td><td>Caf\u00e9&nbsp;<strong>com<\/strong> leite<\/td><\/tr><tr><td>Como<\/td><td>Receberam o trof\u00e9u&nbsp;<strong>como<\/strong> pr\u00eamio.<\/td><\/tr><tr><td>Conforme<\/td><td>Ocorreu&nbsp;<strong>conforme<\/strong> o esperado.<\/td><\/tr><tr><td>Consoante<\/td><td>O rito se deu&nbsp;<strong>consoante<\/strong> os costumes.<\/td><\/tr><tr><td>Contra<\/td><td>Lutaram um&nbsp;<strong>contra<\/strong> o outro.<\/td><\/tr><tr><td>De<\/td><td>Copo&nbsp;<strong>de<\/strong> leite.<\/td><\/tr><tr><td>Desde<\/td><td>N\u00e3o o vejo&nbsp;<strong>desde<\/strong> o ano passado.<\/td><\/tr><tr><td>Durante<\/td><td>Ele saiu&nbsp;<strong>durante<\/strong> o discurso.<\/td><\/tr><tr><td>Em<\/td><td>Siga&nbsp;<strong>em<\/strong> frente.<\/td><\/tr><tr><td>Entre<\/td><td>Estava&nbsp;<strong>entre<\/strong> a cruz e a espada.<\/td><\/tr><tr><td>Exceto<\/td><td>Todos votaram a favor,&nbsp;<strong>exceto<\/strong> os radicais.<\/td><\/tr><tr><td>Fora<\/td><td>Tudo corre bem,&nbsp;<strong>fora<\/strong> alguns detalhes.<\/td><\/tr><tr><td>Mediante<\/td><td>Pudemos participar&nbsp;<strong>mediante<\/strong> recurso.<\/td><\/tr><tr><td>Menos<\/td><td>Todos compareceram,&nbsp;<strong>menos<\/strong> ele.<\/td><\/tr><tr><td>Para (pra)<\/td><td>Comida&nbsp;<strong>para<\/strong> gatos.<br>Bom&nbsp;<strong>pra<\/strong> cachorro.<\/td><\/tr><tr><td>Por (Per)<\/td><td>Passamos&nbsp;<strong>por<\/strong> ele no caminho.<br>Ele passou&nbsp;<strong>pelos<\/strong> percal\u00e7os ileso.<\/td><\/tr><tr><td>Perante<\/td><td>Apresentou-se&nbsp;<strong>perante<\/strong> o juiz.<\/td><\/tr><tr><td>Salvante<\/td><td>Resolvi todas as quest\u00f5es,&nbsp;<strong>salvante<\/strong> a \u00faltima.<\/td><\/tr><tr><td>Salvo<\/td><td>Chegaremos logo,&nbsp;<strong>salvo<\/strong> algum imprevisto.<\/td><\/tr><tr><td>Segundo<\/td><td>Estamos no caminho certo,&nbsp;<strong>segundo<\/strong> o mapa.<\/td><\/tr><tr><td>Sem<\/td><td>Caf\u00e9&nbsp;<strong>sem<\/strong> a\u00e7\u00facar.<\/td><\/tr><tr><td>Sob<\/td><td>Trabalho&nbsp;<strong>sob<\/strong> press\u00e3o.<\/td><\/tr><tr><td>Sobre<\/td><td>Pedra&nbsp;<strong>sobre<\/strong> pedra.<\/td><\/tr><tr><td>Tirante<\/td><td>Conhe\u00e7o essas pessoas,&nbsp;<strong>tirante<\/strong> uns poucos.<\/td><\/tr><tr><td>Visto<\/td><td>Ele ter\u00e1 alta,&nbsp;<strong>visto<\/strong> o resultado do exame.<\/td><\/tr><\/tbody><\/table><\/figure>\n\n\n\n<p>A forma&nbsp;<em>pra<\/em> \u00e9 uma variante informal de&nbsp;<em>para<\/em>.<\/p>\n\n\n\n<p>As preposi\u00e7\u00f5es&nbsp;<em>por<\/em> e&nbsp;<em>per<\/em> ocorrem em distribui\u00e7\u00e3o complementar. A preposi\u00e7\u00e3o&nbsp;<em>por<\/em> predomina, mas n\u00e3o pode ocorrer antecedendo artigos definidos. N\u00e3o s\u00e3o v\u00e1lidas as combina\u00e7\u00f5es a seguir:<\/p>\n\n\n\n<p>* Por a, * por as, * por o, * por os.<\/p>\n\n\n\n<p>As formas inaceit\u00e1veis acima devem ser substitu\u00eddas pelas contra\u00e7\u00f5es equivalentes de&nbsp;<em>per<\/em> com os artigos definidos.<\/p>\n\n\n\n<blockquote class=\"wp-block-quote is-layout-flow wp-block-quote-is-layout-flow\"><p>Per + a = pela<\/p><p>Per + as = pelas<\/p><p>Per + o = pelo<\/p><p>Per + os = pelos<\/p><\/blockquote>\n\n\n\n<p>Afora esses casos de contra\u00e7\u00e3o, a preposi\u00e7\u00e3o arcaica <em>per<\/em> s\u00f3 ocorre em algumas poucas express\u00f5es da l\u00edngua como\u00a0<em>de per si <\/em>ou<em> per capita.<\/em><\/p>\n\n\n\n<h3 class=\"wp-block-heading\">Ordem e contiguidade no conjunto preposicionado<\/h3>\n\n\n\n<p>Os elementos do conjunto preposicionado n\u00e3o precisam ser necessariamente cont\u00edguos, como vemos nos exemplos a seguir:<\/p>\n\n\n\n<ul class=\"wp-block-list\"><li><strong>Viajei<\/strong> ontem&nbsp;<strong>a Recife<\/strong>.<\/li><li><strong>Comecem<\/strong> imediatamente&nbsp;<strong>a estudar<\/strong>.<\/li><li><strong>Contou<\/strong> a fofoca&nbsp;<strong>para todos<\/strong>.<\/li><\/ul>\n\n\n\n<p>Podemos intercalar outros itens entre os elementos do conjunto preposicionado, respeitando a regra que n\u00e3o se interp\u00f5e nada entre a preposi\u00e7\u00e3o e o consequente. S\u00e3o inaceit\u00e1veis constru\u00e7\u00f5es como:<\/p>\n\n\n\n<p>* Contou para a fofoca todos.<\/p>\n\n\n\n<p>* Reservei para, o melhor, ti.<\/p>\n\n\n\n<p>Quanto \u00e0 ordem, \u00e9 aceit\u00e1vel a invers\u00e3o espec\u00edfica da ordem t\u00edpica do conjunto preposicionado como neste exemplos:<\/p>\n\n\n\n<ul class=\"wp-block-list\"><li><strong>A todos contou<\/strong> a fofoca.<\/li><li><strong>Para ti, reservei<\/strong> o melhor.<\/li><\/ul>\n\n\n\n<p>As duas ordens aceit\u00e1veis s\u00e3o portanto:<\/p>\n\n\n\n<p>ANTECEDENTE + PREPOSI\u00c7\u00c3O + CONSEQUENTE (t\u00edpica)<\/p>\n\n\n\n<p>PREPOSI\u00c7\u00c3O + CONSEQUENTE + ANTECEDENTE<\/p>\n\n\n\n<p>S\u00e3o inaceit\u00e1veis outras ordens, tais como:<\/p>\n\n\n\n<p>CONSEQUENTE + PREPOSI\u00c7\u00c3O + ANTECEDENTE<\/p>\n\n\n\n<p>* Todos a contou a fofoca.<\/p>\n\n\n\n<p>ANTECEDENTE + CONSEQUENTE + PREPOSI\u00c7\u00c3O<\/p>\n\n\n\n<p>* Contou a fofoca todos a.<\/p>\n\n\n\n<h3 class=\"wp-block-heading\">O conjunto preposicionado e os sintagmas<\/h3>\n\n\n\n<p>A preposi\u00e7\u00e3o medeia a rela\u00e7\u00e3o entre dois itens da frase formando o conjunto preposicionado. No entanto, esse conjunto n\u00e3o se cont\u00e9m em um \u00fanico sintagma. De modo gen\u00e9rico, podemos descrever essa caracter\u00edstica com a representa\u00e7\u00e3o a seguir:<\/p>\n\n\n\n<figure class=\"wp-block-table aligncenter is-style-stripes\"><table><tbody><tr><td><strong>Sintagma 1<\/strong><\/td><td><strong>Sintagma 2<\/strong><\/td><\/tr><tr><td>antecedente<\/td><td>preposi\u00e7\u00e3o + consequente<\/td><\/tr><\/tbody><\/table><\/figure>\n\n\n\n<p>Veja alguns exemplos:<\/p>\n\n\n\n<figure class=\"wp-block-table aligncenter is-style-stripes\"><table><tbody><tr><td><strong>Sintagma 1<\/strong><\/td><td><strong>Sintagma 2<\/strong><\/td><\/tr><tr><td><strong>Doce<br><\/strong>S<\/td><td><strong>de leite<\/strong>.<br>SAdj<\/td><\/tr><tr><td><strong>Colorido<\/strong><br>Adj<\/td><td><strong>\u00e0<\/strong><strong> m\u00e3o<\/strong>.<br>SAdv<\/td><\/tr><tr><td><strong>Comecem<\/strong><br>V<\/td><td><strong>a estudar<\/strong>.<br>Prep V<\/td><\/tr><tr><td><strong>Ele contou<\/strong><br>Suj SV<\/td><td><strong>a todos<\/strong>.<br>OI<\/td><\/tr><\/tbody><\/table><\/figure>\n\n\n\n<p>As rela\u00e7\u00f5es entre os elementos do conjunto preposicionado se d\u00e3o em uma camada \u00e0 parte da estrutura de sintagmas. \u00c9 como se tiv\u00e9ssemos dois n\u00edveis de interpreta\u00e7\u00e3o sobrepostos sobre a mesma frase. Vamos exemplificar analisando o enunciado&nbsp;<em>doce de leite<\/em>.<\/p>\n\n\n\n<p>Na camada sint\u00e1tica,&nbsp;<em>doce<\/em> \u00e9 sintagma substantivo simples.&nbsp;<em>Leite<\/em> \u00e9 sintagma substantivo simples, que por sua vez integra o sintagma adjetivo&nbsp;<em>de leite<\/em>.<\/p>\n\n\n\n<p>Na camada do conjunto preposicionado,&nbsp;<em>doce<\/em> \u00e9 o antecedente e&nbsp;<em>leite<\/em> \u00e9 o consequente.<\/p>\n\n\n\n<p>Na tabela a seguir, temos a maioria das possibilidades de cruzamentos entre conjuntos preposicionados e sintagmas.<\/p>\n\n\n\n<figure class=\"wp-block-table aligncenter is-style-stripes\"><table><tbody><tr><td><strong>Antecedente<\/strong><\/td><td>&nbsp;<\/td><td><strong>Preposi\u00e7\u00e3o + consequente<\/strong><\/td><td>&nbsp;<\/td><\/tr><tr><td>Tudo correu bem,<br><strong>F<\/strong><\/td><td>&nbsp;<\/td><td><em>de<\/em> modo geral.<br><strong>SAdv<\/strong><\/td><td>&nbsp;<\/td><\/tr><tr><td>Eles partem<br><strong>Suj SV<\/strong><\/td><td>&nbsp;<\/td><td><em>em<\/em> viagem<br><strong>SAdv<\/strong><\/td><td>hoje.<br><strong>SAdv<\/strong><\/td><\/tr><tr><td>Let\u00edcia emprestou<br><strong>Suj SV<\/strong><\/td><td>&nbsp;<\/td><td>a Ot\u00e1vio<br><strong>OI<\/strong><\/td><td>o livro.<br><strong>OD<\/strong><\/td><\/tr><tr><td>O m\u00e9dico<br><strong>Suj<\/strong><\/td><td>\u00e9<br><strong>SV<\/strong><\/td><td><em>contra <\/em>a cirurgia.<br><strong>SAdj<\/strong><\/td><td>&nbsp;<\/td><\/tr><tr><td>\u00c1gua<br><strong>S<\/strong><\/td><td>mineral<br><strong>SAdj<\/strong><\/td><td><em>sem<\/em> g\u00e1s.<br><strong>SAdj<\/strong><\/td><td>&nbsp;<\/td><\/tr><tr><td>Entediado<br><strong>Adj<\/strong><\/td><td>&nbsp;<\/td><td><em>com<\/em> a monotonia.<br><strong>SAdv<\/strong><\/td><td>&nbsp;<\/td><\/tr><tr><td>Vestida<br><strong>V<sub>vcv<\/sub><\/strong><\/td><td>&nbsp;<\/td><td><em>para<\/em> matar.<br><strong>Prep&nbsp;V<sub>n<\/sub><\/strong><\/td><td>&nbsp;<\/td><\/tr><\/tbody><\/table><\/figure>\n\n\n\n<h3 class=\"wp-block-heading\">Sintagmas avulsos preposicionados<\/h3>\n\n\n\n<p>No modelo completo, a preposi\u00e7\u00e3o s\u00f3 ocorre concomitantemente a um antecedente e a um consequente. Nos sintagmas avulsos, por\u00e9m, podemos encontrar a preposi\u00e7\u00e3o associada apenas ao consequente, como mostram os exemplos a seguir:<\/p>\n\n\n\n<ul class=\"wp-block-list\"><li>At\u00e9 a vit\u00f3ria.<\/li><li>Para voc\u00ea, com carinho.<\/li><li>Com sua licen\u00e7a, por favor.<\/li><\/ul>\n\n\n\n<p>Os exemplos s\u00e3o sintagmas preposicionados avulsos. Pode-se entend\u00ea-los em muitos casos como frases el\u00edpticas, em que o antecedente foi omitido. Mesmo nos sintagmas isolados observamos que a preposi\u00e7\u00e3o precede de imediato o consequente.<\/p>\n\n\n\n<h3 class=\"wp-block-heading\">Combina\u00e7\u00e3o de preposi\u00e7\u00f5es<\/h3>\n\n\n\n<p>Nas combina\u00e7\u00f5es, duas preposi\u00e7\u00f5es atuam em conjunto para criar o elo sem\u00e2ntico entre antecedente e consequente. As preposi\u00e7\u00f5es aparecem lado a lado e a interpreta\u00e7\u00e3o do elo sem\u00e2ntico que elas definem se d\u00e1 pela composi\u00e7\u00e3o dos sentidos individuais de cada preposi\u00e7\u00e3o. Veja exemplos:<\/p>\n\n\n\n<ul class=\"wp-block-list\"><li>Desceu&nbsp;<strong>de sobre<\/strong> a \u00e1rvore.<\/li><li>Os pre\u00e7os baixaram&nbsp;<strong>em at\u00e9<\/strong> 10%.<\/li><li>Ele tem o maior carinho&nbsp;<strong>para com<\/strong> voc\u00ea.<\/li><li>A umidade se infiltrou&nbsp;<strong>por entre<\/strong> as t\u00e1buas.<\/li><\/ul>\n\n\n\n<p>Sob perspectiva hist\u00f3rica, as preposi\u00e7\u00f5es&nbsp;<em>afora<\/em>,<em>ap\u00f3s<\/em>,&nbsp;<em>dentre<\/em> e&nbsp;<em>perante<\/em> s\u00e3o combina\u00e7\u00f5es.<\/p>\n\n\n\n<blockquote class=\"wp-block-quote is-layout-flow wp-block-quote-is-layout-flow\"><p>Afora = a + fora<\/p><p>Ap\u00f3s = a + p\u00f3s<\/p><p>Dentre = de + entre<\/p><p>Perante = Per + ante<\/p><\/blockquote>\n\n\n\n<p>Os falantes de hoje, por\u00e9m, j\u00e1 deixaram de perceber essas preposi\u00e7\u00f5es como combina\u00e7\u00f5es, at\u00e9 porque duas delas incluem preposi\u00e7\u00f5es arcaicas (<em>per<\/em> e\u00a0<em>p\u00f3s<\/em>). No portugu\u00eas contempor\u00e2neo, podemos considerar esses casos como preposi\u00e7\u00f5es simples.<\/p>\n\n\n\n<h3 class=\"wp-block-heading\">Morfologia<\/h3>\n\n\n\n<ul class=\"wp-block-list\" id=\"block-e843ba6f-6e3e-4a00-9a86-3524b7cea45c\"><li><a href=\"https:\/\/radames.manosso.nom.br\/linguagem\/gramatica\/morfologia\/categorias-morfologicas\/\">Categorias morfol\u00f3gicas<\/a><\/li><li><a href=\"https:\/\/radames.manosso.nom.br\/linguagem\/gramatica\/morfologia\/classes-morfologicas\/\">Classes morfol\u00f3gicas<\/a><\/li><li><a href=\"https:\/\/radames.manosso.nom.br\/linguagem\/gramatica\/morfologia\/morfema\/\">Morfema<\/a><\/li><li><a href=\"https:\/\/radames.manosso.nom.br\/linguagem\/gramatica\/morfologia\/classes-de-morfemas-presos\/\">Classes de morfemas presos<\/a><\/li><li><a href=\"https:\/\/radames.manosso.nom.br\/linguagem\/gramatica\/morfologia\/palavra\/\">Palavra<\/a><\/li><li><a href=\"https:\/\/radames.manosso.nom.br\/linguagem\/gramatica\/morfologia\/lexema\/\">Lexema<\/a><\/li><li><a href=\"https:\/\/radames.manosso.nom.br\/linguagem\/gramatica\/morfologia\/locucao-contracao-e-fraseologia\/\">Locu\u00e7\u00e3o, contra\u00e7\u00e3o e fraseologia<\/a><\/li><li><a href=\"https:\/\/radames.manosso.nom.br\/linguagem\/gramatica\/morfologia\/substantivo\/\">Substantivo<\/a><\/li><li><a href=\"https:\/\/radames.manosso.nom.br\/linguagem\/gramatica\/morfologia\/flexao-do-substantivo-em-genero\/\">Flex\u00e3o do substantivo em g\u00eanero<\/a><\/li><li><a href=\"https:\/\/radames.manosso.nom.br\/linguagem\/gramatica\/morfologia\/flexao-do-substantivo-em-grau\/\">Flex\u00e3o do substantivo em grau<\/a><\/li><li><a href=\"https:\/\/radames.manosso.nom.br\/linguagem\/gramatica\/morfologia\/flexao-do-substantivo-em-numero\/\">Flex\u00e3o do substantivo em n\u00famero<\/a><\/li><li><a href=\"https:\/\/radames.manosso.nom.br\/linguagem\/gramatica\/morfologia\/adjetivos\/\">Adjetivos<\/a><\/li><li><a href=\"https:\/\/radames.manosso.nom.br\/linguagem\/gramatica\/morfologia\/adverbio\/\">Adv\u00e9rbio<\/a><\/li><li><a href=\"https:\/\/radames.manosso.nom.br\/linguagem\/gramatica\/morfologia\/propriedades-de-adverbios\/\">Propriedades de adv\u00e9rbios<\/a><\/li><li><a href=\"https:\/\/radames.manosso.nom.br\/linguagem\/gramatica\/morfologia\/artigo\/\">Artigo<\/a><\/li><li><a href=\"https:\/\/radames.manosso.nom.br\/linguagem\/gramatica\/morfologia\/demonstrativos\/\">Demonstrativos<\/a><\/li><li><a href=\"https:\/\/radames.manosso.nom.br\/linguagem\/gramatica\/morfologia\/locativos\/\">Locativos<\/a><\/li><li><a href=\"https:\/\/radames.manosso.nom.br\/linguagem\/gramatica\/morfologia\/possessivos\/\">Possessivos<\/a><\/li><li><a href=\"https:\/\/radames.manosso.nom.br\/linguagem\/gramatica\/morfologia\/pronomes\/\">Pronomes<\/a><\/li><li><a href=\"https:\/\/radames.manosso.nom.br\/linguagem\/gramatica\/morfologia\/preposicao\/\">Preposi\u00e7\u00e3o<\/a><\/li><li><a href=\"https:\/\/radames.manosso.nom.br\/linguagem\/gramatica\/morfologia\/analise-semantica-da-preposicao\/\">An\u00e1lise sem\u00e2ntica da preposi\u00e7\u00e3o<\/a><\/li><li><a href=\"https:\/\/radames.manosso.nom.br\/linguagem\/gramatica\/morfologia\/contracoes-prepositivas\/\">Contra\u00e7\u00f5es prepositivas<\/a><\/li><li><a href=\"https:\/\/radames.manosso.nom.br\/linguagem\/gramatica\/morfologia\/fraseologias-prepositivas\/\">Fraseologias prepositivas<\/a><\/li><li><a href=\"https:\/\/radames.manosso.nom.br\/linguagem\/gramatica\/morfologia\/derivacao-de-classe-morfologica\/\">Deriva\u00e7\u00e3o de classe morfol\u00f3gica<\/a><\/li><\/ul>\n","protected":false},"excerpt":{"rendered":"<p>A classe das preposi\u00e7\u00f5es \u00e9 fechada de palavras relacionais, pois medeiam uma rela\u00e7\u00e3o entre dois itens da frase. De forma simplificada, podemos entender as preposi\u00e7\u00f5es como uma ponte sem\u00e2ntica entre dois itens que, intercalados pela preposi\u00e7\u00e3o, formam o que chamaremos de conjunto preposicionado. Esse conjunto \u00e9 composto de tr\u00eas elementos:<\/p>\n","protected":false},"author":1,"featured_media":0,"comment_status":"open","ping_status":"closed","sticky":false,"template":"","format":"standard","meta":{"jetpack_post_was_ever_published":false,"_jetpack_newsletter_access":"","_jetpack_dont_email_post_to_subs":true,"_jetpack_newsletter_tier_id":0,"_jetpack_memberships_contains_paywalled_content":false,"_jetpack_memberships_contains_paid_content":false,"footnotes":"","jetpack_publicize_message":"","jetpack_publicize_feature_enabled":true,"jetpack_social_post_already_shared":false,"jetpack_social_options":{"image_generator_settings":{"template":"highway","default_image_id":0,"font":"","enabled":false},"version":2}},"categories":[229],"tags":[240,230,226],"class_list":["post-403","post","type-post","status-publish","format-standard","hentry","category-morfologia","tag-classe","tag-morfologia-2","tag-preposicao"],"jetpack_publicize_connections":[],"jetpack_featured_media_url":"","jetpack_sharing_enabled":true,"jetpack_shortlink":"https:\/\/wp.me\/p74YWN-6v","jetpack-related-posts":[{"id":405,"url":"https:\/\/radames.manosso.nom.br\/linguagem\/gramatica\/morfologia\/analise-semantica-da-preposicao\/","url_meta":{"origin":403,"position":0},"title":"An\u00e1lise sem\u00e2ntica da preposi\u00e7\u00e3o","author":"Radam\u00e9s","date":false,"format":false,"excerpt":"Primeiramente, vamos classificar a fun\u00e7\u00e3o sem\u00e2ntica das preposi\u00e7\u00f5es segundo a necessidade. S\u00e3o tr\u00eas as possibilidades: necess\u00e1ria, abundante e redundante. Necessidade sem\u00e2ntica Observe a s\u00e9rie seguinte: Viajei\u00a0com documentos.Viajei\u00a0sem documentos. Aqui, a fun\u00e7\u00e3o sem\u00e2ntica da preposi\u00e7\u00e3o \u00e9 evidente. \u00c9 pela preposi\u00e7\u00e3o que diferenciamos o sentido dos enunciados. Nesse exemplo, se a preposi\u00e7\u00e3o\u2026","rel":"","context":"Em &quot;Morfologia&quot;","block_context":{"text":"Morfologia","link":"https:\/\/radames.manosso.nom.br\/linguagem\/category\/gramatica\/morfologia\/"},"img":{"alt_text":"","src":"https:\/\/i0.wp.com\/radames.manosso.nom.br\/linguagem\/files\/morfologia.jpg?resize=350%2C200&ssl=1","width":350,"height":200},"classes":[]},{"id":414,"url":"https:\/\/radames.manosso.nom.br\/linguagem\/gramatica\/morfologia\/contracoes-prepositivas\/","url_meta":{"origin":403,"position":1},"title":"Contra\u00e7\u00f5es prepositivas","author":"Radam\u00e9s","date":false,"format":false,"excerpt":"Observe a s\u00e9rie: Festa\u00a0da vit\u00f3ria.Brilho\u00a0do olho.Estrada\u00a0das cataratas.Terra\u00a0dos pinheirais. Os itens em negrito s\u00e3o resultados de acomoda\u00e7\u00f5es fonol\u00f3gicas. No caso, s\u00e3o contra\u00e7\u00f5es da preposi\u00e7\u00e3o\u00a0de com os artigos definidos\u00a0a,\u00a0o,\u00a0as e\u00a0os. Em portugu\u00eas, as preposi\u00e7\u00f5es interagem fonologicamente com outros itens de l\u00e9xico. Nessas intera\u00e7\u00f5es predominam as contra\u00e7\u00f5es. Veja no quadro, a lista completa\u2026","rel":"","context":"Em &quot;Morfologia&quot;","block_context":{"text":"Morfologia","link":"https:\/\/radames.manosso.nom.br\/linguagem\/category\/gramatica\/morfologia\/"},"img":{"alt_text":"","src":"https:\/\/i0.wp.com\/radames.manosso.nom.br\/linguagem\/files\/morfologia.jpg?resize=350%2C200&ssl=1","width":350,"height":200},"classes":[]},{"id":392,"url":"https:\/\/radames.manosso.nom.br\/linguagem\/gramatica\/morfologia\/locucao-contracao-e-fraseologia\/","url_meta":{"origin":403,"position":2},"title":"Locu\u00e7\u00e3o, contra\u00e7\u00e3o e fraseologia","author":"Radam\u00e9s","date":false,"format":false,"excerpt":"Observe a s\u00e9rie: RiograndeBelohorizonteMatogrosso Vamos usar os itens da s\u00e9rie em dois contextos diferentes: Exploramos uma regi\u00e3o selvagem, de mato grosso, cortada por um rio grande e de onde se avista um belo horizonte.Ele \u00e9 natural de Rio Grande mas j\u00e1 morou em Belo Horizonte e est\u00e1 se mudando para\u2026","rel":"","context":"Em &quot;Morfologia&quot;","block_context":{"text":"Morfologia","link":"https:\/\/radames.manosso.nom.br\/linguagem\/category\/gramatica\/morfologia\/"},"img":{"alt_text":"","src":"https:\/\/i0.wp.com\/radames.manosso.nom.br\/linguagem\/files\/morfologia.jpg?resize=350%2C200&ssl=1","width":350,"height":200},"classes":[]},{"id":412,"url":"https:\/\/radames.manosso.nom.br\/linguagem\/gramatica\/morfologia\/fraseologias-prepositivas\/","url_meta":{"origin":403,"position":3},"title":"Fraseologias prepositivas","author":"Radam\u00e9s","date":false,"format":false,"excerpt":"Observe a s\u00e9rie de frases: O gato est\u00e1 embaixo da mesa.O livro est\u00e1\u00a0em cima da cama. Consideravam-no um cidad\u00e3o\u00a0acima de qualquer suspeita.A qualidade do filme est\u00e1\u00a0abaixo da cr\u00edtica. Os segmentos marcados em negrito s\u00e3o fraseologias, ou seja, enunciados que se repetem nos discursos sempre da mesma forma, sob mesmas condi\u00e7\u00f5es.\u2026","rel":"","context":"Em &quot;Morfologia&quot;","block_context":{"text":"Morfologia","link":"https:\/\/radames.manosso.nom.br\/linguagem\/category\/gramatica\/morfologia\/"},"img":{"alt_text":"","src":"https:\/\/i0.wp.com\/radames.manosso.nom.br\/linguagem\/files\/morfologia.jpg?resize=350%2C200&ssl=1","width":350,"height":200},"classes":[]},{"id":382,"url":"https:\/\/radames.manosso.nom.br\/linguagem\/gramatica\/morfologia\/classes-morfologicas\/","url_meta":{"origin":403,"position":4},"title":"Classes morfol\u00f3gicas","author":"Radam\u00e9s","date":false,"format":false,"excerpt":"Classificar morfemas e palavras \u00e9 uma tarefa complexa que talvez nunca chegue a um resultado satisfat\u00f3rio. Para come\u00e7ar, \u00e9 preciso entender que as classifica\u00e7\u00f5es n\u00e3o s\u00e3o boas em si, mas quando adequadas a um determinado fim. Uma boa classifica\u00e7\u00e3o para uma finalidade n\u00e3o invalida outra, igualmente boa, que atende outra\u2026","rel":"","context":"Em &quot;Morfologia&quot;","block_context":{"text":"Morfologia","link":"https:\/\/radames.manosso.nom.br\/linguagem\/category\/gramatica\/morfologia\/"},"img":{"alt_text":"","src":"https:\/\/i0.wp.com\/radames.manosso.nom.br\/linguagem\/files\/morfologia.jpg?resize=350%2C200&ssl=1","width":350,"height":200},"classes":[]},{"id":3685,"url":"https:\/\/radames.manosso.nom.br\/linguagem\/gramatica\/morfologia\/locativos\/","url_meta":{"origin":403,"position":5},"title":"Locativos","author":"Radam\u00e9s","date":false,"format":false,"excerpt":"A classe dos locativos \u00e9 fechada e compostas por palavras invariantes, n\u00e3o flexionadas. Comportam-se como pronomes na maioria dos casos, ou seja, substituem a contento sintagmas substantivos. Na Gram\u00e1tica Tradicional os locativos s\u00e3o tratados como adv\u00e9rbios de lugar. Locativos em fun\u00e7\u00e3o de pronome Observe a s\u00e9rie: Sou de Curitiba. Sou\u2026","rel":"","context":"Em &quot;Morfologia&quot;","block_context":{"text":"Morfologia","link":"https:\/\/radames.manosso.nom.br\/linguagem\/category\/gramatica\/morfologia\/"},"img":{"alt_text":"","src":"https:\/\/i0.wp.com\/radames.manosso.nom.br\/linguagem\/files\/substantivo.jpg?resize=350%2C200&ssl=1","width":350,"height":200},"classes":[]}],"_links":{"self":[{"href":"https:\/\/radames.manosso.nom.br\/linguagem\/wp-json\/wp\/v2\/posts\/403","targetHints":{"allow":["GET"]}}],"collection":[{"href":"https:\/\/radames.manosso.nom.br\/linguagem\/wp-json\/wp\/v2\/posts"}],"about":[{"href":"https:\/\/radames.manosso.nom.br\/linguagem\/wp-json\/wp\/v2\/types\/post"}],"author":[{"embeddable":true,"href":"https:\/\/radames.manosso.nom.br\/linguagem\/wp-json\/wp\/v2\/users\/1"}],"replies":[{"embeddable":true,"href":"https:\/\/radames.manosso.nom.br\/linguagem\/wp-json\/wp\/v2\/comments?post=403"}],"version-history":[{"count":7,"href":"https:\/\/radames.manosso.nom.br\/linguagem\/wp-json\/wp\/v2\/posts\/403\/revisions"}],"predecessor-version":[{"id":4244,"href":"https:\/\/radames.manosso.nom.br\/linguagem\/wp-json\/wp\/v2\/posts\/403\/revisions\/4244"}],"wp:attachment":[{"href":"https:\/\/radames.manosso.nom.br\/linguagem\/wp-json\/wp\/v2\/media?parent=403"}],"wp:term":[{"taxonomy":"category","embeddable":true,"href":"https:\/\/radames.manosso.nom.br\/linguagem\/wp-json\/wp\/v2\/categories?post=403"},{"taxonomy":"post_tag","embeddable":true,"href":"https:\/\/radames.manosso.nom.br\/linguagem\/wp-json\/wp\/v2\/tags?post=403"}],"curies":[{"name":"wp","href":"https:\/\/api.w.org\/{rel}","templated":true}]}}