{"id":41,"date":"2013-06-03T21:34:39","date_gmt":"2013-06-04T00:34:39","guid":{"rendered":"http:\/\/radames.manosso.nom.br\/linguagem\/?p=41"},"modified":"2020-11-19T13:25:21","modified_gmt":"2020-11-19T16:25:21","slug":"retorica-da-literatura","status":"publish","type":"post","link":"https:\/\/radames.manosso.nom.br\/linguagem\/retorica\/retoricas\/retorica-da-literatura\/","title":{"rendered":"Ret\u00f3rica da Literatura"},"content":{"rendered":"\n<p>A Ret\u00f3rica&nbsp; liter\u00e1ria \u00e9 a mais dif\u00edcil de delimitar. Em literatura, mimetiza-se o formal e o informal, o espont\u00e2neo e o elaborado, o orat\u00f3rio, o jornal\u00edstico, a discuss\u00e3o, o col\u00f3quio e o debate. Assim, a Ret\u00f3rica da literatura nestes casos ser\u00e1 a Ret\u00f3rica do jornal\u00edstico, do col\u00f3quio, do debate, etc.<\/p>\n\n\n\n<p>O\u00a0car\u00e1ter liter\u00e1rio de um discurso n\u00e3o est\u00e1 dado\u00a0<em>a priori<\/em> de uma est\u00e9tica que o suporte. A literariedade n\u00e3o \u00e9 uma atribui\u00e7\u00e3o un\u00e2nime, l\u00edquida e certa, \u00e9 definida obra a obra, autor a autor, escola a escola, \u00e9poca a \u00e9poca. N\u00e3o est\u00e1 congelada no Olimpo das ideias plat\u00f4nicas \u00e0 espera de um estudioso diligente que a resgate. O que \u00e9 liter\u00e1rio para uns pode ser o ant\u00edpoda do liter\u00e1rio para outros. Enfim, literariedade \u00e9 quest\u00e3o de opini\u00e3o. Nunca haver\u00e1 acordo para definir universalmente o que \u00e9 o liter\u00e1rio. Felizmente \u00e9 assim.<\/p>\n\n\n\n<figure class=\"wp-block-image\"><img data-recalc-dims=\"1\" loading=\"lazy\" decoding=\"async\" width=\"500\" height=\"333\" src=\"https:\/\/i0.wp.com\/radames.manosso.nom.br\/linguagem\/files\/retorica-1.jpg?resize=500%2C333&#038;ssl=1\" alt=\"Ret\u00f3rica\" class=\"wp-image-3283\" title=\"Ret\u00f3rica\" srcset=\"https:\/\/i0.wp.com\/radames.manosso.nom.br\/linguagem\/files\/retorica-1.jpg?w=500&amp;ssl=1 500w, https:\/\/i0.wp.com\/radames.manosso.nom.br\/linguagem\/files\/retorica-1.jpg?resize=300%2C200&amp;ssl=1 300w\" sizes=\"auto, (max-width: 500px) 100vw, 500px\" \/><\/figure>\n\n\n\n<!--more-->\n\n\n\n<h3 class=\"wp-block-heading\">Existe uma Ret\u00f3rica liter\u00e1ria?<\/h3>\n\n\n\n<p>Ent\u00e3o, como estabelecer uma Ret\u00f3rica liter\u00e1ria? S\u00f3 h\u00e1 um m\u00e9todo razoavelmente v\u00e1lido. Primeiro tomar um\u00a0<em>corpus<\/em> geralmente aceito para observa\u00e7\u00e3o. Depois, estabelecer o que \u00e9 v\u00e1lido no geral para o\u00a0<em>corpus<\/em>. Quem estabelece o\u00a0<em>corpus<\/em> liter\u00e1rio de alto n\u00edvel de que precisamos \u00e9 a cr\u00edtica dos leitores mais qualificados.<\/p>\n\n\n\n<p>N\u00e3o existe um estilo, uma linguagem liter\u00e1ria distinta essencialmente dos demais discursos. Um discurso s\u00f3 ganha o estatuto de liter\u00e1rio por um ju\u00edzo de valor est\u00e9tico. Para compor o discurso liter\u00e1rio, o escritor lan\u00e7a m\u00e3o dos mesmos recursos que est\u00e3o dispon\u00edveis para a cria\u00e7\u00e3o dos demais discursos. N\u00e3o h\u00e1 estilos, nem recursos ret\u00f3ricos exclusivamente liter\u00e1rios. Assim, n\u00e3o \u00e9 a met\u00e1fora nem a rima, nem o verso que estabelecem a poesia. <\/p>\n\n\n\n<p>N\u00e3o \u00e9 a &#8216;opacidade&#8217; de um recurso ret\u00f3rico nem um suposto &#8216;desvio&#8217; a um modo normal de discursar que fundam o car\u00e1ter liter\u00e1rio. No discurso liter\u00e1rio podemos encontrar o estilo culto, o elevado, a g\u00edria, o arca\u00edsmo, o racional, o conciso, o opulento, o opaco e o claro, figuras que causam estranhamento e figuras que n\u00e3o causam\u00a0 estranheza alguma. Decididamente n\u00e3o h\u00e1 formas essencialmente liter\u00e1rias.<\/p>\n\n\n\n<h3 class=\"wp-block-heading\">Fun\u00e7\u00e3o po\u00e9tica da linguagem<\/h3>\n\n\n\n<p>Se entendermos fun\u00e7\u00e3o como uso, ent\u00e3o a linguagem tem um uso po\u00e9tico. Ela pode ser mat\u00e9ria-prima para gerar objetos est\u00e9ticos, no caso, discursos. Isso n\u00e3o significa de modo algum que esse uso quando ocorre seja apartado de outros usos como as fun\u00e7\u00f5es referencial, emotiva, apelativa, metalingu\u00edstica, f\u00e1tica. <\/p>\n\n\n\n<p>Primeiro porque o liter\u00e1rio na maioria dos casos mimetiza todas essas fun\u00e7\u00f5es. Segundo porque pode se dar que a fun\u00e7\u00e3o po\u00e9tica se estabele\u00e7a justamente a partir de suas fun\u00e7\u00f5es referencial, apelativa, etc. Exemplificando: a literatura dita engajada s\u00f3 tem sua fun\u00e7\u00e3o po\u00e9tica cumprida na medida em que desempenha sua fun\u00e7\u00e3o apelativa. A literatura naturalista s\u00f3 cumpre sua fun\u00e7\u00e3o po\u00e9tica se desempenhar a sua fun\u00e7\u00e3o referencial de dar a conhecer uma realidade.<\/p>\n\n\n\n<p>Dizer que a fun\u00e7\u00e3o po\u00e9tica da linguagem acontece quando o discurso se ocupa de si mesmo, quando se tem discurso sobre discurso ou quando o que est\u00e1 em jogo \u00e9 exclusivamente a forma, \u00e9 uma redu\u00e7\u00e3o brutal que deriva de uma proposta est\u00e9tica formalista radicalizada que n\u00e3o combina com conhecimento cient\u00edfico.<\/p>\n\n\n\n<h3 class=\"wp-block-heading\">Ret\u00f3ricas espec\u00edficas<\/h3>\n\n\n\n<ul class=\"wp-block-list\"><li><a href=\"https:\/\/radames.manosso.nom.br\/linguagem\/retorica\/retoricas\/retorica-da-influencia\/\">Ret\u00f3rica da persuas\u00e3o<\/a><\/li><li><a href=\"https:\/\/radames.manosso.nom.br\/linguagem\/retorica\/retoricas\/retorica-da-literatura\/\">Ret\u00f3rica da Literatura<\/a><\/li><li><a href=\"https:\/\/radames.manosso.nom.br\/linguagem\/retorica\/retoricas\/retorica-da-monografia\/\">Ret\u00f3rica da monografia<\/a><\/li><li><a href=\"https:\/\/radames.manosso.nom.br\/linguagem\/retorica\/retoricas\/retorica-da-oratoria\/\">Ret\u00f3rica da orat\u00f3ria<\/a><\/li><li><a href=\"https:\/\/radames.manosso.nom.br\/linguagem\/retorica\/retoricas\/retorica-do-jornalismo\/\">Ret\u00f3rica do jornalismo<\/a><\/li><\/ul>\n","protected":false},"excerpt":{"rendered":"<p>A Ret\u00f3rica&nbsp; liter\u00e1ria \u00e9 a mais dif\u00edcil de delimitar. Em literatura, mimetiza-se o formal e o informal, o espont\u00e2neo e o elaborado, o orat\u00f3rio, o jornal\u00edstico, a discuss\u00e3o, o col\u00f3quio e o debate. Assim, a Ret\u00f3rica da literatura nestes casos ser\u00e1 a Ret\u00f3rica do jornal\u00edstico, do col\u00f3quio, do debate, etc. O\u00a0car\u00e1ter liter\u00e1rio de um discurso &hellip; <a href=\"https:\/\/radames.manosso.nom.br\/linguagem\/retorica\/retoricas\/retorica-da-literatura\/\" class=\"more-link\">Continue lendo <span class=\"screen-reader-text\">Ret\u00f3rica da Literatura<\/span> <span class=\"meta-nav\">&rarr;<\/span><\/a><\/p>\n","protected":false},"author":1,"featured_media":0,"comment_status":"open","ping_status":"closed","sticky":false,"template":"","format":"standard","meta":{"jetpack_post_was_ever_published":false,"_jetpack_newsletter_access":"","_jetpack_dont_email_post_to_subs":false,"_jetpack_newsletter_tier_id":0,"_jetpack_memberships_contains_paywalled_content":false,"_jetpack_memberships_contains_paid_content":false,"footnotes":"","jetpack_publicize_message":"","jetpack_publicize_feature_enabled":true,"jetpack_social_post_already_shared":false,"jetpack_social_options":{"image_generator_settings":{"template":"highway","default_image_id":0,"font":"","enabled":false},"version":2}},"categories":[20],"tags":[23,21,22,5],"class_list":["post-41","post","type-post","status-publish","format-standard","hentry","category-retoricas","tag-funcao","tag-literatura","tag-poesia","tag-retorica-2"],"jetpack_publicize_connections":[],"jetpack_featured_media_url":"","jetpack_sharing_enabled":true,"jetpack_shortlink":"https:\/\/wp.me\/p74YWN-F","jetpack-related-posts":[{"id":26,"url":"https:\/\/radames.manosso.nom.br\/linguagem\/retorica\/para-comecar\/o-mito-do-discurso-basico\/","url_meta":{"origin":41,"position":0},"title":"O mito do discurso b\u00e1sico","author":"Radam\u00e9s","date":false,"format":false,"excerpt":"Existe o mito de um discurso b\u00e1sico, de refer\u00eancia, do grau zero da escritura, de um modo normal de discursar, de um jeito natural, da linguagem essencialmente n\u00e3o-liter\u00e1ria, de um discurso inespec\u00edfico, sem estilo, sem Ret\u00f3rica, prim\u00e1rio. Inespec\u00edfica \u00e9 a linguagem, massa pl\u00e1stica informe e potencial, que dentro de certas\u2026","rel":"","context":"Em &quot;Para come\u00e7ar&quot;","block_context":{"text":"Para come\u00e7ar","link":"https:\/\/radames.manosso.nom.br\/linguagem\/category\/retorica\/para-comecar\/"},"img":{"alt_text":"","src":"https:\/\/i0.wp.com\/radames.manosso.nom.br\/linguagem\/files\/retorica-1.jpg?resize=350%2C200&ssl=1","width":350,"height":200},"classes":[]},{"id":29,"url":"https:\/\/radames.manosso.nom.br\/linguagem\/retorica\/para-comecar\/o-escopo-da-retorica\/","url_meta":{"origin":41,"position":1},"title":"O escopo da Ret\u00f3rica","author":"Radam\u00e9s","date":false,"format":false,"excerpt":"A Ret\u00f3rica ocupa-se dos meios formais que tornam a comunica\u00e7\u00e3o espec\u00edfica ou eficaz, tais como regras de uso ou supress\u00e3o e formas construtivas, al\u00e9m de categorias relacionadas. \u00c9 um conhecimento sobre essas categorias, suas caracter\u00edsticas, funcionalidade, efic\u00e1cia e excel\u00eancia. Para que a comunica\u00e7\u00e3o seja eficaz sup\u00f5e-se que vise a objetivos\u2026","rel":"","context":"Em &quot;Para come\u00e7ar&quot;","block_context":{"text":"Para come\u00e7ar","link":"https:\/\/radames.manosso.nom.br\/linguagem\/category\/retorica\/para-comecar\/"},"img":{"alt_text":"","src":"https:\/\/i0.wp.com\/radames.manosso.nom.br\/linguagem\/files\/retorica-1.jpg?resize=350%2C200&ssl=1","width":350,"height":200},"classes":[]},{"id":31,"url":"https:\/\/radames.manosso.nom.br\/linguagem\/retorica\/para-comecar\/a-renovacao-da-retorica\/","url_meta":{"origin":41,"position":2},"title":"A renova\u00e7\u00e3o da Ret\u00f3rica","author":"Radam\u00e9s","date":false,"format":false,"excerpt":"\u00c9 surpreendente a Ret\u00f3rica ter surgido pujante h\u00e1 mais de dois mil anos, numa \u00e9poca de parcos recursos de an\u00e1lise, que nem de longe se comparam aos que dispomos hoje. Mais surpreendente ainda \u00e9 a hiberna\u00e7\u00e3o milenar em que a Ret\u00f3rica ingressou ap\u00f3s seu per\u00edodo \u00e1ureo, mesmo sendo objeto de\u2026","rel":"","context":"Em &quot;Para come\u00e7ar&quot;","block_context":{"text":"Para come\u00e7ar","link":"https:\/\/radames.manosso.nom.br\/linguagem\/category\/retorica\/para-comecar\/"},"img":{"alt_text":"","src":"https:\/\/i0.wp.com\/radames.manosso.nom.br\/linguagem\/files\/retorica-1.jpg?resize=350%2C200&ssl=1","width":350,"height":200},"classes":[]},{"id":178,"url":"https:\/\/radames.manosso.nom.br\/linguagem\/retorica\/recursos-retorica\/alegoria\/","url_meta":{"origin":41,"position":3},"title":"Alegoria &#8211; figura de linguagem","author":"Radam\u00e9s","date":false,"format":false,"excerpt":"A alegoria se assemelha \u00e0 met\u00e1fora em muitos pontos. Poderia at\u00e9 ser considerada uma met\u00e1fora do tipo III. Resolvemos consider\u00e1-la isoladamente em fun\u00e7\u00e3o de sua relev\u00e2ncia e particularidades. Alegoria contextualizada Intuitivamente, a alegoria contextualizada ocorre quando um enunciado pass\u00edvel de leitura imediata transmite um significado impr\u00f3prio ou deslocado do contexto\u2026","rel":"","context":"Em &quot;Recursos&quot;","block_context":{"text":"Recursos","link":"https:\/\/radames.manosso.nom.br\/linguagem\/category\/retorica\/recursos-retorica\/"},"img":{"alt_text":"","src":"https:\/\/i0.wp.com\/radames.manosso.nom.br\/linguagem\/files\/retorica-1.jpg?resize=350%2C200&ssl=1","width":350,"height":200},"classes":[]},{"id":47,"url":"https:\/\/radames.manosso.nom.br\/linguagem\/retorica\/retoricas\/retorica-do-jornalismo\/","url_meta":{"origin":41,"position":4},"title":"Ret\u00f3rica do jornalismo","author":"Radam\u00e9s","date":false,"format":false,"excerpt":"Vamos admitir a exist\u00eancia de alguns princ\u00edpios leg\u00edtimos que norteiam o jornalismo s\u00f3brio. Se s\u00e3o princ\u00edpios ut\u00f3picos ou mesmo de fachada, \u00e9 quest\u00e3o para discuss\u00e3o filos\u00f3fica. O fato \u00e9 que esses princ\u00edpios norteiam toda a Ret\u00f3rica do discurso jornal\u00edstico. Vejamos alguns deles: Objetividade: discurso objetivo \u00e9 aquele que d\u00e1 ao\u2026","rel":"","context":"Em &quot;Ret\u00f3ricas&quot;","block_context":{"text":"Ret\u00f3ricas","link":"https:\/\/radames.manosso.nom.br\/linguagem\/category\/retorica\/retoricas\/"},"img":{"alt_text":"","src":"https:\/\/i0.wp.com\/radames.manosso.nom.br\/linguagem\/files\/retorica-1.jpg?resize=350%2C200&ssl=1","width":350,"height":200},"classes":[]},{"id":49,"url":"https:\/\/radames.manosso.nom.br\/linguagem\/retorica\/retoricas\/retorica-da-influencia\/","url_meta":{"origin":41,"position":5},"title":"Ret\u00f3rica da persuas\u00e3o","author":"Radam\u00e9s","date":false,"format":false,"excerpt":"Por persuas\u00e3o entenda-se convencer, aliciar, mover, incitar \u00e0 a\u00e7\u00e3o.\u00a0 Os meios que importam \u00e0 Ret\u00f3rica para atingir estes fins s\u00e3o a explana\u00e7\u00e3o, a argumenta\u00e7\u00e3o l\u00f3gica e paral\u00f3gica e a persuas\u00e3o pelo discurso. Elementos da ret\u00f3rica persuasiva Alguns conceitos \u00fateis para a compreens\u00e3o da ret\u00f3rica persuasiva: Explana\u00e7\u00e3o: \u00c9 o discurso que\u2026","rel":"","context":"Em &quot;Ret\u00f3ricas&quot;","block_context":{"text":"Ret\u00f3ricas","link":"https:\/\/radames.manosso.nom.br\/linguagem\/category\/retorica\/retoricas\/"},"img":{"alt_text":"","src":"https:\/\/i0.wp.com\/radames.manosso.nom.br\/linguagem\/files\/retorica-1.jpg?resize=350%2C200&ssl=1","width":350,"height":200},"classes":[]}],"_links":{"self":[{"href":"https:\/\/radames.manosso.nom.br\/linguagem\/wp-json\/wp\/v2\/posts\/41","targetHints":{"allow":["GET"]}}],"collection":[{"href":"https:\/\/radames.manosso.nom.br\/linguagem\/wp-json\/wp\/v2\/posts"}],"about":[{"href":"https:\/\/radames.manosso.nom.br\/linguagem\/wp-json\/wp\/v2\/types\/post"}],"author":[{"embeddable":true,"href":"https:\/\/radames.manosso.nom.br\/linguagem\/wp-json\/wp\/v2\/users\/1"}],"replies":[{"embeddable":true,"href":"https:\/\/radames.manosso.nom.br\/linguagem\/wp-json\/wp\/v2\/comments?post=41"}],"version-history":[{"count":5,"href":"https:\/\/radames.manosso.nom.br\/linguagem\/wp-json\/wp\/v2\/posts\/41\/revisions"}],"predecessor-version":[{"id":3992,"href":"https:\/\/radames.manosso.nom.br\/linguagem\/wp-json\/wp\/v2\/posts\/41\/revisions\/3992"}],"wp:attachment":[{"href":"https:\/\/radames.manosso.nom.br\/linguagem\/wp-json\/wp\/v2\/media?parent=41"}],"wp:term":[{"taxonomy":"category","embeddable":true,"href":"https:\/\/radames.manosso.nom.br\/linguagem\/wp-json\/wp\/v2\/categories?post=41"},{"taxonomy":"post_tag","embeddable":true,"href":"https:\/\/radames.manosso.nom.br\/linguagem\/wp-json\/wp\/v2\/tags?post=41"}],"curies":[{"name":"wp","href":"https:\/\/api.w.org\/{rel}","templated":true}]}}