{"id":416,"date":"2013-10-15T22:33:34","date_gmt":"2013-10-16T01:33:34","guid":{"rendered":"http:\/\/radames.manosso.nom.br\/linguagem\/?p=416"},"modified":"2020-12-07T17:08:12","modified_gmt":"2020-12-07T20:08:12","slug":"pronomes","status":"publish","type":"post","link":"https:\/\/radames.manosso.nom.br\/linguagem\/gramatica\/morfologia\/pronomes\/","title":{"rendered":"Pronomes"},"content":{"rendered":"\n<p>Podemos considerar os pronomes como uma classe de substitutos, pela caracter\u00edstica que apresentam de, na maioria dos casos, poderem ser comutados por sintagmas substantivos. O sistema de pronomes do portugu\u00eas \u00e9 rico e complexo. S\u00e3o os seguintes os pronomes da l\u00edngua portuguesa:<\/p>\n\n\n\n<figure class=\"wp-block-image\"><img data-recalc-dims=\"1\" loading=\"lazy\" decoding=\"async\" width=\"500\" height=\"333\" src=\"https:\/\/i0.wp.com\/radames.manosso.nom.br\/linguagem\/files\/morfologia.jpg?resize=500%2C333&#038;ssl=1\" alt=\"Morfologia\" class=\"wp-image-3202\" title=\"Morfologia\" srcset=\"https:\/\/i0.wp.com\/radames.manosso.nom.br\/linguagem\/files\/morfologia.jpg?w=500&amp;ssl=1 500w, https:\/\/i0.wp.com\/radames.manosso.nom.br\/linguagem\/files\/morfologia.jpg?resize=300%2C200&amp;ssl=1 300w\" sizes=\"auto, (max-width: 500px) 100vw, 500px\" \/><\/figure>\n\n\n\n<!--more-->\n\n\n\n<p><\/p>\n\n\n\n<figure class=\"wp-block-table\"><table><thead><tr><td>&nbsp;&nbsp;&nbsp;<\/td><td>&nbsp;&nbsp;&nbsp;<\/td><td><strong>1\u00aa Sing.<\/strong><\/td><td><strong>2\u00aa Sing.<\/strong><\/td><td><strong>3\u00aa Sing.<\/strong><\/td><td><strong>1\u00aa Plural<\/strong><\/td><td><strong>2\u00aa Plural<\/strong><\/td><td><strong>3\u00aa Plural<\/strong><\/td><\/tr><\/thead><tbody><tr><td><strong>Reto<\/strong><\/td><td>&nbsp;&nbsp;&nbsp;<\/td><td>eu<\/td><td>tu<\/td><td>Ele, ela<\/td><td>n\u00f3s<\/td><td>v\u00f3s<\/td><td>Eles, elas<\/td><\/tr><tr><td><strong>Obl\u00edquo OD<\/strong><\/td><td>&nbsp;&nbsp;<\/td><td>&nbsp;&nbsp;<\/td><td>o, lo, o, a, la, na<\/td><td>&nbsp;&nbsp;<\/td><td>&nbsp;&nbsp;<\/td><td>os, los, nos, as, las, nas<\/td><td>&nbsp;&nbsp;<\/td><\/tr><tr><td><strong>Obl\u00edquo SSp<\/strong><\/td><td><strong>\u00c1tono<\/strong><\/td><td>me<\/td><td>te<\/td><td>lhe<\/td><td>nos<\/td><td>vos<\/td><td>lhes<\/td><\/tr><tr><td>&nbsp;&nbsp;<\/td><td><strong>Reflexivo \u00e1tono<\/strong><\/td><td>me<\/td><td>te<\/td><td>se<\/td><td>nos<\/td><td>vos<\/td><td>se<\/td><\/tr><tr><td>&nbsp;&nbsp;<\/td><td><strong>T\u00f4nico<\/strong><\/td><td>mim<\/td><td>ti<\/td><td>Ele, ela<\/td><td>n\u00f3s<\/td><td>v\u00f3s<\/td><td>Eles, elas<\/td><\/tr><tr><td>&nbsp;&nbsp;<\/td><td><strong>Reflexivo t\u00f4nico<\/strong><\/td><td>mim<\/td><td>ti<\/td><td>si<\/td><td>n\u00f3s<\/td><td>v\u00f3s<\/td><td>si<\/td><\/tr><tr><td>&nbsp;<\/td><td><strong><em>com<\/em>+ pronome<\/strong><\/td><td>comigo<\/td><td>contigo<\/td><td>consigo<\/td><td>conosco<\/td><td>convosco<\/td><td>consigo<\/td><\/tr><tr><td><strong>Tratamento<\/strong><\/td><td><em>&nbsp;&nbsp;<\/em><\/td><td>&nbsp;&nbsp;<\/td><td>&nbsp;&nbsp;<\/td><td>Voc\u00ea, O Sr., A Sra., V.S.\u00aa , V.Ex.\u00aa<\/td><td>&nbsp;&nbsp;&nbsp;<\/td><td>&nbsp;&nbsp;&nbsp;<\/td><td>Voc\u00eas, Os Srs., As Sras., V.S.<sup>as,, <\/sup>V.Ex.<sup>as<\/sup><\/td><\/tr><\/tbody><\/table><\/figure>\n\n\n\n<h3 class=\"wp-block-heading\">Flex\u00f5es dos pronomes<\/h3>\n\n\n\n<p>Os pronomes s\u00e3o flexionados em pessoa, g\u00eanero, n\u00famero, e caso, embora o sistema pronominal seja defectivo, como se observa no quadro de pronomes, onde existem lacunas que correspondem \u00e0 aus\u00eancia de algumas possibilidades de flex\u00e3o. A flex\u00e3o em g\u00eanero, por exemplo s\u00f3 existe para alguns pronomes de terceira pessoa. Muitas flex\u00f5es apresentam a mesma forma que outras pr\u00f3ximas no quadro.<\/p>\n\n\n\n<p>A flex\u00e3o de caso, em portugu\u00eas, est\u00e1 presente apenas nos pronomes, que comportam tr\u00eas casos: reto, obl\u00edquo OD e&nbsp; obl\u00edquo SSp.<\/p>\n\n\n\n<ul class=\"wp-block-list\"><li><strong>Reto<\/strong>. O caso reto \u00e9 empregado quando o pronome desempenha fun\u00e7\u00e3o de sujeito da frase.<\/li><li><strong>Obl\u00edquo OD<\/strong>. O caso obl\u00edquo OD \u00e9 usado quando o pronome funciona como objeto direto na frase.<\/li><li><strong>Obl\u00edquo SSp<\/strong>. O caso obl\u00edquo SSp, por sua vez, \u00e9 usado em fun\u00e7\u00e3o de sintagma substantivo preposicionado. Uma especializa\u00e7\u00e3o do caso obl\u00edquo SSp s\u00e3o os pronomes reflexivos. O obl\u00edquo reflexivo \u00e9 usado quando o pronome ocupa fun\u00e7\u00e3o de objeto indireto e, al\u00e9m disso, o sujeito e o objeto indireto da frase denotam o mesmo referente.<\/li><\/ul>\n\n\n\n<h3 class=\"wp-block-heading\">Terceira pessoa em fun\u00e7\u00e3o de segunda<\/h3>\n\n\n\n<p>Uma caracter\u00edstica marcante do nosso sistema pronominal \u00e9 a possibilidade de, em certos casos, se usar uma flex\u00e3o de pessoa com valor de outra. O caso mais not\u00e1vel dessa peculiaridade ocorre quando nos dirigimos \u00e0 quem se fala (segunda pessoa do discurso) usando pronomes de terceira pessoa. Nesse caso, o verbo tamb\u00e9m pode vir flexionado em terceira pessoa. Observe os exemplos:<\/p>\n\n\n\n<ul class=\"wp-block-list\"><li>Tu podes me informar as horas?<\/li><li>Voc\u00ea pode me informar as horas?<\/li><\/ul>\n\n\n\n<p>O pronome da frase um est\u00e1 flexionado em segunda pessoa e o pronome da frase dois, est\u00e1 em terceira pessoa. No entanto, as frases se equivalem j\u00e1 que por meio de ambas, nos dirigimos ao receptor, ou seja, \u00e0 segunda pessoa do discurso.<\/p>\n\n\n\n<p>O uso de flex\u00f5es de terceira pessoa em lugar de segunda explica-se historicamente. Os pronomes de tratamento eram formas cerimoniais de se dirigir \u00e0s autoridades. Pela etiqueta da \u00e9poca, n\u00e3o se considerava apropriado dirigir-se \u00e0 autoridade diretamente, usando pronomes de segunda pessoa. Os pronomes de tratamento, na verdade, citavam a pessoa a quem se fala de uma forma indireta, referindo-se \u00e0 seus atributos. Por exemplo: Em vez de dizer:<\/p>\n\n\n\n<ul class=\"wp-block-list\"><li>Tu podes me conceder um favor?<\/li><\/ul>\n\n\n\n<p>dizia-se:<\/p>\n\n\n\n<ul class=\"wp-block-list\"><li>Vossa merc\u00ea pode me conceder um favor?<\/li><li>Vossa senhoria pode me conceder um favor?<\/li><\/ul>\n\n\n\n<p>A forma de tratamento&nbsp;<em>vossa merc\u00ea<\/em> evoluiu para o pronome atual&nbsp;<em>voc\u00ea<\/em>. Essa maneira de se dirigir \u00e0 quem se fala em terceira pessoa se consolidou na l\u00edngua portuguesa e hoje n\u00e3o se limita aos pronomes de tratamento e \u00e0s situa\u00e7\u00f5es formais. Temos no portugu\u00eas contempor\u00e2neo, regras que definem como usar flex\u00f5es pronominais de terceira pessoa em fun\u00e7\u00e3o de segunda. Vamos conhecer essas regras a seguir.<\/p>\n\n\n\n<ul class=\"wp-block-list\"><li><strong>Reto<\/strong>. Frases com o pronome&nbsp;<em>tu<\/em> podem ser comutadas com correspondentes que usem pronomes de tratamento. Por exemplo:<br><em><strong>Tu<\/strong> podes me fazer um favor?<br><strong>Voc\u00ea<\/strong> pode me fazer um favor?<br><strong>O senho<\/strong>r pode me fazer um favor?<br><\/em>Observe que o verbo concorda com a pessoa do pronome.<\/li><li><strong>Obl\u00edquo SSp \u00e1tono<\/strong>. Frases com o pronome&nbsp;<em>te<\/em>podem ser comutadas por correspondentes que usem&nbsp;<em>lhe<\/em> ou&nbsp;<em>a + pronome de tratamento<\/em>. Exemplos:<br><em>Concedo-<strong>te<\/strong> o benef\u00edcio.<br>Concedo-<strong>lhe<\/strong> o benef\u00edcio.<br>Concedo&nbsp;<strong>a voc\u00ea<\/strong> o benef\u00edcio.<br>Concedo&nbsp;<strong>ao senhor<\/strong> o benef\u00edcio.<\/em><\/li><li><strong>Obl\u00edquo SSp t\u00f4nico<\/strong>. Frases com o pronome&nbsp;<em>ti<\/em>s\u00e3o comut\u00e1veis por correspondentes que apresentem o pronome&nbsp;<em>lhe<\/em> ou pronomes de tratamento. Exemplos:<br><em>Concedo a&nbsp;<strong>ti<\/strong> o benef\u00edcio.<br>Concedo-<strong>lhe<\/strong> o benef\u00edcio.<br>Concedo a&nbsp;<strong>voc\u00ea<\/strong> o benef\u00edcio.<br>Concedo a<strong>o senhor<\/strong> o benef\u00edcio.<br><\/em>Observe que&nbsp;<em>lhe<\/em> substitui&nbsp;<em>preposi\u00e7\u00e3o + pronome t\u00f4nico<\/em>.<\/li><li><strong>Com + pronome<\/strong>. Frases com a forma&nbsp;<em>contigo<\/em>podem ser permutadas com correspondentes que usem&nbsp;<em>consigo<\/em> ou&nbsp;<em>com + pronome de tratamento<\/em>. Exemplos:<br><em>Vou&nbsp;<strong>contigo<\/strong> ao escrit\u00f3rio.<br>Vou&nbsp;<strong>consigo<\/strong> ao escrit\u00f3rio.<br>Vou&nbsp;<strong>com voc\u00ea<\/strong> ao escrit\u00f3rio.<br>Vou&nbsp;<strong>com o senhor<\/strong> ao escrit\u00f3rio<\/em>.<\/li><\/ul>\n\n\n\n<p>N\u00e3o existem formas de segunda pessoa para obl\u00edquo OD \u00e1tono, obl\u00edquo SSp \u00e1tono reflexivo, obl\u00edquo SSp t\u00f4nico reflexivo, e pronomes de tratamento logo, n\u00e3o h\u00e1 como fazer permuta com formas de terceira pessoa nesses casos.<\/p>\n\n\n\n<p>No caso dos pronomes&nbsp;<em>lhe<\/em> e&nbsp;<em>consigo<\/em>, somente pelo contexto podemos discernir se est\u00e3o sendo usados em fun\u00e7\u00e3o de segunda ou terceira pessoa.<\/p>\n\n\n\n<p>Embora os pronomes de tratamento sejam de terceira pessoa, seu uso ocorre praticamente s\u00f3 em fun\u00e7\u00e3o de segunda.<\/p>\n\n\n\n<h3 class=\"wp-block-heading\">Morfologia<\/h3>\n\n\n\n<ul class=\"wp-block-list\" id=\"block-e843ba6f-6e3e-4a00-9a86-3524b7cea45c\"><li><a href=\"https:\/\/radames.manosso.nom.br\/linguagem\/gramatica\/morfologia\/categorias-morfologicas\/\">Categorias morfol\u00f3gicas<\/a><\/li><li><a href=\"https:\/\/radames.manosso.nom.br\/linguagem\/gramatica\/morfologia\/classes-morfologicas\/\">Classes morfol\u00f3gicas<\/a><\/li><li><a href=\"https:\/\/radames.manosso.nom.br\/linguagem\/gramatica\/morfologia\/morfema\/\">Morfema<\/a><\/li><li><a href=\"https:\/\/radames.manosso.nom.br\/linguagem\/gramatica\/morfologia\/classes-de-morfemas-presos\/\">Classes de morfemas presos<\/a><\/li><li><a href=\"https:\/\/radames.manosso.nom.br\/linguagem\/gramatica\/morfologia\/palavra\/\">Palavra<\/a><\/li><li><a href=\"https:\/\/radames.manosso.nom.br\/linguagem\/gramatica\/morfologia\/lexema\/\">Lexema<\/a><\/li><li><a href=\"https:\/\/radames.manosso.nom.br\/linguagem\/gramatica\/morfologia\/locucao-contracao-e-fraseologia\/\">Locu\u00e7\u00e3o, contra\u00e7\u00e3o e fraseologia<\/a><\/li><li><a href=\"https:\/\/radames.manosso.nom.br\/linguagem\/gramatica\/morfologia\/substantivo\/\">Substantivo<\/a><\/li><li><a href=\"https:\/\/radames.manosso.nom.br\/linguagem\/gramatica\/morfologia\/flexao-do-substantivo-em-genero\/\">Flex\u00e3o do substantivo em g\u00eanero<\/a><\/li><li><a href=\"https:\/\/radames.manosso.nom.br\/linguagem\/gramatica\/morfologia\/flexao-do-substantivo-em-grau\/\">Flex\u00e3o do substantivo em grau<\/a><\/li><li><a href=\"https:\/\/radames.manosso.nom.br\/linguagem\/gramatica\/morfologia\/flexao-do-substantivo-em-numero\/\">Flex\u00e3o do substantivo em n\u00famero<\/a><\/li><li><a href=\"https:\/\/radames.manosso.nom.br\/linguagem\/gramatica\/morfologia\/adjetivos\/\">Adjetivos<\/a><\/li><li><a href=\"https:\/\/radames.manosso.nom.br\/linguagem\/gramatica\/morfologia\/adverbio\/\">Adv\u00e9rbio<\/a><\/li><li><a href=\"https:\/\/radames.manosso.nom.br\/linguagem\/gramatica\/morfologia\/propriedades-de-adverbios\/\">Propriedades de adv\u00e9rbios<\/a><\/li><li><a href=\"https:\/\/radames.manosso.nom.br\/linguagem\/gramatica\/morfologia\/artigo\/\">Artigo<\/a><\/li><li><a href=\"https:\/\/radames.manosso.nom.br\/linguagem\/gramatica\/morfologia\/demonstrativos\/\">Demonstrativos<\/a><\/li><li><a href=\"https:\/\/radames.manosso.nom.br\/linguagem\/gramatica\/morfologia\/locativos\/\">Locativos<\/a><\/li><li><a href=\"https:\/\/radames.manosso.nom.br\/linguagem\/gramatica\/morfologia\/possessivos\/\">Possessivos<\/a><\/li><li><a href=\"https:\/\/radames.manosso.nom.br\/linguagem\/gramatica\/morfologia\/pronomes\/\">Pronomes<\/a><\/li><li><a href=\"https:\/\/radames.manosso.nom.br\/linguagem\/gramatica\/morfologia\/preposicao\/\">Preposi\u00e7\u00e3o<\/a><\/li><li><a href=\"https:\/\/radames.manosso.nom.br\/linguagem\/gramatica\/morfologia\/analise-semantica-da-preposicao\/\">An\u00e1lise sem\u00e2ntica da preposi\u00e7\u00e3o<\/a><\/li><li><a href=\"https:\/\/radames.manosso.nom.br\/linguagem\/gramatica\/morfologia\/contracoes-prepositivas\/\">Contra\u00e7\u00f5es prepositivas<\/a><\/li><li><a href=\"https:\/\/radames.manosso.nom.br\/linguagem\/gramatica\/morfologia\/fraseologias-prepositivas\/\">Fraseologias prepositivas<\/a><\/li><li><a href=\"https:\/\/radames.manosso.nom.br\/linguagem\/gramatica\/morfologia\/derivacao-de-classe-morfologica\/\">Deriva\u00e7\u00e3o de classe morfol\u00f3gica<\/a><\/li><\/ul>\n","protected":false},"excerpt":{"rendered":"<p>Podemos considerar os pronomes como uma classe de substitutos, pela caracter\u00edstica que apresentam de, na maioria dos casos, poderem ser comutados por sintagmas substantivos. O sistema de pronomes do portugu\u00eas \u00e9 rico e complexo. S\u00e3o os seguintes os pronomes da l\u00edngua portuguesa:<\/p>\n","protected":false},"author":1,"featured_media":0,"comment_status":"closed","ping_status":"closed","sticky":false,"template":"","format":"standard","meta":{"jetpack_post_was_ever_published":false,"_jetpack_newsletter_access":"","_jetpack_dont_email_post_to_subs":false,"_jetpack_newsletter_tier_id":0,"_jetpack_memberships_contains_paywalled_content":false,"_jetpack_memberships_contains_paid_content":false,"footnotes":"","jetpack_publicize_message":"","jetpack_publicize_feature_enabled":true,"jetpack_social_post_already_shared":false,"jetpack_social_options":{"image_generator_settings":{"template":"highway","default_image_id":0,"font":"","enabled":false},"version":2}},"categories":[229],"tags":[240,230,255,256],"class_list":["post-416","post","type-post","status-publish","format-standard","hentry","category-morfologia","tag-classe","tag-morfologia-2","tag-pronome","tag-substituto"],"jetpack_publicize_connections":[],"jetpack_featured_media_url":"","jetpack_sharing_enabled":true,"jetpack_shortlink":"https:\/\/wp.me\/s74YWN-pronomes","jetpack-related-posts":[{"id":382,"url":"https:\/\/radames.manosso.nom.br\/linguagem\/gramatica\/morfologia\/classes-morfologicas\/","url_meta":{"origin":416,"position":0},"title":"Classes morfol\u00f3gicas","author":"Radam\u00e9s","date":false,"format":false,"excerpt":"Classificar morfemas e palavras \u00e9 uma tarefa complexa que talvez nunca chegue a um resultado satisfat\u00f3rio. Para come\u00e7ar, \u00e9 preciso entender que as classifica\u00e7\u00f5es n\u00e3o s\u00e3o boas em si, mas quando adequadas a um determinado fim. Uma boa classifica\u00e7\u00e3o para uma finalidade n\u00e3o invalida outra, igualmente boa, que atende outra\u2026","rel":"","context":"Em &quot;Morfologia&quot;","block_context":{"text":"Morfologia","link":"https:\/\/radames.manosso.nom.br\/linguagem\/category\/gramatica\/morfologia\/"},"img":{"alt_text":"","src":"https:\/\/i0.wp.com\/radames.manosso.nom.br\/linguagem\/files\/morfologia.jpg?resize=350%2C200&ssl=1","width":350,"height":200},"classes":[]},{"id":3674,"url":"https:\/\/radames.manosso.nom.br\/linguagem\/gramatica\/morfologia\/possessivos\/","url_meta":{"origin":416,"position":1},"title":"Possessivos &#8211; classe morfol\u00f3gica","author":"Radam\u00e9s","date":false,"format":false,"excerpt":"A classe dos possessivos \u00e9 lim\u00edtrofe. Poderia ser considerada como um caso especial da classe dos adjetivos, mas tem caracter\u00edsticas especiais como o fato de ser uma classe fechada e de ser flexionada em n\u00famero, g\u00eanero, pessoa singular e pessoa plural. Em fun\u00e7\u00e3o dessas caracter\u00edsticas, incomuns aos adjetivos, \u00e9 que\u2026","rel":"","context":"Em &quot;Morfologia&quot;","block_context":{"text":"Morfologia","link":"https:\/\/radames.manosso.nom.br\/linguagem\/category\/gramatica\/morfologia\/"},"img":{"alt_text":"","src":"https:\/\/i0.wp.com\/radames.manosso.nom.br\/linguagem\/files\/substantivo.jpg?resize=350%2C200&ssl=1","width":350,"height":200},"classes":[]},{"id":3685,"url":"https:\/\/radames.manosso.nom.br\/linguagem\/gramatica\/morfologia\/locativos\/","url_meta":{"origin":416,"position":2},"title":"Locativos","author":"Radam\u00e9s","date":false,"format":false,"excerpt":"A classe dos locativos \u00e9 fechada e compostas por palavras invariantes, n\u00e3o flexionadas. Comportam-se como pronomes na maioria dos casos, ou seja, substituem a contento sintagmas substantivos. Na Gram\u00e1tica Tradicional os locativos s\u00e3o tratados como adv\u00e9rbios de lugar. Locativos em fun\u00e7\u00e3o de pronome Observe a s\u00e9rie: Sou de Curitiba. Sou\u2026","rel":"","context":"Em &quot;Morfologia&quot;","block_context":{"text":"Morfologia","link":"https:\/\/radames.manosso.nom.br\/linguagem\/category\/gramatica\/morfologia\/"},"img":{"alt_text":"","src":"https:\/\/i0.wp.com\/radames.manosso.nom.br\/linguagem\/files\/substantivo.jpg?resize=350%2C200&ssl=1","width":350,"height":200},"classes":[]},{"id":401,"url":"https:\/\/radames.manosso.nom.br\/linguagem\/gramatica\/morfologia\/demonstrativos\/","url_meta":{"origin":416,"position":3},"title":"Demonstrativos","author":"Radam\u00e9s","date":false,"format":false,"excerpt":"A classe dos demonstrativos \u00e9 lim\u00edtrofe, pois apresenta caracter\u00edsticas de adjetivos e de pronomes. Constitui-se de um \u00fanico lexema com 15 flex\u00f5es. Os demonstrativos apresentam uma rica matriz de flex\u00f5es. Observando a tabela podemos notar algumas regularidades como: Apresentam forma masculina, feminina e indeterminada em g\u00eanero.Apresentam forma singular, plural e\u2026","rel":"","context":"Em &quot;Morfologia&quot;","block_context":{"text":"Morfologia","link":"https:\/\/radames.manosso.nom.br\/linguagem\/category\/gramatica\/morfologia\/"},"img":{"alt_text":"","src":"https:\/\/i0.wp.com\/radames.manosso.nom.br\/linguagem\/files\/morfologia.jpg?resize=350%2C200&ssl=1","width":350,"height":200},"classes":[]},{"id":414,"url":"https:\/\/radames.manosso.nom.br\/linguagem\/gramatica\/morfologia\/contracoes-prepositivas\/","url_meta":{"origin":416,"position":4},"title":"Contra\u00e7\u00f5es prepositivas","author":"Radam\u00e9s","date":false,"format":false,"excerpt":"Observe a s\u00e9rie: Festa\u00a0da vit\u00f3ria.Brilho\u00a0do olho.Estrada\u00a0das cataratas.Terra\u00a0dos pinheirais. Os itens em negrito s\u00e3o resultados de acomoda\u00e7\u00f5es fonol\u00f3gicas. No caso, s\u00e3o contra\u00e7\u00f5es da preposi\u00e7\u00e3o\u00a0de com os artigos definidos\u00a0a,\u00a0o,\u00a0as e\u00a0os. Em portugu\u00eas, as preposi\u00e7\u00f5es interagem fonologicamente com outros itens de l\u00e9xico. Nessas intera\u00e7\u00f5es predominam as contra\u00e7\u00f5es. Veja no quadro, a lista completa\u2026","rel":"","context":"Em &quot;Morfologia&quot;","block_context":{"text":"Morfologia","link":"https:\/\/radames.manosso.nom.br\/linguagem\/category\/gramatica\/morfologia\/"},"img":{"alt_text":"","src":"https:\/\/i0.wp.com\/radames.manosso.nom.br\/linguagem\/files\/morfologia.jpg?resize=350%2C200&ssl=1","width":350,"height":200},"classes":[]},{"id":379,"url":"https:\/\/radames.manosso.nom.br\/linguagem\/gramatica\/morfologia\/categorias-morfologicas\/","url_meta":{"origin":416,"position":5},"title":"Categorias morfol\u00f3gicas","author":"Radam\u00e9s","date":false,"format":false,"excerpt":"N\u00e3o \u00e9 f\u00e1cil definir categorias morfol\u00f3gicas, dada a heterogeneidade do conjunto tradicionalmente levantado pelos linguistas. O melhor em se tratando dessas categorias \u00e9 fazer uma defini\u00e7\u00e3o extensiva. Em portugu\u00eas, nos interessam as categorias tratadas por solu\u00e7\u00f5es baseadas em flex\u00e3o. Assim sendo, vamos considerar as categorias de n\u00famero, g\u00eanero, pessoa, caso,\u2026","rel":"","context":"Em &quot;Morfologia&quot;","block_context":{"text":"Morfologia","link":"https:\/\/radames.manosso.nom.br\/linguagem\/category\/gramatica\/morfologia\/"},"img":{"alt_text":"","src":"https:\/\/i0.wp.com\/radames.manosso.nom.br\/linguagem\/files\/morfologia.jpg?resize=350%2C200&ssl=1","width":350,"height":200},"classes":[]}],"_links":{"self":[{"href":"https:\/\/radames.manosso.nom.br\/linguagem\/wp-json\/wp\/v2\/posts\/416","targetHints":{"allow":["GET"]}}],"collection":[{"href":"https:\/\/radames.manosso.nom.br\/linguagem\/wp-json\/wp\/v2\/posts"}],"about":[{"href":"https:\/\/radames.manosso.nom.br\/linguagem\/wp-json\/wp\/v2\/types\/post"}],"author":[{"embeddable":true,"href":"https:\/\/radames.manosso.nom.br\/linguagem\/wp-json\/wp\/v2\/users\/1"}],"replies":[{"embeddable":true,"href":"https:\/\/radames.manosso.nom.br\/linguagem\/wp-json\/wp\/v2\/comments?post=416"}],"version-history":[{"count":5,"href":"https:\/\/radames.manosso.nom.br\/linguagem\/wp-json\/wp\/v2\/posts\/416\/revisions"}],"predecessor-version":[{"id":4242,"href":"https:\/\/radames.manosso.nom.br\/linguagem\/wp-json\/wp\/v2\/posts\/416\/revisions\/4242"}],"wp:attachment":[{"href":"https:\/\/radames.manosso.nom.br\/linguagem\/wp-json\/wp\/v2\/media?parent=416"}],"wp:term":[{"taxonomy":"category","embeddable":true,"href":"https:\/\/radames.manosso.nom.br\/linguagem\/wp-json\/wp\/v2\/categories?post=416"},{"taxonomy":"post_tag","embeddable":true,"href":"https:\/\/radames.manosso.nom.br\/linguagem\/wp-json\/wp\/v2\/tags?post=416"}],"curies":[{"name":"wp","href":"https:\/\/api.w.org\/{rel}","templated":true}]}}