{"id":423,"date":"2013-10-15T22:41:53","date_gmt":"2013-10-16T01:41:53","guid":{"rendered":"http:\/\/radames.manosso.nom.br\/linguagem\/?p=423"},"modified":"2020-12-06T19:23:25","modified_gmt":"2020-12-06T22:23:25","slug":"flexao-do-substantivo-em-numero","status":"publish","type":"post","link":"https:\/\/radames.manosso.nom.br\/linguagem\/gramatica\/morfologia\/flexao-do-substantivo-em-numero\/","title":{"rendered":"Flex\u00e3o do substantivo em n\u00famero"},"content":{"rendered":"\n<p>Em portugu\u00eas h\u00e1 duas flex\u00f5es de n\u00famero: singular e plural e a maioria dos substantivos \u00e9 flexionada em n\u00famero. No entanto, uma parte deles t\u00eam comportamento espec\u00edfico quanto ao n\u00famero. Vejamos na tabela a seguir quais s\u00e3o as possibilidades.<\/p>\n\n\n\n<figure class=\"wp-block-image\"><img data-recalc-dims=\"1\" loading=\"lazy\" decoding=\"async\" width=\"500\" height=\"333\" src=\"https:\/\/i0.wp.com\/radames.manosso.nom.br\/linguagem\/files\/substantivo.jpg?resize=500%2C333&#038;ssl=1\" alt=\"Substantivo\" class=\"wp-image-3204\" srcset=\"https:\/\/i0.wp.com\/radames.manosso.nom.br\/linguagem\/files\/substantivo.jpg?w=500&amp;ssl=1 500w, https:\/\/i0.wp.com\/radames.manosso.nom.br\/linguagem\/files\/substantivo.jpg?resize=300%2C200&amp;ssl=1 300w\" sizes=\"auto, (max-width: 500px) 100vw, 500px\" \/><\/figure>\n\n\n\n<!--more-->\n\n\n\n<figure class=\"wp-block-table alignfull is-style-stripes\"><table><tbody><tr><td><strong>Classifica\u00e7\u00e3o <\/strong><\/td><td>F<strong>un\u00e7\u00e3o sem\u00e2ntica?<\/strong><\/td><td><strong>Flexionado&nbsp; em n\u00famero?<\/strong><\/td><td><strong>Tem n\u00famero impl\u00edcito?<\/strong><\/td><td><strong>Flex\u00e3o dos determinantes <\/strong><br><strong>ligados<\/strong><\/td><td><strong>Exemplos<\/strong><\/td><\/tr><tr><td><strong>Flexionados<\/strong><\/td><td>Sim<\/td><td>Sim.<\/td><td>N\u00e3o<\/td><td>Concordam com a flex\u00e3o do substantivo que concorda com o contexto.<\/td><td><em>carro\/carros<\/em>, <em style=\"font-size: inherit; font-family: inherit; background-color: transparent;\">jogo\/jogos<\/em>, <em style=\"font-size: inherit; font-family: inherit; background-color: transparent;\">amor\/amores<\/em> <\/td><\/tr><tr><td><strong>Invari\u00e1veis de singular impl\u00edcito<\/strong><\/td><td>N\u00e3o<\/td><td>N\u00e3o<\/td><td>Sim<\/td><td>Concordam com o singular impl\u00edcito.<\/td><td><em>Ferro<\/em> , <em style=\"font-size: inherit; font-family: inherit;\">Cobre<\/em><br><em style=\"font-size: inherit; font-family: inherit;\">Caridade<\/em>, <em style=\"font-size: inherit; font-family: inherit;\">F\u00e9<\/em>, <em style=\"font-size: inherit; font-family: inherit;\">Cana<\/em>, <em style=\"font-size: inherit; font-family: inherit;\">Mel<\/em><\/td><\/tr><tr><td><strong>Invari\u00e1veis de plural impl\u00edcito<\/strong><\/td><td>N\u00e3o<\/td><td>N\u00e3o<\/td><td>Sim<\/td><td>Concordam com o plural impl\u00edcito.<\/td><td><em>\u00d3culos<\/em>, <em style=\"font-size: inherit; font-family: inherit; background-color: transparent;\">F\u00e9rias<\/em>, <em style=\"font-size: inherit; font-family: inherit; background-color: transparent;\">P\u00easames<\/em>, <em style=\"font-size: inherit; font-family: inherit; background-color: transparent;\">Anais<\/em> <\/td><\/tr><tr><td><strong>Invari\u00e1veis sem n\u00famero impl\u00edcito<\/strong><\/td><td>N\u00e3o<\/td><td>N\u00e3o<\/td><td>N\u00e3o<\/td><td>Concordam com o contexto.<\/td><td><em>O l\u00e1pis\/os l\u00e1pis<\/em>, <em style=\"font-size: inherit; font-family: inherit;\">O pires\/os pires<\/em><\/td><\/tr><\/tbody><\/table><\/figure>\n\n\n\n<h3 class=\"wp-block-heading\">Forma\u00e7\u00e3o de n\u00famero dos substantivos<\/h3>\n\n\n\n<p>Para os substantivos flexionados h\u00e1 diversos padr\u00f5es de flex\u00e3o de n\u00famero, envolvendo morfemas flexivos no final da palavra. Estes padr\u00f5es se devem a raz\u00f5es fonol\u00f3gicas e evolutivas do idioma que, em alguns casos, deixaram sua marca na ortografia.<\/p>\n\n\n\n<figure class=\"wp-block-table is-style-stripes\"><table><tbody><tr><td><strong>Contexto<\/strong><\/td><td><strong>Singular<\/strong><\/td><td><strong>Plural<\/strong><\/td><td><strong>Exemplos<\/strong><\/td><\/tr><tr><td>Final em vogal oral ou \/y\/<\/td><td>Morfema zero*<\/td><td>\/s\/<\/td><td><em>Casa\/casas, P\u00e9\/p\u00e9s<\/em> <em>Rubi\/rubis, Jato\/jatos, Urubu\/urubus, Pai\/pais<\/em><\/td><\/tr><tr><td>Final em \/w\/ n\u00e3o grafado com <em>L<\/em>.<\/td><td>Morfema zero*<\/td><td>\/s\/<\/td><td><em>Mau\/maus, V\u00e9u\/v\u00e9us<\/em><\/td><\/tr><tr><td>Final em vogal nasal n\u00e3o grafada com <em>M<\/em><em>.<\/em><\/td><td>Morfema zero*<\/td><td>\/s\/<\/td><td><em>Artes\u00e3\/artes\u00e3s, P\u00f3len\/polens, L\u00edquen\/liquens<\/em><\/td><\/tr><tr><td>Final em vogal nasal grafada com M<em>.<\/em><\/td><td>Morfema zero*<\/td><td>\/s\/ grafia ns<\/td><td><em>\u00c1lbum\/\u00e1lbuns, Nuvem\/nuvens<\/em><\/td><\/tr><tr><td>Algumas palavras com final em \/\u00e3w\/.<\/td><td>Morfema zero*<\/td><td>\/s\/<\/td><td><em>Cidad\u00e3o\/cidad\u00e3os<\/em><\/td><\/tr><tr><td>Final em \/aw\/, \/ew\/, \/ow\/ ou \/uw\/ e grafia com L.<\/td><td>\/w\/<\/td><td>\/ys\/<\/td><td><em>Pombal\/pombais, Tonel\/ton\u00e9is, \u00c1lcool\/\u00e1lcoois<\/em><\/td><\/tr><tr><td>Ox\u00edtonas com final em \/iw\/ e grafia com L. **<\/td><td>\/w\/<\/td><td>\/s\/<\/td><td><em>Fuzil\/fuzis<\/em><\/td><\/tr><tr><td>Parox\u00edtonas com final em \/iw\/ e grafia com L<\/td><td>\/iw\/<\/td><td>\/eys\/<\/td><td><em>F\u00f3ssil\/f\u00f3sseis<\/em><\/td><\/tr><tr><td>Algumas palavras com final em \/\u00e3w\/.<\/td><td>\/\u00e3w\/<\/td><td>\/\u00f5ys\/<\/td><td><em>Vag\u00e3o\/vag\u00f5es<\/em><\/td><\/tr><tr><td>Algumas palavras com final em \/\u00e3w\/.<\/td><td>\/\u00e3w\/<\/td><td>\/\u00e3ys\/<\/td><td><em>Alem\u00e3o\/alem\u00e3es<\/em><\/td><\/tr><tr><td>Final em \/s\/ e grafia com&nbsp;<em>z.<\/em><\/td><td>\/s\/<\/td><td>\/zes\/<\/td><td><em>Cruz\/cruzes<\/em><\/td><\/tr><tr><td>Ox\u00edtonas com final em \/s\/ e grafia com S.<\/td><td>\/s\/<\/td><td>\/zes\/<\/td><td><em>G\u00e1s\/gases<\/em><\/td><\/tr><tr><td>Final em \/\u0159\/<\/td><td>\/\u0159\/<\/td><td>\/res\/<\/td><td><em>D\u00f3lar\/D\u00f3lares<\/em><\/td><\/tr><\/tbody><\/table><\/figure>\n\n\n\n<p>* Essa categoria inclui todos os substantivos flexionados em n\u00famero, menos os que se enquadram nos cinco outros casos citados na tabela.<\/p>\n\n\n\n<p>** Existem exce\u00e7\u00f5es como:&nbsp;<em>mal\/males, c\u00f4nsul\/c\u00f4nsules<\/em>.<\/p>\n\n\n\n<h3 class=\"wp-block-heading\">Substantivos invari\u00e1veis sem n\u00famero impl\u00edcito<\/h3>\n\n\n\n<p>Alguns substantivos que admitem singular e plural sem\u00e2nticos n\u00e3o s\u00e3o flexionados em n\u00famero. O n\u00famero \u00e9 percebido pelo contexto, gra\u00e7as a indica\u00e7\u00f5es presentes em outros elementos do discurso. Est\u00e3o nessa categoria:<\/p>\n\n\n\n<ul class=\"wp-block-list\"><li>Parox\u00edtonas ou proparox\u00edtonas que terminam em \/s\/ e s\u00e3o grafadas com&nbsp;<em>s<\/em>. <br>Ex.:&nbsp;<em>o pires\/os pires, o b\u00edceps\/os b\u00edceps, o \u00f4nibus\/os \u00f4nibus<\/em>.<\/li><li>Terminados em \/cs\/. <br>Ex.:&nbsp;<em>o t\u00f3rax\/os t\u00f3rax, o \u00f4nix\/os \u00f4nix, a f\u00eanix\/as f\u00eanix<\/em>.<\/li><\/ul>\n\n\n\n<h3 class=\"wp-block-heading\">Substantivos invari\u00e1veis de singular impl\u00edcito<\/h3>\n\n\n\n<p>Alguns substantivos, embora possam ser hipoteticamente flexionados em n\u00famero se considerarmos apenas as regras fonol\u00f3gicas, n\u00e3o s\u00e3o empregados no plural por raz\u00f5es sem\u00e2nticas. Em geral, s\u00e3o substantivos associados \u00e0 no\u00e7\u00f5es marcadas como incont\u00e1veis. Por exemplo:<\/p>\n\n\n\n<ul class=\"wp-block-list\"><li><strong>Subst\u00e2ncias qu\u00edmicas:<\/strong>&nbsp;<em>ferro, cloro, chumbo<\/em>.<\/li><li><strong>Materiais em granel:<\/strong>&nbsp;<em>arroz, feij\u00e3o, sal<\/em>.<\/li><\/ul>\n\n\n\n<p>Tamb\u00e9m entram nessa categoria no\u00e7\u00f5es que n\u00e3o comportam plural:&nbsp;<em>Hoje, amanh\u00e3<\/em>.<\/p>\n\n\n\n<ul class=\"wp-block-list\"><li><strong>Hoje <\/strong>\u00e9 um dia especial.<\/li><li>O <strong>amanh\u00e3 <\/strong>a Deus pertence.<\/li><\/ul>\n\n\n\n<h3 class=\"wp-block-heading\">Substantivos invari\u00e1veis de plural impl\u00edcito<\/h3>\n\n\n\n<p>Do mesmo modo, alguns substantivos que hipoteticamente admitem singular e plural, s\u00e3o usados apenas no plural por raz\u00f5es sem\u00e2nticas e convencionais. <\/p>\n\n\n\n<p>Exemplos:\u00a0<em>\u00f3culos, f\u00e9rias, p\u00easames<\/em>.<\/p>\n\n\n\n<h3 class=\"wp-block-heading\">Morfologia<\/h3>\n\n\n\n<ul class=\"wp-block-list\" id=\"block-e843ba6f-6e3e-4a00-9a86-3524b7cea45c\"><li><a href=\"https:\/\/radames.manosso.nom.br\/linguagem\/gramatica\/morfologia\/categorias-morfologicas\/\">Categorias morfol\u00f3gicas<\/a><\/li><li><a href=\"https:\/\/radames.manosso.nom.br\/linguagem\/gramatica\/morfologia\/classes-morfologicas\/\">Classes morfol\u00f3gicas<\/a><\/li><li><a href=\"https:\/\/radames.manosso.nom.br\/linguagem\/gramatica\/morfologia\/morfema\/\">Morfema<\/a><\/li><li><a href=\"https:\/\/radames.manosso.nom.br\/linguagem\/gramatica\/morfologia\/classes-de-morfemas-presos\/\">Classes de morfemas presos<\/a><\/li><li><a href=\"https:\/\/radames.manosso.nom.br\/linguagem\/gramatica\/morfologia\/palavra\/\">Palavra<\/a><\/li><li><a href=\"https:\/\/radames.manosso.nom.br\/linguagem\/gramatica\/morfologia\/lexema\/\">Lexema<\/a><\/li><li><a href=\"https:\/\/radames.manosso.nom.br\/linguagem\/gramatica\/morfologia\/locucao-contracao-e-fraseologia\/\">Locu\u00e7\u00e3o, contra\u00e7\u00e3o e fraseologia<\/a><\/li><li><a href=\"https:\/\/radames.manosso.nom.br\/linguagem\/gramatica\/morfologia\/substantivo\/\">Substantivo<\/a><\/li><li><a href=\"https:\/\/radames.manosso.nom.br\/linguagem\/gramatica\/morfologia\/flexao-do-substantivo-em-genero\/\">Flex\u00e3o do substantivo em g\u00eanero<\/a><\/li><li><a href=\"https:\/\/radames.manosso.nom.br\/linguagem\/gramatica\/morfologia\/flexao-do-substantivo-em-grau\/\">Flex\u00e3o do substantivo em grau<\/a><\/li><li><a href=\"https:\/\/radames.manosso.nom.br\/linguagem\/gramatica\/morfologia\/flexao-do-substantivo-em-numero\/\">Flex\u00e3o do substantivo em n\u00famero<\/a><\/li><li><a href=\"https:\/\/radames.manosso.nom.br\/linguagem\/gramatica\/morfologia\/adjetivos\/\">Adjetivos<\/a><\/li><li><a href=\"https:\/\/radames.manosso.nom.br\/linguagem\/gramatica\/morfologia\/adverbio\/\">Adv\u00e9rbio<\/a><\/li><li><a href=\"https:\/\/radames.manosso.nom.br\/linguagem\/gramatica\/morfologia\/propriedades-de-adverbios\/\">Propriedades de adv\u00e9rbios<\/a><\/li><li><a href=\"https:\/\/radames.manosso.nom.br\/linguagem\/gramatica\/morfologia\/artigo\/\">Artigo<\/a><\/li><li><a href=\"https:\/\/radames.manosso.nom.br\/linguagem\/gramatica\/morfologia\/demonstrativos\/\">Demonstrativos<\/a><\/li><li><a href=\"https:\/\/radames.manosso.nom.br\/linguagem\/gramatica\/morfologia\/locativos\/\">Locativos<\/a><\/li><li><a href=\"https:\/\/radames.manosso.nom.br\/linguagem\/gramatica\/morfologia\/possessivos\/\">Possessivos<\/a><\/li><li><a href=\"https:\/\/radames.manosso.nom.br\/linguagem\/gramatica\/morfologia\/pronomes\/\">Pronomes<\/a><\/li><li><a href=\"https:\/\/radames.manosso.nom.br\/linguagem\/gramatica\/morfologia\/preposicao\/\">Preposi\u00e7\u00e3o<\/a><\/li><li><a href=\"https:\/\/radames.manosso.nom.br\/linguagem\/gramatica\/morfologia\/analise-semantica-da-preposicao\/\">An\u00e1lise sem\u00e2ntica da preposi\u00e7\u00e3o<\/a><\/li><li><a href=\"https:\/\/radames.manosso.nom.br\/linguagem\/gramatica\/morfologia\/contracoes-prepositivas\/\">Contra\u00e7\u00f5es prepositivas<\/a><\/li><li><a href=\"https:\/\/radames.manosso.nom.br\/linguagem\/gramatica\/morfologia\/fraseologias-prepositivas\/\">Fraseologias prepositivas<\/a><\/li><li><a href=\"https:\/\/radames.manosso.nom.br\/linguagem\/gramatica\/morfologia\/derivacao-de-classe-morfologica\/\">Deriva\u00e7\u00e3o de classe morfol\u00f3gica<\/a><\/li><\/ul>\n","protected":false},"excerpt":{"rendered":"<p>Em portugu\u00eas h\u00e1 duas flex\u00f5es de n\u00famero: singular e plural e a maioria dos substantivos \u00e9 flexionada em n\u00famero. No entanto, uma parte deles t\u00eam comportamento espec\u00edfico quanto ao n\u00famero. Vejamos na tabela a seguir quais s\u00e3o as possibilidades.<\/p>\n","protected":false},"author":1,"featured_media":0,"comment_status":"open","ping_status":"closed","sticky":false,"template":"","format":"standard","meta":{"jetpack_post_was_ever_published":false,"_jetpack_newsletter_access":"","_jetpack_dont_email_post_to_subs":false,"_jetpack_newsletter_tier_id":0,"_jetpack_memberships_contains_paywalled_content":false,"_jetpack_memberships_contains_paid_content":false,"footnotes":"","jetpack_publicize_message":"","jetpack_publicize_feature_enabled":true,"jetpack_social_post_already_shared":false,"jetpack_social_options":{"image_generator_settings":{"template":"highway","default_image_id":0,"font":"","enabled":false},"version":2}},"categories":[229],"tags":[240,247,230,235,225],"class_list":["post-423","post","type-post","status-publish","format-standard","hentry","category-morfologia","tag-classe","tag-flexao","tag-morfologia-2","tag-numero","tag-substantivo"],"jetpack_publicize_connections":[],"jetpack_featured_media_url":"","jetpack_sharing_enabled":true,"jetpack_shortlink":"https:\/\/wp.me\/p74YWN-6P","jetpack-related-posts":[{"id":420,"url":"https:\/\/radames.manosso.nom.br\/linguagem\/gramatica\/morfologia\/substantivo\/","url_meta":{"origin":423,"position":0},"title":"Substantivo","author":"Radam\u00e9s","date":false,"format":false,"excerpt":"Os substantivos s\u00e3o flexionados em grau, g\u00eanero e n\u00famero. Assim, um lexema substantivo pode apresentar at\u00e9 12 flex\u00f5es como no exemplo: Flex\u00e3oRadicalGrauG\u00eaneroN\u00fameroMeninomenin-o-Meninamenin-osMeninosmenin-a-Meninasmenin-asMenininhomenininho-MenininhosmenininhosMenininhamenininha-MenininhasmenininhasMenin\u00e3omenin\u00e3oMenin\u00f5esmenin\u00f5esMeninonameninona-Meninonasmeninonas No exemplo acima, vemos que as flex\u00f5es anal\u00edticas predominam. Em\u00a0menininhos, por exemplo, temos flex\u00e3o anal\u00edtica com quatro morfemas: um radical (menin) e desin\u00eancias de grau (inh), g\u00eanero (o)\u2026","rel":"","context":"Em &quot;Morfologia&quot;","block_context":{"text":"Morfologia","link":"https:\/\/radames.manosso.nom.br\/linguagem\/category\/gramatica\/morfologia\/"},"img":{"alt_text":"","src":"https:\/\/i0.wp.com\/radames.manosso.nom.br\/linguagem\/files\/substantivo.jpg?resize=350%2C200&ssl=1","width":350,"height":200},"classes":[]},{"id":394,"url":"https:\/\/radames.manosso.nom.br\/linguagem\/gramatica\/morfologia\/adjetivos\/","url_meta":{"origin":423,"position":1},"title":"Adjetivos","author":"Radam\u00e9s","date":false,"format":false,"excerpt":"Os adjetivos admitem flex\u00e3o em grau, g\u00eanero e n\u00famero, de onde se obt\u00e9m at\u00e9 16 flex\u00f5es para um \u00fanico lexema adjetivo, como se v\u00ea na tabela a seguir: Flex\u00e3oRadicalGrauG\u00eaneroN\u00fameroLindoLind-o-LindaLind-a-LindosLind-osLindasLind-asLindinhoLindinho-LindinhaLindinha-LindinhosLindinhosLindinhasLindinhasLind\u00e3oLind\u00e3o--Lind\u00f5esLind\u00f5es--LindonaLindona--LindonasLindona-sLind\u00edssimoLind\u00edssimo-Lind\u00edssimosLind\u00edssimosLind\u00edssimaLind\u00edssima-Lind\u00edssimasLind\u00edssimas Flex\u00e3o em n\u00famero Os adjetivos seguem tr\u00eas regras para n\u00famero: Todos os adjetivos s\u00e3o flexionados em n\u00famero.Concordam com o n\u00famero do\u2026","rel":"","context":"Em &quot;Morfologia&quot;","block_context":{"text":"Morfologia","link":"https:\/\/radames.manosso.nom.br\/linguagem\/category\/gramatica\/morfologia\/"},"img":{"alt_text":"","src":"https:\/\/i0.wp.com\/radames.manosso.nom.br\/linguagem\/files\/morfologia.jpg?resize=350%2C200&ssl=1","width":350,"height":200},"classes":[]},{"id":379,"url":"https:\/\/radames.manosso.nom.br\/linguagem\/gramatica\/morfologia\/categorias-morfologicas\/","url_meta":{"origin":423,"position":2},"title":"Categorias morfol\u00f3gicas","author":"Radam\u00e9s","date":false,"format":false,"excerpt":"N\u00e3o \u00e9 f\u00e1cil definir categorias morfol\u00f3gicas, dada a heterogeneidade do conjunto tradicionalmente levantado pelos linguistas. O melhor em se tratando dessas categorias \u00e9 fazer uma defini\u00e7\u00e3o extensiva. Em portugu\u00eas, nos interessam as categorias tratadas por solu\u00e7\u00f5es baseadas em flex\u00e3o. Assim sendo, vamos considerar as categorias de n\u00famero, g\u00eanero, pessoa, caso,\u2026","rel":"","context":"Em &quot;Morfologia&quot;","block_context":{"text":"Morfologia","link":"https:\/\/radames.manosso.nom.br\/linguagem\/category\/gramatica\/morfologia\/"},"img":{"alt_text":"","src":"https:\/\/i0.wp.com\/radames.manosso.nom.br\/linguagem\/files\/morfologia.jpg?resize=350%2C200&ssl=1","width":350,"height":200},"classes":[]},{"id":425,"url":"https:\/\/radames.manosso.nom.br\/linguagem\/gramatica\/morfologia\/flexao-do-substantivo-em-genero\/","url_meta":{"origin":423,"position":3},"title":"Flex\u00e3o do substantivo em g\u00eanero","author":"Radam\u00e9s","date":false,"format":false,"excerpt":"Os substantivos em portugu\u00eas podem apresentar dois g\u00eaneros: masculino e feminino, no entanto, apresentam v\u00e1rios comportamentos com rela\u00e7\u00e3o \u00e0 essa categoria. Vejamos quais s\u00e3o as possibilidades na tabela a seguir. Classifica\u00e7\u00e3oFun\u00e7\u00e3o sem\u00e2ntica?Flexionado\u00a0 em g\u00eanero?Tem g\u00eanero impl\u00edcito?Flex\u00e3o dos determinantes ligadosExemplosBiformeSimSimN\u00e3oConcordam com a flex\u00e3o do substantivo que concorda com o contexto.Menino\/menina Gato\/gata\u2026","rel":"","context":"Em &quot;Morfologia&quot;","block_context":{"text":"Morfologia","link":"https:\/\/radames.manosso.nom.br\/linguagem\/category\/gramatica\/morfologia\/"},"img":{"alt_text":"","src":"https:\/\/i0.wp.com\/radames.manosso.nom.br\/linguagem\/files\/substantivo.jpg?resize=350%2C200&ssl=1","width":350,"height":200},"classes":[]},{"id":3674,"url":"https:\/\/radames.manosso.nom.br\/linguagem\/gramatica\/morfologia\/possessivos\/","url_meta":{"origin":423,"position":4},"title":"Possessivos &#8211; classe morfol\u00f3gica","author":"Radam\u00e9s","date":false,"format":false,"excerpt":"A classe dos possessivos \u00e9 lim\u00edtrofe. Poderia ser considerada como um caso especial da classe dos adjetivos, mas tem caracter\u00edsticas especiais como o fato de ser uma classe fechada e de ser flexionada em n\u00famero, g\u00eanero, pessoa singular e pessoa plural. Em fun\u00e7\u00e3o dessas caracter\u00edsticas, incomuns aos adjetivos, \u00e9 que\u2026","rel":"","context":"Em &quot;Morfologia&quot;","block_context":{"text":"Morfologia","link":"https:\/\/radames.manosso.nom.br\/linguagem\/category\/gramatica\/morfologia\/"},"img":{"alt_text":"","src":"https:\/\/i0.wp.com\/radames.manosso.nom.br\/linguagem\/files\/substantivo.jpg?resize=350%2C200&ssl=1","width":350,"height":200},"classes":[]},{"id":428,"url":"https:\/\/radames.manosso.nom.br\/linguagem\/gramatica\/morfologia\/flexao-do-substantivo-em-grau\/","url_meta":{"origin":423,"position":5},"title":"Flex\u00e3o do substantivo em grau","author":"Radam\u00e9s","date":false,"format":false,"excerpt":"O substantivo pode apresentar tr\u00eas graus: normal, diminutivo e aumentativo. A forma\u00e7\u00e3o do grau dos substantivos \u00e9 bastante irregular e defectiva, a ponto de ser dif\u00edcil citar exemplos de regularidade. A forma\u00e7\u00e3o mais comum do grau \u00e9 a seguinte: * Nesse caso, a flex\u00e3o porta grau, g\u00eanero e n\u00famero sinteticamente.\u2026","rel":"","context":"Em &quot;Morfologia&quot;","block_context":{"text":"Morfologia","link":"https:\/\/radames.manosso.nom.br\/linguagem\/category\/gramatica\/morfologia\/"},"img":{"alt_text":"","src":"https:\/\/i0.wp.com\/radames.manosso.nom.br\/linguagem\/files\/substantivo.jpg?resize=350%2C200&ssl=1","width":350,"height":200},"classes":[]}],"_links":{"self":[{"href":"https:\/\/radames.manosso.nom.br\/linguagem\/wp-json\/wp\/v2\/posts\/423","targetHints":{"allow":["GET"]}}],"collection":[{"href":"https:\/\/radames.manosso.nom.br\/linguagem\/wp-json\/wp\/v2\/posts"}],"about":[{"href":"https:\/\/radames.manosso.nom.br\/linguagem\/wp-json\/wp\/v2\/types\/post"}],"author":[{"embeddable":true,"href":"https:\/\/radames.manosso.nom.br\/linguagem\/wp-json\/wp\/v2\/users\/1"}],"replies":[{"embeddable":true,"href":"https:\/\/radames.manosso.nom.br\/linguagem\/wp-json\/wp\/v2\/comments?post=423"}],"version-history":[{"count":9,"href":"https:\/\/radames.manosso.nom.br\/linguagem\/wp-json\/wp\/v2\/posts\/423\/revisions"}],"predecessor-version":[{"id":4228,"href":"https:\/\/radames.manosso.nom.br\/linguagem\/wp-json\/wp\/v2\/posts\/423\/revisions\/4228"}],"wp:attachment":[{"href":"https:\/\/radames.manosso.nom.br\/linguagem\/wp-json\/wp\/v2\/media?parent=423"}],"wp:term":[{"taxonomy":"category","embeddable":true,"href":"https:\/\/radames.manosso.nom.br\/linguagem\/wp-json\/wp\/v2\/categories?post=423"},{"taxonomy":"post_tag","embeddable":true,"href":"https:\/\/radames.manosso.nom.br\/linguagem\/wp-json\/wp\/v2\/tags?post=423"}],"curies":[{"name":"wp","href":"https:\/\/api.w.org\/{rel}","templated":true}]}}