{"id":425,"date":"2013-10-15T22:43:36","date_gmt":"2013-10-16T01:43:36","guid":{"rendered":"http:\/\/radames.manosso.nom.br\/linguagem\/?p=425"},"modified":"2020-12-06T19:11:44","modified_gmt":"2020-12-06T22:11:44","slug":"flexao-do-substantivo-em-genero","status":"publish","type":"post","link":"https:\/\/radames.manosso.nom.br\/linguagem\/gramatica\/morfologia\/flexao-do-substantivo-em-genero\/","title":{"rendered":"Flex\u00e3o do substantivo em g\u00eanero"},"content":{"rendered":"\n<p>Os substantivos em portugu\u00eas podem apresentar dois g\u00eaneros: masculino e feminino, no entanto, apresentam v\u00e1rios comportamentos com rela\u00e7\u00e3o \u00e0 essa categoria. Vejamos quais s\u00e3o as possibilidades na tabela a seguir.<\/p>\n\n\n\n<figure class=\"wp-block-image\"><img data-recalc-dims=\"1\" loading=\"lazy\" decoding=\"async\" width=\"500\" height=\"333\" src=\"https:\/\/i0.wp.com\/radames.manosso.nom.br\/linguagem\/files\/substantivo.jpg?resize=500%2C333&#038;ssl=1\" alt=\"Substantivo\" class=\"wp-image-3204\" srcset=\"https:\/\/i0.wp.com\/radames.manosso.nom.br\/linguagem\/files\/substantivo.jpg?w=500&amp;ssl=1 500w, https:\/\/i0.wp.com\/radames.manosso.nom.br\/linguagem\/files\/substantivo.jpg?resize=300%2C200&amp;ssl=1 300w\" sizes=\"auto, (max-width: 500px) 100vw, 500px\" \/><\/figure>\n\n\n\n<!--more-->\n\n\n\n<figure class=\"wp-block-table alignfull is-style-stripes\"><table><tbody><tr><td><strong>Classifica\u00e7\u00e3o<\/strong><\/td><td>F<strong>un\u00e7\u00e3o sem\u00e2ntica?<\/strong><\/td><td><strong>Flexionado&nbsp; em g\u00eanero?<\/strong><\/td><td><strong>Tem g\u00eanero impl\u00edcito?<\/strong><\/td><td><strong>Flex\u00e3o dos determinantes <\/strong><br><strong>ligados<\/strong><\/td><td><strong>Exemplos<\/strong><\/td><\/tr><tr><td><strong>Biforme<\/strong><\/td><td>Sim<\/td><td>Sim<\/td><td>N\u00e3o<\/td><td>Concordam com a flex\u00e3o <br>do substantivo que concorda <br>com o contexto.<\/td><td><em>Menino\/menina<\/em> <br><em style=\"font-size: inherit; font-family: inherit; background-color: transparent;\">Gato\/gata<\/em> <br>m<em style=\"font-size: inherit; font-family: inherit; background-color: transparent;\">inistro\/ministra<\/em> <\/td><\/tr><tr><td><strong>Heter\u00f4nimo<\/strong><\/td><td>Sim<\/td><td>N\u00e3o<\/td><td>Sim<\/td><td>Concordam com o g\u00eanero <br>impl\u00edcito.<\/td><td><em>Homem\/mulher<\/em> <br><em style=\"font-size: inherit; font-family: inherit;\">Touro\/vaca  <\/em><br><em style=\"font-size: inherit; font-family: inherit;\">cachorro\/cadela<\/em> <\/td><\/tr><tr><td><strong>Comum de dois<\/strong><\/td><td>Sim<\/td><td>N\u00e3o<\/td><td>N\u00e3o<\/td><td>Concordam com o contexto.<\/td><td><em>O estudante\/a estudante<\/em><br><em style=\"font-size: inherit; font-family: inherit; background-color: transparent;\">O poeta\/a poeta<\/em><br><em style=\"font-size: inherit; font-family: inherit; background-color: transparent;\">O motorista\/a motorista<\/em><span style=\"font-size: inherit; font-family: inherit; background-color: transparent;\"> <\/span><\/td><\/tr><tr><td><strong>Sobrecomum<\/strong><\/td><td>N\u00e3o<\/td><td>N\u00e3o<\/td><td>Sim.<\/td><td>Concordam com o g\u00eanero <br>impl\u00edcito.<\/td><td><em>A crian\u00e7a<\/em><br><em style=\"font-size: inherit; font-family: inherit;\">A testemunha<\/em><br><em style=\"font-size: inherit; font-family: inherit;\">O c\u00f4njuge<\/em><em style=\"font-size: inherit; font-family: inherit;\"><\/em> <\/td><\/tr><tr><td><strong>Epiceno<\/strong><\/td><td>N\u00e3o<\/td><td>N\u00e3o<\/td><td>Sim<\/td><td>Concordam com o g\u00eanero <br>impl\u00edcito.<\/td><td><em>O jacar\u00e9 macho\/o jacar\u00e9 f\u00eamea<\/em><br><em style=\"font-size: inherit; font-family: inherit; background-color: transparent;\">A mosca macho\/a mosca f\u00eamea<\/em> <\/td><\/tr><tr><td><strong>Neutro<\/strong><\/td><td>N\u00e3o<\/td><td>N\u00e3o<\/td><td>Sim<\/td><td>Concordam com o <br>g\u00eanero impl\u00edcito.<\/td><td><em>O garfo<\/em><br><em style=\"font-size: inherit; font-family: inherit;\">A faca<\/em><br><em style=\"font-size: inherit; font-family: inherit;\">A colher<\/em> <\/td><\/tr><\/tbody><\/table><\/figure>\n\n\n\n<h3 class=\"wp-block-heading\">G\u00eanero impl\u00edcito<\/h3>\n\n\n\n<p>O g\u00eanero impl\u00edcito \u00e9 uma solu\u00e7\u00e3o da l\u00edngua portuguesa que garante a concord\u00e2ncia sint\u00e1tica das frases. Nos substantivos neutros, por exemplo, o g\u00eanero n\u00e3o tem fun\u00e7\u00e3o sem\u00e2ntica, pois a utens\u00edlios como\u00a0<em>garfo<\/em>,\u00a0<em>faca<\/em>, col<em>h<\/em>er e\u00a0<em>prato,<\/em> n\u00e3o se pode atribuir caracter\u00edstica sem\u00e2ntica de sexo. <\/p>\n\n\n\n<p>Apesar dessa impossibilidade, a estrutura gramatical das frases em portugu\u00eas exige concord\u00e2ncia de g\u00eanero entre termos sint\u00e1ticos, como no caso dos grupamentos\u00a0<em>artigo + adjetivos + substantivo<\/em>. Para que isso ocorra, boa parte dos substantivos recebe convencionalmente um g\u00eanero impl\u00edcito. Da\u00ed, resulta:\u00a0<em>o garfo<\/em>,\u00a0<em>a faca<\/em>,\u00a0<em>o prato<\/em> e\u00a0<em>a colher<\/em>, cada um associado a um g\u00eanero, sem que haja raz\u00e3o sem\u00e2ntica nessa atribui\u00e7\u00e3o.<\/p>\n\n\n\n<h3 class=\"wp-block-heading\">Forma\u00e7\u00e3o do g\u00eanero impl\u00edcito<\/h3>\n\n\n\n<p>Embora seja poss\u00edvel captar alguns padr\u00f5es aqui e ali, no geral, a atribui\u00e7\u00e3o do g\u00eanero impl\u00edcito dos substantivos \u00e9 predominantemente aleat\u00f3ria.<\/p>\n\n\n\n<p>Vamos analisar um caso em que a forma\u00e7\u00e3o do g\u00eanero impl\u00edcito mostra um padr\u00e3o. Trata-se da heran\u00e7a de g\u00eanero. Este caso tem a vantagem de nos permitir exemplificar com substantivos de forma\u00e7\u00e3o recente.<\/p>\n\n\n\n<p>Observe o g\u00eanero impl\u00edcito associados ao nome de bancos:\u00a0<em>o Banco do Brasil<\/em>,\u00a0<em>o Citibank<\/em>,\u00a0<em>o Bradesco<\/em>,\u00a0<em>o Ita\u00fa<\/em>,\u00a0<em>o HSBC<\/em>. Nesse caso, embora bancos sejam empresas, o g\u00eanero impl\u00edcito dos exemplos \u00e9 o mesmo do substantivo\u00a0<em>banco<\/em>, que mant\u00e9m com os exemplos uma rela\u00e7\u00e3o sem\u00e2ntica do tipo particular-gen\u00e9rico.<\/p>\n\n\n\n<h3 class=\"wp-block-heading\">Morfologia<\/h3>\n\n\n\n<ul class=\"wp-block-list\" id=\"block-e843ba6f-6e3e-4a00-9a86-3524b7cea45c\"><li><a href=\"https:\/\/radames.manosso.nom.br\/linguagem\/gramatica\/morfologia\/categorias-morfologicas\/\">Categorias morfol\u00f3gicas<\/a><\/li><li><a href=\"https:\/\/radames.manosso.nom.br\/linguagem\/gramatica\/morfologia\/classes-morfologicas\/\">Classes morfol\u00f3gicas<\/a><\/li><li><a href=\"https:\/\/radames.manosso.nom.br\/linguagem\/gramatica\/morfologia\/morfema\/\">Morfema<\/a><\/li><li><a href=\"https:\/\/radames.manosso.nom.br\/linguagem\/gramatica\/morfologia\/classes-de-morfemas-presos\/\">Classes de morfemas presos<\/a><\/li><li><a href=\"https:\/\/radames.manosso.nom.br\/linguagem\/gramatica\/morfologia\/palavra\/\">Palavra<\/a><\/li><li><a href=\"https:\/\/radames.manosso.nom.br\/linguagem\/gramatica\/morfologia\/lexema\/\">Lexema<\/a><\/li><li><a href=\"https:\/\/radames.manosso.nom.br\/linguagem\/gramatica\/morfologia\/locucao-contracao-e-fraseologia\/\">Locu\u00e7\u00e3o, contra\u00e7\u00e3o e fraseologia<\/a><\/li><li><a href=\"https:\/\/radames.manosso.nom.br\/linguagem\/gramatica\/morfologia\/substantivo\/\">Substantivo<\/a><\/li><li><a href=\"https:\/\/radames.manosso.nom.br\/linguagem\/gramatica\/morfologia\/flexao-do-substantivo-em-genero\/\">Flex\u00e3o do substantivo em g\u00eanero<\/a><\/li><li><a href=\"https:\/\/radames.manosso.nom.br\/linguagem\/gramatica\/morfologia\/flexao-do-substantivo-em-grau\/\">Flex\u00e3o do substantivo em grau<\/a><\/li><li><a href=\"https:\/\/radames.manosso.nom.br\/linguagem\/gramatica\/morfologia\/flexao-do-substantivo-em-numero\/\">Flex\u00e3o do substantivo em n\u00famero<\/a><\/li><li><a href=\"https:\/\/radames.manosso.nom.br\/linguagem\/gramatica\/morfologia\/adjetivos\/\">Adjetivos<\/a><\/li><li><a href=\"https:\/\/radames.manosso.nom.br\/linguagem\/gramatica\/morfologia\/adverbio\/\">Adv\u00e9rbio<\/a><\/li><li><a href=\"https:\/\/radames.manosso.nom.br\/linguagem\/gramatica\/morfologia\/propriedades-de-adverbios\/\">Propriedades de adv\u00e9rbios<\/a><\/li><li><a href=\"https:\/\/radames.manosso.nom.br\/linguagem\/gramatica\/morfologia\/artigo\/\">Artigo<\/a><\/li><li><a href=\"https:\/\/radames.manosso.nom.br\/linguagem\/gramatica\/morfologia\/demonstrativos\/\">Demonstrativos<\/a><\/li><li><a href=\"https:\/\/radames.manosso.nom.br\/linguagem\/gramatica\/morfologia\/locativos\/\">Locativos<\/a><\/li><li><a href=\"https:\/\/radames.manosso.nom.br\/linguagem\/gramatica\/morfologia\/possessivos\/\">Possessivos<\/a><\/li><li><a href=\"https:\/\/radames.manosso.nom.br\/linguagem\/gramatica\/morfologia\/pronomes\/\">Pronomes<\/a><\/li><li><a href=\"https:\/\/radames.manosso.nom.br\/linguagem\/gramatica\/morfologia\/preposicao\/\">Preposi\u00e7\u00e3o<\/a><\/li><li><a href=\"https:\/\/radames.manosso.nom.br\/linguagem\/gramatica\/morfologia\/analise-semantica-da-preposicao\/\">An\u00e1lise sem\u00e2ntica da preposi\u00e7\u00e3o<\/a><\/li><li><a href=\"https:\/\/radames.manosso.nom.br\/linguagem\/gramatica\/morfologia\/contracoes-prepositivas\/\">Contra\u00e7\u00f5es prepositivas<\/a><\/li><li><a href=\"https:\/\/radames.manosso.nom.br\/linguagem\/gramatica\/morfologia\/fraseologias-prepositivas\/\">Fraseologias prepositivas<\/a><\/li><li><a href=\"https:\/\/radames.manosso.nom.br\/linguagem\/gramatica\/morfologia\/derivacao-de-classe-morfologica\/\">Deriva\u00e7\u00e3o de classe morfol\u00f3gica<\/a><\/li><\/ul>\n","protected":false},"excerpt":{"rendered":"<p>Os substantivos em portugu\u00eas podem apresentar dois g\u00eaneros: masculino e feminino, no entanto, apresentam v\u00e1rios comportamentos com rela\u00e7\u00e3o \u00e0 essa categoria. Vejamos quais s\u00e3o as possibilidades na tabela a seguir.<\/p>\n","protected":false},"author":1,"featured_media":0,"comment_status":"open","ping_status":"closed","sticky":false,"template":"","format":"standard","meta":{"jetpack_post_was_ever_published":false,"_jetpack_newsletter_access":"","_jetpack_dont_email_post_to_subs":false,"_jetpack_newsletter_tier_id":0,"_jetpack_memberships_contains_paywalled_content":false,"_jetpack_memberships_contains_paid_content":false,"footnotes":"","jetpack_publicize_message":"","jetpack_publicize_feature_enabled":true,"jetpack_social_post_already_shared":false,"jetpack_social_options":{"image_generator_settings":{"template":"highway","default_image_id":0,"font":"","enabled":false},"version":2}},"categories":[229],"tags":[240,234,230,225],"class_list":["post-425","post","type-post","status-publish","format-standard","hentry","category-morfologia","tag-classe","tag-genero","tag-morfologia-2","tag-substantivo"],"jetpack_publicize_connections":[],"jetpack_featured_media_url":"","jetpack_sharing_enabled":true,"jetpack_shortlink":"https:\/\/wp.me\/p74YWN-6R","jetpack-related-posts":[{"id":420,"url":"https:\/\/radames.manosso.nom.br\/linguagem\/gramatica\/morfologia\/substantivo\/","url_meta":{"origin":425,"position":0},"title":"Substantivo","author":"Radam\u00e9s","date":false,"format":false,"excerpt":"Os substantivos s\u00e3o flexionados em grau, g\u00eanero e n\u00famero. Assim, um lexema substantivo pode apresentar at\u00e9 12 flex\u00f5es como no exemplo: Flex\u00e3oRadicalGrauG\u00eaneroN\u00fameroMeninomenin-o-Meninamenin-osMeninosmenin-a-Meninasmenin-asMenininhomenininho-MenininhosmenininhosMenininhamenininha-MenininhasmenininhasMenin\u00e3omenin\u00e3oMenin\u00f5esmenin\u00f5esMeninonameninona-Meninonasmeninonas No exemplo acima, vemos que as flex\u00f5es anal\u00edticas predominam. Em\u00a0menininhos, por exemplo, temos flex\u00e3o anal\u00edtica com quatro morfemas: um radical (menin) e desin\u00eancias de grau (inh), g\u00eanero (o)\u2026","rel":"","context":"Em &quot;Morfologia&quot;","block_context":{"text":"Morfologia","link":"https:\/\/radames.manosso.nom.br\/linguagem\/category\/gramatica\/morfologia\/"},"img":{"alt_text":"","src":"https:\/\/i0.wp.com\/radames.manosso.nom.br\/linguagem\/files\/substantivo.jpg?resize=350%2C200&ssl=1","width":350,"height":200},"classes":[]},{"id":394,"url":"https:\/\/radames.manosso.nom.br\/linguagem\/gramatica\/morfologia\/adjetivos\/","url_meta":{"origin":425,"position":1},"title":"Adjetivos","author":"Radam\u00e9s","date":false,"format":false,"excerpt":"Os adjetivos admitem flex\u00e3o em grau, g\u00eanero e n\u00famero, de onde se obt\u00e9m at\u00e9 16 flex\u00f5es para um \u00fanico lexema adjetivo, como se v\u00ea na tabela a seguir: Flex\u00e3oRadicalGrauG\u00eaneroN\u00fameroLindoLind-o-LindaLind-a-LindosLind-osLindasLind-asLindinhoLindinho-LindinhaLindinha-LindinhosLindinhosLindinhasLindinhasLind\u00e3oLind\u00e3o--Lind\u00f5esLind\u00f5es--LindonaLindona--LindonasLindona-sLind\u00edssimoLind\u00edssimo-Lind\u00edssimosLind\u00edssimosLind\u00edssimaLind\u00edssima-Lind\u00edssimasLind\u00edssimas Flex\u00e3o em n\u00famero Os adjetivos seguem tr\u00eas regras para n\u00famero: Todos os adjetivos s\u00e3o flexionados em n\u00famero.Concordam com o n\u00famero do\u2026","rel":"","context":"Em &quot;Morfologia&quot;","block_context":{"text":"Morfologia","link":"https:\/\/radames.manosso.nom.br\/linguagem\/category\/gramatica\/morfologia\/"},"img":{"alt_text":"","src":"https:\/\/i0.wp.com\/radames.manosso.nom.br\/linguagem\/files\/morfologia.jpg?resize=350%2C200&ssl=1","width":350,"height":200},"classes":[]},{"id":428,"url":"https:\/\/radames.manosso.nom.br\/linguagem\/gramatica\/morfologia\/flexao-do-substantivo-em-grau\/","url_meta":{"origin":425,"position":2},"title":"Flex\u00e3o do substantivo em grau","author":"Radam\u00e9s","date":false,"format":false,"excerpt":"O substantivo pode apresentar tr\u00eas graus: normal, diminutivo e aumentativo. A forma\u00e7\u00e3o do grau dos substantivos \u00e9 bastante irregular e defectiva, a ponto de ser dif\u00edcil citar exemplos de regularidade. A forma\u00e7\u00e3o mais comum do grau \u00e9 a seguinte: * Nesse caso, a flex\u00e3o porta grau, g\u00eanero e n\u00famero sinteticamente.\u2026","rel":"","context":"Em &quot;Morfologia&quot;","block_context":{"text":"Morfologia","link":"https:\/\/radames.manosso.nom.br\/linguagem\/category\/gramatica\/morfologia\/"},"img":{"alt_text":"","src":"https:\/\/i0.wp.com\/radames.manosso.nom.br\/linguagem\/files\/substantivo.jpg?resize=350%2C200&ssl=1","width":350,"height":200},"classes":[]},{"id":379,"url":"https:\/\/radames.manosso.nom.br\/linguagem\/gramatica\/morfologia\/categorias-morfologicas\/","url_meta":{"origin":425,"position":3},"title":"Categorias morfol\u00f3gicas","author":"Radam\u00e9s","date":false,"format":false,"excerpt":"N\u00e3o \u00e9 f\u00e1cil definir categorias morfol\u00f3gicas, dada a heterogeneidade do conjunto tradicionalmente levantado pelos linguistas. O melhor em se tratando dessas categorias \u00e9 fazer uma defini\u00e7\u00e3o extensiva. Em portugu\u00eas, nos interessam as categorias tratadas por solu\u00e7\u00f5es baseadas em flex\u00e3o. Assim sendo, vamos considerar as categorias de n\u00famero, g\u00eanero, pessoa, caso,\u2026","rel":"","context":"Em &quot;Morfologia&quot;","block_context":{"text":"Morfologia","link":"https:\/\/radames.manosso.nom.br\/linguagem\/category\/gramatica\/morfologia\/"},"img":{"alt_text":"","src":"https:\/\/i0.wp.com\/radames.manosso.nom.br\/linguagem\/files\/morfologia.jpg?resize=350%2C200&ssl=1","width":350,"height":200},"classes":[]},{"id":3674,"url":"https:\/\/radames.manosso.nom.br\/linguagem\/gramatica\/morfologia\/possessivos\/","url_meta":{"origin":425,"position":4},"title":"Possessivos &#8211; classe morfol\u00f3gica","author":"Radam\u00e9s","date":false,"format":false,"excerpt":"A classe dos possessivos \u00e9 lim\u00edtrofe. Poderia ser considerada como um caso especial da classe dos adjetivos, mas tem caracter\u00edsticas especiais como o fato de ser uma classe fechada e de ser flexionada em n\u00famero, g\u00eanero, pessoa singular e pessoa plural. Em fun\u00e7\u00e3o dessas caracter\u00edsticas, incomuns aos adjetivos, \u00e9 que\u2026","rel":"","context":"Em &quot;Morfologia&quot;","block_context":{"text":"Morfologia","link":"https:\/\/radames.manosso.nom.br\/linguagem\/category\/gramatica\/morfologia\/"},"img":{"alt_text":"","src":"https:\/\/i0.wp.com\/radames.manosso.nom.br\/linguagem\/files\/substantivo.jpg?resize=350%2C200&ssl=1","width":350,"height":200},"classes":[]},{"id":423,"url":"https:\/\/radames.manosso.nom.br\/linguagem\/gramatica\/morfologia\/flexao-do-substantivo-em-numero\/","url_meta":{"origin":425,"position":5},"title":"Flex\u00e3o do substantivo em n\u00famero","author":"Radam\u00e9s","date":false,"format":false,"excerpt":"Em portugu\u00eas h\u00e1 duas flex\u00f5es de n\u00famero: singular e plural e a maioria dos substantivos \u00e9 flexionada em n\u00famero. No entanto, uma parte deles t\u00eam comportamento espec\u00edfico quanto ao n\u00famero. Vejamos na tabela a seguir quais s\u00e3o as possibilidades. Classifica\u00e7\u00e3o Fun\u00e7\u00e3o sem\u00e2ntica?Flexionado\u00a0 em n\u00famero?Tem n\u00famero impl\u00edcito?Flex\u00e3o dos determinantes ligadosExemplosFlexionadosSimSim.N\u00e3oConcordam com\u2026","rel":"","context":"Em &quot;Morfologia&quot;","block_context":{"text":"Morfologia","link":"https:\/\/radames.manosso.nom.br\/linguagem\/category\/gramatica\/morfologia\/"},"img":{"alt_text":"","src":"https:\/\/i0.wp.com\/radames.manosso.nom.br\/linguagem\/files\/substantivo.jpg?resize=350%2C200&ssl=1","width":350,"height":200},"classes":[]}],"_links":{"self":[{"href":"https:\/\/radames.manosso.nom.br\/linguagem\/wp-json\/wp\/v2\/posts\/425","targetHints":{"allow":["GET"]}}],"collection":[{"href":"https:\/\/radames.manosso.nom.br\/linguagem\/wp-json\/wp\/v2\/posts"}],"about":[{"href":"https:\/\/radames.manosso.nom.br\/linguagem\/wp-json\/wp\/v2\/types\/post"}],"author":[{"embeddable":true,"href":"https:\/\/radames.manosso.nom.br\/linguagem\/wp-json\/wp\/v2\/users\/1"}],"replies":[{"embeddable":true,"href":"https:\/\/radames.manosso.nom.br\/linguagem\/wp-json\/wp\/v2\/comments?post=425"}],"version-history":[{"count":4,"href":"https:\/\/radames.manosso.nom.br\/linguagem\/wp-json\/wp\/v2\/posts\/425\/revisions"}],"predecessor-version":[{"id":4224,"href":"https:\/\/radames.manosso.nom.br\/linguagem\/wp-json\/wp\/v2\/posts\/425\/revisions\/4224"}],"wp:attachment":[{"href":"https:\/\/radames.manosso.nom.br\/linguagem\/wp-json\/wp\/v2\/media?parent=425"}],"wp:term":[{"taxonomy":"category","embeddable":true,"href":"https:\/\/radames.manosso.nom.br\/linguagem\/wp-json\/wp\/v2\/categories?post=425"},{"taxonomy":"post_tag","embeddable":true,"href":"https:\/\/radames.manosso.nom.br\/linguagem\/wp-json\/wp\/v2\/tags?post=425"}],"curies":[{"name":"wp","href":"https:\/\/api.w.org\/{rel}","templated":true}]}}