{"id":476,"date":"2013-10-17T12:49:28","date_gmt":"2013-10-17T15:49:28","guid":{"rendered":"http:\/\/radames.manosso.nom.br\/linguagem\/?p=476"},"modified":"2020-12-08T16:56:18","modified_gmt":"2020-12-08T19:56:18","slug":"usos-do-verbo-indicativo-presente","status":"publish","type":"post","link":"https:\/\/radames.manosso.nom.br\/linguagem\/gramatica\/morfologia\/usos-do-verbo-indicativo-presente\/","title":{"rendered":"Usos do verbo &#8211; indicativo presente"},"content":{"rendered":"\n<p><em>Trabalho, trabalhas, trabalha,<br>trabalhamos, trabalhais, trabalham<\/em><\/p>\n\n\n\n<p><strong>Presente do indicativo<\/strong> (pela Nomenclatura Gramatical Brasileira).<\/p>\n\n\n\n<p>O indicativo presente tem v\u00e1rios usos. Vamos analis\u00e1-los.<\/p>\n\n\n\n<figure class=\"wp-block-image\"><img data-recalc-dims=\"1\" loading=\"lazy\" decoding=\"async\" width=\"500\" height=\"333\" src=\"https:\/\/i0.wp.com\/radames.manosso.nom.br\/linguagem\/files\/usos-do-verbo-1.jpg?resize=500%2C333&#038;ssl=1\" alt=\"Usos do verbo\" class=\"wp-image-3176\" srcset=\"https:\/\/i0.wp.com\/radames.manosso.nom.br\/linguagem\/files\/usos-do-verbo-1.jpg?w=500&amp;ssl=1 500w, https:\/\/i0.wp.com\/radames.manosso.nom.br\/linguagem\/files\/usos-do-verbo-1.jpg?resize=300%2C200&amp;ssl=1 300w\" sizes=\"auto, (max-width: 500px) 100vw, 500px\" \/><\/figure>\n\n\n\n<!--more-->\n\n\n\n<h3 class=\"wp-block-heading\">A\u00e7\u00e3o atemporal<\/h3>\n\n\n\n<p>Usamos o indicativo presente para expressar a\u00e7\u00f5es v\u00e1lidas a qualquer tempo, como no exemplo a seguir:<\/p>\n\n\n\n<p><em>A terra&nbsp;<strong>gira<\/strong> em torno do sol.<\/em><\/p>\n\n\n\n<figure class=\"wp-block-image size-large\"><img data-recalc-dims=\"1\" loading=\"lazy\" decoding=\"async\" width=\"449\" height=\"94\" src=\"https:\/\/i0.wp.com\/radames.manosso.nom.br\/linguagem\/files\/verboindicpres1.jpg?resize=449%2C94&#038;ssl=1\" alt=\"\" class=\"wp-image-3615\" srcset=\"https:\/\/i0.wp.com\/radames.manosso.nom.br\/linguagem\/files\/verboindicpres1.jpg?w=449&amp;ssl=1 449w, https:\/\/i0.wp.com\/radames.manosso.nom.br\/linguagem\/files\/verboindicpres1.jpg?resize=300%2C63&amp;ssl=1 300w\" sizes=\"auto, (max-width: 449px) 100vw, 449px\" \/><\/figure>\n\n\n\n<h3 class=\"wp-block-heading\">A\u00e7\u00e3o pontual concomitante \u00e0 emiss\u00e3o do discurso<\/h3>\n\n\n\n<p>O indicativo presente \u00e9 usado para expressar a\u00e7\u00f5es pontuais e simult\u00e2neas \u00e0 emiss\u00e3o do discurso. Exemplo:<\/p>\n\n\n\n<p><em>Ronaldo&nbsp;<strong>passa<\/strong> a bola para Rom\u00e1rio.<\/em><\/p>\n\n\n\n<figure class=\"wp-block-image size-large\"><img data-recalc-dims=\"1\" loading=\"lazy\" decoding=\"async\" width=\"451\" height=\"98\" src=\"https:\/\/i0.wp.com\/radames.manosso.nom.br\/linguagem\/files\/verboindicpres2.jpg?resize=451%2C98&#038;ssl=1\" alt=\"\" class=\"wp-image-3617\" srcset=\"https:\/\/i0.wp.com\/radames.manosso.nom.br\/linguagem\/files\/verboindicpres2.jpg?w=451&amp;ssl=1 451w, https:\/\/i0.wp.com\/radames.manosso.nom.br\/linguagem\/files\/verboindicpres2.jpg?resize=300%2C65&amp;ssl=1 300w\" sizes=\"auto, (max-width: 451px) 100vw, 451px\" \/><\/figure>\n\n\n\n<h3 class=\"wp-block-heading\">A\u00e7\u00e3o costumeira no presente<\/h3>\n\n\n\n<p>O indicativo presente explicita a\u00e7\u00f5es que ocorrem com freq\u00fc\u00eancia no presente. A a\u00e7\u00e3o pode ser cont\u00ednua ou peri\u00f3dica. Por exemplo:<\/p>\n\n\n\n<p><em>Ele&nbsp;<strong>trabalha<\/strong> o dia todo.<\/em><\/p>\n\n\n\n<figure class=\"wp-block-image size-large\"><img data-recalc-dims=\"1\" loading=\"lazy\" decoding=\"async\" width=\"450\" height=\"101\" src=\"https:\/\/i0.wp.com\/radames.manosso.nom.br\/linguagem\/files\/verboindicpres3.jpg?resize=450%2C101&#038;ssl=1\" alt=\"\" class=\"wp-image-3618\" srcset=\"https:\/\/i0.wp.com\/radames.manosso.nom.br\/linguagem\/files\/verboindicpres3.jpg?w=450&amp;ssl=1 450w, https:\/\/i0.wp.com\/radames.manosso.nom.br\/linguagem\/files\/verboindicpres3.jpg?resize=300%2C67&amp;ssl=1 300w\" sizes=\"auto, (max-width: 450px) 100vw, 450px\" \/><\/figure>\n\n\n\n<p><em>Ele&nbsp;<strong>joga<\/strong> bola nos finais de semana.<\/em><\/p>\n\n\n\n<figure class=\"wp-block-image size-large\"><img data-recalc-dims=\"1\" loading=\"lazy\" decoding=\"async\" width=\"449\" height=\"98\" src=\"https:\/\/i0.wp.com\/radames.manosso.nom.br\/linguagem\/files\/verboindicpres4.jpg?resize=449%2C98&#038;ssl=1\" alt=\"\" class=\"wp-image-3619\" srcset=\"https:\/\/i0.wp.com\/radames.manosso.nom.br\/linguagem\/files\/verboindicpres4.jpg?w=449&amp;ssl=1 449w, https:\/\/i0.wp.com\/radames.manosso.nom.br\/linguagem\/files\/verboindicpres4.jpg?resize=300%2C65&amp;ssl=1 300w\" sizes=\"auto, (max-width: 449px) 100vw, 449px\" \/><\/figure>\n\n\n\n<h3 class=\"wp-block-heading\">Futuro iminente pontual<\/h3>\n\n\n\n<p>A\u00e7\u00f5es pontuais que ocorrer\u00e3o com certeza e em breve podem ser expressas pelo indicativo presente.<\/p>\n\n\n\n<p><em>Amanh\u00e3 mesmo&nbsp;<strong>vou<\/strong> at\u00e9 o escrit\u00f3rio resolver o assunto.<\/em><\/p>\n\n\n\n<p><em>O governador&nbsp;<strong>viaja<\/strong> daqui a pouco para Bras\u00edlia.<\/em><\/p>\n\n\n\n<figure class=\"wp-block-image size-large\"><img data-recalc-dims=\"1\" loading=\"lazy\" decoding=\"async\" width=\"449\" height=\"100\" src=\"https:\/\/i0.wp.com\/radames.manosso.nom.br\/linguagem\/files\/verboindicpres5.jpg?resize=449%2C100&#038;ssl=1\" alt=\"\" class=\"wp-image-3620\" srcset=\"https:\/\/i0.wp.com\/radames.manosso.nom.br\/linguagem\/files\/verboindicpres5.jpg?w=449&amp;ssl=1 449w, https:\/\/i0.wp.com\/radames.manosso.nom.br\/linguagem\/files\/verboindicpres5.jpg?resize=300%2C67&amp;ssl=1 300w\" sizes=\"auto, (max-width: 449px) 100vw, 449px\" \/><\/figure>\n\n\n\n<h3 class=\"wp-block-heading\">Presente narrativo ou hist\u00f3rico<\/h3>\n\n\n\n<p>O indicativo presente pode ser empregado na express\u00e3o de a\u00e7\u00f5es passadas quando o discurso ocorre em forma narrativa. Dizemos, nesse caso, que o passado foi presentificado. A a\u00e7\u00e3o descrita pode ser pontual ou costumeira.<\/p>\n\n\n\n<ul class=\"wp-block-list\"><li><em>Lentamente, o assassino se\u00a0<strong>aproxima<\/strong> da v\u00edtima distra\u00edda.<\/em><\/li><\/ul>\n\n\n\n<h3 class=\"wp-block-heading\">Veja outros usos dos tempos verbais<\/h3>\n\n\n\n<figure class=\"wp-block-table is-style-stripes\"><table><tbody><tr><td><strong>Tempo verbal<\/strong><\/td><td><strong>Nomenclatura gramatical brasileira<\/strong><\/td><\/tr><tr><td><a href=\"https:\/\/radames.manosso.nom.br\/linguagem\/gramatica\/morfologia\/usos-do-verbo-indicativo-presente\/\">Indicativo presente<\/a><\/td><td>Presente do indicativo<\/td><\/tr><tr><td><a href=\"https:\/\/radames.manosso.nom.br\/linguagem\/gramatica\/morfologia\/usos-do-verbo-indicativo-passado-pontual\/\">Indicativo passado pontual<\/a><\/td><td>Pret\u00e9rito perfeito do indicativo<\/td><\/tr><tr><td><a href=\"https:\/\/radames.manosso.nom.br\/linguagem\/gramatica\/morfologia\/usos-do-verbo-indicativo-passado-durativo\/\">Indicativo passado durativo<\/a><\/td><td>Pret\u00e9rito imperfeito do indicativo<\/td><\/tr><tr><td><a href=\"https:\/\/radames.manosso.nom.br\/linguagem\/gramatica\/morfologia\/usos-do-verbo-indicativo-passado-anterior\/\">Indicativo passado anterior<\/a><\/td><td>Pret\u00e9rito mais que perfeito do indicativo<\/td><\/tr><tr><td><a href=\"https:\/\/radames.manosso.nom.br\/linguagem\/gramatica\/morfologia\/usos-do-verbo-indicativo-passado-posterior\/\">Indicativo passado posterior<\/a><\/td><td>Futuro do pret\u00e9rito do indicativo<\/td><\/tr><tr><td><a href=\"https:\/\/radames.manosso.nom.br\/linguagem\/gramatica\/morfologia\/usos-do-verbo-indicativo-futuro\/\">Indicativo futuro<\/a><\/td><td>Futuro do presente do indicativo<\/td><\/tr><tr><td><a href=\"https:\/\/radames.manosso.nom.br\/linguagem\/gramatica\/morfologia\/usos-do-verbo-subjuntivo-presente\/\">Subjuntivo presente<\/a><\/td><td>Presente do subjuntivo<\/td><\/tr><tr><td><a href=\"https:\/\/radames.manosso.nom.br\/linguagem\/gramatica\/morfologia\/usos-do-verbo-subjuntivo-passado\/\">Subjuntivo passado<\/a><\/td><td>Pret\u00e9rito imperfeito do subjuntivo<\/td><\/tr><tr><td><a href=\"https:\/\/radames.manosso.nom.br\/linguagem\/gramatica\/morfologia\/usos-do-verbo-subjuntivo-futuro\/\">Subjuntivo futuro<\/a><\/td><td>Futuro do subjuntivo<\/td><\/tr><tr><td><a href=\"https:\/\/radames.manosso.nom.br\/linguagem\/gramatica\/morfologia\/usos-do-verbo-imperativo\/\">Imperativo<\/a><\/td><td>Imperativo<\/td><\/tr><\/tbody><\/table><\/figure>\n\n\n\n<h4 class=\"wp-block-heading\">Morfologia &gt; Verbo<\/h4>\n\n\n\n<ul class=\"wp-block-list\" id=\"block-e843ba6f-6e3e-4a00-9a86-3524b7cea45c\"><li><a href=\"https:\/\/radames.manosso.nom.br\/linguagem\/gramatica\/morfologia\/flexoes-do-verbo\/\">Flex\u00f5es do verbo<\/a><\/li><li><a href=\"https:\/\/radames.manosso.nom.br\/linguagem\/gramatica\/morfologia\/regularidades-das-flexoes-verbais\/\">Regularidades das flex\u00f5es verbais<\/a><\/li><li><a href=\"https:\/\/radames.manosso.nom.br\/linguagem\/gramatica\/morfologia\/usos-do-verbo\/\">Usos do verbo<\/a><\/li><li><a href=\"https:\/\/radames.manosso.nom.br\/linguagem\/gramatica\/morfologia\/usos-do-verbo-imperativo\/\">Usos do verbo \u2013 imperativo<\/a><\/li><li><a href=\"https:\/\/radames.manosso.nom.br\/linguagem\/gramatica\/morfologia\/usos-do-verbo-indicativo-futuro\/\">Usos do verbo \u2013 indicativo futuro<\/a><\/li><li><a href=\"https:\/\/radames.manosso.nom.br\/linguagem\/gramatica\/morfologia\/usos-do-verbo-indicativo-passado-anterior\/\">Usos do verbo \u2013 indicativo passado anterior<\/a><\/li><li><a href=\"https:\/\/radames.manosso.nom.br\/linguagem\/gramatica\/morfologia\/usos-do-verbo-indicativo-passado-durativo\/\">Usos do verbo \u2013 indicativo passado durativo<\/a><\/li><li><a href=\"https:\/\/radames.manosso.nom.br\/linguagem\/gramatica\/morfologia\/usos-do-verbo-indicativo-passado-pontual\/\">Usos do verbo \u2013 indicativo passado pontual<\/a><\/li><li><a href=\"https:\/\/radames.manosso.nom.br\/linguagem\/gramatica\/morfologia\/usos-do-verbo-indicativo-passado-posterior\/\">Usos do verbo \u2013 indicativo passado posterior<\/a><\/li><li><a href=\"https:\/\/radames.manosso.nom.br\/linguagem\/gramatica\/morfologia\/usos-do-verbo-indicativo-presente\/\">Usos do verbo \u2013 indicativo presente<\/a><\/li><li><a href=\"https:\/\/radames.manosso.nom.br\/linguagem\/gramatica\/morfologia\/usos-do-verbo-subjuntivo-futuro\/\">Usos do verbo \u2013 subjuntivo futuro<\/a><\/li><li><a href=\"https:\/\/radames.manosso.nom.br\/linguagem\/gramatica\/morfologia\/usos-do-verbo-subjuntivo-passado\/\">Usos do verbo \u2013 subjuntivo passado<\/a><\/li><li><a href=\"https:\/\/radames.manosso.nom.br\/linguagem\/gramatica\/morfologia\/usos-do-verbo-subjuntivo-presente\/\">Usos do verbo \u2013 subjuntivo presente<\/a><\/li><li><a href=\"https:\/\/radames.manosso.nom.br\/linguagem\/gramatica\/morfologia\/verbos-abundantes\/\">Todos os verbos abundantes<\/a><\/li><li><a href=\"https:\/\/radames.manosso.nom.br\/linguagem\/gramatica\/morfologia\/todos-os-verbos-defectivos\/\">Todos os verbos defectivos<\/a><\/li><li><a href=\"https:\/\/radames.manosso.nom.br\/linguagem\/gramatica\/morfologia\/frases-com-mais-de-um-verbo\/\">Frases com mais de um verbo<\/a><\/li><li><a href=\"https:\/\/radames.manosso.nom.br\/linguagem\/gramatica\/morfologia\/modelo-estar-gerundio\/\">Modelo estar + ger\u00fandio<\/a><\/li><li><a href=\"https:\/\/radames.manosso.nom.br\/linguagem\/gramatica\/morfologia\/modelo-serestar-participio\/\">Modelo ser\/estar + partic\u00edpio<\/a><\/li><li><a href=\"https:\/\/radames.manosso.nom.br\/linguagem\/gramatica\/morfologia\/modelo-terhaver-participio\/\">Modelo ter\/haver + partic\u00edpio<\/a><\/li><li><a href=\"https:\/\/radames.manosso.nom.br\/linguagem\/gramatica\/morfologia\/modelo-verbo-mais-combinacao-verbal\/\">Modelo verbo + complemento verbal<\/a><\/li><\/ul>\n","protected":false},"excerpt":{"rendered":"<p>Trabalho, trabalhas, trabalha,trabalhamos, trabalhais, trabalham Presente do indicativo (pela Nomenclatura Gramatical Brasileira). O indicativo presente tem v\u00e1rios usos. Vamos analis\u00e1-los.<\/p>\n","protected":false},"author":1,"featured_media":0,"comment_status":"open","ping_status":"closed","sticky":false,"template":"","format":"standard","meta":{"jetpack_post_was_ever_published":false,"_jetpack_newsletter_access":"","_jetpack_dont_email_post_to_subs":true,"_jetpack_newsletter_tier_id":0,"_jetpack_memberships_contains_paywalled_content":false,"_jetpack_memberships_contains_paid_content":false,"footnotes":"","jetpack_publicize_message":"","jetpack_publicize_feature_enabled":true,"jetpack_social_post_already_shared":false,"jetpack_social_options":{"image_generator_settings":{"template":"highway","default_image_id":0,"font":"","enabled":false},"version":2}},"categories":[229],"tags":[329,230,328,263,262,223],"class_list":["post-476","post","type-post","status-publish","format-standard","hentry","category-morfologia","tag-indicativo","tag-morfologia-2","tag-presente-do-indicativo","tag-tempo-verbal","tag-usos-do-verbo","tag-verbo"],"jetpack_publicize_connections":[],"jetpack_featured_media_url":"","jetpack_sharing_enabled":true,"jetpack_shortlink":"https:\/\/wp.me\/p74YWN-7G","jetpack-related-posts":[{"id":459,"url":"https:\/\/radames.manosso.nom.br\/linguagem\/gramatica\/morfologia\/usos-do-verbo-indicativo-futuro\/","url_meta":{"origin":476,"position":0},"title":"Usos do verbo &#8211; indicativo futuro","author":"Radam\u00e9s","date":false,"format":false,"excerpt":"Trabalharei, trabalhar\u00e1s, trabalhar\u00e1,trabalharemos, trabalhareis, trabalhar\u00e3o Futuro do presente do indicativo\u00a0(pela Nomenclatura Gramatical Brasileira). A\u00e7\u00e3o futura confirmada Quando se quer declarar que uma a\u00e7\u00e3o acontecer\u00e1 no futuro pode-se usar o indicativo futuro. A a\u00e7\u00e3o pode ser pontual ou durativa. Exemplos: Estarei no Rio de Janeiro no m\u00eas que vem. No futuro,\u00a0comandaremos\u2026","rel":"","context":"Em &quot;Morfologia&quot;","block_context":{"text":"Morfologia","link":"https:\/\/radames.manosso.nom.br\/linguagem\/category\/gramatica\/morfologia\/"},"img":{"alt_text":"Usos do verbo","src":"https:\/\/i0.wp.com\/radames.manosso.nom.br\/linguagem\/files\/usos-do-verbo-1.jpg?resize=350%2C200&ssl=1","width":350,"height":200},"classes":[]},{"id":482,"url":"https:\/\/radames.manosso.nom.br\/linguagem\/gramatica\/morfologia\/usos-do-verbo-subjuntivo-passado\/","url_meta":{"origin":476,"position":1},"title":"Usos do verbo &#8211; subjuntivo passado","author":"Radam\u00e9s","date":false,"format":false,"excerpt":"Trabalhasse, trabalhasses, trabalhasse, trabalh\u00e1ssemos, trabalh\u00e1sseis, trabalhassem Pret\u00e9rito imperfeito do subjuntivo (pela Nomenclatura Gramatical Brasileira). O subjuntivo passado \u00e9 usado principalmente em frases encaixadas e expressa a\u00e7\u00f5es incertas, hipot\u00e9ticas ou desejadas no passado. Para entender as diferen\u00e7as entre o indicativo passado durativo e o subjuntivo passado, observe a s\u00e9rie a seguir:\u2026","rel":"","context":"Em &quot;Morfologia&quot;","block_context":{"text":"Morfologia","link":"https:\/\/radames.manosso.nom.br\/linguagem\/category\/gramatica\/morfologia\/"},"img":{"alt_text":"Usos do verbo","src":"https:\/\/i0.wp.com\/radames.manosso.nom.br\/linguagem\/files\/usos-do-verbo-1.jpg?resize=350%2C200&ssl=1","width":350,"height":200},"classes":[]},{"id":470,"url":"https:\/\/radames.manosso.nom.br\/linguagem\/gramatica\/morfologia\/usos-do-verbo-indicativo-passado-pontual\/","url_meta":{"origin":476,"position":2},"title":"Usos do verbo &#8211; indicativo passado pontual","author":"Radam\u00e9s","date":false,"format":false,"excerpt":"Trabalhei, trabalhaste, trabalhou,trabalhamos, trabalhastes, trabalharam Pret\u00e9rito perfeito do indicativo (pela Nomenclatura Gramatical Brasileira). A\u00e7\u00e3o pontual passada O uso mais comum deste tempo verbal ocorre na express\u00e3o de a\u00e7\u00f5es pontuais passadas. Exemplos: Ele\u00a0vendeu o terreno h\u00e1 mais de um ano. O Brasil\u00a0foi campe\u00e3o mundial de futebol em 1970. Em alguns casos,\u2026","rel":"","context":"Em &quot;Morfologia&quot;","block_context":{"text":"Morfologia","link":"https:\/\/radames.manosso.nom.br\/linguagem\/category\/gramatica\/morfologia\/"},"img":{"alt_text":"Usos do verbo","src":"https:\/\/i0.wp.com\/radames.manosso.nom.br\/linguagem\/files\/usos-do-verbo-1.jpg?resize=350%2C200&ssl=1","width":350,"height":200},"classes":[]},{"id":462,"url":"https:\/\/radames.manosso.nom.br\/linguagem\/gramatica\/morfologia\/usos-do-verbo-indicativo-passado-anterior\/","url_meta":{"origin":476,"position":3},"title":"Usos do verbo &#8211; indicativo passado anterior","author":"Radam\u00e9s","date":false,"format":false,"excerpt":"Trabalhara, trabalharas, trabalhara,trabalh\u00e1ramos, trabalh\u00e1reis, trabalharam Pret\u00e9rito mais-que-perfeito\u00a0(pela Nomenclatura Gramatical Brasileira). A\u00e7\u00e3o passada anterior a outra tamb\u00e9m passada A\u00e7\u00f5es acontecidas no passado e anteriores a outra a\u00e7\u00e3o referencial tamb\u00e9m passada podem ser expressas pelo indicativo passado anterior. A a\u00e7\u00e3o pode ser pontual ou durativa. Exemplos: Quando eu cheguei \u00e0 festa, ela\u2026","rel":"","context":"Em &quot;Morfologia&quot;","block_context":{"text":"Morfologia","link":"https:\/\/radames.manosso.nom.br\/linguagem\/category\/gramatica\/morfologia\/"},"img":{"alt_text":"Usos do verbo","src":"https:\/\/i0.wp.com\/radames.manosso.nom.br\/linguagem\/files\/usos-do-verbo-1.jpg?resize=350%2C200&ssl=1","width":350,"height":200},"classes":[]},{"id":485,"url":"https:\/\/radames.manosso.nom.br\/linguagem\/gramatica\/morfologia\/usos-do-verbo-subjuntivo-presente\/","url_meta":{"origin":476,"position":4},"title":"Usos do verbo &#8211; subjuntivo presente","author":"Radam\u00e9s","date":false,"format":false,"excerpt":"Trabalhe, trabalhes, trabalhe,trabalhemos, trabalheis, trabalhem Presente do subjuntivo (pela Nomenclatura Gramatical Brasileira). A\u00e7\u00f5es incertas, hipot\u00e9ticas ou desejadas no presente O subjuntivo presente expressa a\u00e7\u00f5es incertas, hipot\u00e9ticas ou desejadas no presente. O modo subjuntivo contrasta com o indicativo e para entender as diferen\u00e7as entre um e outro, vamos analisar a s\u00e9rie\u2026","rel":"","context":"Em &quot;Morfologia&quot;","block_context":{"text":"Morfologia","link":"https:\/\/radames.manosso.nom.br\/linguagem\/category\/gramatica\/morfologia\/"},"img":{"alt_text":"Usos do verbo","src":"https:\/\/i0.wp.com\/radames.manosso.nom.br\/linguagem\/files\/usos-do-verbo-1.jpg?resize=350%2C200&ssl=1","width":350,"height":200},"classes":[]},{"id":472,"url":"https:\/\/radames.manosso.nom.br\/linguagem\/gramatica\/morfologia\/usos-do-verbo-indicativo-passado-posterior\/","url_meta":{"origin":476,"position":5},"title":"Usos do verbo &#8211; indicativo passado posterior","author":"Radam\u00e9s","date":false,"format":false,"excerpt":"Trabalharia, trabalharias, trabalharia,trabalhar\u00edamos, trabalhar\u00edeis, trabalhariam Futuro do pret\u00e9rito do indicativo\u00a0(pela Nomenclatura Gramatical Brasileira). Este tempo verbal apresenta dificuldades consider\u00e1veis de classifica\u00e7\u00e3o devido ao fato de apresentar usos contrastantes. Para come\u00e7ar, sua inclus\u00e3o no modo indicativo n\u00e3o \u00e9 pac\u00edfica. O modo indicativo abriga os tempos que indicam a\u00e7\u00e3o certa, consumada. Este\u2026","rel":"","context":"Em &quot;Morfologia&quot;","block_context":{"text":"Morfologia","link":"https:\/\/radames.manosso.nom.br\/linguagem\/category\/gramatica\/morfologia\/"},"img":{"alt_text":"Usos do verbo","src":"https:\/\/i0.wp.com\/radames.manosso.nom.br\/linguagem\/files\/usos-do-verbo-1.jpg?resize=350%2C200&ssl=1","width":350,"height":200},"classes":[]}],"_links":{"self":[{"href":"https:\/\/radames.manosso.nom.br\/linguagem\/wp-json\/wp\/v2\/posts\/476","targetHints":{"allow":["GET"]}}],"collection":[{"href":"https:\/\/radames.manosso.nom.br\/linguagem\/wp-json\/wp\/v2\/posts"}],"about":[{"href":"https:\/\/radames.manosso.nom.br\/linguagem\/wp-json\/wp\/v2\/types\/post"}],"author":[{"embeddable":true,"href":"https:\/\/radames.manosso.nom.br\/linguagem\/wp-json\/wp\/v2\/users\/1"}],"replies":[{"embeddable":true,"href":"https:\/\/radames.manosso.nom.br\/linguagem\/wp-json\/wp\/v2\/comments?post=476"}],"version-history":[{"count":9,"href":"https:\/\/radames.manosso.nom.br\/linguagem\/wp-json\/wp\/v2\/posts\/476\/revisions"}],"predecessor-version":[{"id":4272,"href":"https:\/\/radames.manosso.nom.br\/linguagem\/wp-json\/wp\/v2\/posts\/476\/revisions\/4272"}],"wp:attachment":[{"href":"https:\/\/radames.manosso.nom.br\/linguagem\/wp-json\/wp\/v2\/media?parent=476"}],"wp:term":[{"taxonomy":"category","embeddable":true,"href":"https:\/\/radames.manosso.nom.br\/linguagem\/wp-json\/wp\/v2\/categories?post=476"},{"taxonomy":"post_tag","embeddable":true,"href":"https:\/\/radames.manosso.nom.br\/linguagem\/wp-json\/wp\/v2\/tags?post=476"}],"curies":[{"name":"wp","href":"https:\/\/api.w.org\/{rel}","templated":true}]}}