{"id":535,"date":"2007-06-06T13:20:58","date_gmt":"2007-06-06T16:20:58","guid":{"rendered":"http:\/\/radamesm.wordpress.com\/2007\/06\/06\/teste-para-poetas\/"},"modified":"2020-12-09T13:40:27","modified_gmt":"2020-12-09T16:40:27","slug":"teste-para-poetas","status":"publish","type":"post","link":"https:\/\/radames.manosso.nom.br\/linguagem\/letras\/teste-para-poetas\/","title":{"rendered":"Teste para poetas"},"content":{"rendered":"\n<p>Voc\u00ea se considera poeta? Coletei em v\u00e1rias entrevistas com poetas que li ultimamente algumas perguntas t\u00edpicas que s\u00e3o feitas a um escritor. Fa\u00e7a de conta que o entrevistado \u00e9 voc\u00ea e veja se teria respostas consistentes a dar.<\/p>\n\n\n\n<figure class=\"wp-block-image size-large\"><img data-recalc-dims=\"1\" loading=\"lazy\" decoding=\"async\" width=\"252\" height=\"200\" src=\"https:\/\/i0.wp.com\/radames.manosso.nom.br\/linguagem\/files\/typewriter2.jpg?resize=252%2C200&#038;ssl=1\" alt=\"\" class=\"wp-image-3816\"\/><\/figure>\n\n\n\n<!--more-->\n\n\n\n<ul class=\"wp-block-list\"><li>Quando voc\u00ea come\u00e7ou a se interessar por Literatura?<\/li><li>Quem s\u00e3o os melhores poetas do Brasil no momento e em todos os tempos?<\/li><li>O que \u00e9 poesia?<\/li><li>Existe poesia sem poema ou poema sem poesia?<\/li><li>Qual a diferen\u00e7a entre poesia e prosa?<\/li><li>Letra de m\u00fasica \u00e9 poesia?<\/li><li>Quais s\u00e3o as suas influ\u00eancias liter\u00e1rias e n\u00e3o liter\u00e1rias?<\/li><li>Voc\u00ea se considera p\u00f3s moderno?<\/li><li>O que voc\u00ea acha de concretismo, modernismo, poesia participante, poesia maldita, poesia marginal e poesia para computador?<\/li><li>Voc\u00ea acredita em inspira\u00e7\u00e3o?<\/li><li>Que import\u00e2ncia voc\u00ea d\u00e1 \u00e0 t\u00e9cnica, \u00e0 forma\u00e7\u00e3o cultural, \u00e0 experi\u00eancia de vida, ao dom\u00ednio do idioma no fazer po\u00e9tico?<\/li><li>Poeta deveria se profissionalizar?<\/li><li>O mercado editorial maltrata o poeta?<\/li><li>Voc\u00ea usa ou usaria m\u00eddias alternativas para divulgar sua poesia?<\/li><li>O que a Internet vai trazer de bom e de ruim para a poesia?<\/li><li>O que deveria ser feito para melhorar a divulga\u00e7\u00e3o da poesia no Brasil?<\/li><li>Os meios de comunica\u00e7\u00e3o de massa contribuem para a divulga\u00e7\u00e3o da poesia?<\/li><li>Quais os temas dominantes no seu trabalho?<\/li><li>Se voc\u00ea ganhasse um cr\u00edtico de presente, o que faria com ele?<\/li><li>Voc\u00ea se alinha a alguma corrente est\u00e9tica?<\/li><li>Poesia pode ser popular?<\/li><li>Quais s\u00e3o os seus planos liter\u00e1rios para o futuro?<\/li><li>Poesia pode mudar o mundo?<\/li><li>A Poesia tem futuro?<\/li><li>Qual o papel do escritor na sociedade?<\/li><li>Que conselho voc\u00ea daria a um jovem poeta iniciante?<\/li><\/ul>\n\n\n\n<h3 class=\"wp-block-heading\">Letras<\/h3>\n\n\n\n<p>Esta categoria traz postagens com assuntos pol\u00eamicos, curiosos ou cotidianos envolvendo linguagem.<\/p>\n\n\n\n<ul class=\"wp-block-list\">\n<li><a href=\"https:\/\/radames.manosso.nom.br\/linguagem\/letras\/essa-lingua-portuguesa\/\">Essa l\u00edngua portuguesa!<\/a><\/li>\n\n\n\n<li><a href=\"https:\/\/radames.manosso.nom.br\/linguagem\/letras\/essa-reforma-ortografica\/\">Essa reforma ortogr\u00e1fica!<\/a><\/li>\n\n\n\n<li><a href=\"https:\/\/radames.manosso.nom.br\/linguagem\/letras\/aquele-que-nao-se-deve-nomear\/\">Aquele que n\u00e3o se deve nomear<\/a><\/li>\n\n\n\n<li><a href=\"https:\/\/radames.manosso.nom.br\/linguagem\/letras\/atomo-particula-divisivel\/\">\u00c1tomo: part\u00edcula divis\u00edvel<\/a><\/li>\n\n\n\n<li><a href=\"https:\/\/radames.manosso.nom.br\/linguagem\/letras\/como-se-pede-um-x-salada-cheese-salada\/\">Como se pede um x-salada (cheese-salada)?<\/a><\/li>\n\n\n\n<li><a href=\"https:\/\/radames.manosso.nom.br\/linguagem\/letras\/o-que-letras-maiusculas-tem-a-ver-com-saci-perere-e-lucifer\/\">O que letras mai\u00fasculas t\u00eam a ver com Saci-Perer\u00ea e L\u00facifer<\/a><\/li>\n\n\n\n<li><a href=\"https:\/\/radames.manosso.nom.br\/linguagem\/letras\/puxar-a-descarga-ou-apertar-a-descarga\/\">Puxar a descarga ou apertar a descarga?<\/a><\/li>\n\n\n\n<li><a href=\"https:\/\/radames.manosso.nom.br\/linguagem\/letras\/a-literatura-nunca-evolui\/\">A literatura nunca evolui<\/a><\/li>\n\n\n\n<li><a href=\"https:\/\/radames.manosso.nom.br\/linguagem\/letras\/ler-muito-enlouquece\/\">Ler muito enlouquece?<\/a><\/li>\n\n\n\n<li><a href=\"https:\/\/radames.manosso.nom.br\/linguagem\/letras\/made-in-brasil-ou-made-in-brazil\/\">Made in Brasil ou Made in Brazil?<\/a><\/li>\n\n\n\n<li><a href=\"https:\/\/radames.manosso.nom.br\/linguagem\/letras\/o-fim-da-letra-cursiva\/\">O fim da letra cursiva<\/a><\/li>\n\n\n\n<li><a href=\"https:\/\/radames.manosso.nom.br\/linguagem\/letras\/o-planeta-e-dos-macacos-ou-dos-simios\/\">O planeta \u00e9 dos macacos ou dos s\u00edmios?<\/a><\/li>\n\n\n\n<li><a href=\"https:\/\/radames.manosso.nom.br\/linguagem\/letras\/o-urtimo-dedo-de-prosa-caipira\/\">O \u00fartimo dedo de prosa caipira<\/a><\/li>\n\n\n\n<li><a href=\"https:\/\/radames.manosso.nom.br\/linguagem\/letras\/os-preconceito-linguistico\/\">Os preconceito lingu\u00edstico<\/a><\/li>\n\n\n\n<li><a href=\"https:\/\/radames.manosso.nom.br\/linguagem\/letras\/por-que-solucionatica-nao-esta-nos-dicionarios\/\">Por que solucion\u00e1tica n\u00e3o est\u00e1 nos dicion\u00e1rios?<\/a><\/li>\n\n\n\n<li><a href=\"https:\/\/radames.manosso.nom.br\/linguagem\/letras\/teste-para-poetas\/\">Teste para poetas<\/a><\/li>\n\n\n\n<li><a href=\"https:\/\/radames.manosso.nom.br\/linguagem\/letras\/leis-de-murphy-para-escritores\/\">Leis de Murphy para escritores<\/a><\/li>\n\n\n\n<li><a href=\"https:\/\/radames.manosso.nom.br\/linguagem\/letras\/tradutor-portuguesinternetes\/\">Tradutor portugu\u00eas\/internet\u00eas<\/a><\/li>\n\n\n\n<li><a href=\"https:\/\/radames.manosso.nom.br\/linguagem\/letras\/tres-maneiras-de-falar-o-nome-dos-lugares\/\">Tr\u00eas maneiras de falar o nome dos lugares<\/a><\/li>\n<\/ul>\n","protected":false},"excerpt":{"rendered":"<p>Voc\u00ea se considera poeta? Coletei em v\u00e1rias entrevistas com poetas que li ultimamente algumas perguntas t\u00edpicas que s\u00e3o feitas a um escritor. Fa\u00e7a de conta que o entrevistado \u00e9 voc\u00ea e veja se teria respostas consistentes a dar.<\/p>\n","protected":false},"author":1,"featured_media":0,"comment_status":"open","ping_status":"open","sticky":false,"template":"","format":"standard","meta":{"jetpack_post_was_ever_published":false,"_jetpack_newsletter_access":"","_jetpack_dont_email_post_to_subs":false,"_jetpack_newsletter_tier_id":0,"_jetpack_memberships_contains_paywalled_content":false,"_jetpack_memberships_contains_paid_content":false,"footnotes":"","jetpack_publicize_message":"","jetpack_publicize_feature_enabled":true,"jetpack_social_post_already_shared":false,"jetpack_social_options":{"image_generator_settings":{"template":"highway","default_image_id":0,"font":"","enabled":false},"version":2}},"categories":[265],"tags":[21,22],"class_list":["post-535","post","type-post","status-publish","format-standard","hentry","category-letras","tag-literatura","tag-poesia"],"jetpack_publicize_connections":[],"jetpack_featured_media_url":"","jetpack_sharing_enabled":true,"jetpack_shortlink":"https:\/\/wp.me\/p74YWN-8D","jetpack-related-posts":[{"id":2092,"url":"https:\/\/radames.manosso.nom.br\/linguagem\/letras\/a-literatura-nunca-evolui\/","url_meta":{"origin":535,"position":0},"title":"A literatura nunca evolui","author":"Radam\u00e9s","date":false,"format":false,"excerpt":"A literatura \u00e9 a mesma desde Homero. Calma l\u00e1. Antes de iniciar o apedrejamento permitam-me esclarecer e no final voc\u00eas ver\u00e3o que a maioria das celeumas come\u00e7am por meras diverg\u00eancias sem\u00e2nticas. Para chegar onde quero come\u00e7arei falando da linguagem dos \u00edndios: Ser\u00e1 poss\u00edvel fazer poesia na l\u00edngua dos ianomanis, que\u2026","rel":"","context":"Em &quot;Letras&quot;","block_context":{"text":"Letras","link":"https:\/\/radames.manosso.nom.br\/linguagem\/category\/letras\/"},"img":{"alt_text":"Il\u00edada","src":"https:\/\/i0.wp.com\/radames.manosso.nom.br\/linguagem\/files\/iliada-e1491953179523.jpg?resize=350%2C200&ssl=1","width":350,"height":200},"classes":[]},{"id":41,"url":"https:\/\/radames.manosso.nom.br\/linguagem\/retorica\/retoricas\/retorica-da-literatura\/","url_meta":{"origin":535,"position":1},"title":"Ret\u00f3rica da Literatura","author":"Radam\u00e9s","date":false,"format":false,"excerpt":"A Ret\u00f3rica\u00a0 liter\u00e1ria \u00e9 a mais dif\u00edcil de delimitar. Em literatura, mimetiza-se o formal e o informal, o espont\u00e2neo e o elaborado, o orat\u00f3rio, o jornal\u00edstico, a discuss\u00e3o, o col\u00f3quio e o debate. Assim, a Ret\u00f3rica da literatura nestes casos ser\u00e1 a Ret\u00f3rica do jornal\u00edstico, do col\u00f3quio, do debate, etc.\u2026","rel":"","context":"Em &quot;Ret\u00f3ricas&quot;","block_context":{"text":"Ret\u00f3ricas","link":"https:\/\/radames.manosso.nom.br\/linguagem\/category\/retorica\/retoricas\/"},"img":{"alt_text":"","src":"https:\/\/i0.wp.com\/radames.manosso.nom.br\/linguagem\/files\/retorica-1.jpg?resize=350%2C200&ssl=1","width":350,"height":200},"classes":[]},{"id":142,"url":"https:\/\/radames.manosso.nom.br\/linguagem\/retorica\/recursos-retorica\/repeticao\/","url_meta":{"origin":535,"position":2},"title":"Repeti\u00e7\u00e3o &#8211; figura de linguagem","author":"Radam\u00e9s","date":false,"format":false,"excerpt":"A repeti\u00e7\u00e3o como recurso de Ret\u00f3rica \u00e9 praticada em diversos n\u00edveis: fonol\u00f3gico, gramatical, gr\u00e1fico, etc. H\u00e1 tr\u00eas casos de repeti\u00e7\u00e3o: Repeti\u00e7\u00e3o de formas de mesma fun\u00e7\u00e3o, ocorr\u00eancias redundantes.Repeti\u00e7\u00e3o de fun\u00e7\u00f5es sob diferentes formas, igualmente redundantes.Repeti\u00e7\u00e3o de formas com diferentes fun\u00e7\u00f5es. N\u00e3o h\u00e1 redund\u00e2ncia. Um exemplo: 'Come para viver ou\u00a0 vive\u2026","rel":"","context":"Em &quot;Recursos&quot;","block_context":{"text":"Recursos","link":"https:\/\/radames.manosso.nom.br\/linguagem\/category\/retorica\/recursos-retorica\/"},"img":{"alt_text":"","src":"https:\/\/i0.wp.com\/radames.manosso.nom.br\/linguagem\/files\/retorica-1.jpg?resize=350%2C200&ssl=1","width":350,"height":200},"classes":[]},{"id":530,"url":"https:\/\/radames.manosso.nom.br\/linguagem\/letras\/leis-de-murphy-para-escritores\/","url_meta":{"origin":535,"position":3},"title":"Leis de Murphy para escritores","author":"Radam\u00e9s","date":false,"format":false,"excerpt":"As implac\u00e1veis leis de Murphy se aplicam \u00e0 arte da escrita perfeitamente. Algumas delas: O n\u00famero de leitores de um livro \u00e9 inversamente proporcional \u00e0 sua qualidade. O n\u00famero de leitores de um livro \u00e9 inversamente proporcional ao seu n\u00famero de p\u00e1ginas. Se h\u00e1 uma remota possibilidade de suas palavras\u2026","rel":"","context":"Em &quot;Letras&quot;","block_context":{"text":"Letras","link":"https:\/\/radames.manosso.nom.br\/linguagem\/category\/letras\/"},"img":{"alt_text":"","src":"","width":0,"height":0},"classes":[]},{"id":157,"url":"https:\/\/radames.manosso.nom.br\/linguagem\/retorica\/recursos-retorica\/metonimia\/","url_meta":{"origin":535,"position":4},"title":"Meton\u00edmia &#8211; figura de linguagem","author":"Radam\u00e9s","date":false,"format":false,"excerpt":"Como acontece com a met\u00e1fora, a leitura imediata de uma meton\u00edmia nos revela uma impertin\u00eancia. O leitor tentar\u00e1 resolv\u00ea-la usando um algoritmo pr\u00f3prio para meton\u00edmias. Os elementos desse algoritmo s\u00e3o: substitutosubstitu\u00eddorela\u00e7\u00e3o de contiguidadedecifra\u00e7\u00e3o Decifrar a meton\u00edmia consiste em chegar ao termo substitu\u00eddo, ou seja, ao referente que atende \u00e0 dupla\u2026","rel":"","context":"Em &quot;Recursos&quot;","block_context":{"text":"Recursos","link":"https:\/\/radames.manosso.nom.br\/linguagem\/category\/retorica\/recursos-retorica\/"},"img":{"alt_text":"","src":"https:\/\/i0.wp.com\/radames.manosso.nom.br\/linguagem\/files\/retorica.jpg?resize=350%2C200&ssl=1","width":350,"height":200,"srcset":"https:\/\/i0.wp.com\/radames.manosso.nom.br\/linguagem\/files\/retorica.jpg?resize=350%2C200&ssl=1 1x, https:\/\/i0.wp.com\/radames.manosso.nom.br\/linguagem\/files\/retorica.jpg?resize=525%2C300&ssl=1 1.5x"},"classes":[]},{"id":176,"url":"https:\/\/radames.manosso.nom.br\/linguagem\/retorica\/recursos-retorica\/editoriais\/","url_meta":{"origin":535,"position":5},"title":"Recursos ret\u00f3ricos editoriais","author":"Radam\u00e9s","date":false,"format":false,"excerpt":"Para esgotar o assunto edi\u00e7\u00e3o \u00e9 necess\u00e1rio invadir a jurisdi\u00e7\u00e3o alheia, pois edi\u00e7\u00e3o \u00e9 t\u00e9cnica e arte, uma arte pl\u00e1stica e para esgot\u00e1-la seria necess\u00e1rio tamb\u00e9m abordar quest\u00f5es como composi\u00e7\u00e3o, harmonia, propor\u00e7\u00e3o, simetria, taxa de informa\u00e7\u00e3o, etc. Na medida do poss\u00edvel n\u00e3o vamos tocar em quest\u00f5es ligadas exclusivamente ao dom\u00ednio\u2026","rel":"","context":"Em &quot;Recursos&quot;","block_context":{"text":"Recursos","link":"https:\/\/radames.manosso.nom.br\/linguagem\/category\/retorica\/recursos-retorica\/"},"img":{"alt_text":"","src":"https:\/\/i0.wp.com\/radames.manosso.nom.br\/linguagem\/files\/retorica-1.jpg?resize=350%2C200&ssl=1","width":350,"height":200},"classes":[]}],"_links":{"self":[{"href":"https:\/\/radames.manosso.nom.br\/linguagem\/wp-json\/wp\/v2\/posts\/535","targetHints":{"allow":["GET"]}}],"collection":[{"href":"https:\/\/radames.manosso.nom.br\/linguagem\/wp-json\/wp\/v2\/posts"}],"about":[{"href":"https:\/\/radames.manosso.nom.br\/linguagem\/wp-json\/wp\/v2\/types\/post"}],"author":[{"embeddable":true,"href":"https:\/\/radames.manosso.nom.br\/linguagem\/wp-json\/wp\/v2\/users\/1"}],"replies":[{"embeddable":true,"href":"https:\/\/radames.manosso.nom.br\/linguagem\/wp-json\/wp\/v2\/comments?post=535"}],"version-history":[{"count":2,"href":"https:\/\/radames.manosso.nom.br\/linguagem\/wp-json\/wp\/v2\/posts\/535\/revisions"}],"predecessor-version":[{"id":4314,"href":"https:\/\/radames.manosso.nom.br\/linguagem\/wp-json\/wp\/v2\/posts\/535\/revisions\/4314"}],"wp:attachment":[{"href":"https:\/\/radames.manosso.nom.br\/linguagem\/wp-json\/wp\/v2\/media?parent=535"}],"wp:term":[{"taxonomy":"category","embeddable":true,"href":"https:\/\/radames.manosso.nom.br\/linguagem\/wp-json\/wp\/v2\/categories?post=535"},{"taxonomy":"post_tag","embeddable":true,"href":"https:\/\/radames.manosso.nom.br\/linguagem\/wp-json\/wp\/v2\/tags?post=535"}],"curies":[{"name":"wp","href":"https:\/\/api.w.org\/{rel}","templated":true}]}}