{"id":560,"date":"2008-09-24T12:00:46","date_gmt":"2008-09-24T15:00:46","guid":{"rendered":"http:\/\/radamesm.wordpress.com\/?p=269"},"modified":"2020-12-09T13:14:36","modified_gmt":"2020-12-09T16:14:36","slug":"atomo-particula-divisivel","status":"publish","type":"post","link":"https:\/\/radames.manosso.nom.br\/linguagem\/letras\/atomo-particula-divisivel\/","title":{"rendered":"\u00c1tomo: part\u00edcula divis\u00edvel"},"content":{"rendered":"\n<p>O lan\u00e7amento do LHC, o Grande Colisor de H\u00e1drons, me fez pensar no sentido da palavra <em>\u00e1tomo<\/em>. Essa palavra vem do grego e \u00e9 formada pela jun\u00e7\u00e3o do prefixo <em>a<\/em> com o radical <em>tomo<\/em>. <em>Tomo <\/em>quer dizer <em>parte <\/em>e o prefixo <em>a<\/em> indica nega\u00e7\u00e3o, ou seja, <em>\u00e1tomo <\/em>\u00e9 aquilo que n\u00e3o tem partes, indivis\u00edvel. Para os gregos Dem\u00f3crito e Leucipo, o \u00e1tomo seria o constituinte fundamental da mat\u00e9ria, mas durante s\u00e9culos esse conceito n\u00e3o passou de uma hip\u00f3tese tentadora. <\/p>\n\n\n\n<figure class=\"wp-block-image\"><a href=\"https:\/\/i0.wp.com\/radames.manosso.nom.br\/linguagem\/files\/lhc1.jpg?ssl=1\"><img data-recalc-dims=\"1\" decoding=\"async\" src=\"https:\/\/i0.wp.com\/radames.manosso.nom.br\/linguagem\/files\/lhc1.jpg?w=604&#038;ssl=1\" alt=\"\" class=\"wp-image-268\"\/><\/a><\/figure>\n\n\n\n<!--more-->\n\n\n\n<p>No s\u00e9culo XIX, os cientistas come\u00e7aram a se aproximar de um modelo at\u00f4mico consistente. \u00c0 medida que o modelo se consolidava ficou claro que o \u00e1tomo moderno n\u00e3o tinha as propriedades do \u00e1tomo teorizado pelos gregos h\u00e1 mais de dois mil anos. O que chamamos atualmente de \u00e1tomo \u00e9 divis\u00edvel em part\u00edculas menores (pr\u00f3tons, el\u00e9trons, n\u00eautrons) e essas part\u00edculas, por sua vez, s\u00e3o formadas por entidades ainda mais primordiais (quarks, entre outras). <\/p>\n\n\n\n<p>O nome reservado pelos gregos \u00e0s entidades primeiras e indivis\u00edveis acabou sendo usado para designar entes intermedi\u00e1rios. Quem sabe, se os cientistas do s\u00e9culo XIX e XX tivessem controlado seu positivismo a palavra \u00e1tomo ainda estivesse dispon\u00edvel e \u00e0 espera de uma comprova\u00e7\u00e3o, afinal o que os cientistas buscam com m\u00e1quinas fabulosas como o LHC \u00e9 encontrar as part\u00edculas fundamentais. Essas ainda aguardam silenciosas no mundo ultra microsc\u00f3pico serem desvendadas.<\/p>\n\n\n\n<h3 class=\"wp-block-heading\">Letras<\/h3>\n\n\n\n<p>Esta categoria traz postagens com assuntos pol\u00eamicos, curiosos ou cotidianos envolvendo linguagem.<\/p>\n\n\n\n<ul class=\"wp-block-list\">\n<li><a href=\"https:\/\/radames.manosso.nom.br\/linguagem\/letras\/essa-lingua-portuguesa\/\">Essa l\u00edngua portuguesa!<\/a><\/li>\n\n\n\n<li><a href=\"https:\/\/radames.manosso.nom.br\/linguagem\/letras\/essa-reforma-ortografica\/\">Essa reforma ortogr\u00e1fica!<\/a><\/li>\n\n\n\n<li><a href=\"https:\/\/radames.manosso.nom.br\/linguagem\/letras\/aquele-que-nao-se-deve-nomear\/\">Aquele que n\u00e3o se deve nomear<\/a><\/li>\n\n\n\n<li><a href=\"https:\/\/radames.manosso.nom.br\/linguagem\/letras\/atomo-particula-divisivel\/\">\u00c1tomo: part\u00edcula divis\u00edvel<\/a><\/li>\n\n\n\n<li><a href=\"https:\/\/radames.manosso.nom.br\/linguagem\/letras\/como-se-pede-um-x-salada-cheese-salada\/\">Como se pede um x-salada (cheese-salada)?<\/a><\/li>\n\n\n\n<li><a href=\"https:\/\/radames.manosso.nom.br\/linguagem\/letras\/o-que-letras-maiusculas-tem-a-ver-com-saci-perere-e-lucifer\/\">O que letras mai\u00fasculas t\u00eam a ver com Saci-Perer\u00ea e L\u00facifer<\/a><\/li>\n\n\n\n<li><a href=\"https:\/\/radames.manosso.nom.br\/linguagem\/letras\/puxar-a-descarga-ou-apertar-a-descarga\/\">Puxar a descarga ou apertar a descarga?<\/a><\/li>\n\n\n\n<li><a href=\"https:\/\/radames.manosso.nom.br\/linguagem\/letras\/a-literatura-nunca-evolui\/\">A literatura nunca evolui<\/a><\/li>\n\n\n\n<li><a href=\"https:\/\/radames.manosso.nom.br\/linguagem\/letras\/ler-muito-enlouquece\/\">Ler muito enlouquece?<\/a><\/li>\n\n\n\n<li><a href=\"https:\/\/radames.manosso.nom.br\/linguagem\/letras\/made-in-brasil-ou-made-in-brazil\/\">Made in Brasil ou Made in Brazil?<\/a><\/li>\n\n\n\n<li><a href=\"https:\/\/radames.manosso.nom.br\/linguagem\/letras\/o-fim-da-letra-cursiva\/\">O fim da letra cursiva<\/a><\/li>\n\n\n\n<li><a href=\"https:\/\/radames.manosso.nom.br\/linguagem\/letras\/o-planeta-e-dos-macacos-ou-dos-simios\/\">O planeta \u00e9 dos macacos ou dos s\u00edmios?<\/a><\/li>\n\n\n\n<li><a href=\"https:\/\/radames.manosso.nom.br\/linguagem\/letras\/o-urtimo-dedo-de-prosa-caipira\/\">O \u00fartimo dedo de prosa caipira<\/a><\/li>\n\n\n\n<li><a href=\"https:\/\/radames.manosso.nom.br\/linguagem\/letras\/os-preconceito-linguistico\/\">Os preconceito lingu\u00edstico<\/a><\/li>\n\n\n\n<li><a href=\"https:\/\/radames.manosso.nom.br\/linguagem\/letras\/por-que-solucionatica-nao-esta-nos-dicionarios\/\">Por que solucion\u00e1tica n\u00e3o est\u00e1 nos dicion\u00e1rios?<\/a><\/li>\n\n\n\n<li><a href=\"https:\/\/radames.manosso.nom.br\/linguagem\/letras\/teste-para-poetas\/\">Teste para poetas<\/a><\/li>\n\n\n\n<li><a href=\"https:\/\/radames.manosso.nom.br\/linguagem\/letras\/leis-de-murphy-para-escritores\/\">Leis de Murphy para escritores<\/a><\/li>\n\n\n\n<li><a href=\"https:\/\/radames.manosso.nom.br\/linguagem\/letras\/tradutor-portuguesinternetes\/\">Tradutor portugu\u00eas\/internet\u00eas<\/a><\/li>\n\n\n\n<li><a href=\"https:\/\/radames.manosso.nom.br\/linguagem\/letras\/tres-maneiras-de-falar-o-nome-dos-lugares\/\">Tr\u00eas maneiras de falar o nome dos lugares<\/a><\/li>\n<\/ul>\n","protected":false},"excerpt":{"rendered":"<p>O lan\u00e7amento do LHC, o Grande Colisor de H\u00e1drons, me fez pensar no sentido da palavra \u00e1tomo. Essa palavra vem do grego e \u00e9 formada pela jun\u00e7\u00e3o do prefixo a com o radical tomo. Tomo quer dizer parte e o prefixo a indica nega\u00e7\u00e3o, ou seja, \u00e1tomo \u00e9 aquilo que n\u00e3o tem partes, indivis\u00edvel. Para &hellip; <a href=\"https:\/\/radames.manosso.nom.br\/linguagem\/letras\/atomo-particula-divisivel\/\" class=\"more-link\">Continue lendo <span class=\"screen-reader-text\">\u00c1tomo: part\u00edcula divis\u00edvel<\/span> <span class=\"meta-nav\">&rarr;<\/span><\/a><\/p>\n","protected":false},"author":1,"featured_media":0,"comment_status":"open","ping_status":"open","sticky":false,"template":"","format":"standard","meta":{"jetpack_post_was_ever_published":false,"_jetpack_newsletter_access":"","_jetpack_dont_email_post_to_subs":false,"_jetpack_newsletter_tier_id":0,"_jetpack_memberships_contains_paywalled_content":false,"_jetpack_memberships_contains_paid_content":false,"footnotes":"","jetpack_publicize_message":"","jetpack_publicize_feature_enabled":true,"jetpack_social_post_already_shared":false,"jetpack_social_options":{"image_generator_settings":{"template":"highway","default_image_id":0,"font":"","enabled":false},"version":2}},"categories":[265],"tags":[282,323,283,270,161,271,284],"class_list":["post-560","post","type-post","status-publish","format-standard","hentry","category-letras","tag-fisica","tag-letras","tag-lhc","tag-lingua-portuguesa","tag-linguagem","tag-portugues","tag-tecnologia"],"jetpack_publicize_connections":[],"jetpack_featured_media_url":"","jetpack_sharing_enabled":true,"jetpack_shortlink":"https:\/\/wp.me\/p74YWN-92","jetpack-related-posts":[{"id":570,"url":"https:\/\/radames.manosso.nom.br\/linguagem\/letras\/por-que-solucionatica-nao-esta-nos-dicionarios\/","url_meta":{"origin":560,"position":0},"title":"Por que solucion\u00e1tica n\u00e3o est\u00e1 nos dicion\u00e1rios?","author":"Radam\u00e9s","date":false,"format":false,"excerpt":"A palavra solucion\u00e1tica ganhou notoriedade quando o jogador Dad\u00e1 Maravilha soltou sua famosa frase durante entrevista ap\u00f3s um jogo de futebol: \"N\u00e3o me venham com a problem\u00e1tica que eu tenho a solucion\u00e1tica.\" Fazendo uma pesquisa no Google encontramos a palavra em pleno uso. Ela d\u00e1 nome a uma empresa de\u2026","rel":"","context":"Em &quot;Letras&quot;","block_context":{"text":"Letras","link":"https:\/\/radames.manosso.nom.br\/linguagem\/category\/letras\/"},"img":{"alt_text":"","src":"","width":0,"height":0},"classes":[]},{"id":539,"url":"https:\/\/radames.manosso.nom.br\/linguagem\/letras\/o-que-letras-maiusculas-tem-a-ver-com-saci-perere-e-lucifer\/","url_meta":{"origin":560,"position":1},"title":"O que letras mai\u00fasculas t\u00eam a ver com Saci-Perer\u00ea e L\u00facifer","author":"Radam\u00e9s","date":false,"format":false,"excerpt":"Aprendemos desde a inf\u00e2ncia que nomes pr\u00f3prios devem ser escritos com iniciais mai\u00fasculas. Tamb\u00e9m est\u00e1 escrito no Formul\u00e1rio Ortogr\u00e1fico que devemos escrever com iniciais mai\u00fasculas os nomes de seres mitol\u00f3gicos, o que \u00e9 uma redund\u00e2ncia, pois esses nomes s\u00e3o pr\u00f3prios e est\u00e3o inclu\u00eddos na regra maior dos nomes pr\u00f3prios. Apesar\u2026","rel":"","context":"Em &quot;Letras&quot;","block_context":{"text":"Letras","link":"https:\/\/radames.manosso.nom.br\/linguagem\/category\/letras\/"},"img":{"alt_text":"","src":"https:\/\/i0.wp.com\/radames.manosso.nom.br\/linguagem\/files\/gram%C3%A1tica.jpg?resize=350%2C200&ssl=1","width":350,"height":200},"classes":[]},{"id":530,"url":"https:\/\/radames.manosso.nom.br\/linguagem\/letras\/leis-de-murphy-para-escritores\/","url_meta":{"origin":560,"position":2},"title":"Leis de Murphy para escritores","author":"Radam\u00e9s","date":false,"format":false,"excerpt":"As implac\u00e1veis leis de Murphy se aplicam \u00e0 arte da escrita perfeitamente. Algumas delas: O n\u00famero de leitores de um livro \u00e9 inversamente proporcional \u00e0 sua qualidade. O n\u00famero de leitores de um livro \u00e9 inversamente proporcional ao seu n\u00famero de p\u00e1ginas. Se h\u00e1 uma remota possibilidade de suas palavras\u2026","rel":"","context":"Em &quot;Letras&quot;","block_context":{"text":"Letras","link":"https:\/\/radames.manosso.nom.br\/linguagem\/category\/letras\/"},"img":{"alt_text":"","src":"","width":0,"height":0},"classes":[]},{"id":2714,"url":"https:\/\/radames.manosso.nom.br\/linguagem\/letras\/o-planeta-e-dos-macacos-ou-dos-simios\/","url_meta":{"origin":560,"position":3},"title":"O planeta \u00e9 dos macacos ou dos s\u00edmios?","author":"Radam\u00e9s","date":false,"format":false,"excerpt":"No filme O planeta dos macacos: a origem, um dos personagens n\u00e3o humanos da hist\u00f3ria fala com indigna\u00e7\u00e3o em dado momento: n\u00e3o sou um macaco, sou um s\u00edmio. Gostei do filme e dessa cena em particular, tanto que me motivei a escrever esse post sobre quest\u00f5es lingu\u00edsticas enquanto \u00e9 tempo,\u2026","rel":"","context":"Em &quot;Letras&quot;","block_context":{"text":"Letras","link":"https:\/\/radames.manosso.nom.br\/linguagem\/category\/letras\/"},"img":{"alt_text":"","src":"https:\/\/i0.wp.com\/radames.manosso.nom.br\/linguagem\/files\/planeta-dos-macacos.jpg?resize=350%2C200&ssl=1","width":350,"height":200,"srcset":"https:\/\/i0.wp.com\/radames.manosso.nom.br\/linguagem\/files\/planeta-dos-macacos.jpg?resize=350%2C200&ssl=1 1x, https:\/\/i0.wp.com\/radames.manosso.nom.br\/linguagem\/files\/planeta-dos-macacos.jpg?resize=525%2C300&ssl=1 1.5x, https:\/\/i0.wp.com\/radames.manosso.nom.br\/linguagem\/files\/planeta-dos-macacos.jpg?resize=700%2C400&ssl=1 2x"},"classes":[]},{"id":540,"url":"https:\/\/radames.manosso.nom.br\/linguagem\/letras\/aquele-que-nao-se-deve-nomear\/","url_meta":{"origin":560,"position":4},"title":"Aquele que n\u00e3o se deve nomear","author":"Radam\u00e9s","date":false,"format":false,"excerpt":"Quando conversava com meus filhos sobre Harry Potter, costumava dizer brincando - n\u00e3o pronuncie o nome daquele que n\u00e3o se deve nomear - referindo-me ao bruxo mor que atormenta o garoto Potter. Meu filho ca\u00e7ula adorava pronunciar o nome proibido s\u00f3 para ver minha rea\u00e7\u00e3o falsamente indignada. Bem, por via\u2026","rel":"","context":"Em &quot;Letras&quot;","block_context":{"text":"Letras","link":"https:\/\/radames.manosso.nom.br\/linguagem\/category\/letras\/"},"img":{"alt_text":"","src":"https:\/\/i0.wp.com\/radames.manosso.nom.br\/linguagem\/files\/gram%C3%A1tica.jpg?resize=350%2C200&ssl=1","width":350,"height":200},"classes":[]},{"id":546,"url":"https:\/\/radames.manosso.nom.br\/linguagem\/letras\/puxar-a-descarga-ou-apertar-a-descarga\/","url_meta":{"origin":560,"position":5},"title":"Puxar a descarga ou apertar a descarga?","author":"Radam\u00e9s","date":false,"format":false,"excerpt":"A maneira como nos expressamos revela muito sobre n\u00f3s mesmos. Houve um tempo em que as descargas com cordinha de puxar predominavam nos banheiros. Hoje, esse tipo de descarga \u00e9 usado apenas em constru\u00e7\u00f5es de baixo custo. As constru\u00e7\u00f5es de melhor padr\u00e3o usam descargas operadas com o aperto de um\u2026","rel":"","context":"Em &quot;Letras&quot;","block_context":{"text":"Letras","link":"https:\/\/radames.manosso.nom.br\/linguagem\/category\/letras\/"},"img":{"alt_text":"","src":"https:\/\/i0.wp.com\/radames.manosso.nom.br\/linguagem\/files\/Caixa-de-descarga-4a4.jpg?resize=350%2C200&ssl=1","width":350,"height":200,"srcset":"https:\/\/i0.wp.com\/radames.manosso.nom.br\/linguagem\/files\/Caixa-de-descarga-4a4.jpg?resize=350%2C200&ssl=1 1x, https:\/\/i0.wp.com\/radames.manosso.nom.br\/linguagem\/files\/Caixa-de-descarga-4a4.jpg?resize=525%2C300&ssl=1 1.5x"},"classes":[]}],"_links":{"self":[{"href":"https:\/\/radames.manosso.nom.br\/linguagem\/wp-json\/wp\/v2\/posts\/560","targetHints":{"allow":["GET"]}}],"collection":[{"href":"https:\/\/radames.manosso.nom.br\/linguagem\/wp-json\/wp\/v2\/posts"}],"about":[{"href":"https:\/\/radames.manosso.nom.br\/linguagem\/wp-json\/wp\/v2\/types\/post"}],"author":[{"embeddable":true,"href":"https:\/\/radames.manosso.nom.br\/linguagem\/wp-json\/wp\/v2\/users\/1"}],"replies":[{"embeddable":true,"href":"https:\/\/radames.manosso.nom.br\/linguagem\/wp-json\/wp\/v2\/comments?post=560"}],"version-history":[{"count":2,"href":"https:\/\/radames.manosso.nom.br\/linguagem\/wp-json\/wp\/v2\/posts\/560\/revisions"}],"predecessor-version":[{"id":4295,"href":"https:\/\/radames.manosso.nom.br\/linguagem\/wp-json\/wp\/v2\/posts\/560\/revisions\/4295"}],"wp:attachment":[{"href":"https:\/\/radames.manosso.nom.br\/linguagem\/wp-json\/wp\/v2\/media?parent=560"}],"wp:term":[{"taxonomy":"category","embeddable":true,"href":"https:\/\/radames.manosso.nom.br\/linguagem\/wp-json\/wp\/v2\/categories?post=560"},{"taxonomy":"post_tag","embeddable":true,"href":"https:\/\/radames.manosso.nom.br\/linguagem\/wp-json\/wp\/v2\/tags?post=560"}],"curies":[{"name":"wp","href":"https:\/\/api.w.org\/{rel}","templated":true}]}}