{"id":66,"date":"2013-09-22T17:58:04","date_gmt":"2013-09-22T20:58:04","guid":{"rendered":"http:\/\/radames.manosso.nom.br\/linguagem\/?p=66"},"modified":"2020-11-18T15:41:53","modified_gmt":"2020-11-18T18:41:53","slug":"descricao","status":"publish","type":"post","link":"https:\/\/radames.manosso.nom.br\/linguagem\/narratology\/descricao\/","title":{"rendered":"Descri\u00e7\u00e3o: tipos e caracter\u00edsticas"},"content":{"rendered":"\n<p>\u00c9 raro a descri\u00e7\u00e3o ocorrer isolada da narra\u00e7\u00e3o e vice-versa. Tanto que os conceitos de descri\u00e7\u00e3o e narra\u00e7\u00e3o s\u00e3o mais pressupostos metodol\u00f3gicos do que resultado da observa\u00e7\u00e3o experimental dos discursos.<\/p>\n\n\n\n<p>Descri\u00e7\u00e3o \u00e9 um tipo de discurso que d\u00e1 ao receptor a situa\u00e7\u00e3o vigente do universo narrativo considerado que, n\u00e3o raro, \u00e9 o universo de objetividades. \u00c9 o discurso sobre o que \u00e9 imut\u00e1vel ao longo da ocorr\u00eancia dos fen\u00f4menos. \u00c9 discurso sobre o que \u00e9.<\/p>\n\n\n\n<p>Narrar \u00e9 informar, atrav\u00e9s do discurso, sobre a muta\u00e7\u00e3o das coisas. A narra\u00e7\u00e3o trata dos fatos, da a\u00e7\u00e3o. Narrar \u00e9 dizer o que acontece.<\/p>\n\n\n\n<figure class=\"wp-block-image\"><img data-recalc-dims=\"1\" loading=\"lazy\" decoding=\"async\" width=\"500\" height=\"333\" src=\"https:\/\/i0.wp.com\/radames.manosso.nom.br\/linguagem\/files\/narratologia.jpg?resize=500%2C333&#038;ssl=1\" alt=\"Narratologia\" class=\"wp-image-3262\" title=\"Narratologia\" srcset=\"https:\/\/i0.wp.com\/radames.manosso.nom.br\/linguagem\/files\/narratologia.jpg?w=500&amp;ssl=1 500w, https:\/\/i0.wp.com\/radames.manosso.nom.br\/linguagem\/files\/narratologia.jpg?resize=300%2C200&amp;ssl=1 300w\" sizes=\"auto, (max-width: 500px) 100vw, 500px\" \/><\/figure>\n\n\n\n<!--more-->\n\n\n\n<h3 class=\"wp-block-heading\">Tipos de descri\u00e7\u00e3o<\/h3>\n\n\n\n<p>Tradicionalmente, classificamos as descri\u00e7\u00f5es pelo assunto que abordam. Nessa classifica\u00e7\u00e3o, dois tipos se destacam: a descri\u00e7\u00e3o geogr\u00e1fica e o retrato. A descri\u00e7\u00e3o geogr\u00e1fica trata da apar\u00eancia das coisas n\u00e3o humanas tal qual se d\u00e3o \u00e0 percep\u00e7\u00e3o. O retrato trata das apar\u00eancias do ser humano, enquanto indiv\u00edduo ou tipo, tanto f\u00edsicas como de car\u00e1ter e ideologia.<\/p>\n\n\n\n<p>Uma outra forma de classificar as descri\u00e7\u00f5es \u00e9 pelo crit\u00e9rio da ordem, com a qual apresentam as partes do discurso. H\u00e1 descri\u00e7\u00f5es topogr\u00e1ficas, de background progressivo, de complexidade crescente, em ordem atenuante ou agravante, conforme o caso.<\/p>\n\n\n\n<p>Os tipos de ordena\u00e7\u00e3o s\u00e3o muitos e incluem tamb\u00e9m o caso da aus\u00eancia de ordem.<\/p>\n\n\n\n<p>Um outro crit\u00e9rio de classifica\u00e7\u00e3o \u00e9 o das caracter\u00edsticas do que se descreve sobre o objeto. H\u00e1 descri\u00e7\u00f5es:<\/p>\n\n\n\n<ul class=\"wp-block-list\"><li><strong>Classificat\u00f3rias<\/strong>. Organizam as partes segundo uma taxonomia.<\/li><li><strong>Fisiol\u00f3gicas<\/strong>. Explicam a fun\u00e7\u00e3o e o funcionamento das partes.<\/li><li><strong>Organizacionais<\/strong>. Explicam as rela\u00e7\u00f5es entre as partes.<\/li><\/ul>\n\n\n\n<h3 class=\"wp-block-heading\">Semelhan\u00e7as da descri\u00e7\u00e3o com a narra\u00e7\u00e3o<\/h3>\n\n\n\n<p>Descri\u00e7\u00e3o e narra\u00e7\u00e3o s\u00e3o categorias de uma mesma classe. Enquanto uma explana, informa uma situa\u00e7\u00e3o, a outra explana as muta\u00e7\u00f5es da situa\u00e7\u00e3o. Ambas s\u00e3o refer\u00eancia a um universo que pode ser o universo objetivo.<\/p>\n\n\n\n<h3 class=\"wp-block-heading\">Narratologia<\/h3>\n\n\n\n<ul class=\"wp-block-list\" id=\"block-71268a25-57a9-4a83-a6a4-a1fc6a564317\"><li><a href=\"https:\/\/radames.manosso.nom.br\/linguagem\/narratology\/elementos-da-narrativa\/\">Elementos da narrativa<\/a><\/li><li><a href=\"https:\/\/radames.manosso.nom.br\/linguagem\/narratology\/formas-narrativas\/\">Formas narrativas<\/a><\/li><li><a href=\"https:\/\/radames.manosso.nom.br\/linguagem\/narratology\/continuidade\/\">Continuidade<\/a><\/li><li><a href=\"https:\/\/radames.manosso.nom.br\/linguagem\/narratology\/descricao\/\">Descri\u00e7\u00e3o<\/a><\/li><li><a href=\"https:\/\/radames.manosso.nom.br\/linguagem\/narratology\/narrativas-noticiosa-e-literaria\/\">Narrativas noticiosa e liter\u00e1ria<\/a><\/li><li><a href=\"https:\/\/radames.manosso.nom.br\/linguagem\/narratology\/recursos-retoricos-em-narracao\/\">Recursos ret\u00f3ricos em narra\u00e7\u00e3o<\/a><\/li><\/ul>\n","protected":false},"excerpt":{"rendered":"<p>\u00c9 raro a descri\u00e7\u00e3o ocorrer isolada da narra\u00e7\u00e3o e vice-versa. Tanto que os conceitos de descri\u00e7\u00e3o e narra\u00e7\u00e3o s\u00e3o mais pressupostos metodol\u00f3gicos do que resultado da observa\u00e7\u00e3o experimental dos discursos. Descri\u00e7\u00e3o \u00e9 um tipo de discurso que d\u00e1 ao receptor a situa\u00e7\u00e3o vigente do universo narrativo considerado que, n\u00e3o raro, \u00e9 o universo de objetividades. &hellip; <a href=\"https:\/\/radames.manosso.nom.br\/linguagem\/narratology\/descricao\/\" class=\"more-link\">Continue lendo <span class=\"screen-reader-text\">Descri\u00e7\u00e3o: tipos e caracter\u00edsticas<\/span> <span class=\"meta-nav\">&rarr;<\/span><\/a><\/p>\n","protected":false},"author":1,"featured_media":0,"comment_status":"open","ping_status":"closed","sticky":false,"template":"","format":"standard","meta":{"jetpack_post_was_ever_published":false,"_jetpack_newsletter_access":"","_jetpack_dont_email_post_to_subs":false,"_jetpack_newsletter_tier_id":0,"_jetpack_memberships_contains_paywalled_content":false,"_jetpack_memberships_contains_paid_content":false,"footnotes":"","jetpack_publicize_message":"","jetpack_publicize_feature_enabled":true,"jetpack_social_post_already_shared":false,"jetpack_social_options":{"image_generator_settings":{"template":"highway","default_image_id":0,"font":"","enabled":false},"version":2}},"categories":[32],"tags":[43,33,35],"class_list":["post-66","post","type-post","status-publish","format-standard","hentry","category-narratology","tag-descricao","tag-narracao","tag-narratologia"],"jetpack_publicize_connections":[],"jetpack_featured_media_url":"","jetpack_sharing_enabled":true,"jetpack_shortlink":"https:\/\/wp.me\/p74YWN-14","jetpack-related-posts":[{"id":56,"url":"https:\/\/radames.manosso.nom.br\/linguagem\/narratology\/recursos-retoricos-em-narracao\/","url_meta":{"origin":66,"position":0},"title":"Recursos ret\u00f3ricos em narra\u00e7\u00e3o","author":"Radam\u00e9s","date":false,"format":false,"excerpt":"Vejamos alguns recursos ret\u00f3ricos que se lan\u00e7a m\u00e3o para aumentar a efici\u00eancia da narrativa. Iconia Simplificadamente, iconias narrativas s\u00e3o semelhan\u00e7as induzidas entre o que se narra e a forma com a qual se narra. Exemplos: a\u00e7\u00e3o intensa e r\u00e1pida narrada com planos r\u00e1pidos. Usar ponto de vista tipo close para\u2026","rel":"","context":"Em &quot;Narratologia&quot;","block_context":{"text":"Narratologia","link":"https:\/\/radames.manosso.nom.br\/linguagem\/category\/narratology\/"},"img":{"alt_text":"","src":"https:\/\/i0.wp.com\/radames.manosso.nom.br\/linguagem\/files\/narratologia.jpg?resize=350%2C200&ssl=1","width":350,"height":200},"classes":[]},{"id":62,"url":"https:\/\/radames.manosso.nom.br\/linguagem\/narratology\/narrativas-noticiosa-e-literaria\/","url_meta":{"origin":66,"position":1},"title":"Narrativas noticiosa e liter\u00e1ria","author":"Radam\u00e9s","date":false,"format":false,"excerpt":"H\u00e1 dois modos not\u00e1veis de narrar que chamamos arbitrariamente de noticioso e liter\u00e1rio. Pelos nomes n\u00e3o se deve concluir que a narrativa noticiosa n\u00e3o aparece na literatura e que a narrativa liter\u00e1ria n\u00e3o \u00e9 usada em jornalismo ou em outro tipo de discurso. Vejamos as caracter\u00edsticas de cada uma em\u2026","rel":"","context":"Em &quot;Narratologia&quot;","block_context":{"text":"Narratologia","link":"https:\/\/radames.manosso.nom.br\/linguagem\/category\/narratology\/"},"img":{"alt_text":"","src":"https:\/\/i0.wp.com\/radames.manosso.nom.br\/linguagem\/files\/narratologia.jpg?resize=350%2C200&ssl=1","width":350,"height":200},"classes":[]},{"id":87,"url":"https:\/\/radames.manosso.nom.br\/linguagem\/narratology\/elementos-da-narrativa\/","url_meta":{"origin":66,"position":2},"title":"Elementos da narrativa","author":"Radam\u00e9s","date":false,"format":false,"excerpt":"Contar uma hist\u00f3ria envolve t\u00e9cnica e arte. Vamos apresentar aqui v\u00e1rios elementos a se levar em conta na hora de criar uma narrativa. Fic\u00e7\u00e3o: \u00e9 o discurso narrativo ou representa\u00e7\u00e3o ou f\u00e1bula que nos remete a uma constru\u00e7\u00e3o subjetiva em que figuram entidades, a\u00e7\u00f5es e situa\u00e7\u00f5es que formam um todo\u2026","rel":"","context":"Em &quot;Narratologia&quot;","block_context":{"text":"Narratologia","link":"https:\/\/radames.manosso.nom.br\/linguagem\/category\/narratology\/"},"img":{"alt_text":"","src":"https:\/\/i0.wp.com\/radames.manosso.nom.br\/linguagem\/files\/narratologia.jpg?resize=350%2C200&ssl=1","width":350,"height":200},"classes":[]},{"id":69,"url":"https:\/\/radames.manosso.nom.br\/linguagem\/narratology\/continuidade\/","url_meta":{"origin":66,"position":3},"title":"Continuidade narrativa","author":"Radam\u00e9s","date":false,"format":false,"excerpt":"Continuidade narrativa \u00e9 a caracter\u00edstica de uma representa\u00e7\u00e3o que possibilita ao receptor saber as condi\u00e7\u00f5es de posi\u00e7\u00e3o e movimento dos objetos da cena e dos pontos de vista nela inseridos. Continuidade de posi\u00e7\u00f5es e objetos O espectador em todos os momentos da representa\u00e7\u00e3o est\u00e1 a par das posi\u00e7\u00f5es relativas dos\u2026","rel":"","context":"Em &quot;Narratologia&quot;","block_context":{"text":"Narratologia","link":"https:\/\/radames.manosso.nom.br\/linguagem\/category\/narratology\/"},"img":{"alt_text":"","src":"https:\/\/i0.wp.com\/radames.manosso.nom.br\/linguagem\/files\/narratologia.jpg?resize=350%2C200&ssl=1","width":350,"height":200},"classes":[]},{"id":59,"url":"https:\/\/radames.manosso.nom.br\/linguagem\/narratology\/formas-narrativas\/","url_meta":{"origin":66,"position":4},"title":"Formas narrativas","author":"Radam\u00e9s","date":false,"format":false,"excerpt":"Vamos come\u00e7ar tratando de tr\u00eas formas narrativas que admitem uma abordagem em conjunto: o conto, a novela e o romance. Um modo produtivo de tratar do conto, da novela e do romance como formas narrativas \u00e9 por compara\u00e7\u00e3o. A diferen\u00e7a mais vis\u00edvel entre elas \u00e9 a extens\u00e3o f\u00edsica. Pode-se dizer\u2026","rel":"","context":"Em &quot;Narratologia&quot;","block_context":{"text":"Narratologia","link":"https:\/\/radames.manosso.nom.br\/linguagem\/category\/narratology\/"},"img":{"alt_text":"","src":"https:\/\/i0.wp.com\/radames.manosso.nom.br\/linguagem\/files\/narratologia.jpg?resize=350%2C200&ssl=1","width":350,"height":200},"classes":[]},{"id":190,"url":"https:\/\/radames.manosso.nom.br\/linguagem\/gramatica\/para-comecar-gramatica\/pressupostos-metodologicos\/","url_meta":{"origin":66,"position":5},"title":"Pressupostos metodol\u00f3gicos","author":"Radam\u00e9s","date":false,"format":false,"excerpt":"Os estudos gramaticais passam por um momento de descr\u00e9dito, como reflexo da crise de identidade em que o estudo de l\u00edngua portuguesa mergulhou nos \u00faltimos anos. A gram\u00e1tica tradicional normativa \u00e9 posta em xeque e as reflex\u00f5es novas sobre nossa l\u00edngua ainda n\u00e3o est\u00e3o perfeitamente delineadas. Escrever gram\u00e1tica sob o\u2026","rel":"","context":"Em &quot;Para come\u00e7ar&quot;","block_context":{"text":"Para come\u00e7ar","link":"https:\/\/radames.manosso.nom.br\/linguagem\/category\/gramatica\/para-comecar-gramatica\/"},"img":{"alt_text":"","src":"https:\/\/i0.wp.com\/radames.manosso.nom.br\/linguagem\/files\/gram%C3%A1tica.jpg?resize=350%2C200&ssl=1","width":350,"height":200},"classes":[]}],"_links":{"self":[{"href":"https:\/\/radames.manosso.nom.br\/linguagem\/wp-json\/wp\/v2\/posts\/66","targetHints":{"allow":["GET"]}}],"collection":[{"href":"https:\/\/radames.manosso.nom.br\/linguagem\/wp-json\/wp\/v2\/posts"}],"about":[{"href":"https:\/\/radames.manosso.nom.br\/linguagem\/wp-json\/wp\/v2\/types\/post"}],"author":[{"embeddable":true,"href":"https:\/\/radames.manosso.nom.br\/linguagem\/wp-json\/wp\/v2\/users\/1"}],"replies":[{"embeddable":true,"href":"https:\/\/radames.manosso.nom.br\/linguagem\/wp-json\/wp\/v2\/comments?post=66"}],"version-history":[{"count":4,"href":"https:\/\/radames.manosso.nom.br\/linguagem\/wp-json\/wp\/v2\/posts\/66\/revisions"}],"predecessor-version":[{"id":3986,"href":"https:\/\/radames.manosso.nom.br\/linguagem\/wp-json\/wp\/v2\/posts\/66\/revisions\/3986"}],"wp:attachment":[{"href":"https:\/\/radames.manosso.nom.br\/linguagem\/wp-json\/wp\/v2\/media?parent=66"}],"wp:term":[{"taxonomy":"category","embeddable":true,"href":"https:\/\/radames.manosso.nom.br\/linguagem\/wp-json\/wp\/v2\/categories?post=66"},{"taxonomy":"post_tag","embeddable":true,"href":"https:\/\/radames.manosso.nom.br\/linguagem\/wp-json\/wp\/v2\/tags?post=66"}],"curies":[{"name":"wp","href":"https:\/\/api.w.org\/{rel}","templated":true}]}}