{"id":1594,"date":"2010-02-03T12:00:59","date_gmt":"2010-02-03T15:00:59","guid":{"rendered":"http:\/\/radamesm.wordpress.com\/?p=1594"},"modified":"2021-03-10T15:12:30","modified_gmt":"2021-03-10T18:12:30","slug":"o-pioramento-genetico-do-pit-bull","status":"publish","type":"post","link":"https:\/\/radames.manosso.nom.br\/palavras\/comportamento\/o-pioramento-genetico-do-pit-bull\/","title":{"rendered":"O pioramento gen\u00e9tico do pit bull"},"content":{"rendered":"\n<p>Muitas pessoas reagem de forma brusca quando se deparam com animais potencialmente perigosos ao ser humano como aranhas, escorpi\u00f5es e cobras. Com frequ\u00eancia, o humano liquida a criatura perigosa sem pestanejar e essa f\u00faria exterminadora se estende tamb\u00e9m a animais que n\u00e3o oferecem risco como sapos, morcegos e lagartixas. Esse comportamento instintivo e tosco de auto defesa n\u00e3o \u00e9 registrado, por\u00e9m, diante de c\u00e3es pit bull. Que eu saiba, ningu\u00e9m abate pit bulls a pauladas ou tiros quando cruza com um na rua embora esses c\u00e3es tenham um triste hist\u00f3rico de agressividade contra o ser humano.<\/p>\n\n\n\n<figure class=\"wp-block-image\"><a href=\"https:\/\/i0.wp.com\/radames.manosso.nom.br\/palavras\/files\/2010\/02\/pit-bull-cao.jpg?ssl=1\"><img data-recalc-dims=\"1\" loading=\"lazy\" decoding=\"async\" width=\"471\" height=\"332\" data-attachment-id=\"1598\" data-permalink=\"https:\/\/radames.manosso.nom.br\/palavras\/comportamento\/o-pioramento-genetico-do-pit-bull\/attachment\/pit-bull-cao\/\" data-orig-file=\"https:\/\/i0.wp.com\/radames.manosso.nom.br\/palavras\/files\/2010\/02\/pit-bull-cao.jpg?fit=471%2C332&amp;ssl=1\" data-orig-size=\"471,332\" data-comments-opened=\"1\" data-image-meta=\"{&quot;aperture&quot;:&quot;0&quot;,&quot;credit&quot;:&quot;&quot;,&quot;camera&quot;:&quot;&quot;,&quot;caption&quot;:&quot;&quot;,&quot;created_timestamp&quot;:&quot;0&quot;,&quot;copyright&quot;:&quot;&quot;,&quot;focal_length&quot;:&quot;0&quot;,&quot;iso&quot;:&quot;0&quot;,&quot;shutter_speed&quot;:&quot;0&quot;,&quot;title&quot;:&quot;&quot;}\" data-image-title=\"C\u00e3o pit bull\" data-image-description=\"\" data-image-caption=\"\" data-large-file=\"https:\/\/i0.wp.com\/radames.manosso.nom.br\/palavras\/files\/2010\/02\/pit-bull-cao.jpg?fit=471%2C332&amp;ssl=1\" src=\"https:\/\/i0.wp.com\/radames.manosso.nom.br\/palavras\/files\/2010\/02\/pit-bull-cao.jpg?resize=471%2C332&#038;ssl=1\" alt=\"\" class=\"wp-image-1598\" title=\"C\u00e3o pit bull\" srcset=\"https:\/\/i0.wp.com\/radames.manosso.nom.br\/palavras\/files\/2010\/02\/pit-bull-cao.jpg?w=471&amp;ssl=1 471w, https:\/\/i0.wp.com\/radames.manosso.nom.br\/palavras\/files\/2010\/02\/pit-bull-cao.jpg?resize=300%2C211&amp;ssl=1 300w\" sizes=\"auto, (max-width: 471px) 100vw, 471px\" \/><\/a><\/figure>\n\n\n\n<!--more-->\n\n\n\n<p>A rela\u00e7\u00e3o dos humanos com os c\u00e3es pit bull mostra a ambiguidade do nosso comportamento. Cuidamos bem dos animais dom\u00e9sticos e exterminamos os perigosos, certo? Pit bulls podem ser considerados animais dom\u00e9sticos? O que \u00e9 um animal dom\u00e9stico? Um animal que convive bem com humanos sem apresentar riscos para n\u00f3s, dir\u00e3o. Um c\u00e3o de pequeno porte e de temperamento d\u00f3cil se enquadra nessa defini\u00e7\u00e3o. Um tigre asi\u00e1tico decididamente n\u00e3o \u00e9 um animal dom\u00e9stico. <\/p>\n\n\n\n<p>O pitbull parece estar no meio da escala. Se for submetido a treinamento e criado em condi\u00e7\u00f5es favor\u00e1veis, esse c\u00e3o pode ficar parecido com seus primos d\u00f3ceis que fazem a alegria das crian\u00e7as. Mas quem consegue criar um c\u00e3o em condi\u00e7\u00f5es favor\u00e1veis submetendo-o a rigoroso treinamento? Depois desta pergunta vamos a outra mais complexa: os admiradores da ra\u00e7a pitbull est\u00e3o \u00e0 procura de docilidade? Ouso dizer, que as caracter\u00edsticas mais apreciadas dos pit bulls s\u00e3o justamente seu potencial agressivo, sua resist\u00eancia a dor e sua tenacidade. <\/p>\n\n\n\n<p>Muitos criadores propositalmente submetem esses animais a um condicionamento perverso que potencializa a agressividade. A hist\u00f3ria do desenvolvimento da ra\u00e7a nos mostra que esses animais eram criados para participar de rinhas na velha Inglaterra. Assim como no s\u00e9culo XIX, os c\u00e3es pit bulls de hoje s\u00e3o criados para ser o que o dono quer. E, com raras exce\u00e7\u00f5es, ele quer c\u00e3es violentos para que o animal seja uma proje\u00e7\u00e3o do ego do seu dono.<\/p>\n\n\n\n<p>N\u00e3o \u00e9 de hoje que o homem faz melhoramento de esp\u00e9cies. Entenda-se melhoramento como o trabalho de tornar uma esp\u00e9cie mais \u00fatil ao interesse humano. O melhoramento gen\u00e9tico produz frangos que crescem mais r\u00e1pido e porcos com menos gordura. Tamb\u00e9m produz c\u00e3es mais violentos. Neste caso, seria mais correto falar de pioramento gen\u00e9tico. O pioramento feito com os pit bulls os afastou do perfil esperado para um animal dom\u00e9stico. Some a essa carga gen\u00e9tica uma cria\u00e7\u00e3o confinada e estressante e teremos um animal selvagem dentro de casa.<\/p>\n\n\n\n<p>Qual \u00e9 a solu\u00e7\u00e3o para os pit bulls? Castr\u00e1-los para que percam a agressividade? Os donos n\u00e3o querem um c\u00e3o d\u00f3cil. Proibir a procria\u00e7\u00e3o da esp\u00e9cie at\u00e9 lev\u00e1-los \u00e0 extin\u00e7\u00e3o? Os donos v\u00e3o desenvolver outras ra\u00e7as agressivas, talvez lan\u00e7ando m\u00e3o da engenharia gen\u00e9tica. O problema n\u00e3o \u00e9 o pit bull, pobre criatura que apenas segue seus instintos. O problema \u00e9 o dono.<\/p>\n\n\n\n<h3 class=\"wp-block-heading\">Desenvolvimento<\/h3>\n\n\n\n<ul class=\"wp-block-list\">\n<li><\/li>\n<\/ul>\n","protected":false},"excerpt":{"rendered":"<p>Muitas pessoas reagem de forma brusca quando se deparam com animais potencialmente perigosos ao ser humano como aranhas, escorpi\u00f5es e cobras. Com frequ\u00eancia, o humano liquida a criatura perigosa sem pestanejar e essa f\u00faria exterminadora se estende tamb\u00e9m a animais que n\u00e3o oferecem risco como sapos, morcegos e lagartixas. Esse comportamento instintivo e tosco de &hellip; <a href=\"https:\/\/radames.manosso.nom.br\/palavras\/comportamento\/o-pioramento-genetico-do-pit-bull\/\" class=\"more-link\">Continue lendo <span class=\"screen-reader-text\">O pioramento gen\u00e9tico do pit bull<\/span> <span class=\"meta-nav\">&rarr;<\/span><\/a><\/p>\n","protected":false},"author":1,"featured_media":0,"comment_status":"open","ping_status":"open","sticky":false,"template":"","format":"standard","meta":{"jetpack_post_was_ever_published":false,"_jetpack_newsletter_access":"","_jetpack_dont_email_post_to_subs":false,"_jetpack_newsletter_tier_id":0,"_jetpack_memberships_contains_paywalled_content":false,"_jetpack_memberships_contains_paid_content":false,"footnotes":""},"categories":[6],"tags":[100,101,299,102],"class_list":["post-1594","post","type-post","status-publish","format-standard","hentry","category-comportamento","tag-animais","tag-caes","tag-comportamento","tag-pit-bull"],"jetpack_featured_media_url":"","jetpack_shortlink":"https:\/\/wp.me\/p74VxW-pI","jetpack-related-posts":[{"id":2741,"url":"https:\/\/radames.manosso.nom.br\/palavras\/comportamento\/preferencia-para-quem-precisa-de-preferencia\/","url_meta":{"origin":1594,"position":0},"title":"Prefer\u00eancia para quem precisa de prefer\u00eancia","author":"Radam\u00e9s","date":false,"format":false,"excerpt":"Raramente enfrento fila de banco, pois costumo resolver meus assuntos banc\u00e1rios pela Internet. Infelizmente, o comparecimento na boca do caixa continua obrigat\u00f3rio em alguns casos\u00a0como na hora de pagar o licenciamento do carro. Aqui no Paran\u00e1 esse pagamento s\u00f3 pode ser feito no Banco do Brasil com dinheiro vivo. Essa\u2026","rel":"","context":"Em &quot;Comportamento&quot;","block_context":{"text":"Comportamento","link":"https:\/\/radames.manosso.nom.br\/palavras\/category\/comportamento\/"},"img":{"alt_text":"","src":"https:\/\/i0.wp.com\/radames.manosso.nom.br\/palavras\/files\/2011\/09\/atendimento-preferencial.jpg?resize=350%2C200&ssl=1","width":350,"height":200},"classes":[]},{"id":5459,"url":"https:\/\/radames.manosso.nom.br\/palavras\/comportamento\/datas-comemorativas-em-transformacao\/","url_meta":{"origin":1594,"position":1},"title":"Datas comemorativas em transforma\u00e7\u00e3o","author":"Radam\u00e9s","date":false,"format":false,"excerpt":"Antes da reflex\u00e3o sobre o tema, segue a tabela com 1.000+ datas comemorativas. Tabela de datas comemorativas Datas comemorativas, celebra\u00e7\u00f5es, conscientiza\u00e7\u00f5es, efem\u00e9rides. O nome correto \u00e9 dif\u00edcil de encontrar, mas segue uma lista com mais de 1.000 datas. A tabela \u00e9 filtr\u00e1vel, classific\u00e1vel e pesquis\u00e1vel. Aproveite. Reflex\u00e3o Minha colega que\u2026","rel":"","context":"Em &quot;Comportamento&quot;","block_context":{"text":"Comportamento","link":"https:\/\/radames.manosso.nom.br\/palavras\/category\/comportamento\/"},"img":{"alt_text":"","src":"","width":0,"height":0},"classes":[]},{"id":3407,"url":"https:\/\/radames.manosso.nom.br\/palavras\/geral\/voce-calcula-o-preco-por-kg-dos-produtos\/","url_meta":{"origin":1594,"position":2},"title":"Voc\u00ea calcula o pre\u00e7o por kg dos produtos?","author":"Radam\u00e9s","date":false,"format":false,"excerpt":"Quando vamos ao supermercado, muitas vezes ficamos assustados com o pre\u00e7o de alguns produtos vendidos por kg. \u00c9 cl\u00e1ssico o assombro com o pre\u00e7o do bacalhau de primeira nas v\u00e9speras da semana santa, mas poucas pessoas fazem o c\u00e1lculo do pre\u00e7o por kg de produtos comercializados em apresenta\u00e7\u00f5es leves como\u2026","rel":"","context":"Em &quot;geral&quot;","block_context":{"text":"geral","link":"https:\/\/radames.manosso.nom.br\/palavras\/category\/geral\/"},"img":{"alt_text":"","src":"https:\/\/i0.wp.com\/radames.manosso.nom.br\/palavras\/files\/2013\/11\/balanc3a7a.jpg?resize=350%2C200&ssl=1","width":350,"height":200},"classes":[]},{"id":2271,"url":"https:\/\/radames.manosso.nom.br\/palavras\/comportamento\/loucos-por-listas\/","url_meta":{"origin":1594,"position":3},"title":"Louco por listas","author":"Radam\u00e9s","date":false,"format":false,"excerpt":"Seguem algumas listas que criei em momentos de \u00f3cio criativo. Coisas que fa\u00e7o e que n\u00e3o fa\u00e7o N\u00e3o fa\u00e7o mais: Ir ao cinema. Passar roupa. Assistir TV aberta. Assinar TV a cabo. Ler jornais e revistas impressos. Imprimir papeis. Receber faturas impressas. Manter telefone fixo. Pagar no cr\u00e9dito. Usar cart\u00e3o\u2026","rel":"","context":"Em &quot;Comportamento&quot;","block_context":{"text":"Comportamento","link":"https:\/\/radames.manosso.nom.br\/palavras\/category\/comportamento\/"},"img":{"alt_text":"wanted-radames","src":"https:\/\/i0.wp.com\/radames.manosso.nom.br\/palavras\/files\/2011\/01\/wanted-radames.jpg?resize=350%2C200&ssl=1","width":350,"height":200},"classes":[]},{"id":5178,"url":"https:\/\/radames.manosso.nom.br\/palavras\/comportamento\/aprendi-com-um-velho-indio\/","url_meta":{"origin":1594,"position":4},"title":"Aprendi com um velho \u00edndio","author":"Radam\u00e9s","date":false,"format":false,"excerpt":"Sapi\u00eancias que n\u00e3o se aprende na escola. N\u00e3o d\u00ea conselhos. Venda-os A regra \u00e9 simples, mas fundamentada. Se o seu conselho \u00e9 bom, ent\u00e3o deve ter valor de mercado. Se n\u00e3o \u00e9, bem nesse caso o melhor \u00e9 ficar calado. \u00c9 grande a lista das pessoas que vivem de dar\u2026","rel":"","context":"Em &quot;Comportamento&quot;","block_context":{"text":"Comportamento","link":"https:\/\/radames.manosso.nom.br\/palavras\/category\/comportamento\/"},"img":{"alt_text":"","src":"https:\/\/i0.wp.com\/radames.manosso.nom.br\/palavras\/files\/2019\/02\/yoda.jpg?resize=350%2C200&ssl=1","width":350,"height":200},"classes":[]},{"id":1407,"url":"https:\/\/radames.manosso.nom.br\/palavras\/comportamento\/a-feminista-e-o-galao-de-agua-mineral\/","url_meta":{"origin":1594,"position":5},"title":"O feminista e o gal\u00e3o de \u00e1gua mineral","author":"Radam\u00e9s","date":false,"format":false,"excerpt":"Quando acabava a \u00e1gua no bebedouro do escrit\u00f3rio n\u00e3o demorava at\u00e9 aparecer uma colaboradora proativa para resolver o problema: \u2014 Ser\u00e1 que n\u00e3o tem um homem forte\u00a0nesta sala para virar o gal\u00e3o de \u00e1gua mineral? Imediatamente, v\u00e3o surgindo as desculpas: \u2014 Estou com uma s\u00e9ria lombalgia. \u2014 Tenho que terminar\u2026","rel":"","context":"Em &quot;Comportamento&quot;","block_context":{"text":"Comportamento","link":"https:\/\/radames.manosso.nom.br\/palavras\/category\/comportamento\/"},"img":{"alt_text":"","src":"https:\/\/i0.wp.com\/radames.manosso.nom.br\/palavras\/files\/2009\/11\/bebedouro-agua-mineral.jpg?resize=350%2C200&ssl=1","width":350,"height":200},"classes":[]}],"jetpack_sharing_enabled":true,"_links":{"self":[{"href":"https:\/\/radames.manosso.nom.br\/palavras\/wp-json\/wp\/v2\/posts\/1594","targetHints":{"allow":["GET"]}}],"collection":[{"href":"https:\/\/radames.manosso.nom.br\/palavras\/wp-json\/wp\/v2\/posts"}],"about":[{"href":"https:\/\/radames.manosso.nom.br\/palavras\/wp-json\/wp\/v2\/types\/post"}],"author":[{"embeddable":true,"href":"https:\/\/radames.manosso.nom.br\/palavras\/wp-json\/wp\/v2\/users\/1"}],"replies":[{"embeddable":true,"href":"https:\/\/radames.manosso.nom.br\/palavras\/wp-json\/wp\/v2\/comments?post=1594"}],"version-history":[{"count":2,"href":"https:\/\/radames.manosso.nom.br\/palavras\/wp-json\/wp\/v2\/posts\/1594\/revisions"}],"predecessor-version":[{"id":5754,"href":"https:\/\/radames.manosso.nom.br\/palavras\/wp-json\/wp\/v2\/posts\/1594\/revisions\/5754"}],"wp:attachment":[{"href":"https:\/\/radames.manosso.nom.br\/palavras\/wp-json\/wp\/v2\/media?parent=1594"}],"wp:term":[{"taxonomy":"category","embeddable":true,"href":"https:\/\/radames.manosso.nom.br\/palavras\/wp-json\/wp\/v2\/categories?post=1594"},{"taxonomy":"post_tag","embeddable":true,"href":"https:\/\/radames.manosso.nom.br\/palavras\/wp-json\/wp\/v2\/tags?post=1594"}],"curies":[{"name":"wp","href":"https:\/\/api.w.org\/{rel}","templated":true}]}}