{"id":1917,"date":"2010-06-12T12:00:02","date_gmt":"2010-06-12T15:00:02","guid":{"rendered":"http:\/\/radamesm.wordpress.com\/?p=1917"},"modified":"2021-03-10T17:17:40","modified_gmt":"2021-03-10T20:17:40","slug":"saudosa-marmelada","status":"publish","type":"post","link":"https:\/\/radames.manosso.nom.br\/palavras\/geral\/saudosa-marmelada\/","title":{"rendered":"Saudosa marmelada"},"content":{"rendered":"\n<p>Recentemente assisti em casa um daqueles filmes raros que v\u00e3o fundo na alma do ser humano. Falo de <em>O Lutador<\/em> com Mickey Rourke e Marisa Tomei, que conta a hist\u00f3ria de um lutador decadente que por d\u00e9cadas atua em espet\u00e1culos de wrestling. Bem, n\u00e3o \u00e9 do filme que vou falar neste post, mas da viagem sentimental que ele desencadeou em mim, por isso, senhoooooras e senhooooores, convido todos a lembrarem do INCR\u00cdVEL, fooooormid\u00e1vel e i-nes-que-c\u00ed-vel TELECATCH INTERNACIONAL DE CURITIBA.<\/p>\n\n\n\n<p>Na d\u00e9cada de 1970 as transmiss\u00f5es via sat\u00e9lite eram pouco comuns e as emissoras de TV apostavam em produ\u00e7\u00f5es locais. O Canal 12 de Curitiba apresentava nos s\u00e1bados \u00e0 noite seu programa de lutas livres. Era o maior sucesso. L\u00e1 em casa, a audi\u00eancia do Telecatch era cativa. Ainda lembro de meu av\u00f4 Louren\u00e7o tenso e indignado diante da TV preto e branco:<\/p>\n\n\n\n<figure class=\"wp-block-image\"><a href=\"https:\/\/i0.wp.com\/radames.manosso.nom.br\/palavras\/files\/2010\/06\/telecatch.png?ssl=1\"><img data-recalc-dims=\"1\" loading=\"lazy\" decoding=\"async\" width=\"225\" height=\"329\" data-attachment-id=\"1920\" data-permalink=\"https:\/\/radames.manosso.nom.br\/palavras\/geral\/saudosa-marmelada\/attachment\/telecatch\/\" data-orig-file=\"https:\/\/i0.wp.com\/radames.manosso.nom.br\/palavras\/files\/2010\/06\/telecatch.png?fit=225%2C329&amp;ssl=1\" data-orig-size=\"225,329\" data-comments-opened=\"1\" data-image-meta=\"{&quot;aperture&quot;:&quot;0&quot;,&quot;credit&quot;:&quot;&quot;,&quot;camera&quot;:&quot;&quot;,&quot;caption&quot;:&quot;&quot;,&quot;created_timestamp&quot;:&quot;0&quot;,&quot;copyright&quot;:&quot;&quot;,&quot;focal_length&quot;:&quot;0&quot;,&quot;iso&quot;:&quot;0&quot;,&quot;shutter_speed&quot;:&quot;0&quot;,&quot;title&quot;:&quot;&quot;}\" data-image-title=\"telecatch internacional\" data-image-description=\"\" data-image-caption=\"\" data-large-file=\"https:\/\/i0.wp.com\/radames.manosso.nom.br\/palavras\/files\/2010\/06\/telecatch.png?fit=225%2C329&amp;ssl=1\" src=\"https:\/\/i0.wp.com\/radames.manosso.nom.br\/palavras\/files\/2010\/06\/telecatch.png?resize=225%2C329&#038;ssl=1\" alt=\"\" class=\"wp-image-1920\" title=\"telecatch internacional\" srcset=\"https:\/\/i0.wp.com\/radames.manosso.nom.br\/palavras\/files\/2010\/06\/telecatch.png?w=225&amp;ssl=1 225w, https:\/\/i0.wp.com\/radames.manosso.nom.br\/palavras\/files\/2010\/06\/telecatch.png?resize=205%2C300&amp;ssl=1 205w\" sizes=\"auto, (max-width: 225px) 100vw, 225px\" \/><\/a><\/figure>\n\n\n\n<!--more-->\n\n\n\n<p>\u2014 Olha l\u00e1, olha l\u00e1. O Joia est\u00e1 esfregando lim\u00e3o no olho do Bras\u00e3o e o juiz faz que n\u00e3o viu nada.<\/p>\n\n\n\n<p>Havia uma ordem bem estabelecida no Telecatch. De um lado ficavam os lutadores do bem como Bras\u00e3o, Mister Argentina e Bala de Prata. Esses eram os caras boa pinta que arrancavam suspiros das mo\u00e7oilas. Do outro lado ficava a turma da pesada que desconhecia completamente o significado de palavras como <em>car\u00e1ter<\/em>, <em>honra<\/em> ou <em>regras<\/em>. <\/p>\n\n\n\n<p>Nessa turma de bad boys despontavam vil\u00f5es como Metralha, Verdugo, Fantomas e Tigre Paraguaio. Meu vil\u00e3o favorito era o perform\u00e1tico Joia o Psicod\u00e9lico que costumava roubar a cena nas lutas em que participava. Onde o cara encontrou inspira\u00e7\u00e3o para esse nome, hein?<\/p>\n\n\n\n<p>As lutas eram narradas pela voz entusiasmada de Wilson Brustolin. Os juizes tamb\u00e9m eram de dois tipos: havia os \u00edntegros e os ladr\u00f5es que roubavam at\u00e9 da m\u00e3e para favorecer os vil\u00f5es. Alguns c\u00e9ticos diziam que o telecatch era uma grande marmelada. Bem, se era ou n\u00e3o era jamais saberemos. O que eu vi com meus pr\u00f3prios olhos algumas vezes foi a vit\u00f3ria do vil\u00e3o. Lembro de uma vez em que ocorreu um embate hist\u00f3rico e surpreendente. <\/p>\n\n\n\n<p>Bras\u00e3o, o gal\u00e3 do telecatch, por alguma raz\u00e3o nunca divulgada caiu em desgra\u00e7a com os vil\u00f5es que aplicaram uma cama\u00e7ada de pau no campe\u00e3o paranaense e o deixaram beijando a lona. Esses casos isolados, por\u00e9m, eram exce\u00e7\u00e3o. Normalmente, o paladino do bem sofria um bocado, mas no final desencadeava uma reviravolta sensacional com direito \u00e0s famosas tesouras voadoras. Quase sempre, o vil\u00e3o era arremessado para fora do ringue juntamente com o juiz ladr\u00e3o que o protegia.<\/p>\n\n\n\n<p>As lutas livres na TV vieram dos espet\u00e1culos circenses. Pertencem a uma categoria quase extinta de divers\u00e3o p\u00fablica onde os espectadores eram levados a uma catarse absoluta.&nbsp; Tempos inocentes que n\u00e3o voltam mais. Por onde anda esse povo do telecatch? O famoso La M\u00famia nunca teve sua identidade revelada. Sempre lutava com bandagens cobrindo todo o corpo. Dizem que era da pol\u00edcia e que teria chegado ao posto de Comandante Geral da Pol\u00edcia Militar do Paran\u00e1. <\/p>\n\n\n\n<p>O Big Boy entrou para a pol\u00edtica e se elegeu vereador pelo PV. Contam que Joia o Psicod\u00e9lico ainda sobe aos ringues de circos mambembes no interior do Paran\u00e1. Certamente, ele continua incendiando as plateias com suas bravatas. Ser\u00e1 que esconde lim\u00f5es na cintura? Longa vida ao Psicod\u00e9lico e que prossiga a velha luta do bem contra o mal.<\/p>\n\n\n\n<p>Cr\u00e9dito de imagem: <a href=\"http:\/\/www.paranaonline.com.br\" target=\"_blank\" rel=\"noopener noreferrer\">Paran\u00e1 on-line<\/a><\/p>\n\n\n\n<h3 class=\"wp-block-heading\">Reflex\u00f5es<\/h3>\n\n\n\n<ul class=\"wp-block-list\">\n<li><a href=\"https:\/\/radames.manosso.nom.br\/palavras\/comportamento\/datas-comemorativas-em-transformacao\/\">Datas comemorativas em transforma\u00e7\u00e3o<\/a><\/li>\n\n\n\n<li><a href=\"https:\/\/radames.manosso.nom.br\/palavras\/comportamento\/o-pioramento-genetico-do-pit-bull\/\">O pioramento gen\u00e9tico do pit bull<\/a><\/li>\n\n\n\n<li><a href=\"https:\/\/radames.manosso.nom.br\/palavras\/comportamento\/preferencia-para-quem-precisa-de-preferencia\/\">Prefer\u00eancia para quem precisa de prefer\u00eancia<\/a><\/li>\n\n\n\n<li><a href=\"https:\/\/radames.manosso.nom.br\/palavras\/comportamento\/loucos-por-listas\/\">Loucos por listas<\/a><\/li>\n\n\n\n<li><a href=\"https:\/\/radames.manosso.nom.br\/palavras\/comportamento\/em-que-fase-a-lua-esta-hoje\/\">Em que fase a lua est\u00e1 hoje?<\/a><\/li>\n\n\n\n<li><a href=\"https:\/\/radames.manosso.nom.br\/palavras\/comportamento\/as-virtudes-da-ordem-alfabetica\/\">As virtudes da ordem alfab\u00e9tica<\/a><\/li>\n\n\n\n<li><a href=\"https:\/\/radames.manosso.nom.br\/palavras\/educacao\/para-que-serve-um-caderno-de-caligrafia\/\">Para que serve um caderno de caligrafia?<\/a><\/li>\n\n\n\n<li><a href=\"https:\/\/radames.manosso.nom.br\/palavras\/comportamento\/aprendi-com-um-velho-indio\/\">Aprendi com um velho \u00edndio<\/a><\/li>\n\n\n\n<li><a href=\"https:\/\/radames.manosso.nom.br\/palavras\/comportamento\/meu-museu-tecnologico-domestico\/\">Meu museu tecnol\u00f3gico dom\u00e9stico<\/a><\/li>\n\n\n\n<li><a href=\"https:\/\/radames.manosso.nom.br\/palavras\/comportamento\/reflexoes-de-um-implicante-tecnologico\/\">Reflex\u00f5es de um implicante tecnol\u00f3gico<\/a><\/li>\n\n\n\n<li><a href=\"https:\/\/radames.manosso.nom.br\/palavras\/comportamento\/quando-o-brega-se-tornar-chique\/\">Quando o brega se tornar chique<\/a><\/li>\n\n\n\n<li><a href=\"https:\/\/radames.manosso.nom.br\/palavras\/comportamento\/o-futuro-incerto-do-nosso-passado-digital\/\">O futuro incerto do nosso passado digital<\/a><\/li>\n\n\n\n<li><a href=\"https:\/\/radames.manosso.nom.br\/palavras\/geral\/saudosa-marmelada\/\">Saudosa marmelada<\/a><\/li>\n\n\n\n<li><a href=\"https:\/\/radames.manosso.nom.br\/palavras\/politica\/biografias-chapa-branca\/\">Biografias chapa-branca<\/a><\/li>\n<\/ul>\n","protected":false},"excerpt":{"rendered":"<p>Recentemente assisti em casa um daqueles filmes raros que v\u00e3o fundo na alma do ser humano. Falo de O Lutador com Mickey Rourke e Marisa Tomei, que conta a hist\u00f3ria de um lutador decadente que por d\u00e9cadas atua em espet\u00e1culos de wrestling. Bem, n\u00e3o \u00e9 do filme que vou falar neste post, mas da viagem &hellip; <a href=\"https:\/\/radames.manosso.nom.br\/palavras\/geral\/saudosa-marmelada\/\" class=\"more-link\">Continue lendo <span class=\"screen-reader-text\">Saudosa marmelada<\/span> <span class=\"meta-nav\">&rarr;<\/span><\/a><\/p>\n","protected":false},"author":1,"featured_media":0,"comment_status":"open","ping_status":"open","sticky":false,"template":"","format":"standard","meta":{"jetpack_post_was_ever_published":false,"_jetpack_newsletter_access":"","_jetpack_dont_email_post_to_subs":false,"_jetpack_newsletter_tier_id":0,"_jetpack_memberships_contains_paywalled_content":false,"_jetpack_memberships_contains_paid_content":false,"footnotes":""},"categories":[3],"tags":[299,7,8,9,10,11],"class_list":["post-1917","post","type-post","status-publish","format-standard","hentry","category-geral","tag-comportamento","tag-curitiba","tag-telecatch","tag-televisao","tag-tv","tag-wrestling"],"jetpack_featured_media_url":"","jetpack_shortlink":"https:\/\/wp.me\/p74VxW-uV","jetpack-related-posts":[{"id":5207,"url":"https:\/\/radames.manosso.nom.br\/palavras\/comportamento\/reflexoes-de-um-implicante-tecnologico\/","url_meta":{"origin":1917,"position":0},"title":"Reflex\u00f5es de um implicante tecnol\u00f3gico","author":"Radam\u00e9s","date":false,"format":false,"excerpt":"Algumas fermenta\u00e7\u00f5es mentais de um heavy user de tecnologia com senso cr\u00edtico. Tem coisas que s\u00f3 o velho desktop faz por voc\u00ea Estamos na onda dos tablets e smartphones. Eles recebem nota dez em mobilidade; a experi\u00eancia de comandar o aparelho com toques na tela sens\u00edvel \u00e9 uma beleza e\u2026","rel":"","context":"Em &quot;Comportamento&quot;","block_context":{"text":"Comportamento","link":"https:\/\/radames.manosso.nom.br\/palavras\/category\/comportamento\/"},"img":{"alt_text":"","src":"https:\/\/i0.wp.com\/radames.manosso.nom.br\/palavras\/files\/2020\/08\/tv-philips-vintage.jpg?resize=350%2C200","width":350,"height":200},"classes":[]},{"id":7799,"url":"https:\/\/radames.manosso.nom.br\/palavras\/produtividade\/casa-tecnologica-aparelhos\/","url_meta":{"origin":1917,"position":1},"title":"Casa tecnol\u00f3gica &#8211; aparelhos","author":"Radam\u00e9s","date":false,"format":false,"excerpt":"Neste artigo falaremos sobre os aparelhos que comp\u00f5e uma casa tecnol\u00f3gica. \u00c1udio. Forno e fog\u00e3o Lavadora de roupa. Refrigerador. Televis\u00e3o. Videogame. Oficina. Mais aparelhos. \u00c1udio No passado, era comum encontrar nas casas de classe m\u00e9dia aparelhos de som sofisticados e caros que propiciavam uma experi\u00eancia incr\u00edvel para ouvir m\u00fasica. Com\u2026","rel":"","context":"Em &quot;Produtividade&quot;","block_context":{"text":"Produtividade","link":"https:\/\/radames.manosso.nom.br\/palavras\/category\/produtividade\/"},"img":{"alt_text":"cafeteira","src":"https:\/\/i0.wp.com\/radames.manosso.nom.br\/palavras\/files\/2025\/04\/cafeteira.jpg?resize=350%2C200&ssl=1","width":350,"height":200,"srcset":"https:\/\/i0.wp.com\/radames.manosso.nom.br\/palavras\/files\/2025\/04\/cafeteira.jpg?resize=350%2C200&ssl=1 1x, https:\/\/i0.wp.com\/radames.manosso.nom.br\/palavras\/files\/2025\/04\/cafeteira.jpg?resize=525%2C300&ssl=1 1.5x"},"classes":[]},{"id":2271,"url":"https:\/\/radames.manosso.nom.br\/palavras\/comportamento\/loucos-por-listas\/","url_meta":{"origin":1917,"position":2},"title":"Louco por listas","author":"Radam\u00e9s","date":false,"format":false,"excerpt":"Seguem algumas listas que criei em momentos de \u00f3cio criativo. Coisas que fa\u00e7o e que n\u00e3o fa\u00e7o N\u00e3o fa\u00e7o mais: Ir ao cinema. Passar roupa. Assistir TV aberta. Assinar TV a cabo. Ler jornais e revistas impressos. Imprimir papeis. Receber faturas impressas. Manter telefone fixo. Pagar no cr\u00e9dito. Usar cart\u00e3o\u2026","rel":"","context":"Em &quot;Comportamento&quot;","block_context":{"text":"Comportamento","link":"https:\/\/radames.manosso.nom.br\/palavras\/category\/comportamento\/"},"img":{"alt_text":"wanted-radames","src":"https:\/\/i0.wp.com\/radames.manosso.nom.br\/palavras\/files\/2011\/01\/wanted-radames.jpg?resize=350%2C200&ssl=1","width":350,"height":200},"classes":[]},{"id":4956,"url":"https:\/\/radames.manosso.nom.br\/palavras\/comportamento\/o-futuro-incerto-do-nosso-passado-digital\/","url_meta":{"origin":1917,"position":3},"title":"O futuro incerto do nosso passado digital","author":"Radam\u00e9s","date":false,"format":false,"excerpt":"Paul Carr em artigo do blog TechCrunch d\u00e1 um conselho \u00e0s pessoas que desejam preservar a sua hist\u00f3ria pessoal: parem de escrever e-mails e mensagens em redes sociais e voltem a escrever cartas enviadas pelo correio. Concordo com Paul quanto ao potencial de uma carta em papel para resistir por\u2026","rel":"","context":"Em &quot;Comportamento&quot;","block_context":{"text":"Comportamento","link":"https:\/\/radames.manosso.nom.br\/palavras\/category\/comportamento\/"},"img":{"alt_text":"","src":"https:\/\/i0.wp.com\/radames.manosso.nom.br\/palavras\/files\/2020\/04\/foto-do-cartas-de-amor.jpg?resize=350%2C200&ssl=1","width":350,"height":200},"classes":[]},{"id":7171,"url":"https:\/\/radames.manosso.nom.br\/palavras\/produtividade\/meu-minimalismo\/","url_meta":{"origin":1917,"position":4},"title":"Meu minimalismo","author":"Radam\u00e9s","date":false,"format":false,"excerpt":"O que \u00e9 N\u00e3o sei bem o que \u00e9, mas vou dar a minha vers\u00e3o. Minimalismo \u00e9 uma filosofia pr\u00e1tica, orientada para a conduta cotidiana. De certa forma, \u00e9 uma rea\u00e7\u00e3o ao modo de vida adotado por muitas pessoas, inclusive eu no passado, a um estilo de vida consumista que\u2026","rel":"","context":"Em &quot;Produtividade&quot;","block_context":{"text":"Produtividade","link":"https:\/\/radames.manosso.nom.br\/palavras\/category\/produtividade\/"},"img":{"alt_text":"","src":"https:\/\/i0.wp.com\/radames.manosso.nom.br\/palavras\/files\/2019\/12\/praia.jpg?resize=350%2C200&ssl=1","width":350,"height":200},"classes":[]},{"id":7004,"url":"https:\/\/radames.manosso.nom.br\/palavras\/educacao\/colecionaveis-incomuns-de-serie\/","url_meta":{"origin":1917,"position":5},"title":"Colecion\u00e1veis incomuns de s\u00e9rie","author":"Radam\u00e9s","date":false,"format":false,"excerpt":"Aqui temos alguns exemplos de cole\u00e7\u00f5es menos comuns, que tem f\u00e3-clubes mais restritos e nem por isso menos apaixonados. V\u00e1rias s\u00e3o de apelo popular porque n\u00e3o exigem grande investimento, apenas dedica\u00e7\u00e3o. Broches e bottons Podem ser usados em campanhas pol\u00edticas ou na defesa de causas, os broches e bottons podem\u2026","rel":"","context":"Em &quot;Educa\u00e7\u00e3o&quot;","block_context":{"text":"Educa\u00e7\u00e3o","link":"https:\/\/radames.manosso.nom.br\/palavras\/category\/educacao\/"},"img":{"alt_text":"cole\u00e7\u00e3o de bottons","src":"https:\/\/i0.wp.com\/radames.manosso.nom.br\/palavras\/files\/2024\/07\/bottons.jpg?resize=350%2C200&ssl=1","width":350,"height":200,"srcset":"https:\/\/i0.wp.com\/radames.manosso.nom.br\/palavras\/files\/2024\/07\/bottons.jpg?resize=350%2C200&ssl=1 1x, https:\/\/i0.wp.com\/radames.manosso.nom.br\/palavras\/files\/2024\/07\/bottons.jpg?resize=525%2C300&ssl=1 1.5x"},"classes":[]}],"jetpack_sharing_enabled":true,"_links":{"self":[{"href":"https:\/\/radames.manosso.nom.br\/palavras\/wp-json\/wp\/v2\/posts\/1917","targetHints":{"allow":["GET"]}}],"collection":[{"href":"https:\/\/radames.manosso.nom.br\/palavras\/wp-json\/wp\/v2\/posts"}],"about":[{"href":"https:\/\/radames.manosso.nom.br\/palavras\/wp-json\/wp\/v2\/types\/post"}],"author":[{"embeddable":true,"href":"https:\/\/radames.manosso.nom.br\/palavras\/wp-json\/wp\/v2\/users\/1"}],"replies":[{"embeddable":true,"href":"https:\/\/radames.manosso.nom.br\/palavras\/wp-json\/wp\/v2\/comments?post=1917"}],"version-history":[{"count":2,"href":"https:\/\/radames.manosso.nom.br\/palavras\/wp-json\/wp\/v2\/posts\/1917\/revisions"}],"predecessor-version":[{"id":5763,"href":"https:\/\/radames.manosso.nom.br\/palavras\/wp-json\/wp\/v2\/posts\/1917\/revisions\/5763"}],"wp:attachment":[{"href":"https:\/\/radames.manosso.nom.br\/palavras\/wp-json\/wp\/v2\/media?parent=1917"}],"wp:term":[{"taxonomy":"category","embeddable":true,"href":"https:\/\/radames.manosso.nom.br\/palavras\/wp-json\/wp\/v2\/categories?post=1917"},{"taxonomy":"post_tag","embeddable":true,"href":"https:\/\/radames.manosso.nom.br\/palavras\/wp-json\/wp\/v2\/tags?post=1917"}],"curies":[{"name":"wp","href":"https:\/\/api.w.org\/{rel}","templated":true}]}}