{"id":3407,"date":"2013-11-22T11:42:20","date_gmt":"2013-11-22T14:42:20","guid":{"rendered":"http:\/\/radamesm.wordpress.com\/?p=3407"},"modified":"2025-02-08T16:11:29","modified_gmt":"2025-02-08T19:11:29","slug":"voce-calcula-o-preco-por-kg-dos-produtos","status":"publish","type":"post","link":"https:\/\/radames.manosso.nom.br\/palavras\/geral\/voce-calcula-o-preco-por-kg-dos-produtos\/","title":{"rendered":"Voc\u00ea calcula o pre\u00e7o por kg dos produtos?"},"content":{"rendered":"\n<p>Quando vamos ao supermercado, muitas vezes ficamos assustados com o pre\u00e7o de alguns produtos vendidos por kg. \u00c9 cl\u00e1ssico o assombro com o pre\u00e7o do bacalhau de primeira nas v\u00e9speras da semana santa, mas poucas pessoas fazem o c\u00e1lculo do pre\u00e7o por kg de produtos comercializados em apresenta\u00e7\u00f5es leves como um bombom, por exemplo. <\/p>\n\n\n\n<p>N\u00e3o \u00e9 poss\u00edvel comparar produtos diferentes com apresenta\u00e7\u00f5es diferentes e, por isso, em alguns pa\u00edses, al\u00e9m do pre\u00e7o do produto embalado, o cliente deve ser informado do pre\u00e7o por kg, o que \u00e9 uma forma interessante de avaliar se o que voc\u00ea est\u00e1 pagando considerando uma mesma base de compara\u00e7\u00e3o entre os produtos. <\/p>\n\n\n\n<figure class=\"wp-block-image\"><a href=\"https:\/\/i0.wp.com\/radames.manosso.nom.br\/palavras\/files\/2013\/11\/balanc3a7a.jpg?ssl=1\"><img data-recalc-dims=\"1\" loading=\"lazy\" decoding=\"async\" width=\"500\" height=\"334\" data-attachment-id=\"3409\" data-permalink=\"https:\/\/radames.manosso.nom.br\/palavras\/geral\/voce-calcula-o-preco-por-kg-dos-produtos\/attachment\/balanca-2\/\" data-orig-file=\"https:\/\/i0.wp.com\/radames.manosso.nom.br\/palavras\/files\/2013\/11\/balanc3a7a.jpg?fit=500%2C334&amp;ssl=1\" data-orig-size=\"500,334\" data-comments-opened=\"1\" data-image-meta=\"{&quot;aperture&quot;:&quot;29&quot;,&quot;credit&quot;:&quot;&quot;,&quot;camera&quot;:&quot;Canon EOS D60&quot;,&quot;caption&quot;:&quot;&quot;,&quot;created_timestamp&quot;:&quot;0&quot;,&quot;copyright&quot;:&quot;&quot;,&quot;focal_length&quot;:&quot;53&quot;,&quot;iso&quot;:&quot;100&quot;,&quot;shutter_speed&quot;:&quot;2&quot;,&quot;title&quot;:&quot;&quot;}\" data-image-title=\"balan\u00e7a\" data-image-description=\"\" data-image-caption=\"\" data-large-file=\"https:\/\/i0.wp.com\/radames.manosso.nom.br\/palavras\/files\/2013\/11\/balanc3a7a.jpg?fit=500%2C334&amp;ssl=1\" src=\"https:\/\/i0.wp.com\/radames.manosso.nom.br\/palavras\/files\/2013\/11\/balanc3a7a.jpg?resize=500%2C334&#038;ssl=1\" alt=\"balan\u00e7a\" class=\"wp-image-3409\" srcset=\"https:\/\/i0.wp.com\/radames.manosso.nom.br\/palavras\/files\/2013\/11\/balanc3a7a.jpg?w=500&amp;ssl=1 500w, https:\/\/i0.wp.com\/radames.manosso.nom.br\/palavras\/files\/2013\/11\/balanc3a7a.jpg?resize=300%2C200&amp;ssl=1 300w\" sizes=\"auto, (max-width: 500px) 100vw, 500px\" \/><\/a><\/figure>\n\n\n\n<!--more-->\n\n\n\n<h3 class=\"wp-block-heading\">Como calcular o pre\u00e7o por kg dos produtos<\/h3>\n\n\n\n<p>Se a etiqueta de pre\u00e7o n\u00e3o trouxer o pre\u00e7o por kg voc\u00ea pode calcular facilmente seguindo o exemplo da regra de tr\u00eas a seguir:<\/p>\n\n\n\n<p><em>Se o bombom pesa 45 g e custa R$ 3,00,<br>ent\u00e3o, 1000 g de bombom custariam X.<\/em><\/p>\n\n\n\n<blockquote class=\"wp-block-quote is-layout-flow wp-block-quote-is-layout-flow\">\n<p>Pre\u00e7o por kg  = (Pre\u00e7o da unidade  x 1000) \/ Peso da unidade (g)<\/p>\n<\/blockquote>\n\n\n\n<h3 class=\"wp-block-heading\">Planilha para fazer lista de supermercado<\/h3>\n\n\n\n<p>Se preferir, voc\u00ea pode usar a planilha gratuita abaixo para calcular o peso por kg dos produtos automaticamente. Al\u00e9m disso, ela \u00e9 \u00fatil para organizar sua lista de compras.<\/p>\n\n\n\n<figure class=\"wp-block-image size-large\"><img data-recalc-dims=\"1\" loading=\"lazy\" decoding=\"async\" width=\"604\" height=\"282\" data-attachment-id=\"5049\" data-permalink=\"https:\/\/radames.manosso.nom.br\/palavras\/geral\/voce-calcula-o-preco-por-kg-dos-produtos\/attachment\/lista-supermercado-2\/\" data-orig-file=\"https:\/\/i0.wp.com\/radames.manosso.nom.br\/palavras\/files\/2013\/11\/lista-supermercado-2.jpg?fit=826%2C386&amp;ssl=1\" data-orig-size=\"826,386\" data-comments-opened=\"1\" data-image-meta=\"{&quot;aperture&quot;:&quot;0&quot;,&quot;credit&quot;:&quot;&quot;,&quot;camera&quot;:&quot;&quot;,&quot;caption&quot;:&quot;&quot;,&quot;created_timestamp&quot;:&quot;0&quot;,&quot;copyright&quot;:&quot;&quot;,&quot;focal_length&quot;:&quot;0&quot;,&quot;iso&quot;:&quot;0&quot;,&quot;shutter_speed&quot;:&quot;0&quot;,&quot;title&quot;:&quot;&quot;,&quot;orientation&quot;:&quot;0&quot;}\" data-image-title=\"lista de supermercado\" data-image-description=\"\" data-image-caption=\"\" data-large-file=\"https:\/\/i0.wp.com\/radames.manosso.nom.br\/palavras\/files\/2013\/11\/lista-supermercado-2.jpg?fit=604%2C282&amp;ssl=1\" src=\"https:\/\/i0.wp.com\/radames.manosso.nom.br\/palavras\/files\/2013\/11\/lista-supermercado-2.jpg?resize=604%2C282&#038;ssl=1\" alt=\"lista de supermercado\" class=\"wp-image-5049\" srcset=\"https:\/\/i0.wp.com\/radames.manosso.nom.br\/palavras\/files\/2013\/11\/lista-supermercado-2.jpg?w=826&amp;ssl=1 826w, https:\/\/i0.wp.com\/radames.manosso.nom.br\/palavras\/files\/2013\/11\/lista-supermercado-2.jpg?resize=300%2C140&amp;ssl=1 300w, https:\/\/i0.wp.com\/radames.manosso.nom.br\/palavras\/files\/2013\/11\/lista-supermercado-2.jpg?resize=768%2C359&amp;ssl=1 768w\" sizes=\"auto, (max-width: 604px) 100vw, 604px\" \/><\/figure>\n\n\n\n<figure class=\"wp-block-image size-medium is-resized\"><a href=\"http:\/\/radames.manosso.nom.br\/bitabit\/planilhas\/lista-de-compras-no-excel\/\"><img data-recalc-dims=\"1\" loading=\"lazy\" decoding=\"async\" width=\"300\" height=\"133\" data-attachment-id=\"3896\" data-permalink=\"https:\/\/radames.manosso.nom.br\/palavras\/comportamento\/em-que-fase-a-lua-esta-hoje\/attachment\/download-button\/\" data-orig-file=\"https:\/\/i0.wp.com\/radames.manosso.nom.br\/palavras\/files\/2008\/03\/Download-Button.png?fit=300%2C133&amp;ssl=1\" data-orig-size=\"300,133\" data-comments-opened=\"1\" data-image-meta=\"{&quot;aperture&quot;:&quot;0&quot;,&quot;credit&quot;:&quot;&quot;,&quot;camera&quot;:&quot;&quot;,&quot;caption&quot;:&quot;&quot;,&quot;created_timestamp&quot;:&quot;0&quot;,&quot;copyright&quot;:&quot;&quot;,&quot;focal_length&quot;:&quot;0&quot;,&quot;iso&quot;:&quot;0&quot;,&quot;shutter_speed&quot;:&quot;0&quot;,&quot;title&quot;:&quot;&quot;,&quot;orientation&quot;:&quot;0&quot;}\" data-image-title=\"download-button\" data-image-description=\"\" data-image-caption=\"\" data-large-file=\"https:\/\/i0.wp.com\/radames.manosso.nom.br\/palavras\/files\/2008\/03\/Download-Button.png?fit=300%2C133&amp;ssl=1\" src=\"https:\/\/i0.wp.com\/radames.manosso.nom.br\/palavras\/files\/2008\/03\/Download-Button.png?resize=300%2C133&#038;ssl=1\" alt=\"\" class=\"wp-image-3896\" style=\"width:150px;height:67px\"\/><\/a><\/figure>\n\n\n\n<h3 class=\"wp-block-heading\">Tabela de pre\u00e7o de produtos calculado por kg<\/h3>\n\n\n\n<p>Veja na tabela a seguir um comparativo entre produtos aliment\u00edcios comuns nas g\u00f4ndolas do supermercado.  Os pre\u00e7os podem estar desatualizados, mas as diferen\u00e7as, provavelmente, continuam v\u00e1lidas.<\/p>\n\n\n\n<figure class=\"wp-block-table alignwide\"><table><tbody><tr><td><strong>Produto<\/strong><\/td><td><strong>Apresenta\u00e7\u00e3o<\/strong><\/td><td><strong>Peso<br>embalado<br>(g)<\/strong><\/td><td><strong>Pre\u00e7o<br>(R$)<\/strong><\/td><td><strong>Pre\u00e7o<br>por kg<br>(R$)<\/strong><\/td><\/tr><tr><td>A\u00e7\u00facar refinado Caravelas<\/td><td>Pacote<\/td><td>1000<\/td><td>1,58<\/td><td><b>1,58<\/b><\/td><\/tr><tr><td>Laranja<\/td><td>Pacote<\/td><td>3000<\/td><td>4,98<\/td><td><b>1,66<\/b><\/td><\/tr><tr><td>Arroz tipo 1 Tio Jo\u00e3o<\/td><td>Pacote<\/td><td>5000<\/td><td>12,98<\/td><td><b>2,60<\/b><\/td><\/tr><tr><td>\u00d3leo de soja Soya<\/td><td>Garrafa 900 ml<\/td><td>837<\/td><td>2,38<\/td><td><b>2,84<\/b><\/td><\/tr><tr><td>Banana caturra<\/td><td>Cacho<\/td><td>1000<\/td><td>3,88<\/td><td><b>3,88<\/b><\/td><\/tr><tr><td>Feij\u00e3o carioquinha Caldo Bom<\/td><td>Pacote<\/td><td>1000<\/td><td>4,69<\/td><td><b>4,69<\/b><\/td><\/tr><tr><td>Feij\u00e3o preto Caldo Bom<\/td><td>Pacote<\/td><td>1000<\/td><td>5,48<\/td><td><b>5,48<\/b><\/td><\/tr><tr><td>Arroz integral Tio Jo\u00e3o<\/td><td>Pacote<\/td><td>500<\/td><td>2,80<\/td><td><b>5,60<\/b><\/td><\/tr><tr><td>Frango resfriado<\/td><td>Pe\u00e7a<\/td><td>1000<\/td><td>5,99<\/td><td><b>5,99<\/b><\/td><\/tr><tr><td>Feij\u00e3o preto cozido Wapza<\/td><td>Pacote<\/td><td>500<\/td><td>4,60<\/td><td><b>9,20<\/b><\/td><\/tr><tr><td>A\u00e7\u00facar mascavo Jasmine<\/td><td>Pacote<\/td><td>500<\/td><td>6,68<\/td><td><b>13,36<\/b><\/td><\/tr><tr><td>A\u00e7\u00facar Fit Uni\u00e3o<\/td><td>Sache<\/td><td>75<\/td><td>1,14<\/td><td><b>15,20<\/b><\/td><\/tr><tr><td>Pipoca de micro-ondas Elma Chips<\/td><td>Pacote<\/td><td>80<\/td><td>1,39<\/td><td><b>17,38<\/b><\/td><\/tr><tr><td>Biscoito integral Club Social<\/td><td>Pacote<\/td><td>156<\/td><td>2,98<\/td><td><b>19,10<\/b><\/td><\/tr><tr><td>Sucrilhos Kellogg&#8217;s<\/td><td>Pacote<\/td><td>300<\/td><td>6,20<\/td><td><b>20,67<\/b><\/td><\/tr><tr><td>Azeite extra virgem Carbonell<\/td><td>Garrafa 500 ml<\/td><td>460<\/td><td>11,58<\/td><td><b>25,17<\/b><\/td><\/tr><tr><td>Vinagre bals\u00e2mico La Violetera<\/td><td>Garrafa 500 ml<\/td><td>500<\/td><td>12,98<\/td><td><b>25,96<\/b><\/td><\/tr><tr><td>Energ\u00e9tico Red Bull<\/td><td>Lata<\/td><td>250<\/td><td>6,49<\/td><td><b>25,96<\/b><\/td><\/tr><tr><td>Chocolate Talento Garoto<\/td><td>Unidade<\/td><td>100<\/td><td>2,80<\/td><td><b>28,00<\/b><\/td><\/tr><tr><td>Manteiga com sal Avia\u00e7\u00e3o<\/td><td>Lata<\/td><td>200<\/td><td>5,99<\/td><td><b>29,95<\/b><\/td><\/tr><tr><td>Salgadinho Cheetos Elma Chips<\/td><td>Pacote<\/td><td>55<\/td><td>1,68<\/td><td><b>30,55<\/b><\/td><\/tr><tr><td>Bicoito Bom Gouter Nabisco<\/td><td>Pacote<\/td><td>100<\/td><td>3,28<\/td><td><b>32,80<\/b><\/td><\/tr><tr><td>Chocolate Twix<\/td><td>Unidade<\/td><td>45<\/td><td>1,48<\/td><td><b>32,89<\/b><\/td><\/tr><tr><td>Polenguinho tradicional Polenghi<\/td><td>Pacote<\/td><td>34<\/td><td>1,28<\/td><td><b>37,65<\/b><\/td><\/tr><tr><td>Arroz desidratado Tio Jo\u00e3o<\/td><td>Pacote<\/td><td>175<\/td><td>6,81<\/td><td><b>38,91<\/b><\/td><\/tr><tr><td>Picanha bovina resfriada<\/td><td>Pe\u00e7a<\/td><td>1500<\/td><td>65,18<\/td><td><b>43,45<\/b><\/td><\/tr><tr><td>Sustagen chocolate<\/td><td>Lata<\/td><td>380<\/td><td>16,98<\/td><td><b>44,68<\/b><\/td><\/tr><tr><td>Salgadinho Baconzitos Elma Chips<\/td><td>Pacote<\/td><td>55<\/td><td>2,48<\/td><td><b>45,09<\/b><\/td><\/tr><tr><td>Palmito inteiro Barriga Verde<\/td><td>Vidro<\/td><td>300<\/td><td>13,98<\/td><td><b>46,60<\/b><\/td><\/tr><tr><td>Doritos queijo Nacho<\/td><td>Pacote<\/td><td>55<\/td><td>2,68<\/td><td><b>48,73<\/b><\/td><\/tr><tr><td>Queijo Parmes\u00e3o Parm\u00edssimo<\/td><td>Pacote<\/td><td>250<\/td><td>12,48<\/td><td><b>49,92<\/b><\/td><\/tr><tr><td>Sapoti (fruta)<\/td><td>Unidade<\/td><td>400<\/td><td>19,99<\/td><td><b>49,98<\/b><\/td><\/tr><tr><td>Batata Stax Cheddar Elma Chips<\/td><td>Tubo<\/td><td>156<\/td><td>7,98<\/td><td><b>51,15<\/b><\/td><\/tr><tr><td>Bombom Lacta Lancy<\/td><td>Unidade<\/td><td>30<\/td><td>1,68<\/td><td><b>56,00<\/b><\/td><\/tr><tr><td>Cereja<\/td><td>Granel<\/td><td>250<\/td><td>14,75<\/td><td><b>59,00<\/b><\/td><\/tr><tr><td>Bacalhau do Porto<\/td><td>Pe\u00e7a<\/td><td>800<\/td><td>63,18<\/td><td><b>78,98<\/b><\/td><\/tr><tr><td>Confeti Lacta<\/td><td>Pacote<\/td><td>25<\/td><td>1,98<\/td><td><b>79,20<\/b><\/td><\/tr><tr><td>Tictac Menta Ferrero Rocher<\/td><td>Frasco<\/td><td>16<\/td><td>1,48<\/td><td><b>92,50<\/b><\/td><\/tr><tr><td>Bombom Ferrero Rocher<\/td><td>Pacote<\/td><td>170<\/td><td>20,48<\/td><td><b>120,47<\/b><\/td><\/tr><tr><td>Chiclete WinterGreen Mentos<\/td><td>Frasco<\/td><td>56<\/td><td>9,98<\/td><td><b>178,21<\/b><\/td><\/tr><\/tbody><\/table><\/figure>\n\n\n\n<p>Uma conclus\u00e3o imediata da an\u00e1lise da tabela \u00e9 que a express\u00e3o \u201ca pre\u00e7o de banana\u201d j\u00e1 n\u00e3o faz sentido. A banana n\u00e3o \u00e9 mais o alimento mais barato do Brasil. Alguns v\u00e3o dizer que n\u00e3o vale comparar alimentos b\u00e1sicos com produtos gourmet. Realmente, o valor agregado em cada tipo de alimento varia. A conveni\u00eancia costuma valer muito e produtos fracionados em quantidades pequenas costumam esconder pre\u00e7os altos pelo kg. <\/p>\n\n\n\n<h3 class=\"wp-block-heading\">Quando n\u00e3o faz sentido avaliar o produto pelo peso<\/h3>\n\n\n\n<p>Na maioria dos casos de alimentos de supermercado \u00e9 interessante fazer o comparativo de pre\u00e7os por kg, mas n\u00e3o devemos avaliar todos os pre\u00e7os pelo peso do produto. Um rem\u00e9dio, por exemplo, n\u00e3o vale pelo seu peso, mas pela sua efic\u00e1cia em resolver um problema de sa\u00fade.<\/p>\n\n\n\n<p>Defendo que todo produto vendido com a informa\u00e7\u00e3o de massa deveria ter seu pre\u00e7o por kg declarado na etiqueta do supermercado, pois o bolso do cliente n\u00e3o tem papilas gustativas e decide por crit\u00e9rios mais avaros.<\/p>\n\n\n\n<h3 class=\"wp-block-heading\">Consumo<\/h3>\n\n\n\n<ul class=\"wp-block-list\">\n<li><a href=\"https:\/\/radames.manosso.nom.br\/palavras\/produtividade\/casa-tecnologica-sistemas\/\">Casa tecnol\u00f3gica \u2013 sistemas<\/a><\/li>\n\n\n\n<li><a href=\"https:\/\/radames.manosso.nom.br\/palavras\/produtividade\/casa-tecnologica-aparelhos\/\">Casa tecnol\u00f3gica &#8211; aparelhos<\/a><\/li>\n\n\n\n<li><a href=\"https:\/\/radames.manosso.nom.br\/palavras\/comportamento\/dimensoes-da-alimentacao\/\">Dimens\u00f5es da alimenta\u00e7\u00e3o<\/a><\/li>\n\n\n\n<li><a href=\"https:\/\/radames.manosso.nom.br\/palavras\/comportamento\/minhas-opinioes-impopulares-sobre-alimentacao\/\">Minhas opini\u00f5es impopulares sobre alimenta\u00e7\u00e3o<\/a><\/li>\n\n\n\n<li><a href=\"https:\/\/radames.manosso.nom.br\/palavras\/produtividade\/meu-minimalismo\/\">Meu minimalismo<\/a><\/li>\n\n\n\n<li><a href=\"https:\/\/radames.manosso.nom.br\/palavras\/geral\/voce-calcula-o-preco-por-kg-dos-produtos\/\">Voc\u00ea calcula o pre\u00e7o por kg dos produtos?<\/a><\/li>\n<\/ul>\n","protected":false},"excerpt":{"rendered":"<p>Quando vamos ao supermercado, muitas vezes ficamos assustados com o pre\u00e7o de alguns produtos vendidos por kg. \u00c9 cl\u00e1ssico o assombro com o pre\u00e7o do bacalhau de primeira nas v\u00e9speras da semana santa, mas poucas pessoas fazem o c\u00e1lculo do pre\u00e7o por kg de produtos comercializados em apresenta\u00e7\u00f5es leves como um bombom, por exemplo. N\u00e3o &hellip; <a href=\"https:\/\/radames.manosso.nom.br\/palavras\/geral\/voce-calcula-o-preco-por-kg-dos-produtos\/\" class=\"more-link\">Continue lendo <span class=\"screen-reader-text\">Voc\u00ea calcula o pre\u00e7o por kg dos produtos?<\/span> <span class=\"meta-nav\">&rarr;<\/span><\/a><\/p>\n","protected":false},"author":1,"featured_media":0,"comment_status":"open","ping_status":"open","sticky":false,"template":"","format":"standard","meta":{"jetpack_post_was_ever_published":false,"_jetpack_newsletter_access":"","_jetpack_dont_email_post_to_subs":false,"_jetpack_newsletter_tier_id":0,"_jetpack_memberships_contains_paywalled_content":false,"_jetpack_memberships_contains_paid_content":false,"footnotes":""},"categories":[3],"tags":[299,29,30,31],"class_list":["post-3407","post","type-post","status-publish","format-standard","hentry","category-geral","tag-comportamento","tag-consumo","tag-economia","tag-preco"],"jetpack_featured_media_url":"","jetpack_shortlink":"https:\/\/wp.me\/p74VxW-SX","jetpack-related-posts":[{"id":2741,"url":"https:\/\/radames.manosso.nom.br\/palavras\/comportamento\/preferencia-para-quem-precisa-de-preferencia\/","url_meta":{"origin":3407,"position":0},"title":"Prefer\u00eancia para quem precisa de prefer\u00eancia","author":"Radam\u00e9s","date":false,"format":false,"excerpt":"Raramente enfrento fila de banco, pois costumo resolver meus assuntos banc\u00e1rios pela Internet. Infelizmente, o comparecimento na boca do caixa continua obrigat\u00f3rio em alguns casos\u00a0como na hora de pagar o licenciamento do carro. Aqui no Paran\u00e1 esse pagamento s\u00f3 pode ser feito no Banco do Brasil com dinheiro vivo. Essa\u2026","rel":"","context":"Em &quot;Comportamento&quot;","block_context":{"text":"Comportamento","link":"https:\/\/radames.manosso.nom.br\/palavras\/category\/comportamento\/"},"img":{"alt_text":"","src":"https:\/\/i0.wp.com\/radames.manosso.nom.br\/palavras\/files\/2011\/09\/atendimento-preferencial.jpg?resize=350%2C200&ssl=1","width":350,"height":200},"classes":[]},{"id":7542,"url":"https:\/\/radames.manosso.nom.br\/palavras\/comportamento\/dimensoes-da-alimentacao\/","url_meta":{"origin":3407,"position":1},"title":"Dimens\u00f5es da alimenta\u00e7\u00e3o","author":"Radam\u00e9s","date":false,"format":false,"excerpt":"Entenda dimens\u00e3o como um conjunto de princ\u00edpios, fatores e regras que influenciam em nossa alimenta\u00e7\u00e3o. A alimenta\u00e7\u00e3o humana \u00e9 regulada por v\u00e1rias dimens\u00f5es. Com frequ\u00eancia, essas dimens\u00f5es colidem entre si e \u00e9 muito dif\u00edcil encontrar uma receita que atenda v\u00e1rias dimens\u00f5es simultaneamente.As dimens\u00f5es que vamos analisar s\u00e3o: Econ\u00f4mica. Nutricional. Gastron\u00f4mica.\u2026","rel":"","context":"Em &quot;Comportamento&quot;","block_context":{"text":"Comportamento","link":"https:\/\/radames.manosso.nom.br\/palavras\/category\/comportamento\/"},"img":{"alt_text":"prato feito","src":"https:\/\/i0.wp.com\/radames.manosso.nom.br\/palavras\/files\/2025\/01\/prato-feito.jpg?resize=350%2C200&ssl=1","width":350,"height":200,"srcset":"https:\/\/i0.wp.com\/radames.manosso.nom.br\/palavras\/files\/2025\/01\/prato-feito.jpg?resize=350%2C200&ssl=1 1x, https:\/\/i0.wp.com\/radames.manosso.nom.br\/palavras\/files\/2025\/01\/prato-feito.jpg?resize=525%2C300&ssl=1 1.5x"},"classes":[]},{"id":1594,"url":"https:\/\/radames.manosso.nom.br\/palavras\/comportamento\/o-pioramento-genetico-do-pit-bull\/","url_meta":{"origin":3407,"position":2},"title":"O pioramento gen\u00e9tico do pit bull","author":"Radam\u00e9s","date":false,"format":false,"excerpt":"Muitas pessoas reagem de forma brusca quando se deparam com animais potencialmente perigosos ao ser humano como aranhas, escorpi\u00f5es e cobras. Com frequ\u00eancia, o humano liquida a criatura perigosa sem pestanejar e essa f\u00faria exterminadora se estende tamb\u00e9m a animais que n\u00e3o oferecem risco como sapos, morcegos e lagartixas. Esse\u2026","rel":"","context":"Em &quot;Comportamento&quot;","block_context":{"text":"Comportamento","link":"https:\/\/radames.manosso.nom.br\/palavras\/category\/comportamento\/"},"img":{"alt_text":"","src":"https:\/\/i0.wp.com\/radames.manosso.nom.br\/palavras\/files\/2010\/02\/pit-bull-cao.jpg?resize=350%2C200&ssl=1","width":350,"height":200},"classes":[]},{"id":5459,"url":"https:\/\/radames.manosso.nom.br\/palavras\/comportamento\/datas-comemorativas-em-transformacao\/","url_meta":{"origin":3407,"position":3},"title":"Datas comemorativas em transforma\u00e7\u00e3o","author":"Radam\u00e9s","date":false,"format":false,"excerpt":"Antes da reflex\u00e3o sobre o tema, segue a tabela com 1.000+ datas comemorativas. Tabela de datas comemorativas Datas comemorativas, celebra\u00e7\u00f5es, conscientiza\u00e7\u00f5es, efem\u00e9rides. O nome correto \u00e9 dif\u00edcil de encontrar, mas segue uma lista com mais de 1.000 datas. A tabela \u00e9 filtr\u00e1vel, classific\u00e1vel e pesquis\u00e1vel. Aproveite. Reflex\u00e3o Minha colega que\u2026","rel":"","context":"Em &quot;Comportamento&quot;","block_context":{"text":"Comportamento","link":"https:\/\/radames.manosso.nom.br\/palavras\/category\/comportamento\/"},"img":{"alt_text":"","src":"","width":0,"height":0},"classes":[]},{"id":7948,"url":"https:\/\/radames.manosso.nom.br\/palavras\/comportamento\/minhas-opinioes-impopulares-sobre-alimentacao\/","url_meta":{"origin":3407,"position":4},"title":"Minhas opini\u00f5es impopulares sobre alimenta\u00e7\u00e3o","author":"Radam\u00e9s","date":false,"format":false,"excerpt":"Alimenta\u00e7\u00e3o \u00e9 uma das \u00e1reas da cultura mais reguladas. J\u00e1 tentei escrever um manual de alimenta\u00e7\u00e3o, mas percebi que ficaria mais longo que o Velho Testamento. Ent\u00e3o, resolvi listar apenas algumas ideias pol\u00eamicas sobre esse assunto intermin\u00e1vel. Aditivos S\u00e3o muitos os aditivos alimentares e n\u00e3o \u00e9 de hoje que s\u00e3o\u2026","rel":"","context":"Em &quot;Comportamento&quot;","block_context":{"text":"Comportamento","link":"https:\/\/radames.manosso.nom.br\/palavras\/category\/comportamento\/"},"img":{"alt_text":"chocolate","src":"https:\/\/i0.wp.com\/radames.manosso.nom.br\/palavras\/files\/2026\/04\/chocolate.jpg?resize=350%2C200&ssl=1","width":350,"height":200,"srcset":"https:\/\/i0.wp.com\/radames.manosso.nom.br\/palavras\/files\/2026\/04\/chocolate.jpg?resize=350%2C200&ssl=1 1x, https:\/\/i0.wp.com\/radames.manosso.nom.br\/palavras\/files\/2026\/04\/chocolate.jpg?resize=525%2C300&ssl=1 1.5x"},"classes":[]},{"id":7799,"url":"https:\/\/radames.manosso.nom.br\/palavras\/produtividade\/casa-tecnologica-aparelhos\/","url_meta":{"origin":3407,"position":5},"title":"Casa tecnol\u00f3gica &#8211; aparelhos","author":"Radam\u00e9s","date":false,"format":false,"excerpt":"Neste artigo falaremos sobre os aparelhos que comp\u00f5e uma casa tecnol\u00f3gica. \u00c1udio. Forno e fog\u00e3o Lavadora de roupa. Refrigerador. Televis\u00e3o. Videogame. Oficina. Mais aparelhos. \u00c1udio No passado, era comum encontrar nas casas de classe m\u00e9dia aparelhos de som sofisticados e caros que propiciavam uma experi\u00eancia incr\u00edvel para ouvir m\u00fasica. Com\u2026","rel":"","context":"Em &quot;Produtividade&quot;","block_context":{"text":"Produtividade","link":"https:\/\/radames.manosso.nom.br\/palavras\/category\/produtividade\/"},"img":{"alt_text":"cafeteira","src":"https:\/\/i0.wp.com\/radames.manosso.nom.br\/palavras\/files\/2025\/04\/cafeteira.jpg?resize=350%2C200&ssl=1","width":350,"height":200,"srcset":"https:\/\/i0.wp.com\/radames.manosso.nom.br\/palavras\/files\/2025\/04\/cafeteira.jpg?resize=350%2C200&ssl=1 1x, https:\/\/i0.wp.com\/radames.manosso.nom.br\/palavras\/files\/2025\/04\/cafeteira.jpg?resize=525%2C300&ssl=1 1.5x"},"classes":[]}],"jetpack_sharing_enabled":true,"_links":{"self":[{"href":"https:\/\/radames.manosso.nom.br\/palavras\/wp-json\/wp\/v2\/posts\/3407","targetHints":{"allow":["GET"]}}],"collection":[{"href":"https:\/\/radames.manosso.nom.br\/palavras\/wp-json\/wp\/v2\/posts"}],"about":[{"href":"https:\/\/radames.manosso.nom.br\/palavras\/wp-json\/wp\/v2\/types\/post"}],"author":[{"embeddable":true,"href":"https:\/\/radames.manosso.nom.br\/palavras\/wp-json\/wp\/v2\/users\/1"}],"replies":[{"embeddable":true,"href":"https:\/\/radames.manosso.nom.br\/palavras\/wp-json\/wp\/v2\/comments?post=3407"}],"version-history":[{"count":10,"href":"https:\/\/radames.manosso.nom.br\/palavras\/wp-json\/wp\/v2\/posts\/3407\/revisions"}],"predecessor-version":[{"id":7694,"href":"https:\/\/radames.manosso.nom.br\/palavras\/wp-json\/wp\/v2\/posts\/3407\/revisions\/7694"}],"wp:attachment":[{"href":"https:\/\/radames.manosso.nom.br\/palavras\/wp-json\/wp\/v2\/media?parent=3407"}],"wp:term":[{"taxonomy":"category","embeddable":true,"href":"https:\/\/radames.manosso.nom.br\/palavras\/wp-json\/wp\/v2\/categories?post=3407"},{"taxonomy":"post_tag","embeddable":true,"href":"https:\/\/radames.manosso.nom.br\/palavras\/wp-json\/wp\/v2\/tags?post=3407"}],"curies":[{"name":"wp","href":"https:\/\/api.w.org\/{rel}","templated":true}]}}