{"id":3564,"date":"2014-11-05T14:44:31","date_gmt":"2014-11-05T16:44:31","guid":{"rendered":"http:\/\/radames.manosso.nom.br\/palavras\/?p=3564"},"modified":"2021-01-09T00:03:36","modified_gmt":"2021-01-09T03:03:36","slug":"o-que-e-classe-media","status":"publish","type":"post","link":"https:\/\/radames.manosso.nom.br\/palavras\/politica\/o-que-e-classe-media\/","title":{"rendered":"O que \u00e9 a classe m\u00e9dia?"},"content":{"rendered":"\n<p>O que \u00e9 a classe m\u00e9dia, afinal? &nbsp;Nessa hora penso naquela fam\u00edlia dos comerciais de margarina em que temos um casal com dois filhos vivendo em uma casa confort\u00e1vel com todo o aparato tecnol\u00f3gico de bens. H\u00e1 um carro m\u00e9dio seminovo na garagem; os filhos estudam em escola particular e todos t\u00eam a sa\u00fade protegida por um bom plano de sa\u00fade. Com alguma frequ\u00eancia a fam\u00edlia de comercial de margarina vai ao restaurante e uma vez por ano viajam em f\u00e9rias. Ensino superior e at\u00e9 p\u00f3s-gradua\u00e7\u00e3o s\u00e3o comuns para os adultos desse grupo. Embora vaga, acredito que essa \u00e9 a imagem da classe m\u00e9dia para a maioria das pessoas. O governo federal, o mercado e os intelectuais, por\u00e9m, t\u00eam defini\u00e7\u00f5es distintas para esse segmento social.<\/p>\n\n\n\n<figure class=\"wp-block-image\"><a href=\"https:\/\/i0.wp.com\/radames.manosso.nom.br\/palavras\/files\/2014\/11\/margarine-must.jpg?ssl=1\"><img data-recalc-dims=\"1\" loading=\"lazy\" decoding=\"async\" width=\"604\" height=\"340\" data-attachment-id=\"3566\" data-permalink=\"https:\/\/radames.manosso.nom.br\/palavras\/politica\/o-que-e-classe-media\/attachment\/margarine-must\/\" data-orig-file=\"https:\/\/i0.wp.com\/radames.manosso.nom.br\/palavras\/files\/2014\/11\/margarine-must.jpg?fit=640%2C360&amp;ssl=1\" data-orig-size=\"640,360\" data-comments-opened=\"1\" data-image-meta=\"{&quot;aperture&quot;:&quot;0&quot;,&quot;credit&quot;:&quot;&quot;,&quot;camera&quot;:&quot;&quot;,&quot;caption&quot;:&quot;&quot;,&quot;created_timestamp&quot;:&quot;0&quot;,&quot;copyright&quot;:&quot;&quot;,&quot;focal_length&quot;:&quot;0&quot;,&quot;iso&quot;:&quot;0&quot;,&quot;shutter_speed&quot;:&quot;0&quot;,&quot;title&quot;:&quot;&quot;}\" data-image-title=\"Fam\u00edlia margarina\" data-image-description=\"\" data-image-caption=\"\" data-large-file=\"https:\/\/i0.wp.com\/radames.manosso.nom.br\/palavras\/files\/2014\/11\/margarine-must.jpg?fit=604%2C340&amp;ssl=1\" src=\"https:\/\/i0.wp.com\/radames.manosso.nom.br\/palavras\/files\/2014\/11\/margarine-must.jpg?resize=604%2C340&#038;ssl=1\" alt=\"Fam\u00edlia margarina\" class=\"wp-image-3566\" srcset=\"https:\/\/i0.wp.com\/radames.manosso.nom.br\/palavras\/files\/2014\/11\/margarine-must.jpg?w=640&amp;ssl=1 640w, https:\/\/i0.wp.com\/radames.manosso.nom.br\/palavras\/files\/2014\/11\/margarine-must.jpg?resize=300%2C168&amp;ssl=1 300w\" sizes=\"auto, (max-width: 604px) 100vw, 604px\" \/><\/a><\/figure>\n\n\n\n<h3 class=\"wp-block-heading\">Calcule sua classe de renda familiar<\/h3>\n\n\n\n<p>Baixe a planilha gr\u00e1tis e calcule a classe de renda da sua fam\u00edlia ou de qualquer outra.<\/p>\n\n\n\n<figure class=\"wp-block-image is-resized\"><a href=\"http:\/\/radames.manosso.nom.br\/bitabit\/planilhas\/calcule-sua-classe-de-renda-familiar-no-excel\/\"><img data-recalc-dims=\"1\" loading=\"lazy\" decoding=\"async\" src=\"https:\/\/i0.wp.com\/radames.manosso.nom.br\/ambiental\/files\/Download-Button-300x133.png?resize=171%2C76\" alt=\"Download\" class=\"wp-image-1022\" width=\"171\" height=\"76\"\/><\/a><\/figure>\n\n\n\n<!--more-->\n\n\n\n<p>Assista ao v\u00eddeo e entenda como a planilha funciona.<\/p>\n\n\n\n<figure class=\"wp-block-embed-youtube wp-block-embed is-type-rich is-provider-incorporar-manipulador wp-embed-aspect-16-9 wp-has-aspect-ratio\"><div class=\"wp-block-embed__wrapper\">\n<span class=\"embed-youtube\" style=\"text-align:center; display: block;\"><iframe loading=\"lazy\" class=\"youtube-player\" width=\"604\" height=\"340\" src=\"https:\/\/www.youtube.com\/embed\/rjHEmhtrcWU?version=3&#038;rel=1&#038;showsearch=0&#038;showinfo=1&#038;iv_load_policy=1&#038;fs=1&#038;hl=pt-BR&#038;autohide=2&#038;wmode=transparent\" allowfullscreen=\"true\" style=\"border:0;\" sandbox=\"allow-scripts allow-same-origin allow-popups allow-presentation allow-popups-to-escape-sandbox\"><\/iframe><\/span>\n<\/div><\/figure>\n\n\n\n<h3 class=\"wp-block-heading\">Crit\u00e9rio Brasil<\/h3>\n\n\n\n<p><strong>Atualizado para 2020<\/strong><\/p>\n\n\n\n<p>A ABEP (Associa\u00e7\u00e3o Brasileira de Empresas de Pesquisa) adota o Crit\u00e9rio de Classifica\u00e7\u00e3o Econ\u00f4mica Brasil, CCEP ou simplesmente Crit\u00e9rio Brasil, para classificar as fam\u00edlias por padr\u00e3o de vida. Trata-se de um sistema de pontua\u00e7\u00e3o que considera indicadores de consumo. Por esse m\u00e9todo, a classe m\u00e9dia estaria concentrada nas faixas B e C do modelo. O resumo do c\u00e1lculo pode ser visto nas tabelas abaixo.<\/p>\n\n\n\n<h4 class=\"wp-block-heading\">Pontos associados \u00e0 posse de bens<\/h4>\n\n\n\n<figure class=\"wp-block-table\"><table><tbody><tr><td><strong>Item\/Quantidade<\/strong><\/td><td>0<\/td><td>1<\/td><td>2<\/td><td>3<\/td><td>4+<\/td><\/tr><tr><td>Banheiro<\/td><td>0<\/td><td>3<\/td><td>7<\/td><td>10<\/td><td>14<\/td><\/tr><tr><td>Empregado\n  dom\u00e9stico<\/td><td>0<\/td><td>3<\/td><td>7<\/td><td>10<\/td><td>13<\/td><\/tr><tr><td>Autom\u00f3vel<\/td><td>0<\/td><td>3<\/td><td>5<\/td><td>8<\/td><td>11<\/td><\/tr><tr><td>Microcomputador<\/td><td>0<\/td><td>3<\/td><td>6<\/td><td>8<\/td><td>11<\/td><\/tr><tr><td>Lava lou\u00e7a<\/td><td>0<\/td><td>3<\/td><td>6<\/td><td>6<\/td><td>6<\/td><\/tr><tr><td>Geladeira<\/td><td>0<\/td><td>2<\/td><td>3<\/td><td>5<\/td><td>5<\/td><\/tr><tr><td>Freezer<\/td><td>0<\/td><td>2<\/td><td>4<\/td><td>6<\/td><td>6<\/td><\/tr><tr><td>Lava roupa<\/td><td>0<\/td><td>2<\/td><td>4<\/td><td>6<\/td><td>6<\/td><\/tr><tr><td>DVD player<\/td><td>0<\/td><td>1<\/td><td>3<\/td><td>4<\/td><td>6<\/td><\/tr><tr><td>Forno de\n  microondas<\/td><td>0<\/td><td>2<\/td><td>4<\/td><td>4<\/td><td>4<\/td><\/tr><tr><td>Motocicleta<\/td><td>0<\/td><td>1<\/td><td>3<\/td><td>3<\/td><td>3<\/td><\/tr><tr><td>Secadora de\n  roupa<\/td><td>0<\/td><td>2<\/td><td>2<\/td><td>2<\/td><td>2<\/td><\/tr><\/tbody><\/table><\/figure>\n\n\n\n<h4 class=\"wp-block-heading\">Pontos associados ao grau de instru\u00e7\u00e3o do chefe de fam\u00edlia<\/h4>\n\n\n\n<figure class=\"wp-block-table\"><table><tbody><tr><td><strong>Escolaridade   do(a) chefe de fam\u00edlia<\/strong><\/td><td>&nbsp;<strong>Pontos<\/strong><\/td><\/tr><tr><td>1 Analfabeto\/Fund. I\n  incompleto<\/td><td>0<\/td><\/tr><tr><td>2 Fund. I\n  completo\/Fund. II incompleto<\/td><td>1<\/td><\/tr><tr><td>3 Fund. II\n  completo\/M\u00e9dio incompleto<\/td><td>2<\/td><\/tr><tr><td>4 M\u00e9dio\n  completo\/Superior incompleto<\/td><td>4<\/td><\/tr><tr><td>5 Superior\n  completo<\/td><td>7<\/td><\/tr><\/tbody><\/table><\/figure>\n\n\n\n<h4 class=\"wp-block-heading\">Pontos associados \u00e0s condi\u00e7\u00f5es de moradia<\/h4>\n\n\n\n<figure class=\"wp-block-table\"><table><tbody><tr><td><strong>Servi\u00e7o   p\u00fablico<\/strong><\/td><td><strong>N\u00e3o<\/strong><\/td><td><strong>Sim<\/strong><\/td><\/tr><tr><td>\u00c1gua encanada<\/td><td>0<\/td><td>4<\/td><\/tr><tr><td>Rua\n  pavimentada<\/td><td>0<\/td><td>2<\/td><\/tr><\/tbody><\/table><\/figure>\n\n\n\n<p>O Crit\u00e9rio Brasil \u00e9 usado em pesquisas de mercado e n\u00e3o adota a renda como refer\u00eancia, mas indicadores de renda. A preocupa\u00e7\u00e3o maior do m\u00e9todo ABEP, no entanto, \u00e9 tra\u00e7ar perfis de consumo e, em fun\u00e7\u00e3o disso s\u00e3o selecionados os indicadores.<\/p>\n\n\n\n<h4 class=\"wp-block-heading\">Faixas de renda pelo crit\u00e9rio ABEP<\/h4>\n\n\n\n<figure class=\"wp-block-table\"><table><tbody><tr><td><strong>Classe<\/strong><\/td><td><strong>Pontos de<\/strong><\/td><td><strong>At\u00e9<\/strong><\/td><td><strong>Distribui\u00e7\u00e3o %<\/strong><\/td><td><strong>Acumulado %<\/strong><\/td><td><strong>Renda mensal m\u00e9dia<\/strong><\/td><\/tr><tr><td>A<\/td><td>45<\/td><td>100<\/td><td>2,5%<\/td><td>2,5%<\/td><td>R$ 22.717,00<\/td><\/tr><tr><td>B1<\/td><td>38<\/td><td>44<\/td><td>4,9%<\/td><td>7,4%<\/td><td>R$ 10.428,00<\/td><\/tr><tr><td>B2<\/td><td>29<\/td><td>37<\/td><td>16,4%<\/td><td>23,8%<\/td><td>R$ 5.450,00<\/td><\/tr><tr><td>C1<\/td><td>23<\/td><td>28<\/td><td>21,1%<\/td><td>44,9%<\/td><td>R$ 3.042,00<\/td><\/tr><tr><td>C2<\/td><td>17<\/td><td>22<\/td><td>26,4%<\/td><td>71,3%<\/td><td>R$ 1.806,00<\/td><\/tr><tr><td>D-E<\/td><td>0<\/td><td>16<\/td><td>28,7%<\/td><td>100,0%<\/td><td>R$ 814,00<\/td><\/tr><\/tbody><\/table><\/figure>\n\n\n\n<h3 class=\"wp-block-heading\">Governo petista<\/h3>\n\n\n\n<p>Na \u00e9poca do governo federal petista houve um esfor\u00e7o para definir formalmente a classe m\u00e9dia brasileira, iniciativa que ia de encontro ao objetivo do governo de marcar a movimenta\u00e7\u00e3o social do per\u00edodo. O governo brasileiro (petista na \u00e9poca) adotou em 2012 uma defini\u00e7\u00e3o de classe m\u00e9dia mais \u201cgenerosa\u201d ao incluir nesta faixa de renda fam\u00edlias que ultrapassaram a linha da vulnerabilidade social e que, portanto, n\u00e3o precisariam ser beneficiadas por programas sociais como o bolsa fam\u00edlia. A Secretaria de Assuntos Estrat\u00e9gicos (SAE) definia na \u00e9poca sete grupos de renda:<\/p>\n\n\n\n<figure class=\"wp-block-table aligncenter\"><table><tbody><tr><td><b>Grupo<\/b><\/td><td><b>Renda per capita R$<\/b><\/td><td><b>Renda familiar mensal R$<\/b><\/td><\/tr><tr><td>Extremamente pobre<\/td><td>At\u00e9 81<\/td><td>At\u00e9 324<\/td><\/tr><tr><td>Pobre, mas n\u00e3o extremamente pobre<\/td><td>81 a 162<\/td><td>325 a 648<\/td><\/tr><tr><td>Vulner\u00e1vel<\/td><td>163 a 291<\/td><td>649 a 1.164<\/td><\/tr><tr><td>Baixa classe m\u00e9dia<\/td><td>292 a 441<\/td><td>1165 a 1.764<\/td><\/tr><tr><td>M\u00e9dia classe m\u00e9dia<\/td><td>442 a 641<\/td><td>1.765 a 2.564<\/td><\/tr><tr><td>Alta classe m\u00e9dia<\/td><td>641 a 1.019<\/td><td>2.565 a 4.076<\/td><\/tr><tr><td>Baixa classe alta<\/td><td>1.020 a 2.480<\/td><td>4.077 a 9.920<\/td><\/tr><tr><td>Alta classe alta<\/td><td>Acima de 2.480<\/td><td>Acima de R$ 9.920<\/td><\/tr><\/tbody><\/table><\/figure>\n\n\n\n<p>No crit\u00e9rio da SAE primeiro eram consideradas as faixas mais carentes, estabelecendo valores m\u00ednimos de renda que delimitam a mis\u00e9ria e a pobreza. A classe alta \u00e9 definida como a parcela formada pelos 10% com maior renda. Por fim, a faixa de renda que est\u00e1 acima da linha de vulnerabilidade e abaixo dos 10% mais ricos \u00e9 tratada como classe m\u00e9dia.<\/p>\n\n\n\n<p>A classifica\u00e7\u00e3o da SAE tem o m\u00e9rito de mapear melhor a condi\u00e7\u00e3o das pessoas carentes, aquelas que est\u00e3o na mis\u00e9ria (extremamente pobre) ou na pobreza (pobres e vulner\u00e1veis). Tamb\u00e9m acerta ao adotar um crit\u00e9rio razo\u00e1vel para delimitar a classe alta. Outro ponto a favor do crit\u00e9rio SAE \u00e9 considerar renda per capita, pois as fam\u00edlias t\u00eam diferentes tamanhos. Na tabela que apresentamos a renda familiar se refere ao tradicional grupo de quatro pessoas.<\/p>\n\n\n\n<p>Uma das cr\u00edticas \u00e0 classifica\u00e7\u00e3o da SAE \u00e9 que ela foge \u00e0 vis\u00e3o tradicional sobre a classe m\u00e9dia. Pertencem \u00e0 classe m\u00e9dia fam\u00edlias que no senso comum ainda s\u00e3o pobres e inclui na classe alta a maior parte das fam\u00edlias que tradicionalmente reconhecemos como m\u00e9dias. Nessa nova vis\u00e3o, a fam\u00edlia do comercial de margarina faz parte da elite.<\/p>\n\n\n\n<p>A classifica\u00e7\u00e3o do governo federal da \u00e9poca tratou como classe m\u00e9dia os 50% da popula\u00e7\u00e3o que tem renda oscilando em torno da m\u00e9dia nacional. &nbsp;\u00c9 a classe m\u00e9dia real brasileira, enfim, mas est\u00e1 bem longe da classe m\u00e9dia dos sonhos. Trata-se de uma classifica\u00e7\u00e3o voltada para os interesses das pol\u00edticas p\u00fablicas do governo, tanto que n\u00e3o foi estabelecido um crit\u00e9rio de atualiza\u00e7\u00e3o da tabela ao longo do tempo.<\/p>\n\n\n\n<h3 class=\"wp-block-heading\">Renda x padr\u00e3o de vida<\/h3>\n\n\n\n<p>Boa renda n\u00e3o \u00e9 garantia de elevado padr\u00e3o de vida. Existem diferen\u00e7as de custo de vida entre regi\u00f5es e as pessoas t\u00eam acesso diferente a benef\u00edcios que n\u00e3o costumam ser computados como renda. Vamos exemplificar imaginando duas fam\u00edlias t\u00edpicas de quatro integrantes: Os Silva que vivem em uma grande capital com alto custo de vida e os Santos que vivem em uma cidade m\u00e9dia do interior.<\/p>\n\n\n\n<p>A renda bruta da fam\u00edlia Silva \u00e9 de R$ 10.000,00 por m\u00eas, dos quais mais de R$ 1.900,00 s\u00e3o retidos na fonte pelo le\u00e3o do imposto de renda. Os dois filhos do casal estudam em escola particular (R$ 750,00 de mensalidade para cada um) e a fam\u00edlia gasta mensalmente R$ 600,00 com plano de sa\u00fade. Preocupado com o futuro, o Sr. Silva gasta mais de R$ 500,00 por m\u00eas com um plano de previd\u00eancia complementar. Na grande capital o custo de vida \u00e9 alto; a presta\u00e7\u00e3o do financiamento da casa pr\u00f3pria \u00e9 salgada; uma sa\u00edda para o lazer familiar custa caro e os gastos com transporte s\u00e3o elevados.<\/p>\n\n\n\n<p>A renda bruta dos Santos que vivem no interior \u00e9 de R$ 5.000,00. O Sr. Santos entrega mais de R$ 500,00 todo m\u00eas ao le\u00e3o do imposto.&nbsp; Por sorte, a empresa do Sr. Santos subsidia um bom plano de sa\u00fade para sua fam\u00edlia e ele desembolsa apenas R$ 100,00 com o plano. Os dois filhos da fam\u00edlia Santos estudam em uma boa escola p\u00fablica, coisa rara existe no Brasil, mas que existe em algumas ilhas de excel\u00eancia. O lazer na cidade da fam\u00edlia Santos \u00e9 mais barato do que nas grandes capitais e os im\u00f3veis n\u00e3o s\u00e3o caros. Na cidade da fam\u00edlia Santos tudo fica pertinho e n\u00e3o se gasta muito em transporte.<\/p>\n\n\n\n<p>Em resumo, a renda bruta da fam\u00edlia Silva \u00e9 o dobro da fam\u00edlia Santos, mas ambas desfrutam praticamente do mesmo padr\u00e3o de vida.<\/p>\n\n\n\n<h3 class=\"wp-block-heading\">Renda mensal x renda anual<\/h3>\n\n\n\n<p>O brasileiro est\u00e1 acostumado a pensar em renda mensal. Isso funciona para quem tem um sal\u00e1rio como fonte principal de renda. Mesmo assim, acabamos esquecendo de computar os ganhos extras como 13\u00ba sal\u00e1rio, adicional de f\u00e9rias, abono de PIS, participa\u00e7\u00e3o de lucros na empresa, etc.&nbsp; Al\u00e9m disso, os assalariados costumam ter diss\u00eddio anual. Para outras modalidades de renda o valor mensal sequer faz sentido. Agricultores dependem da safra para faturar, empres\u00e1rios enfrentam sazonalidade nos seus neg\u00f3cios e por a\u00ed vai. O ganho anual \u00e9 a melhor maneira de expressar renda considerando que quase tudo na vida segue ciclo anual.<\/p>\n\n\n\n<h3 class=\"wp-block-heading\">Classe m\u00e9dia americana<\/h3>\n\n\n\n<p>Para compara\u00e7\u00e3o, veja uma classifica\u00e7\u00e3o por faixa de renda das fam\u00edlias dos Estados Unidos. L\u00e1 como aqui existem v\u00e1rias classifica\u00e7\u00f5es e selecionei uma delas dispon\u00edvel na Wikipedia. (Dados de 2015)<\/p>\n\n\n\n<figure class=\"wp-block-table\"><table><tbody><tr><td><b>Classe<\/b><\/td><td><b>Renda anual em US$<\/b><\/td><\/tr><tr><td>Classe alta (Upper class)<\/td><td>Mais que 200.000<\/td><\/tr><tr><td>Classe m\u00e9dia alta (Uper middle class)<\/td><td>62.500 a 200.000<\/td><\/tr><tr><td>Classe m\u00e9dia (Middle class)<\/td><td>32.000 a 62.500<\/td><\/tr><tr><td>Classe m\u00e9dia baixa (Lower middle class)<\/td><td>15.000 a 32.000<\/td><\/tr><tr><td>Classe baixa (Lower class)<\/td><td>Menos de 15.000<\/td><\/tr><\/tbody><\/table><\/figure>\n\n\n\n<h3 class=\"wp-block-heading\">Classifica\u00e7\u00f5es ideol\u00f3gicas<\/h3>\n\n\n\n<p>Para a fil\u00f3sofa Marilena Chau\u00ed, a classe m\u00e9dia \u00e9 uma abomina\u00e7\u00e3o. Simples assim. Nesse caso, temos uma classifica\u00e7\u00e3o que n\u00e3o \u00e9 baseada em renda, mas em perfil ideol\u00f3gico. Para a fil\u00f3sofa petista, a classe m\u00e9dia seria um grupo de pessoas de bela renda que embora n\u00e3o fa\u00e7a parte da elite, reproduz sua ideologia e tem as mesmas aspira\u00e7\u00f5es da classe imediatamente acima na hierarquia social. A vis\u00e3o de Marilena Chau\u00ed de classe m\u00e9dia de certa forma se aproxima do estere\u00f3tipo do burgu\u00eas, entidade odiada pelo esquerdismo raso e que tem como cacoetes o preconceito contra pobres, nordestinos, negros, minorias; que pratica ativamente a segrega\u00e7\u00e3o de classes; que reverencia a cultura americana; que \u00e9 conservadora em costumes e na pol\u00edtica; que vive em conforto material por conta das fun\u00e7\u00f5es que exerce na cadeia produtiva, geralmente em fun\u00e7\u00f5es de colarinho branco a servi\u00e7o dos interesses da elite.<\/p>\n\n\n\n<p>De modo geral, as abordagens sobre classe m\u00e9dia entre os pensadores de esquerda n\u00e3o s\u00e3o muito lisonjeiras, embora esses pensadores geralmente perten\u00e7am \u00e0 classe m\u00e9dia.&nbsp; A Marilena Chau\u00ed fica fora dessa conta, pois na condi\u00e7\u00e3o de professora titular da USP se enquadra na faixa de renda da classe alta brasileira. Uma an\u00e1lise isenta, por\u00e9m, nos revela que a classe m\u00e9dia antecipa tend\u00eancias.&nbsp; No passado, ela foi o suporte eleitoral que permitiu ao PT ganhar musculatura em uma \u00e9poca que os pobres n\u00e3o votavam em Lula. Atualmente, a situa\u00e7\u00e3o se inverteu: a classe m\u00e9dia, na sua maioria, abandonou o PT e, por conta disso passou a ser tratada como abomina\u00e7\u00e3o.<\/p>\n\n\n\n<h3 class=\"wp-block-heading\">Por fim<\/h3>\n\n\n\n<p>Passei minha inf\u00e2ncia e adolesc\u00eancia em uma fam\u00edlia da classe C (chamada de nova classe m\u00e9dia pela SAE). Depois de formado, passei lentamente \u00e0 condi\u00e7\u00e3o de classe m\u00e9dia remediada, o que me leva a crer que a mobilidade social j\u00e1 existe no Brasil h\u00e1 bastante tempo. Ao ver a classifica\u00e7\u00e3o da SAE para as classes sociais inicialmente fiquei euf\u00f3rico com minha ascens\u00e3o instant\u00e2nea \u00e0 classe alta, mas rapidamente farejei ali uma tentativa de dourar a realidade e conter press\u00f5es por programas sociais mais ousados. Continuo achando que sou um remediado querendo atingir o nirvana dos comerciais de margarina. N\u00e3o me sinto uma abomina\u00e7\u00e3o. Espero que mais e mais brasileiros ingressem na classe m\u00e9dia. Para isso acontecer, a\u00e7\u00f5es de governo s\u00e3o importantes, mas o que realmente faz a diferen\u00e7a \u00e9 arrega\u00e7ar as mangas e trabalhar bastante. \u00c9 o que fizeram meus pais, \u00e9 o que fazemos n\u00f3s e assim far\u00e3o meus filhos.<\/p>\n\n\n\n<h3 class=\"wp-block-heading\">Pol\u00edtica<\/h3>\n\n\n\n<ul class=\"wp-block-list\"><li><a href=\"https:\/\/radames.manosso.nom.br\/palavras\/politica\/ranking-dos-partidos-politicos-brasileiros\/\">Ranking dos partidos pol\u00edticos brasileiros<\/a><\/li><li><a href=\"https:\/\/radames.manosso.nom.br\/palavras\/politica\/trace-seu-perfil-ideologico\/\">Trace seu perfil ideol\u00f3gico<\/a><\/li><li><a href=\"https:\/\/radames.manosso.nom.br\/palavras\/politica\/qual-e-a-ideologia-de-cada-partido-brasileiro\/\">Qual \u00e9 a ideologia de cada partido brasileiro?<\/a><\/li><li><a href=\"https:\/\/radames.manosso.nom.br\/palavras\/politica\/o-valor-real-do-salario-minimo-nos-ultimos-vinte-anos\/\">O valor real do sal\u00e1rio m\u00ednimo desde o plano Real<\/a><\/li><li><a href=\"https:\/\/radames.manosso.nom.br\/palavras\/politica\/os-cargos-mais-importantes-do-brasil\/\">Os cargos mais importantes do Brasil<\/a><\/li><li><a href=\"https:\/\/radames.manosso.nom.br\/palavras\/politica\/quantos-ministros-o-brasil-precisaria\/\">Quantos ministros o Brasil precisa?<\/a><\/li><li><a href=\"https:\/\/radames.manosso.nom.br\/palavras\/politica\/o-que-e-classe-media\/\">O que \u00e9 a classe m\u00e9dia?<\/a><\/li><li><a href=\"https:\/\/radames.manosso.nom.br\/palavras\/politica\/meu-manual-de-etiqueta-politica-na-internet\/\">Meu manual de etiqueta pol\u00edtica na Internet<\/a><\/li><li><a href=\"https:\/\/radames.manosso.nom.br\/palavras\/politica\/genios-na-arte-mas-em-politica\/\">G\u00eanios na arte, asnos na pol\u00edtica<\/a><\/li><li><a href=\"https:\/\/radames.manosso.nom.br\/palavras\/politica\/o-mito-do-jornalismo-imparcial\/\">O mito do jornalismo imparcial<\/a><\/li><li><a href=\"https:\/\/radames.manosso.nom.br\/palavras\/politica\/que-fim-levaram-os-candidatos-a-presidente-da-nova-republica\/\">Que fim levaram os candidatos a presidente da Nova Rep\u00fablica?<\/a><\/li><li><a href=\"https:\/\/radames.manosso.nom.br\/palavras\/politica\/o-que-e-maioridade\/\">O que \u00e9 maioridade?<\/a><\/li><li><a href=\"https:\/\/radames.manosso.nom.br\/palavras\/politica\/propostas-impensaveis-para-o-brasil\/\">Propostas impens\u00e1veis para o Brasil<\/a><\/li><\/ul>\n","protected":false},"excerpt":{"rendered":"<p>O que \u00e9 a classe m\u00e9dia, afinal? &nbsp;Nessa hora penso naquela fam\u00edlia dos comerciais de margarina em que temos um casal com dois filhos vivendo em uma casa confort\u00e1vel com todo o aparato tecnol\u00f3gico de bens. H\u00e1 um carro m\u00e9dio seminovo na garagem; os filhos estudam em escola particular e todos t\u00eam a sa\u00fade protegida &hellip; <a href=\"https:\/\/radames.manosso.nom.br\/palavras\/politica\/o-que-e-classe-media\/\" class=\"more-link\">Continue lendo <span class=\"screen-reader-text\">O que \u00e9 a classe m\u00e9dia?<\/span> <span class=\"meta-nav\">&rarr;<\/span><\/a><\/p>\n","protected":false},"author":1,"featured_media":0,"comment_status":"open","ping_status":"closed","sticky":false,"template":"","format":"standard","meta":{"jetpack_post_was_ever_published":false,"_jetpack_newsletter_access":"","_jetpack_dont_email_post_to_subs":true,"_jetpack_newsletter_tier_id":0,"_jetpack_memberships_contains_paywalled_content":false,"_jetpack_memberships_contains_paid_content":false,"footnotes":""},"categories":[78],"tags":[236,30,237,241,194,238,240,239,136],"class_list":["post-3564","post","type-post","status-publish","format-standard","hentry","category-politica","tag-classe-media","tag-economia","tag-estatistica","tag-familia","tag-governo","tag-ibge","tag-renda","tag-sae","tag-sociedade"],"jetpack_featured_media_url":"","jetpack_shortlink":"https:\/\/wp.me\/p74VxW-Vu","jetpack-related-posts":[{"id":7514,"url":"https:\/\/radames.manosso.nom.br\/palavras\/produtividade\/os-cinco-degraus-da-independencia-financeira\/","url_meta":{"origin":3564,"position":0},"title":"Os cinco degraus da independ\u00eancia financeira","author":"Radam\u00e9s","date":false,"format":false,"excerpt":"S\u00f3 existe um tipo de independ\u00eancia: a financeira. Isto posto, vamos falar dos n\u00edveis de independ\u00eancia que podem ir desde a depend\u00eancia completa at\u00e9 a soberania que \u00e9 a meta a ser atingida. O que \u00e9 independ\u00eancia financeira Para delimitar nosso conceito de independ\u00eancia, vamos considerar algumas premissas: Fam\u00edlia de\u2026","rel":"","context":"Em &quot;Produtividade&quot;","block_context":{"text":"Produtividade","link":"https:\/\/radames.manosso.nom.br\/palavras\/category\/produtividade\/"},"img":{"alt_text":"fam\u00edlia estruturada","src":"https:\/\/i0.wp.com\/radames.manosso.nom.br\/palavras\/files\/2025\/01\/familia-estruturada.jpg?resize=350%2C200&ssl=1","width":350,"height":200,"srcset":"https:\/\/i0.wp.com\/radames.manosso.nom.br\/palavras\/files\/2025\/01\/familia-estruturada.jpg?resize=350%2C200&ssl=1 1x, https:\/\/i0.wp.com\/radames.manosso.nom.br\/palavras\/files\/2025\/01\/familia-estruturada.jpg?resize=525%2C300&ssl=1 1.5x"},"classes":[]},{"id":4378,"url":"https:\/\/radames.manosso.nom.br\/palavras\/politica\/os-cargos-mais-importantes-do-brasil\/","url_meta":{"origin":3564,"position":1},"title":"Os cargos mais importantes do Brasil","author":"Radam\u00e9s","date":false,"format":false,"excerpt":"Aqui voc\u00ea encontra os cargos que exercem influ\u00eancia decisiva nos destinos da pol\u00edtica, economia e sociedade brasileira, independente de quem os ocupa. A primeira tabela \u00e9 objetiva, ou seja, baseada em c\u00e1lculos feitos no Excel. A metodologia de c\u00e1lculo da lista objetiva considera todos os mandatos eletivos do pa\u00eds que\u2026","rel":"","context":"Em &quot;Pol\u00edtica&quot;","block_context":{"text":"Pol\u00edtica","link":"https:\/\/radames.manosso.nom.br\/palavras\/category\/politica\/"},"img":{"alt_text":"gabinete presidencial","src":"https:\/\/i0.wp.com\/radames.manosso.nom.br\/palavras\/files\/2019\/05\/gabinete-presidencial.jpg?resize=350%2C200&ssl=1","width":350,"height":200,"srcset":"https:\/\/i0.wp.com\/radames.manosso.nom.br\/palavras\/files\/2019\/05\/gabinete-presidencial.jpg?resize=350%2C200&ssl=1 1x, https:\/\/i0.wp.com\/radames.manosso.nom.br\/palavras\/files\/2019\/05\/gabinete-presidencial.jpg?resize=525%2C300&ssl=1 1.5x, https:\/\/i0.wp.com\/radames.manosso.nom.br\/palavras\/files\/2019\/05\/gabinete-presidencial.jpg?resize=700%2C400&ssl=1 2x"},"classes":[]},{"id":3100,"url":"https:\/\/radames.manosso.nom.br\/palavras\/comportamento\/quando-o-brega-se-tornar-chique\/","url_meta":{"origin":3564,"position":2},"title":"Quando o brega se tornar chique","author":"Radam\u00e9s","date":false,"format":false,"excerpt":"Todo mundo consegue dar um exemplo de m\u00fasica brega, mas explicar o que \u00e9 esse tipo de m\u00fasica n\u00e3o \u00e9 tarefa simples. Para come\u00e7ar, brega n\u00e3o \u00e9 um g\u00eanero musical, embora, seja costume\u00a0associ\u00e1-lo com ritmos populares como o sertanejo, o ax\u00e9 e, obviamente, o bolero, g\u00eanero oficial do corno. Esses\u2026","rel":"","context":"Em &quot;Comportamento&quot;","block_context":{"text":"Comportamento","link":"https:\/\/radames.manosso.nom.br\/palavras\/category\/comportamento\/"},"img":{"alt_text":"Capa de LP - Waldick Soriano","src":"https:\/\/i0.wp.com\/radames.manosso.nom.br\/palavras\/files\/2012\/11\/waldick-soriano-capa-lp-1986-e1492043699972.jpg?resize=350%2C200&ssl=1","width":350,"height":200},"classes":[]},{"id":6284,"url":"https:\/\/radames.manosso.nom.br\/palavras\/comportamento\/relogios-evolucao-tecnologias-e-usos\/","url_meta":{"origin":3564,"position":3},"title":"Rel\u00f3gios: evolu\u00e7\u00e3o, tecnologias e usos","author":"Radam\u00e9s","date":false,"format":false,"excerpt":"Vamos falar um pouco sobre a evolu\u00e7\u00e3o do rel\u00f3gio de pulso masculino. O processo come\u00e7a l\u00e1 no in\u00edcio do S\u00e9culo XX. A populariza\u00e7\u00e3o do rel\u00f3gio de pulso come\u00e7ou quando pessoas come\u00e7aram a usa-lo em condi\u00e7\u00f5es menos formais. O rel\u00f3gio Cartier Santos foi criado para atender uma necessidade do nosso inventor\u2026","rel":"","context":"Em &quot;Comportamento&quot;","block_context":{"text":"Comportamento","link":"https:\/\/radames.manosso.nom.br\/palavras\/category\/comportamento\/"},"img":{"alt_text":"Cartier-Santos","src":"https:\/\/i0.wp.com\/radames.manosso.nom.br\/palavras\/files\/2023\/01\/Cartier-Santos.jpg?resize=350%2C200&ssl=1","width":350,"height":200},"classes":[]},{"id":6288,"url":"https:\/\/radames.manosso.nom.br\/palavras\/comportamento\/marcas-de-relogio\/","url_meta":{"origin":3564,"position":4},"title":"Marcas de rel\u00f3gio","author":"Radam\u00e9s","date":false,"format":false,"excerpt":"Marcas de rel\u00f3gio agrupadas em tr\u00eas categorias segundo o pre\u00e7o m\u00e9dio dos modelos: Classe A. acima de US$ 10.000,00. Para milion\u00e1rios.Classe B. Entre US$ 1.000,00 e US$ 10.000,00. Para ricos.Classe C. Abaixo de US$ 1.000,00. Aqui temos rel\u00f3gios BBB (bom, bonito e barato) com pre\u00e7os honestos. Ilustramos com modelos destacados\u2026","rel":"","context":"Em &quot;Comportamento&quot;","block_context":{"text":"Comportamento","link":"https:\/\/radames.manosso.nom.br\/palavras\/category\/comportamento\/"},"img":{"alt_text":"A. Lange & Sohne 1 com fases da lua","src":"https:\/\/i0.wp.com\/radames.manosso.nom.br\/palavras\/files\/2023\/01\/a-lange-e-sohne-1.jpg?resize=350%2C200&ssl=1","width":350,"height":200},"classes":[]},{"id":5142,"url":"https:\/\/radames.manosso.nom.br\/palavras\/politica\/o-mito-do-jornalismo-imparcial\/","url_meta":{"origin":3564,"position":5},"title":"O mito do jornalismo imparcial","author":"Radam\u00e9s","date":false,"format":false,"excerpt":"N\u00e3o existe jornalismo imparcial, neutro, insosso, inodoro, que n\u00e3o puxa nem para um lado nem para ou outro. A ideia do jornalismo imparcial \u00e9 um del\u00edrio, talvez uma jogada de marketing para melhorar a credibilidade e a audi\u00eancia de algum grupo de m\u00eddia. A imparcialidade jornal\u00edstica \u00e9 corro\u00edda nos detalhes\u2026","rel":"","context":"Em &quot;Pol\u00edtica&quot;","block_context":{"text":"Pol\u00edtica","link":"https:\/\/radames.manosso.nom.br\/palavras\/category\/politica\/"},"img":{"alt_text":"","src":"https:\/\/i0.wp.com\/radames.manosso.nom.br\/palavras\/files\/2020\/06\/jornais-e-revistas.jpg?resize=350%2C200&ssl=1","width":350,"height":200,"srcset":"https:\/\/i0.wp.com\/radames.manosso.nom.br\/palavras\/files\/2020\/06\/jornais-e-revistas.jpg?resize=350%2C200&ssl=1 1x, https:\/\/i0.wp.com\/radames.manosso.nom.br\/palavras\/files\/2020\/06\/jornais-e-revistas.jpg?resize=525%2C300&ssl=1 1.5x, https:\/\/i0.wp.com\/radames.manosso.nom.br\/palavras\/files\/2020\/06\/jornais-e-revistas.jpg?resize=700%2C400&ssl=1 2x"},"classes":[]}],"jetpack_sharing_enabled":true,"_links":{"self":[{"href":"https:\/\/radames.manosso.nom.br\/palavras\/wp-json\/wp\/v2\/posts\/3564","targetHints":{"allow":["GET"]}}],"collection":[{"href":"https:\/\/radames.manosso.nom.br\/palavras\/wp-json\/wp\/v2\/posts"}],"about":[{"href":"https:\/\/radames.manosso.nom.br\/palavras\/wp-json\/wp\/v2\/types\/post"}],"author":[{"embeddable":true,"href":"https:\/\/radames.manosso.nom.br\/palavras\/wp-json\/wp\/v2\/users\/1"}],"replies":[{"embeddable":true,"href":"https:\/\/radames.manosso.nom.br\/palavras\/wp-json\/wp\/v2\/comments?post=3564"}],"version-history":[{"count":16,"href":"https:\/\/radames.manosso.nom.br\/palavras\/wp-json\/wp\/v2\/posts\/3564\/revisions"}],"predecessor-version":[{"id":5535,"href":"https:\/\/radames.manosso.nom.br\/palavras\/wp-json\/wp\/v2\/posts\/3564\/revisions\/5535"}],"wp:attachment":[{"href":"https:\/\/radames.manosso.nom.br\/palavras\/wp-json\/wp\/v2\/media?parent=3564"}],"wp:term":[{"taxonomy":"category","embeddable":true,"href":"https:\/\/radames.manosso.nom.br\/palavras\/wp-json\/wp\/v2\/categories?post=3564"},{"taxonomy":"post_tag","embeddable":true,"href":"https:\/\/radames.manosso.nom.br\/palavras\/wp-json\/wp\/v2\/tags?post=3564"}],"curies":[{"name":"wp","href":"https:\/\/api.w.org\/{rel}","templated":true}]}}